{"id":54855,"date":"2018-10-16T09:00:41","date_gmt":"2018-10-16T12:00:41","guid":{"rendered":"http:\/\/patagoniambiental.com.ar\/info\/?p=54855"},"modified":"2018-10-16T08:56:56","modified_gmt":"2018-10-16T11:56:56","slug":"chernobil-estrenan-una-planta-solar-tres-decadas-despues-del-accidente-nuclear","status":"publish","type":"post","link":"https:\/\/patagoniambiental.com.ar\/info\/chernobil-estrenan-una-planta-solar-tres-decadas-despues-del-accidente-nuclear\/","title":{"rendered":"Chern\u00f3bil: Estrenan una planta solar tres d\u00e9cadas despu\u00e9s del accidente nuclear"},"content":{"rendered":"<div class=\"row fondo\">\n<div class=\"medium-12 columns\">Ucrania inaugur\u00f3 una planta de energ\u00eda solar en la localidad de Chern\u00f3bil, que a\u00fan se resiente del peor accidente nuclear de la Historia, ocurrido ya hace m\u00e1s de tres d\u00e9cadas.<\/p>\n<p>Una prueba rutinaria realizada el 26 de 1986 en el reactor cuatro form\u00f3 nubes radiactivas que provocaron la muerte de 31 trabajadores y bomberos, mientras que miles sucumbieron despu\u00e9s a enfermedades relacionadas con la radiaci\u00f3n, como el c\u00e1ncer.<\/p>\n<p>La central nuclear permanece encerrada en un sarc\u00f3fago gigante para contener las emisiones radiactivas, aunque la zona sigue deshabitada, visitada solamente por turistas a quienes dirigen unos gu\u00edas pertrechados con medidores de radiaci\u00f3n.<\/p>\n<p>En el primer intento de reactivar Chern\u00f3bil, se ha construido una planta de energ\u00eda solar constituida por 3.800 paneles con capacidad para abastecer a 2 mil apartamentos.<\/p>\n<p>Es la primera vez que el lugar se usa para la generaci\u00f3n de energ\u00eda desde el a\u00f1o 2000, cuando los remanentes de la central nuclear de Chern\u00f3bil fueron cerrados.<\/p><\/div>\n<div><\/div>\n<\/div>\n<div class=\"small-9 medium-2 columns text-left\">Fuente:\u00a0http:\/\/noticiasambientales.com.ar\/es\/ciencia\/chernobil-estrenan-una-planta-solar-tres-decadas-despues-del-accidente-nuclear<\/div>\n","protected":false},"excerpt":{"rendered":"<p>Ucrania inaugur\u00f3 una planta de energ\u00eda solar en la localidad de Chern\u00f3bil, que a\u00fan se resiente del peor accidente nuclear [&hellip;]<\/p>\n","protected":false},"author":2,"featured_media":54856,"comment_status":"open","ping_status":"open","sticky":false,"template":"","format":"standard","meta":{"site-sidebar-layout":"default","site-content-layout":"","ast-site-content-layout":"default","site-content-style":"default","site-sidebar-style":"default","ast-global-header-display":"","ast-banner-title-visibility":"","ast-main-header-display":"","ast-hfb-above-header-display":"","ast-hfb-below-header-display":"","ast-hfb-mobile-header-display":"","site-post-title":"","ast-breadcrumbs-content":"","ast-featured-img":"","footer-sml-layout":"","ast-disable-related-posts":"","theme-transparent-header-meta":"","adv-header-id-meta":"","stick-header-meta":"","header-above-stick-meta":"","header-main-stick-meta":"","header-below-stick-meta":"","astra-migrate-meta-layouts":"default","ast-page-background-enabled":"default","ast-page-background-meta":{"desktop":{"background-color":"var(--ast-global-color-5)","background-image":"","background-repeat":"repeat","background-position":"center center","background-size":"auto","background-attachment":"scroll","background-type":"","background-media":"","overlay-type":"","overlay-color":"","overlay-opacity":"","overlay-gradient":""},"tablet":{"background-color":"","background-image":"","background-repeat":"repeat","background-position":"center center","background-size":"auto","background-attachment":"scroll","background-type":"","background-media":"","overlay-type":"","overlay-color":"","overlay-opacity":"","overlay-gradient":""},"mobile":{"background-color":"","background-image":"","background-repeat":"repeat","background-position":"center center","background-size":"auto","background-attachment":"scroll","background-type":"","background-media":"","overlay-type":"","overlay-color":"","overlay-opacity":"","overlay-gradient":""}},"ast-content-background-meta":{"desktop":{"background-color":"var(--ast-global-color-4)","background-image":"","background-repeat":"repeat","background-position":"center center","background-size":"auto","background-attachment":"scroll","background-type":"","background-media":"","overlay-type":"","overlay-color":"","overlay-opacity":"","overlay-gradient":""},"tablet":{"background-color":"var(--ast-global-color-4)","background-image":"","background-repeat":"repeat","background-position":"center center","background-size":"auto","background-attachment":"scroll","background-type":"","background-media":"","overlay-type":"","overlay-color":"","overlay-opacity":"","overlay-gradient":""},"mobile":{"background-color":"var(--ast-global-color-4)","background-image":"","background-repeat":"repeat","background-position":"center center","background-size":"auto","background-attachment":"scroll","background-type":"","background-media":"","overlay-type":"","overlay-color":"","overlay-opacity":"","overlay-gradient":""}},"footnotes":""},"categories":[11,23,1],"tags":[],"class_list":["post-54855","post","type-post","status-publish","format-standard","has-post-thumbnail","hentry","category-boletin","category-internacionales","category-noticias"],"yoast_head":"<!-- This site is optimized with the Yoast SEO Premium plugin v23.0 (Yoast SEO v27.4) - https:\/\/yoast.com\/product\/yoast-seo-premium-wordpress\/ -->\n<title>Chern\u00f3bil: Estrenan una planta solar tres d\u00e9cadas despu\u00e9s del accidente nuclear<\/title>\n<meta name=\"robots\" content=\"index, follow, max-snippet:-1, max-image-preview:large, max-video-preview:-1\" \/>\n<link rel=\"canonical\" href=\"https:\/\/patagoniambiental.com.ar\/info\/chernobil-estrenan-una-planta-solar-tres-decadas-despues-del-accidente-nuclear\/\" \/>\n<meta property=\"og:locale\" content=\"es_ES\" \/>\n<meta property=\"og:type\" content=\"article\" \/>\n<meta property=\"og:title\" content=\"Chern\u00f3bil: Estrenan una planta solar tres d\u00e9cadas despu\u00e9s del accidente nuclear\" \/>\n<meta property=\"og:description\" content=\"Ucrania inaugur\u00f3 una planta de energ\u00eda solar en la localidad de Chern\u00f3bil, que a\u00fan se resiente del peor accidente nuclear [&hellip;]\" \/>\n<meta property=\"og:url\" content=\"https:\/\/patagoniambiental.com.ar\/info\/chernobil-estrenan-una-planta-solar-tres-decadas-despues-del-accidente-nuclear\/\" \/>\n<meta property=\"og:site_name\" content=\"Patagonia Ambiental\" \/>\n<meta property=\"article:publisher\" content=\"https:\/\/www.facebook.com\/patagonia.ambiental\" \/>\n<meta property=\"article:author\" content=\"https:\/\/www.facebook.com\/share\/1C1V8Gv9BX\/?mibextid=qi2Omg\" \/>\n<meta property=\"article:published_time\" content=\"2018-10-16T12:00:41+00:00\" \/>\n<meta property=\"og:image\" content=\"https:\/\/patagoniambiental.com.ar\/info\/wp-content\/uploads\/2018\/10\/chernobil.jpg\" \/>\n\t<meta property=\"og:image:width\" content=\"711\" \/>\n\t<meta property=\"og:image:height\" content=\"450\" \/>\n\t<meta property=\"og:image:type\" content=\"image\/jpeg\" \/>\n<meta name=\"author\" content=\"Patagonia Ambiental\" \/>\n<meta name=\"twitter:card\" content=\"summary_large_image\" \/>\n<meta name=\"twitter:creator\" content=\"@PatAmb\" \/>\n<meta name=\"twitter:site\" content=\"@PatAmb\" \/>\n<script type=\"application\/ld+json\" class=\"yoast-schema-graph\">{\"@context\":\"https:\\\/\\\/schema.org\",\"@graph\":[{\"@type\":\"Article\",\"@id\":\"https:\\\/\\\/patagoniambiental.com.ar\\\/info\\\/chernobil-estrenan-una-planta-solar-tres-decadas-despues-del-accidente-nuclear\\\/#article\",\"isPartOf\":{\"@id\":\"https:\\\/\\\/patagoniambiental.com.ar\\\/info\\\/chernobil-estrenan-una-planta-solar-tres-decadas-despues-del-accidente-nuclear\\\/\"},\"author\":{\"name\":\"Patagonia Ambiental\",\"@id\":\"https:\\\/\\\/patagoniambiental.com.ar\\\/info\\\/#\\\/schema\\\/person\\\/db12bff64bbcbf6a253710bf0ea37b5d\"},\"headline\":\"Chern\u00f3bil: Estrenan una planta solar tres d\u00e9cadas despu\u00e9s del accidente nuclear\",\"datePublished\":\"2018-10-16T12:00:41+00:00\",\"mainEntityOfPage\":{\"@id\":\"https:\\\/\\\/patagoniambiental.com.ar\\\/info\\\/chernobil-estrenan-una-planta-solar-tres-decadas-despues-del-accidente-nuclear\\\/\"},\"wordCount\":190,\"commentCount\":0,\"publisher\":{\"@id\":\"https:\\\/\\\/patagoniambiental.com.ar\\\/info\\\/#organization\"},\"image\":{\"@id\":\"https:\\\/\\\/patagoniambiental.com.ar\\\/info\\\/chernobil-estrenan-una-planta-solar-tres-decadas-despues-del-accidente-nuclear\\\/#primaryimage\"},\"thumbnailUrl\":\"https:\\\/\\\/patagoniambiental.com.ar\\\/info\\\/wp-content\\\/uploads\\\/2018\\\/10\\\/chernobil.jpg\",\"articleSection\":[\"Bolet\u00edn\",\"Internacionales\",\"Noticias\"],\"inLanguage\":\"es\",\"potentialAction\":[{\"@type\":\"CommentAction\",\"name\":\"Comment\",\"target\":[\"https:\\\/\\\/patagoniambiental.com.ar\\\/info\\\/chernobil-estrenan-una-planta-solar-tres-decadas-despues-del-accidente-nuclear\\\/#respond\"]}]},{\"@type\":\"WebPage\",\"@id\":\"https:\\\/\\\/patagoniambiental.com.ar\\\/info\\\/chernobil-estrenan-una-planta-solar-tres-decadas-despues-del-accidente-nuclear\\\/\",\"url\":\"https:\\\/\\\/patagoniambiental.com.ar\\\/info\\\/chernobil-estrenan-una-planta-solar-tres-decadas-despues-del-accidente-nuclear\\\/\",\"name\":\"Chern\u00f3bil: Estrenan una planta solar tres d\u00e9cadas despu\u00e9s del accidente nuclear\",\"isPartOf\":{\"@id\":\"https:\\\/\\\/patagoniambiental.com.ar\\\/info\\\/#website\"},\"primaryImageOfPage\":{\"@id\":\"https:\\\/\\\/patagoniambiental.com.ar\\\/info\\\/chernobil-estrenan-una-planta-solar-tres-decadas-despues-del-accidente-nuclear\\\/#primaryimage\"},\"image\":{\"@id\":\"https:\\\/\\\/patagoniambiental.com.ar\\\/info\\\/chernobil-estrenan-una-planta-solar-tres-decadas-despues-del-accidente-nuclear\\\/#primaryimage\"},\"thumbnailUrl\":\"https:\\\/\\\/patagoniambiental.com.ar\\\/info\\\/wp-content\\\/uploads\\\/2018\\\/10\\\/chernobil.jpg\",\"datePublished\":\"2018-10-16T12:00:41+00:00\",\"breadcrumb\":{\"@id\":\"https:\\\/\\\/patagoniambiental.com.ar\\\/info\\\/chernobil-estrenan-una-planta-solar-tres-decadas-despues-del-accidente-nuclear\\\/#breadcrumb\"},\"inLanguage\":\"es\",\"potentialAction\":[{\"@type\":\"ReadAction\",\"target\":[\"https:\\\/\\\/patagoniambiental.com.ar\\\/info\\\/chernobil-estrenan-una-planta-solar-tres-decadas-despues-del-accidente-nuclear\\\/\"]}]},{\"@type\":\"ImageObject\",\"inLanguage\":\"es\",\"@id\":\"https:\\\/\\\/patagoniambiental.com.ar\\\/info\\\/chernobil-estrenan-una-planta-solar-tres-decadas-despues-del-accidente-nuclear\\\/#primaryimage\",\"url\":\"https:\\\/\\\/patagoniambiental.com.ar\\\/info\\\/wp-content\\\/uploads\\\/2018\\\/10\\\/chernobil.jpg\",\"contentUrl\":\"https:\\\/\\\/patagoniambiental.com.ar\\\/info\\\/wp-content\\\/uploads\\\/2018\\\/10\\\/chernobil.jpg\",\"width\":711,\"height\":450},{\"@type\":\"BreadcrumbList\",\"@id\":\"https:\\\/\\\/patagoniambiental.com.ar\\\/info\\\/chernobil-estrenan-una-planta-solar-tres-decadas-despues-del-accidente-nuclear\\\/#breadcrumb\",\"itemListElement\":[{\"@type\":\"ListItem\",\"position\":1,\"name\":\"Inicio\",\"item\":\"https:\\\/\\\/patagoniambiental.com.ar\\\/info\\\/\"},{\"@type\":\"ListItem\",\"position\":2,\"name\":\"Chern\u00f3bil: Estrenan una planta solar tres d\u00e9cadas despu\u00e9s del accidente nuclear\"}]},{\"@type\":\"WebSite\",\"@id\":\"https:\\\/\\\/patagoniambiental.com.ar\\\/info\\\/#website\",\"url\":\"https:\\\/\\\/patagoniambiental.com.ar\\\/info\\\/\",\"name\":\"Patagonia Ambiental\",\"description\":\"Monitoreo y an\u00e1lisis de la situaci\u00f3n geopol\u00edtica en el mundo y su implicancia en la Patagonia\",\"publisher\":{\"@id\":\"https:\\\/\\\/patagoniambiental.com.ar\\\/info\\\/#organization\"},\"potentialAction\":[{\"@type\":\"SearchAction\",\"target\":{\"@type\":\"EntryPoint\",\"urlTemplate\":\"https:\\\/\\\/patagoniambiental.com.ar\\\/info\\\/?s={search_term_string}\"},\"query-input\":{\"@type\":\"PropertyValueSpecification\",\"valueRequired\":true,\"valueName\":\"search_term_string\"}}],\"inLanguage\":\"es\"},{\"@type\":\"Organization\",\"@id\":\"https:\\\/\\\/patagoniambiental.com.ar\\\/info\\\/#organization\",\"name\":\"Patagonia Ambiental\",\"url\":\"https:\\\/\\\/patagoniambiental.com.ar\\\/info\\\/\",\"logo\":{\"@type\":\"ImageObject\",\"inLanguage\":\"es\",\"@id\":\"https:\\\/\\\/patagoniambiental.com.ar\\\/info\\\/#\\\/schema\\\/logo\\\/image\\\/\",\"url\":\"https:\\\/\\\/patagoniambiental.com.ar\\\/info\\\/wp-content\\\/uploads\\\/2025\\\/05\\\/LOGO-PATAGONIA-AMBIENTAL.png\",\"contentUrl\":\"https:\\\/\\\/patagoniambiental.com.ar\\\/info\\\/wp-content\\\/uploads\\\/2025\\\/05\\\/LOGO-PATAGONIA-AMBIENTAL.png\",\"width\":433,\"height\":250,\"caption\":\"Patagonia Ambiental\"},\"image\":{\"@id\":\"https:\\\/\\\/patagoniambiental.com.ar\\\/info\\\/#\\\/schema\\\/logo\\\/image\\\/\"},\"sameAs\":[\"https:\\\/\\\/www.facebook.com\\\/patagonia.ambiental\",\"https:\\\/\\\/x.com\\\/PatAmb\"]},{\"@type\":\"Person\",\"@id\":\"https:\\\/\\\/patagoniambiental.com.ar\\\/info\\\/#\\\/schema\\\/person\\\/db12bff64bbcbf6a253710bf0ea37b5d\",\"name\":\"Patagonia Ambiental\",\"description\":\"Andr\u00e9s Nievas T\u00e9cnico en manejo ambiental, consultor Ambiental y escritor para medios locales e internacionales sobre temas de geopolitica y medio ambiente.\",\"sameAs\":[\"http:\\\/\\\/www.patagoniambiental.com.ar\",\"https:\\\/\\\/www.facebook.com\\\/share\\\/1C1V8Gv9BX\\\/?mibextid=qi2Omg\",\"@patagoniambiental\",\"https:\\\/\\\/youtube.com\\\/@patagoniaambiental2023?si=BLt58t0wuXquxlYZ\"]}]}<\/script>\n<!-- \/ Yoast SEO Premium plugin. -->","yoast_head_json":{"title":"Chern\u00f3bil: Estrenan una planta solar tres d\u00e9cadas despu\u00e9s del accidente nuclear","robots":{"index":"index","follow":"follow","max-snippet":"max-snippet:-1","max-image-preview":"max-image-preview:large","max-video-preview":"max-video-preview:-1"},"canonical":"https:\/\/patagoniambiental.com.ar\/info\/chernobil-estrenan-una-planta-solar-tres-decadas-despues-del-accidente-nuclear\/","og_locale":"es_ES","og_type":"article","og_title":"Chern\u00f3bil: Estrenan una planta solar tres d\u00e9cadas despu\u00e9s del accidente nuclear","og_description":"Ucrania inaugur\u00f3 una planta de energ\u00eda solar en la localidad de Chern\u00f3bil, que a\u00fan se resiente del peor accidente nuclear [&hellip;]","og_url":"https:\/\/patagoniambiental.com.ar\/info\/chernobil-estrenan-una-planta-solar-tres-decadas-despues-del-accidente-nuclear\/","og_site_name":"Patagonia Ambiental","article_publisher":"https:\/\/www.facebook.com\/patagonia.ambiental","article_author":"https:\/\/www.facebook.com\/share\/1C1V8Gv9BX\/?mibextid=qi2Omg","article_published_time":"2018-10-16T12:00:41+00:00","og_image":[{"width":711,"height":450,"url":"https:\/\/patagoniambiental.com.ar\/info\/wp-content\/uploads\/2018\/10\/chernobil.jpg","type":"image\/jpeg"}],"author":"Patagonia Ambiental","twitter_card":"summary_large_image","twitter_creator":"@PatAmb","twitter_site":"@PatAmb","schema":{"@context":"https:\/\/schema.org","@graph":[{"@type":"Article","@id":"https:\/\/patagoniambiental.com.ar\/info\/chernobil-estrenan-una-planta-solar-tres-decadas-despues-del-accidente-nuclear\/#article","isPartOf":{"@id":"https:\/\/patagoniambiental.com.ar\/info\/chernobil-estrenan-una-planta-solar-tres-decadas-despues-del-accidente-nuclear\/"},"author":{"name":"Patagonia Ambiental","@id":"https:\/\/patagoniambiental.com.ar\/info\/#\/schema\/person\/db12bff64bbcbf6a253710bf0ea37b5d"},"headline":"Chern\u00f3bil: Estrenan una planta solar tres d\u00e9cadas despu\u00e9s del accidente nuclear","datePublished":"2018-10-16T12:00:41+00:00","mainEntityOfPage":{"@id":"https:\/\/patagoniambiental.com.ar\/info\/chernobil-estrenan-una-planta-solar-tres-decadas-despues-del-accidente-nuclear\/"},"wordCount":190,"commentCount":0,"publisher":{"@id":"https:\/\/patagoniambiental.com.ar\/info\/#organization"},"image":{"@id":"https:\/\/patagoniambiental.com.ar\/info\/chernobil-estrenan-una-planta-solar-tres-decadas-despues-del-accidente-nuclear\/#primaryimage"},"thumbnailUrl":"https:\/\/patagoniambiental.com.ar\/info\/wp-content\/uploads\/2018\/10\/chernobil.jpg","articleSection":["Bolet\u00edn","Internacionales","Noticias"],"inLanguage":"es","potentialAction":[{"@type":"CommentAction","name":"Comment","target":["https:\/\/patagoniambiental.com.ar\/info\/chernobil-estrenan-una-planta-solar-tres-decadas-despues-del-accidente-nuclear\/#respond"]}]},{"@type":"WebPage","@id":"https:\/\/patagoniambiental.com.ar\/info\/chernobil-estrenan-una-planta-solar-tres-decadas-despues-del-accidente-nuclear\/","url":"https:\/\/patagoniambiental.com.ar\/info\/chernobil-estrenan-una-planta-solar-tres-decadas-despues-del-accidente-nuclear\/","name":"Chern\u00f3bil: Estrenan una planta solar tres d\u00e9cadas despu\u00e9s del accidente nuclear","isPartOf":{"@id":"https:\/\/patagoniambiental.com.ar\/info\/#website"},"primaryImageOfPage":{"@id":"https:\/\/patagoniambiental.com.ar\/info\/chernobil-estrenan-una-planta-solar-tres-decadas-despues-del-accidente-nuclear\/#primaryimage"},"image":{"@id":"https:\/\/patagoniambiental.com.ar\/info\/chernobil-estrenan-una-planta-solar-tres-decadas-despues-del-accidente-nuclear\/#primaryimage"},"thumbnailUrl":"https:\/\/patagoniambiental.com.ar\/info\/wp-content\/uploads\/2018\/10\/chernobil.jpg","datePublished":"2018-10-16T12:00:41+00:00","breadcrumb":{"@id":"https:\/\/patagoniambiental.com.ar\/info\/chernobil-estrenan-una-planta-solar-tres-decadas-despues-del-accidente-nuclear\/#breadcrumb"},"inLanguage":"es","potentialAction":[{"@type":"ReadAction","target":["https:\/\/patagoniambiental.com.ar\/info\/chernobil-estrenan-una-planta-solar-tres-decadas-despues-del-accidente-nuclear\/"]}]},{"@type":"ImageObject","inLanguage":"es","@id":"https:\/\/patagoniambiental.com.ar\/info\/chernobil-estrenan-una-planta-solar-tres-decadas-despues-del-accidente-nuclear\/#primaryimage","url":"https:\/\/patagoniambiental.com.ar\/info\/wp-content\/uploads\/2018\/10\/chernobil.jpg","contentUrl":"https:\/\/patagoniambiental.com.ar\/info\/wp-content\/uploads\/2018\/10\/chernobil.jpg","width":711,"height":450},{"@type":"BreadcrumbList","@id":"https:\/\/patagoniambiental.com.ar\/info\/chernobil-estrenan-una-planta-solar-tres-decadas-despues-del-accidente-nuclear\/#breadcrumb","itemListElement":[{"@type":"ListItem","position":1,"name":"Inicio","item":"https:\/\/patagoniambiental.com.ar\/info\/"},{"@type":"ListItem","position":2,"name":"Chern\u00f3bil: Estrenan una planta solar tres d\u00e9cadas despu\u00e9s del accidente nuclear"}]},{"@type":"WebSite","@id":"https:\/\/patagoniambiental.com.ar\/info\/#website","url":"https:\/\/patagoniambiental.com.ar\/info\/","name":"Patagonia Ambiental","description":"Monitoreo y an\u00e1lisis de la situaci\u00f3n geopol\u00edtica en el mundo y su implicancia en la Patagonia","publisher":{"@id":"https:\/\/patagoniambiental.com.ar\/info\/#organization"},"potentialAction":[{"@type":"SearchAction","target":{"@type":"EntryPoint","urlTemplate":"https:\/\/patagoniambiental.com.ar\/info\/?s={search_term_string}"},"query-input":{"@type":"PropertyValueSpecification","valueRequired":true,"valueName":"search_term_string"}}],"inLanguage":"es"},{"@type":"Organization","@id":"https:\/\/patagoniambiental.com.ar\/info\/#organization","name":"Patagonia Ambiental","url":"https:\/\/patagoniambiental.com.ar\/info\/","logo":{"@type":"ImageObject","inLanguage":"es","@id":"https:\/\/patagoniambiental.com.ar\/info\/#\/schema\/logo\/image\/","url":"https:\/\/patagoniambiental.com.ar\/info\/wp-content\/uploads\/2025\/05\/LOGO-PATAGONIA-AMBIENTAL.png","contentUrl":"https:\/\/patagoniambiental.com.ar\/info\/wp-content\/uploads\/2025\/05\/LOGO-PATAGONIA-AMBIENTAL.png","width":433,"height":250,"caption":"Patagonia Ambiental"},"image":{"@id":"https:\/\/patagoniambiental.com.ar\/info\/#\/schema\/logo\/image\/"},"sameAs":["https:\/\/www.facebook.com\/patagonia.ambiental","https:\/\/x.com\/PatAmb"]},{"@type":"Person","@id":"https:\/\/patagoniambiental.com.ar\/info\/#\/schema\/person\/db12bff64bbcbf6a253710bf0ea37b5d","name":"Patagonia Ambiental","description":"Andr\u00e9s Nievas T\u00e9cnico en manejo ambiental, consultor Ambiental y escritor para medios locales e internacionales sobre temas de geopolitica y medio ambiente.","sameAs":["http:\/\/www.patagoniambiental.com.ar","https:\/\/www.facebook.com\/share\/1C1V8Gv9BX\/?mibextid=qi2Omg","@patagoniambiental","https:\/\/youtube.com\/@patagoniaambiental2023?si=BLt58t0wuXquxlYZ"]}]}},"_links":{"self":[{"href":"https:\/\/patagoniambiental.com.ar\/info\/wp-json\/wp\/v2\/posts\/54855","targetHints":{"allow":["GET"]}}],"collection":[{"href":"https:\/\/patagoniambiental.com.ar\/info\/wp-json\/wp\/v2\/posts"}],"about":[{"href":"https:\/\/patagoniambiental.com.ar\/info\/wp-json\/wp\/v2\/types\/post"}],"author":[{"embeddable":true,"href":"https:\/\/patagoniambiental.com.ar\/info\/wp-json\/wp\/v2\/users\/2"}],"replies":[{"embeddable":true,"href":"https:\/\/patagoniambiental.com.ar\/info\/wp-json\/wp\/v2\/comments?post=54855"}],"version-history":[{"count":0,"href":"https:\/\/patagoniambiental.com.ar\/info\/wp-json\/wp\/v2\/posts\/54855\/revisions"}],"wp:featuredmedia":[{"embeddable":true,"href":"https:\/\/patagoniambiental.com.ar\/info\/wp-json\/wp\/v2\/media\/54856"}],"wp:attachment":[{"href":"https:\/\/patagoniambiental.com.ar\/info\/wp-json\/wp\/v2\/media?parent=54855"}],"wp:term":[{"taxonomy":"category","embeddable":true,"href":"https:\/\/patagoniambiental.com.ar\/info\/wp-json\/wp\/v2\/categories?post=54855"},{"taxonomy":"post_tag","embeddable":true,"href":"https:\/\/patagoniambiental.com.ar\/info\/wp-json\/wp\/v2\/tags?post=54855"}],"curies":[{"name":"wp","href":"https:\/\/api.w.org\/{rel}","templated":true}]}}