{"id":55009,"date":"2018-10-18T09:00:45","date_gmt":"2018-10-18T12:00:45","guid":{"rendered":"http:\/\/patagoniambiental.com.ar\/info\/?p=55009"},"modified":"2018-10-17T17:15:45","modified_gmt":"2018-10-17T20:15:45","slug":"chubut-macri-y-arcioni-inauguraron-el-parque-eolico-manantiales-behr","status":"publish","type":"post","link":"https:\/\/patagoniambiental.com.ar\/info\/chubut-macri-y-arcioni-inauguraron-el-parque-eolico-manantiales-behr\/","title":{"rendered":"Chubut: Macri y Arcioni inauguraron el parque E\u00f3lico Manantiales Behr"},"content":{"rendered":"<p>CHUBUT.- Macri arrib\u00f3 al Aeropuerto General Mosconi de Comodoro Rivadavia alrededor de las 11 de la ma\u00f1ana con el subsecretario de Energ\u00eda Renovable, Sebasti\u00e1n Kind y otros funcionarios del Gobierno Nacional.<\/p>\n<p>Desde all\u00ed, junto al Gobernador Arcioni y el presidente de YFP, Miguel \u00c1ngel Guti\u00e9rrez, se traslad\u00f3 en helic\u00f3ptero hasta el Parque E\u00f3lico y realiz\u00f3 una recorrida por algunos de los molinos instalados en el predio de 2.000 hect\u00e1reas de superficie, ubicadas en un yacimiento con m\u00e1s de 80 a\u00f1os en producci\u00f3n de petr\u00f3leo y gas.<\/p>\n<p>Con una inversi\u00f3n de 200 millones de d\u00f3lares, la obra contempla la puesta en funcionamiento de 30 aerogeneradores y 2 estaciones transformadoras que abastecer\u00e1n de energ\u00eda a 130.000 hogares.<\/p>\n<p>&nbsp;<\/p>\n<p><strong>POTENCIA ENERG\u00c9TICA<\/strong><\/p>\n<p>El presidente Mauricio Macri destac\u00f3 la magnitud de la obra inaugurada y felicit\u00f3 a YPF \u201cporque esta energ\u00eda limpia contribuye a ese modelo de pa\u00eds sustentable y de ac\u00e1 sale energ\u00eda para abastecer a 130 mil hogares\u201d.<\/p>\n<p>Manifest\u00f3 que esta obra \u201cnos est\u00e1 demostrando que la energ\u00eda renovable es una gran oportunidad\u201d y agreg\u00f3 que se suma \u201ca la energ\u00eda convencional, en la que Chubut siempre ha sido protagonista\u201d. Indic\u00f3 que \u201csi seguimos en este camino vamos a convertirnos en una potencia energ\u00e9tica a nivel mundial\u201d.<\/p>\n<p>En su discurso tambi\u00e9n revel\u00f3 que \u201cen pocos d\u00edas hay vamos a estar inaugurando el Aeropuerto de Comodoro Rivadavia, el m\u00e1s moderno de la Patagonia y el primero sustentable, va a consumir un tercio de energ\u00eda que consumen los dem\u00e1s aeropuertos y la mitad del agua\u201d.<\/p>\n<p>Con este nuevo parque \u201cqueda ratificado que nuestra provincia es el motor energ\u00e9tico del pa\u00eds\u201d, remarc\u00f3 Arcioni en un discurso que pronunci\u00f3 ante intendentes, funcionarios nacionales, provinciales, representantes de YPF Luz y trabajadores de la planta.<\/p>\n<p><img decoding=\"async\" src=\"http:\/\/pxb.cdn.elchubut.com.ar\/chubut\/102018\/1539793509161.jpg\" \/><\/p>\n<p><strong>PARQUE SENADOR \u00abMARCELO GUINLE\u00bb<\/strong><\/p>\n<p>En otro tramo de su discurso, Arcioni se refiri\u00f3 a la solicitud presentada por el senador Juan Mario Pais en el Senado de Naci\u00f3n \u201cy que tuvo el apoyo un\u00e1nime, de poner el nombre a este Parque del senador Marcelo Guinle\u201d.<\/p>\n<p>Record\u00f3 que Guinle \u201cfue promotor de esta ley de Energ\u00eda Renovable, por la cual hoy vislumbramos una reconversi\u00f3n en los paradigmas energ\u00e9ticos. Gracias a esa ley tenemos cerca de 70 emprendimientos de parques e\u00f3licos, con m\u00e1s de 24 mil megas, con una inversi\u00f3n superior a los 4.000 millones de d\u00f3lares, con 20 mil puestos de trabajo\u201d.<\/p>\n<p>El Gobernador se\u00f1al\u00f3 que en virtud de esa iniciativa \u201ces que me sumo a que este Parque E\u00f3lico tenga el nombre del senador y ex intendente Marcelo Guinle y me parece que es un justo reconocimiento a su figura\u201d.<\/p>\n<p><img decoding=\"async\" src=\"http:\/\/pxb.cdn.elchubut.com.ar\/chubut\/102018\/1539797438994.jpg\" \/><\/p>\n<p><strong>EL PARQUE<\/strong><\/p>\n<p>El proyecto de YPF contempla la puesta en funcionamiento de 30 aerogeneradores (25 ya instalados y 5 con un 80% de avance) y 2 estaciones transformadoras. El Parque E\u00f3lico se conectar\u00e1 al Sistema Argentino de Interconexi\u00f3n (SADI) con una potencia de 100 megawatts, comparable a la energ\u00eda que consumen 130.000 hogares.<\/p>\n<p>Las obras demandaron una inversi\u00f3n de casi 200 millones de d\u00f3lares y para su ejecuci\u00f3n se emplearon m\u00e1s de 500 trabajadores, con contrataci\u00f3n de empresas regionales y nacionales.<\/p>\n<p>Fuente:\u00a0http:\/\/www.elchubut.com.ar\/nota\/2018-10-17-11-37-0-macri-llego-a-chubut-para-inaugurar-parque-eolico<\/p>\n","protected":false},"excerpt":{"rendered":"<p>CHUBUT.- Macri arrib\u00f3 al Aeropuerto General Mosconi de Comodoro Rivadavia alrededor de las 11 de la ma\u00f1ana con el subsecretario [&hellip;]<\/p>\n","protected":false},"author":2,"featured_media":55010,"comment_status":"open","ping_status":"open","sticky":false,"template":"","format":"standard","meta":{"site-sidebar-layout":"default","site-content-layout":"","ast-site-content-layout":"default","site-content-style":"default","site-sidebar-style":"default","ast-global-header-display":"","ast-banner-title-visibility":"","ast-main-header-display":"","ast-hfb-above-header-display":"","ast-hfb-below-header-display":"","ast-hfb-mobile-header-display":"","site-post-title":"","ast-breadcrumbs-content":"","ast-featured-img":"","footer-sml-layout":"","ast-disable-related-posts":"","theme-transparent-header-meta":"","adv-header-id-meta":"","stick-header-meta":"","header-above-stick-meta":"","header-main-stick-meta":"","header-below-stick-meta":"","astra-migrate-meta-layouts":"default","ast-page-background-enabled":"default","ast-page-background-meta":{"desktop":{"background-color":"var(--ast-global-color-5)","background-image":"","background-repeat":"repeat","background-position":"center center","background-size":"auto","background-attachment":"scroll","background-type":"","background-media":"","overlay-type":"","overlay-color":"","overlay-opacity":"","overlay-gradient":""},"tablet":{"background-color":"","background-image":"","background-repeat":"repeat","background-position":"center center","background-size":"auto","background-attachment":"scroll","background-type":"","background-media":"","overlay-type":"","overlay-color":"","overlay-opacity":"","overlay-gradient":""},"mobile":{"background-color":"","background-image":"","background-repeat":"repeat","background-position":"center center","background-size":"auto","background-attachment":"scroll","background-type":"","background-media":"","overlay-type":"","overlay-color":"","overlay-opacity":"","overlay-gradient":""}},"ast-content-background-meta":{"desktop":{"background-color":"var(--ast-global-color-4)","background-image":"","background-repeat":"repeat","background-position":"center center","background-size":"auto","background-attachment":"scroll","background-type":"","background-media":"","overlay-type":"","overlay-color":"","overlay-opacity":"","overlay-gradient":""},"tablet":{"background-color":"var(--ast-global-color-4)","background-image":"","background-repeat":"repeat","background-position":"center center","background-size":"auto","background-attachment":"scroll","background-type":"","background-media":"","overlay-type":"","overlay-color":"","overlay-opacity":"","overlay-gradient":""},"mobile":{"background-color":"var(--ast-global-color-4)","background-image":"","background-repeat":"repeat","background-position":"center center","background-size":"auto","background-attachment":"scroll","background-type":"","background-media":"","overlay-type":"","overlay-color":"","overlay-opacity":"","overlay-gradient":""}},"footnotes":""},"categories":[11,19,1,10],"tags":[],"class_list":["post-55009","post","type-post","status-publish","format-standard","has-post-thumbnail","hentry","category-boletin","category-nacionales","category-noticias","category-rotador"],"yoast_head":"<!-- This site is optimized with the Yoast SEO Premium plugin v23.0 (Yoast SEO v27.5) - https:\/\/yoast.com\/product\/yoast-seo-premium-wordpress\/ -->\n<title>Chubut: Macri y Arcioni inauguraron el parque E\u00f3lico Manantiales Behr<\/title>\n<meta name=\"robots\" content=\"index, follow, max-snippet:-1, max-image-preview:large, max-video-preview:-1\" \/>\n<link rel=\"canonical\" href=\"https:\/\/patagoniambiental.com.ar\/info\/chubut-macri-y-arcioni-inauguraron-el-parque-eolico-manantiales-behr\/\" \/>\n<meta property=\"og:locale\" content=\"es_ES\" \/>\n<meta property=\"og:type\" content=\"article\" \/>\n<meta property=\"og:title\" content=\"Chubut: Macri y Arcioni inauguraron el parque E\u00f3lico Manantiales Behr\" \/>\n<meta property=\"og:description\" content=\"CHUBUT.- Macri arrib\u00f3 al Aeropuerto General Mosconi de Comodoro Rivadavia alrededor de las 11 de la ma\u00f1ana con el subsecretario [&hellip;]\" \/>\n<meta property=\"og:url\" content=\"https:\/\/patagoniambiental.com.ar\/info\/chubut-macri-y-arcioni-inauguraron-el-parque-eolico-manantiales-behr\/\" \/>\n<meta property=\"og:site_name\" content=\"Patagonia Ambiental\" \/>\n<meta property=\"article:publisher\" content=\"https:\/\/www.facebook.com\/patagonia.ambiental\" \/>\n<meta property=\"article:author\" content=\"https:\/\/www.facebook.com\/share\/1C1V8Gv9BX\/?mibextid=qi2Omg\" \/>\n<meta property=\"article:published_time\" content=\"2018-10-18T12:00:45+00:00\" \/>\n<meta property=\"og:image\" content=\"https:\/\/patagoniambiental.com.ar\/info\/wp-content\/uploads\/2018\/10\/parque-eolico-chubut.jpg\" \/>\n\t<meta property=\"og:image:width\" content=\"1500\" \/>\n\t<meta property=\"og:image:height\" content=\"914\" \/>\n\t<meta property=\"og:image:type\" content=\"image\/jpeg\" \/>\n<meta name=\"author\" content=\"Patagonia Ambiental\" \/>\n<meta name=\"twitter:card\" content=\"summary_large_image\" \/>\n<meta name=\"twitter:creator\" content=\"@PatAmb\" \/>\n<meta name=\"twitter:site\" content=\"@PatAmb\" \/>\n<script type=\"application\/ld+json\" class=\"yoast-schema-graph\">{\"@context\":\"https:\\\/\\\/schema.org\",\"@graph\":[{\"@type\":\"Article\",\"@id\":\"https:\\\/\\\/patagoniambiental.com.ar\\\/info\\\/chubut-macri-y-arcioni-inauguraron-el-parque-eolico-manantiales-behr\\\/#article\",\"isPartOf\":{\"@id\":\"https:\\\/\\\/patagoniambiental.com.ar\\\/info\\\/chubut-macri-y-arcioni-inauguraron-el-parque-eolico-manantiales-behr\\\/\"},\"author\":{\"name\":\"Patagonia Ambiental\",\"@id\":\"https:\\\/\\\/patagoniambiental.com.ar\\\/info\\\/#\\\/schema\\\/person\\\/db12bff64bbcbf6a253710bf0ea37b5d\"},\"headline\":\"Chubut: Macri y Arcioni inauguraron el parque E\u00f3lico Manantiales Behr\",\"datePublished\":\"2018-10-18T12:00:45+00:00\",\"mainEntityOfPage\":{\"@id\":\"https:\\\/\\\/patagoniambiental.com.ar\\\/info\\\/chubut-macri-y-arcioni-inauguraron-el-parque-eolico-manantiales-behr\\\/\"},\"wordCount\":559,\"commentCount\":0,\"publisher\":{\"@id\":\"https:\\\/\\\/patagoniambiental.com.ar\\\/info\\\/#organization\"},\"image\":{\"@id\":\"https:\\\/\\\/patagoniambiental.com.ar\\\/info\\\/chubut-macri-y-arcioni-inauguraron-el-parque-eolico-manantiales-behr\\\/#primaryimage\"},\"thumbnailUrl\":\"https:\\\/\\\/patagoniambiental.com.ar\\\/info\\\/wp-content\\\/uploads\\\/2018\\\/10\\\/parque-eolico-chubut.jpg\",\"articleSection\":[\"Bolet\u00edn\",\"Nacionales\",\"Noticias\",\"Rotador\"],\"inLanguage\":\"es\",\"potentialAction\":[{\"@type\":\"CommentAction\",\"name\":\"Comment\",\"target\":[\"https:\\\/\\\/patagoniambiental.com.ar\\\/info\\\/chubut-macri-y-arcioni-inauguraron-el-parque-eolico-manantiales-behr\\\/#respond\"]}]},{\"@type\":\"WebPage\",\"@id\":\"https:\\\/\\\/patagoniambiental.com.ar\\\/info\\\/chubut-macri-y-arcioni-inauguraron-el-parque-eolico-manantiales-behr\\\/\",\"url\":\"https:\\\/\\\/patagoniambiental.com.ar\\\/info\\\/chubut-macri-y-arcioni-inauguraron-el-parque-eolico-manantiales-behr\\\/\",\"name\":\"Chubut: Macri y Arcioni inauguraron el parque E\u00f3lico Manantiales Behr\",\"isPartOf\":{\"@id\":\"https:\\\/\\\/patagoniambiental.com.ar\\\/info\\\/#website\"},\"primaryImageOfPage\":{\"@id\":\"https:\\\/\\\/patagoniambiental.com.ar\\\/info\\\/chubut-macri-y-arcioni-inauguraron-el-parque-eolico-manantiales-behr\\\/#primaryimage\"},\"image\":{\"@id\":\"https:\\\/\\\/patagoniambiental.com.ar\\\/info\\\/chubut-macri-y-arcioni-inauguraron-el-parque-eolico-manantiales-behr\\\/#primaryimage\"},\"thumbnailUrl\":\"https:\\\/\\\/patagoniambiental.com.ar\\\/info\\\/wp-content\\\/uploads\\\/2018\\\/10\\\/parque-eolico-chubut.jpg\",\"datePublished\":\"2018-10-18T12:00:45+00:00\",\"breadcrumb\":{\"@id\":\"https:\\\/\\\/patagoniambiental.com.ar\\\/info\\\/chubut-macri-y-arcioni-inauguraron-el-parque-eolico-manantiales-behr\\\/#breadcrumb\"},\"inLanguage\":\"es\",\"potentialAction\":[{\"@type\":\"ReadAction\",\"target\":[\"https:\\\/\\\/patagoniambiental.com.ar\\\/info\\\/chubut-macri-y-arcioni-inauguraron-el-parque-eolico-manantiales-behr\\\/\"]}]},{\"@type\":\"ImageObject\",\"inLanguage\":\"es\",\"@id\":\"https:\\\/\\\/patagoniambiental.com.ar\\\/info\\\/chubut-macri-y-arcioni-inauguraron-el-parque-eolico-manantiales-behr\\\/#primaryimage\",\"url\":\"https:\\\/\\\/patagoniambiental.com.ar\\\/info\\\/wp-content\\\/uploads\\\/2018\\\/10\\\/parque-eolico-chubut.jpg\",\"contentUrl\":\"https:\\\/\\\/patagoniambiental.com.ar\\\/info\\\/wp-content\\\/uploads\\\/2018\\\/10\\\/parque-eolico-chubut.jpg\",\"width\":985,\"height\":600},{\"@type\":\"BreadcrumbList\",\"@id\":\"https:\\\/\\\/patagoniambiental.com.ar\\\/info\\\/chubut-macri-y-arcioni-inauguraron-el-parque-eolico-manantiales-behr\\\/#breadcrumb\",\"itemListElement\":[{\"@type\":\"ListItem\",\"position\":1,\"name\":\"Inicio\",\"item\":\"https:\\\/\\\/patagoniambiental.com.ar\\\/info\\\/\"},{\"@type\":\"ListItem\",\"position\":2,\"name\":\"Chubut: Macri y Arcioni inauguraron el parque E\u00f3lico Manantiales Behr\"}]},{\"@type\":\"WebSite\",\"@id\":\"https:\\\/\\\/patagoniambiental.com.ar\\\/info\\\/#website\",\"url\":\"https:\\\/\\\/patagoniambiental.com.ar\\\/info\\\/\",\"name\":\"Patagonia Ambiental\",\"description\":\"Monitoreo y an\u00e1lisis de la situaci\u00f3n geopol\u00edtica en el mundo y su implicancia en la Patagonia\",\"publisher\":{\"@id\":\"https:\\\/\\\/patagoniambiental.com.ar\\\/info\\\/#organization\"},\"potentialAction\":[{\"@type\":\"SearchAction\",\"target\":{\"@type\":\"EntryPoint\",\"urlTemplate\":\"https:\\\/\\\/patagoniambiental.com.ar\\\/info\\\/?s={search_term_string}\"},\"query-input\":{\"@type\":\"PropertyValueSpecification\",\"valueRequired\":true,\"valueName\":\"search_term_string\"}}],\"inLanguage\":\"es\"},{\"@type\":\"Organization\",\"@id\":\"https:\\\/\\\/patagoniambiental.com.ar\\\/info\\\/#organization\",\"name\":\"Patagonia Ambiental\",\"url\":\"https:\\\/\\\/patagoniambiental.com.ar\\\/info\\\/\",\"logo\":{\"@type\":\"ImageObject\",\"inLanguage\":\"es\",\"@id\":\"https:\\\/\\\/patagoniambiental.com.ar\\\/info\\\/#\\\/schema\\\/logo\\\/image\\\/\",\"url\":\"https:\\\/\\\/patagoniambiental.com.ar\\\/info\\\/wp-content\\\/uploads\\\/2025\\\/05\\\/LOGO-PATAGONIA-AMBIENTAL.png\",\"contentUrl\":\"https:\\\/\\\/patagoniambiental.com.ar\\\/info\\\/wp-content\\\/uploads\\\/2025\\\/05\\\/LOGO-PATAGONIA-AMBIENTAL.png\",\"width\":433,\"height\":250,\"caption\":\"Patagonia Ambiental\"},\"image\":{\"@id\":\"https:\\\/\\\/patagoniambiental.com.ar\\\/info\\\/#\\\/schema\\\/logo\\\/image\\\/\"},\"sameAs\":[\"https:\\\/\\\/www.facebook.com\\\/patagonia.ambiental\",\"https:\\\/\\\/x.com\\\/PatAmb\"]},{\"@type\":\"Person\",\"@id\":\"https:\\\/\\\/patagoniambiental.com.ar\\\/info\\\/#\\\/schema\\\/person\\\/db12bff64bbcbf6a253710bf0ea37b5d\",\"name\":\"Patagonia Ambiental\",\"description\":\"Andr\u00e9s Nievas T\u00e9cnico en manejo ambiental, consultor Ambiental y escritor para medios locales e internacionales sobre temas de geopolitica y medio ambiente.\",\"sameAs\":[\"http:\\\/\\\/www.patagoniambiental.com.ar\",\"https:\\\/\\\/www.facebook.com\\\/share\\\/1C1V8Gv9BX\\\/?mibextid=qi2Omg\",\"@patagoniambiental\",\"https:\\\/\\\/youtube.com\\\/@patagoniaambiental2023?si=BLt58t0wuXquxlYZ\"]}]}<\/script>\n<!-- \/ Yoast SEO Premium plugin. -->","yoast_head_json":{"title":"Chubut: Macri y Arcioni inauguraron el parque E\u00f3lico Manantiales Behr","robots":{"index":"index","follow":"follow","max-snippet":"max-snippet:-1","max-image-preview":"max-image-preview:large","max-video-preview":"max-video-preview:-1"},"canonical":"https:\/\/patagoniambiental.com.ar\/info\/chubut-macri-y-arcioni-inauguraron-el-parque-eolico-manantiales-behr\/","og_locale":"es_ES","og_type":"article","og_title":"Chubut: Macri y Arcioni inauguraron el parque E\u00f3lico Manantiales Behr","og_description":"CHUBUT.- Macri arrib\u00f3 al Aeropuerto General Mosconi de Comodoro Rivadavia alrededor de las 11 de la ma\u00f1ana con el subsecretario [&hellip;]","og_url":"https:\/\/patagoniambiental.com.ar\/info\/chubut-macri-y-arcioni-inauguraron-el-parque-eolico-manantiales-behr\/","og_site_name":"Patagonia Ambiental","article_publisher":"https:\/\/www.facebook.com\/patagonia.ambiental","article_author":"https:\/\/www.facebook.com\/share\/1C1V8Gv9BX\/?mibextid=qi2Omg","article_published_time":"2018-10-18T12:00:45+00:00","og_image":[{"width":1500,"height":914,"url":"https:\/\/patagoniambiental.com.ar\/info\/wp-content\/uploads\/2018\/10\/parque-eolico-chubut.jpg","type":"image\/jpeg"}],"author":"Patagonia Ambiental","twitter_card":"summary_large_image","twitter_creator":"@PatAmb","twitter_site":"@PatAmb","schema":{"@context":"https:\/\/schema.org","@graph":[{"@type":"Article","@id":"https:\/\/patagoniambiental.com.ar\/info\/chubut-macri-y-arcioni-inauguraron-el-parque-eolico-manantiales-behr\/#article","isPartOf":{"@id":"https:\/\/patagoniambiental.com.ar\/info\/chubut-macri-y-arcioni-inauguraron-el-parque-eolico-manantiales-behr\/"},"author":{"name":"Patagonia Ambiental","@id":"https:\/\/patagoniambiental.com.ar\/info\/#\/schema\/person\/db12bff64bbcbf6a253710bf0ea37b5d"},"headline":"Chubut: Macri y Arcioni inauguraron el parque E\u00f3lico Manantiales Behr","datePublished":"2018-10-18T12:00:45+00:00","mainEntityOfPage":{"@id":"https:\/\/patagoniambiental.com.ar\/info\/chubut-macri-y-arcioni-inauguraron-el-parque-eolico-manantiales-behr\/"},"wordCount":559,"commentCount":0,"publisher":{"@id":"https:\/\/patagoniambiental.com.ar\/info\/#organization"},"image":{"@id":"https:\/\/patagoniambiental.com.ar\/info\/chubut-macri-y-arcioni-inauguraron-el-parque-eolico-manantiales-behr\/#primaryimage"},"thumbnailUrl":"https:\/\/patagoniambiental.com.ar\/info\/wp-content\/uploads\/2018\/10\/parque-eolico-chubut.jpg","articleSection":["Bolet\u00edn","Nacionales","Noticias","Rotador"],"inLanguage":"es","potentialAction":[{"@type":"CommentAction","name":"Comment","target":["https:\/\/patagoniambiental.com.ar\/info\/chubut-macri-y-arcioni-inauguraron-el-parque-eolico-manantiales-behr\/#respond"]}]},{"@type":"WebPage","@id":"https:\/\/patagoniambiental.com.ar\/info\/chubut-macri-y-arcioni-inauguraron-el-parque-eolico-manantiales-behr\/","url":"https:\/\/patagoniambiental.com.ar\/info\/chubut-macri-y-arcioni-inauguraron-el-parque-eolico-manantiales-behr\/","name":"Chubut: Macri y Arcioni inauguraron el parque E\u00f3lico Manantiales Behr","isPartOf":{"@id":"https:\/\/patagoniambiental.com.ar\/info\/#website"},"primaryImageOfPage":{"@id":"https:\/\/patagoniambiental.com.ar\/info\/chubut-macri-y-arcioni-inauguraron-el-parque-eolico-manantiales-behr\/#primaryimage"},"image":{"@id":"https:\/\/patagoniambiental.com.ar\/info\/chubut-macri-y-arcioni-inauguraron-el-parque-eolico-manantiales-behr\/#primaryimage"},"thumbnailUrl":"https:\/\/patagoniambiental.com.ar\/info\/wp-content\/uploads\/2018\/10\/parque-eolico-chubut.jpg","datePublished":"2018-10-18T12:00:45+00:00","breadcrumb":{"@id":"https:\/\/patagoniambiental.com.ar\/info\/chubut-macri-y-arcioni-inauguraron-el-parque-eolico-manantiales-behr\/#breadcrumb"},"inLanguage":"es","potentialAction":[{"@type":"ReadAction","target":["https:\/\/patagoniambiental.com.ar\/info\/chubut-macri-y-arcioni-inauguraron-el-parque-eolico-manantiales-behr\/"]}]},{"@type":"ImageObject","inLanguage":"es","@id":"https:\/\/patagoniambiental.com.ar\/info\/chubut-macri-y-arcioni-inauguraron-el-parque-eolico-manantiales-behr\/#primaryimage","url":"https:\/\/patagoniambiental.com.ar\/info\/wp-content\/uploads\/2018\/10\/parque-eolico-chubut.jpg","contentUrl":"https:\/\/patagoniambiental.com.ar\/info\/wp-content\/uploads\/2018\/10\/parque-eolico-chubut.jpg","width":985,"height":600},{"@type":"BreadcrumbList","@id":"https:\/\/patagoniambiental.com.ar\/info\/chubut-macri-y-arcioni-inauguraron-el-parque-eolico-manantiales-behr\/#breadcrumb","itemListElement":[{"@type":"ListItem","position":1,"name":"Inicio","item":"https:\/\/patagoniambiental.com.ar\/info\/"},{"@type":"ListItem","position":2,"name":"Chubut: Macri y Arcioni inauguraron el parque E\u00f3lico Manantiales Behr"}]},{"@type":"WebSite","@id":"https:\/\/patagoniambiental.com.ar\/info\/#website","url":"https:\/\/patagoniambiental.com.ar\/info\/","name":"Patagonia Ambiental","description":"Monitoreo y an\u00e1lisis de la situaci\u00f3n geopol\u00edtica en el mundo y su implicancia en la Patagonia","publisher":{"@id":"https:\/\/patagoniambiental.com.ar\/info\/#organization"},"potentialAction":[{"@type":"SearchAction","target":{"@type":"EntryPoint","urlTemplate":"https:\/\/patagoniambiental.com.ar\/info\/?s={search_term_string}"},"query-input":{"@type":"PropertyValueSpecification","valueRequired":true,"valueName":"search_term_string"}}],"inLanguage":"es"},{"@type":"Organization","@id":"https:\/\/patagoniambiental.com.ar\/info\/#organization","name":"Patagonia Ambiental","url":"https:\/\/patagoniambiental.com.ar\/info\/","logo":{"@type":"ImageObject","inLanguage":"es","@id":"https:\/\/patagoniambiental.com.ar\/info\/#\/schema\/logo\/image\/","url":"https:\/\/patagoniambiental.com.ar\/info\/wp-content\/uploads\/2025\/05\/LOGO-PATAGONIA-AMBIENTAL.png","contentUrl":"https:\/\/patagoniambiental.com.ar\/info\/wp-content\/uploads\/2025\/05\/LOGO-PATAGONIA-AMBIENTAL.png","width":433,"height":250,"caption":"Patagonia Ambiental"},"image":{"@id":"https:\/\/patagoniambiental.com.ar\/info\/#\/schema\/logo\/image\/"},"sameAs":["https:\/\/www.facebook.com\/patagonia.ambiental","https:\/\/x.com\/PatAmb"]},{"@type":"Person","@id":"https:\/\/patagoniambiental.com.ar\/info\/#\/schema\/person\/db12bff64bbcbf6a253710bf0ea37b5d","name":"Patagonia Ambiental","description":"Andr\u00e9s Nievas T\u00e9cnico en manejo ambiental, consultor Ambiental y escritor para medios locales e internacionales sobre temas de geopolitica y medio ambiente.","sameAs":["http:\/\/www.patagoniambiental.com.ar","https:\/\/www.facebook.com\/share\/1C1V8Gv9BX\/?mibextid=qi2Omg","@patagoniambiental","https:\/\/youtube.com\/@patagoniaambiental2023?si=BLt58t0wuXquxlYZ"]}]}},"_links":{"self":[{"href":"https:\/\/patagoniambiental.com.ar\/info\/wp-json\/wp\/v2\/posts\/55009","targetHints":{"allow":["GET"]}}],"collection":[{"href":"https:\/\/patagoniambiental.com.ar\/info\/wp-json\/wp\/v2\/posts"}],"about":[{"href":"https:\/\/patagoniambiental.com.ar\/info\/wp-json\/wp\/v2\/types\/post"}],"author":[{"embeddable":true,"href":"https:\/\/patagoniambiental.com.ar\/info\/wp-json\/wp\/v2\/users\/2"}],"replies":[{"embeddable":true,"href":"https:\/\/patagoniambiental.com.ar\/info\/wp-json\/wp\/v2\/comments?post=55009"}],"version-history":[{"count":0,"href":"https:\/\/patagoniambiental.com.ar\/info\/wp-json\/wp\/v2\/posts\/55009\/revisions"}],"wp:featuredmedia":[{"embeddable":true,"href":"https:\/\/patagoniambiental.com.ar\/info\/wp-json\/wp\/v2\/media\/55010"}],"wp:attachment":[{"href":"https:\/\/patagoniambiental.com.ar\/info\/wp-json\/wp\/v2\/media?parent=55009"}],"wp:term":[{"taxonomy":"category","embeddable":true,"href":"https:\/\/patagoniambiental.com.ar\/info\/wp-json\/wp\/v2\/categories?post=55009"},{"taxonomy":"post_tag","embeddable":true,"href":"https:\/\/patagoniambiental.com.ar\/info\/wp-json\/wp\/v2\/tags?post=55009"}],"curies":[{"name":"wp","href":"https:\/\/api.w.org\/{rel}","templated":true}]}}