{"id":55015,"date":"2018-10-18T09:00:29","date_gmt":"2018-10-18T12:00:29","guid":{"rendered":"http:\/\/patagoniambiental.com.ar\/info\/?p=55015"},"modified":"2018-10-17T17:19:51","modified_gmt":"2018-10-17T20:19:51","slug":"europa-pide-menos-y-mejores-plasticos","status":"publish","type":"post","link":"https:\/\/patagoniambiental.com.ar\/info\/europa-pide-menos-y-mejores-plasticos\/","title":{"rendered":"Europa pide \u201cmenos y mejores pl\u00e1sticos\u201d"},"content":{"rendered":"<div class=\"td-post-content\">\n<p>El\u00a0<strong>Comit\u00e9 Europeo de las Regiones\u00a0<a href=\"https:\/\/europa.eu\/european-union\/about-eu\/institutions-bodies\/european-committee-regions_es\" target=\"_blank\" rel=\"noopener\">(CDR)<\/a>\u00a0<\/strong>ha aprobado un dictamen sobre la estrategia europea para el pl\u00e1stico en una econom\u00eda circular. Muy alarmadas por el impacto del pl\u00e1stico en el medio ambiente, las ciudades y las regiones dan prioridad al dise\u00f1o ecol\u00f3gico y a una mayor responsabilidad del productor en la lucha contra la contaminaci\u00f3n provocada por los pl\u00e1sticos. En Europa,\u00a0<strong>menos del 30% de los residuos de pl\u00e1stico\u00a0<\/strong>se recogen para su reciclado.<\/p>\n<p>Seg\u00fan el CDR, \u201cm\u00e1s de trece millones de toneladas de residuos de pl\u00e1stico acaban en los oc\u00e9anos del mundo cada a\u00f1o.\u00a0<strong>El 80% de los productos que se encuentran en las playas de la UE son pl\u00e1sticos.\u00a0<\/strong>Los art\u00edculos de pl\u00e1stico de un solo uso representan alrededor de la mitad de toda la basura marina encontrada en las playas europeas. En la UE se utilizan cuarenta y nueve millones de toneladas de pl\u00e1stico cada a\u00f1o. Las propuestas de ciudades y regiones se basan en el papel central que desempe\u00f1an en la gesti\u00f3n de residuos, incluidos la recogida, el transporte, el tratamiento y la eliminaci\u00f3n. El uso de pl\u00e1stico se ha multiplicado por veinte en los \u00faltimos cincuenta a\u00f1os Y solo el 9% de los pl\u00e1sticos se recicla en el mundo\u201d.<\/p>\n<p><strong>Andr\u00e9 van de Nadort, alcalde de Westellingwerf\u00a0<\/strong>y ponente del dictamen\u00a0<em>Una estrategia europea para el pl\u00e1stico en una econom\u00eda circular,\u00a0<\/em>ha afirmado que \u201cla prevenci\u00f3n de los residuos debe ser la prioridad absoluta. Hemos de empezar por limitar el uso de los art\u00edculos de pl\u00e1stico y establecer criterios obligatorios de dise\u00f1o ecol\u00f3gico de los productos.\u00a0<strong>Necesitamos menos y mejores pl\u00e1sticos.\u00a0<\/strong>Debemos eliminar las subvenciones actuales a los combustibles f\u00f3siles y los obst\u00e1culos a un mercado \u00fanico de materias primas secundarias, ya que ambos hacen que los pl\u00e1sticos v\u00edrgenes resulten m\u00e1s baratos que los pl\u00e1sticos reciclados o los biopl\u00e1sticos y frenan el desarrollo de una econom\u00eda circular del pl\u00e1stico\u201d. El proyecto de dictamen se ha aprobado por unanimidad.<\/p>\n<p>Las ciudades y regiones de la UE apoyan que los productores\u00a0<strong>cubran la totalidad de los costes de recogida y tratamiento\u00a0<\/strong>de los residuos que generan sus productos. Asimismo, proponen que los productores e importadores de pl\u00e1sticos de origen f\u00f3sil asuman la responsabilidad econ\u00f3mica por el coste de reducir las emisiones de CO2 derivadas del tratamiento final de sus residuos pl\u00e1sticos.<\/p>\n<p>Por otro lado, se declaran partidarios de una prima basada en el rendimiento y de incentivos financieros para fomentar el uso de pl\u00e1sticos reciclados y respaldan el requisito de que, para 2025,\u00a0<strong>se utilice un m\u00ednimo del 50% de materiales reciclados en la producci\u00f3n de nuevos pl\u00e1sticos.\u00a0<\/strong>Los l\u00edderes locales recuerdan que los pl\u00e1sticos biodegradables actuales no son una soluci\u00f3n para la basura pl\u00e1stica, ya que no se biodegradan de forma natural.<\/p>\n<p>Por lo que respecta a la controvertida cuesti\u00f3n de los micropl\u00e1sticos, los dirigentes locales exigen\u00a0<strong>tecnolog\u00edas de medici\u00f3n y procesos fiables y eficaces\u00a0<\/strong>para evaluar con precisi\u00f3n su impacto en la salud y el medio ambiente. Las ciudades y regiones quieren prohibir los micropl\u00e1sticos a\u00f1adidos de forma voluntaria y los pl\u00e1sticos oxodegradables en todos los productos cuando no sean necesarios para la salud humana.<\/p>\n<div class=\"td-g-rec td-g-rec-id-content_bottom td_uid_3_5bc760692df91_rand td_block_template_1 \"><\/div>\n<\/div>\n<footer>\n<div class=\"td-post-source-tags\">Fuente:\u00a0https:\/\/www.innovaspain.com\/comite-europeo-de-las-regiones-europa-plasticos-contaminacion\/<\/div>\n<div class=\"td-post-sharing-bottom\">\n<div id=\"td_uid_4_5bc760692e588\" class=\"td-post-sharing td-ps-bg td-ps-notext td-post-sharing-style1 \">\n<div class=\"td-post-sharing-visible\">\n<div class=\"td-social-but-icon\"><\/div>\n<div class=\"td-social-but-icon\"><\/div>\n<div class=\"td-social-but-icon\"><\/div>\n<div class=\"td-social-but-icon\"><\/div>\n<div class=\"td-social-but-icon\"><\/div>\n<div class=\"td-social-but-icon\"><\/div>\n<div class=\"td-social-but-icon\"><\/div>\n<\/div>\n<\/div>\n<\/div>\n<\/footer>\n","protected":false},"excerpt":{"rendered":"<p>El\u00a0Comit\u00e9 Europeo de las Regiones\u00a0(CDR)\u00a0ha aprobado un dictamen sobre la estrategia europea para el pl\u00e1stico en una econom\u00eda circular. Muy [&hellip;]<\/p>\n","protected":false},"author":2,"featured_media":55016,"comment_status":"open","ping_status":"open","sticky":false,"template":"","format":"standard","meta":{"site-sidebar-layout":"default","site-content-layout":"","ast-site-content-layout":"default","site-content-style":"default","site-sidebar-style":"default","ast-global-header-display":"","ast-banner-title-visibility":"","ast-main-header-display":"","ast-hfb-above-header-display":"","ast-hfb-below-header-display":"","ast-hfb-mobile-header-display":"","site-post-title":"","ast-breadcrumbs-content":"","ast-featured-img":"","footer-sml-layout":"","ast-disable-related-posts":"","theme-transparent-header-meta":"","adv-header-id-meta":"","stick-header-meta":"","header-above-stick-meta":"","header-main-stick-meta":"","header-below-stick-meta":"","astra-migrate-meta-layouts":"default","ast-page-background-enabled":"default","ast-page-background-meta":{"desktop":{"background-color":"var(--ast-global-color-5)","background-image":"","background-repeat":"repeat","background-position":"center center","background-size":"auto","background-attachment":"scroll","background-type":"","background-media":"","overlay-type":"","overlay-color":"","overlay-opacity":"","overlay-gradient":""},"tablet":{"background-color":"","background-image":"","background-repeat":"repeat","background-position":"center center","background-size":"auto","background-attachment":"scroll","background-type":"","background-media":"","overlay-type":"","overlay-color":"","overlay-opacity":"","overlay-gradient":""},"mobile":{"background-color":"","background-image":"","background-repeat":"repeat","background-position":"center center","background-size":"auto","background-attachment":"scroll","background-type":"","background-media":"","overlay-type":"","overlay-color":"","overlay-opacity":"","overlay-gradient":""}},"ast-content-background-meta":{"desktop":{"background-color":"var(--ast-global-color-4)","background-image":"","background-repeat":"repeat","background-position":"center center","background-size":"auto","background-attachment":"scroll","background-type":"","background-media":"","overlay-type":"","overlay-color":"","overlay-opacity":"","overlay-gradient":""},"tablet":{"background-color":"var(--ast-global-color-4)","background-image":"","background-repeat":"repeat","background-position":"center center","background-size":"auto","background-attachment":"scroll","background-type":"","background-media":"","overlay-type":"","overlay-color":"","overlay-opacity":"","overlay-gradient":""},"mobile":{"background-color":"var(--ast-global-color-4)","background-image":"","background-repeat":"repeat","background-position":"center center","background-size":"auto","background-attachment":"scroll","background-type":"","background-media":"","overlay-type":"","overlay-color":"","overlay-opacity":"","overlay-gradient":""}},"footnotes":""},"categories":[11,23,1],"tags":[],"class_list":["post-55015","post","type-post","status-publish","format-standard","has-post-thumbnail","hentry","category-boletin","category-internacionales","category-noticias"],"yoast_head":"<!-- This site is optimized with the Yoast SEO Premium plugin v23.0 (Yoast SEO v27.4) - https:\/\/yoast.com\/product\/yoast-seo-premium-wordpress\/ -->\n<title>Europa pide \u201cmenos y mejores pl\u00e1sticos\u201d<\/title>\n<meta name=\"robots\" content=\"index, follow, max-snippet:-1, max-image-preview:large, max-video-preview:-1\" \/>\n<link rel=\"canonical\" href=\"https:\/\/patagoniambiental.com.ar\/info\/europa-pide-menos-y-mejores-plasticos\/\" \/>\n<meta property=\"og:locale\" content=\"es_ES\" \/>\n<meta property=\"og:type\" content=\"article\" \/>\n<meta property=\"og:title\" content=\"Europa pide \u201cmenos y mejores pl\u00e1sticos\u201d\" \/>\n<meta property=\"og:description\" content=\"El\u00a0Comit\u00e9 Europeo de las Regiones\u00a0(CDR)\u00a0ha aprobado un dictamen sobre la estrategia europea para el pl\u00e1stico en una econom\u00eda circular. Muy [&hellip;]\" \/>\n<meta property=\"og:url\" content=\"https:\/\/patagoniambiental.com.ar\/info\/europa-pide-menos-y-mejores-plasticos\/\" \/>\n<meta property=\"og:site_name\" content=\"Patagonia Ambiental\" \/>\n<meta property=\"article:publisher\" content=\"https:\/\/www.facebook.com\/patagonia.ambiental\" \/>\n<meta property=\"article:author\" content=\"https:\/\/www.facebook.com\/share\/1C1V8Gv9BX\/?mibextid=qi2Omg\" \/>\n<meta property=\"article:published_time\" content=\"2018-10-18T12:00:29+00:00\" \/>\n<meta property=\"og:image\" content=\"https:\/\/patagoniambiental.com.ar\/info\/wp-content\/uploads\/2018\/10\/Europa-plasticos.jpg\" \/>\n\t<meta property=\"og:image:width\" content=\"696\" \/>\n\t<meta property=\"og:image:height\" content=\"435\" \/>\n\t<meta property=\"og:image:type\" content=\"image\/jpeg\" \/>\n<meta name=\"author\" content=\"Patagonia Ambiental\" \/>\n<meta name=\"twitter:card\" content=\"summary_large_image\" \/>\n<meta name=\"twitter:creator\" content=\"@PatAmb\" \/>\n<meta name=\"twitter:site\" content=\"@PatAmb\" \/>\n<script type=\"application\/ld+json\" class=\"yoast-schema-graph\">{\"@context\":\"https:\\\/\\\/schema.org\",\"@graph\":[{\"@type\":\"Article\",\"@id\":\"https:\\\/\\\/patagoniambiental.com.ar\\\/info\\\/europa-pide-menos-y-mejores-plasticos\\\/#article\",\"isPartOf\":{\"@id\":\"https:\\\/\\\/patagoniambiental.com.ar\\\/info\\\/europa-pide-menos-y-mejores-plasticos\\\/\"},\"author\":{\"name\":\"Patagonia Ambiental\",\"@id\":\"https:\\\/\\\/patagoniambiental.com.ar\\\/info\\\/#\\\/schema\\\/person\\\/db12bff64bbcbf6a253710bf0ea37b5d\"},\"headline\":\"Europa pide \u201cmenos y mejores pl\u00e1sticos\u201d\",\"datePublished\":\"2018-10-18T12:00:29+00:00\",\"mainEntityOfPage\":{\"@id\":\"https:\\\/\\\/patagoniambiental.com.ar\\\/info\\\/europa-pide-menos-y-mejores-plasticos\\\/\"},\"wordCount\":589,\"commentCount\":0,\"publisher\":{\"@id\":\"https:\\\/\\\/patagoniambiental.com.ar\\\/info\\\/#organization\"},\"image\":{\"@id\":\"https:\\\/\\\/patagoniambiental.com.ar\\\/info\\\/europa-pide-menos-y-mejores-plasticos\\\/#primaryimage\"},\"thumbnailUrl\":\"https:\\\/\\\/patagoniambiental.com.ar\\\/info\\\/wp-content\\\/uploads\\\/2018\\\/10\\\/Europa-plasticos.jpg\",\"articleSection\":[\"Bolet\u00edn\",\"Internacionales\",\"Noticias\"],\"inLanguage\":\"es\",\"potentialAction\":[{\"@type\":\"CommentAction\",\"name\":\"Comment\",\"target\":[\"https:\\\/\\\/patagoniambiental.com.ar\\\/info\\\/europa-pide-menos-y-mejores-plasticos\\\/#respond\"]}]},{\"@type\":\"WebPage\",\"@id\":\"https:\\\/\\\/patagoniambiental.com.ar\\\/info\\\/europa-pide-menos-y-mejores-plasticos\\\/\",\"url\":\"https:\\\/\\\/patagoniambiental.com.ar\\\/info\\\/europa-pide-menos-y-mejores-plasticos\\\/\",\"name\":\"Europa pide \u201cmenos y mejores pl\u00e1sticos\u201d\",\"isPartOf\":{\"@id\":\"https:\\\/\\\/patagoniambiental.com.ar\\\/info\\\/#website\"},\"primaryImageOfPage\":{\"@id\":\"https:\\\/\\\/patagoniambiental.com.ar\\\/info\\\/europa-pide-menos-y-mejores-plasticos\\\/#primaryimage\"},\"image\":{\"@id\":\"https:\\\/\\\/patagoniambiental.com.ar\\\/info\\\/europa-pide-menos-y-mejores-plasticos\\\/#primaryimage\"},\"thumbnailUrl\":\"https:\\\/\\\/patagoniambiental.com.ar\\\/info\\\/wp-content\\\/uploads\\\/2018\\\/10\\\/Europa-plasticos.jpg\",\"datePublished\":\"2018-10-18T12:00:29+00:00\",\"breadcrumb\":{\"@id\":\"https:\\\/\\\/patagoniambiental.com.ar\\\/info\\\/europa-pide-menos-y-mejores-plasticos\\\/#breadcrumb\"},\"inLanguage\":\"es\",\"potentialAction\":[{\"@type\":\"ReadAction\",\"target\":[\"https:\\\/\\\/patagoniambiental.com.ar\\\/info\\\/europa-pide-menos-y-mejores-plasticos\\\/\"]}]},{\"@type\":\"ImageObject\",\"inLanguage\":\"es\",\"@id\":\"https:\\\/\\\/patagoniambiental.com.ar\\\/info\\\/europa-pide-menos-y-mejores-plasticos\\\/#primaryimage\",\"url\":\"https:\\\/\\\/patagoniambiental.com.ar\\\/info\\\/wp-content\\\/uploads\\\/2018\\\/10\\\/Europa-plasticos.jpg\",\"contentUrl\":\"https:\\\/\\\/patagoniambiental.com.ar\\\/info\\\/wp-content\\\/uploads\\\/2018\\\/10\\\/Europa-plasticos.jpg\",\"width\":696,\"height\":435},{\"@type\":\"BreadcrumbList\",\"@id\":\"https:\\\/\\\/patagoniambiental.com.ar\\\/info\\\/europa-pide-menos-y-mejores-plasticos\\\/#breadcrumb\",\"itemListElement\":[{\"@type\":\"ListItem\",\"position\":1,\"name\":\"Inicio\",\"item\":\"https:\\\/\\\/patagoniambiental.com.ar\\\/info\\\/\"},{\"@type\":\"ListItem\",\"position\":2,\"name\":\"Europa pide \u201cmenos y mejores pl\u00e1sticos\u201d\"}]},{\"@type\":\"WebSite\",\"@id\":\"https:\\\/\\\/patagoniambiental.com.ar\\\/info\\\/#website\",\"url\":\"https:\\\/\\\/patagoniambiental.com.ar\\\/info\\\/\",\"name\":\"Patagonia Ambiental\",\"description\":\"Monitoreo y an\u00e1lisis de la situaci\u00f3n geopol\u00edtica en el mundo y su implicancia en la Patagonia\",\"publisher\":{\"@id\":\"https:\\\/\\\/patagoniambiental.com.ar\\\/info\\\/#organization\"},\"potentialAction\":[{\"@type\":\"SearchAction\",\"target\":{\"@type\":\"EntryPoint\",\"urlTemplate\":\"https:\\\/\\\/patagoniambiental.com.ar\\\/info\\\/?s={search_term_string}\"},\"query-input\":{\"@type\":\"PropertyValueSpecification\",\"valueRequired\":true,\"valueName\":\"search_term_string\"}}],\"inLanguage\":\"es\"},{\"@type\":\"Organization\",\"@id\":\"https:\\\/\\\/patagoniambiental.com.ar\\\/info\\\/#organization\",\"name\":\"Patagonia Ambiental\",\"url\":\"https:\\\/\\\/patagoniambiental.com.ar\\\/info\\\/\",\"logo\":{\"@type\":\"ImageObject\",\"inLanguage\":\"es\",\"@id\":\"https:\\\/\\\/patagoniambiental.com.ar\\\/info\\\/#\\\/schema\\\/logo\\\/image\\\/\",\"url\":\"https:\\\/\\\/patagoniambiental.com.ar\\\/info\\\/wp-content\\\/uploads\\\/2025\\\/05\\\/LOGO-PATAGONIA-AMBIENTAL.png\",\"contentUrl\":\"https:\\\/\\\/patagoniambiental.com.ar\\\/info\\\/wp-content\\\/uploads\\\/2025\\\/05\\\/LOGO-PATAGONIA-AMBIENTAL.png\",\"width\":433,\"height\":250,\"caption\":\"Patagonia Ambiental\"},\"image\":{\"@id\":\"https:\\\/\\\/patagoniambiental.com.ar\\\/info\\\/#\\\/schema\\\/logo\\\/image\\\/\"},\"sameAs\":[\"https:\\\/\\\/www.facebook.com\\\/patagonia.ambiental\",\"https:\\\/\\\/x.com\\\/PatAmb\"]},{\"@type\":\"Person\",\"@id\":\"https:\\\/\\\/patagoniambiental.com.ar\\\/info\\\/#\\\/schema\\\/person\\\/db12bff64bbcbf6a253710bf0ea37b5d\",\"name\":\"Patagonia Ambiental\",\"description\":\"Andr\u00e9s Nievas T\u00e9cnico en manejo ambiental, consultor Ambiental y escritor para medios locales e internacionales sobre temas de geopolitica y medio ambiente.\",\"sameAs\":[\"http:\\\/\\\/www.patagoniambiental.com.ar\",\"https:\\\/\\\/www.facebook.com\\\/share\\\/1C1V8Gv9BX\\\/?mibextid=qi2Omg\",\"@patagoniambiental\",\"https:\\\/\\\/youtube.com\\\/@patagoniaambiental2023?si=BLt58t0wuXquxlYZ\"]}]}<\/script>\n<!-- \/ Yoast SEO Premium plugin. -->","yoast_head_json":{"title":"Europa pide \u201cmenos y mejores pl\u00e1sticos\u201d","robots":{"index":"index","follow":"follow","max-snippet":"max-snippet:-1","max-image-preview":"max-image-preview:large","max-video-preview":"max-video-preview:-1"},"canonical":"https:\/\/patagoniambiental.com.ar\/info\/europa-pide-menos-y-mejores-plasticos\/","og_locale":"es_ES","og_type":"article","og_title":"Europa pide \u201cmenos y mejores pl\u00e1sticos\u201d","og_description":"El\u00a0Comit\u00e9 Europeo de las Regiones\u00a0(CDR)\u00a0ha aprobado un dictamen sobre la estrategia europea para el pl\u00e1stico en una econom\u00eda circular. Muy [&hellip;]","og_url":"https:\/\/patagoniambiental.com.ar\/info\/europa-pide-menos-y-mejores-plasticos\/","og_site_name":"Patagonia Ambiental","article_publisher":"https:\/\/www.facebook.com\/patagonia.ambiental","article_author":"https:\/\/www.facebook.com\/share\/1C1V8Gv9BX\/?mibextid=qi2Omg","article_published_time":"2018-10-18T12:00:29+00:00","og_image":[{"width":696,"height":435,"url":"https:\/\/patagoniambiental.com.ar\/info\/wp-content\/uploads\/2018\/10\/Europa-plasticos.jpg","type":"image\/jpeg"}],"author":"Patagonia Ambiental","twitter_card":"summary_large_image","twitter_creator":"@PatAmb","twitter_site":"@PatAmb","schema":{"@context":"https:\/\/schema.org","@graph":[{"@type":"Article","@id":"https:\/\/patagoniambiental.com.ar\/info\/europa-pide-menos-y-mejores-plasticos\/#article","isPartOf":{"@id":"https:\/\/patagoniambiental.com.ar\/info\/europa-pide-menos-y-mejores-plasticos\/"},"author":{"name":"Patagonia Ambiental","@id":"https:\/\/patagoniambiental.com.ar\/info\/#\/schema\/person\/db12bff64bbcbf6a253710bf0ea37b5d"},"headline":"Europa pide \u201cmenos y mejores pl\u00e1sticos\u201d","datePublished":"2018-10-18T12:00:29+00:00","mainEntityOfPage":{"@id":"https:\/\/patagoniambiental.com.ar\/info\/europa-pide-menos-y-mejores-plasticos\/"},"wordCount":589,"commentCount":0,"publisher":{"@id":"https:\/\/patagoniambiental.com.ar\/info\/#organization"},"image":{"@id":"https:\/\/patagoniambiental.com.ar\/info\/europa-pide-menos-y-mejores-plasticos\/#primaryimage"},"thumbnailUrl":"https:\/\/patagoniambiental.com.ar\/info\/wp-content\/uploads\/2018\/10\/Europa-plasticos.jpg","articleSection":["Bolet\u00edn","Internacionales","Noticias"],"inLanguage":"es","potentialAction":[{"@type":"CommentAction","name":"Comment","target":["https:\/\/patagoniambiental.com.ar\/info\/europa-pide-menos-y-mejores-plasticos\/#respond"]}]},{"@type":"WebPage","@id":"https:\/\/patagoniambiental.com.ar\/info\/europa-pide-menos-y-mejores-plasticos\/","url":"https:\/\/patagoniambiental.com.ar\/info\/europa-pide-menos-y-mejores-plasticos\/","name":"Europa pide \u201cmenos y mejores pl\u00e1sticos\u201d","isPartOf":{"@id":"https:\/\/patagoniambiental.com.ar\/info\/#website"},"primaryImageOfPage":{"@id":"https:\/\/patagoniambiental.com.ar\/info\/europa-pide-menos-y-mejores-plasticos\/#primaryimage"},"image":{"@id":"https:\/\/patagoniambiental.com.ar\/info\/europa-pide-menos-y-mejores-plasticos\/#primaryimage"},"thumbnailUrl":"https:\/\/patagoniambiental.com.ar\/info\/wp-content\/uploads\/2018\/10\/Europa-plasticos.jpg","datePublished":"2018-10-18T12:00:29+00:00","breadcrumb":{"@id":"https:\/\/patagoniambiental.com.ar\/info\/europa-pide-menos-y-mejores-plasticos\/#breadcrumb"},"inLanguage":"es","potentialAction":[{"@type":"ReadAction","target":["https:\/\/patagoniambiental.com.ar\/info\/europa-pide-menos-y-mejores-plasticos\/"]}]},{"@type":"ImageObject","inLanguage":"es","@id":"https:\/\/patagoniambiental.com.ar\/info\/europa-pide-menos-y-mejores-plasticos\/#primaryimage","url":"https:\/\/patagoniambiental.com.ar\/info\/wp-content\/uploads\/2018\/10\/Europa-plasticos.jpg","contentUrl":"https:\/\/patagoniambiental.com.ar\/info\/wp-content\/uploads\/2018\/10\/Europa-plasticos.jpg","width":696,"height":435},{"@type":"BreadcrumbList","@id":"https:\/\/patagoniambiental.com.ar\/info\/europa-pide-menos-y-mejores-plasticos\/#breadcrumb","itemListElement":[{"@type":"ListItem","position":1,"name":"Inicio","item":"https:\/\/patagoniambiental.com.ar\/info\/"},{"@type":"ListItem","position":2,"name":"Europa pide \u201cmenos y mejores pl\u00e1sticos\u201d"}]},{"@type":"WebSite","@id":"https:\/\/patagoniambiental.com.ar\/info\/#website","url":"https:\/\/patagoniambiental.com.ar\/info\/","name":"Patagonia Ambiental","description":"Monitoreo y an\u00e1lisis de la situaci\u00f3n geopol\u00edtica en el mundo y su implicancia en la Patagonia","publisher":{"@id":"https:\/\/patagoniambiental.com.ar\/info\/#organization"},"potentialAction":[{"@type":"SearchAction","target":{"@type":"EntryPoint","urlTemplate":"https:\/\/patagoniambiental.com.ar\/info\/?s={search_term_string}"},"query-input":{"@type":"PropertyValueSpecification","valueRequired":true,"valueName":"search_term_string"}}],"inLanguage":"es"},{"@type":"Organization","@id":"https:\/\/patagoniambiental.com.ar\/info\/#organization","name":"Patagonia Ambiental","url":"https:\/\/patagoniambiental.com.ar\/info\/","logo":{"@type":"ImageObject","inLanguage":"es","@id":"https:\/\/patagoniambiental.com.ar\/info\/#\/schema\/logo\/image\/","url":"https:\/\/patagoniambiental.com.ar\/info\/wp-content\/uploads\/2025\/05\/LOGO-PATAGONIA-AMBIENTAL.png","contentUrl":"https:\/\/patagoniambiental.com.ar\/info\/wp-content\/uploads\/2025\/05\/LOGO-PATAGONIA-AMBIENTAL.png","width":433,"height":250,"caption":"Patagonia Ambiental"},"image":{"@id":"https:\/\/patagoniambiental.com.ar\/info\/#\/schema\/logo\/image\/"},"sameAs":["https:\/\/www.facebook.com\/patagonia.ambiental","https:\/\/x.com\/PatAmb"]},{"@type":"Person","@id":"https:\/\/patagoniambiental.com.ar\/info\/#\/schema\/person\/db12bff64bbcbf6a253710bf0ea37b5d","name":"Patagonia Ambiental","description":"Andr\u00e9s Nievas T\u00e9cnico en manejo ambiental, consultor Ambiental y escritor para medios locales e internacionales sobre temas de geopolitica y medio ambiente.","sameAs":["http:\/\/www.patagoniambiental.com.ar","https:\/\/www.facebook.com\/share\/1C1V8Gv9BX\/?mibextid=qi2Omg","@patagoniambiental","https:\/\/youtube.com\/@patagoniaambiental2023?si=BLt58t0wuXquxlYZ"]}]}},"_links":{"self":[{"href":"https:\/\/patagoniambiental.com.ar\/info\/wp-json\/wp\/v2\/posts\/55015","targetHints":{"allow":["GET"]}}],"collection":[{"href":"https:\/\/patagoniambiental.com.ar\/info\/wp-json\/wp\/v2\/posts"}],"about":[{"href":"https:\/\/patagoniambiental.com.ar\/info\/wp-json\/wp\/v2\/types\/post"}],"author":[{"embeddable":true,"href":"https:\/\/patagoniambiental.com.ar\/info\/wp-json\/wp\/v2\/users\/2"}],"replies":[{"embeddable":true,"href":"https:\/\/patagoniambiental.com.ar\/info\/wp-json\/wp\/v2\/comments?post=55015"}],"version-history":[{"count":0,"href":"https:\/\/patagoniambiental.com.ar\/info\/wp-json\/wp\/v2\/posts\/55015\/revisions"}],"wp:featuredmedia":[{"embeddable":true,"href":"https:\/\/patagoniambiental.com.ar\/info\/wp-json\/wp\/v2\/media\/55016"}],"wp:attachment":[{"href":"https:\/\/patagoniambiental.com.ar\/info\/wp-json\/wp\/v2\/media?parent=55015"}],"wp:term":[{"taxonomy":"category","embeddable":true,"href":"https:\/\/patagoniambiental.com.ar\/info\/wp-json\/wp\/v2\/categories?post=55015"},{"taxonomy":"post_tag","embeddable":true,"href":"https:\/\/patagoniambiental.com.ar\/info\/wp-json\/wp\/v2\/tags?post=55015"}],"curies":[{"name":"wp","href":"https:\/\/api.w.org\/{rel}","templated":true}]}}