{"id":55541,"date":"2018-10-26T09:00:07","date_gmt":"2018-10-26T12:00:07","guid":{"rendered":"http:\/\/patagoniambiental.com.ar\/info\/?p=55541"},"modified":"2018-10-25T20:52:21","modified_gmt":"2018-10-25T23:52:21","slug":"arranco-la-segunda-edicion-de-desafio-eco-ypf","status":"publish","type":"post","link":"https:\/\/patagoniambiental.com.ar\/info\/arranco-la-segunda-edicion-de-desafio-eco-ypf\/","title":{"rendered":"Arranc\u00f3 la segunda edici\u00f3n de Desaf\u00edo ECO YPF"},"content":{"rendered":"<div class=\"articleBody\">\n<div class=\"content\">\n<div class=\"body\">\n<p class=\"capital\">Se lanz\u00f3 la nueva edici\u00f3n de Desaf\u00edo ECO YPF, el proyecto educativo que impulsa a alumnos de escuelas t\u00e9cnicas a construir autos el\u00e9ctricos de emisi\u00f3n cero, para competir luego en una carrera pionera en el mundo. Miguel Guti\u00e9rrez, presidente de YPF, recibi\u00f3 a los alumnos ganadores de la edici\u00f3n 2017 y celebr\u00f3 el comienzo oficial del Desaf\u00edo ECO YPF 2018.<\/p>\n<p>Este a\u00f1o se preparan para participar m\u00e1s de mil alumnos de 70 escuelas t\u00e9cnicas de las 23 provincias del pa\u00eds, que presentar\u00e1n sus veh\u00edculos en noviembre en el Aut\u00f3dromo de la Ciudad de Buenos Aires. Cada grupo de alumnos recibi\u00f3 un kit homologado por el ACA, con materiales y herramientas para crear los veh\u00edculos, y ya se encuentran trabajando para poner en marcha el auto que mostrar\u00e1n en la pista.<\/p>\n<p>Carlos Men\u00e9ndez Behety, Chief Marketing Officer de YPF, destac\u00f3 que \u201cestamos orgullosos de fomentar el desarrollo de la locomoci\u00f3n impulsada con energ\u00eda el\u00e9ctrica. El Desaf\u00edo ECO YPF constituye una de las expresiones del futuro que pensamos como sustentable y extremadamente cuidadoso del medio ambiente. Estamos convencidos del futuro prometedor de las energ\u00edas renovables y queremos ser pioneros como lo fuimos con las energ\u00edas convencionales\u201d.<\/p>\n<p>Como parte de su compromiso con la educaci\u00f3n, la Fundaci\u00f3n YPF otorg\u00f3 24 becas a escuelas de 17 provincias, para que sus alumnos participen de la creaci\u00f3n de transportes alternativos no contaminantes. A trav\u00e9s de una convocatoria nacional, en el marco de la innovaci\u00f3n educativa a trav\u00e9s de la Ense\u00f1anza y Aprendizaje Basada en Proyectos (EABP), invit\u00f3 a todos los alumnos de secundarias t\u00e9cnicas del pa\u00eds a presentar un proyecto de auto el\u00e9ctrico para el Desaf\u00edo ECO YPF. Adem\u00e1s, el d\u00eda de la carrera premiar\u00e1n junto a INET y el programa Escuelas Verdes del Gobierno de la Ciudad de Buenos Aires, a los equipos que demuestren m\u00e1s innovaci\u00f3n educativa y sustentabilidad.<\/p>\n<p>Al igual que la primera edici\u00f3n, la FIA, el ACA, la Fundaci\u00f3n Fangio, el Ministerio de Educaci\u00f3n del Gobierno Nacional y el Gobierno de la Ciudad de Buenos Aires acompa\u00f1an la iniciativa.<\/p>\n<p>Por segundo a\u00f1o consecutivo, el Desaf\u00edo ECO YPF promueve el desarrollo de veh\u00edculos sustentables, con el objetivo de fortalecer la concientizaci\u00f3n sobre el cuidado del medio ambiente y el uso de energ\u00edas renovables. A trav\u00e9s de este proyecto, YPF da un paso m\u00e1s en su consolidaci\u00f3n como empresa de energ\u00eda integral y refuerza su liderazgo en la utilizaci\u00f3n de nuevas fuentes de energ\u00eda.<\/p>\n<\/div>\n<div class=\"wrapComments\">\n<div class=\"comments-open\"><span class=\"comments-title\">Fuente: https:\/\/www.tycsports.com\/nota\/automovilismo\/2018\/10\/25\/arranco-la-segunda-edicion-de-desafio-eco-ypf.html<\/span><\/div>\n<\/div>\n<\/div>\n<\/div>\n","protected":false},"excerpt":{"rendered":"<p>Se lanz\u00f3 la nueva edici\u00f3n de Desaf\u00edo ECO YPF, el proyecto educativo que impulsa a alumnos de escuelas t\u00e9cnicas a [&hellip;]<\/p>\n","protected":false},"author":2,"featured_media":55542,"comment_status":"open","ping_status":"open","sticky":false,"template":"","format":"standard","meta":{"site-sidebar-layout":"default","site-content-layout":"","ast-site-content-layout":"default","site-content-style":"default","site-sidebar-style":"default","ast-global-header-display":"","ast-banner-title-visibility":"","ast-main-header-display":"","ast-hfb-above-header-display":"","ast-hfb-below-header-display":"","ast-hfb-mobile-header-display":"","site-post-title":"","ast-breadcrumbs-content":"","ast-featured-img":"","footer-sml-layout":"","ast-disable-related-posts":"","theme-transparent-header-meta":"","adv-header-id-meta":"","stick-header-meta":"","header-above-stick-meta":"","header-main-stick-meta":"","header-below-stick-meta":"","astra-migrate-meta-layouts":"default","ast-page-background-enabled":"default","ast-page-background-meta":{"desktop":{"background-color":"var(--ast-global-color-5)","background-image":"","background-repeat":"repeat","background-position":"center center","background-size":"auto","background-attachment":"scroll","background-type":"","background-media":"","overlay-type":"","overlay-color":"","overlay-opacity":"","overlay-gradient":""},"tablet":{"background-color":"","background-image":"","background-repeat":"repeat","background-position":"center center","background-size":"auto","background-attachment":"scroll","background-type":"","background-media":"","overlay-type":"","overlay-color":"","overlay-opacity":"","overlay-gradient":""},"mobile":{"background-color":"","background-image":"","background-repeat":"repeat","background-position":"center center","background-size":"auto","background-attachment":"scroll","background-type":"","background-media":"","overlay-type":"","overlay-color":"","overlay-opacity":"","overlay-gradient":""}},"ast-content-background-meta":{"desktop":{"background-color":"var(--ast-global-color-4)","background-image":"","background-repeat":"repeat","background-position":"center center","background-size":"auto","background-attachment":"scroll","background-type":"","background-media":"","overlay-type":"","overlay-color":"","overlay-opacity":"","overlay-gradient":""},"tablet":{"background-color":"var(--ast-global-color-4)","background-image":"","background-repeat":"repeat","background-position":"center center","background-size":"auto","background-attachment":"scroll","background-type":"","background-media":"","overlay-type":"","overlay-color":"","overlay-opacity":"","overlay-gradient":""},"mobile":{"background-color":"var(--ast-global-color-4)","background-image":"","background-repeat":"repeat","background-position":"center center","background-size":"auto","background-attachment":"scroll","background-type":"","background-media":"","overlay-type":"","overlay-color":"","overlay-opacity":"","overlay-gradient":""}},"footnotes":""},"categories":[11,19,1,10],"tags":[],"class_list":["post-55541","post","type-post","status-publish","format-standard","has-post-thumbnail","hentry","category-boletin","category-nacionales","category-noticias","category-rotador"],"yoast_head":"<!-- This site is optimized with the Yoast SEO Premium plugin v23.0 (Yoast SEO v27.5) - https:\/\/yoast.com\/product\/yoast-seo-premium-wordpress\/ -->\n<title>Arranc\u00f3 la segunda edici\u00f3n de Desaf\u00edo ECO YPF<\/title>\n<meta name=\"robots\" content=\"index, follow, max-snippet:-1, max-image-preview:large, max-video-preview:-1\" \/>\n<link rel=\"canonical\" href=\"https:\/\/patagoniambiental.com.ar\/info\/arranco-la-segunda-edicion-de-desafio-eco-ypf\/\" \/>\n<meta property=\"og:locale\" content=\"es_ES\" \/>\n<meta property=\"og:type\" content=\"article\" \/>\n<meta property=\"og:title\" content=\"Arranc\u00f3 la segunda edici\u00f3n de Desaf\u00edo ECO YPF\" \/>\n<meta property=\"og:description\" content=\"Se lanz\u00f3 la nueva edici\u00f3n de Desaf\u00edo ECO YPF, el proyecto educativo que impulsa a alumnos de escuelas t\u00e9cnicas a [&hellip;]\" \/>\n<meta property=\"og:url\" content=\"https:\/\/patagoniambiental.com.ar\/info\/arranco-la-segunda-edicion-de-desafio-eco-ypf\/\" \/>\n<meta property=\"og:site_name\" content=\"Patagonia Ambiental\" \/>\n<meta property=\"article:publisher\" content=\"https:\/\/www.facebook.com\/patagonia.ambiental\" \/>\n<meta property=\"article:author\" content=\"https:\/\/www.facebook.com\/share\/1C1V8Gv9BX\/?mibextid=qi2Omg\" \/>\n<meta property=\"article:published_time\" content=\"2018-10-26T12:00:07+00:00\" \/>\n<meta property=\"og:image\" content=\"https:\/\/patagoniambiental.com.ar\/info\/wp-content\/uploads\/2018\/10\/ypf-eco-kit-car.jpg\" \/>\n\t<meta property=\"og:image:width\" content=\"720\" \/>\n\t<meta property=\"og:image:height\" content=\"480\" \/>\n\t<meta property=\"og:image:type\" content=\"image\/jpeg\" \/>\n<meta name=\"author\" content=\"Patagonia Ambiental\" \/>\n<meta name=\"twitter:card\" content=\"summary_large_image\" \/>\n<meta name=\"twitter:creator\" content=\"@PatAmb\" \/>\n<meta name=\"twitter:site\" content=\"@PatAmb\" \/>\n<script type=\"application\/ld+json\" class=\"yoast-schema-graph\">{\"@context\":\"https:\\\/\\\/schema.org\",\"@graph\":[{\"@type\":\"Article\",\"@id\":\"https:\\\/\\\/patagoniambiental.com.ar\\\/info\\\/arranco-la-segunda-edicion-de-desafio-eco-ypf\\\/#article\",\"isPartOf\":{\"@id\":\"https:\\\/\\\/patagoniambiental.com.ar\\\/info\\\/arranco-la-segunda-edicion-de-desafio-eco-ypf\\\/\"},\"author\":{\"name\":\"Patagonia Ambiental\",\"@id\":\"https:\\\/\\\/patagoniambiental.com.ar\\\/info\\\/#\\\/schema\\\/person\\\/db12bff64bbcbf6a253710bf0ea37b5d\"},\"headline\":\"Arranc\u00f3 la segunda edici\u00f3n de Desaf\u00edo ECO YPF\",\"datePublished\":\"2018-10-26T12:00:07+00:00\",\"mainEntityOfPage\":{\"@id\":\"https:\\\/\\\/patagoniambiental.com.ar\\\/info\\\/arranco-la-segunda-edicion-de-desafio-eco-ypf\\\/\"},\"wordCount\":468,\"commentCount\":0,\"publisher\":{\"@id\":\"https:\\\/\\\/patagoniambiental.com.ar\\\/info\\\/#organization\"},\"image\":{\"@id\":\"https:\\\/\\\/patagoniambiental.com.ar\\\/info\\\/arranco-la-segunda-edicion-de-desafio-eco-ypf\\\/#primaryimage\"},\"thumbnailUrl\":\"https:\\\/\\\/patagoniambiental.com.ar\\\/info\\\/wp-content\\\/uploads\\\/2018\\\/10\\\/ypf-eco-kit-car.jpg\",\"articleSection\":[\"Bolet\u00edn\",\"Nacionales\",\"Noticias\",\"Rotador\"],\"inLanguage\":\"es\",\"potentialAction\":[{\"@type\":\"CommentAction\",\"name\":\"Comment\",\"target\":[\"https:\\\/\\\/patagoniambiental.com.ar\\\/info\\\/arranco-la-segunda-edicion-de-desafio-eco-ypf\\\/#respond\"]}]},{\"@type\":\"WebPage\",\"@id\":\"https:\\\/\\\/patagoniambiental.com.ar\\\/info\\\/arranco-la-segunda-edicion-de-desafio-eco-ypf\\\/\",\"url\":\"https:\\\/\\\/patagoniambiental.com.ar\\\/info\\\/arranco-la-segunda-edicion-de-desafio-eco-ypf\\\/\",\"name\":\"Arranc\u00f3 la segunda edici\u00f3n de Desaf\u00edo ECO YPF\",\"isPartOf\":{\"@id\":\"https:\\\/\\\/patagoniambiental.com.ar\\\/info\\\/#website\"},\"primaryImageOfPage\":{\"@id\":\"https:\\\/\\\/patagoniambiental.com.ar\\\/info\\\/arranco-la-segunda-edicion-de-desafio-eco-ypf\\\/#primaryimage\"},\"image\":{\"@id\":\"https:\\\/\\\/patagoniambiental.com.ar\\\/info\\\/arranco-la-segunda-edicion-de-desafio-eco-ypf\\\/#primaryimage\"},\"thumbnailUrl\":\"https:\\\/\\\/patagoniambiental.com.ar\\\/info\\\/wp-content\\\/uploads\\\/2018\\\/10\\\/ypf-eco-kit-car.jpg\",\"datePublished\":\"2018-10-26T12:00:07+00:00\",\"breadcrumb\":{\"@id\":\"https:\\\/\\\/patagoniambiental.com.ar\\\/info\\\/arranco-la-segunda-edicion-de-desafio-eco-ypf\\\/#breadcrumb\"},\"inLanguage\":\"es\",\"potentialAction\":[{\"@type\":\"ReadAction\",\"target\":[\"https:\\\/\\\/patagoniambiental.com.ar\\\/info\\\/arranco-la-segunda-edicion-de-desafio-eco-ypf\\\/\"]}]},{\"@type\":\"ImageObject\",\"inLanguage\":\"es\",\"@id\":\"https:\\\/\\\/patagoniambiental.com.ar\\\/info\\\/arranco-la-segunda-edicion-de-desafio-eco-ypf\\\/#primaryimage\",\"url\":\"https:\\\/\\\/patagoniambiental.com.ar\\\/info\\\/wp-content\\\/uploads\\\/2018\\\/10\\\/ypf-eco-kit-car.jpg\",\"contentUrl\":\"https:\\\/\\\/patagoniambiental.com.ar\\\/info\\\/wp-content\\\/uploads\\\/2018\\\/10\\\/ypf-eco-kit-car.jpg\",\"width\":720,\"height\":480},{\"@type\":\"BreadcrumbList\",\"@id\":\"https:\\\/\\\/patagoniambiental.com.ar\\\/info\\\/arranco-la-segunda-edicion-de-desafio-eco-ypf\\\/#breadcrumb\",\"itemListElement\":[{\"@type\":\"ListItem\",\"position\":1,\"name\":\"Inicio\",\"item\":\"https:\\\/\\\/patagoniambiental.com.ar\\\/info\\\/\"},{\"@type\":\"ListItem\",\"position\":2,\"name\":\"Arranc\u00f3 la segunda edici\u00f3n de Desaf\u00edo ECO YPF\"}]},{\"@type\":\"WebSite\",\"@id\":\"https:\\\/\\\/patagoniambiental.com.ar\\\/info\\\/#website\",\"url\":\"https:\\\/\\\/patagoniambiental.com.ar\\\/info\\\/\",\"name\":\"Patagonia Ambiental\",\"description\":\"Monitoreo y an\u00e1lisis de la situaci\u00f3n geopol\u00edtica en el mundo y su implicancia en la Patagonia\",\"publisher\":{\"@id\":\"https:\\\/\\\/patagoniambiental.com.ar\\\/info\\\/#organization\"},\"potentialAction\":[{\"@type\":\"SearchAction\",\"target\":{\"@type\":\"EntryPoint\",\"urlTemplate\":\"https:\\\/\\\/patagoniambiental.com.ar\\\/info\\\/?s={search_term_string}\"},\"query-input\":{\"@type\":\"PropertyValueSpecification\",\"valueRequired\":true,\"valueName\":\"search_term_string\"}}],\"inLanguage\":\"es\"},{\"@type\":\"Organization\",\"@id\":\"https:\\\/\\\/patagoniambiental.com.ar\\\/info\\\/#organization\",\"name\":\"Patagonia Ambiental\",\"url\":\"https:\\\/\\\/patagoniambiental.com.ar\\\/info\\\/\",\"logo\":{\"@type\":\"ImageObject\",\"inLanguage\":\"es\",\"@id\":\"https:\\\/\\\/patagoniambiental.com.ar\\\/info\\\/#\\\/schema\\\/logo\\\/image\\\/\",\"url\":\"https:\\\/\\\/patagoniambiental.com.ar\\\/info\\\/wp-content\\\/uploads\\\/2025\\\/05\\\/LOGO-PATAGONIA-AMBIENTAL.png\",\"contentUrl\":\"https:\\\/\\\/patagoniambiental.com.ar\\\/info\\\/wp-content\\\/uploads\\\/2025\\\/05\\\/LOGO-PATAGONIA-AMBIENTAL.png\",\"width\":433,\"height\":250,\"caption\":\"Patagonia Ambiental\"},\"image\":{\"@id\":\"https:\\\/\\\/patagoniambiental.com.ar\\\/info\\\/#\\\/schema\\\/logo\\\/image\\\/\"},\"sameAs\":[\"https:\\\/\\\/www.facebook.com\\\/patagonia.ambiental\",\"https:\\\/\\\/x.com\\\/PatAmb\"]},{\"@type\":\"Person\",\"@id\":\"https:\\\/\\\/patagoniambiental.com.ar\\\/info\\\/#\\\/schema\\\/person\\\/db12bff64bbcbf6a253710bf0ea37b5d\",\"name\":\"Patagonia Ambiental\",\"description\":\"Andr\u00e9s Nievas T\u00e9cnico en manejo ambiental, consultor Ambiental y escritor para medios locales e internacionales sobre temas de geopolitica y medio ambiente.\",\"sameAs\":[\"http:\\\/\\\/www.patagoniambiental.com.ar\",\"https:\\\/\\\/www.facebook.com\\\/share\\\/1C1V8Gv9BX\\\/?mibextid=qi2Omg\",\"@patagoniambiental\",\"https:\\\/\\\/youtube.com\\\/@patagoniaambiental2023?si=BLt58t0wuXquxlYZ\"]}]}<\/script>\n<!-- \/ Yoast SEO Premium plugin. -->","yoast_head_json":{"title":"Arranc\u00f3 la segunda edici\u00f3n de Desaf\u00edo ECO YPF","robots":{"index":"index","follow":"follow","max-snippet":"max-snippet:-1","max-image-preview":"max-image-preview:large","max-video-preview":"max-video-preview:-1"},"canonical":"https:\/\/patagoniambiental.com.ar\/info\/arranco-la-segunda-edicion-de-desafio-eco-ypf\/","og_locale":"es_ES","og_type":"article","og_title":"Arranc\u00f3 la segunda edici\u00f3n de Desaf\u00edo ECO YPF","og_description":"Se lanz\u00f3 la nueva edici\u00f3n de Desaf\u00edo ECO YPF, el proyecto educativo que impulsa a alumnos de escuelas t\u00e9cnicas a [&hellip;]","og_url":"https:\/\/patagoniambiental.com.ar\/info\/arranco-la-segunda-edicion-de-desafio-eco-ypf\/","og_site_name":"Patagonia Ambiental","article_publisher":"https:\/\/www.facebook.com\/patagonia.ambiental","article_author":"https:\/\/www.facebook.com\/share\/1C1V8Gv9BX\/?mibextid=qi2Omg","article_published_time":"2018-10-26T12:00:07+00:00","og_image":[{"width":720,"height":480,"url":"https:\/\/patagoniambiental.com.ar\/info\/wp-content\/uploads\/2018\/10\/ypf-eco-kit-car.jpg","type":"image\/jpeg"}],"author":"Patagonia Ambiental","twitter_card":"summary_large_image","twitter_creator":"@PatAmb","twitter_site":"@PatAmb","schema":{"@context":"https:\/\/schema.org","@graph":[{"@type":"Article","@id":"https:\/\/patagoniambiental.com.ar\/info\/arranco-la-segunda-edicion-de-desafio-eco-ypf\/#article","isPartOf":{"@id":"https:\/\/patagoniambiental.com.ar\/info\/arranco-la-segunda-edicion-de-desafio-eco-ypf\/"},"author":{"name":"Patagonia Ambiental","@id":"https:\/\/patagoniambiental.com.ar\/info\/#\/schema\/person\/db12bff64bbcbf6a253710bf0ea37b5d"},"headline":"Arranc\u00f3 la segunda edici\u00f3n de Desaf\u00edo ECO YPF","datePublished":"2018-10-26T12:00:07+00:00","mainEntityOfPage":{"@id":"https:\/\/patagoniambiental.com.ar\/info\/arranco-la-segunda-edicion-de-desafio-eco-ypf\/"},"wordCount":468,"commentCount":0,"publisher":{"@id":"https:\/\/patagoniambiental.com.ar\/info\/#organization"},"image":{"@id":"https:\/\/patagoniambiental.com.ar\/info\/arranco-la-segunda-edicion-de-desafio-eco-ypf\/#primaryimage"},"thumbnailUrl":"https:\/\/patagoniambiental.com.ar\/info\/wp-content\/uploads\/2018\/10\/ypf-eco-kit-car.jpg","articleSection":["Bolet\u00edn","Nacionales","Noticias","Rotador"],"inLanguage":"es","potentialAction":[{"@type":"CommentAction","name":"Comment","target":["https:\/\/patagoniambiental.com.ar\/info\/arranco-la-segunda-edicion-de-desafio-eco-ypf\/#respond"]}]},{"@type":"WebPage","@id":"https:\/\/patagoniambiental.com.ar\/info\/arranco-la-segunda-edicion-de-desafio-eco-ypf\/","url":"https:\/\/patagoniambiental.com.ar\/info\/arranco-la-segunda-edicion-de-desafio-eco-ypf\/","name":"Arranc\u00f3 la segunda edici\u00f3n de Desaf\u00edo ECO YPF","isPartOf":{"@id":"https:\/\/patagoniambiental.com.ar\/info\/#website"},"primaryImageOfPage":{"@id":"https:\/\/patagoniambiental.com.ar\/info\/arranco-la-segunda-edicion-de-desafio-eco-ypf\/#primaryimage"},"image":{"@id":"https:\/\/patagoniambiental.com.ar\/info\/arranco-la-segunda-edicion-de-desafio-eco-ypf\/#primaryimage"},"thumbnailUrl":"https:\/\/patagoniambiental.com.ar\/info\/wp-content\/uploads\/2018\/10\/ypf-eco-kit-car.jpg","datePublished":"2018-10-26T12:00:07+00:00","breadcrumb":{"@id":"https:\/\/patagoniambiental.com.ar\/info\/arranco-la-segunda-edicion-de-desafio-eco-ypf\/#breadcrumb"},"inLanguage":"es","potentialAction":[{"@type":"ReadAction","target":["https:\/\/patagoniambiental.com.ar\/info\/arranco-la-segunda-edicion-de-desafio-eco-ypf\/"]}]},{"@type":"ImageObject","inLanguage":"es","@id":"https:\/\/patagoniambiental.com.ar\/info\/arranco-la-segunda-edicion-de-desafio-eco-ypf\/#primaryimage","url":"https:\/\/patagoniambiental.com.ar\/info\/wp-content\/uploads\/2018\/10\/ypf-eco-kit-car.jpg","contentUrl":"https:\/\/patagoniambiental.com.ar\/info\/wp-content\/uploads\/2018\/10\/ypf-eco-kit-car.jpg","width":720,"height":480},{"@type":"BreadcrumbList","@id":"https:\/\/patagoniambiental.com.ar\/info\/arranco-la-segunda-edicion-de-desafio-eco-ypf\/#breadcrumb","itemListElement":[{"@type":"ListItem","position":1,"name":"Inicio","item":"https:\/\/patagoniambiental.com.ar\/info\/"},{"@type":"ListItem","position":2,"name":"Arranc\u00f3 la segunda edici\u00f3n de Desaf\u00edo ECO YPF"}]},{"@type":"WebSite","@id":"https:\/\/patagoniambiental.com.ar\/info\/#website","url":"https:\/\/patagoniambiental.com.ar\/info\/","name":"Patagonia Ambiental","description":"Monitoreo y an\u00e1lisis de la situaci\u00f3n geopol\u00edtica en el mundo y su implicancia en la Patagonia","publisher":{"@id":"https:\/\/patagoniambiental.com.ar\/info\/#organization"},"potentialAction":[{"@type":"SearchAction","target":{"@type":"EntryPoint","urlTemplate":"https:\/\/patagoniambiental.com.ar\/info\/?s={search_term_string}"},"query-input":{"@type":"PropertyValueSpecification","valueRequired":true,"valueName":"search_term_string"}}],"inLanguage":"es"},{"@type":"Organization","@id":"https:\/\/patagoniambiental.com.ar\/info\/#organization","name":"Patagonia Ambiental","url":"https:\/\/patagoniambiental.com.ar\/info\/","logo":{"@type":"ImageObject","inLanguage":"es","@id":"https:\/\/patagoniambiental.com.ar\/info\/#\/schema\/logo\/image\/","url":"https:\/\/patagoniambiental.com.ar\/info\/wp-content\/uploads\/2025\/05\/LOGO-PATAGONIA-AMBIENTAL.png","contentUrl":"https:\/\/patagoniambiental.com.ar\/info\/wp-content\/uploads\/2025\/05\/LOGO-PATAGONIA-AMBIENTAL.png","width":433,"height":250,"caption":"Patagonia Ambiental"},"image":{"@id":"https:\/\/patagoniambiental.com.ar\/info\/#\/schema\/logo\/image\/"},"sameAs":["https:\/\/www.facebook.com\/patagonia.ambiental","https:\/\/x.com\/PatAmb"]},{"@type":"Person","@id":"https:\/\/patagoniambiental.com.ar\/info\/#\/schema\/person\/db12bff64bbcbf6a253710bf0ea37b5d","name":"Patagonia Ambiental","description":"Andr\u00e9s Nievas T\u00e9cnico en manejo ambiental, consultor Ambiental y escritor para medios locales e internacionales sobre temas de geopolitica y medio ambiente.","sameAs":["http:\/\/www.patagoniambiental.com.ar","https:\/\/www.facebook.com\/share\/1C1V8Gv9BX\/?mibextid=qi2Omg","@patagoniambiental","https:\/\/youtube.com\/@patagoniaambiental2023?si=BLt58t0wuXquxlYZ"]}]}},"_links":{"self":[{"href":"https:\/\/patagoniambiental.com.ar\/info\/wp-json\/wp\/v2\/posts\/55541","targetHints":{"allow":["GET"]}}],"collection":[{"href":"https:\/\/patagoniambiental.com.ar\/info\/wp-json\/wp\/v2\/posts"}],"about":[{"href":"https:\/\/patagoniambiental.com.ar\/info\/wp-json\/wp\/v2\/types\/post"}],"author":[{"embeddable":true,"href":"https:\/\/patagoniambiental.com.ar\/info\/wp-json\/wp\/v2\/users\/2"}],"replies":[{"embeddable":true,"href":"https:\/\/patagoniambiental.com.ar\/info\/wp-json\/wp\/v2\/comments?post=55541"}],"version-history":[{"count":0,"href":"https:\/\/patagoniambiental.com.ar\/info\/wp-json\/wp\/v2\/posts\/55541\/revisions"}],"wp:featuredmedia":[{"embeddable":true,"href":"https:\/\/patagoniambiental.com.ar\/info\/wp-json\/wp\/v2\/media\/55542"}],"wp:attachment":[{"href":"https:\/\/patagoniambiental.com.ar\/info\/wp-json\/wp\/v2\/media?parent=55541"}],"wp:term":[{"taxonomy":"category","embeddable":true,"href":"https:\/\/patagoniambiental.com.ar\/info\/wp-json\/wp\/v2\/categories?post=55541"},{"taxonomy":"post_tag","embeddable":true,"href":"https:\/\/patagoniambiental.com.ar\/info\/wp-json\/wp\/v2\/tags?post=55541"}],"curies":[{"name":"wp","href":"https:\/\/api.w.org\/{rel}","templated":true}]}}