{"id":56048,"date":"2018-11-06T09:00:10","date_gmt":"2018-11-06T12:00:10","guid":{"rendered":"http:\/\/patagoniambiental.com.ar\/info\/?p=56048"},"modified":"2018-11-05T17:13:19","modified_gmt":"2018-11-05T20:13:19","slug":"restauracion-forestal-ambiente-visito-proyectos-en-la-cuenca-sali-dulce","status":"publish","type":"post","link":"https:\/\/patagoniambiental.com.ar\/info\/restauracion-forestal-ambiente-visito-proyectos-en-la-cuenca-sali-dulce\/","title":{"rendered":"Restauraci\u00f3n forestal: Ambiente visit\u00f3 proyectos en la cuenca Sal\u00ed-Dulce"},"content":{"rendered":"<div>\n<div>\n<div>\n<div>Ciudad Aut\u00f3noma de Buenos Aires, 5 de noviembre de 2018.-El secretario de Pol\u00edtica Ambiental en Recursos Naturales, Diego Moreno, realiz\u00f3 una recorrida por proyectos en Tucum\u00e1n que forman parte del Plan Nacional de Restauraci\u00f3n de Bosques Nativos.<\/div>\n<\/div>\n<\/div>\n<\/div>\n<p><!--more--><\/p>\n<div>\u00a0La Secretar\u00eda de Ambiente y Desarrollo Sustentable de la Naci\u00f3n visit\u00f3 proyectos de restauraci\u00f3n forestal en el sur de la provincia de Tucum\u00e1n para conocer sus avances y fortalecer el trabajo llevado a cabo. Los mismos se encuentran en ejecuci\u00f3n\u00a0\u00a0dentro del Plan Nacional de Restauraci\u00f3n de Bosques Nativos, en el marco de la estrategia ForestAr 2030, la plataforma de forestaci\u00f3n creada para consolidar al pa\u00eds como una potencia forestal sustentable y liderada por el \u00e1rea de Ambiente nacional.<\/div>\n<div>\n<div><\/div>\n<div>En representaci\u00f3n de la Secretar\u00eda que conduce Sergio Bergman, el encargado de la recorrida fue el secretario de Pol\u00edtica Ambiental en Recursos Naturales, Diego Moreno, junto al equipo t\u00e9cnico de la Direcci\u00f3n Nacional de Bosques.<\/div>\n<div><\/div>\n<div>La recorrida incluy\u00f3 la localidad La Cocha, donde se visit\u00f3 el proyecto \u201cGeneraci\u00f3n, propagaci\u00f3n y provisi\u00f3n de material gen\u00e9tico apropiado para la restauraci\u00f3n y recuperaci\u00f3n de las funciones ecosist\u00e9micas del bosque en diferentes situaciones de disturbio en la Cuenca Sal\u00ed-Dulce\u201d, a cargo de Fundaci\u00f3n ArgenINTA Famaill\u00e1. Su objetivo es contribuir a los proyectos de restauraci\u00f3n y a los planes de conservaci\u00f3n de la Ley de Bosques, mediante la propagaci\u00f3n y provisi\u00f3n de especies arb\u00f3reas y el rescate de especies nativas, promoviendo la propuesta a trav\u00e9s de acciones de capacitaci\u00f3n, transferencia y difusi\u00f3n.<\/div>\n<div><\/div>\n<div>En el lugar Diego Moreno, explic\u00f3: \u201cEstamos en uno de los establecimientos que forma el grupo de productores de Las Pastoras, realizando una de las experiencias restauraci\u00f3n forestal donde se est\u00e1 integrando la plantaci\u00f3n de algarrobo y de cha\u00f1ar, a trav\u00e9s del enriquecimiento de bosque nativo y por un sistema silvopastoril al estilo del manejo de bosques con ganader\u00eda integrada con producci\u00f3n de cabras\u201d. \u201cEste caso es muy interesante porque los productores est\u00e1n combinando la recuperaci\u00f3n del valor del bosque nativo con un sistema de producci\u00f3n con productos de alto valor agregado como queso de cabra y varios otros derivados de la producci\u00f3n local\u201d, finaliz\u00f3 Moreno.<\/div>\n<div><\/div>\n<div>En la visita se constat\u00f3 la siembra 1000 bandejas con 25000 plantines en predio de la Cooperativa de Productores Agropecuarios del Tucum\u00e1n LTDA (COPAT), ubicada en la localidad de La Invernada. Tambi\u00e9n se verific\u00f3 el fortalecimiento y el reacondicionamiento de las estructuras del vivero forestal La Cocha del INTA EEA Famaill\u00e1.<\/div>\n<div><\/div>\n<div>El itinerario tambi\u00e9n comprendi\u00f3 la localidad de La Madrid, con la visita al proyecto \u201cLas Pastoras enriquecen el Monte\u201d, de la Fundaci\u00f3n Gran Chaco. El mismo se propone reforestar el bosque nativo, fortaleciendo la organizaci\u00f3n de las pastoras del monte a trav\u00e9s de la capacitaci\u00f3n de productores y j\u00f3venes en t\u00e9cnicas de planes de manejo, gesti\u00f3n de la organizaci\u00f3n y t\u00e9cnicas de reforestaci\u00f3n.<\/div>\n<div><\/div>\n<div>Entre las tareas realizadas en el sitio, se destacan la producci\u00f3n de plantines\u00a0 (6000 de algarrobo blanco y 1000 de otras especies), el cerramiento de las parcelas a intervenir, la difusi\u00f3n de pr\u00e1cticas de aprovechamiento sustentable y de restauraci\u00f3n.<\/div>\n<div><\/div>\n<div>Por parte de la provincia de Tucum\u00e1n, particip\u00f3 de la recorrida el subsecretario de Recursos H\u00eddricos, Carlos Giobellina; el subsecretario de Asuntos Agrarios y Alimentos, Bartolom\u00e9 del Bono;\u00a0 \u00a0la directora de Ganader\u00eda, Gabriela G\u00f3mez Campero; la subdirectora de Ordenamiento Territorial de Tucum\u00e1n, Liliana Fortini; Roberto Sopena, el director de la\u00a0 Estaci\u00f3n Experimental Agropecuaria Famaill\u00e1 del INTA, Luis Fornes y equipos t\u00e9cnicos provinciales.<\/div>\n<div><\/div>\n<div>Segunda Convocatoria del Plan Nacional de Restauraci\u00f3n de Bosques Nativos<\/div>\n<div><\/div>\n<div>Las iniciativas recorridas fueron seleccionadas en la primera convocatoria del Plan Nacional de Restauraci\u00f3n de Bosques Nativos, para las zonas prioritarias de la cuenca Sal\u00ed-Dulce, el monte y espinal y el bosque andino-patag\u00f3nico.<\/div>\n<div><\/div>\n<div>Por otra parte, hasta el 18 de diciembre estar\u00e1 abierta la segunda convocatoria para la presentaci\u00f3n a proyectos de dicho plan, a fin de recuperar unas 870 hect\u00e1reas en las ecorregiones de yungas, selva misionera y parque chaque\u00f1o. La iniciativa invita a participar a referentes con trayectoria en la tem\u00e1tica, como universidades, organizaciones no gubernamentales, organismos cient\u00edfico-tecnol\u00f3gicos, empresas y entidades privadas.<\/div>\n<div><\/div>\n<div>Este plan se enmarca en la Ley N.\u00b0 26331 de Presupuestos M\u00ednimos de Protecci\u00f3n Ambiental de los Bosques Nativos y persigue la meta impulsada por el Gobierno nacional de alcanzar 20000 hect\u00e1reas anuales bajo restauraci\u00f3n a 2030, a fin de contribuir con la Estrategia Nacional de Mitigaci\u00f3n y Adaptaci\u00f3n al Cambio Clim\u00e1tico. De esta forma, la Secretar\u00eda de Ambiente renueva su compromiso de continuar trabajando en la reducci\u00f3n de la deforestaci\u00f3n en nuestro pa\u00eds y recuperar las tierras degradadas de forma tal que, el balance de cambios en la superficie de bosque, se acerque a cero en la pr\u00f3xima d\u00e9cada.<\/div>\n<div><\/div>\n<div>Los interesados deben presentar una propuesta t\u00e9cnica a restauracionbosques@ambiente.gob.ar. Para m\u00e1s informaci\u00f3n sobre los requisitos de la convocatoria ingresar a\u00a0<a href=\"http:\/\/trk.pemsv08.net\/pl\/c?t=wSLeaLTFO7PspUmQTFwvfmF8rCbtZursHuihuGmNVOiNCXBZqAhiJffWCvkPpyMu2cU7xbvteoNu%0AGbQxuPtag7y2grwYgaEMRjRkRATf7FHxK3pLiqzqXqN5YteIYsOpml79TGNycp8wVcX1EXXIWP9K%0Ak6QYP1l6BxU-bp4-HcQ%3D\" target=\"_blank\" rel=\"noopener noreferrer\" data-auth=\"NotApplicable\">https:\/\/www.argentina.gob.ar\/manejo-sustentable-de-bosques\/plan-nacional-de-restauracion-de-bosques-nativos<\/a><\/div>\n<\/div>\n<p>&nbsp;<\/p>\n<p>&nbsp;<\/p>\n<table border=\"0\" cellspacing=\"0\" cellpadding=\"0\">\n<tbody>\n<tr>\n<td class=\"x_stack-column\" align=\"center\" valign=\"top\">\n<div class=\"x_eddie-wrapper\"><img decoding=\"async\" class=\"x_fluid\" src=\"https:\/\/outlook.live.com\/actions\/ei?u=http%3A%2F%2Fcdn.pemres02.net%2F3674%2Fimg5929.jpg&amp;d=2018-11-05T20%3A10%3A52.037Z\" alt=\"\" width=\"auto\" height=\"auto\" data-imagetype=\"External\" data-connectorsauthtoken=\"1\" data-imageproxyendpoint=\"\/actions\/ei\" data-imageproxyid=\"\" \/><\/div>\n<\/td>\n<\/tr>\n<\/tbody>\n<\/table>\n<p>&nbsp;<\/p>\n<p>Fuente: Secretaria de Ambiente y Desarrollo Sustentable de la Naci\u00f3n<\/p>\n","protected":false},"excerpt":{"rendered":"<p>Ciudad Aut\u00f3noma de Buenos Aires, 5 de noviembre de 2018.-El secretario de Pol\u00edtica Ambiental en Recursos Naturales, Diego Moreno, realiz\u00f3 [&hellip;]<\/p>\n","protected":false},"author":2,"featured_media":56049,"comment_status":"open","ping_status":"open","sticky":false,"template":"","format":"standard","meta":{"site-sidebar-layout":"default","site-content-layout":"","ast-site-content-layout":"default","site-content-style":"default","site-sidebar-style":"default","ast-global-header-display":"","ast-banner-title-visibility":"","ast-main-header-display":"","ast-hfb-above-header-display":"","ast-hfb-below-header-display":"","ast-hfb-mobile-header-display":"","site-post-title":"","ast-breadcrumbs-content":"","ast-featured-img":"","footer-sml-layout":"","ast-disable-related-posts":"","theme-transparent-header-meta":"","adv-header-id-meta":"","stick-header-meta":"","header-above-stick-meta":"","header-main-stick-meta":"","header-below-stick-meta":"","astra-migrate-meta-layouts":"default","ast-page-background-enabled":"default","ast-page-background-meta":{"desktop":{"background-color":"var(--ast-global-color-5)","background-image":"","background-repeat":"repeat","background-position":"center center","background-size":"auto","background-attachment":"scroll","background-type":"","background-media":"","overlay-type":"","overlay-color":"","overlay-opacity":"","overlay-gradient":""},"tablet":{"background-color":"","background-image":"","background-repeat":"repeat","background-position":"center center","background-size":"auto","background-attachment":"scroll","background-type":"","background-media":"","overlay-type":"","overlay-color":"","overlay-opacity":"","overlay-gradient":""},"mobile":{"background-color":"","background-image":"","background-repeat":"repeat","background-position":"center center","background-size":"auto","background-attachment":"scroll","background-type":"","background-media":"","overlay-type":"","overlay-color":"","overlay-opacity":"","overlay-gradient":""}},"ast-content-background-meta":{"desktop":{"background-color":"var(--ast-global-color-4)","background-image":"","background-repeat":"repeat","background-position":"center center","background-size":"auto","background-attachment":"scroll","background-type":"","background-media":"","overlay-type":"","overlay-color":"","overlay-opacity":"","overlay-gradient":""},"tablet":{"background-color":"var(--ast-global-color-4)","background-image":"","background-repeat":"repeat","background-position":"center center","background-size":"auto","background-attachment":"scroll","background-type":"","background-media":"","overlay-type":"","overlay-color":"","overlay-opacity":"","overlay-gradient":""},"mobile":{"background-color":"var(--ast-global-color-4)","background-image":"","background-repeat":"repeat","background-position":"center center","background-size":"auto","background-attachment":"scroll","background-type":"","background-media":"","overlay-type":"","overlay-color":"","overlay-opacity":"","overlay-gradient":""}},"footnotes":""},"categories":[11,19,1,10],"tags":[],"class_list":["post-56048","post","type-post","status-publish","format-standard","has-post-thumbnail","hentry","category-boletin","category-nacionales","category-noticias","category-rotador"],"yoast_head":"<!-- This site is optimized with the Yoast SEO Premium plugin v23.0 (Yoast SEO v27.5) - https:\/\/yoast.com\/product\/yoast-seo-premium-wordpress\/ -->\n<title>Restauraci\u00f3n forestal: Ambiente visit\u00f3 proyectos en la cuenca Sal\u00ed-Dulce<\/title>\n<meta name=\"robots\" content=\"index, follow, max-snippet:-1, max-image-preview:large, max-video-preview:-1\" \/>\n<link rel=\"canonical\" href=\"https:\/\/patagoniambiental.com.ar\/info\/restauracion-forestal-ambiente-visito-proyectos-en-la-cuenca-sali-dulce\/\" \/>\n<meta property=\"og:locale\" content=\"es_ES\" \/>\n<meta property=\"og:type\" content=\"article\" \/>\n<meta property=\"og:title\" content=\"Restauraci\u00f3n forestal: Ambiente visit\u00f3 proyectos en la cuenca Sal\u00ed-Dulce\" \/>\n<meta property=\"og:description\" content=\"Ciudad Aut\u00f3noma de Buenos Aires, 5 de noviembre de 2018.-El secretario de Pol\u00edtica Ambiental en Recursos Naturales, Diego Moreno, realiz\u00f3 [&hellip;]\" \/>\n<meta property=\"og:url\" content=\"https:\/\/patagoniambiental.com.ar\/info\/restauracion-forestal-ambiente-visito-proyectos-en-la-cuenca-sali-dulce\/\" \/>\n<meta property=\"og:site_name\" content=\"Patagonia Ambiental\" \/>\n<meta property=\"article:publisher\" content=\"https:\/\/www.facebook.com\/patagonia.ambiental\" \/>\n<meta property=\"article:author\" content=\"https:\/\/www.facebook.com\/share\/1C1V8Gv9BX\/?mibextid=qi2Omg\" \/>\n<meta property=\"article:published_time\" content=\"2018-11-06T12:00:10+00:00\" \/>\n<meta property=\"og:image\" content=\"https:\/\/patagoniambiental.com.ar\/info\/wp-content\/uploads\/2018\/11\/ei-1.jpg\" \/>\n\t<meta property=\"og:image:width\" content=\"600\" \/>\n\t<meta property=\"og:image:height\" content=\"351\" \/>\n\t<meta property=\"og:image:type\" content=\"image\/jpeg\" \/>\n<meta name=\"author\" content=\"Patagonia Ambiental\" \/>\n<meta name=\"twitter:card\" content=\"summary_large_image\" \/>\n<meta name=\"twitter:creator\" content=\"@PatAmb\" \/>\n<meta name=\"twitter:site\" content=\"@PatAmb\" \/>\n<script type=\"application\/ld+json\" class=\"yoast-schema-graph\">{\"@context\":\"https:\\\/\\\/schema.org\",\"@graph\":[{\"@type\":\"Article\",\"@id\":\"https:\\\/\\\/patagoniambiental.com.ar\\\/info\\\/restauracion-forestal-ambiente-visito-proyectos-en-la-cuenca-sali-dulce\\\/#article\",\"isPartOf\":{\"@id\":\"https:\\\/\\\/patagoniambiental.com.ar\\\/info\\\/restauracion-forestal-ambiente-visito-proyectos-en-la-cuenca-sali-dulce\\\/\"},\"author\":{\"name\":\"Patagonia Ambiental\",\"@id\":\"https:\\\/\\\/patagoniambiental.com.ar\\\/info\\\/#\\\/schema\\\/person\\\/db12bff64bbcbf6a253710bf0ea37b5d\"},\"headline\":\"Restauraci\u00f3n forestal: Ambiente visit\u00f3 proyectos en la cuenca Sal\u00ed-Dulce\",\"datePublished\":\"2018-11-06T12:00:10+00:00\",\"mainEntityOfPage\":{\"@id\":\"https:\\\/\\\/patagoniambiental.com.ar\\\/info\\\/restauracion-forestal-ambiente-visito-proyectos-en-la-cuenca-sali-dulce\\\/\"},\"wordCount\":906,\"commentCount\":0,\"publisher\":{\"@id\":\"https:\\\/\\\/patagoniambiental.com.ar\\\/info\\\/#organization\"},\"image\":{\"@id\":\"https:\\\/\\\/patagoniambiental.com.ar\\\/info\\\/restauracion-forestal-ambiente-visito-proyectos-en-la-cuenca-sali-dulce\\\/#primaryimage\"},\"thumbnailUrl\":\"https:\\\/\\\/patagoniambiental.com.ar\\\/info\\\/wp-content\\\/uploads\\\/2018\\\/11\\\/ei-1.jpg\",\"articleSection\":[\"Bolet\u00edn\",\"Nacionales\",\"Noticias\",\"Rotador\"],\"inLanguage\":\"es\",\"potentialAction\":[{\"@type\":\"CommentAction\",\"name\":\"Comment\",\"target\":[\"https:\\\/\\\/patagoniambiental.com.ar\\\/info\\\/restauracion-forestal-ambiente-visito-proyectos-en-la-cuenca-sali-dulce\\\/#respond\"]}]},{\"@type\":\"WebPage\",\"@id\":\"https:\\\/\\\/patagoniambiental.com.ar\\\/info\\\/restauracion-forestal-ambiente-visito-proyectos-en-la-cuenca-sali-dulce\\\/\",\"url\":\"https:\\\/\\\/patagoniambiental.com.ar\\\/info\\\/restauracion-forestal-ambiente-visito-proyectos-en-la-cuenca-sali-dulce\\\/\",\"name\":\"Restauraci\u00f3n forestal: Ambiente visit\u00f3 proyectos en la cuenca Sal\u00ed-Dulce\",\"isPartOf\":{\"@id\":\"https:\\\/\\\/patagoniambiental.com.ar\\\/info\\\/#website\"},\"primaryImageOfPage\":{\"@id\":\"https:\\\/\\\/patagoniambiental.com.ar\\\/info\\\/restauracion-forestal-ambiente-visito-proyectos-en-la-cuenca-sali-dulce\\\/#primaryimage\"},\"image\":{\"@id\":\"https:\\\/\\\/patagoniambiental.com.ar\\\/info\\\/restauracion-forestal-ambiente-visito-proyectos-en-la-cuenca-sali-dulce\\\/#primaryimage\"},\"thumbnailUrl\":\"https:\\\/\\\/patagoniambiental.com.ar\\\/info\\\/wp-content\\\/uploads\\\/2018\\\/11\\\/ei-1.jpg\",\"datePublished\":\"2018-11-06T12:00:10+00:00\",\"breadcrumb\":{\"@id\":\"https:\\\/\\\/patagoniambiental.com.ar\\\/info\\\/restauracion-forestal-ambiente-visito-proyectos-en-la-cuenca-sali-dulce\\\/#breadcrumb\"},\"inLanguage\":\"es\",\"potentialAction\":[{\"@type\":\"ReadAction\",\"target\":[\"https:\\\/\\\/patagoniambiental.com.ar\\\/info\\\/restauracion-forestal-ambiente-visito-proyectos-en-la-cuenca-sali-dulce\\\/\"]}]},{\"@type\":\"ImageObject\",\"inLanguage\":\"es\",\"@id\":\"https:\\\/\\\/patagoniambiental.com.ar\\\/info\\\/restauracion-forestal-ambiente-visito-proyectos-en-la-cuenca-sali-dulce\\\/#primaryimage\",\"url\":\"https:\\\/\\\/patagoniambiental.com.ar\\\/info\\\/wp-content\\\/uploads\\\/2018\\\/11\\\/ei-1.jpg\",\"contentUrl\":\"https:\\\/\\\/patagoniambiental.com.ar\\\/info\\\/wp-content\\\/uploads\\\/2018\\\/11\\\/ei-1.jpg\",\"width\":600,\"height\":351},{\"@type\":\"BreadcrumbList\",\"@id\":\"https:\\\/\\\/patagoniambiental.com.ar\\\/info\\\/restauracion-forestal-ambiente-visito-proyectos-en-la-cuenca-sali-dulce\\\/#breadcrumb\",\"itemListElement\":[{\"@type\":\"ListItem\",\"position\":1,\"name\":\"Inicio\",\"item\":\"https:\\\/\\\/patagoniambiental.com.ar\\\/info\\\/\"},{\"@type\":\"ListItem\",\"position\":2,\"name\":\"Restauraci\u00f3n forestal: Ambiente visit\u00f3 proyectos en la cuenca Sal\u00ed-Dulce\"}]},{\"@type\":\"WebSite\",\"@id\":\"https:\\\/\\\/patagoniambiental.com.ar\\\/info\\\/#website\",\"url\":\"https:\\\/\\\/patagoniambiental.com.ar\\\/info\\\/\",\"name\":\"Patagonia Ambiental\",\"description\":\"Monitoreo y an\u00e1lisis de la situaci\u00f3n geopol\u00edtica en el mundo y su implicancia en la Patagonia\",\"publisher\":{\"@id\":\"https:\\\/\\\/patagoniambiental.com.ar\\\/info\\\/#organization\"},\"potentialAction\":[{\"@type\":\"SearchAction\",\"target\":{\"@type\":\"EntryPoint\",\"urlTemplate\":\"https:\\\/\\\/patagoniambiental.com.ar\\\/info\\\/?s={search_term_string}\"},\"query-input\":{\"@type\":\"PropertyValueSpecification\",\"valueRequired\":true,\"valueName\":\"search_term_string\"}}],\"inLanguage\":\"es\"},{\"@type\":\"Organization\",\"@id\":\"https:\\\/\\\/patagoniambiental.com.ar\\\/info\\\/#organization\",\"name\":\"Patagonia Ambiental\",\"url\":\"https:\\\/\\\/patagoniambiental.com.ar\\\/info\\\/\",\"logo\":{\"@type\":\"ImageObject\",\"inLanguage\":\"es\",\"@id\":\"https:\\\/\\\/patagoniambiental.com.ar\\\/info\\\/#\\\/schema\\\/logo\\\/image\\\/\",\"url\":\"https:\\\/\\\/patagoniambiental.com.ar\\\/info\\\/wp-content\\\/uploads\\\/2025\\\/05\\\/LOGO-PATAGONIA-AMBIENTAL.png\",\"contentUrl\":\"https:\\\/\\\/patagoniambiental.com.ar\\\/info\\\/wp-content\\\/uploads\\\/2025\\\/05\\\/LOGO-PATAGONIA-AMBIENTAL.png\",\"width\":433,\"height\":250,\"caption\":\"Patagonia Ambiental\"},\"image\":{\"@id\":\"https:\\\/\\\/patagoniambiental.com.ar\\\/info\\\/#\\\/schema\\\/logo\\\/image\\\/\"},\"sameAs\":[\"https:\\\/\\\/www.facebook.com\\\/patagonia.ambiental\",\"https:\\\/\\\/x.com\\\/PatAmb\"]},{\"@type\":\"Person\",\"@id\":\"https:\\\/\\\/patagoniambiental.com.ar\\\/info\\\/#\\\/schema\\\/person\\\/db12bff64bbcbf6a253710bf0ea37b5d\",\"name\":\"Patagonia Ambiental\",\"description\":\"Andr\u00e9s Nievas T\u00e9cnico en manejo ambiental, consultor Ambiental y escritor para medios locales e internacionales sobre temas de geopolitica y medio ambiente.\",\"sameAs\":[\"http:\\\/\\\/www.patagoniambiental.com.ar\",\"https:\\\/\\\/www.facebook.com\\\/share\\\/1C1V8Gv9BX\\\/?mibextid=qi2Omg\",\"@patagoniambiental\",\"https:\\\/\\\/youtube.com\\\/@patagoniaambiental2023?si=BLt58t0wuXquxlYZ\"]}]}<\/script>\n<!-- \/ Yoast SEO Premium plugin. -->","yoast_head_json":{"title":"Restauraci\u00f3n forestal: Ambiente visit\u00f3 proyectos en la cuenca Sal\u00ed-Dulce","robots":{"index":"index","follow":"follow","max-snippet":"max-snippet:-1","max-image-preview":"max-image-preview:large","max-video-preview":"max-video-preview:-1"},"canonical":"https:\/\/patagoniambiental.com.ar\/info\/restauracion-forestal-ambiente-visito-proyectos-en-la-cuenca-sali-dulce\/","og_locale":"es_ES","og_type":"article","og_title":"Restauraci\u00f3n forestal: Ambiente visit\u00f3 proyectos en la cuenca Sal\u00ed-Dulce","og_description":"Ciudad Aut\u00f3noma de Buenos Aires, 5 de noviembre de 2018.-El secretario de Pol\u00edtica Ambiental en Recursos Naturales, Diego Moreno, realiz\u00f3 [&hellip;]","og_url":"https:\/\/patagoniambiental.com.ar\/info\/restauracion-forestal-ambiente-visito-proyectos-en-la-cuenca-sali-dulce\/","og_site_name":"Patagonia Ambiental","article_publisher":"https:\/\/www.facebook.com\/patagonia.ambiental","article_author":"https:\/\/www.facebook.com\/share\/1C1V8Gv9BX\/?mibextid=qi2Omg","article_published_time":"2018-11-06T12:00:10+00:00","og_image":[{"width":600,"height":351,"url":"https:\/\/patagoniambiental.com.ar\/info\/wp-content\/uploads\/2018\/11\/ei-1.jpg","type":"image\/jpeg"}],"author":"Patagonia Ambiental","twitter_card":"summary_large_image","twitter_creator":"@PatAmb","twitter_site":"@PatAmb","schema":{"@context":"https:\/\/schema.org","@graph":[{"@type":"Article","@id":"https:\/\/patagoniambiental.com.ar\/info\/restauracion-forestal-ambiente-visito-proyectos-en-la-cuenca-sali-dulce\/#article","isPartOf":{"@id":"https:\/\/patagoniambiental.com.ar\/info\/restauracion-forestal-ambiente-visito-proyectos-en-la-cuenca-sali-dulce\/"},"author":{"name":"Patagonia Ambiental","@id":"https:\/\/patagoniambiental.com.ar\/info\/#\/schema\/person\/db12bff64bbcbf6a253710bf0ea37b5d"},"headline":"Restauraci\u00f3n forestal: Ambiente visit\u00f3 proyectos en la cuenca Sal\u00ed-Dulce","datePublished":"2018-11-06T12:00:10+00:00","mainEntityOfPage":{"@id":"https:\/\/patagoniambiental.com.ar\/info\/restauracion-forestal-ambiente-visito-proyectos-en-la-cuenca-sali-dulce\/"},"wordCount":906,"commentCount":0,"publisher":{"@id":"https:\/\/patagoniambiental.com.ar\/info\/#organization"},"image":{"@id":"https:\/\/patagoniambiental.com.ar\/info\/restauracion-forestal-ambiente-visito-proyectos-en-la-cuenca-sali-dulce\/#primaryimage"},"thumbnailUrl":"https:\/\/patagoniambiental.com.ar\/info\/wp-content\/uploads\/2018\/11\/ei-1.jpg","articleSection":["Bolet\u00edn","Nacionales","Noticias","Rotador"],"inLanguage":"es","potentialAction":[{"@type":"CommentAction","name":"Comment","target":["https:\/\/patagoniambiental.com.ar\/info\/restauracion-forestal-ambiente-visito-proyectos-en-la-cuenca-sali-dulce\/#respond"]}]},{"@type":"WebPage","@id":"https:\/\/patagoniambiental.com.ar\/info\/restauracion-forestal-ambiente-visito-proyectos-en-la-cuenca-sali-dulce\/","url":"https:\/\/patagoniambiental.com.ar\/info\/restauracion-forestal-ambiente-visito-proyectos-en-la-cuenca-sali-dulce\/","name":"Restauraci\u00f3n forestal: Ambiente visit\u00f3 proyectos en la cuenca Sal\u00ed-Dulce","isPartOf":{"@id":"https:\/\/patagoniambiental.com.ar\/info\/#website"},"primaryImageOfPage":{"@id":"https:\/\/patagoniambiental.com.ar\/info\/restauracion-forestal-ambiente-visito-proyectos-en-la-cuenca-sali-dulce\/#primaryimage"},"image":{"@id":"https:\/\/patagoniambiental.com.ar\/info\/restauracion-forestal-ambiente-visito-proyectos-en-la-cuenca-sali-dulce\/#primaryimage"},"thumbnailUrl":"https:\/\/patagoniambiental.com.ar\/info\/wp-content\/uploads\/2018\/11\/ei-1.jpg","datePublished":"2018-11-06T12:00:10+00:00","breadcrumb":{"@id":"https:\/\/patagoniambiental.com.ar\/info\/restauracion-forestal-ambiente-visito-proyectos-en-la-cuenca-sali-dulce\/#breadcrumb"},"inLanguage":"es","potentialAction":[{"@type":"ReadAction","target":["https:\/\/patagoniambiental.com.ar\/info\/restauracion-forestal-ambiente-visito-proyectos-en-la-cuenca-sali-dulce\/"]}]},{"@type":"ImageObject","inLanguage":"es","@id":"https:\/\/patagoniambiental.com.ar\/info\/restauracion-forestal-ambiente-visito-proyectos-en-la-cuenca-sali-dulce\/#primaryimage","url":"https:\/\/patagoniambiental.com.ar\/info\/wp-content\/uploads\/2018\/11\/ei-1.jpg","contentUrl":"https:\/\/patagoniambiental.com.ar\/info\/wp-content\/uploads\/2018\/11\/ei-1.jpg","width":600,"height":351},{"@type":"BreadcrumbList","@id":"https:\/\/patagoniambiental.com.ar\/info\/restauracion-forestal-ambiente-visito-proyectos-en-la-cuenca-sali-dulce\/#breadcrumb","itemListElement":[{"@type":"ListItem","position":1,"name":"Inicio","item":"https:\/\/patagoniambiental.com.ar\/info\/"},{"@type":"ListItem","position":2,"name":"Restauraci\u00f3n forestal: Ambiente visit\u00f3 proyectos en la cuenca Sal\u00ed-Dulce"}]},{"@type":"WebSite","@id":"https:\/\/patagoniambiental.com.ar\/info\/#website","url":"https:\/\/patagoniambiental.com.ar\/info\/","name":"Patagonia Ambiental","description":"Monitoreo y an\u00e1lisis de la situaci\u00f3n geopol\u00edtica en el mundo y su implicancia en la Patagonia","publisher":{"@id":"https:\/\/patagoniambiental.com.ar\/info\/#organization"},"potentialAction":[{"@type":"SearchAction","target":{"@type":"EntryPoint","urlTemplate":"https:\/\/patagoniambiental.com.ar\/info\/?s={search_term_string}"},"query-input":{"@type":"PropertyValueSpecification","valueRequired":true,"valueName":"search_term_string"}}],"inLanguage":"es"},{"@type":"Organization","@id":"https:\/\/patagoniambiental.com.ar\/info\/#organization","name":"Patagonia Ambiental","url":"https:\/\/patagoniambiental.com.ar\/info\/","logo":{"@type":"ImageObject","inLanguage":"es","@id":"https:\/\/patagoniambiental.com.ar\/info\/#\/schema\/logo\/image\/","url":"https:\/\/patagoniambiental.com.ar\/info\/wp-content\/uploads\/2025\/05\/LOGO-PATAGONIA-AMBIENTAL.png","contentUrl":"https:\/\/patagoniambiental.com.ar\/info\/wp-content\/uploads\/2025\/05\/LOGO-PATAGONIA-AMBIENTAL.png","width":433,"height":250,"caption":"Patagonia Ambiental"},"image":{"@id":"https:\/\/patagoniambiental.com.ar\/info\/#\/schema\/logo\/image\/"},"sameAs":["https:\/\/www.facebook.com\/patagonia.ambiental","https:\/\/x.com\/PatAmb"]},{"@type":"Person","@id":"https:\/\/patagoniambiental.com.ar\/info\/#\/schema\/person\/db12bff64bbcbf6a253710bf0ea37b5d","name":"Patagonia Ambiental","description":"Andr\u00e9s Nievas T\u00e9cnico en manejo ambiental, consultor Ambiental y escritor para medios locales e internacionales sobre temas de geopolitica y medio ambiente.","sameAs":["http:\/\/www.patagoniambiental.com.ar","https:\/\/www.facebook.com\/share\/1C1V8Gv9BX\/?mibextid=qi2Omg","@patagoniambiental","https:\/\/youtube.com\/@patagoniaambiental2023?si=BLt58t0wuXquxlYZ"]}]}},"_links":{"self":[{"href":"https:\/\/patagoniambiental.com.ar\/info\/wp-json\/wp\/v2\/posts\/56048","targetHints":{"allow":["GET"]}}],"collection":[{"href":"https:\/\/patagoniambiental.com.ar\/info\/wp-json\/wp\/v2\/posts"}],"about":[{"href":"https:\/\/patagoniambiental.com.ar\/info\/wp-json\/wp\/v2\/types\/post"}],"author":[{"embeddable":true,"href":"https:\/\/patagoniambiental.com.ar\/info\/wp-json\/wp\/v2\/users\/2"}],"replies":[{"embeddable":true,"href":"https:\/\/patagoniambiental.com.ar\/info\/wp-json\/wp\/v2\/comments?post=56048"}],"version-history":[{"count":0,"href":"https:\/\/patagoniambiental.com.ar\/info\/wp-json\/wp\/v2\/posts\/56048\/revisions"}],"wp:featuredmedia":[{"embeddable":true,"href":"https:\/\/patagoniambiental.com.ar\/info\/wp-json\/wp\/v2\/media\/56049"}],"wp:attachment":[{"href":"https:\/\/patagoniambiental.com.ar\/info\/wp-json\/wp\/v2\/media?parent=56048"}],"wp:term":[{"taxonomy":"category","embeddable":true,"href":"https:\/\/patagoniambiental.com.ar\/info\/wp-json\/wp\/v2\/categories?post=56048"},{"taxonomy":"post_tag","embeddable":true,"href":"https:\/\/patagoniambiental.com.ar\/info\/wp-json\/wp\/v2\/tags?post=56048"}],"curies":[{"name":"wp","href":"https:\/\/api.w.org\/{rel}","templated":true}]}}