{"id":56560,"date":"2018-11-14T19:00:32","date_gmt":"2018-11-14T22:00:32","guid":{"rendered":"http:\/\/patagoniambiental.com.ar\/info\/?p=56560"},"modified":"2018-11-14T10:39:03","modified_gmt":"2018-11-14T13:39:03","slug":"pesca-alarma-ante-posible-prospeccion-en-el-golfo-san-jorge","status":"publish","type":"post","link":"https:\/\/patagoniambiental.com.ar\/info\/pesca-alarma-ante-posible-prospeccion-en-el-golfo-san-jorge\/","title":{"rendered":"Pesca: Alarma ante posible prospecci\u00f3n en el Golfo San Jorge"},"content":{"rendered":"<div class=\"f-right\">\n<p>Santa Cruz.-Diversas comisiones de la Legislatura Provincial, analizaron de manera favorable derogar el Art\u00edculo 1\u00ba de la Ley 3.313, que prohibi\u00f3 la exploraci\u00f3n de hidrocarburos por medio de prospecciones s\u00edsmicas en aguas santacruce\u00f1as. Nadie piensa en el da\u00f1o ambiental.<\/p>\n<\/div>\n<p><!--more--><\/p>\n<p><a class=\"gal_fotonota cboxElement\" title=\"\" href=\"https:\/\/www.eldiarionuevodia.com.ar\/u\/fotografias\/fotosnoticias\/2018\/11\/12\/82819.jpg\"><img decoding=\"async\" class=\"alignleft\" src=\"https:\/\/www.eldiarionuevodia.com.ar\/u\/fotografias\/m\/2018\/11\/12\/f620x350-82819_113837_31.jpg\" alt=\"Pesca: Alarma ante posible prospecci\u00f3n en el Golfo San Jorge\" \/><\/a><\/p>\n<div class=\"caja\">\n<div id=\"noticiaint\">\n<div id=\"txtcontenido\">\n<p>Legisladores provinciales analizan habilitar la prospecci\u00f3n s\u00edsmica de hidrocarburos en aguas santacruce\u00f1as.<\/p>\n<p>En \u00a0este marco la Comisi\u00f3n de Desarrollo, Energ\u00eda, Combustibles, Miner\u00eda, Industria y Comercio de la Legislatura Provincial, con la presencia de funcionarios provinciales, los diputados de dicha comisi\u00f3n, analizaron de manera favorable derogar el Art\u00edculo 1\u00ba de la Ley 3.313, que prohibi\u00f3 la exploraci\u00f3n de hidrocarburos por medio de prospecciones s\u00edsmicas en aguas santacruce\u00f1as.<\/p>\n<div class=\"teads-inread sm-screen\">\n<div><\/div>\n<\/div>\n<p>Los fundamentos vertidos por el ministro de Producci\u00f3n, Comercio e Industria,\u00a0<strong>Leonardo \u00c1lvarez,<\/strong>\u00a0y del secretario de Estado de Ambiente,\u00a0<strong>Mariano Bertinat<\/strong>, que consideraron necesaria la modificaci\u00f3n de esta Ley, est\u00e1n basados en la posibilidades de ampliar el desarrollo de la actividad petrolera offshore, lo que consideraron no deber\u00eda perjudicar a la actividad pesquera (aunque no brindaron informes calificados respecto de esta afirmaci\u00f3n).<\/p>\n<p>Tambi\u00e9n los funcionarios provinciales (ministro y secretario) trajeron a colaci\u00f3n que el Gobierno Nacional est\u00e1 buscando potenciar la actividad en aguas de dominio nacional \u2013 que se evidenci\u00f3 con el Llamado a Concurso P\u00fablico lanzado mediante Decreto N\u00ba 872\/2018 \u2013 lo que se realizar\u00eda desde la milla 13, como as\u00ed tambi\u00e9n que dentro del Golfo San Jorge, la provincia de Chubut autoriza la realizaci\u00f3n de esta actividad exploratoria.<\/p>\n<p><strong>Alarma ante la posible derogaci\u00f3n de Ley<\/strong><\/p>\n<p>Por su parte el sitio especializado en pesca (Mar y Pesca Noticias Patag\u00f3nicas) estibadores, filateros y armadores\u00a0 de barcos de la flota amarilla de Caleta Paula, mostraron su preocupaci\u00f3n ante una posible derogaci\u00f3n la ley que proh\u00edbe la exploraci\u00f3n de hidrocarburos que utilicen detonaciones en forma de 2 D y 3 D en aguas del Golfo San Jorge con el prop\u00f3sito de facilitar una nueva prospecci\u00f3n s\u00edsmica en la zona.<\/p>\n<p>La ley que se pretende derogar fue aprobada en abril del 2013 como resultado de una larga lucha de los trabajadores\u00a0 fijaba como objetivo central\u00a0<strong>\u201cestablecer normas legales, con el fin de no repetir experiencias como la del segundo semestre del a\u00f1o 2009, donde qued\u00f3 establecido que la prospecci\u00f3n s\u00edsmica efectuada por la operadora Pan American Energy, habr\u00eda causado \u201cla emigraci\u00f3n del recurso ict\u00edcola del golfo San Jorge, dejando paralizada por m\u00e1s de un a\u00f1o y medio a toda la actividad pesquera y las actividades afines a la misma, comprometiendo en forma directa la fuente laboral\u201d.<\/strong><\/p>\n<p>Pero ahora el logro conseguido por los trabajadores podr\u00eda ser en vano ya la empresa Panamerican Energy estar\u00eda dispuesta a realizar una nueva prospecci\u00f3n con tecnolog\u00eda 3D que de concretarse, seg\u00fan afirman los pescadores ser\u00eda letal para el recurso.<\/p>\n<p>\u201cDurante casi dos a\u00f1os tuvimos que convivir con la falta de trabajo y ahora que volvi\u00f3 pescado otra vez estamos en peligro por decisi\u00f3n de aquellos que nos gobiernan\u201d, se\u00f1al\u00f3 el propietario de un buque de la flota menor.<\/p>\n<p>En tanto Ra\u00fal Mella, ex subsecretario de Pesca durante el periodo en que se aprob\u00f3 la ley sostuvo que desde la cartera que dirig\u00eda se present\u00f3 un informe que daba detalles de cu\u00e1nto da\u00f1o se hab\u00eda hecho a la fauna marina. \u201cOjala que la ley no se toque porque es una pieza fundamental para la preservar el recurso\u201d, indic\u00f3.<\/p>\n<p><strong>Desarrollo de la actividad<\/strong><\/p>\n<p>En tanto el responsable de la cartera de Ambiente, Mariano Bertinat record\u00f3 que cada pedido para desarrollar cualquier actividad que afecte los recursos naturales de la Provincia, debe estar sometido a los procesos establecidos en la Ley de Ambiente, y que tienen que ver con la presentaci\u00f3n del Estudio de Impacto Ambiental, el an\u00e1lisis de una comisi\u00f3n evaluadora \u2013 integrada por distintos organismos \u2013 la elaboraci\u00f3n de un Dictamen, la difusi\u00f3n de lo all\u00ed resuelto, la concreci\u00f3n de Audiencia P\u00fablica, como as\u00ed tambi\u00e9n la obligatoriedad de la empresa interesada en garantizar cada uno de los requerimientos que la Autoridad de Aplicaci\u00f3n considere necesario para su puesta en marcha.<strong>\u00a0Por ahora y pasados cuatro d\u00edas\u00a0 de esta reuni\u00f3n nada de eso ha ocurrido.<\/strong><\/p>\n<p>&nbsp;<\/p>\n<p>Fuente:\u00a0https:\/\/www.eldiarionuevodia.com.ar\/regional\/info-general\/2018\/11\/12\/pesca-alarma-ante-posible-prospeccion-en-el-golfo-san-jorge-72298.html<\/p>\n<\/div>\n<\/div>\n<\/div>\n","protected":false},"excerpt":{"rendered":"<p>Santa Cruz.-Diversas comisiones de la Legislatura Provincial, analizaron de manera favorable derogar el Art\u00edculo 1\u00ba de la Ley 3.313, que [&hellip;]<\/p>\n","protected":false},"author":2,"featured_media":56561,"comment_status":"open","ping_status":"open","sticky":false,"template":"","format":"standard","meta":{"site-sidebar-layout":"default","site-content-layout":"","ast-site-content-layout":"default","site-content-style":"default","site-sidebar-style":"default","ast-global-header-display":"","ast-banner-title-visibility":"","ast-main-header-display":"","ast-hfb-above-header-display":"","ast-hfb-below-header-display":"","ast-hfb-mobile-header-display":"","site-post-title":"","ast-breadcrumbs-content":"","ast-featured-img":"","footer-sml-layout":"","ast-disable-related-posts":"","theme-transparent-header-meta":"","adv-header-id-meta":"","stick-header-meta":"","header-above-stick-meta":"","header-main-stick-meta":"","header-below-stick-meta":"","astra-migrate-meta-layouts":"default","ast-page-background-enabled":"default","ast-page-background-meta":{"desktop":{"background-color":"var(--ast-global-color-5)","background-image":"","background-repeat":"repeat","background-position":"center center","background-size":"auto","background-attachment":"scroll","background-type":"","background-media":"","overlay-type":"","overlay-color":"","overlay-opacity":"","overlay-gradient":""},"tablet":{"background-color":"","background-image":"","background-repeat":"repeat","background-position":"center center","background-size":"auto","background-attachment":"scroll","background-type":"","background-media":"","overlay-type":"","overlay-color":"","overlay-opacity":"","overlay-gradient":""},"mobile":{"background-color":"","background-image":"","background-repeat":"repeat","background-position":"center center","background-size":"auto","background-attachment":"scroll","background-type":"","background-media":"","overlay-type":"","overlay-color":"","overlay-opacity":"","overlay-gradient":""}},"ast-content-background-meta":{"desktop":{"background-color":"var(--ast-global-color-4)","background-image":"","background-repeat":"repeat","background-position":"center center","background-size":"auto","background-attachment":"scroll","background-type":"","background-media":"","overlay-type":"","overlay-color":"","overlay-opacity":"","overlay-gradient":""},"tablet":{"background-color":"var(--ast-global-color-4)","background-image":"","background-repeat":"repeat","background-position":"center center","background-size":"auto","background-attachment":"scroll","background-type":"","background-media":"","overlay-type":"","overlay-color":"","overlay-opacity":"","overlay-gradient":""},"mobile":{"background-color":"var(--ast-global-color-4)","background-image":"","background-repeat":"repeat","background-position":"center center","background-size":"auto","background-attachment":"scroll","background-type":"","background-media":"","overlay-type":"","overlay-color":"","overlay-opacity":"","overlay-gradient":""}},"footnotes":""},"categories":[1,13,20],"tags":[],"class_list":["post-56560","post","type-post","status-publish","format-standard","has-post-thumbnail","hentry","category-noticias","category-provinciales","category-santa-cruz"],"yoast_head":"<!-- This site is optimized with the Yoast SEO Premium plugin v23.0 (Yoast SEO v27.5) - https:\/\/yoast.com\/product\/yoast-seo-premium-wordpress\/ -->\n<title>Pesca: Alarma ante posible prospecci\u00f3n en el Golfo San Jorge<\/title>\n<meta name=\"robots\" content=\"index, follow, max-snippet:-1, max-image-preview:large, max-video-preview:-1\" \/>\n<link rel=\"canonical\" href=\"https:\/\/patagoniambiental.com.ar\/info\/pesca-alarma-ante-posible-prospeccion-en-el-golfo-san-jorge\/\" \/>\n<meta property=\"og:locale\" content=\"es_ES\" \/>\n<meta property=\"og:type\" content=\"article\" \/>\n<meta property=\"og:title\" content=\"Pesca: Alarma ante posible prospecci\u00f3n en el Golfo San Jorge\" \/>\n<meta property=\"og:description\" content=\"Santa Cruz.-Diversas comisiones de la Legislatura Provincial, analizaron de manera favorable derogar el Art\u00edculo 1\u00ba de la Ley 3.313, que [&hellip;]\" \/>\n<meta property=\"og:url\" content=\"https:\/\/patagoniambiental.com.ar\/info\/pesca-alarma-ante-posible-prospeccion-en-el-golfo-san-jorge\/\" \/>\n<meta property=\"og:site_name\" content=\"Patagonia Ambiental\" \/>\n<meta property=\"article:publisher\" content=\"https:\/\/www.facebook.com\/patagonia.ambiental\" \/>\n<meta property=\"article:author\" content=\"https:\/\/www.facebook.com\/share\/1C1V8Gv9BX\/?mibextid=qi2Omg\" \/>\n<meta property=\"article:published_time\" content=\"2018-11-14T22:00:32+00:00\" \/>\n<meta property=\"og:image\" content=\"https:\/\/patagoniambiental.com.ar\/info\/wp-content\/uploads\/2018\/11\/f620x350-82819_113837_31.jpg\" \/>\n\t<meta property=\"og:image:width\" content=\"620\" \/>\n\t<meta property=\"og:image:height\" content=\"349\" \/>\n\t<meta property=\"og:image:type\" content=\"image\/jpeg\" \/>\n<meta name=\"author\" content=\"Patagonia Ambiental\" \/>\n<meta name=\"twitter:card\" content=\"summary_large_image\" \/>\n<meta name=\"twitter:creator\" content=\"@PatAmb\" \/>\n<meta name=\"twitter:site\" content=\"@PatAmb\" \/>\n<script type=\"application\/ld+json\" class=\"yoast-schema-graph\">{\"@context\":\"https:\\\/\\\/schema.org\",\"@graph\":[{\"@type\":\"Article\",\"@id\":\"https:\\\/\\\/patagoniambiental.com.ar\\\/info\\\/pesca-alarma-ante-posible-prospeccion-en-el-golfo-san-jorge\\\/#article\",\"isPartOf\":{\"@id\":\"https:\\\/\\\/patagoniambiental.com.ar\\\/info\\\/pesca-alarma-ante-posible-prospeccion-en-el-golfo-san-jorge\\\/\"},\"author\":{\"name\":\"Patagonia Ambiental\",\"@id\":\"https:\\\/\\\/patagoniambiental.com.ar\\\/info\\\/#\\\/schema\\\/person\\\/db12bff64bbcbf6a253710bf0ea37b5d\"},\"headline\":\"Pesca: Alarma ante posible prospecci\u00f3n en el Golfo San Jorge\",\"datePublished\":\"2018-11-14T22:00:32+00:00\",\"mainEntityOfPage\":{\"@id\":\"https:\\\/\\\/patagoniambiental.com.ar\\\/info\\\/pesca-alarma-ante-posible-prospeccion-en-el-golfo-san-jorge\\\/\"},\"wordCount\":750,\"commentCount\":0,\"publisher\":{\"@id\":\"https:\\\/\\\/patagoniambiental.com.ar\\\/info\\\/#organization\"},\"image\":{\"@id\":\"https:\\\/\\\/patagoniambiental.com.ar\\\/info\\\/pesca-alarma-ante-posible-prospeccion-en-el-golfo-san-jorge\\\/#primaryimage\"},\"thumbnailUrl\":\"https:\\\/\\\/patagoniambiental.com.ar\\\/info\\\/wp-content\\\/uploads\\\/2018\\\/11\\\/f620x350-82819_113837_31.jpg\",\"articleSection\":[\"Noticias\",\"Provinciales\",\"Santa Cruz\"],\"inLanguage\":\"es\",\"potentialAction\":[{\"@type\":\"CommentAction\",\"name\":\"Comment\",\"target\":[\"https:\\\/\\\/patagoniambiental.com.ar\\\/info\\\/pesca-alarma-ante-posible-prospeccion-en-el-golfo-san-jorge\\\/#respond\"]}]},{\"@type\":\"WebPage\",\"@id\":\"https:\\\/\\\/patagoniambiental.com.ar\\\/info\\\/pesca-alarma-ante-posible-prospeccion-en-el-golfo-san-jorge\\\/\",\"url\":\"https:\\\/\\\/patagoniambiental.com.ar\\\/info\\\/pesca-alarma-ante-posible-prospeccion-en-el-golfo-san-jorge\\\/\",\"name\":\"Pesca: Alarma ante posible prospecci\u00f3n en el Golfo San Jorge\",\"isPartOf\":{\"@id\":\"https:\\\/\\\/patagoniambiental.com.ar\\\/info\\\/#website\"},\"primaryImageOfPage\":{\"@id\":\"https:\\\/\\\/patagoniambiental.com.ar\\\/info\\\/pesca-alarma-ante-posible-prospeccion-en-el-golfo-san-jorge\\\/#primaryimage\"},\"image\":{\"@id\":\"https:\\\/\\\/patagoniambiental.com.ar\\\/info\\\/pesca-alarma-ante-posible-prospeccion-en-el-golfo-san-jorge\\\/#primaryimage\"},\"thumbnailUrl\":\"https:\\\/\\\/patagoniambiental.com.ar\\\/info\\\/wp-content\\\/uploads\\\/2018\\\/11\\\/f620x350-82819_113837_31.jpg\",\"datePublished\":\"2018-11-14T22:00:32+00:00\",\"breadcrumb\":{\"@id\":\"https:\\\/\\\/patagoniambiental.com.ar\\\/info\\\/pesca-alarma-ante-posible-prospeccion-en-el-golfo-san-jorge\\\/#breadcrumb\"},\"inLanguage\":\"es\",\"potentialAction\":[{\"@type\":\"ReadAction\",\"target\":[\"https:\\\/\\\/patagoniambiental.com.ar\\\/info\\\/pesca-alarma-ante-posible-prospeccion-en-el-golfo-san-jorge\\\/\"]}]},{\"@type\":\"ImageObject\",\"inLanguage\":\"es\",\"@id\":\"https:\\\/\\\/patagoniambiental.com.ar\\\/info\\\/pesca-alarma-ante-posible-prospeccion-en-el-golfo-san-jorge\\\/#primaryimage\",\"url\":\"https:\\\/\\\/patagoniambiental.com.ar\\\/info\\\/wp-content\\\/uploads\\\/2018\\\/11\\\/f620x350-82819_113837_31.jpg\",\"contentUrl\":\"https:\\\/\\\/patagoniambiental.com.ar\\\/info\\\/wp-content\\\/uploads\\\/2018\\\/11\\\/f620x350-82819_113837_31.jpg\",\"width\":620,\"height\":349},{\"@type\":\"BreadcrumbList\",\"@id\":\"https:\\\/\\\/patagoniambiental.com.ar\\\/info\\\/pesca-alarma-ante-posible-prospeccion-en-el-golfo-san-jorge\\\/#breadcrumb\",\"itemListElement\":[{\"@type\":\"ListItem\",\"position\":1,\"name\":\"Inicio\",\"item\":\"https:\\\/\\\/patagoniambiental.com.ar\\\/info\\\/\"},{\"@type\":\"ListItem\",\"position\":2,\"name\":\"Pesca: Alarma ante posible prospecci\u00f3n en el Golfo San Jorge\"}]},{\"@type\":\"WebSite\",\"@id\":\"https:\\\/\\\/patagoniambiental.com.ar\\\/info\\\/#website\",\"url\":\"https:\\\/\\\/patagoniambiental.com.ar\\\/info\\\/\",\"name\":\"Patagonia Ambiental\",\"description\":\"Monitoreo y an\u00e1lisis de la situaci\u00f3n geopol\u00edtica en el mundo y su implicancia en la Patagonia\",\"publisher\":{\"@id\":\"https:\\\/\\\/patagoniambiental.com.ar\\\/info\\\/#organization\"},\"potentialAction\":[{\"@type\":\"SearchAction\",\"target\":{\"@type\":\"EntryPoint\",\"urlTemplate\":\"https:\\\/\\\/patagoniambiental.com.ar\\\/info\\\/?s={search_term_string}\"},\"query-input\":{\"@type\":\"PropertyValueSpecification\",\"valueRequired\":true,\"valueName\":\"search_term_string\"}}],\"inLanguage\":\"es\"},{\"@type\":\"Organization\",\"@id\":\"https:\\\/\\\/patagoniambiental.com.ar\\\/info\\\/#organization\",\"name\":\"Patagonia Ambiental\",\"url\":\"https:\\\/\\\/patagoniambiental.com.ar\\\/info\\\/\",\"logo\":{\"@type\":\"ImageObject\",\"inLanguage\":\"es\",\"@id\":\"https:\\\/\\\/patagoniambiental.com.ar\\\/info\\\/#\\\/schema\\\/logo\\\/image\\\/\",\"url\":\"https:\\\/\\\/patagoniambiental.com.ar\\\/info\\\/wp-content\\\/uploads\\\/2025\\\/05\\\/LOGO-PATAGONIA-AMBIENTAL.png\",\"contentUrl\":\"https:\\\/\\\/patagoniambiental.com.ar\\\/info\\\/wp-content\\\/uploads\\\/2025\\\/05\\\/LOGO-PATAGONIA-AMBIENTAL.png\",\"width\":433,\"height\":250,\"caption\":\"Patagonia Ambiental\"},\"image\":{\"@id\":\"https:\\\/\\\/patagoniambiental.com.ar\\\/info\\\/#\\\/schema\\\/logo\\\/image\\\/\"},\"sameAs\":[\"https:\\\/\\\/www.facebook.com\\\/patagonia.ambiental\",\"https:\\\/\\\/x.com\\\/PatAmb\"]},{\"@type\":\"Person\",\"@id\":\"https:\\\/\\\/patagoniambiental.com.ar\\\/info\\\/#\\\/schema\\\/person\\\/db12bff64bbcbf6a253710bf0ea37b5d\",\"name\":\"Patagonia Ambiental\",\"description\":\"Andr\u00e9s Nievas T\u00e9cnico en manejo ambiental, consultor Ambiental y escritor para medios locales e internacionales sobre temas de geopolitica y medio ambiente.\",\"sameAs\":[\"http:\\\/\\\/www.patagoniambiental.com.ar\",\"https:\\\/\\\/www.facebook.com\\\/share\\\/1C1V8Gv9BX\\\/?mibextid=qi2Omg\",\"@patagoniambiental\",\"https:\\\/\\\/youtube.com\\\/@patagoniaambiental2023?si=BLt58t0wuXquxlYZ\"]}]}<\/script>\n<!-- \/ Yoast SEO Premium plugin. -->","yoast_head_json":{"title":"Pesca: Alarma ante posible prospecci\u00f3n en el Golfo San Jorge","robots":{"index":"index","follow":"follow","max-snippet":"max-snippet:-1","max-image-preview":"max-image-preview:large","max-video-preview":"max-video-preview:-1"},"canonical":"https:\/\/patagoniambiental.com.ar\/info\/pesca-alarma-ante-posible-prospeccion-en-el-golfo-san-jorge\/","og_locale":"es_ES","og_type":"article","og_title":"Pesca: Alarma ante posible prospecci\u00f3n en el Golfo San Jorge","og_description":"Santa Cruz.-Diversas comisiones de la Legislatura Provincial, analizaron de manera favorable derogar el Art\u00edculo 1\u00ba de la Ley 3.313, que [&hellip;]","og_url":"https:\/\/patagoniambiental.com.ar\/info\/pesca-alarma-ante-posible-prospeccion-en-el-golfo-san-jorge\/","og_site_name":"Patagonia Ambiental","article_publisher":"https:\/\/www.facebook.com\/patagonia.ambiental","article_author":"https:\/\/www.facebook.com\/share\/1C1V8Gv9BX\/?mibextid=qi2Omg","article_published_time":"2018-11-14T22:00:32+00:00","og_image":[{"width":620,"height":349,"url":"https:\/\/patagoniambiental.com.ar\/info\/wp-content\/uploads\/2018\/11\/f620x350-82819_113837_31.jpg","type":"image\/jpeg"}],"author":"Patagonia Ambiental","twitter_card":"summary_large_image","twitter_creator":"@PatAmb","twitter_site":"@PatAmb","schema":{"@context":"https:\/\/schema.org","@graph":[{"@type":"Article","@id":"https:\/\/patagoniambiental.com.ar\/info\/pesca-alarma-ante-posible-prospeccion-en-el-golfo-san-jorge\/#article","isPartOf":{"@id":"https:\/\/patagoniambiental.com.ar\/info\/pesca-alarma-ante-posible-prospeccion-en-el-golfo-san-jorge\/"},"author":{"name":"Patagonia Ambiental","@id":"https:\/\/patagoniambiental.com.ar\/info\/#\/schema\/person\/db12bff64bbcbf6a253710bf0ea37b5d"},"headline":"Pesca: Alarma ante posible prospecci\u00f3n en el Golfo San Jorge","datePublished":"2018-11-14T22:00:32+00:00","mainEntityOfPage":{"@id":"https:\/\/patagoniambiental.com.ar\/info\/pesca-alarma-ante-posible-prospeccion-en-el-golfo-san-jorge\/"},"wordCount":750,"commentCount":0,"publisher":{"@id":"https:\/\/patagoniambiental.com.ar\/info\/#organization"},"image":{"@id":"https:\/\/patagoniambiental.com.ar\/info\/pesca-alarma-ante-posible-prospeccion-en-el-golfo-san-jorge\/#primaryimage"},"thumbnailUrl":"https:\/\/patagoniambiental.com.ar\/info\/wp-content\/uploads\/2018\/11\/f620x350-82819_113837_31.jpg","articleSection":["Noticias","Provinciales","Santa Cruz"],"inLanguage":"es","potentialAction":[{"@type":"CommentAction","name":"Comment","target":["https:\/\/patagoniambiental.com.ar\/info\/pesca-alarma-ante-posible-prospeccion-en-el-golfo-san-jorge\/#respond"]}]},{"@type":"WebPage","@id":"https:\/\/patagoniambiental.com.ar\/info\/pesca-alarma-ante-posible-prospeccion-en-el-golfo-san-jorge\/","url":"https:\/\/patagoniambiental.com.ar\/info\/pesca-alarma-ante-posible-prospeccion-en-el-golfo-san-jorge\/","name":"Pesca: Alarma ante posible prospecci\u00f3n en el Golfo San Jorge","isPartOf":{"@id":"https:\/\/patagoniambiental.com.ar\/info\/#website"},"primaryImageOfPage":{"@id":"https:\/\/patagoniambiental.com.ar\/info\/pesca-alarma-ante-posible-prospeccion-en-el-golfo-san-jorge\/#primaryimage"},"image":{"@id":"https:\/\/patagoniambiental.com.ar\/info\/pesca-alarma-ante-posible-prospeccion-en-el-golfo-san-jorge\/#primaryimage"},"thumbnailUrl":"https:\/\/patagoniambiental.com.ar\/info\/wp-content\/uploads\/2018\/11\/f620x350-82819_113837_31.jpg","datePublished":"2018-11-14T22:00:32+00:00","breadcrumb":{"@id":"https:\/\/patagoniambiental.com.ar\/info\/pesca-alarma-ante-posible-prospeccion-en-el-golfo-san-jorge\/#breadcrumb"},"inLanguage":"es","potentialAction":[{"@type":"ReadAction","target":["https:\/\/patagoniambiental.com.ar\/info\/pesca-alarma-ante-posible-prospeccion-en-el-golfo-san-jorge\/"]}]},{"@type":"ImageObject","inLanguage":"es","@id":"https:\/\/patagoniambiental.com.ar\/info\/pesca-alarma-ante-posible-prospeccion-en-el-golfo-san-jorge\/#primaryimage","url":"https:\/\/patagoniambiental.com.ar\/info\/wp-content\/uploads\/2018\/11\/f620x350-82819_113837_31.jpg","contentUrl":"https:\/\/patagoniambiental.com.ar\/info\/wp-content\/uploads\/2018\/11\/f620x350-82819_113837_31.jpg","width":620,"height":349},{"@type":"BreadcrumbList","@id":"https:\/\/patagoniambiental.com.ar\/info\/pesca-alarma-ante-posible-prospeccion-en-el-golfo-san-jorge\/#breadcrumb","itemListElement":[{"@type":"ListItem","position":1,"name":"Inicio","item":"https:\/\/patagoniambiental.com.ar\/info\/"},{"@type":"ListItem","position":2,"name":"Pesca: Alarma ante posible prospecci\u00f3n en el Golfo San Jorge"}]},{"@type":"WebSite","@id":"https:\/\/patagoniambiental.com.ar\/info\/#website","url":"https:\/\/patagoniambiental.com.ar\/info\/","name":"Patagonia Ambiental","description":"Monitoreo y an\u00e1lisis de la situaci\u00f3n geopol\u00edtica en el mundo y su implicancia en la Patagonia","publisher":{"@id":"https:\/\/patagoniambiental.com.ar\/info\/#organization"},"potentialAction":[{"@type":"SearchAction","target":{"@type":"EntryPoint","urlTemplate":"https:\/\/patagoniambiental.com.ar\/info\/?s={search_term_string}"},"query-input":{"@type":"PropertyValueSpecification","valueRequired":true,"valueName":"search_term_string"}}],"inLanguage":"es"},{"@type":"Organization","@id":"https:\/\/patagoniambiental.com.ar\/info\/#organization","name":"Patagonia Ambiental","url":"https:\/\/patagoniambiental.com.ar\/info\/","logo":{"@type":"ImageObject","inLanguage":"es","@id":"https:\/\/patagoniambiental.com.ar\/info\/#\/schema\/logo\/image\/","url":"https:\/\/patagoniambiental.com.ar\/info\/wp-content\/uploads\/2025\/05\/LOGO-PATAGONIA-AMBIENTAL.png","contentUrl":"https:\/\/patagoniambiental.com.ar\/info\/wp-content\/uploads\/2025\/05\/LOGO-PATAGONIA-AMBIENTAL.png","width":433,"height":250,"caption":"Patagonia Ambiental"},"image":{"@id":"https:\/\/patagoniambiental.com.ar\/info\/#\/schema\/logo\/image\/"},"sameAs":["https:\/\/www.facebook.com\/patagonia.ambiental","https:\/\/x.com\/PatAmb"]},{"@type":"Person","@id":"https:\/\/patagoniambiental.com.ar\/info\/#\/schema\/person\/db12bff64bbcbf6a253710bf0ea37b5d","name":"Patagonia Ambiental","description":"Andr\u00e9s Nievas T\u00e9cnico en manejo ambiental, consultor Ambiental y escritor para medios locales e internacionales sobre temas de geopolitica y medio ambiente.","sameAs":["http:\/\/www.patagoniambiental.com.ar","https:\/\/www.facebook.com\/share\/1C1V8Gv9BX\/?mibextid=qi2Omg","@patagoniambiental","https:\/\/youtube.com\/@patagoniaambiental2023?si=BLt58t0wuXquxlYZ"]}]}},"_links":{"self":[{"href":"https:\/\/patagoniambiental.com.ar\/info\/wp-json\/wp\/v2\/posts\/56560","targetHints":{"allow":["GET"]}}],"collection":[{"href":"https:\/\/patagoniambiental.com.ar\/info\/wp-json\/wp\/v2\/posts"}],"about":[{"href":"https:\/\/patagoniambiental.com.ar\/info\/wp-json\/wp\/v2\/types\/post"}],"author":[{"embeddable":true,"href":"https:\/\/patagoniambiental.com.ar\/info\/wp-json\/wp\/v2\/users\/2"}],"replies":[{"embeddable":true,"href":"https:\/\/patagoniambiental.com.ar\/info\/wp-json\/wp\/v2\/comments?post=56560"}],"version-history":[{"count":0,"href":"https:\/\/patagoniambiental.com.ar\/info\/wp-json\/wp\/v2\/posts\/56560\/revisions"}],"wp:featuredmedia":[{"embeddable":true,"href":"https:\/\/patagoniambiental.com.ar\/info\/wp-json\/wp\/v2\/media\/56561"}],"wp:attachment":[{"href":"https:\/\/patagoniambiental.com.ar\/info\/wp-json\/wp\/v2\/media?parent=56560"}],"wp:term":[{"taxonomy":"category","embeddable":true,"href":"https:\/\/patagoniambiental.com.ar\/info\/wp-json\/wp\/v2\/categories?post=56560"},{"taxonomy":"post_tag","embeddable":true,"href":"https:\/\/patagoniambiental.com.ar\/info\/wp-json\/wp\/v2\/tags?post=56560"}],"curies":[{"name":"wp","href":"https:\/\/api.w.org\/{rel}","templated":true}]}}