{"id":57456,"date":"2019-01-20T09:00:35","date_gmt":"2019-01-20T12:00:35","guid":{"rendered":"http:\/\/patagoniambiental.com.ar\/info\/?p=57456"},"modified":"2018-12-05T11:22:49","modified_gmt":"2018-12-05T14:22:49","slug":"conoces-las-areas-naturales-protegidas-anps-de-rio-negro","status":"publish","type":"post","link":"https:\/\/patagoniambiental.com.ar\/info\/conoces-las-areas-naturales-protegidas-anps-de-rio-negro\/","title":{"rendered":"\u00bfConoces las \u00c1reas Naturales Protegidas (ANPs) de Rio Negro?"},"content":{"rendered":"<div class=\"page-header\">\n<p class=\"page-title\">Viedma.-Son porciones del territorio que han sido reconocidas por la comunidad cient\u00edfica, la opini\u00f3n p\u00fablica y las autoridades como de alto valor patrimonial, en donde la conservaci\u00f3n de la naturaleza es su objetivo principal y son especialmente sensibles al impacto de las actividades humanas.<\/p>\n<\/div>\n<p><!--more--><\/p>\n<section id=\"content\" class=\"first\">\n<article class=\"post clearfix\">Esta valoraci\u00f3n se concreta a trav\u00e9s de la aplicaci\u00f3n de un marco legal e institucional en el que, seg\u00fan los casos, es el \u00e1mbito nacional, provincial o municipal, el responsable de la gesti\u00f3n de ese territorio y sus recursos naturales, en especial de su biodiversidad. Ello hace que deban extremarse los esfuerzos a fin de profundizar el conocimiento del patrimonio natural de cada una de ellas, como l\u00ednea de base para detectar eventuales cambios, de intensidad o de caracter\u00edsticas no deseadas o no previstas, que puedan atribuirse a la actividad humana.<\/p>\n<p>En 1993 en Rio Negro se sancion\u00f3 la Ley N\u00ba 2669 de creaci\u00f3n del Sistema Provincial de \u00c1reas Naturales Protegidas. En ella se establecen los objetivos de conservaci\u00f3n, las categor\u00edas de manejo de\u00a0 las \u00e1reas (similares a las propuestas por la UICN), se ratifican las unidades de conservaci\u00f3n preexistentes y se crea un organismo espec\u00edfico para la administraci\u00f3n de estas \u00c1reas:\u00a0<strong>El Servicio Provincial de \u00c1reas Naturales Protegidas<\/strong>.<\/p>\n<p>Este sistema est\u00e1 actualmente compuesto por un total de catorce Unidades de Conservaci\u00f3n, que se extienden formando un mosaico sobre diferentes regiones biogeogr\u00e1ficas de la provincia de R\u00edo Negro.<\/p>\n<p>1.\u00a0 \u00c1rea Natural Protegida \u201cPunta Bermeja, \u00abLa Lober\u00eda\u00bb<\/p>\n<p>2.\u00a0 \u00c1rea Natural Protegida \u00abCaleta de Los Loros\u00bb.<\/p>\n<p>3.\u00a0 \u00c1rea Natural Protegida \u00abBah\u00eda de San Antonio\u00bb<\/p>\n<p>4.\u00a0 \u00c1rea Natural Protegida \u00abComplejo Islote Lobos\u00bb<\/p>\n<p>5.\u00a0 \u00c1rea Natural Protegida \u201cPuerto Lobos\u201d<\/p>\n<p>6.\u00a0 \u00c1rea Natural Protegida \u00abMeseta de Somuncura\u00bb<\/p>\n<p>7.\u00a0 \u00c1rea Natural Protegida \u00abR\u00edo Azul &#8211; Lago Escondido\u00bb<\/p>\n<p>8.\u00a0 \u00c1rea Natural Protegida \u00abR\u00edo Limay\u00bb<\/p>\n<p>9.\u00a0 \u00c1rea Natural Protegida \u201cValle Cret\u00e1cico\u201d<\/p>\n<p>10. \u00c1rea Natural Protegida \u201cParque Provincial Azul\u201d<\/p>\n<p>11. \u00c1rea Natural Protegida \u201cBosque Petrificado de Valcheta\u201d<\/p>\n<p>12. \u00c1rea Natural Protegida \u201cCipresal de las Guaitecas\u201d<\/p>\n<p>13. Paisaje protegido \u201cCamino La Luisa\u201d<\/p>\n<p>14. \u00c1rea Natural Protegida \u00abLagunas de Carri Laufquen\u00bb<\/p>\n<p>Las ANPs existentes muestran diferentes \u00a0grados de implementaci\u00f3n y recursos destinados a su control y vigilancia.<\/p>\n<\/article>\n<p>Fuente: SAyDS de Rio Negro<\/p>\n<article class=\"post clearfix\"><\/article>\n<\/section>\n","protected":false},"excerpt":{"rendered":"<p>Viedma.-Son porciones del territorio que han sido reconocidas por la comunidad cient\u00edfica, la opini\u00f3n p\u00fablica y las autoridades como de [&hellip;]<\/p>\n","protected":false},"author":2,"featured_media":47265,"comment_status":"open","ping_status":"open","sticky":false,"template":"","format":"standard","meta":{"site-sidebar-layout":"default","site-content-layout":"","ast-site-content-layout":"default","site-content-style":"default","site-sidebar-style":"default","ast-global-header-display":"","ast-banner-title-visibility":"","ast-main-header-display":"","ast-hfb-above-header-display":"","ast-hfb-below-header-display":"","ast-hfb-mobile-header-display":"","site-post-title":"","ast-breadcrumbs-content":"","ast-featured-img":"","footer-sml-layout":"","ast-disable-related-posts":"","theme-transparent-header-meta":"","adv-header-id-meta":"","stick-header-meta":"","header-above-stick-meta":"","header-main-stick-meta":"","header-below-stick-meta":"","astra-migrate-meta-layouts":"default","ast-page-background-enabled":"default","ast-page-background-meta":{"desktop":{"background-color":"var(--ast-global-color-5)","background-image":"","background-repeat":"repeat","background-position":"center center","background-size":"auto","background-attachment":"scroll","background-type":"","background-media":"","overlay-type":"","overlay-color":"","overlay-opacity":"","overlay-gradient":""},"tablet":{"background-color":"","background-image":"","background-repeat":"repeat","background-position":"center center","background-size":"auto","background-attachment":"scroll","background-type":"","background-media":"","overlay-type":"","overlay-color":"","overlay-opacity":"","overlay-gradient":""},"mobile":{"background-color":"","background-image":"","background-repeat":"repeat","background-position":"center center","background-size":"auto","background-attachment":"scroll","background-type":"","background-media":"","overlay-type":"","overlay-color":"","overlay-opacity":"","overlay-gradient":""}},"ast-content-background-meta":{"desktop":{"background-color":"var(--ast-global-color-4)","background-image":"","background-repeat":"repeat","background-position":"center center","background-size":"auto","background-attachment":"scroll","background-type":"","background-media":"","overlay-type":"","overlay-color":"","overlay-opacity":"","overlay-gradient":""},"tablet":{"background-color":"var(--ast-global-color-4)","background-image":"","background-repeat":"repeat","background-position":"center center","background-size":"auto","background-attachment":"scroll","background-type":"","background-media":"","overlay-type":"","overlay-color":"","overlay-opacity":"","overlay-gradient":""},"mobile":{"background-color":"var(--ast-global-color-4)","background-image":"","background-repeat":"repeat","background-position":"center center","background-size":"auto","background-attachment":"scroll","background-type":"","background-media":"","overlay-type":"","overlay-color":"","overlay-opacity":"","overlay-gradient":""}},"footnotes":""},"categories":[1,13,14],"tags":[],"class_list":["post-57456","post","type-post","status-publish","format-standard","has-post-thumbnail","hentry","category-noticias","category-provinciales","category-rio-negro"],"yoast_head":"<!-- This site is optimized with the Yoast SEO Premium plugin v23.0 (Yoast SEO v27.4) - https:\/\/yoast.com\/product\/yoast-seo-premium-wordpress\/ -->\n<title>\u00bfConoces las \u00c1reas Naturales Protegidas (ANPs) de Rio Negro?<\/title>\n<meta name=\"robots\" content=\"index, follow, max-snippet:-1, max-image-preview:large, max-video-preview:-1\" \/>\n<link rel=\"canonical\" href=\"https:\/\/patagoniambiental.com.ar\/info\/conoces-las-areas-naturales-protegidas-anps-de-rio-negro\/\" \/>\n<meta property=\"og:locale\" content=\"es_ES\" \/>\n<meta property=\"og:type\" content=\"article\" \/>\n<meta property=\"og:title\" content=\"\u00bfConoces las \u00c1reas Naturales Protegidas (ANPs) de Rio Negro?\" \/>\n<meta property=\"og:description\" content=\"Viedma.-Son porciones del territorio que han sido reconocidas por la comunidad cient\u00edfica, la opini\u00f3n p\u00fablica y las autoridades como de [&hellip;]\" \/>\n<meta property=\"og:url\" content=\"https:\/\/patagoniambiental.com.ar\/info\/conoces-las-areas-naturales-protegidas-anps-de-rio-negro\/\" \/>\n<meta property=\"og:site_name\" content=\"Patagonia Ambiental\" \/>\n<meta property=\"article:publisher\" content=\"https:\/\/www.facebook.com\/patagonia.ambiental\" \/>\n<meta property=\"article:author\" content=\"https:\/\/www.facebook.com\/share\/1C1V8Gv9BX\/?mibextid=qi2Omg\" \/>\n<meta property=\"article:published_time\" content=\"2019-01-20T12:00:35+00:00\" \/>\n<meta property=\"og:image\" content=\"https:\/\/patagoniambiental.com.ar\/info\/wp-content\/uploads\/2018\/05\/punta-bermeja1.jpg\" \/>\n\t<meta property=\"og:image:width\" content=\"960\" \/>\n\t<meta property=\"og:image:height\" content=\"540\" \/>\n\t<meta property=\"og:image:type\" content=\"image\/jpeg\" \/>\n<meta name=\"author\" content=\"Patagonia Ambiental\" \/>\n<meta name=\"twitter:card\" content=\"summary_large_image\" \/>\n<meta name=\"twitter:creator\" content=\"@PatAmb\" \/>\n<meta name=\"twitter:site\" content=\"@PatAmb\" \/>\n<script type=\"application\/ld+json\" class=\"yoast-schema-graph\">{\"@context\":\"https:\\\/\\\/schema.org\",\"@graph\":[{\"@type\":\"Article\",\"@id\":\"https:\\\/\\\/patagoniambiental.com.ar\\\/info\\\/conoces-las-areas-naturales-protegidas-anps-de-rio-negro\\\/#article\",\"isPartOf\":{\"@id\":\"https:\\\/\\\/patagoniambiental.com.ar\\\/info\\\/conoces-las-areas-naturales-protegidas-anps-de-rio-negro\\\/\"},\"author\":{\"name\":\"Patagonia Ambiental\",\"@id\":\"https:\\\/\\\/patagoniambiental.com.ar\\\/info\\\/#\\\/schema\\\/person\\\/db12bff64bbcbf6a253710bf0ea37b5d\"},\"headline\":\"\u00bfConoces las \u00c1reas Naturales Protegidas (ANPs) de Rio Negro?\",\"datePublished\":\"2019-01-20T12:00:35+00:00\",\"mainEntityOfPage\":{\"@id\":\"https:\\\/\\\/patagoniambiental.com.ar\\\/info\\\/conoces-las-areas-naturales-protegidas-anps-de-rio-negro\\\/\"},\"wordCount\":375,\"commentCount\":0,\"publisher\":{\"@id\":\"https:\\\/\\\/patagoniambiental.com.ar\\\/info\\\/#organization\"},\"image\":{\"@id\":\"https:\\\/\\\/patagoniambiental.com.ar\\\/info\\\/conoces-las-areas-naturales-protegidas-anps-de-rio-negro\\\/#primaryimage\"},\"thumbnailUrl\":\"https:\\\/\\\/patagoniambiental.com.ar\\\/info\\\/wp-content\\\/uploads\\\/2018\\\/05\\\/punta-bermeja1.jpg\",\"articleSection\":[\"Noticias\",\"Provinciales\",\"R\u00edo Negro\"],\"inLanguage\":\"es\",\"potentialAction\":[{\"@type\":\"CommentAction\",\"name\":\"Comment\",\"target\":[\"https:\\\/\\\/patagoniambiental.com.ar\\\/info\\\/conoces-las-areas-naturales-protegidas-anps-de-rio-negro\\\/#respond\"]}]},{\"@type\":\"WebPage\",\"@id\":\"https:\\\/\\\/patagoniambiental.com.ar\\\/info\\\/conoces-las-areas-naturales-protegidas-anps-de-rio-negro\\\/\",\"url\":\"https:\\\/\\\/patagoniambiental.com.ar\\\/info\\\/conoces-las-areas-naturales-protegidas-anps-de-rio-negro\\\/\",\"name\":\"\u00bfConoces las \u00c1reas Naturales Protegidas (ANPs) de Rio Negro?\",\"isPartOf\":{\"@id\":\"https:\\\/\\\/patagoniambiental.com.ar\\\/info\\\/#website\"},\"primaryImageOfPage\":{\"@id\":\"https:\\\/\\\/patagoniambiental.com.ar\\\/info\\\/conoces-las-areas-naturales-protegidas-anps-de-rio-negro\\\/#primaryimage\"},\"image\":{\"@id\":\"https:\\\/\\\/patagoniambiental.com.ar\\\/info\\\/conoces-las-areas-naturales-protegidas-anps-de-rio-negro\\\/#primaryimage\"},\"thumbnailUrl\":\"https:\\\/\\\/patagoniambiental.com.ar\\\/info\\\/wp-content\\\/uploads\\\/2018\\\/05\\\/punta-bermeja1.jpg\",\"datePublished\":\"2019-01-20T12:00:35+00:00\",\"breadcrumb\":{\"@id\":\"https:\\\/\\\/patagoniambiental.com.ar\\\/info\\\/conoces-las-areas-naturales-protegidas-anps-de-rio-negro\\\/#breadcrumb\"},\"inLanguage\":\"es\",\"potentialAction\":[{\"@type\":\"ReadAction\",\"target\":[\"https:\\\/\\\/patagoniambiental.com.ar\\\/info\\\/conoces-las-areas-naturales-protegidas-anps-de-rio-negro\\\/\"]}]},{\"@type\":\"ImageObject\",\"inLanguage\":\"es\",\"@id\":\"https:\\\/\\\/patagoniambiental.com.ar\\\/info\\\/conoces-las-areas-naturales-protegidas-anps-de-rio-negro\\\/#primaryimage\",\"url\":\"https:\\\/\\\/patagoniambiental.com.ar\\\/info\\\/wp-content\\\/uploads\\\/2018\\\/05\\\/punta-bermeja1.jpg\",\"contentUrl\":\"https:\\\/\\\/patagoniambiental.com.ar\\\/info\\\/wp-content\\\/uploads\\\/2018\\\/05\\\/punta-bermeja1.jpg\",\"width\":960,\"height\":540},{\"@type\":\"BreadcrumbList\",\"@id\":\"https:\\\/\\\/patagoniambiental.com.ar\\\/info\\\/conoces-las-areas-naturales-protegidas-anps-de-rio-negro\\\/#breadcrumb\",\"itemListElement\":[{\"@type\":\"ListItem\",\"position\":1,\"name\":\"Inicio\",\"item\":\"https:\\\/\\\/patagoniambiental.com.ar\\\/info\\\/\"},{\"@type\":\"ListItem\",\"position\":2,\"name\":\"\u00bfConoces las \u00c1reas Naturales Protegidas (ANPs) de Rio Negro?\"}]},{\"@type\":\"WebSite\",\"@id\":\"https:\\\/\\\/patagoniambiental.com.ar\\\/info\\\/#website\",\"url\":\"https:\\\/\\\/patagoniambiental.com.ar\\\/info\\\/\",\"name\":\"Patagonia Ambiental\",\"description\":\"Monitoreo y an\u00e1lisis de la situaci\u00f3n geopol\u00edtica en el mundo y su implicancia en la Patagonia\",\"publisher\":{\"@id\":\"https:\\\/\\\/patagoniambiental.com.ar\\\/info\\\/#organization\"},\"potentialAction\":[{\"@type\":\"SearchAction\",\"target\":{\"@type\":\"EntryPoint\",\"urlTemplate\":\"https:\\\/\\\/patagoniambiental.com.ar\\\/info\\\/?s={search_term_string}\"},\"query-input\":{\"@type\":\"PropertyValueSpecification\",\"valueRequired\":true,\"valueName\":\"search_term_string\"}}],\"inLanguage\":\"es\"},{\"@type\":\"Organization\",\"@id\":\"https:\\\/\\\/patagoniambiental.com.ar\\\/info\\\/#organization\",\"name\":\"Patagonia Ambiental\",\"url\":\"https:\\\/\\\/patagoniambiental.com.ar\\\/info\\\/\",\"logo\":{\"@type\":\"ImageObject\",\"inLanguage\":\"es\",\"@id\":\"https:\\\/\\\/patagoniambiental.com.ar\\\/info\\\/#\\\/schema\\\/logo\\\/image\\\/\",\"url\":\"https:\\\/\\\/patagoniambiental.com.ar\\\/info\\\/wp-content\\\/uploads\\\/2025\\\/05\\\/LOGO-PATAGONIA-AMBIENTAL.png\",\"contentUrl\":\"https:\\\/\\\/patagoniambiental.com.ar\\\/info\\\/wp-content\\\/uploads\\\/2025\\\/05\\\/LOGO-PATAGONIA-AMBIENTAL.png\",\"width\":433,\"height\":250,\"caption\":\"Patagonia Ambiental\"},\"image\":{\"@id\":\"https:\\\/\\\/patagoniambiental.com.ar\\\/info\\\/#\\\/schema\\\/logo\\\/image\\\/\"},\"sameAs\":[\"https:\\\/\\\/www.facebook.com\\\/patagonia.ambiental\",\"https:\\\/\\\/x.com\\\/PatAmb\"]},{\"@type\":\"Person\",\"@id\":\"https:\\\/\\\/patagoniambiental.com.ar\\\/info\\\/#\\\/schema\\\/person\\\/db12bff64bbcbf6a253710bf0ea37b5d\",\"name\":\"Patagonia Ambiental\",\"description\":\"Andr\u00e9s Nievas T\u00e9cnico en manejo ambiental, consultor Ambiental y escritor para medios locales e internacionales sobre temas de geopolitica y medio ambiente.\",\"sameAs\":[\"http:\\\/\\\/www.patagoniambiental.com.ar\",\"https:\\\/\\\/www.facebook.com\\\/share\\\/1C1V8Gv9BX\\\/?mibextid=qi2Omg\",\"@patagoniambiental\",\"https:\\\/\\\/youtube.com\\\/@patagoniaambiental2023?si=BLt58t0wuXquxlYZ\"]}]}<\/script>\n<!-- \/ Yoast SEO Premium plugin. -->","yoast_head_json":{"title":"\u00bfConoces las \u00c1reas Naturales Protegidas (ANPs) de Rio Negro?","robots":{"index":"index","follow":"follow","max-snippet":"max-snippet:-1","max-image-preview":"max-image-preview:large","max-video-preview":"max-video-preview:-1"},"canonical":"https:\/\/patagoniambiental.com.ar\/info\/conoces-las-areas-naturales-protegidas-anps-de-rio-negro\/","og_locale":"es_ES","og_type":"article","og_title":"\u00bfConoces las \u00c1reas Naturales Protegidas (ANPs) de Rio Negro?","og_description":"Viedma.-Son porciones del territorio que han sido reconocidas por la comunidad cient\u00edfica, la opini\u00f3n p\u00fablica y las autoridades como de [&hellip;]","og_url":"https:\/\/patagoniambiental.com.ar\/info\/conoces-las-areas-naturales-protegidas-anps-de-rio-negro\/","og_site_name":"Patagonia Ambiental","article_publisher":"https:\/\/www.facebook.com\/patagonia.ambiental","article_author":"https:\/\/www.facebook.com\/share\/1C1V8Gv9BX\/?mibextid=qi2Omg","article_published_time":"2019-01-20T12:00:35+00:00","og_image":[{"width":960,"height":540,"url":"https:\/\/patagoniambiental.com.ar\/info\/wp-content\/uploads\/2018\/05\/punta-bermeja1.jpg","type":"image\/jpeg"}],"author":"Patagonia Ambiental","twitter_card":"summary_large_image","twitter_creator":"@PatAmb","twitter_site":"@PatAmb","schema":{"@context":"https:\/\/schema.org","@graph":[{"@type":"Article","@id":"https:\/\/patagoniambiental.com.ar\/info\/conoces-las-areas-naturales-protegidas-anps-de-rio-negro\/#article","isPartOf":{"@id":"https:\/\/patagoniambiental.com.ar\/info\/conoces-las-areas-naturales-protegidas-anps-de-rio-negro\/"},"author":{"name":"Patagonia Ambiental","@id":"https:\/\/patagoniambiental.com.ar\/info\/#\/schema\/person\/db12bff64bbcbf6a253710bf0ea37b5d"},"headline":"\u00bfConoces las \u00c1reas Naturales Protegidas (ANPs) de Rio Negro?","datePublished":"2019-01-20T12:00:35+00:00","mainEntityOfPage":{"@id":"https:\/\/patagoniambiental.com.ar\/info\/conoces-las-areas-naturales-protegidas-anps-de-rio-negro\/"},"wordCount":375,"commentCount":0,"publisher":{"@id":"https:\/\/patagoniambiental.com.ar\/info\/#organization"},"image":{"@id":"https:\/\/patagoniambiental.com.ar\/info\/conoces-las-areas-naturales-protegidas-anps-de-rio-negro\/#primaryimage"},"thumbnailUrl":"https:\/\/patagoniambiental.com.ar\/info\/wp-content\/uploads\/2018\/05\/punta-bermeja1.jpg","articleSection":["Noticias","Provinciales","R\u00edo Negro"],"inLanguage":"es","potentialAction":[{"@type":"CommentAction","name":"Comment","target":["https:\/\/patagoniambiental.com.ar\/info\/conoces-las-areas-naturales-protegidas-anps-de-rio-negro\/#respond"]}]},{"@type":"WebPage","@id":"https:\/\/patagoniambiental.com.ar\/info\/conoces-las-areas-naturales-protegidas-anps-de-rio-negro\/","url":"https:\/\/patagoniambiental.com.ar\/info\/conoces-las-areas-naturales-protegidas-anps-de-rio-negro\/","name":"\u00bfConoces las \u00c1reas Naturales Protegidas (ANPs) de Rio Negro?","isPartOf":{"@id":"https:\/\/patagoniambiental.com.ar\/info\/#website"},"primaryImageOfPage":{"@id":"https:\/\/patagoniambiental.com.ar\/info\/conoces-las-areas-naturales-protegidas-anps-de-rio-negro\/#primaryimage"},"image":{"@id":"https:\/\/patagoniambiental.com.ar\/info\/conoces-las-areas-naturales-protegidas-anps-de-rio-negro\/#primaryimage"},"thumbnailUrl":"https:\/\/patagoniambiental.com.ar\/info\/wp-content\/uploads\/2018\/05\/punta-bermeja1.jpg","datePublished":"2019-01-20T12:00:35+00:00","breadcrumb":{"@id":"https:\/\/patagoniambiental.com.ar\/info\/conoces-las-areas-naturales-protegidas-anps-de-rio-negro\/#breadcrumb"},"inLanguage":"es","potentialAction":[{"@type":"ReadAction","target":["https:\/\/patagoniambiental.com.ar\/info\/conoces-las-areas-naturales-protegidas-anps-de-rio-negro\/"]}]},{"@type":"ImageObject","inLanguage":"es","@id":"https:\/\/patagoniambiental.com.ar\/info\/conoces-las-areas-naturales-protegidas-anps-de-rio-negro\/#primaryimage","url":"https:\/\/patagoniambiental.com.ar\/info\/wp-content\/uploads\/2018\/05\/punta-bermeja1.jpg","contentUrl":"https:\/\/patagoniambiental.com.ar\/info\/wp-content\/uploads\/2018\/05\/punta-bermeja1.jpg","width":960,"height":540},{"@type":"BreadcrumbList","@id":"https:\/\/patagoniambiental.com.ar\/info\/conoces-las-areas-naturales-protegidas-anps-de-rio-negro\/#breadcrumb","itemListElement":[{"@type":"ListItem","position":1,"name":"Inicio","item":"https:\/\/patagoniambiental.com.ar\/info\/"},{"@type":"ListItem","position":2,"name":"\u00bfConoces las \u00c1reas Naturales Protegidas (ANPs) de Rio Negro?"}]},{"@type":"WebSite","@id":"https:\/\/patagoniambiental.com.ar\/info\/#website","url":"https:\/\/patagoniambiental.com.ar\/info\/","name":"Patagonia Ambiental","description":"Monitoreo y an\u00e1lisis de la situaci\u00f3n geopol\u00edtica en el mundo y su implicancia en la Patagonia","publisher":{"@id":"https:\/\/patagoniambiental.com.ar\/info\/#organization"},"potentialAction":[{"@type":"SearchAction","target":{"@type":"EntryPoint","urlTemplate":"https:\/\/patagoniambiental.com.ar\/info\/?s={search_term_string}"},"query-input":{"@type":"PropertyValueSpecification","valueRequired":true,"valueName":"search_term_string"}}],"inLanguage":"es"},{"@type":"Organization","@id":"https:\/\/patagoniambiental.com.ar\/info\/#organization","name":"Patagonia Ambiental","url":"https:\/\/patagoniambiental.com.ar\/info\/","logo":{"@type":"ImageObject","inLanguage":"es","@id":"https:\/\/patagoniambiental.com.ar\/info\/#\/schema\/logo\/image\/","url":"https:\/\/patagoniambiental.com.ar\/info\/wp-content\/uploads\/2025\/05\/LOGO-PATAGONIA-AMBIENTAL.png","contentUrl":"https:\/\/patagoniambiental.com.ar\/info\/wp-content\/uploads\/2025\/05\/LOGO-PATAGONIA-AMBIENTAL.png","width":433,"height":250,"caption":"Patagonia Ambiental"},"image":{"@id":"https:\/\/patagoniambiental.com.ar\/info\/#\/schema\/logo\/image\/"},"sameAs":["https:\/\/www.facebook.com\/patagonia.ambiental","https:\/\/x.com\/PatAmb"]},{"@type":"Person","@id":"https:\/\/patagoniambiental.com.ar\/info\/#\/schema\/person\/db12bff64bbcbf6a253710bf0ea37b5d","name":"Patagonia Ambiental","description":"Andr\u00e9s Nievas T\u00e9cnico en manejo ambiental, consultor Ambiental y escritor para medios locales e internacionales sobre temas de geopolitica y medio ambiente.","sameAs":["http:\/\/www.patagoniambiental.com.ar","https:\/\/www.facebook.com\/share\/1C1V8Gv9BX\/?mibextid=qi2Omg","@patagoniambiental","https:\/\/youtube.com\/@patagoniaambiental2023?si=BLt58t0wuXquxlYZ"]}]}},"_links":{"self":[{"href":"https:\/\/patagoniambiental.com.ar\/info\/wp-json\/wp\/v2\/posts\/57456","targetHints":{"allow":["GET"]}}],"collection":[{"href":"https:\/\/patagoniambiental.com.ar\/info\/wp-json\/wp\/v2\/posts"}],"about":[{"href":"https:\/\/patagoniambiental.com.ar\/info\/wp-json\/wp\/v2\/types\/post"}],"author":[{"embeddable":true,"href":"https:\/\/patagoniambiental.com.ar\/info\/wp-json\/wp\/v2\/users\/2"}],"replies":[{"embeddable":true,"href":"https:\/\/patagoniambiental.com.ar\/info\/wp-json\/wp\/v2\/comments?post=57456"}],"version-history":[{"count":0,"href":"https:\/\/patagoniambiental.com.ar\/info\/wp-json\/wp\/v2\/posts\/57456\/revisions"}],"wp:featuredmedia":[{"embeddable":true,"href":"https:\/\/patagoniambiental.com.ar\/info\/wp-json\/wp\/v2\/media\/47265"}],"wp:attachment":[{"href":"https:\/\/patagoniambiental.com.ar\/info\/wp-json\/wp\/v2\/media?parent=57456"}],"wp:term":[{"taxonomy":"category","embeddable":true,"href":"https:\/\/patagoniambiental.com.ar\/info\/wp-json\/wp\/v2\/categories?post=57456"},{"taxonomy":"post_tag","embeddable":true,"href":"https:\/\/patagoniambiental.com.ar\/info\/wp-json\/wp\/v2\/tags?post=57456"}],"curies":[{"name":"wp","href":"https:\/\/api.w.org\/{rel}","templated":true}]}}