{"id":57594,"date":"2019-01-19T09:00:25","date_gmt":"2019-01-19T12:00:25","guid":{"rendered":"http:\/\/patagoniambiental.com.ar\/info\/?p=57594"},"modified":"2018-12-07T13:22:56","modified_gmt":"2018-12-07T16:22:56","slug":"el-area-natural-protegida-epulauquen-te-espera-en-neuquen-este-verano","status":"publish","type":"post","link":"https:\/\/patagoniambiental.com.ar\/info\/el-area-natural-protegida-epulauquen-te-espera-en-neuquen-este-verano\/","title":{"rendered":"El \u00c1rea Natural Protegida Epulauquen te espera en Neuqu\u00e9n este verano"},"content":{"rendered":"<div id=\"intro\" class=\"cover-image\">\n<div class=\"cover-body\">\n<div class=\"container\">\n<div class=\"row\">\n<div class=\"col-xs-12\">\n<p class=\"cover-heading\">Neuqu\u00e9n.-Epu Lauquen deviene de Epu- lafquen que en lengua Mapuche significa \u201cdos lagunas\u201d, y posee en total 7.450 has. localizadas al noroeste de la Provincia, a 40 km. de la localidad de Las Ovejas dentro del departamento Minas.<\/p>\n<\/div>\n<\/div>\n<\/div>\n<\/div>\n<\/div>\n<p><!--more--><\/p>\n<div id=\"cover-carousel\" class=\"carousel slide carousel-fade\" data-ride=\"carousel\" data-interval=\"6000\">\n<div class=\"carousel-inner\">\n<div class=\"cover-image item active\"><\/div>\n<\/div>\n<\/div>\n<div id=\"page\" class=\"modular anchor\">\n<div class=\"container\">\n<div class=\"row\">\n<article id=\"post-23367\" class=\"post-23367 protected-areas type-protected-areas status-publish format-standard hentry tag-areas-protegidas wpautop\">\n<div class=\"row\">\n<div class=\"col-sm-8 col-md-9 col-lg-8\">\n<div class=\"row\">\n<div class=\"col-md-3 col-lg-3\">\n<div id=\"tertiary\" role=\"complementary\">\n<h5>Informaci\u00f3n Adicional<\/h5>\n<\/div>\n<\/div>\n<div class=\"col-md-9 col-lg-9\">\n<div class=\"tab-content\">\n<div id=\"general\" class=\"tab-pane active\">\n<h3>A.N.P.P. Epulauquen<\/h3>\n<h4>Informaci\u00f3n General del \u00e1rea<\/h4>\n<p>El A.N.P.P. Epulauquen fue creada en el a\u00f1o 1973 con el prop\u00f3sito de proteger el relicto del \u201cBosque Subant\u00e1rtico\u201d mas norte\u00f1o de la cordillera andina que alberga especies del roble pell\u00edn as\u00ed como especies propias de la \u201cEstepa Patag\u00f3nica Arbustiva\u201d. Entre la fauna que protege cabe mencionar al huet- huet un ave que solo habita esta regi\u00f3n.<\/p>\n<p><img fetchpriority=\"high\" decoding=\"async\" class=\"top last\" src=\"http:\/\/neuquentur.gob.ar\/images\/3563.jpg\" width=\"458\" height=\"365\" \/><\/p>\n<p>Epulauquen deviene de Epu- lafquen que en lengua Mapuche significa \u201cdos lagunas\u201d, y posee en total 7.450 has. localizadas al noroeste de la Provincia, a 40 km. de la localidad de Las Ovejas dentro del departamento Minas.<\/p>\n<div class=\"span-4 pull-4\">\n<p class=\"incr\">Lagunas de Epu Lauquen, foto de Rodolfo Freire<\/p>\n<\/div>\n<p><img decoding=\"async\" class=\"top last\" src=\"http:\/\/neuquentur.gob.ar\/images\/3566.jpg\" width=\"458\" height=\"344\" \/><\/p>\n<p>Se accede a trav\u00e9s la Ruta Nacional N\u00ba 40 hasta la ciudad de Chos Malal, de all\u00ed se toma la Ruta Provincial N\u00ba 43, pasando por la localidad de Andacollo y 5 Kms. antes de llegar a Las Ovejas, se toma la Ruta Provincial N\u00ba 45 (93 km. de ripio en total) hasta el ingreso a las lagunas de Epu Lauquen.<\/p>\n<div class=\"span-4 pull-4\">\n<p class=\"incr\">Lagunas de Epu Lauquen, foto de Rodolfo Freire<\/p>\n<\/div>\n<p><img decoding=\"async\" class=\"top last\" src=\"http:\/\/neuquentur.gob.ar\/images\/3564.jpg\" width=\"458\" height=\"344\" \/><\/p>\n<p>La regi\u00f3n posee un microclima templado h\u00famedo originado por las escasas alturas de las monta\u00f1as (solamente en ese sector), que permiten el ingreso de corrientes h\u00famedas provenientes del Oc\u00e9ano Pacifico, generando precipitaciones (lluvia y nieve) cercanas a los 1500 mm. anuales y que permiten el desarrollo de las especies propias del Bosque Subant\u00e1rtico. Las temperaturas en invierno descienden a los -13\u00ba C y en verano alcanzan los 21\u00ba C. Los vientos predominantes son del sector oeste.<\/p>\n<p><a href=\"http:\/\/neuquentur.gob.ar\/file_download\/504\/Prohibicion-navegacion-a-motor.pdf\">Prohibici\u00f3n de navegaci\u00f3n en Lagunas de Epulauquen descargar archivo<\/a><\/p>\n<h4>Recursos Naturales<\/h4>\n<p>El paisaje reinante tiene origen terciario modelado durante el periodo cuaternario, generando morenas y valles glaciarios con presencia de elementos volc\u00e1nicos como basaltos y cenizas sobre las costas de las lagunas.<\/p>\n<div class=\"span-4 pull-4\">\n<p class=\"incr\">Foto de Rodolfo Freire<\/p>\n<\/div>\n<p><img loading=\"lazy\" decoding=\"async\" class=\"top last\" src=\"http:\/\/neuquentur.gob.ar\/images\/3565.jpg\" width=\"458\" height=\"344\" \/><\/p>\n<p>El parque alberga las lagunas Superior e Inferior, unidas entre s\u00ed por el arroyo La Nasa. Ambas pertenecen a un sistema interconectado con 3 lagunas m\u00e1s; La Negra, La Chaquira y La Chaquirita. Tambi\u00e9n circulan en el \u00e1rea los arroyos Pincheira y Lumabia.<\/p>\n<p>Entre las especies de flora existentes en la regi\u00f3n se destacan las pertenecientes al \u201cBosque Subant\u00e1rtico\u201d como el roble pell\u00edn, la lenga y el \u00f1ire y un sotobosque con presencia de ca\u00f1a colihue, helecho, zarzal y yaque. (Hay en total 200 especies identificadas) En las zonas m\u00e1s elevadas de los cerros y hacia el este del parque se pueden observar especies arbustivas adaptadas a fuertes vientos y temperaturas extremas como el coir\u00f3n, el palo piche, variedad de festucas y gram\u00edneas.<br \/>\nLa fauna es diversa pudiendo observarse en el \u00e1rea mam\u00edferos como zorros, pumas, piches, zorrinos y chinchillones. Algunos pobladores aseguran haber visto huemules (variedad end\u00e9mica de ciervo, originario del bosque subant\u00e1rtico en peligro de extinci\u00f3n) aunque no hay registros t\u00e9cnicos del mismo. Entre las especies de peces que existen en las lagunas del parque, se encuentran las aut\u00f3ctonas; pejerrey patag\u00f3nico y perca, y las introducidas: trucha arco iris, marr\u00f3n y fontinalis.<\/p>\n<div class=\"span-4 pull-4\">\n<p class=\"incr\">Foto de Rodolfo Freire<\/p>\n<\/div>\n<p><img loading=\"lazy\" decoding=\"async\" class=\"top last\" src=\"http:\/\/neuquentur.gob.ar\/images\/3567.jpg\" width=\"458\" height=\"383\" \/><\/p>\n<p>El parque se constituye una de las A.I.C.A (\u00c1rea Importante para la Conservaci\u00f3n de Aves) provinciales, debido a la variedad de aves que se desarrollan en el bosque: huet huet, picolezna, carpintero patag\u00f3nico y pit\u00edo, rayadito, loica y cacha\u00f1a. Entre las especies acu\u00e1ticas se distinguen el cauqu\u00e9n, la garza, el pato maicero, pato de los torrentes, mac\u00e1 com\u00fan y plateado, cisne, y bandurria, entre otras. En zonas m\u00e1s elevadas del parque se pueden visualizar c\u00f3ndores, \u00e1guilas moras y caranchos.<\/p>\n<h4>Recursos Hist\u00f3ricos:<\/h4>\n<p>En la regi\u00f3n que comprende las lagunas de Epu Lauquen se han originado acontecimientos hist\u00f3ricos de relevancia quiz\u00e1 poco difundidos, ya que hay escasos registros de los mismos. Uno de los m\u00e1s importantes es que all\u00ed se realiz\u00f3 en 1832 una de las batallas finales contra un basti\u00f3n realista a cargo de los Hermanos Pincheira, en manos del General chileno Bulnes. En las lagunas se refugiaban los llamados \u201cpincheirinos\u201d (seguidores de los Pincheira).<\/p>\n<div class=\"span-4 pull-4\">\n<p class=\"incr\">Foto de Rodolfo Freire<\/p>\n<\/div>\n<p><img loading=\"lazy\" decoding=\"async\" class=\"top last\" src=\"http:\/\/neuquentur.gob.ar\/images\/3568.jpg\" width=\"458\" height=\"394\" \/><\/p>\n<p>Tambi\u00e9n all\u00ed se desarroll\u00f3 una importante ruta comercial entre espa\u00f1oles y pobladores locales y abor\u00edgenes. (Comercializaban principalmente sal y ganado) Uno de los elementos de intercambio originario del lugar eran las chaquiras, las cuales eran unas cuentas de abalorios (nombre de una de las lagunas del sistema) que se utilizaban como moneda de cambio principalmente con los Pehuenche.<br \/>\nEn numerosos sitios de las lagunas se han encontrado vestigios de la intensidad de la vida social que se desarrollaba en el lugar; piezas como cer\u00e1micas, lascas, segmentos de chaquiras, entre otras. Tambi\u00e9n se han encontrado pictograf\u00edas y petroglifos con motivos abstractos principalmente de coloraciones rojizas en la zona de la laguna \u201cLa Negra\u201d.<\/p>\n<h4>A los visitantes<\/h4>\n<ul>\n<li>Las actividades que all\u00ed se pueden realizar son variadas considerando los recursos que posee el parque: trekking, monta\u00f1ismo, mountain bike, pesca, observaci\u00f3n de aves y flora, entre las m\u00e1s importantes.<\/li>\n<\/ul>\n<ul>\n<li>La localidad m\u00e1s cercana es Las Ovejas, la cual dispone de alojamiento tur\u00edstico habilitado y algunos establecimientos gastron\u00f3micos. Tambi\u00e9n cuentan con el servicio de combustible, Oficina de Informes tur\u00edsticos y transporte terrestre. Durante la temporada estival suele habilitarse transporte de l\u00ednea diario hasta las lagunas de Epu Lauquen.<\/li>\n<\/ul>\n<ul>\n<li>En el parque hay numerosos senderos que recorren los atractivos m\u00e1s importantes como la cascada Chaquiras y el bosque de roble pell\u00edn, entre otros.<\/li>\n<\/ul>\n<ul>\n<li>En el ingreso al parque donde se encuentra la Seccional del Guardaparque, todos los veranos generalmente se dispone de algunos servicios b\u00e1sicos para el visitante. (ba\u00f1o, proveedur\u00eda, \u00e1rea de pic- nic, etc.)<\/li>\n<\/ul>\n<ul>\n<li>La Ruta Provincial N\u00ba 45 que comunica la localidad de Las Ovejas con el parque es de ripio, y en invierno debido a las intensas nevadas que se registran en la zona suele inhabilitarse.<\/li>\n<\/ul>\n<h4>Contacto<\/h4>\n<p>Guardaparque A.N.P.P. Epu Lauquen: Wenceslao Mora y Leonardo Jakus\u00a0<a href=\"mailto:anpepulauquen@yahoo.com.ar\">anpepulauquen@yahoo.com.ar<\/a><\/p>\n<p><strong>Para informaci\u00f3n especifica referida al A.N.P acceda a la sitio oficial de Direcci\u00f3n Provincial de \u00c1reas Protegidas al siguiente enlace:<\/strong><br \/>\n<strong><a href=\"http:\/\/www4.neuquen.gov.ar\/anp\/epu-lauquen.html\">A.N.P.P. Epulauquen<\/a><\/strong><\/p>\n<p>Fuente:\u00a0http:\/\/neuquentur.gob.ar\/es\/areas-protegidas\/a-n-p-p-epu-lauquen\/<\/p>\n<\/div>\n<\/div>\n<\/div>\n<\/div>\n<\/div>\n<div class=\"col-sm-4 col-md-3 col-lg-4\">\n<div id=\"secondary\" class=\"col-lg-11 col-lg-offset-1\" role=\"complementary\"><\/div>\n<\/div>\n<\/div>\n<\/article>\n<\/div>\n<\/div>\n<\/div>\n","protected":false},"excerpt":{"rendered":"<p>Neuqu\u00e9n.-Epu Lauquen deviene de Epu- lafquen que en lengua Mapuche significa \u201cdos lagunas\u201d, y posee en total 7.450 has. localizadas [&hellip;]<\/p>\n","protected":false},"author":2,"featured_media":57595,"comment_status":"open","ping_status":"open","sticky":false,"template":"","format":"standard","meta":{"site-sidebar-layout":"default","site-content-layout":"","ast-site-content-layout":"default","site-content-style":"default","site-sidebar-style":"default","ast-global-header-display":"","ast-banner-title-visibility":"","ast-main-header-display":"","ast-hfb-above-header-display":"","ast-hfb-below-header-display":"","ast-hfb-mobile-header-display":"","site-post-title":"","ast-breadcrumbs-content":"","ast-featured-img":"","footer-sml-layout":"","ast-disable-related-posts":"","theme-transparent-header-meta":"","adv-header-id-meta":"","stick-header-meta":"","header-above-stick-meta":"","header-main-stick-meta":"","header-below-stick-meta":"","astra-migrate-meta-layouts":"default","ast-page-background-enabled":"default","ast-page-background-meta":{"desktop":{"background-color":"var(--ast-global-color-5)","background-image":"","background-repeat":"repeat","background-position":"center center","background-size":"auto","background-attachment":"scroll","background-type":"","background-media":"","overlay-type":"","overlay-color":"","overlay-opacity":"","overlay-gradient":""},"tablet":{"background-color":"","background-image":"","background-repeat":"repeat","background-position":"center center","background-size":"auto","background-attachment":"scroll","background-type":"","background-media":"","overlay-type":"","overlay-color":"","overlay-opacity":"","overlay-gradient":""},"mobile":{"background-color":"","background-image":"","background-repeat":"repeat","background-position":"center center","background-size":"auto","background-attachment":"scroll","background-type":"","background-media":"","overlay-type":"","overlay-color":"","overlay-opacity":"","overlay-gradient":""}},"ast-content-background-meta":{"desktop":{"background-color":"var(--ast-global-color-4)","background-image":"","background-repeat":"repeat","background-position":"center center","background-size":"auto","background-attachment":"scroll","background-type":"","background-media":"","overlay-type":"","overlay-color":"","overlay-opacity":"","overlay-gradient":""},"tablet":{"background-color":"var(--ast-global-color-4)","background-image":"","background-repeat":"repeat","background-position":"center center","background-size":"auto","background-attachment":"scroll","background-type":"","background-media":"","overlay-type":"","overlay-color":"","overlay-opacity":"","overlay-gradient":""},"mobile":{"background-color":"var(--ast-global-color-4)","background-image":"","background-repeat":"repeat","background-position":"center center","background-size":"auto","background-attachment":"scroll","background-type":"","background-media":"","overlay-type":"","overlay-color":"","overlay-opacity":"","overlay-gradient":""}},"footnotes":""},"categories":[18,1,13],"tags":[],"class_list":["post-57594","post","type-post","status-publish","format-standard","has-post-thumbnail","hentry","category-neuquen","category-noticias","category-provinciales"],"yoast_head":"<!-- This site is optimized with the Yoast SEO Premium plugin v23.0 (Yoast SEO v27.4) - https:\/\/yoast.com\/product\/yoast-seo-premium-wordpress\/ -->\n<title>El \u00c1rea Natural Protegida Epulauquen te espera en Neuqu\u00e9n este verano<\/title>\n<meta name=\"robots\" content=\"index, follow, max-snippet:-1, max-image-preview:large, max-video-preview:-1\" \/>\n<link rel=\"canonical\" href=\"https:\/\/patagoniambiental.com.ar\/info\/el-area-natural-protegida-epulauquen-te-espera-en-neuquen-este-verano\/\" \/>\n<meta property=\"og:locale\" content=\"es_ES\" \/>\n<meta property=\"og:type\" content=\"article\" \/>\n<meta property=\"og:title\" content=\"El \u00c1rea Natural Protegida Epulauquen te espera en Neuqu\u00e9n este verano\" \/>\n<meta property=\"og:description\" content=\"Neuqu\u00e9n.-Epu Lauquen deviene de Epu- lafquen que en lengua Mapuche significa \u201cdos lagunas\u201d, y posee en total 7.450 has. localizadas [&hellip;]\" \/>\n<meta property=\"og:url\" content=\"https:\/\/patagoniambiental.com.ar\/info\/el-area-natural-protegida-epulauquen-te-espera-en-neuquen-este-verano\/\" \/>\n<meta property=\"og:site_name\" content=\"Patagonia Ambiental\" \/>\n<meta property=\"article:publisher\" content=\"https:\/\/www.facebook.com\/patagonia.ambiental\" \/>\n<meta property=\"article:author\" content=\"https:\/\/www.facebook.com\/share\/1C1V8Gv9BX\/?mibextid=qi2Omg\" \/>\n<meta property=\"article:published_time\" content=\"2019-01-19T12:00:25+00:00\" \/>\n<meta property=\"og:image\" content=\"https:\/\/patagoniambiental.com.ar\/info\/wp-content\/uploads\/2018\/12\/3566.jpg\" \/>\n\t<meta property=\"og:image:width\" content=\"458\" \/>\n\t<meta property=\"og:image:height\" content=\"344\" \/>\n\t<meta property=\"og:image:type\" content=\"image\/jpeg\" \/>\n<meta name=\"author\" content=\"Patagonia Ambiental\" \/>\n<meta name=\"twitter:card\" content=\"summary_large_image\" \/>\n<meta name=\"twitter:creator\" content=\"@PatAmb\" \/>\n<meta name=\"twitter:site\" content=\"@PatAmb\" \/>\n<script type=\"application\/ld+json\" class=\"yoast-schema-graph\">{\"@context\":\"https:\\\/\\\/schema.org\",\"@graph\":[{\"@type\":\"Article\",\"@id\":\"https:\\\/\\\/patagoniambiental.com.ar\\\/info\\\/el-area-natural-protegida-epulauquen-te-espera-en-neuquen-este-verano\\\/#article\",\"isPartOf\":{\"@id\":\"https:\\\/\\\/patagoniambiental.com.ar\\\/info\\\/el-area-natural-protegida-epulauquen-te-espera-en-neuquen-este-verano\\\/\"},\"author\":{\"name\":\"Patagonia Ambiental\",\"@id\":\"https:\\\/\\\/patagoniambiental.com.ar\\\/info\\\/#\\\/schema\\\/person\\\/db12bff64bbcbf6a253710bf0ea37b5d\"},\"headline\":\"El \u00c1rea Natural Protegida Epulauquen te espera en Neuqu\u00e9n este verano\",\"datePublished\":\"2019-01-19T12:00:25+00:00\",\"mainEntityOfPage\":{\"@id\":\"https:\\\/\\\/patagoniambiental.com.ar\\\/info\\\/el-area-natural-protegida-epulauquen-te-espera-en-neuquen-este-verano\\\/\"},\"wordCount\":1109,\"commentCount\":0,\"publisher\":{\"@id\":\"https:\\\/\\\/patagoniambiental.com.ar\\\/info\\\/#organization\"},\"image\":{\"@id\":\"https:\\\/\\\/patagoniambiental.com.ar\\\/info\\\/el-area-natural-protegida-epulauquen-te-espera-en-neuquen-este-verano\\\/#primaryimage\"},\"thumbnailUrl\":\"https:\\\/\\\/patagoniambiental.com.ar\\\/info\\\/wp-content\\\/uploads\\\/2018\\\/12\\\/3566.jpg\",\"articleSection\":[\"Neuqu\u00e9n\",\"Noticias\",\"Provinciales\"],\"inLanguage\":\"es\",\"potentialAction\":[{\"@type\":\"CommentAction\",\"name\":\"Comment\",\"target\":[\"https:\\\/\\\/patagoniambiental.com.ar\\\/info\\\/el-area-natural-protegida-epulauquen-te-espera-en-neuquen-este-verano\\\/#respond\"]}]},{\"@type\":\"WebPage\",\"@id\":\"https:\\\/\\\/patagoniambiental.com.ar\\\/info\\\/el-area-natural-protegida-epulauquen-te-espera-en-neuquen-este-verano\\\/\",\"url\":\"https:\\\/\\\/patagoniambiental.com.ar\\\/info\\\/el-area-natural-protegida-epulauquen-te-espera-en-neuquen-este-verano\\\/\",\"name\":\"El \u00c1rea Natural Protegida Epulauquen te espera en Neuqu\u00e9n este verano\",\"isPartOf\":{\"@id\":\"https:\\\/\\\/patagoniambiental.com.ar\\\/info\\\/#website\"},\"primaryImageOfPage\":{\"@id\":\"https:\\\/\\\/patagoniambiental.com.ar\\\/info\\\/el-area-natural-protegida-epulauquen-te-espera-en-neuquen-este-verano\\\/#primaryimage\"},\"image\":{\"@id\":\"https:\\\/\\\/patagoniambiental.com.ar\\\/info\\\/el-area-natural-protegida-epulauquen-te-espera-en-neuquen-este-verano\\\/#primaryimage\"},\"thumbnailUrl\":\"https:\\\/\\\/patagoniambiental.com.ar\\\/info\\\/wp-content\\\/uploads\\\/2018\\\/12\\\/3566.jpg\",\"datePublished\":\"2019-01-19T12:00:25+00:00\",\"breadcrumb\":{\"@id\":\"https:\\\/\\\/patagoniambiental.com.ar\\\/info\\\/el-area-natural-protegida-epulauquen-te-espera-en-neuquen-este-verano\\\/#breadcrumb\"},\"inLanguage\":\"es\",\"potentialAction\":[{\"@type\":\"ReadAction\",\"target\":[\"https:\\\/\\\/patagoniambiental.com.ar\\\/info\\\/el-area-natural-protegida-epulauquen-te-espera-en-neuquen-este-verano\\\/\"]}]},{\"@type\":\"ImageObject\",\"inLanguage\":\"es\",\"@id\":\"https:\\\/\\\/patagoniambiental.com.ar\\\/info\\\/el-area-natural-protegida-epulauquen-te-espera-en-neuquen-este-verano\\\/#primaryimage\",\"url\":\"https:\\\/\\\/patagoniambiental.com.ar\\\/info\\\/wp-content\\\/uploads\\\/2018\\\/12\\\/3566.jpg\",\"contentUrl\":\"https:\\\/\\\/patagoniambiental.com.ar\\\/info\\\/wp-content\\\/uploads\\\/2018\\\/12\\\/3566.jpg\",\"width\":458,\"height\":344},{\"@type\":\"BreadcrumbList\",\"@id\":\"https:\\\/\\\/patagoniambiental.com.ar\\\/info\\\/el-area-natural-protegida-epulauquen-te-espera-en-neuquen-este-verano\\\/#breadcrumb\",\"itemListElement\":[{\"@type\":\"ListItem\",\"position\":1,\"name\":\"Inicio\",\"item\":\"https:\\\/\\\/patagoniambiental.com.ar\\\/info\\\/\"},{\"@type\":\"ListItem\",\"position\":2,\"name\":\"El \u00c1rea Natural Protegida Epulauquen te espera en Neuqu\u00e9n este verano\"}]},{\"@type\":\"WebSite\",\"@id\":\"https:\\\/\\\/patagoniambiental.com.ar\\\/info\\\/#website\",\"url\":\"https:\\\/\\\/patagoniambiental.com.ar\\\/info\\\/\",\"name\":\"Patagonia Ambiental\",\"description\":\"Monitoreo y an\u00e1lisis de la situaci\u00f3n geopol\u00edtica en el mundo y su implicancia en la Patagonia\",\"publisher\":{\"@id\":\"https:\\\/\\\/patagoniambiental.com.ar\\\/info\\\/#organization\"},\"potentialAction\":[{\"@type\":\"SearchAction\",\"target\":{\"@type\":\"EntryPoint\",\"urlTemplate\":\"https:\\\/\\\/patagoniambiental.com.ar\\\/info\\\/?s={search_term_string}\"},\"query-input\":{\"@type\":\"PropertyValueSpecification\",\"valueRequired\":true,\"valueName\":\"search_term_string\"}}],\"inLanguage\":\"es\"},{\"@type\":\"Organization\",\"@id\":\"https:\\\/\\\/patagoniambiental.com.ar\\\/info\\\/#organization\",\"name\":\"Patagonia Ambiental\",\"url\":\"https:\\\/\\\/patagoniambiental.com.ar\\\/info\\\/\",\"logo\":{\"@type\":\"ImageObject\",\"inLanguage\":\"es\",\"@id\":\"https:\\\/\\\/patagoniambiental.com.ar\\\/info\\\/#\\\/schema\\\/logo\\\/image\\\/\",\"url\":\"https:\\\/\\\/patagoniambiental.com.ar\\\/info\\\/wp-content\\\/uploads\\\/2025\\\/05\\\/LOGO-PATAGONIA-AMBIENTAL.png\",\"contentUrl\":\"https:\\\/\\\/patagoniambiental.com.ar\\\/info\\\/wp-content\\\/uploads\\\/2025\\\/05\\\/LOGO-PATAGONIA-AMBIENTAL.png\",\"width\":433,\"height\":250,\"caption\":\"Patagonia Ambiental\"},\"image\":{\"@id\":\"https:\\\/\\\/patagoniambiental.com.ar\\\/info\\\/#\\\/schema\\\/logo\\\/image\\\/\"},\"sameAs\":[\"https:\\\/\\\/www.facebook.com\\\/patagonia.ambiental\",\"https:\\\/\\\/x.com\\\/PatAmb\"]},{\"@type\":\"Person\",\"@id\":\"https:\\\/\\\/patagoniambiental.com.ar\\\/info\\\/#\\\/schema\\\/person\\\/db12bff64bbcbf6a253710bf0ea37b5d\",\"name\":\"Patagonia Ambiental\",\"description\":\"Andr\u00e9s Nievas T\u00e9cnico en manejo ambiental, consultor Ambiental y escritor para medios locales e internacionales sobre temas de geopolitica y medio ambiente.\",\"sameAs\":[\"http:\\\/\\\/www.patagoniambiental.com.ar\",\"https:\\\/\\\/www.facebook.com\\\/share\\\/1C1V8Gv9BX\\\/?mibextid=qi2Omg\",\"@patagoniambiental\",\"https:\\\/\\\/youtube.com\\\/@patagoniaambiental2023?si=BLt58t0wuXquxlYZ\"]}]}<\/script>\n<!-- \/ Yoast SEO Premium plugin. -->","yoast_head_json":{"title":"El \u00c1rea Natural Protegida Epulauquen te espera en Neuqu\u00e9n este verano","robots":{"index":"index","follow":"follow","max-snippet":"max-snippet:-1","max-image-preview":"max-image-preview:large","max-video-preview":"max-video-preview:-1"},"canonical":"https:\/\/patagoniambiental.com.ar\/info\/el-area-natural-protegida-epulauquen-te-espera-en-neuquen-este-verano\/","og_locale":"es_ES","og_type":"article","og_title":"El \u00c1rea Natural Protegida Epulauquen te espera en Neuqu\u00e9n este verano","og_description":"Neuqu\u00e9n.-Epu Lauquen deviene de Epu- lafquen que en lengua Mapuche significa \u201cdos lagunas\u201d, y posee en total 7.450 has. localizadas [&hellip;]","og_url":"https:\/\/patagoniambiental.com.ar\/info\/el-area-natural-protegida-epulauquen-te-espera-en-neuquen-este-verano\/","og_site_name":"Patagonia Ambiental","article_publisher":"https:\/\/www.facebook.com\/patagonia.ambiental","article_author":"https:\/\/www.facebook.com\/share\/1C1V8Gv9BX\/?mibextid=qi2Omg","article_published_time":"2019-01-19T12:00:25+00:00","og_image":[{"width":458,"height":344,"url":"https:\/\/patagoniambiental.com.ar\/info\/wp-content\/uploads\/2018\/12\/3566.jpg","type":"image\/jpeg"}],"author":"Patagonia Ambiental","twitter_card":"summary_large_image","twitter_creator":"@PatAmb","twitter_site":"@PatAmb","schema":{"@context":"https:\/\/schema.org","@graph":[{"@type":"Article","@id":"https:\/\/patagoniambiental.com.ar\/info\/el-area-natural-protegida-epulauquen-te-espera-en-neuquen-este-verano\/#article","isPartOf":{"@id":"https:\/\/patagoniambiental.com.ar\/info\/el-area-natural-protegida-epulauquen-te-espera-en-neuquen-este-verano\/"},"author":{"name":"Patagonia Ambiental","@id":"https:\/\/patagoniambiental.com.ar\/info\/#\/schema\/person\/db12bff64bbcbf6a253710bf0ea37b5d"},"headline":"El \u00c1rea Natural Protegida Epulauquen te espera en Neuqu\u00e9n este verano","datePublished":"2019-01-19T12:00:25+00:00","mainEntityOfPage":{"@id":"https:\/\/patagoniambiental.com.ar\/info\/el-area-natural-protegida-epulauquen-te-espera-en-neuquen-este-verano\/"},"wordCount":1109,"commentCount":0,"publisher":{"@id":"https:\/\/patagoniambiental.com.ar\/info\/#organization"},"image":{"@id":"https:\/\/patagoniambiental.com.ar\/info\/el-area-natural-protegida-epulauquen-te-espera-en-neuquen-este-verano\/#primaryimage"},"thumbnailUrl":"https:\/\/patagoniambiental.com.ar\/info\/wp-content\/uploads\/2018\/12\/3566.jpg","articleSection":["Neuqu\u00e9n","Noticias","Provinciales"],"inLanguage":"es","potentialAction":[{"@type":"CommentAction","name":"Comment","target":["https:\/\/patagoniambiental.com.ar\/info\/el-area-natural-protegida-epulauquen-te-espera-en-neuquen-este-verano\/#respond"]}]},{"@type":"WebPage","@id":"https:\/\/patagoniambiental.com.ar\/info\/el-area-natural-protegida-epulauquen-te-espera-en-neuquen-este-verano\/","url":"https:\/\/patagoniambiental.com.ar\/info\/el-area-natural-protegida-epulauquen-te-espera-en-neuquen-este-verano\/","name":"El \u00c1rea Natural Protegida Epulauquen te espera en Neuqu\u00e9n este verano","isPartOf":{"@id":"https:\/\/patagoniambiental.com.ar\/info\/#website"},"primaryImageOfPage":{"@id":"https:\/\/patagoniambiental.com.ar\/info\/el-area-natural-protegida-epulauquen-te-espera-en-neuquen-este-verano\/#primaryimage"},"image":{"@id":"https:\/\/patagoniambiental.com.ar\/info\/el-area-natural-protegida-epulauquen-te-espera-en-neuquen-este-verano\/#primaryimage"},"thumbnailUrl":"https:\/\/patagoniambiental.com.ar\/info\/wp-content\/uploads\/2018\/12\/3566.jpg","datePublished":"2019-01-19T12:00:25+00:00","breadcrumb":{"@id":"https:\/\/patagoniambiental.com.ar\/info\/el-area-natural-protegida-epulauquen-te-espera-en-neuquen-este-verano\/#breadcrumb"},"inLanguage":"es","potentialAction":[{"@type":"ReadAction","target":["https:\/\/patagoniambiental.com.ar\/info\/el-area-natural-protegida-epulauquen-te-espera-en-neuquen-este-verano\/"]}]},{"@type":"ImageObject","inLanguage":"es","@id":"https:\/\/patagoniambiental.com.ar\/info\/el-area-natural-protegida-epulauquen-te-espera-en-neuquen-este-verano\/#primaryimage","url":"https:\/\/patagoniambiental.com.ar\/info\/wp-content\/uploads\/2018\/12\/3566.jpg","contentUrl":"https:\/\/patagoniambiental.com.ar\/info\/wp-content\/uploads\/2018\/12\/3566.jpg","width":458,"height":344},{"@type":"BreadcrumbList","@id":"https:\/\/patagoniambiental.com.ar\/info\/el-area-natural-protegida-epulauquen-te-espera-en-neuquen-este-verano\/#breadcrumb","itemListElement":[{"@type":"ListItem","position":1,"name":"Inicio","item":"https:\/\/patagoniambiental.com.ar\/info\/"},{"@type":"ListItem","position":2,"name":"El \u00c1rea Natural Protegida Epulauquen te espera en Neuqu\u00e9n este verano"}]},{"@type":"WebSite","@id":"https:\/\/patagoniambiental.com.ar\/info\/#website","url":"https:\/\/patagoniambiental.com.ar\/info\/","name":"Patagonia Ambiental","description":"Monitoreo y an\u00e1lisis de la situaci\u00f3n geopol\u00edtica en el mundo y su implicancia en la Patagonia","publisher":{"@id":"https:\/\/patagoniambiental.com.ar\/info\/#organization"},"potentialAction":[{"@type":"SearchAction","target":{"@type":"EntryPoint","urlTemplate":"https:\/\/patagoniambiental.com.ar\/info\/?s={search_term_string}"},"query-input":{"@type":"PropertyValueSpecification","valueRequired":true,"valueName":"search_term_string"}}],"inLanguage":"es"},{"@type":"Organization","@id":"https:\/\/patagoniambiental.com.ar\/info\/#organization","name":"Patagonia Ambiental","url":"https:\/\/patagoniambiental.com.ar\/info\/","logo":{"@type":"ImageObject","inLanguage":"es","@id":"https:\/\/patagoniambiental.com.ar\/info\/#\/schema\/logo\/image\/","url":"https:\/\/patagoniambiental.com.ar\/info\/wp-content\/uploads\/2025\/05\/LOGO-PATAGONIA-AMBIENTAL.png","contentUrl":"https:\/\/patagoniambiental.com.ar\/info\/wp-content\/uploads\/2025\/05\/LOGO-PATAGONIA-AMBIENTAL.png","width":433,"height":250,"caption":"Patagonia Ambiental"},"image":{"@id":"https:\/\/patagoniambiental.com.ar\/info\/#\/schema\/logo\/image\/"},"sameAs":["https:\/\/www.facebook.com\/patagonia.ambiental","https:\/\/x.com\/PatAmb"]},{"@type":"Person","@id":"https:\/\/patagoniambiental.com.ar\/info\/#\/schema\/person\/db12bff64bbcbf6a253710bf0ea37b5d","name":"Patagonia Ambiental","description":"Andr\u00e9s Nievas T\u00e9cnico en manejo ambiental, consultor Ambiental y escritor para medios locales e internacionales sobre temas de geopolitica y medio ambiente.","sameAs":["http:\/\/www.patagoniambiental.com.ar","https:\/\/www.facebook.com\/share\/1C1V8Gv9BX\/?mibextid=qi2Omg","@patagoniambiental","https:\/\/youtube.com\/@patagoniaambiental2023?si=BLt58t0wuXquxlYZ"]}]}},"_links":{"self":[{"href":"https:\/\/patagoniambiental.com.ar\/info\/wp-json\/wp\/v2\/posts\/57594","targetHints":{"allow":["GET"]}}],"collection":[{"href":"https:\/\/patagoniambiental.com.ar\/info\/wp-json\/wp\/v2\/posts"}],"about":[{"href":"https:\/\/patagoniambiental.com.ar\/info\/wp-json\/wp\/v2\/types\/post"}],"author":[{"embeddable":true,"href":"https:\/\/patagoniambiental.com.ar\/info\/wp-json\/wp\/v2\/users\/2"}],"replies":[{"embeddable":true,"href":"https:\/\/patagoniambiental.com.ar\/info\/wp-json\/wp\/v2\/comments?post=57594"}],"version-history":[{"count":0,"href":"https:\/\/patagoniambiental.com.ar\/info\/wp-json\/wp\/v2\/posts\/57594\/revisions"}],"wp:featuredmedia":[{"embeddable":true,"href":"https:\/\/patagoniambiental.com.ar\/info\/wp-json\/wp\/v2\/media\/57595"}],"wp:attachment":[{"href":"https:\/\/patagoniambiental.com.ar\/info\/wp-json\/wp\/v2\/media?parent=57594"}],"wp:term":[{"taxonomy":"category","embeddable":true,"href":"https:\/\/patagoniambiental.com.ar\/info\/wp-json\/wp\/v2\/categories?post=57594"},{"taxonomy":"post_tag","embeddable":true,"href":"https:\/\/patagoniambiental.com.ar\/info\/wp-json\/wp\/v2\/tags?post=57594"}],"curies":[{"name":"wp","href":"https:\/\/api.w.org\/{rel}","templated":true}]}}