{"id":57976,"date":"2018-12-22T09:00:59","date_gmt":"2018-12-22T12:00:59","guid":{"rendered":"http:\/\/patagoniambiental.com.ar\/info\/?p=57976"},"modified":"2018-12-20T16:46:17","modified_gmt":"2018-12-20T19:46:17","slug":"alertan-sobre-la-presencia-de-una-especie-protegida-en-el-alto-valle","status":"publish","type":"post","link":"https:\/\/patagoniambiental.com.ar\/info\/alertan-sobre-la-presencia-de-una-especie-protegida-en-el-alto-valle\/","title":{"rendered":"Alertan sobre la presencia de una especie protegida en el Alto Valle"},"content":{"rendered":"<article id=\"article-post\" class=\"cat-rojo\">\n<header>\n<div class=\"row\">\n<div class=\"col-xs-12\">\n<p class=\"title\">Se trata del lagarto colorado y desde el equipo de Guardafaunas Honorarios solicitaron a la comunidad no molestarlos ni adoptarlos como mascotas. Su tenencia, transporte o venta est\u00e1 prohibida por ley.<\/p>\n<p><!--more--><\/p>\n<\/div>\n<\/div>\n<\/header>\n<div class=\"head-image thumb-wrap relative\">\n<div id=\"content-gallery\">\n<div id=\"fotogaleria-Object_3184_1797\" class=\"gallery\">\n<div class=\"col2\">\n<div class=\"image itemGallery classid545973\"><a title=\"\" href=\"https:\/\/media.lmneuquen.com\/adjuntos\/198\/imagenes\/003\/402\/0003402560.jpg\"><img fetchpriority=\"high\" decoding=\"async\" title=\"Alertan sobre la presencia de una especie protegida en el Alto Valle\" src=\"https:\/\/media.lmneuquen.com\/adjuntos\/198\/imagenes\/003\/402\/0003402560.jpg\" alt=\"Alertan sobre la presencia de una especie protegida en el Alto Valle\" width=\"770\" height=\"433\" \/><\/a><\/p>\n<div class=\"gallery-header\"><\/div>\n<div class=\"pieFoto\"><span class=\"copyinterior\">Facebook<\/span><\/div>\n<\/div>\n<\/div>\n<div class=\"clearfix\"><\/div>\n<\/div>\n<\/div>\n<\/div>\n<div class=\"cuerpo\">\n<p>El equipo de Guardafaunas Honorarios de R\u00edo Negro alert\u00f3 a la comunidad por la reciente aparici\u00f3n de varios ejemplares del lagarto colorado, uno de los saurios m\u00e1s grandes del pa\u00eds que se alimenta de roedores, huevos, frutos e insectos, y son completamente inofensivos. Pidieron no molestarlos ni adoptarlos como mascotas y advirtieron que su tenencia, captura, venta o transporte est\u00e1n prohibidos por ley nacional y provincial.<\/p>\n<\/div>\n<\/article>\n<p>Seg\u00fan explicaron desde la organizaci\u00f3n, en la provincia existe una gran oblaci\u00f3n de lagarto colorado desde el r\u00edo Colorado hasta el l\u00edmite norte de las ciudades del\u00a0<a class=\"agrupador\" href=\"http:\/\/www.lmneuquen.com\/alto-valle-a3103\" rel=\"3103\">Alto Valle<\/a>y Valle Medio, como as\u00ed tambi\u00e9n en otra poblaci\u00f3n aislada en la zona del Bajo del Gualicho. Adem\u00e1s, detallaron que comparten el ambiente de monte junto a la tortuga terrestre.<\/p>\n<article id=\"article-post\" class=\"cat-rojo\">\n<div class=\"cuerpo\">\n<p>\u00abComo todo animal de la\u00a0<a class=\"agrupador\" href=\"http:\/\/www.lmneuquen.com\/fauna-a7533\" rel=\"7533\">fauna<\/a>\u00a0silvestre, cumple un importante rol en el ecosistema. Si lo vemos s\u00f3lo debemos deleitarnos con su presencia y sacarle fotos. Son pac\u00edficos y como mecanismo de defensa s\u00f3lo morder\u00e1 si intentamos manipularlo. Tambi\u00e9n es posible que aparezca alguno en las ciudades del Valle; puede haber llegado o solo o bien \u00abayudado\u00bb por alguien que lo trajo de mascota, que no lo es\u00bb, informaron los integrantes de Guardafunas Honorarios.<\/p>\n<div class=\"teads-inread\">\n<div>\n<div id=\"teads0\" class=\"teads-player\"><\/div>\n<\/div>\n<\/div>\n<p>A su vez, solicitaron que, ante la presencia de alg\u00fan ejemplar o de cualquiera de la fauna silvestre, se contacten con la Polic\u00eda, la Direcci\u00f3n de Fauna, las autoridades de la Secretar\u00eda de Ambiente de R\u00edo Negro o con la misma organizaci\u00f3n a trav\u00e9s de las redes sociales. \u00abSeguro acudir\u00e1 personal especializado para reubicar alg\u00fan animal\u00bb, finalizaron.<\/p>\n<p>Sin embargo, la publicaci\u00f3n que realizaron a trav\u00e9s de su cuenta de Facebook advirtiendo sobre la situaci\u00f3n desencaden\u00f3 un problema mucho mayor: la matanza de estos animales. Es que fueron muchos los vecinos los que denunciaron que los estaban matando \u00abpor diversi\u00f3n\u00bb y que ya han encontrado restos arrojados en los desag\u00fces.<\/p>\n<p>Fuente: La Ma\u00f1ana Neuqu\u00e9n<\/p>\n<\/div>\n<\/article>\n","protected":false},"excerpt":{"rendered":"<p>Se trata del lagarto colorado y desde el equipo de Guardafaunas Honorarios solicitaron a la comunidad no molestarlos ni adoptarlos [&hellip;]<\/p>\n","protected":false},"author":2,"featured_media":0,"comment_status":"open","ping_status":"open","sticky":false,"template":"","format":"standard","meta":{"site-sidebar-layout":"default","site-content-layout":"","ast-site-content-layout":"default","site-content-style":"default","site-sidebar-style":"default","ast-global-header-display":"","ast-banner-title-visibility":"","ast-main-header-display":"","ast-hfb-above-header-display":"","ast-hfb-below-header-display":"","ast-hfb-mobile-header-display":"","site-post-title":"","ast-breadcrumbs-content":"","ast-featured-img":"","footer-sml-layout":"","ast-disable-related-posts":"","theme-transparent-header-meta":"","adv-header-id-meta":"","stick-header-meta":"","header-above-stick-meta":"","header-main-stick-meta":"","header-below-stick-meta":"","astra-migrate-meta-layouts":"default","ast-page-background-enabled":"default","ast-page-background-meta":{"desktop":{"background-color":"var(--ast-global-color-5)","background-image":"","background-repeat":"repeat","background-position":"center center","background-size":"auto","background-attachment":"scroll","background-type":"","background-media":"","overlay-type":"","overlay-color":"","overlay-opacity":"","overlay-gradient":""},"tablet":{"background-color":"","background-image":"","background-repeat":"repeat","background-position":"center center","background-size":"auto","background-attachment":"scroll","background-type":"","background-media":"","overlay-type":"","overlay-color":"","overlay-opacity":"","overlay-gradient":""},"mobile":{"background-color":"","background-image":"","background-repeat":"repeat","background-position":"center center","background-size":"auto","background-attachment":"scroll","background-type":"","background-media":"","overlay-type":"","overlay-color":"","overlay-opacity":"","overlay-gradient":""}},"ast-content-background-meta":{"desktop":{"background-color":"var(--ast-global-color-4)","background-image":"","background-repeat":"repeat","background-position":"center center","background-size":"auto","background-attachment":"scroll","background-type":"","background-media":"","overlay-type":"","overlay-color":"","overlay-opacity":"","overlay-gradient":""},"tablet":{"background-color":"var(--ast-global-color-4)","background-image":"","background-repeat":"repeat","background-position":"center center","background-size":"auto","background-attachment":"scroll","background-type":"","background-media":"","overlay-type":"","overlay-color":"","overlay-opacity":"","overlay-gradient":""},"mobile":{"background-color":"var(--ast-global-color-4)","background-image":"","background-repeat":"repeat","background-position":"center center","background-size":"auto","background-attachment":"scroll","background-type":"","background-media":"","overlay-type":"","overlay-color":"","overlay-opacity":"","overlay-gradient":""}},"footnotes":""},"categories":[1],"tags":[],"class_list":["post-57976","post","type-post","status-publish","format-standard","hentry","category-noticias"],"yoast_head":"<!-- This site is optimized with the Yoast SEO Premium plugin v23.0 (Yoast SEO v27.4) - https:\/\/yoast.com\/product\/yoast-seo-premium-wordpress\/ -->\n<title>Alertan sobre la presencia de una especie protegida en el Alto Valle<\/title>\n<meta name=\"robots\" content=\"index, follow, max-snippet:-1, max-image-preview:large, max-video-preview:-1\" \/>\n<link rel=\"canonical\" href=\"https:\/\/patagoniambiental.com.ar\/info\/alertan-sobre-la-presencia-de-una-especie-protegida-en-el-alto-valle\/\" \/>\n<meta property=\"og:locale\" content=\"es_ES\" \/>\n<meta property=\"og:type\" content=\"article\" \/>\n<meta property=\"og:title\" content=\"Alertan sobre la presencia de una especie protegida en el Alto Valle\" \/>\n<meta property=\"og:description\" content=\"Se trata del lagarto colorado y desde el equipo de Guardafaunas Honorarios solicitaron a la comunidad no molestarlos ni adoptarlos [&hellip;]\" \/>\n<meta property=\"og:url\" content=\"https:\/\/patagoniambiental.com.ar\/info\/alertan-sobre-la-presencia-de-una-especie-protegida-en-el-alto-valle\/\" \/>\n<meta property=\"og:site_name\" content=\"Patagonia Ambiental\" \/>\n<meta property=\"article:publisher\" content=\"https:\/\/www.facebook.com\/patagonia.ambiental\" \/>\n<meta property=\"article:author\" content=\"https:\/\/www.facebook.com\/share\/1C1V8Gv9BX\/?mibextid=qi2Omg\" \/>\n<meta property=\"article:published_time\" content=\"2018-12-22T12:00:59+00:00\" \/>\n<meta property=\"og:image\" content=\"https:\/\/media.lmneuquen.com\/adjuntos\/198\/imagenes\/003\/402\/0003402560.jpg\" \/>\n<meta name=\"author\" content=\"Patagonia Ambiental\" \/>\n<meta name=\"twitter:card\" content=\"summary_large_image\" \/>\n<meta name=\"twitter:creator\" content=\"@PatAmb\" \/>\n<meta name=\"twitter:site\" content=\"@PatAmb\" \/>\n<script type=\"application\/ld+json\" class=\"yoast-schema-graph\">{\"@context\":\"https:\\\/\\\/schema.org\",\"@graph\":[{\"@type\":\"Article\",\"@id\":\"https:\\\/\\\/patagoniambiental.com.ar\\\/info\\\/alertan-sobre-la-presencia-de-una-especie-protegida-en-el-alto-valle\\\/#article\",\"isPartOf\":{\"@id\":\"https:\\\/\\\/patagoniambiental.com.ar\\\/info\\\/alertan-sobre-la-presencia-de-una-especie-protegida-en-el-alto-valle\\\/\"},\"author\":{\"name\":\"Patagonia Ambiental\",\"@id\":\"https:\\\/\\\/patagoniambiental.com.ar\\\/info\\\/#\\\/schema\\\/person\\\/db12bff64bbcbf6a253710bf0ea37b5d\"},\"headline\":\"Alertan sobre la presencia de una especie protegida en el Alto Valle\",\"datePublished\":\"2018-12-22T12:00:59+00:00\",\"mainEntityOfPage\":{\"@id\":\"https:\\\/\\\/patagoniambiental.com.ar\\\/info\\\/alertan-sobre-la-presencia-de-una-especie-protegida-en-el-alto-valle\\\/\"},\"wordCount\":387,\"commentCount\":0,\"publisher\":{\"@id\":\"https:\\\/\\\/patagoniambiental.com.ar\\\/info\\\/#organization\"},\"image\":{\"@id\":\"https:\\\/\\\/patagoniambiental.com.ar\\\/info\\\/alertan-sobre-la-presencia-de-una-especie-protegida-en-el-alto-valle\\\/#primaryimage\"},\"thumbnailUrl\":\"https:\\\/\\\/media.lmneuquen.com\\\/adjuntos\\\/198\\\/imagenes\\\/003\\\/402\\\/0003402560.jpg\",\"articleSection\":[\"Noticias\"],\"inLanguage\":\"es\",\"potentialAction\":[{\"@type\":\"CommentAction\",\"name\":\"Comment\",\"target\":[\"https:\\\/\\\/patagoniambiental.com.ar\\\/info\\\/alertan-sobre-la-presencia-de-una-especie-protegida-en-el-alto-valle\\\/#respond\"]}]},{\"@type\":\"WebPage\",\"@id\":\"https:\\\/\\\/patagoniambiental.com.ar\\\/info\\\/alertan-sobre-la-presencia-de-una-especie-protegida-en-el-alto-valle\\\/\",\"url\":\"https:\\\/\\\/patagoniambiental.com.ar\\\/info\\\/alertan-sobre-la-presencia-de-una-especie-protegida-en-el-alto-valle\\\/\",\"name\":\"Alertan sobre la presencia de una especie protegida en el Alto Valle\",\"isPartOf\":{\"@id\":\"https:\\\/\\\/patagoniambiental.com.ar\\\/info\\\/#website\"},\"primaryImageOfPage\":{\"@id\":\"https:\\\/\\\/patagoniambiental.com.ar\\\/info\\\/alertan-sobre-la-presencia-de-una-especie-protegida-en-el-alto-valle\\\/#primaryimage\"},\"image\":{\"@id\":\"https:\\\/\\\/patagoniambiental.com.ar\\\/info\\\/alertan-sobre-la-presencia-de-una-especie-protegida-en-el-alto-valle\\\/#primaryimage\"},\"thumbnailUrl\":\"https:\\\/\\\/media.lmneuquen.com\\\/adjuntos\\\/198\\\/imagenes\\\/003\\\/402\\\/0003402560.jpg\",\"datePublished\":\"2018-12-22T12:00:59+00:00\",\"breadcrumb\":{\"@id\":\"https:\\\/\\\/patagoniambiental.com.ar\\\/info\\\/alertan-sobre-la-presencia-de-una-especie-protegida-en-el-alto-valle\\\/#breadcrumb\"},\"inLanguage\":\"es\",\"potentialAction\":[{\"@type\":\"ReadAction\",\"target\":[\"https:\\\/\\\/patagoniambiental.com.ar\\\/info\\\/alertan-sobre-la-presencia-de-una-especie-protegida-en-el-alto-valle\\\/\"]}]},{\"@type\":\"ImageObject\",\"inLanguage\":\"es\",\"@id\":\"https:\\\/\\\/patagoniambiental.com.ar\\\/info\\\/alertan-sobre-la-presencia-de-una-especie-protegida-en-el-alto-valle\\\/#primaryimage\",\"url\":\"https:\\\/\\\/media.lmneuquen.com\\\/adjuntos\\\/198\\\/imagenes\\\/003\\\/402\\\/0003402560.jpg\",\"contentUrl\":\"https:\\\/\\\/media.lmneuquen.com\\\/adjuntos\\\/198\\\/imagenes\\\/003\\\/402\\\/0003402560.jpg\"},{\"@type\":\"BreadcrumbList\",\"@id\":\"https:\\\/\\\/patagoniambiental.com.ar\\\/info\\\/alertan-sobre-la-presencia-de-una-especie-protegida-en-el-alto-valle\\\/#breadcrumb\",\"itemListElement\":[{\"@type\":\"ListItem\",\"position\":1,\"name\":\"Inicio\",\"item\":\"https:\\\/\\\/patagoniambiental.com.ar\\\/info\\\/\"},{\"@type\":\"ListItem\",\"position\":2,\"name\":\"Alertan sobre la presencia de una especie protegida en el Alto Valle\"}]},{\"@type\":\"WebSite\",\"@id\":\"https:\\\/\\\/patagoniambiental.com.ar\\\/info\\\/#website\",\"url\":\"https:\\\/\\\/patagoniambiental.com.ar\\\/info\\\/\",\"name\":\"Patagonia Ambiental\",\"description\":\"Monitoreo y an\u00e1lisis de la situaci\u00f3n geopol\u00edtica en el mundo y su implicancia en la Patagonia\",\"publisher\":{\"@id\":\"https:\\\/\\\/patagoniambiental.com.ar\\\/info\\\/#organization\"},\"potentialAction\":[{\"@type\":\"SearchAction\",\"target\":{\"@type\":\"EntryPoint\",\"urlTemplate\":\"https:\\\/\\\/patagoniambiental.com.ar\\\/info\\\/?s={search_term_string}\"},\"query-input\":{\"@type\":\"PropertyValueSpecification\",\"valueRequired\":true,\"valueName\":\"search_term_string\"}}],\"inLanguage\":\"es\"},{\"@type\":\"Organization\",\"@id\":\"https:\\\/\\\/patagoniambiental.com.ar\\\/info\\\/#organization\",\"name\":\"Patagonia Ambiental\",\"url\":\"https:\\\/\\\/patagoniambiental.com.ar\\\/info\\\/\",\"logo\":{\"@type\":\"ImageObject\",\"inLanguage\":\"es\",\"@id\":\"https:\\\/\\\/patagoniambiental.com.ar\\\/info\\\/#\\\/schema\\\/logo\\\/image\\\/\",\"url\":\"https:\\\/\\\/patagoniambiental.com.ar\\\/info\\\/wp-content\\\/uploads\\\/2025\\\/05\\\/LOGO-PATAGONIA-AMBIENTAL.png\",\"contentUrl\":\"https:\\\/\\\/patagoniambiental.com.ar\\\/info\\\/wp-content\\\/uploads\\\/2025\\\/05\\\/LOGO-PATAGONIA-AMBIENTAL.png\",\"width\":433,\"height\":250,\"caption\":\"Patagonia Ambiental\"},\"image\":{\"@id\":\"https:\\\/\\\/patagoniambiental.com.ar\\\/info\\\/#\\\/schema\\\/logo\\\/image\\\/\"},\"sameAs\":[\"https:\\\/\\\/www.facebook.com\\\/patagonia.ambiental\",\"https:\\\/\\\/x.com\\\/PatAmb\"]},{\"@type\":\"Person\",\"@id\":\"https:\\\/\\\/patagoniambiental.com.ar\\\/info\\\/#\\\/schema\\\/person\\\/db12bff64bbcbf6a253710bf0ea37b5d\",\"name\":\"Patagonia Ambiental\",\"description\":\"Andr\u00e9s Nievas T\u00e9cnico en manejo ambiental, consultor Ambiental y escritor para medios locales e internacionales sobre temas de geopolitica y medio ambiente.\",\"sameAs\":[\"http:\\\/\\\/www.patagoniambiental.com.ar\",\"https:\\\/\\\/www.facebook.com\\\/share\\\/1C1V8Gv9BX\\\/?mibextid=qi2Omg\",\"@patagoniambiental\",\"https:\\\/\\\/youtube.com\\\/@patagoniaambiental2023?si=BLt58t0wuXquxlYZ\"]}]}<\/script>\n<!-- \/ Yoast SEO Premium plugin. -->","yoast_head_json":{"title":"Alertan sobre la presencia de una especie protegida en el Alto Valle","robots":{"index":"index","follow":"follow","max-snippet":"max-snippet:-1","max-image-preview":"max-image-preview:large","max-video-preview":"max-video-preview:-1"},"canonical":"https:\/\/patagoniambiental.com.ar\/info\/alertan-sobre-la-presencia-de-una-especie-protegida-en-el-alto-valle\/","og_locale":"es_ES","og_type":"article","og_title":"Alertan sobre la presencia de una especie protegida en el Alto Valle","og_description":"Se trata del lagarto colorado y desde el equipo de Guardafaunas Honorarios solicitaron a la comunidad no molestarlos ni adoptarlos [&hellip;]","og_url":"https:\/\/patagoniambiental.com.ar\/info\/alertan-sobre-la-presencia-de-una-especie-protegida-en-el-alto-valle\/","og_site_name":"Patagonia Ambiental","article_publisher":"https:\/\/www.facebook.com\/patagonia.ambiental","article_author":"https:\/\/www.facebook.com\/share\/1C1V8Gv9BX\/?mibextid=qi2Omg","article_published_time":"2018-12-22T12:00:59+00:00","og_image":[{"url":"https:\/\/media.lmneuquen.com\/adjuntos\/198\/imagenes\/003\/402\/0003402560.jpg","type":"","width":"","height":""}],"author":"Patagonia Ambiental","twitter_card":"summary_large_image","twitter_creator":"@PatAmb","twitter_site":"@PatAmb","schema":{"@context":"https:\/\/schema.org","@graph":[{"@type":"Article","@id":"https:\/\/patagoniambiental.com.ar\/info\/alertan-sobre-la-presencia-de-una-especie-protegida-en-el-alto-valle\/#article","isPartOf":{"@id":"https:\/\/patagoniambiental.com.ar\/info\/alertan-sobre-la-presencia-de-una-especie-protegida-en-el-alto-valle\/"},"author":{"name":"Patagonia Ambiental","@id":"https:\/\/patagoniambiental.com.ar\/info\/#\/schema\/person\/db12bff64bbcbf6a253710bf0ea37b5d"},"headline":"Alertan sobre la presencia de una especie protegida en el Alto Valle","datePublished":"2018-12-22T12:00:59+00:00","mainEntityOfPage":{"@id":"https:\/\/patagoniambiental.com.ar\/info\/alertan-sobre-la-presencia-de-una-especie-protegida-en-el-alto-valle\/"},"wordCount":387,"commentCount":0,"publisher":{"@id":"https:\/\/patagoniambiental.com.ar\/info\/#organization"},"image":{"@id":"https:\/\/patagoniambiental.com.ar\/info\/alertan-sobre-la-presencia-de-una-especie-protegida-en-el-alto-valle\/#primaryimage"},"thumbnailUrl":"https:\/\/media.lmneuquen.com\/adjuntos\/198\/imagenes\/003\/402\/0003402560.jpg","articleSection":["Noticias"],"inLanguage":"es","potentialAction":[{"@type":"CommentAction","name":"Comment","target":["https:\/\/patagoniambiental.com.ar\/info\/alertan-sobre-la-presencia-de-una-especie-protegida-en-el-alto-valle\/#respond"]}]},{"@type":"WebPage","@id":"https:\/\/patagoniambiental.com.ar\/info\/alertan-sobre-la-presencia-de-una-especie-protegida-en-el-alto-valle\/","url":"https:\/\/patagoniambiental.com.ar\/info\/alertan-sobre-la-presencia-de-una-especie-protegida-en-el-alto-valle\/","name":"Alertan sobre la presencia de una especie protegida en el Alto Valle","isPartOf":{"@id":"https:\/\/patagoniambiental.com.ar\/info\/#website"},"primaryImageOfPage":{"@id":"https:\/\/patagoniambiental.com.ar\/info\/alertan-sobre-la-presencia-de-una-especie-protegida-en-el-alto-valle\/#primaryimage"},"image":{"@id":"https:\/\/patagoniambiental.com.ar\/info\/alertan-sobre-la-presencia-de-una-especie-protegida-en-el-alto-valle\/#primaryimage"},"thumbnailUrl":"https:\/\/media.lmneuquen.com\/adjuntos\/198\/imagenes\/003\/402\/0003402560.jpg","datePublished":"2018-12-22T12:00:59+00:00","breadcrumb":{"@id":"https:\/\/patagoniambiental.com.ar\/info\/alertan-sobre-la-presencia-de-una-especie-protegida-en-el-alto-valle\/#breadcrumb"},"inLanguage":"es","potentialAction":[{"@type":"ReadAction","target":["https:\/\/patagoniambiental.com.ar\/info\/alertan-sobre-la-presencia-de-una-especie-protegida-en-el-alto-valle\/"]}]},{"@type":"ImageObject","inLanguage":"es","@id":"https:\/\/patagoniambiental.com.ar\/info\/alertan-sobre-la-presencia-de-una-especie-protegida-en-el-alto-valle\/#primaryimage","url":"https:\/\/media.lmneuquen.com\/adjuntos\/198\/imagenes\/003\/402\/0003402560.jpg","contentUrl":"https:\/\/media.lmneuquen.com\/adjuntos\/198\/imagenes\/003\/402\/0003402560.jpg"},{"@type":"BreadcrumbList","@id":"https:\/\/patagoniambiental.com.ar\/info\/alertan-sobre-la-presencia-de-una-especie-protegida-en-el-alto-valle\/#breadcrumb","itemListElement":[{"@type":"ListItem","position":1,"name":"Inicio","item":"https:\/\/patagoniambiental.com.ar\/info\/"},{"@type":"ListItem","position":2,"name":"Alertan sobre la presencia de una especie protegida en el Alto Valle"}]},{"@type":"WebSite","@id":"https:\/\/patagoniambiental.com.ar\/info\/#website","url":"https:\/\/patagoniambiental.com.ar\/info\/","name":"Patagonia Ambiental","description":"Monitoreo y an\u00e1lisis de la situaci\u00f3n geopol\u00edtica en el mundo y su implicancia en la Patagonia","publisher":{"@id":"https:\/\/patagoniambiental.com.ar\/info\/#organization"},"potentialAction":[{"@type":"SearchAction","target":{"@type":"EntryPoint","urlTemplate":"https:\/\/patagoniambiental.com.ar\/info\/?s={search_term_string}"},"query-input":{"@type":"PropertyValueSpecification","valueRequired":true,"valueName":"search_term_string"}}],"inLanguage":"es"},{"@type":"Organization","@id":"https:\/\/patagoniambiental.com.ar\/info\/#organization","name":"Patagonia Ambiental","url":"https:\/\/patagoniambiental.com.ar\/info\/","logo":{"@type":"ImageObject","inLanguage":"es","@id":"https:\/\/patagoniambiental.com.ar\/info\/#\/schema\/logo\/image\/","url":"https:\/\/patagoniambiental.com.ar\/info\/wp-content\/uploads\/2025\/05\/LOGO-PATAGONIA-AMBIENTAL.png","contentUrl":"https:\/\/patagoniambiental.com.ar\/info\/wp-content\/uploads\/2025\/05\/LOGO-PATAGONIA-AMBIENTAL.png","width":433,"height":250,"caption":"Patagonia Ambiental"},"image":{"@id":"https:\/\/patagoniambiental.com.ar\/info\/#\/schema\/logo\/image\/"},"sameAs":["https:\/\/www.facebook.com\/patagonia.ambiental","https:\/\/x.com\/PatAmb"]},{"@type":"Person","@id":"https:\/\/patagoniambiental.com.ar\/info\/#\/schema\/person\/db12bff64bbcbf6a253710bf0ea37b5d","name":"Patagonia Ambiental","description":"Andr\u00e9s Nievas T\u00e9cnico en manejo ambiental, consultor Ambiental y escritor para medios locales e internacionales sobre temas de geopolitica y medio ambiente.","sameAs":["http:\/\/www.patagoniambiental.com.ar","https:\/\/www.facebook.com\/share\/1C1V8Gv9BX\/?mibextid=qi2Omg","@patagoniambiental","https:\/\/youtube.com\/@patagoniaambiental2023?si=BLt58t0wuXquxlYZ"]}]}},"_links":{"self":[{"href":"https:\/\/patagoniambiental.com.ar\/info\/wp-json\/wp\/v2\/posts\/57976","targetHints":{"allow":["GET"]}}],"collection":[{"href":"https:\/\/patagoniambiental.com.ar\/info\/wp-json\/wp\/v2\/posts"}],"about":[{"href":"https:\/\/patagoniambiental.com.ar\/info\/wp-json\/wp\/v2\/types\/post"}],"author":[{"embeddable":true,"href":"https:\/\/patagoniambiental.com.ar\/info\/wp-json\/wp\/v2\/users\/2"}],"replies":[{"embeddable":true,"href":"https:\/\/patagoniambiental.com.ar\/info\/wp-json\/wp\/v2\/comments?post=57976"}],"version-history":[{"count":0,"href":"https:\/\/patagoniambiental.com.ar\/info\/wp-json\/wp\/v2\/posts\/57976\/revisions"}],"wp:attachment":[{"href":"https:\/\/patagoniambiental.com.ar\/info\/wp-json\/wp\/v2\/media?parent=57976"}],"wp:term":[{"taxonomy":"category","embeddable":true,"href":"https:\/\/patagoniambiental.com.ar\/info\/wp-json\/wp\/v2\/categories?post=57976"},{"taxonomy":"post_tag","embeddable":true,"href":"https:\/\/patagoniambiental.com.ar\/info\/wp-json\/wp\/v2\/tags?post=57976"}],"curies":[{"name":"wp","href":"https:\/\/api.w.org\/{rel}","templated":true}]}}