{"id":58107,"date":"2018-12-27T19:00:54","date_gmt":"2018-12-27T22:00:54","guid":{"rendered":"http:\/\/patagoniambiental.com.ar\/info\/?p=58107"},"modified":"2018-12-27T10:20:03","modified_gmt":"2018-12-27T13:20:03","slug":"invertiran-dos-millones-de-pesos-en-el-desarrollo-de-tecnologia-para-el-tratamiento-de-efluentes","status":"publish","type":"post","link":"https:\/\/patagoniambiental.com.ar\/info\/invertiran-dos-millones-de-pesos-en-el-desarrollo-de-tecnologia-para-el-tratamiento-de-efluentes\/","title":{"rendered":"Invertir\u00e1n dos millones de pesos en el desarrollo de tecnolog\u00eda para el tratamiento de efluentes"},"content":{"rendered":"<p class=\"x_ydpccff545bwestern\"><span style=\"font-family: Calibri, sans-serif;\"><span style=\"font-size: small;\">Neuqu\u00e9n.-La Fundaci\u00f3n de la Universidad Nacional del Comahue (FUNYDER), el Ministerio de Educaci\u00f3n, Cultura, Ciencia y Tecnolog\u00eda y la empresa Ecokit SRL firmaron un convenio para llevar adelante el proyecto \u201cnueva tecnolog\u00eda en plantas de tratamiento de efluentes y potabilizaci\u00f3n de agua\u201d. <\/span><\/span><!--more--><\/p>\n<p>&nbsp;<\/p>\n<p class=\"x_ydpccff545bwestern\"><span style=\"font-family: Calibri, sans-serif;\"><span style=\"font-size: small;\">Ecokit est\u00e1 trabajando con distintos municipios del interior neuquino y de la provincia de R\u00edo Negro para llevar adelante soluciones de potabilizaci\u00f3n de agua y tratamiento de efluentes.<\/span><\/span><\/p>\n<p class=\"x_ydpccff545bwestern\"><span style=\"font-family: Calibri, sans-serif;\"><span style=\"font-size: small;\">El objetivo es \u201cmejorar la tecnolog\u00eda de fabricaci\u00f3n, montaje y operatividad de plantas de potabilizaci\u00f3n de agua y tratamiento de efluentes urbanos e industriales, desarrollando tecnolog\u00eda de tipo modular adaptable a distintas escalas de demanda, fijas o m\u00f3viles, por medio de introducci\u00f3n innovaciones en la fabricaci\u00f3n de tanques, en los m\u00e9todos de circulaci\u00f3n de los l\u00edquidos dentro de los mismos y en la generaci\u00f3n de ozono como principio de oxigenaci\u00f3n acel<\/span><\/span><span style=\"font-family: Calibri, sans-serif;\"><span style=\"font-size: small;\">e<\/span><\/span><span style=\"font-family: Calibri, sans-serif;\"><span style=\"font-size: small;\">rada\u201d.<\/span><\/span><\/p>\n<p class=\"x_ydpccff545bwestern\"><span style=\"font-family: Calibri, sans-serif;\"><span style=\"font-size: small;\">El Ministerio, a trav\u00e9s del Consejo Federal de Ciencia y Tecnolog\u00eda (COFECYT), aportar\u00e1 2.000.000 de pesos para el desarrollo tecnol\u00f3gico propuesto por la empresa Ecokit, con la FUNYDER como Unidad de Vinculaci\u00f3n Tecnol\u00f3gica. El subsidio se enmarca en la l\u00ednea de \u2018Proyectos Federales de Innovaci\u00f3n Productiva\u2019 y cuenta con el aval t\u00e9cnico de la Secretar\u00eda de Planificaci\u00f3n y Acci\u00f3n para el Desarrollo de la provincia de Neuqu\u00e9n.<\/span><\/span><\/p>\n<p class=\"x_ydpccff545bwestern\"><span style=\"font-family: Calibri, sans-serif;\"><span style=\"font-size: small;\">El proyecto se desarrollar\u00e1 durante 16 meses y tendr\u00e1 un presupuesto total de 3.160.300 pesos.<\/span><\/span><\/p>\n<p class=\"x_ydpccff545bwestern\"><span style=\"font-family: Calibri, sans-serif;\"><span style=\"font-size: small;\">El convenio lo firmaron el rector de la Universidad del Comahue y presidente de la FUNYDER, licenciado Gustavo Crisafulli, y los representantes de la empresa Ecokit SRL, Leandro Longstaff y Diego Alonso. Luego de la firma, se gir\u00f3 a la Capital Federal para la firma de los representantes del Ministerio. Acompa\u00f1aron la firma del convenio Diego Ugalde por la empresa, el secretario de Extensi\u00f3n y apoderado de la FUNYDER, Mg. Gustavo Ferreyra, y Javier Santoni, responsable de la gesti\u00f3n del proyecto en la Unidad de Vinculaci\u00f3n Tecnol\u00f3gica.<\/span><\/span><\/p>\n<p class=\"x_ydpccff545bwestern\">\nFuente: Noticias Universitarias<\/p>\n","protected":false},"excerpt":{"rendered":"<p>Neuqu\u00e9n.-La Fundaci\u00f3n de la Universidad Nacional del Comahue (FUNYDER), el Ministerio de Educaci\u00f3n, Cultura, Ciencia y Tecnolog\u00eda y la empresa [&hellip;]<\/p>\n","protected":false},"author":2,"featured_media":58108,"comment_status":"open","ping_status":"open","sticky":false,"template":"","format":"standard","meta":{"site-sidebar-layout":"default","site-content-layout":"","ast-site-content-layout":"default","site-content-style":"default","site-sidebar-style":"default","ast-global-header-display":"","ast-banner-title-visibility":"","ast-main-header-display":"","ast-hfb-above-header-display":"","ast-hfb-below-header-display":"","ast-hfb-mobile-header-display":"","site-post-title":"","ast-breadcrumbs-content":"","ast-featured-img":"","footer-sml-layout":"","ast-disable-related-posts":"","theme-transparent-header-meta":"","adv-header-id-meta":"","stick-header-meta":"","header-above-stick-meta":"","header-main-stick-meta":"","header-below-stick-meta":"","astra-migrate-meta-layouts":"default","ast-page-background-enabled":"default","ast-page-background-meta":{"desktop":{"background-color":"var(--ast-global-color-5)","background-image":"","background-repeat":"repeat","background-position":"center center","background-size":"auto","background-attachment":"scroll","background-type":"","background-media":"","overlay-type":"","overlay-color":"","overlay-opacity":"","overlay-gradient":""},"tablet":{"background-color":"","background-image":"","background-repeat":"repeat","background-position":"center center","background-size":"auto","background-attachment":"scroll","background-type":"","background-media":"","overlay-type":"","overlay-color":"","overlay-opacity":"","overlay-gradient":""},"mobile":{"background-color":"","background-image":"","background-repeat":"repeat","background-position":"center center","background-size":"auto","background-attachment":"scroll","background-type":"","background-media":"","overlay-type":"","overlay-color":"","overlay-opacity":"","overlay-gradient":""}},"ast-content-background-meta":{"desktop":{"background-color":"var(--ast-global-color-4)","background-image":"","background-repeat":"repeat","background-position":"center center","background-size":"auto","background-attachment":"scroll","background-type":"","background-media":"","overlay-type":"","overlay-color":"","overlay-opacity":"","overlay-gradient":""},"tablet":{"background-color":"var(--ast-global-color-4)","background-image":"","background-repeat":"repeat","background-position":"center center","background-size":"auto","background-attachment":"scroll","background-type":"","background-media":"","overlay-type":"","overlay-color":"","overlay-opacity":"","overlay-gradient":""},"mobile":{"background-color":"var(--ast-global-color-4)","background-image":"","background-repeat":"repeat","background-position":"center center","background-size":"auto","background-attachment":"scroll","background-type":"","background-media":"","overlay-type":"","overlay-color":"","overlay-opacity":"","overlay-gradient":""}},"footnotes":""},"categories":[18,1,13],"tags":[],"class_list":["post-58107","post","type-post","status-publish","format-standard","has-post-thumbnail","hentry","category-neuquen","category-noticias","category-provinciales"],"yoast_head":"<!-- This site is optimized with the Yoast SEO Premium plugin v23.0 (Yoast SEO v27.4) - https:\/\/yoast.com\/product\/yoast-seo-premium-wordpress\/ -->\n<title>Invertir\u00e1n dos millones de pesos en el desarrollo de tecnolog\u00eda para el tratamiento de efluentes<\/title>\n<meta name=\"robots\" content=\"index, follow, max-snippet:-1, max-image-preview:large, max-video-preview:-1\" \/>\n<link rel=\"canonical\" href=\"https:\/\/patagoniambiental.com.ar\/info\/invertiran-dos-millones-de-pesos-en-el-desarrollo-de-tecnologia-para-el-tratamiento-de-efluentes\/\" \/>\n<meta property=\"og:locale\" content=\"es_ES\" \/>\n<meta property=\"og:type\" content=\"article\" \/>\n<meta property=\"og:title\" content=\"Invertir\u00e1n dos millones de pesos en el desarrollo de tecnolog\u00eda para el tratamiento de efluentes\" \/>\n<meta property=\"og:description\" content=\"Neuqu\u00e9n.-La Fundaci\u00f3n de la Universidad Nacional del Comahue (FUNYDER), el Ministerio de Educaci\u00f3n, Cultura, Ciencia y Tecnolog\u00eda y la empresa [&hellip;]\" \/>\n<meta property=\"og:url\" content=\"https:\/\/patagoniambiental.com.ar\/info\/invertiran-dos-millones-de-pesos-en-el-desarrollo-de-tecnologia-para-el-tratamiento-de-efluentes\/\" \/>\n<meta property=\"og:site_name\" content=\"Patagonia Ambiental\" \/>\n<meta property=\"article:publisher\" content=\"https:\/\/www.facebook.com\/patagonia.ambiental\" \/>\n<meta property=\"article:author\" content=\"https:\/\/www.facebook.com\/share\/1C1V8Gv9BX\/?mibextid=qi2Omg\" \/>\n<meta property=\"article:published_time\" content=\"2018-12-27T22:00:54+00:00\" \/>\n<meta property=\"og:image\" content=\"https:\/\/patagoniambiental.com.ar\/info\/wp-content\/uploads\/2018\/12\/thumbnail_Convenio-Ecokit.jpg\" \/>\n\t<meta property=\"og:image:width\" content=\"1280\" \/>\n\t<meta property=\"og:image:height\" content=\"960\" \/>\n\t<meta property=\"og:image:type\" content=\"image\/jpeg\" \/>\n<meta name=\"author\" content=\"Patagonia Ambiental\" \/>\n<meta name=\"twitter:card\" content=\"summary_large_image\" \/>\n<meta name=\"twitter:creator\" content=\"@PatAmb\" \/>\n<meta name=\"twitter:site\" content=\"@PatAmb\" \/>\n<script type=\"application\/ld+json\" class=\"yoast-schema-graph\">{\"@context\":\"https:\\\/\\\/schema.org\",\"@graph\":[{\"@type\":\"Article\",\"@id\":\"https:\\\/\\\/patagoniambiental.com.ar\\\/info\\\/invertiran-dos-millones-de-pesos-en-el-desarrollo-de-tecnologia-para-el-tratamiento-de-efluentes\\\/#article\",\"isPartOf\":{\"@id\":\"https:\\\/\\\/patagoniambiental.com.ar\\\/info\\\/invertiran-dos-millones-de-pesos-en-el-desarrollo-de-tecnologia-para-el-tratamiento-de-efluentes\\\/\"},\"author\":{\"name\":\"Patagonia Ambiental\",\"@id\":\"https:\\\/\\\/patagoniambiental.com.ar\\\/info\\\/#\\\/schema\\\/person\\\/db12bff64bbcbf6a253710bf0ea37b5d\"},\"headline\":\"Invertir\u00e1n dos millones de pesos en el desarrollo de tecnolog\u00eda para el tratamiento de efluentes\",\"datePublished\":\"2018-12-27T22:00:54+00:00\",\"mainEntityOfPage\":{\"@id\":\"https:\\\/\\\/patagoniambiental.com.ar\\\/info\\\/invertiran-dos-millones-de-pesos-en-el-desarrollo-de-tecnologia-para-el-tratamiento-de-efluentes\\\/\"},\"wordCount\":368,\"commentCount\":0,\"publisher\":{\"@id\":\"https:\\\/\\\/patagoniambiental.com.ar\\\/info\\\/#organization\"},\"image\":{\"@id\":\"https:\\\/\\\/patagoniambiental.com.ar\\\/info\\\/invertiran-dos-millones-de-pesos-en-el-desarrollo-de-tecnologia-para-el-tratamiento-de-efluentes\\\/#primaryimage\"},\"thumbnailUrl\":\"https:\\\/\\\/patagoniambiental.com.ar\\\/info\\\/wp-content\\\/uploads\\\/2018\\\/12\\\/thumbnail_Convenio-Ecokit.jpg\",\"articleSection\":[\"Neuqu\u00e9n\",\"Noticias\",\"Provinciales\"],\"inLanguage\":\"es\",\"potentialAction\":[{\"@type\":\"CommentAction\",\"name\":\"Comment\",\"target\":[\"https:\\\/\\\/patagoniambiental.com.ar\\\/info\\\/invertiran-dos-millones-de-pesos-en-el-desarrollo-de-tecnologia-para-el-tratamiento-de-efluentes\\\/#respond\"]}]},{\"@type\":\"WebPage\",\"@id\":\"https:\\\/\\\/patagoniambiental.com.ar\\\/info\\\/invertiran-dos-millones-de-pesos-en-el-desarrollo-de-tecnologia-para-el-tratamiento-de-efluentes\\\/\",\"url\":\"https:\\\/\\\/patagoniambiental.com.ar\\\/info\\\/invertiran-dos-millones-de-pesos-en-el-desarrollo-de-tecnologia-para-el-tratamiento-de-efluentes\\\/\",\"name\":\"Invertir\u00e1n dos millones de pesos en el desarrollo de tecnolog\u00eda para el tratamiento de efluentes\",\"isPartOf\":{\"@id\":\"https:\\\/\\\/patagoniambiental.com.ar\\\/info\\\/#website\"},\"primaryImageOfPage\":{\"@id\":\"https:\\\/\\\/patagoniambiental.com.ar\\\/info\\\/invertiran-dos-millones-de-pesos-en-el-desarrollo-de-tecnologia-para-el-tratamiento-de-efluentes\\\/#primaryimage\"},\"image\":{\"@id\":\"https:\\\/\\\/patagoniambiental.com.ar\\\/info\\\/invertiran-dos-millones-de-pesos-en-el-desarrollo-de-tecnologia-para-el-tratamiento-de-efluentes\\\/#primaryimage\"},\"thumbnailUrl\":\"https:\\\/\\\/patagoniambiental.com.ar\\\/info\\\/wp-content\\\/uploads\\\/2018\\\/12\\\/thumbnail_Convenio-Ecokit.jpg\",\"datePublished\":\"2018-12-27T22:00:54+00:00\",\"breadcrumb\":{\"@id\":\"https:\\\/\\\/patagoniambiental.com.ar\\\/info\\\/invertiran-dos-millones-de-pesos-en-el-desarrollo-de-tecnologia-para-el-tratamiento-de-efluentes\\\/#breadcrumb\"},\"inLanguage\":\"es\",\"potentialAction\":[{\"@type\":\"ReadAction\",\"target\":[\"https:\\\/\\\/patagoniambiental.com.ar\\\/info\\\/invertiran-dos-millones-de-pesos-en-el-desarrollo-de-tecnologia-para-el-tratamiento-de-efluentes\\\/\"]}]},{\"@type\":\"ImageObject\",\"inLanguage\":\"es\",\"@id\":\"https:\\\/\\\/patagoniambiental.com.ar\\\/info\\\/invertiran-dos-millones-de-pesos-en-el-desarrollo-de-tecnologia-para-el-tratamiento-de-efluentes\\\/#primaryimage\",\"url\":\"https:\\\/\\\/patagoniambiental.com.ar\\\/info\\\/wp-content\\\/uploads\\\/2018\\\/12\\\/thumbnail_Convenio-Ecokit.jpg\",\"contentUrl\":\"https:\\\/\\\/patagoniambiental.com.ar\\\/info\\\/wp-content\\\/uploads\\\/2018\\\/12\\\/thumbnail_Convenio-Ecokit.jpg\",\"width\":800,\"height\":600},{\"@type\":\"BreadcrumbList\",\"@id\":\"https:\\\/\\\/patagoniambiental.com.ar\\\/info\\\/invertiran-dos-millones-de-pesos-en-el-desarrollo-de-tecnologia-para-el-tratamiento-de-efluentes\\\/#breadcrumb\",\"itemListElement\":[{\"@type\":\"ListItem\",\"position\":1,\"name\":\"Inicio\",\"item\":\"https:\\\/\\\/patagoniambiental.com.ar\\\/info\\\/\"},{\"@type\":\"ListItem\",\"position\":2,\"name\":\"Invertir\u00e1n dos millones de pesos en el desarrollo de tecnolog\u00eda para el tratamiento de efluentes\"}]},{\"@type\":\"WebSite\",\"@id\":\"https:\\\/\\\/patagoniambiental.com.ar\\\/info\\\/#website\",\"url\":\"https:\\\/\\\/patagoniambiental.com.ar\\\/info\\\/\",\"name\":\"Patagonia Ambiental\",\"description\":\"Monitoreo y an\u00e1lisis de la situaci\u00f3n geopol\u00edtica en el mundo y su implicancia en la Patagonia\",\"publisher\":{\"@id\":\"https:\\\/\\\/patagoniambiental.com.ar\\\/info\\\/#organization\"},\"potentialAction\":[{\"@type\":\"SearchAction\",\"target\":{\"@type\":\"EntryPoint\",\"urlTemplate\":\"https:\\\/\\\/patagoniambiental.com.ar\\\/info\\\/?s={search_term_string}\"},\"query-input\":{\"@type\":\"PropertyValueSpecification\",\"valueRequired\":true,\"valueName\":\"search_term_string\"}}],\"inLanguage\":\"es\"},{\"@type\":\"Organization\",\"@id\":\"https:\\\/\\\/patagoniambiental.com.ar\\\/info\\\/#organization\",\"name\":\"Patagonia Ambiental\",\"url\":\"https:\\\/\\\/patagoniambiental.com.ar\\\/info\\\/\",\"logo\":{\"@type\":\"ImageObject\",\"inLanguage\":\"es\",\"@id\":\"https:\\\/\\\/patagoniambiental.com.ar\\\/info\\\/#\\\/schema\\\/logo\\\/image\\\/\",\"url\":\"https:\\\/\\\/patagoniambiental.com.ar\\\/info\\\/wp-content\\\/uploads\\\/2025\\\/05\\\/LOGO-PATAGONIA-AMBIENTAL.png\",\"contentUrl\":\"https:\\\/\\\/patagoniambiental.com.ar\\\/info\\\/wp-content\\\/uploads\\\/2025\\\/05\\\/LOGO-PATAGONIA-AMBIENTAL.png\",\"width\":433,\"height\":250,\"caption\":\"Patagonia Ambiental\"},\"image\":{\"@id\":\"https:\\\/\\\/patagoniambiental.com.ar\\\/info\\\/#\\\/schema\\\/logo\\\/image\\\/\"},\"sameAs\":[\"https:\\\/\\\/www.facebook.com\\\/patagonia.ambiental\",\"https:\\\/\\\/x.com\\\/PatAmb\"]},{\"@type\":\"Person\",\"@id\":\"https:\\\/\\\/patagoniambiental.com.ar\\\/info\\\/#\\\/schema\\\/person\\\/db12bff64bbcbf6a253710bf0ea37b5d\",\"name\":\"Patagonia Ambiental\",\"description\":\"Andr\u00e9s Nievas T\u00e9cnico en manejo ambiental, consultor Ambiental y escritor para medios locales e internacionales sobre temas de geopolitica y medio ambiente.\",\"sameAs\":[\"http:\\\/\\\/www.patagoniambiental.com.ar\",\"https:\\\/\\\/www.facebook.com\\\/share\\\/1C1V8Gv9BX\\\/?mibextid=qi2Omg\",\"@patagoniambiental\",\"https:\\\/\\\/youtube.com\\\/@patagoniaambiental2023?si=BLt58t0wuXquxlYZ\"]}]}<\/script>\n<!-- \/ Yoast SEO Premium plugin. -->","yoast_head_json":{"title":"Invertir\u00e1n dos millones de pesos en el desarrollo de tecnolog\u00eda para el tratamiento de efluentes","robots":{"index":"index","follow":"follow","max-snippet":"max-snippet:-1","max-image-preview":"max-image-preview:large","max-video-preview":"max-video-preview:-1"},"canonical":"https:\/\/patagoniambiental.com.ar\/info\/invertiran-dos-millones-de-pesos-en-el-desarrollo-de-tecnologia-para-el-tratamiento-de-efluentes\/","og_locale":"es_ES","og_type":"article","og_title":"Invertir\u00e1n dos millones de pesos en el desarrollo de tecnolog\u00eda para el tratamiento de efluentes","og_description":"Neuqu\u00e9n.-La Fundaci\u00f3n de la Universidad Nacional del Comahue (FUNYDER), el Ministerio de Educaci\u00f3n, Cultura, Ciencia y Tecnolog\u00eda y la empresa [&hellip;]","og_url":"https:\/\/patagoniambiental.com.ar\/info\/invertiran-dos-millones-de-pesos-en-el-desarrollo-de-tecnologia-para-el-tratamiento-de-efluentes\/","og_site_name":"Patagonia Ambiental","article_publisher":"https:\/\/www.facebook.com\/patagonia.ambiental","article_author":"https:\/\/www.facebook.com\/share\/1C1V8Gv9BX\/?mibextid=qi2Omg","article_published_time":"2018-12-27T22:00:54+00:00","og_image":[{"width":1280,"height":960,"url":"https:\/\/patagoniambiental.com.ar\/info\/wp-content\/uploads\/2018\/12\/thumbnail_Convenio-Ecokit.jpg","type":"image\/jpeg"}],"author":"Patagonia Ambiental","twitter_card":"summary_large_image","twitter_creator":"@PatAmb","twitter_site":"@PatAmb","schema":{"@context":"https:\/\/schema.org","@graph":[{"@type":"Article","@id":"https:\/\/patagoniambiental.com.ar\/info\/invertiran-dos-millones-de-pesos-en-el-desarrollo-de-tecnologia-para-el-tratamiento-de-efluentes\/#article","isPartOf":{"@id":"https:\/\/patagoniambiental.com.ar\/info\/invertiran-dos-millones-de-pesos-en-el-desarrollo-de-tecnologia-para-el-tratamiento-de-efluentes\/"},"author":{"name":"Patagonia Ambiental","@id":"https:\/\/patagoniambiental.com.ar\/info\/#\/schema\/person\/db12bff64bbcbf6a253710bf0ea37b5d"},"headline":"Invertir\u00e1n dos millones de pesos en el desarrollo de tecnolog\u00eda para el tratamiento de efluentes","datePublished":"2018-12-27T22:00:54+00:00","mainEntityOfPage":{"@id":"https:\/\/patagoniambiental.com.ar\/info\/invertiran-dos-millones-de-pesos-en-el-desarrollo-de-tecnologia-para-el-tratamiento-de-efluentes\/"},"wordCount":368,"commentCount":0,"publisher":{"@id":"https:\/\/patagoniambiental.com.ar\/info\/#organization"},"image":{"@id":"https:\/\/patagoniambiental.com.ar\/info\/invertiran-dos-millones-de-pesos-en-el-desarrollo-de-tecnologia-para-el-tratamiento-de-efluentes\/#primaryimage"},"thumbnailUrl":"https:\/\/patagoniambiental.com.ar\/info\/wp-content\/uploads\/2018\/12\/thumbnail_Convenio-Ecokit.jpg","articleSection":["Neuqu\u00e9n","Noticias","Provinciales"],"inLanguage":"es","potentialAction":[{"@type":"CommentAction","name":"Comment","target":["https:\/\/patagoniambiental.com.ar\/info\/invertiran-dos-millones-de-pesos-en-el-desarrollo-de-tecnologia-para-el-tratamiento-de-efluentes\/#respond"]}]},{"@type":"WebPage","@id":"https:\/\/patagoniambiental.com.ar\/info\/invertiran-dos-millones-de-pesos-en-el-desarrollo-de-tecnologia-para-el-tratamiento-de-efluentes\/","url":"https:\/\/patagoniambiental.com.ar\/info\/invertiran-dos-millones-de-pesos-en-el-desarrollo-de-tecnologia-para-el-tratamiento-de-efluentes\/","name":"Invertir\u00e1n dos millones de pesos en el desarrollo de tecnolog\u00eda para el tratamiento de efluentes","isPartOf":{"@id":"https:\/\/patagoniambiental.com.ar\/info\/#website"},"primaryImageOfPage":{"@id":"https:\/\/patagoniambiental.com.ar\/info\/invertiran-dos-millones-de-pesos-en-el-desarrollo-de-tecnologia-para-el-tratamiento-de-efluentes\/#primaryimage"},"image":{"@id":"https:\/\/patagoniambiental.com.ar\/info\/invertiran-dos-millones-de-pesos-en-el-desarrollo-de-tecnologia-para-el-tratamiento-de-efluentes\/#primaryimage"},"thumbnailUrl":"https:\/\/patagoniambiental.com.ar\/info\/wp-content\/uploads\/2018\/12\/thumbnail_Convenio-Ecokit.jpg","datePublished":"2018-12-27T22:00:54+00:00","breadcrumb":{"@id":"https:\/\/patagoniambiental.com.ar\/info\/invertiran-dos-millones-de-pesos-en-el-desarrollo-de-tecnologia-para-el-tratamiento-de-efluentes\/#breadcrumb"},"inLanguage":"es","potentialAction":[{"@type":"ReadAction","target":["https:\/\/patagoniambiental.com.ar\/info\/invertiran-dos-millones-de-pesos-en-el-desarrollo-de-tecnologia-para-el-tratamiento-de-efluentes\/"]}]},{"@type":"ImageObject","inLanguage":"es","@id":"https:\/\/patagoniambiental.com.ar\/info\/invertiran-dos-millones-de-pesos-en-el-desarrollo-de-tecnologia-para-el-tratamiento-de-efluentes\/#primaryimage","url":"https:\/\/patagoniambiental.com.ar\/info\/wp-content\/uploads\/2018\/12\/thumbnail_Convenio-Ecokit.jpg","contentUrl":"https:\/\/patagoniambiental.com.ar\/info\/wp-content\/uploads\/2018\/12\/thumbnail_Convenio-Ecokit.jpg","width":800,"height":600},{"@type":"BreadcrumbList","@id":"https:\/\/patagoniambiental.com.ar\/info\/invertiran-dos-millones-de-pesos-en-el-desarrollo-de-tecnologia-para-el-tratamiento-de-efluentes\/#breadcrumb","itemListElement":[{"@type":"ListItem","position":1,"name":"Inicio","item":"https:\/\/patagoniambiental.com.ar\/info\/"},{"@type":"ListItem","position":2,"name":"Invertir\u00e1n dos millones de pesos en el desarrollo de tecnolog\u00eda para el tratamiento de efluentes"}]},{"@type":"WebSite","@id":"https:\/\/patagoniambiental.com.ar\/info\/#website","url":"https:\/\/patagoniambiental.com.ar\/info\/","name":"Patagonia Ambiental","description":"Monitoreo y an\u00e1lisis de la situaci\u00f3n geopol\u00edtica en el mundo y su implicancia en la Patagonia","publisher":{"@id":"https:\/\/patagoniambiental.com.ar\/info\/#organization"},"potentialAction":[{"@type":"SearchAction","target":{"@type":"EntryPoint","urlTemplate":"https:\/\/patagoniambiental.com.ar\/info\/?s={search_term_string}"},"query-input":{"@type":"PropertyValueSpecification","valueRequired":true,"valueName":"search_term_string"}}],"inLanguage":"es"},{"@type":"Organization","@id":"https:\/\/patagoniambiental.com.ar\/info\/#organization","name":"Patagonia Ambiental","url":"https:\/\/patagoniambiental.com.ar\/info\/","logo":{"@type":"ImageObject","inLanguage":"es","@id":"https:\/\/patagoniambiental.com.ar\/info\/#\/schema\/logo\/image\/","url":"https:\/\/patagoniambiental.com.ar\/info\/wp-content\/uploads\/2025\/05\/LOGO-PATAGONIA-AMBIENTAL.png","contentUrl":"https:\/\/patagoniambiental.com.ar\/info\/wp-content\/uploads\/2025\/05\/LOGO-PATAGONIA-AMBIENTAL.png","width":433,"height":250,"caption":"Patagonia Ambiental"},"image":{"@id":"https:\/\/patagoniambiental.com.ar\/info\/#\/schema\/logo\/image\/"},"sameAs":["https:\/\/www.facebook.com\/patagonia.ambiental","https:\/\/x.com\/PatAmb"]},{"@type":"Person","@id":"https:\/\/patagoniambiental.com.ar\/info\/#\/schema\/person\/db12bff64bbcbf6a253710bf0ea37b5d","name":"Patagonia Ambiental","description":"Andr\u00e9s Nievas T\u00e9cnico en manejo ambiental, consultor Ambiental y escritor para medios locales e internacionales sobre temas de geopolitica y medio ambiente.","sameAs":["http:\/\/www.patagoniambiental.com.ar","https:\/\/www.facebook.com\/share\/1C1V8Gv9BX\/?mibextid=qi2Omg","@patagoniambiental","https:\/\/youtube.com\/@patagoniaambiental2023?si=BLt58t0wuXquxlYZ"]}]}},"_links":{"self":[{"href":"https:\/\/patagoniambiental.com.ar\/info\/wp-json\/wp\/v2\/posts\/58107","targetHints":{"allow":["GET"]}}],"collection":[{"href":"https:\/\/patagoniambiental.com.ar\/info\/wp-json\/wp\/v2\/posts"}],"about":[{"href":"https:\/\/patagoniambiental.com.ar\/info\/wp-json\/wp\/v2\/types\/post"}],"author":[{"embeddable":true,"href":"https:\/\/patagoniambiental.com.ar\/info\/wp-json\/wp\/v2\/users\/2"}],"replies":[{"embeddable":true,"href":"https:\/\/patagoniambiental.com.ar\/info\/wp-json\/wp\/v2\/comments?post=58107"}],"version-history":[{"count":0,"href":"https:\/\/patagoniambiental.com.ar\/info\/wp-json\/wp\/v2\/posts\/58107\/revisions"}],"wp:featuredmedia":[{"embeddable":true,"href":"https:\/\/patagoniambiental.com.ar\/info\/wp-json\/wp\/v2\/media\/58108"}],"wp:attachment":[{"href":"https:\/\/patagoniambiental.com.ar\/info\/wp-json\/wp\/v2\/media?parent=58107"}],"wp:term":[{"taxonomy":"category","embeddable":true,"href":"https:\/\/patagoniambiental.com.ar\/info\/wp-json\/wp\/v2\/categories?post=58107"},{"taxonomy":"post_tag","embeddable":true,"href":"https:\/\/patagoniambiental.com.ar\/info\/wp-json\/wp\/v2\/tags?post=58107"}],"curies":[{"name":"wp","href":"https:\/\/api.w.org\/{rel}","templated":true}]}}