{"id":58121,"date":"2018-12-28T09:00:19","date_gmt":"2018-12-28T12:00:19","guid":{"rendered":"http:\/\/patagoniambiental.com.ar\/info\/?p=58121"},"modified":"2018-12-27T10:43:01","modified_gmt":"2018-12-27T13:43:01","slug":"mucho-mas-que-mirar-el-cielo","status":"publish","type":"post","link":"https:\/\/patagoniambiental.com.ar\/info\/mucho-mas-que-mirar-el-cielo\/","title":{"rendered":"Mucho m\u00e1s que mirar el cielo"},"content":{"rendered":"<header class=\"entry-header\">\n<p class=\"entry-title\"><a style=\"font-size: 16px;\">RIO GRANDE.- La Estaci\u00f3n Astron\u00f3mica de R\u00edo Grande, realiz\u00f3 algunas actualizaciones en el equipo que le permite detectar meteoroides y part\u00edculas que ingresan a la atm\u00f3sfera. Cu\u00e1les son algunos de los fen\u00f3menos, \u00fanicos en el planeta que se monitorean en cielo riograndense.<\/a><\/p>\n<\/header>\n<p><!--more--><\/p>\n<div class=\"entry-content\">\n<p>Desde hace aproximadamente un mes, en la Estaci\u00f3n Astron\u00f3mica de R\u00edo Grande (EARG) un equipo de especialistas de Goddard Space Flight Center, NASA; actualiz\u00f3 el equipo utilizado para detectar meteoroides \u201cSe llaman meteoritos, cuando ya tocaron el suelo. Nosotros los observamos durante el recorrido que hacen, y al entrar en la atm\u00f3sfera, son meteoroides\u201d, aclar\u00f3 Sebasti\u00e1n Bruzzone, el especialista en exoplanetas oriundo de Uruguay.<\/p>\n<p>\u201cAl detector que ya ten\u00edamos, lo estamos mejorando un poco, arreglando algunas de las antenas; mejorando la electr\u00f3nica por algo un poco m\u00e1s actualizado, y lo m\u00e1s importante agregamos c\u00e1maras \u00f3pticas\u201d, detall\u00f3 Diego Janches, especialista en meteoritos, a cargo del equipo.<\/p>\n<p>Janches, estudi\u00f3 f\u00edsica en los 90, en Buenos Aires, desde all\u00ed, Janchez: estudi\u00f3 f\u00edsica en Buenos Aires y se fue a Estados Unidos para hacer un doctorado: \u201cYo estaba trabajando ac\u00e1 con el primer sat\u00e9lite argentino, y me fui para all\u00e1 me doctor\u00e9 y ya me qued\u00e9. En el 2010, entre varias cosas que hice, entr\u00e9 a la NASA donde estoy desde entonces\u201d, detall\u00f3.<\/p>\n<p>Hasta ahora las detecciones se hac\u00edan mediante radiofrecuencia: \u201cCon el detector que ya tenemos, lo que se detecta son las ondas de radio. Pero podemos medir s\u00f3lo part\u00edculas de ciertos tama\u00f1os. Cuando el meteoro entra, forma un tren de ionizaci\u00f3n, nosotros detectamos la se\u00f1al que rebota y se transmite en radio frecuencia; pero generalmente, eso funcionan mejor con meteoros m\u00e1s peque\u00f1os, que no pueden ser observados con los ojos, pero tienen suficiente energ\u00eda para producir ionizaci\u00f3n. Con este detector \u00f3ptico, podemos medir meteoros un poco m\u00e1s grandes; tambi\u00e9n nos permite empezar a observar cosas m\u00e1s grandes, que por ah\u00ed no son tan frecuentes, pero con las c\u00e1maras \u00f3pticas, podemos captar mejor\u201d, aclar\u00f3 Janches.<\/p>\n<p>Las nuevas c\u00e1maras son tres, y est\u00e1n distribuidas una hacia el norte de la ciudad, otra hacia el sur, cerca de la Ruta 3; y la tercera, hacia el oeste de R\u00edo Grande, en el campo: \u201cDe esa forma podemos hacer una triangulaci\u00f3n; la idea es observarlo desde tres puntos distintos, con eso poder determinar la altura, direcci\u00f3n y la traza del recorrido de esos meteoros. Porque si lo observ\u00e1s con una c\u00e1mara solo no podes resolver la traza en tres dimensiones\u201d, detall\u00f3 el especialista.<\/p>\n<p>\u201cTambi\u00e9n a trav\u00e9s de este tipo de programas y actividades tenemos la oportunidad de establecer alguna colaboraci\u00f3n con la oficina que se encarga de la seguridad de los vuelos espaciales, la Oficina de Ambiente Meteor\u00edtico, lo que es interesante, y es in\u00e9dito\u201d, recalc\u00f3 el profesor Jos\u00e9 Luis Hormaechea, a cargo de EARG.<\/p>\n<p>La importancia de conocer el estado de esas part\u00edculas se relaciona con la capacidad de da\u00f1o que poseen, aun siendo muy peque\u00f1as: \u201cLas part\u00edculas, son muy chiquitas pero viajan a alta velocidad y son muy energ\u00e9ticas, entonces si colisionan con sat\u00e9lites o con un astronautas que est\u00e1 haciendo una actividad extra vehicular es casi como una bala\u201d, explic\u00f3 el f\u00edsico.<\/p>\n<p>Todos los datos generados desde EARG, se usan para la creaci\u00f3n de modelos y predicciones: \u201cPara explicarlo de alguna manera es como la predicci\u00f3n del clima. Entonces, una de las grandes falencias de esta oficina es que no contaban con datos del hemisferio sur. Hac\u00edan todas sus predicciones con datos solamente del hemisferio norte. Esta es b\u00e1sicamente la \u00fanica estaci\u00f3n en este momento, que puede proveer estos datos desde el hemisferio sur\u201d, recalc\u00f3 Janches.<\/p>\n<p>Adem\u00e1s, explic\u00f3 que las lluvias de meteoritos son m\u00e1s comunes de lo que uno cree, y se dan durante todo el a\u00f1o: \u201cSon los Outbors, o incrementos en la actividad de meteoros, lo que deseamos detectar; y son algo que realmente, no est\u00e1 demasiado monitoreado en el hemisferio, como ya dijimos\u201d, dijo.<\/p>\n<p>\u201cEs que, si uno se fija, el hemisferio sur es predominantemente oce\u00e1nico. Por tanto, si vos no ten\u00e9s telescopios, en Tierra del Fuego, Sud\u00e1frica, Nueva Zelandia, Australia, Chile o la Ant\u00e1rtida, no ten\u00e9s m\u00e1s tierra para ubicar instrumentos de medici\u00f3n\u201d, coincidi\u00f3 Hormaechea.<\/p>\n<p>La geograf\u00eda y el cielo<\/p>\n<p>Janchez: estudi\u00f3 f\u00edsica en Buenos Aires y se fue a Estados Unidos a hace su doctorado: \u201cYo estaba trabajando ac\u00e1 con el primer sat\u00e9lite argentino, y me fui para all\u00e1 me doctor\u00e9 y ya me qued\u00e9. En el 2010, entre varias cosas que hice, entr\u00e9 a la NASA donde estoy desde entonces.<\/p>\n<p>El equipo de Janches, hab\u00eda llegado originalmente a Tierra del Fuego, para estudiar un fen\u00f3meno completamente distinto, relacionado con la particular geograf\u00eda de la Patagonia Austral Argentina: \u201cEl motivo por que el primero vinimos, tiene que ver con los vientos que soplan ac\u00e1. Cuando pasan por las monta\u00f1as, estos vientos originan un fen\u00f3meno que se llama, ondas de gravedad y transfieren energ\u00eda hacia las capas m\u00e1s altas de la atm\u00f3sfera. Y esta zona de la Patagonia es altamente activa en este fen\u00f3meno, ya que adem\u00e1s de los vientos fuertes, no hay un freno geogr\u00e1fico para estos los vientos que llegan desde el oc\u00e9ano. Entonces cuando llegan hasta los Andes, tienen mucha fuerza, y generan mucha energ\u00eda. Los fen\u00f3menos registrados ac\u00e1 son \u00fanicos en el mundo por su intensidad. Esto, no sucede en Chile, o en Ushuaia, por el relieve que tienen. Y esto tambi\u00e9n hace que R\u00edo Grande sea realmente una mina de oro, en conocimiento cient\u00edfico\u201d, concluy\u00f3.<\/p>\n<p>&nbsp;<\/p>\n<figure id=\"attachment_129625\" class=\"wp-caption aligncenter\"><img fetchpriority=\"high\" decoding=\"async\" class=\"size-full wp-image-129625\" src=\"https:\/\/surenio.com.ar\/wp-content\/uploads\/2018\/12\/earg1.jpg\" sizes=\"(max-width: 1024px) 100vw, 1024px\" srcset=\"\/\/surenio.com.ar\/wp-content\/uploads\/2018\/12\/earg1.jpg 1024w, \/\/surenio.com.ar\/wp-content\/uploads\/2018\/12\/earg1-360x270.jpg 360w, \/\/surenio.com.ar\/wp-content\/uploads\/2018\/12\/earg1-400x300.jpg 400w, \/\/surenio.com.ar\/wp-content\/uploads\/2018\/12\/earg1-900x675.jpg 900w\" alt=\"\" width=\"1024\" height=\"768\" \/><figcaption class=\"wp-caption-text\">La charla brindada en el CIRCA, sobre exoplanetas y lluvias de meteoros.<\/figcaption><\/figure>\n<p>&nbsp;<\/p>\n<figure id=\"attachment_129626\" class=\"wp-caption aligncenter\"><img decoding=\"async\" class=\"size-full wp-image-129626\" src=\"https:\/\/surenio.com.ar\/wp-content\/uploads\/2018\/12\/earg2.jpg\" sizes=\"(max-width: 1024px) 100vw, 1024px\" srcset=\"\/\/surenio.com.ar\/wp-content\/uploads\/2018\/12\/earg2.jpg 1024w, \/\/surenio.com.ar\/wp-content\/uploads\/2018\/12\/earg2-456x270.jpg 456w, \/\/surenio.com.ar\/wp-content\/uploads\/2018\/12\/earg2-400x237.jpg 400w, \/\/surenio.com.ar\/wp-content\/uploads\/2018\/12\/earg2-900x533.jpg 900w, \/\/surenio.com.ar\/wp-content\/uploads\/2018\/12\/earg2-507x300.jpg 507w\" alt=\"\" width=\"1024\" height=\"606\" \/><figcaption class=\"wp-caption-text\">El personal de EARG junto al equipo de NASA, durante la actualizaci\u00f3n de equipo.<\/figcaption><\/figure>\n<p>&nbsp;<\/p>\n<figure id=\"attachment_129627\" class=\"wp-caption aligncenter\"><img decoding=\"async\" class=\"size-full wp-image-129627\" src=\"https:\/\/surenio.com.ar\/wp-content\/uploads\/2018\/12\/earg3.jpg\" sizes=\"(max-width: 1024px) 100vw, 1024px\" srcset=\"\/\/surenio.com.ar\/wp-content\/uploads\/2018\/12\/earg3.jpg 1024w, \/\/surenio.com.ar\/wp-content\/uploads\/2018\/12\/earg3-389x270.jpg 389w, \/\/surenio.com.ar\/wp-content\/uploads\/2018\/12\/earg3-400x277.jpg 400w, \/\/surenio.com.ar\/wp-content\/uploads\/2018\/12\/earg3-900x624.jpg 900w, \/\/surenio.com.ar\/wp-content\/uploads\/2018\/12\/earg3-433x300.jpg 433w, \/\/surenio.com.ar\/wp-content\/uploads\/2018\/12\/earg3-974x675.jpg 974w\" alt=\"\" width=\"1024\" height=\"710\" \/><figcaption class=\"wp-caption-text\">Mat\u00edas Bruzzone, el astr\u00f3nomo uruguayo experto en exoplanetas, con su infaltable mate.<\/p>\n<p>Fuente:\u00a0https:\/\/surenio.com.ar\/2018\/12\/mucho-mas-que-mirar-el-cielo<\/figcaption><\/figure>\n<\/div>\n","protected":false},"excerpt":{"rendered":"<p>RIO GRANDE.- La Estaci\u00f3n Astron\u00f3mica de R\u00edo Grande, realiz\u00f3 algunas actualizaciones en el equipo que le permite detectar meteoroides y [&hellip;]<\/p>\n","protected":false},"author":2,"featured_media":58122,"comment_status":"open","ping_status":"open","sticky":false,"template":"","format":"standard","meta":{"site-sidebar-layout":"default","site-content-layout":"","ast-site-content-layout":"default","site-content-style":"default","site-sidebar-style":"default","ast-global-header-display":"","ast-banner-title-visibility":"","ast-main-header-display":"","ast-hfb-above-header-display":"","ast-hfb-below-header-display":"","ast-hfb-mobile-header-display":"","site-post-title":"","ast-breadcrumbs-content":"","ast-featured-img":"","footer-sml-layout":"","ast-disable-related-posts":"","theme-transparent-header-meta":"","adv-header-id-meta":"","stick-header-meta":"","header-above-stick-meta":"","header-main-stick-meta":"","header-below-stick-meta":"","astra-migrate-meta-layouts":"default","ast-page-background-enabled":"default","ast-page-background-meta":{"desktop":{"background-color":"var(--ast-global-color-5)","background-image":"","background-repeat":"repeat","background-position":"center center","background-size":"auto","background-attachment":"scroll","background-type":"","background-media":"","overlay-type":"","overlay-color":"","overlay-opacity":"","overlay-gradient":""},"tablet":{"background-color":"","background-image":"","background-repeat":"repeat","background-position":"center center","background-size":"auto","background-attachment":"scroll","background-type":"","background-media":"","overlay-type":"","overlay-color":"","overlay-opacity":"","overlay-gradient":""},"mobile":{"background-color":"","background-image":"","background-repeat":"repeat","background-position":"center center","background-size":"auto","background-attachment":"scroll","background-type":"","background-media":"","overlay-type":"","overlay-color":"","overlay-opacity":"","overlay-gradient":""}},"ast-content-background-meta":{"desktop":{"background-color":"var(--ast-global-color-4)","background-image":"","background-repeat":"repeat","background-position":"center center","background-size":"auto","background-attachment":"scroll","background-type":"","background-media":"","overlay-type":"","overlay-color":"","overlay-opacity":"","overlay-gradient":""},"tablet":{"background-color":"var(--ast-global-color-4)","background-image":"","background-repeat":"repeat","background-position":"center center","background-size":"auto","background-attachment":"scroll","background-type":"","background-media":"","overlay-type":"","overlay-color":"","overlay-opacity":"","overlay-gradient":""},"mobile":{"background-color":"var(--ast-global-color-4)","background-image":"","background-repeat":"repeat","background-position":"center center","background-size":"auto","background-attachment":"scroll","background-type":"","background-media":"","overlay-type":"","overlay-color":"","overlay-opacity":"","overlay-gradient":""}},"footnotes":""},"categories":[11,1,13,10,25],"tags":[],"class_list":["post-58121","post","type-post","status-publish","format-standard","has-post-thumbnail","hentry","category-boletin","category-noticias","category-provinciales","category-rotador","category-tierra-del-fuego"],"yoast_head":"<!-- This site is optimized with the Yoast SEO Premium plugin v23.0 (Yoast SEO v27.4) - https:\/\/yoast.com\/product\/yoast-seo-premium-wordpress\/ -->\n<title>Mucho m\u00e1s que mirar el cielo<\/title>\n<meta name=\"robots\" content=\"index, follow, max-snippet:-1, max-image-preview:large, max-video-preview:-1\" \/>\n<link rel=\"canonical\" href=\"https:\/\/patagoniambiental.com.ar\/info\/mucho-mas-que-mirar-el-cielo\/\" \/>\n<meta property=\"og:locale\" content=\"es_ES\" \/>\n<meta property=\"og:type\" content=\"article\" \/>\n<meta property=\"og:title\" content=\"Mucho m\u00e1s que mirar el cielo\" \/>\n<meta property=\"og:description\" content=\"RIO GRANDE.- La Estaci\u00f3n Astron\u00f3mica de R\u00edo Grande, realiz\u00f3 algunas actualizaciones en el equipo que le permite detectar meteoroides y [&hellip;]\" \/>\n<meta property=\"og:url\" content=\"https:\/\/patagoniambiental.com.ar\/info\/mucho-mas-que-mirar-el-cielo\/\" \/>\n<meta property=\"og:site_name\" content=\"Patagonia Ambiental\" \/>\n<meta property=\"article:publisher\" content=\"https:\/\/www.facebook.com\/patagonia.ambiental\" \/>\n<meta property=\"article:author\" content=\"https:\/\/www.facebook.com\/share\/1C1V8Gv9BX\/?mibextid=qi2Omg\" \/>\n<meta property=\"article:published_time\" content=\"2018-12-28T12:00:19+00:00\" \/>\n<meta property=\"og:image\" content=\"https:\/\/patagoniambiental.com.ar\/info\/wp-content\/uploads\/2018\/12\/earg2-900x533.jpg\" \/>\n\t<meta property=\"og:image:width\" content=\"900\" \/>\n\t<meta property=\"og:image:height\" content=\"533\" \/>\n\t<meta property=\"og:image:type\" content=\"image\/jpeg\" \/>\n<meta name=\"author\" content=\"Patagonia Ambiental\" \/>\n<meta name=\"twitter:card\" content=\"summary_large_image\" \/>\n<meta name=\"twitter:creator\" content=\"@PatAmb\" \/>\n<meta name=\"twitter:site\" content=\"@PatAmb\" \/>\n<script type=\"application\/ld+json\" class=\"yoast-schema-graph\">{\"@context\":\"https:\\\/\\\/schema.org\",\"@graph\":[{\"@type\":\"Article\",\"@id\":\"https:\\\/\\\/patagoniambiental.com.ar\\\/info\\\/mucho-mas-que-mirar-el-cielo\\\/#article\",\"isPartOf\":{\"@id\":\"https:\\\/\\\/patagoniambiental.com.ar\\\/info\\\/mucho-mas-que-mirar-el-cielo\\\/\"},\"author\":{\"name\":\"Patagonia Ambiental\",\"@id\":\"https:\\\/\\\/patagoniambiental.com.ar\\\/info\\\/#\\\/schema\\\/person\\\/db12bff64bbcbf6a253710bf0ea37b5d\"},\"headline\":\"Mucho m\u00e1s que mirar el cielo\",\"datePublished\":\"2018-12-28T12:00:19+00:00\",\"mainEntityOfPage\":{\"@id\":\"https:\\\/\\\/patagoniambiental.com.ar\\\/info\\\/mucho-mas-que-mirar-el-cielo\\\/\"},\"wordCount\":1046,\"commentCount\":0,\"publisher\":{\"@id\":\"https:\\\/\\\/patagoniambiental.com.ar\\\/info\\\/#organization\"},\"image\":{\"@id\":\"https:\\\/\\\/patagoniambiental.com.ar\\\/info\\\/mucho-mas-que-mirar-el-cielo\\\/#primaryimage\"},\"thumbnailUrl\":\"https:\\\/\\\/patagoniambiental.com.ar\\\/info\\\/wp-content\\\/uploads\\\/2018\\\/12\\\/earg2-900x533.jpg\",\"articleSection\":[\"Bolet\u00edn\",\"Noticias\",\"Provinciales\",\"Rotador\",\"Tierra del Fuego\"],\"inLanguage\":\"es\",\"potentialAction\":[{\"@type\":\"CommentAction\",\"name\":\"Comment\",\"target\":[\"https:\\\/\\\/patagoniambiental.com.ar\\\/info\\\/mucho-mas-que-mirar-el-cielo\\\/#respond\"]}]},{\"@type\":\"WebPage\",\"@id\":\"https:\\\/\\\/patagoniambiental.com.ar\\\/info\\\/mucho-mas-que-mirar-el-cielo\\\/\",\"url\":\"https:\\\/\\\/patagoniambiental.com.ar\\\/info\\\/mucho-mas-que-mirar-el-cielo\\\/\",\"name\":\"Mucho m\u00e1s que mirar el cielo\",\"isPartOf\":{\"@id\":\"https:\\\/\\\/patagoniambiental.com.ar\\\/info\\\/#website\"},\"primaryImageOfPage\":{\"@id\":\"https:\\\/\\\/patagoniambiental.com.ar\\\/info\\\/mucho-mas-que-mirar-el-cielo\\\/#primaryimage\"},\"image\":{\"@id\":\"https:\\\/\\\/patagoniambiental.com.ar\\\/info\\\/mucho-mas-que-mirar-el-cielo\\\/#primaryimage\"},\"thumbnailUrl\":\"https:\\\/\\\/patagoniambiental.com.ar\\\/info\\\/wp-content\\\/uploads\\\/2018\\\/12\\\/earg2-900x533.jpg\",\"datePublished\":\"2018-12-28T12:00:19+00:00\",\"breadcrumb\":{\"@id\":\"https:\\\/\\\/patagoniambiental.com.ar\\\/info\\\/mucho-mas-que-mirar-el-cielo\\\/#breadcrumb\"},\"inLanguage\":\"es\",\"potentialAction\":[{\"@type\":\"ReadAction\",\"target\":[\"https:\\\/\\\/patagoniambiental.com.ar\\\/info\\\/mucho-mas-que-mirar-el-cielo\\\/\"]}]},{\"@type\":\"ImageObject\",\"inLanguage\":\"es\",\"@id\":\"https:\\\/\\\/patagoniambiental.com.ar\\\/info\\\/mucho-mas-que-mirar-el-cielo\\\/#primaryimage\",\"url\":\"https:\\\/\\\/patagoniambiental.com.ar\\\/info\\\/wp-content\\\/uploads\\\/2018\\\/12\\\/earg2-900x533.jpg\",\"contentUrl\":\"https:\\\/\\\/patagoniambiental.com.ar\\\/info\\\/wp-content\\\/uploads\\\/2018\\\/12\\\/earg2-900x533.jpg\",\"width\":900,\"height\":533},{\"@type\":\"BreadcrumbList\",\"@id\":\"https:\\\/\\\/patagoniambiental.com.ar\\\/info\\\/mucho-mas-que-mirar-el-cielo\\\/#breadcrumb\",\"itemListElement\":[{\"@type\":\"ListItem\",\"position\":1,\"name\":\"Inicio\",\"item\":\"https:\\\/\\\/patagoniambiental.com.ar\\\/info\\\/\"},{\"@type\":\"ListItem\",\"position\":2,\"name\":\"Mucho m\u00e1s que mirar el cielo\"}]},{\"@type\":\"WebSite\",\"@id\":\"https:\\\/\\\/patagoniambiental.com.ar\\\/info\\\/#website\",\"url\":\"https:\\\/\\\/patagoniambiental.com.ar\\\/info\\\/\",\"name\":\"Patagonia Ambiental\",\"description\":\"Monitoreo y an\u00e1lisis de la situaci\u00f3n geopol\u00edtica en el mundo y su implicancia en la Patagonia\",\"publisher\":{\"@id\":\"https:\\\/\\\/patagoniambiental.com.ar\\\/info\\\/#organization\"},\"potentialAction\":[{\"@type\":\"SearchAction\",\"target\":{\"@type\":\"EntryPoint\",\"urlTemplate\":\"https:\\\/\\\/patagoniambiental.com.ar\\\/info\\\/?s={search_term_string}\"},\"query-input\":{\"@type\":\"PropertyValueSpecification\",\"valueRequired\":true,\"valueName\":\"search_term_string\"}}],\"inLanguage\":\"es\"},{\"@type\":\"Organization\",\"@id\":\"https:\\\/\\\/patagoniambiental.com.ar\\\/info\\\/#organization\",\"name\":\"Patagonia Ambiental\",\"url\":\"https:\\\/\\\/patagoniambiental.com.ar\\\/info\\\/\",\"logo\":{\"@type\":\"ImageObject\",\"inLanguage\":\"es\",\"@id\":\"https:\\\/\\\/patagoniambiental.com.ar\\\/info\\\/#\\\/schema\\\/logo\\\/image\\\/\",\"url\":\"https:\\\/\\\/patagoniambiental.com.ar\\\/info\\\/wp-content\\\/uploads\\\/2025\\\/05\\\/LOGO-PATAGONIA-AMBIENTAL.png\",\"contentUrl\":\"https:\\\/\\\/patagoniambiental.com.ar\\\/info\\\/wp-content\\\/uploads\\\/2025\\\/05\\\/LOGO-PATAGONIA-AMBIENTAL.png\",\"width\":433,\"height\":250,\"caption\":\"Patagonia Ambiental\"},\"image\":{\"@id\":\"https:\\\/\\\/patagoniambiental.com.ar\\\/info\\\/#\\\/schema\\\/logo\\\/image\\\/\"},\"sameAs\":[\"https:\\\/\\\/www.facebook.com\\\/patagonia.ambiental\",\"https:\\\/\\\/x.com\\\/PatAmb\"]},{\"@type\":\"Person\",\"@id\":\"https:\\\/\\\/patagoniambiental.com.ar\\\/info\\\/#\\\/schema\\\/person\\\/db12bff64bbcbf6a253710bf0ea37b5d\",\"name\":\"Patagonia Ambiental\",\"description\":\"Andr\u00e9s Nievas T\u00e9cnico en manejo ambiental, consultor Ambiental y escritor para medios locales e internacionales sobre temas de geopolitica y medio ambiente.\",\"sameAs\":[\"http:\\\/\\\/www.patagoniambiental.com.ar\",\"https:\\\/\\\/www.facebook.com\\\/share\\\/1C1V8Gv9BX\\\/?mibextid=qi2Omg\",\"@patagoniambiental\",\"https:\\\/\\\/youtube.com\\\/@patagoniaambiental2023?si=BLt58t0wuXquxlYZ\"]}]}<\/script>\n<!-- \/ Yoast SEO Premium plugin. -->","yoast_head_json":{"title":"Mucho m\u00e1s que mirar el cielo","robots":{"index":"index","follow":"follow","max-snippet":"max-snippet:-1","max-image-preview":"max-image-preview:large","max-video-preview":"max-video-preview:-1"},"canonical":"https:\/\/patagoniambiental.com.ar\/info\/mucho-mas-que-mirar-el-cielo\/","og_locale":"es_ES","og_type":"article","og_title":"Mucho m\u00e1s que mirar el cielo","og_description":"RIO GRANDE.- La Estaci\u00f3n Astron\u00f3mica de R\u00edo Grande, realiz\u00f3 algunas actualizaciones en el equipo que le permite detectar meteoroides y [&hellip;]","og_url":"https:\/\/patagoniambiental.com.ar\/info\/mucho-mas-que-mirar-el-cielo\/","og_site_name":"Patagonia Ambiental","article_publisher":"https:\/\/www.facebook.com\/patagonia.ambiental","article_author":"https:\/\/www.facebook.com\/share\/1C1V8Gv9BX\/?mibextid=qi2Omg","article_published_time":"2018-12-28T12:00:19+00:00","og_image":[{"width":900,"height":533,"url":"https:\/\/patagoniambiental.com.ar\/info\/wp-content\/uploads\/2018\/12\/earg2-900x533.jpg","type":"image\/jpeg"}],"author":"Patagonia Ambiental","twitter_card":"summary_large_image","twitter_creator":"@PatAmb","twitter_site":"@PatAmb","schema":{"@context":"https:\/\/schema.org","@graph":[{"@type":"Article","@id":"https:\/\/patagoniambiental.com.ar\/info\/mucho-mas-que-mirar-el-cielo\/#article","isPartOf":{"@id":"https:\/\/patagoniambiental.com.ar\/info\/mucho-mas-que-mirar-el-cielo\/"},"author":{"name":"Patagonia Ambiental","@id":"https:\/\/patagoniambiental.com.ar\/info\/#\/schema\/person\/db12bff64bbcbf6a253710bf0ea37b5d"},"headline":"Mucho m\u00e1s que mirar el cielo","datePublished":"2018-12-28T12:00:19+00:00","mainEntityOfPage":{"@id":"https:\/\/patagoniambiental.com.ar\/info\/mucho-mas-que-mirar-el-cielo\/"},"wordCount":1046,"commentCount":0,"publisher":{"@id":"https:\/\/patagoniambiental.com.ar\/info\/#organization"},"image":{"@id":"https:\/\/patagoniambiental.com.ar\/info\/mucho-mas-que-mirar-el-cielo\/#primaryimage"},"thumbnailUrl":"https:\/\/patagoniambiental.com.ar\/info\/wp-content\/uploads\/2018\/12\/earg2-900x533.jpg","articleSection":["Bolet\u00edn","Noticias","Provinciales","Rotador","Tierra del Fuego"],"inLanguage":"es","potentialAction":[{"@type":"CommentAction","name":"Comment","target":["https:\/\/patagoniambiental.com.ar\/info\/mucho-mas-que-mirar-el-cielo\/#respond"]}]},{"@type":"WebPage","@id":"https:\/\/patagoniambiental.com.ar\/info\/mucho-mas-que-mirar-el-cielo\/","url":"https:\/\/patagoniambiental.com.ar\/info\/mucho-mas-que-mirar-el-cielo\/","name":"Mucho m\u00e1s que mirar el cielo","isPartOf":{"@id":"https:\/\/patagoniambiental.com.ar\/info\/#website"},"primaryImageOfPage":{"@id":"https:\/\/patagoniambiental.com.ar\/info\/mucho-mas-que-mirar-el-cielo\/#primaryimage"},"image":{"@id":"https:\/\/patagoniambiental.com.ar\/info\/mucho-mas-que-mirar-el-cielo\/#primaryimage"},"thumbnailUrl":"https:\/\/patagoniambiental.com.ar\/info\/wp-content\/uploads\/2018\/12\/earg2-900x533.jpg","datePublished":"2018-12-28T12:00:19+00:00","breadcrumb":{"@id":"https:\/\/patagoniambiental.com.ar\/info\/mucho-mas-que-mirar-el-cielo\/#breadcrumb"},"inLanguage":"es","potentialAction":[{"@type":"ReadAction","target":["https:\/\/patagoniambiental.com.ar\/info\/mucho-mas-que-mirar-el-cielo\/"]}]},{"@type":"ImageObject","inLanguage":"es","@id":"https:\/\/patagoniambiental.com.ar\/info\/mucho-mas-que-mirar-el-cielo\/#primaryimage","url":"https:\/\/patagoniambiental.com.ar\/info\/wp-content\/uploads\/2018\/12\/earg2-900x533.jpg","contentUrl":"https:\/\/patagoniambiental.com.ar\/info\/wp-content\/uploads\/2018\/12\/earg2-900x533.jpg","width":900,"height":533},{"@type":"BreadcrumbList","@id":"https:\/\/patagoniambiental.com.ar\/info\/mucho-mas-que-mirar-el-cielo\/#breadcrumb","itemListElement":[{"@type":"ListItem","position":1,"name":"Inicio","item":"https:\/\/patagoniambiental.com.ar\/info\/"},{"@type":"ListItem","position":2,"name":"Mucho m\u00e1s que mirar el cielo"}]},{"@type":"WebSite","@id":"https:\/\/patagoniambiental.com.ar\/info\/#website","url":"https:\/\/patagoniambiental.com.ar\/info\/","name":"Patagonia Ambiental","description":"Monitoreo y an\u00e1lisis de la situaci\u00f3n geopol\u00edtica en el mundo y su implicancia en la Patagonia","publisher":{"@id":"https:\/\/patagoniambiental.com.ar\/info\/#organization"},"potentialAction":[{"@type":"SearchAction","target":{"@type":"EntryPoint","urlTemplate":"https:\/\/patagoniambiental.com.ar\/info\/?s={search_term_string}"},"query-input":{"@type":"PropertyValueSpecification","valueRequired":true,"valueName":"search_term_string"}}],"inLanguage":"es"},{"@type":"Organization","@id":"https:\/\/patagoniambiental.com.ar\/info\/#organization","name":"Patagonia Ambiental","url":"https:\/\/patagoniambiental.com.ar\/info\/","logo":{"@type":"ImageObject","inLanguage":"es","@id":"https:\/\/patagoniambiental.com.ar\/info\/#\/schema\/logo\/image\/","url":"https:\/\/patagoniambiental.com.ar\/info\/wp-content\/uploads\/2025\/05\/LOGO-PATAGONIA-AMBIENTAL.png","contentUrl":"https:\/\/patagoniambiental.com.ar\/info\/wp-content\/uploads\/2025\/05\/LOGO-PATAGONIA-AMBIENTAL.png","width":433,"height":250,"caption":"Patagonia Ambiental"},"image":{"@id":"https:\/\/patagoniambiental.com.ar\/info\/#\/schema\/logo\/image\/"},"sameAs":["https:\/\/www.facebook.com\/patagonia.ambiental","https:\/\/x.com\/PatAmb"]},{"@type":"Person","@id":"https:\/\/patagoniambiental.com.ar\/info\/#\/schema\/person\/db12bff64bbcbf6a253710bf0ea37b5d","name":"Patagonia Ambiental","description":"Andr\u00e9s Nievas T\u00e9cnico en manejo ambiental, consultor Ambiental y escritor para medios locales e internacionales sobre temas de geopolitica y medio ambiente.","sameAs":["http:\/\/www.patagoniambiental.com.ar","https:\/\/www.facebook.com\/share\/1C1V8Gv9BX\/?mibextid=qi2Omg","@patagoniambiental","https:\/\/youtube.com\/@patagoniaambiental2023?si=BLt58t0wuXquxlYZ"]}]}},"_links":{"self":[{"href":"https:\/\/patagoniambiental.com.ar\/info\/wp-json\/wp\/v2\/posts\/58121","targetHints":{"allow":["GET"]}}],"collection":[{"href":"https:\/\/patagoniambiental.com.ar\/info\/wp-json\/wp\/v2\/posts"}],"about":[{"href":"https:\/\/patagoniambiental.com.ar\/info\/wp-json\/wp\/v2\/types\/post"}],"author":[{"embeddable":true,"href":"https:\/\/patagoniambiental.com.ar\/info\/wp-json\/wp\/v2\/users\/2"}],"replies":[{"embeddable":true,"href":"https:\/\/patagoniambiental.com.ar\/info\/wp-json\/wp\/v2\/comments?post=58121"}],"version-history":[{"count":0,"href":"https:\/\/patagoniambiental.com.ar\/info\/wp-json\/wp\/v2\/posts\/58121\/revisions"}],"wp:featuredmedia":[{"embeddable":true,"href":"https:\/\/patagoniambiental.com.ar\/info\/wp-json\/wp\/v2\/media\/58122"}],"wp:attachment":[{"href":"https:\/\/patagoniambiental.com.ar\/info\/wp-json\/wp\/v2\/media?parent=58121"}],"wp:term":[{"taxonomy":"category","embeddable":true,"href":"https:\/\/patagoniambiental.com.ar\/info\/wp-json\/wp\/v2\/categories?post=58121"},{"taxonomy":"post_tag","embeddable":true,"href":"https:\/\/patagoniambiental.com.ar\/info\/wp-json\/wp\/v2\/tags?post=58121"}],"curies":[{"name":"wp","href":"https:\/\/api.w.org\/{rel}","templated":true}]}}