{"id":58151,"date":"2019-01-01T09:00:54","date_gmt":"2019-01-01T12:00:54","guid":{"rendered":"http:\/\/patagoniambiental.com.ar\/info\/?p=58151"},"modified":"2018-12-28T13:40:03","modified_gmt":"2018-12-28T16:40:03","slug":"tucuman-avanza-en-el-marco-legal-para-distribuida-anticipo-del-decreto-reglamentario-provincial-y-adhesion-a-la-ley-nacional","status":"publish","type":"post","link":"https:\/\/patagoniambiental.com.ar\/info\/tucuman-avanza-en-el-marco-legal-para-distribuida-anticipo-del-decreto-reglamentario-provincial-y-adhesion-a-la-ley-nacional\/","title":{"rendered":"Tucum\u00e1n avanza en el marco legal para distribuida: anticipo del decreto reglamentario provincial y adhesi\u00f3n a la ley nacional"},"content":{"rendered":"<p>Tucum\u00e1n.-La provincia ultima detalles antes de la plena operatividad de la generaci\u00f3n el\u00e9ctrica bajo la modalidad establecida por la Ley nacional 27.424.<!--more--><\/p>\n<p>&nbsp;<\/p>\n<p>Funcionarios locales est\u00e1n resolviendo medidas puntuales para impulsar el sector.<\/p>\n<p><img decoding=\"async\" class=\"img-thumbnail post-single-image\" src=\"https:\/\/argentinaeolica.org.ar\/uploads\/blog\/1545841641.jpg\" alt=\"\" \/><\/p>\n<article class=\"post-content\">Tucum\u00e1n cuenta una ley provincial que est\u00e1 pronta a ser reglamentada. Se trata de la\u00a0<a href=\"http:\/\/boletin.tucuman.gov.ar\/aviso?nroboletin=28975&amp;tipo=2&amp;nroaviso=59031\" target=\"_blank\" rel=\"noopener\">Ley No 8.994<\/a>\u00a0de \u201cGeneraci\u00f3n Distribuida de energ\u00eda el\u00e9ctrica basada en energ\u00edas renovables en el sector residencial, comercial e industrial\u201d, que fue sancionada en marzo de 2017. La misma establece requisitos t\u00e9cnicos de instalaci\u00f3n, condiciones de contrataci\u00f3n e instrumentos de financiamiento.<\/p>\n<p>En tanto, su reglamentaci\u00f3n que fue trabajada durante todo este a\u00f1o por representantes de universidades locales (Universidad Nacional de Tucum\u00e1n y Universidad Tecnol\u00f3gica Nacional Regional Tucum\u00e1n), poder ejecutivo provincial y la Empresa de Distribuci\u00f3n El\u00e9ctrica de Tucum\u00e1n (EDET S.A.), busca garantizar la operaci\u00f3n y efectiva aplicaci\u00f3n de la Ley a trav\u00e9s de lo dictaminado en sus art\u00edculos y anexos.<\/p>\n<p>Este medio accedi\u00f3 a un borrador comentado de aquel decreto reglamentario que ser\u00eda refrendado en los pr\u00f3ximos d\u00edas por el Ministro de Desarrollo Productivo de Tucum\u00e1n, Ing.\u00a0<strong>Juan Luis Fern\u00e1ndez<\/strong>.<\/p>\n<p>En principio, el documento indica que los usuarios de la EDET podr\u00e1n conectar sistemas generadores de energ\u00eda el\u00e9ctrica basados en el uso de fuentes renovables de energ\u00eda de hasta un m\u00e1ximo de 150 kW en Baja Tensi\u00f3n.<\/p>\n<p>En el caso de usuarios que presenten proyectos con potencias mayores a la indicada, el borrador del decreto aclara que se deber\u00e1 contar con previa aprobaci\u00f3n por parte de la distribuidora y de la Autoridad de Aplicaci\u00f3n \u201ca los fines de la viabilidad t\u00e9cnica de los mismos\u201d, siendo 4 MW el cupo m\u00e1ximo de generaci\u00f3n bajo la modalidad establecida.<\/p>\n<p>Entre los puntos t\u00e9cnicos previamente establecidos, el Art\u00edculo 6 de la Ley 8994 se\u00f1ala que el saldo neto entre lo generado por aquel sistema y lo consumido de la red podr\u00e1 ser registrado tanto por un equipo de medida bidireccional o dos equipos de medida.<\/p>\n<p>Volviendo a su reglamentaci\u00f3n, en las condiciones generales se aclara que dicho medidor ser\u00e1 propiedad de la distribuidora y que el Anexo t\u00e9cnico \u201cs\u00f3lo busca fijar los est\u00e1ndares m\u00ednimos de los dispositivos a utilizar\u201d. Estos ser\u00edan:<\/p>\n<ul>\n<li>Un equipo de medici\u00f3n inteligente monof\u00e1sico para potencias menores a 5kW y trif\u00e1sico para iguales o mayores a 5kW, que ser\u00e1 provisto por la Distribuidora.<\/li>\n<li>Un interruptor termomagn\u00e9tico para la protecci\u00f3n contra sobreintensidad de la instalaci\u00f3n, con capacidad de ruptura de cortocircuito mayor a la indicada por la Distribuidora en el punto de conexi\u00f3n y con seccionamiento visible.<\/li>\n<\/ul>\n<p>En comunicaci\u00f3n con Energ\u00eda Estrat\u00e9gica, el Director de Energ\u00eda\u00a0de Tucum\u00e1n,\u00a0Ing.\u00a0<strong>Edgardo Bertini<\/strong>, aseguro que en la provincia est\u00e1n expectantes a la puesta en marcha de los procedimientos para la conexi\u00f3n a la red de usuarios generadores en el pa\u00eds.<\/p>\n<p>\u201cAdherimos a la Ley nacional esperando que se dicte la resoluci\u00f3n pendiente y empiece a funcionar\u201d, dijo el funcionario a este medio justo antes de que la Secretar\u00eda de Energ\u00eda comparta en el Bolet\u00edn Oficial la\u00a0<a href=\"https:\/\/www.boletinoficial.gob.ar\/#!DetalleNormaBusquedaRapida\/198581\/20181221\/energia\" target=\"_blank\" rel=\"noopener\">Resoluci\u00f3n 314\/2018<\/a>.<\/p>\n<p>El proyecto de adhesi\u00f3n de Tucum\u00e1n, que se present\u00f3 el 13 de noviembre de 2018, ya fue sancionado por la Legislatura provincial. Entre los fundamentos declarados, adem\u00e1s de se\u00f1alar ventajas econ\u00f3micas y ambientales para la provincia, considera que este marco normativo genera una mayor equidad en el mercado el\u00e9ctrico, ya que por ejemplo el sector productivo, los usuarios y las PyMEs pueden vender el excedente y que el mismo est\u00e9 exento de los impuestos que normalmente recaen en quien vende el producto.<\/p>\n<p>\u201cEl objetivo es que los usuarios generadores tengan posibilidades de gozar de los beneficios fiscales establecidos por la normativa nacional\u201d, se\u00f1al\u00f3 Bertini.<\/p>\n<p>No obstante, el Gobierno provincial tambi\u00e9n est\u00e1 resolviendo medidas puntuales para impulsar esta modalidad de generaci\u00f3n. Entre ellas, cr\u00e9ditos a usuarios T1R y T1RC para la adquisici\u00f3n del equipamiento de generaci\u00f3n de energ\u00eda el\u00e9ctrica de origen renovable.<\/p>\n<p>\u201cEl Ministro de Desarrollo Productivo est\u00e1 pronto a empezar una ronda de di\u00e1logo con los bancos con asiento en Tucum\u00e1n para intentar obtener cr\u00e9ditos con tasas racionales para impulsar el sector\u201d, adelant\u00f3 el director de Energ\u00eda de la provincia.<\/p>\n<p>Fuente:\u00a0<a href=\"https:\/\/www.runrunenergetico.com\/tucuman-avanza-en-el-marco-legal-para-distribuida-anticipo-del-decreto-reglamentario-provincial-y-adhesion-a-la-ley-nacional\/\" target=\"_blank\" rel=\"noopener\">www.runrunenergetico.com<\/a><\/p>\n<\/article>\n","protected":false},"excerpt":{"rendered":"<p>Tucum\u00e1n.-La provincia ultima detalles antes de la plena operatividad de la generaci\u00f3n el\u00e9ctrica bajo la modalidad establecida por la Ley [&hellip;]<\/p>\n","protected":false},"author":2,"featured_media":58152,"comment_status":"open","ping_status":"open","sticky":false,"template":"","format":"standard","meta":{"site-sidebar-layout":"default","site-content-layout":"","ast-site-content-layout":"default","site-content-style":"default","site-sidebar-style":"default","ast-global-header-display":"","ast-banner-title-visibility":"","ast-main-header-display":"","ast-hfb-above-header-display":"","ast-hfb-below-header-display":"","ast-hfb-mobile-header-display":"","site-post-title":"","ast-breadcrumbs-content":"","ast-featured-img":"","footer-sml-layout":"","ast-disable-related-posts":"","theme-transparent-header-meta":"","adv-header-id-meta":"","stick-header-meta":"","header-above-stick-meta":"","header-main-stick-meta":"","header-below-stick-meta":"","astra-migrate-meta-layouts":"default","ast-page-background-enabled":"default","ast-page-background-meta":{"desktop":{"background-color":"var(--ast-global-color-5)","background-image":"","background-repeat":"repeat","background-position":"center center","background-size":"auto","background-attachment":"scroll","background-type":"","background-media":"","overlay-type":"","overlay-color":"","overlay-opacity":"","overlay-gradient":""},"tablet":{"background-color":"","background-image":"","background-repeat":"repeat","background-position":"center center","background-size":"auto","background-attachment":"scroll","background-type":"","background-media":"","overlay-type":"","overlay-color":"","overlay-opacity":"","overlay-gradient":""},"mobile":{"background-color":"","background-image":"","background-repeat":"repeat","background-position":"center center","background-size":"auto","background-attachment":"scroll","background-type":"","background-media":"","overlay-type":"","overlay-color":"","overlay-opacity":"","overlay-gradient":""}},"ast-content-background-meta":{"desktop":{"background-color":"var(--ast-global-color-4)","background-image":"","background-repeat":"repeat","background-position":"center center","background-size":"auto","background-attachment":"scroll","background-type":"","background-media":"","overlay-type":"","overlay-color":"","overlay-opacity":"","overlay-gradient":""},"tablet":{"background-color":"var(--ast-global-color-4)","background-image":"","background-repeat":"repeat","background-position":"center center","background-size":"auto","background-attachment":"scroll","background-type":"","background-media":"","overlay-type":"","overlay-color":"","overlay-opacity":"","overlay-gradient":""},"mobile":{"background-color":"var(--ast-global-color-4)","background-image":"","background-repeat":"repeat","background-position":"center center","background-size":"auto","background-attachment":"scroll","background-type":"","background-media":"","overlay-type":"","overlay-color":"","overlay-opacity":"","overlay-gradient":""}},"footnotes":""},"categories":[11,19,1,10],"tags":[],"class_list":["post-58151","post","type-post","status-publish","format-standard","has-post-thumbnail","hentry","category-boletin","category-nacionales","category-noticias","category-rotador"],"yoast_head":"<!-- This site is optimized with the Yoast SEO Premium plugin v23.0 (Yoast SEO v27.5) - https:\/\/yoast.com\/product\/yoast-seo-premium-wordpress\/ -->\n<title>Tucum\u00e1n avanza en el marco legal para distribuida: anticipo del decreto reglamentario provincial y adhesi\u00f3n a la ley nacional<\/title>\n<meta name=\"robots\" content=\"index, follow, max-snippet:-1, max-image-preview:large, max-video-preview:-1\" \/>\n<link rel=\"canonical\" href=\"https:\/\/patagoniambiental.com.ar\/info\/tucuman-avanza-en-el-marco-legal-para-distribuida-anticipo-del-decreto-reglamentario-provincial-y-adhesion-a-la-ley-nacional\/\" \/>\n<meta property=\"og:locale\" content=\"es_ES\" \/>\n<meta property=\"og:type\" content=\"article\" \/>\n<meta property=\"og:title\" content=\"Tucum\u00e1n avanza en el marco legal para distribuida: anticipo del decreto reglamentario provincial y adhesi\u00f3n a la ley nacional\" \/>\n<meta property=\"og:description\" content=\"Tucum\u00e1n.-La provincia ultima detalles antes de la plena operatividad de la generaci\u00f3n el\u00e9ctrica bajo la modalidad establecida por la Ley [&hellip;]\" \/>\n<meta property=\"og:url\" content=\"https:\/\/patagoniambiental.com.ar\/info\/tucuman-avanza-en-el-marco-legal-para-distribuida-anticipo-del-decreto-reglamentario-provincial-y-adhesion-a-la-ley-nacional\/\" \/>\n<meta property=\"og:site_name\" content=\"Patagonia Ambiental\" \/>\n<meta property=\"article:publisher\" content=\"https:\/\/www.facebook.com\/patagonia.ambiental\" \/>\n<meta property=\"article:author\" content=\"https:\/\/www.facebook.com\/share\/1C1V8Gv9BX\/?mibextid=qi2Omg\" \/>\n<meta property=\"article:published_time\" content=\"2019-01-01T12:00:54+00:00\" \/>\n<meta property=\"og:image\" content=\"https:\/\/patagoniambiental.com.ar\/info\/wp-content\/uploads\/2018\/12\/1545841641.jpg\" \/>\n\t<meta property=\"og:image:width\" content=\"750\" \/>\n\t<meta property=\"og:image:height\" content=\"420\" \/>\n\t<meta property=\"og:image:type\" content=\"image\/jpeg\" \/>\n<meta name=\"author\" content=\"Patagonia Ambiental\" \/>\n<meta name=\"twitter:card\" content=\"summary_large_image\" \/>\n<meta name=\"twitter:creator\" content=\"@PatAmb\" \/>\n<meta name=\"twitter:site\" content=\"@PatAmb\" \/>\n<script type=\"application\/ld+json\" class=\"yoast-schema-graph\">{\"@context\":\"https:\\\/\\\/schema.org\",\"@graph\":[{\"@type\":\"Article\",\"@id\":\"https:\\\/\\\/patagoniambiental.com.ar\\\/info\\\/tucuman-avanza-en-el-marco-legal-para-distribuida-anticipo-del-decreto-reglamentario-provincial-y-adhesion-a-la-ley-nacional\\\/#article\",\"isPartOf\":{\"@id\":\"https:\\\/\\\/patagoniambiental.com.ar\\\/info\\\/tucuman-avanza-en-el-marco-legal-para-distribuida-anticipo-del-decreto-reglamentario-provincial-y-adhesion-a-la-ley-nacional\\\/\"},\"author\":{\"name\":\"Patagonia Ambiental\",\"@id\":\"https:\\\/\\\/patagoniambiental.com.ar\\\/info\\\/#\\\/schema\\\/person\\\/db12bff64bbcbf6a253710bf0ea37b5d\"},\"headline\":\"Tucum\u00e1n avanza en el marco legal para distribuida: anticipo del decreto reglamentario provincial y adhesi\u00f3n a la ley nacional\",\"datePublished\":\"2019-01-01T12:00:54+00:00\",\"mainEntityOfPage\":{\"@id\":\"https:\\\/\\\/patagoniambiental.com.ar\\\/info\\\/tucuman-avanza-en-el-marco-legal-para-distribuida-anticipo-del-decreto-reglamentario-provincial-y-adhesion-a-la-ley-nacional\\\/\"},\"wordCount\":778,\"commentCount\":0,\"publisher\":{\"@id\":\"https:\\\/\\\/patagoniambiental.com.ar\\\/info\\\/#organization\"},\"image\":{\"@id\":\"https:\\\/\\\/patagoniambiental.com.ar\\\/info\\\/tucuman-avanza-en-el-marco-legal-para-distribuida-anticipo-del-decreto-reglamentario-provincial-y-adhesion-a-la-ley-nacional\\\/#primaryimage\"},\"thumbnailUrl\":\"https:\\\/\\\/patagoniambiental.com.ar\\\/info\\\/wp-content\\\/uploads\\\/2018\\\/12\\\/1545841641.jpg\",\"articleSection\":[\"Bolet\u00edn\",\"Nacionales\",\"Noticias\",\"Rotador\"],\"inLanguage\":\"es\",\"potentialAction\":[{\"@type\":\"CommentAction\",\"name\":\"Comment\",\"target\":[\"https:\\\/\\\/patagoniambiental.com.ar\\\/info\\\/tucuman-avanza-en-el-marco-legal-para-distribuida-anticipo-del-decreto-reglamentario-provincial-y-adhesion-a-la-ley-nacional\\\/#respond\"]}]},{\"@type\":\"WebPage\",\"@id\":\"https:\\\/\\\/patagoniambiental.com.ar\\\/info\\\/tucuman-avanza-en-el-marco-legal-para-distribuida-anticipo-del-decreto-reglamentario-provincial-y-adhesion-a-la-ley-nacional\\\/\",\"url\":\"https:\\\/\\\/patagoniambiental.com.ar\\\/info\\\/tucuman-avanza-en-el-marco-legal-para-distribuida-anticipo-del-decreto-reglamentario-provincial-y-adhesion-a-la-ley-nacional\\\/\",\"name\":\"Tucum\u00e1n avanza en el marco legal para distribuida: anticipo del decreto reglamentario provincial y adhesi\u00f3n a la ley nacional\",\"isPartOf\":{\"@id\":\"https:\\\/\\\/patagoniambiental.com.ar\\\/info\\\/#website\"},\"primaryImageOfPage\":{\"@id\":\"https:\\\/\\\/patagoniambiental.com.ar\\\/info\\\/tucuman-avanza-en-el-marco-legal-para-distribuida-anticipo-del-decreto-reglamentario-provincial-y-adhesion-a-la-ley-nacional\\\/#primaryimage\"},\"image\":{\"@id\":\"https:\\\/\\\/patagoniambiental.com.ar\\\/info\\\/tucuman-avanza-en-el-marco-legal-para-distribuida-anticipo-del-decreto-reglamentario-provincial-y-adhesion-a-la-ley-nacional\\\/#primaryimage\"},\"thumbnailUrl\":\"https:\\\/\\\/patagoniambiental.com.ar\\\/info\\\/wp-content\\\/uploads\\\/2018\\\/12\\\/1545841641.jpg\",\"datePublished\":\"2019-01-01T12:00:54+00:00\",\"breadcrumb\":{\"@id\":\"https:\\\/\\\/patagoniambiental.com.ar\\\/info\\\/tucuman-avanza-en-el-marco-legal-para-distribuida-anticipo-del-decreto-reglamentario-provincial-y-adhesion-a-la-ley-nacional\\\/#breadcrumb\"},\"inLanguage\":\"es\",\"potentialAction\":[{\"@type\":\"ReadAction\",\"target\":[\"https:\\\/\\\/patagoniambiental.com.ar\\\/info\\\/tucuman-avanza-en-el-marco-legal-para-distribuida-anticipo-del-decreto-reglamentario-provincial-y-adhesion-a-la-ley-nacional\\\/\"]}]},{\"@type\":\"ImageObject\",\"inLanguage\":\"es\",\"@id\":\"https:\\\/\\\/patagoniambiental.com.ar\\\/info\\\/tucuman-avanza-en-el-marco-legal-para-distribuida-anticipo-del-decreto-reglamentario-provincial-y-adhesion-a-la-ley-nacional\\\/#primaryimage\",\"url\":\"https:\\\/\\\/patagoniambiental.com.ar\\\/info\\\/wp-content\\\/uploads\\\/2018\\\/12\\\/1545841641.jpg\",\"contentUrl\":\"https:\\\/\\\/patagoniambiental.com.ar\\\/info\\\/wp-content\\\/uploads\\\/2018\\\/12\\\/1545841641.jpg\",\"width\":750,\"height\":420},{\"@type\":\"BreadcrumbList\",\"@id\":\"https:\\\/\\\/patagoniambiental.com.ar\\\/info\\\/tucuman-avanza-en-el-marco-legal-para-distribuida-anticipo-del-decreto-reglamentario-provincial-y-adhesion-a-la-ley-nacional\\\/#breadcrumb\",\"itemListElement\":[{\"@type\":\"ListItem\",\"position\":1,\"name\":\"Inicio\",\"item\":\"https:\\\/\\\/patagoniambiental.com.ar\\\/info\\\/\"},{\"@type\":\"ListItem\",\"position\":2,\"name\":\"Tucum\u00e1n avanza en el marco legal para distribuida: anticipo del decreto reglamentario provincial y adhesi\u00f3n a la ley nacional\"}]},{\"@type\":\"WebSite\",\"@id\":\"https:\\\/\\\/patagoniambiental.com.ar\\\/info\\\/#website\",\"url\":\"https:\\\/\\\/patagoniambiental.com.ar\\\/info\\\/\",\"name\":\"Patagonia Ambiental\",\"description\":\"Monitoreo y an\u00e1lisis de la situaci\u00f3n geopol\u00edtica en el mundo y su implicancia en la Patagonia\",\"publisher\":{\"@id\":\"https:\\\/\\\/patagoniambiental.com.ar\\\/info\\\/#organization\"},\"potentialAction\":[{\"@type\":\"SearchAction\",\"target\":{\"@type\":\"EntryPoint\",\"urlTemplate\":\"https:\\\/\\\/patagoniambiental.com.ar\\\/info\\\/?s={search_term_string}\"},\"query-input\":{\"@type\":\"PropertyValueSpecification\",\"valueRequired\":true,\"valueName\":\"search_term_string\"}}],\"inLanguage\":\"es\"},{\"@type\":\"Organization\",\"@id\":\"https:\\\/\\\/patagoniambiental.com.ar\\\/info\\\/#organization\",\"name\":\"Patagonia Ambiental\",\"url\":\"https:\\\/\\\/patagoniambiental.com.ar\\\/info\\\/\",\"logo\":{\"@type\":\"ImageObject\",\"inLanguage\":\"es\",\"@id\":\"https:\\\/\\\/patagoniambiental.com.ar\\\/info\\\/#\\\/schema\\\/logo\\\/image\\\/\",\"url\":\"https:\\\/\\\/patagoniambiental.com.ar\\\/info\\\/wp-content\\\/uploads\\\/2025\\\/05\\\/LOGO-PATAGONIA-AMBIENTAL.png\",\"contentUrl\":\"https:\\\/\\\/patagoniambiental.com.ar\\\/info\\\/wp-content\\\/uploads\\\/2025\\\/05\\\/LOGO-PATAGONIA-AMBIENTAL.png\",\"width\":433,\"height\":250,\"caption\":\"Patagonia Ambiental\"},\"image\":{\"@id\":\"https:\\\/\\\/patagoniambiental.com.ar\\\/info\\\/#\\\/schema\\\/logo\\\/image\\\/\"},\"sameAs\":[\"https:\\\/\\\/www.facebook.com\\\/patagonia.ambiental\",\"https:\\\/\\\/x.com\\\/PatAmb\"]},{\"@type\":\"Person\",\"@id\":\"https:\\\/\\\/patagoniambiental.com.ar\\\/info\\\/#\\\/schema\\\/person\\\/db12bff64bbcbf6a253710bf0ea37b5d\",\"name\":\"Patagonia Ambiental\",\"description\":\"Andr\u00e9s Nievas T\u00e9cnico en manejo ambiental, consultor Ambiental y escritor para medios locales e internacionales sobre temas de geopolitica y medio ambiente.\",\"sameAs\":[\"http:\\\/\\\/www.patagoniambiental.com.ar\",\"https:\\\/\\\/www.facebook.com\\\/share\\\/1C1V8Gv9BX\\\/?mibextid=qi2Omg\",\"@patagoniambiental\",\"https:\\\/\\\/youtube.com\\\/@patagoniaambiental2023?si=BLt58t0wuXquxlYZ\"]}]}<\/script>\n<!-- \/ Yoast SEO Premium plugin. -->","yoast_head_json":{"title":"Tucum\u00e1n avanza en el marco legal para distribuida: anticipo del decreto reglamentario provincial y adhesi\u00f3n a la ley nacional","robots":{"index":"index","follow":"follow","max-snippet":"max-snippet:-1","max-image-preview":"max-image-preview:large","max-video-preview":"max-video-preview:-1"},"canonical":"https:\/\/patagoniambiental.com.ar\/info\/tucuman-avanza-en-el-marco-legal-para-distribuida-anticipo-del-decreto-reglamentario-provincial-y-adhesion-a-la-ley-nacional\/","og_locale":"es_ES","og_type":"article","og_title":"Tucum\u00e1n avanza en el marco legal para distribuida: anticipo del decreto reglamentario provincial y adhesi\u00f3n a la ley nacional","og_description":"Tucum\u00e1n.-La provincia ultima detalles antes de la plena operatividad de la generaci\u00f3n el\u00e9ctrica bajo la modalidad establecida por la Ley [&hellip;]","og_url":"https:\/\/patagoniambiental.com.ar\/info\/tucuman-avanza-en-el-marco-legal-para-distribuida-anticipo-del-decreto-reglamentario-provincial-y-adhesion-a-la-ley-nacional\/","og_site_name":"Patagonia Ambiental","article_publisher":"https:\/\/www.facebook.com\/patagonia.ambiental","article_author":"https:\/\/www.facebook.com\/share\/1C1V8Gv9BX\/?mibextid=qi2Omg","article_published_time":"2019-01-01T12:00:54+00:00","og_image":[{"width":750,"height":420,"url":"https:\/\/patagoniambiental.com.ar\/info\/wp-content\/uploads\/2018\/12\/1545841641.jpg","type":"image\/jpeg"}],"author":"Patagonia Ambiental","twitter_card":"summary_large_image","twitter_creator":"@PatAmb","twitter_site":"@PatAmb","schema":{"@context":"https:\/\/schema.org","@graph":[{"@type":"Article","@id":"https:\/\/patagoniambiental.com.ar\/info\/tucuman-avanza-en-el-marco-legal-para-distribuida-anticipo-del-decreto-reglamentario-provincial-y-adhesion-a-la-ley-nacional\/#article","isPartOf":{"@id":"https:\/\/patagoniambiental.com.ar\/info\/tucuman-avanza-en-el-marco-legal-para-distribuida-anticipo-del-decreto-reglamentario-provincial-y-adhesion-a-la-ley-nacional\/"},"author":{"name":"Patagonia Ambiental","@id":"https:\/\/patagoniambiental.com.ar\/info\/#\/schema\/person\/db12bff64bbcbf6a253710bf0ea37b5d"},"headline":"Tucum\u00e1n avanza en el marco legal para distribuida: anticipo del decreto reglamentario provincial y adhesi\u00f3n a la ley nacional","datePublished":"2019-01-01T12:00:54+00:00","mainEntityOfPage":{"@id":"https:\/\/patagoniambiental.com.ar\/info\/tucuman-avanza-en-el-marco-legal-para-distribuida-anticipo-del-decreto-reglamentario-provincial-y-adhesion-a-la-ley-nacional\/"},"wordCount":778,"commentCount":0,"publisher":{"@id":"https:\/\/patagoniambiental.com.ar\/info\/#organization"},"image":{"@id":"https:\/\/patagoniambiental.com.ar\/info\/tucuman-avanza-en-el-marco-legal-para-distribuida-anticipo-del-decreto-reglamentario-provincial-y-adhesion-a-la-ley-nacional\/#primaryimage"},"thumbnailUrl":"https:\/\/patagoniambiental.com.ar\/info\/wp-content\/uploads\/2018\/12\/1545841641.jpg","articleSection":["Bolet\u00edn","Nacionales","Noticias","Rotador"],"inLanguage":"es","potentialAction":[{"@type":"CommentAction","name":"Comment","target":["https:\/\/patagoniambiental.com.ar\/info\/tucuman-avanza-en-el-marco-legal-para-distribuida-anticipo-del-decreto-reglamentario-provincial-y-adhesion-a-la-ley-nacional\/#respond"]}]},{"@type":"WebPage","@id":"https:\/\/patagoniambiental.com.ar\/info\/tucuman-avanza-en-el-marco-legal-para-distribuida-anticipo-del-decreto-reglamentario-provincial-y-adhesion-a-la-ley-nacional\/","url":"https:\/\/patagoniambiental.com.ar\/info\/tucuman-avanza-en-el-marco-legal-para-distribuida-anticipo-del-decreto-reglamentario-provincial-y-adhesion-a-la-ley-nacional\/","name":"Tucum\u00e1n avanza en el marco legal para distribuida: anticipo del decreto reglamentario provincial y adhesi\u00f3n a la ley nacional","isPartOf":{"@id":"https:\/\/patagoniambiental.com.ar\/info\/#website"},"primaryImageOfPage":{"@id":"https:\/\/patagoniambiental.com.ar\/info\/tucuman-avanza-en-el-marco-legal-para-distribuida-anticipo-del-decreto-reglamentario-provincial-y-adhesion-a-la-ley-nacional\/#primaryimage"},"image":{"@id":"https:\/\/patagoniambiental.com.ar\/info\/tucuman-avanza-en-el-marco-legal-para-distribuida-anticipo-del-decreto-reglamentario-provincial-y-adhesion-a-la-ley-nacional\/#primaryimage"},"thumbnailUrl":"https:\/\/patagoniambiental.com.ar\/info\/wp-content\/uploads\/2018\/12\/1545841641.jpg","datePublished":"2019-01-01T12:00:54+00:00","breadcrumb":{"@id":"https:\/\/patagoniambiental.com.ar\/info\/tucuman-avanza-en-el-marco-legal-para-distribuida-anticipo-del-decreto-reglamentario-provincial-y-adhesion-a-la-ley-nacional\/#breadcrumb"},"inLanguage":"es","potentialAction":[{"@type":"ReadAction","target":["https:\/\/patagoniambiental.com.ar\/info\/tucuman-avanza-en-el-marco-legal-para-distribuida-anticipo-del-decreto-reglamentario-provincial-y-adhesion-a-la-ley-nacional\/"]}]},{"@type":"ImageObject","inLanguage":"es","@id":"https:\/\/patagoniambiental.com.ar\/info\/tucuman-avanza-en-el-marco-legal-para-distribuida-anticipo-del-decreto-reglamentario-provincial-y-adhesion-a-la-ley-nacional\/#primaryimage","url":"https:\/\/patagoniambiental.com.ar\/info\/wp-content\/uploads\/2018\/12\/1545841641.jpg","contentUrl":"https:\/\/patagoniambiental.com.ar\/info\/wp-content\/uploads\/2018\/12\/1545841641.jpg","width":750,"height":420},{"@type":"BreadcrumbList","@id":"https:\/\/patagoniambiental.com.ar\/info\/tucuman-avanza-en-el-marco-legal-para-distribuida-anticipo-del-decreto-reglamentario-provincial-y-adhesion-a-la-ley-nacional\/#breadcrumb","itemListElement":[{"@type":"ListItem","position":1,"name":"Inicio","item":"https:\/\/patagoniambiental.com.ar\/info\/"},{"@type":"ListItem","position":2,"name":"Tucum\u00e1n avanza en el marco legal para distribuida: anticipo del decreto reglamentario provincial y adhesi\u00f3n a la ley nacional"}]},{"@type":"WebSite","@id":"https:\/\/patagoniambiental.com.ar\/info\/#website","url":"https:\/\/patagoniambiental.com.ar\/info\/","name":"Patagonia Ambiental","description":"Monitoreo y an\u00e1lisis de la situaci\u00f3n geopol\u00edtica en el mundo y su implicancia en la Patagonia","publisher":{"@id":"https:\/\/patagoniambiental.com.ar\/info\/#organization"},"potentialAction":[{"@type":"SearchAction","target":{"@type":"EntryPoint","urlTemplate":"https:\/\/patagoniambiental.com.ar\/info\/?s={search_term_string}"},"query-input":{"@type":"PropertyValueSpecification","valueRequired":true,"valueName":"search_term_string"}}],"inLanguage":"es"},{"@type":"Organization","@id":"https:\/\/patagoniambiental.com.ar\/info\/#organization","name":"Patagonia Ambiental","url":"https:\/\/patagoniambiental.com.ar\/info\/","logo":{"@type":"ImageObject","inLanguage":"es","@id":"https:\/\/patagoniambiental.com.ar\/info\/#\/schema\/logo\/image\/","url":"https:\/\/patagoniambiental.com.ar\/info\/wp-content\/uploads\/2025\/05\/LOGO-PATAGONIA-AMBIENTAL.png","contentUrl":"https:\/\/patagoniambiental.com.ar\/info\/wp-content\/uploads\/2025\/05\/LOGO-PATAGONIA-AMBIENTAL.png","width":433,"height":250,"caption":"Patagonia Ambiental"},"image":{"@id":"https:\/\/patagoniambiental.com.ar\/info\/#\/schema\/logo\/image\/"},"sameAs":["https:\/\/www.facebook.com\/patagonia.ambiental","https:\/\/x.com\/PatAmb"]},{"@type":"Person","@id":"https:\/\/patagoniambiental.com.ar\/info\/#\/schema\/person\/db12bff64bbcbf6a253710bf0ea37b5d","name":"Patagonia Ambiental","description":"Andr\u00e9s Nievas T\u00e9cnico en manejo ambiental, consultor Ambiental y escritor para medios locales e internacionales sobre temas de geopolitica y medio ambiente.","sameAs":["http:\/\/www.patagoniambiental.com.ar","https:\/\/www.facebook.com\/share\/1C1V8Gv9BX\/?mibextid=qi2Omg","@patagoniambiental","https:\/\/youtube.com\/@patagoniaambiental2023?si=BLt58t0wuXquxlYZ"]}]}},"_links":{"self":[{"href":"https:\/\/patagoniambiental.com.ar\/info\/wp-json\/wp\/v2\/posts\/58151","targetHints":{"allow":["GET"]}}],"collection":[{"href":"https:\/\/patagoniambiental.com.ar\/info\/wp-json\/wp\/v2\/posts"}],"about":[{"href":"https:\/\/patagoniambiental.com.ar\/info\/wp-json\/wp\/v2\/types\/post"}],"author":[{"embeddable":true,"href":"https:\/\/patagoniambiental.com.ar\/info\/wp-json\/wp\/v2\/users\/2"}],"replies":[{"embeddable":true,"href":"https:\/\/patagoniambiental.com.ar\/info\/wp-json\/wp\/v2\/comments?post=58151"}],"version-history":[{"count":0,"href":"https:\/\/patagoniambiental.com.ar\/info\/wp-json\/wp\/v2\/posts\/58151\/revisions"}],"wp:featuredmedia":[{"embeddable":true,"href":"https:\/\/patagoniambiental.com.ar\/info\/wp-json\/wp\/v2\/media\/58152"}],"wp:attachment":[{"href":"https:\/\/patagoniambiental.com.ar\/info\/wp-json\/wp\/v2\/media?parent=58151"}],"wp:term":[{"taxonomy":"category","embeddable":true,"href":"https:\/\/patagoniambiental.com.ar\/info\/wp-json\/wp\/v2\/categories?post=58151"},{"taxonomy":"post_tag","embeddable":true,"href":"https:\/\/patagoniambiental.com.ar\/info\/wp-json\/wp\/v2\/tags?post=58151"}],"curies":[{"name":"wp","href":"https:\/\/api.w.org\/{rel}","templated":true}]}}