{"id":58243,"date":"2019-01-04T19:00:12","date_gmt":"2019-01-04T22:00:12","guid":{"rendered":"http:\/\/patagoniambiental.com.ar\/info\/?p=58243"},"modified":"2019-01-03T13:14:10","modified_gmt":"2019-01-03T16:14:10","slug":"gutierrez-en-un-futuro-cercano-llegaremos-a-la-pirotecnia-cero-en-neuquen","status":"publish","type":"post","link":"https:\/\/patagoniambiental.com.ar\/info\/gutierrez-en-un-futuro-cercano-llegaremos-a-la-pirotecnia-cero-en-neuquen\/","title":{"rendered":"Guti\u00e9rrez: \u201cEn un futuro cercano llegaremos a la pirotecnia cero en Neuqu\u00e9n\u201d"},"content":{"rendered":"<div class=\"td-post-header td-container\">\n<div class=\"td-post-header-holder sombra\">\n<header class=\"td-post-title\">\n<div class=\"td-module-meta-info\">Neuqu\u00e9n.-El gobernador destac\u00f3 la disminuci\u00f3n en el uso y venta de pirotecnia en las fiestas de fin de a\u00f1o. \u201cEsta campa\u00f1a es de 24 horas, los 365 d\u00edas del a\u00f1o\u201d, sostuvo.<\/div>\n<\/header>\n<\/div>\n<\/div>\n<p><!--more--><\/p>\n<div class=\"td-container\">\n<div class=\"td-pb-row\">\n<div class=\"td-pb-span8 td-main-content\" role=\"main\">\n<div class=\"td-ss-main-content\">\n<div class=\"td-post-content\">\n<p>El gobernador Omar Guti\u00e9rrez destac\u00f3 este miercoles la disminuci\u00f3n en el uso de pirotecnia en la celebraci\u00f3n de las fiestas de fin de a\u00f1o en Neuqu\u00e9n y se manifest\u00f3 optimista respecto de que \u201cen un futuro cercano lleguemos a la pirotecnia cero\u201d en la provincia. \u201cEsta campa\u00f1a es de 24 horas, los 365 d\u00edas\u201d, asever\u00f3.<\/p>\n<p>\u201cSi bien los resultados fueron evidentes e importantes, este camino reci\u00e9n comienza. Vamos a seguir trabajando fuertemente; es un cambio cultural y una cuesti\u00f3n de concientizaci\u00f3n y responsabilidad de toda la sociedad\u201d, expres\u00f3.<\/p>\n<p>Pidi\u00f3 a \u201ctodos aquellos que a\u00fan no han comprendido esto, que reflexionen\u201d, y record\u00f3 que el Poder Ejecutivo reglament\u00f3 recientemente la ley provincial de Pirotecnia. En ese sentido, pidi\u00f3 a los municipios que adhieran a la normativa para \u201chacer todos causa com\u00fan, defendiendo de la pirotecnia a los m\u00e1s peque\u00f1os, a los ancianos, a las personas con discapacidad y a las mascotas\u201d.<\/p>\n<p>\u201cLa provincia del Neuqu\u00e9n es de avanzada en esta tem\u00e1tica. Aqu\u00ed decimos y decidimos que queremos una provincia limpia y libre de pirotecnia, tambi\u00e9n de droga y alcohol; para as\u00ed afianzar el desarrollo social de la mano del desarrollo de la cultura, del deporte, la educaci\u00f3n, la salud, del trabajo, la producci\u00f3n y el turismo\u201d, sostuvo el gobernador.<\/p>\n<p>Agradeci\u00f3 tambi\u00e9n \u201ca todos los que dejaron de vender pirotecnia y dejaron de consumir pirotecnia\u201d y se\u00f1al\u00f3 que \u201cse avanz\u00f3 mucho pero hay mucho m\u00e1s por avanzar\u201d.<\/p>\n<p>En noviembre pasado, el gobernador firm\u00f3 el decreto de reglamentaci\u00f3n de la Ley 2833 de Pirotecnia, norma que proh\u00edbe en todo el territorio de la provincia la utilizaci\u00f3n, tenencia, acopio, exhibici\u00f3n, fabricaci\u00f3n y expendio al p\u00fablico de artificios de pirotecnia y coheter\u00eda, sean estos de venta libre o no y\/o de fabricaci\u00f3n autorizada.<\/p>\n<p>A trav\u00e9s del mismo, el Poder Ejecutivo establece que ser\u00e1 el ministerio de Ciudadan\u00eda el organismo competente para ejercer la autoridad de aplicaci\u00f3n de la Ley.<\/p>\n<p>Desde esa cartera, se indic\u00f3 que la pirotecnia \u201ces un eje fundamental en la agenda ministerial, ya que son m\u00faltiples y variados los agentes que se ven perjudicados a causa de la misma, mencionando entre ellos a los adultos mayores, enfermos card\u00edacos, personas con discapacidades cognitivas o neurol\u00f3gicas que no comprenden la causa de las explosiones, tales como S\u00edndrome de Down, Asperger, y otras, beb\u00e9s y ni\u00f1os con mayor sensibilidad auditiva, ni\u00f1os que padecen Trastornos del Espectro Autista y Trastornos Generalizados del Desarrollo (TEA y TGD), como as\u00ed tambi\u00e9n para los animales y el medio ambiente, a fin de lograr una mejor convivencia social\u201d.<\/p>\n<p>Fuente: Neuqu\u00e9n Informa<\/p>\n<\/div>\n<\/div>\n<\/div>\n<\/div>\n<\/div>\n","protected":false},"excerpt":{"rendered":"<p>Neuqu\u00e9n.-El gobernador destac\u00f3 la disminuci\u00f3n en el uso y venta de pirotecnia en las fiestas de fin de a\u00f1o. \u201cEsta [&hellip;]<\/p>\n","protected":false},"author":2,"featured_media":58244,"comment_status":"open","ping_status":"open","sticky":false,"template":"","format":"standard","meta":{"site-sidebar-layout":"default","site-content-layout":"","ast-site-content-layout":"default","site-content-style":"default","site-sidebar-style":"default","ast-global-header-display":"","ast-banner-title-visibility":"","ast-main-header-display":"","ast-hfb-above-header-display":"","ast-hfb-below-header-display":"","ast-hfb-mobile-header-display":"","site-post-title":"","ast-breadcrumbs-content":"","ast-featured-img":"","footer-sml-layout":"","ast-disable-related-posts":"","theme-transparent-header-meta":"","adv-header-id-meta":"","stick-header-meta":"","header-above-stick-meta":"","header-main-stick-meta":"","header-below-stick-meta":"","astra-migrate-meta-layouts":"default","ast-page-background-enabled":"default","ast-page-background-meta":{"desktop":{"background-color":"var(--ast-global-color-5)","background-image":"","background-repeat":"repeat","background-position":"center center","background-size":"auto","background-attachment":"scroll","background-type":"","background-media":"","overlay-type":"","overlay-color":"","overlay-opacity":"","overlay-gradient":""},"tablet":{"background-color":"","background-image":"","background-repeat":"repeat","background-position":"center center","background-size":"auto","background-attachment":"scroll","background-type":"","background-media":"","overlay-type":"","overlay-color":"","overlay-opacity":"","overlay-gradient":""},"mobile":{"background-color":"","background-image":"","background-repeat":"repeat","background-position":"center center","background-size":"auto","background-attachment":"scroll","background-type":"","background-media":"","overlay-type":"","overlay-color":"","overlay-opacity":"","overlay-gradient":""}},"ast-content-background-meta":{"desktop":{"background-color":"var(--ast-global-color-4)","background-image":"","background-repeat":"repeat","background-position":"center center","background-size":"auto","background-attachment":"scroll","background-type":"","background-media":"","overlay-type":"","overlay-color":"","overlay-opacity":"","overlay-gradient":""},"tablet":{"background-color":"var(--ast-global-color-4)","background-image":"","background-repeat":"repeat","background-position":"center center","background-size":"auto","background-attachment":"scroll","background-type":"","background-media":"","overlay-type":"","overlay-color":"","overlay-opacity":"","overlay-gradient":""},"mobile":{"background-color":"var(--ast-global-color-4)","background-image":"","background-repeat":"repeat","background-position":"center center","background-size":"auto","background-attachment":"scroll","background-type":"","background-media":"","overlay-type":"","overlay-color":"","overlay-opacity":"","overlay-gradient":""}},"footnotes":""},"categories":[18,1,13],"tags":[],"class_list":["post-58243","post","type-post","status-publish","format-standard","has-post-thumbnail","hentry","category-neuquen","category-noticias","category-provinciales"],"yoast_head":"<!-- This site is optimized with the Yoast SEO Premium plugin v23.0 (Yoast SEO v27.4) - https:\/\/yoast.com\/product\/yoast-seo-premium-wordpress\/ -->\n<title>Guti\u00e9rrez: \u201cEn un futuro cercano llegaremos a la pirotecnia cero en Neuqu\u00e9n\u201d<\/title>\n<meta name=\"robots\" content=\"index, follow, max-snippet:-1, max-image-preview:large, max-video-preview:-1\" \/>\n<link rel=\"canonical\" href=\"https:\/\/patagoniambiental.com.ar\/info\/gutierrez-en-un-futuro-cercano-llegaremos-a-la-pirotecnia-cero-en-neuquen\/\" \/>\n<meta property=\"og:locale\" content=\"es_ES\" \/>\n<meta property=\"og:type\" content=\"article\" \/>\n<meta property=\"og:title\" content=\"Guti\u00e9rrez: \u201cEn un futuro cercano llegaremos a la pirotecnia cero en Neuqu\u00e9n\u201d\" \/>\n<meta property=\"og:description\" content=\"Neuqu\u00e9n.-El gobernador destac\u00f3 la disminuci\u00f3n en el uso y venta de pirotecnia en las fiestas de fin de a\u00f1o. \u201cEsta [&hellip;]\" \/>\n<meta property=\"og:url\" content=\"https:\/\/patagoniambiental.com.ar\/info\/gutierrez-en-un-futuro-cercano-llegaremos-a-la-pirotecnia-cero-en-neuquen\/\" \/>\n<meta property=\"og:site_name\" content=\"Patagonia Ambiental\" \/>\n<meta property=\"article:publisher\" content=\"https:\/\/www.facebook.com\/patagonia.ambiental\" \/>\n<meta property=\"article:author\" content=\"https:\/\/www.facebook.com\/share\/1C1V8Gv9BX\/?mibextid=qi2Omg\" \/>\n<meta property=\"article:published_time\" content=\"2019-01-04T22:00:12+00:00\" \/>\n<meta property=\"og:image\" content=\"https:\/\/patagoniambiental.com.ar\/info\/wp-content\/uploads\/2019\/01\/Web...-Omar-Gutierrez-01.jpg\" \/>\n\t<meta property=\"og:image:width\" content=\"1024\" \/>\n\t<meta property=\"og:image:height\" content=\"506\" \/>\n\t<meta property=\"og:image:type\" content=\"image\/jpeg\" \/>\n<meta name=\"author\" content=\"Patagonia Ambiental\" \/>\n<meta name=\"twitter:card\" content=\"summary_large_image\" \/>\n<meta name=\"twitter:creator\" content=\"@PatAmb\" \/>\n<meta name=\"twitter:site\" content=\"@PatAmb\" \/>\n<script type=\"application\/ld+json\" class=\"yoast-schema-graph\">{\"@context\":\"https:\\\/\\\/schema.org\",\"@graph\":[{\"@type\":\"Article\",\"@id\":\"https:\\\/\\\/patagoniambiental.com.ar\\\/info\\\/gutierrez-en-un-futuro-cercano-llegaremos-a-la-pirotecnia-cero-en-neuquen\\\/#article\",\"isPartOf\":{\"@id\":\"https:\\\/\\\/patagoniambiental.com.ar\\\/info\\\/gutierrez-en-un-futuro-cercano-llegaremos-a-la-pirotecnia-cero-en-neuquen\\\/\"},\"author\":{\"name\":\"Patagonia Ambiental\",\"@id\":\"https:\\\/\\\/patagoniambiental.com.ar\\\/info\\\/#\\\/schema\\\/person\\\/db12bff64bbcbf6a253710bf0ea37b5d\"},\"headline\":\"Guti\u00e9rrez: \u201cEn un futuro cercano llegaremos a la pirotecnia cero en Neuqu\u00e9n\u201d\",\"datePublished\":\"2019-01-04T22:00:12+00:00\",\"mainEntityOfPage\":{\"@id\":\"https:\\\/\\\/patagoniambiental.com.ar\\\/info\\\/gutierrez-en-un-futuro-cercano-llegaremos-a-la-pirotecnia-cero-en-neuquen\\\/\"},\"wordCount\":511,\"commentCount\":0,\"publisher\":{\"@id\":\"https:\\\/\\\/patagoniambiental.com.ar\\\/info\\\/#organization\"},\"image\":{\"@id\":\"https:\\\/\\\/patagoniambiental.com.ar\\\/info\\\/gutierrez-en-un-futuro-cercano-llegaremos-a-la-pirotecnia-cero-en-neuquen\\\/#primaryimage\"},\"thumbnailUrl\":\"https:\\\/\\\/patagoniambiental.com.ar\\\/info\\\/wp-content\\\/uploads\\\/2019\\\/01\\\/Web...-Omar-Gutierrez-01.jpg\",\"articleSection\":[\"Neuqu\u00e9n\",\"Noticias\",\"Provinciales\"],\"inLanguage\":\"es\",\"potentialAction\":[{\"@type\":\"CommentAction\",\"name\":\"Comment\",\"target\":[\"https:\\\/\\\/patagoniambiental.com.ar\\\/info\\\/gutierrez-en-un-futuro-cercano-llegaremos-a-la-pirotecnia-cero-en-neuquen\\\/#respond\"]}]},{\"@type\":\"WebPage\",\"@id\":\"https:\\\/\\\/patagoniambiental.com.ar\\\/info\\\/gutierrez-en-un-futuro-cercano-llegaremos-a-la-pirotecnia-cero-en-neuquen\\\/\",\"url\":\"https:\\\/\\\/patagoniambiental.com.ar\\\/info\\\/gutierrez-en-un-futuro-cercano-llegaremos-a-la-pirotecnia-cero-en-neuquen\\\/\",\"name\":\"Guti\u00e9rrez: \u201cEn un futuro cercano llegaremos a la pirotecnia cero en Neuqu\u00e9n\u201d\",\"isPartOf\":{\"@id\":\"https:\\\/\\\/patagoniambiental.com.ar\\\/info\\\/#website\"},\"primaryImageOfPage\":{\"@id\":\"https:\\\/\\\/patagoniambiental.com.ar\\\/info\\\/gutierrez-en-un-futuro-cercano-llegaremos-a-la-pirotecnia-cero-en-neuquen\\\/#primaryimage\"},\"image\":{\"@id\":\"https:\\\/\\\/patagoniambiental.com.ar\\\/info\\\/gutierrez-en-un-futuro-cercano-llegaremos-a-la-pirotecnia-cero-en-neuquen\\\/#primaryimage\"},\"thumbnailUrl\":\"https:\\\/\\\/patagoniambiental.com.ar\\\/info\\\/wp-content\\\/uploads\\\/2019\\\/01\\\/Web...-Omar-Gutierrez-01.jpg\",\"datePublished\":\"2019-01-04T22:00:12+00:00\",\"breadcrumb\":{\"@id\":\"https:\\\/\\\/patagoniambiental.com.ar\\\/info\\\/gutierrez-en-un-futuro-cercano-llegaremos-a-la-pirotecnia-cero-en-neuquen\\\/#breadcrumb\"},\"inLanguage\":\"es\",\"potentialAction\":[{\"@type\":\"ReadAction\",\"target\":[\"https:\\\/\\\/patagoniambiental.com.ar\\\/info\\\/gutierrez-en-un-futuro-cercano-llegaremos-a-la-pirotecnia-cero-en-neuquen\\\/\"]}]},{\"@type\":\"ImageObject\",\"inLanguage\":\"es\",\"@id\":\"https:\\\/\\\/patagoniambiental.com.ar\\\/info\\\/gutierrez-en-un-futuro-cercano-llegaremos-a-la-pirotecnia-cero-en-neuquen\\\/#primaryimage\",\"url\":\"https:\\\/\\\/patagoniambiental.com.ar\\\/info\\\/wp-content\\\/uploads\\\/2019\\\/01\\\/Web...-Omar-Gutierrez-01.jpg\",\"contentUrl\":\"https:\\\/\\\/patagoniambiental.com.ar\\\/info\\\/wp-content\\\/uploads\\\/2019\\\/01\\\/Web...-Omar-Gutierrez-01.jpg\",\"width\":1024,\"height\":506},{\"@type\":\"BreadcrumbList\",\"@id\":\"https:\\\/\\\/patagoniambiental.com.ar\\\/info\\\/gutierrez-en-un-futuro-cercano-llegaremos-a-la-pirotecnia-cero-en-neuquen\\\/#breadcrumb\",\"itemListElement\":[{\"@type\":\"ListItem\",\"position\":1,\"name\":\"Inicio\",\"item\":\"https:\\\/\\\/patagoniambiental.com.ar\\\/info\\\/\"},{\"@type\":\"ListItem\",\"position\":2,\"name\":\"Guti\u00e9rrez: \u201cEn un futuro cercano llegaremos a la pirotecnia cero en Neuqu\u00e9n\u201d\"}]},{\"@type\":\"WebSite\",\"@id\":\"https:\\\/\\\/patagoniambiental.com.ar\\\/info\\\/#website\",\"url\":\"https:\\\/\\\/patagoniambiental.com.ar\\\/info\\\/\",\"name\":\"Patagonia Ambiental\",\"description\":\"Monitoreo y an\u00e1lisis de la situaci\u00f3n geopol\u00edtica en el mundo y su implicancia en la Patagonia\",\"publisher\":{\"@id\":\"https:\\\/\\\/patagoniambiental.com.ar\\\/info\\\/#organization\"},\"potentialAction\":[{\"@type\":\"SearchAction\",\"target\":{\"@type\":\"EntryPoint\",\"urlTemplate\":\"https:\\\/\\\/patagoniambiental.com.ar\\\/info\\\/?s={search_term_string}\"},\"query-input\":{\"@type\":\"PropertyValueSpecification\",\"valueRequired\":true,\"valueName\":\"search_term_string\"}}],\"inLanguage\":\"es\"},{\"@type\":\"Organization\",\"@id\":\"https:\\\/\\\/patagoniambiental.com.ar\\\/info\\\/#organization\",\"name\":\"Patagonia Ambiental\",\"url\":\"https:\\\/\\\/patagoniambiental.com.ar\\\/info\\\/\",\"logo\":{\"@type\":\"ImageObject\",\"inLanguage\":\"es\",\"@id\":\"https:\\\/\\\/patagoniambiental.com.ar\\\/info\\\/#\\\/schema\\\/logo\\\/image\\\/\",\"url\":\"https:\\\/\\\/patagoniambiental.com.ar\\\/info\\\/wp-content\\\/uploads\\\/2025\\\/05\\\/LOGO-PATAGONIA-AMBIENTAL.png\",\"contentUrl\":\"https:\\\/\\\/patagoniambiental.com.ar\\\/info\\\/wp-content\\\/uploads\\\/2025\\\/05\\\/LOGO-PATAGONIA-AMBIENTAL.png\",\"width\":433,\"height\":250,\"caption\":\"Patagonia Ambiental\"},\"image\":{\"@id\":\"https:\\\/\\\/patagoniambiental.com.ar\\\/info\\\/#\\\/schema\\\/logo\\\/image\\\/\"},\"sameAs\":[\"https:\\\/\\\/www.facebook.com\\\/patagonia.ambiental\",\"https:\\\/\\\/x.com\\\/PatAmb\"]},{\"@type\":\"Person\",\"@id\":\"https:\\\/\\\/patagoniambiental.com.ar\\\/info\\\/#\\\/schema\\\/person\\\/db12bff64bbcbf6a253710bf0ea37b5d\",\"name\":\"Patagonia Ambiental\",\"description\":\"Andr\u00e9s Nievas T\u00e9cnico en manejo ambiental, consultor Ambiental y escritor para medios locales e internacionales sobre temas de geopolitica y medio ambiente.\",\"sameAs\":[\"http:\\\/\\\/www.patagoniambiental.com.ar\",\"https:\\\/\\\/www.facebook.com\\\/share\\\/1C1V8Gv9BX\\\/?mibextid=qi2Omg\",\"@patagoniambiental\",\"https:\\\/\\\/youtube.com\\\/@patagoniaambiental2023?si=BLt58t0wuXquxlYZ\"]}]}<\/script>\n<!-- \/ Yoast SEO Premium plugin. -->","yoast_head_json":{"title":"Guti\u00e9rrez: \u201cEn un futuro cercano llegaremos a la pirotecnia cero en Neuqu\u00e9n\u201d","robots":{"index":"index","follow":"follow","max-snippet":"max-snippet:-1","max-image-preview":"max-image-preview:large","max-video-preview":"max-video-preview:-1"},"canonical":"https:\/\/patagoniambiental.com.ar\/info\/gutierrez-en-un-futuro-cercano-llegaremos-a-la-pirotecnia-cero-en-neuquen\/","og_locale":"es_ES","og_type":"article","og_title":"Guti\u00e9rrez: \u201cEn un futuro cercano llegaremos a la pirotecnia cero en Neuqu\u00e9n\u201d","og_description":"Neuqu\u00e9n.-El gobernador destac\u00f3 la disminuci\u00f3n en el uso y venta de pirotecnia en las fiestas de fin de a\u00f1o. \u201cEsta [&hellip;]","og_url":"https:\/\/patagoniambiental.com.ar\/info\/gutierrez-en-un-futuro-cercano-llegaremos-a-la-pirotecnia-cero-en-neuquen\/","og_site_name":"Patagonia Ambiental","article_publisher":"https:\/\/www.facebook.com\/patagonia.ambiental","article_author":"https:\/\/www.facebook.com\/share\/1C1V8Gv9BX\/?mibextid=qi2Omg","article_published_time":"2019-01-04T22:00:12+00:00","og_image":[{"width":1024,"height":506,"url":"https:\/\/patagoniambiental.com.ar\/info\/wp-content\/uploads\/2019\/01\/Web...-Omar-Gutierrez-01.jpg","type":"image\/jpeg"}],"author":"Patagonia Ambiental","twitter_card":"summary_large_image","twitter_creator":"@PatAmb","twitter_site":"@PatAmb","schema":{"@context":"https:\/\/schema.org","@graph":[{"@type":"Article","@id":"https:\/\/patagoniambiental.com.ar\/info\/gutierrez-en-un-futuro-cercano-llegaremos-a-la-pirotecnia-cero-en-neuquen\/#article","isPartOf":{"@id":"https:\/\/patagoniambiental.com.ar\/info\/gutierrez-en-un-futuro-cercano-llegaremos-a-la-pirotecnia-cero-en-neuquen\/"},"author":{"name":"Patagonia Ambiental","@id":"https:\/\/patagoniambiental.com.ar\/info\/#\/schema\/person\/db12bff64bbcbf6a253710bf0ea37b5d"},"headline":"Guti\u00e9rrez: \u201cEn un futuro cercano llegaremos a la pirotecnia cero en Neuqu\u00e9n\u201d","datePublished":"2019-01-04T22:00:12+00:00","mainEntityOfPage":{"@id":"https:\/\/patagoniambiental.com.ar\/info\/gutierrez-en-un-futuro-cercano-llegaremos-a-la-pirotecnia-cero-en-neuquen\/"},"wordCount":511,"commentCount":0,"publisher":{"@id":"https:\/\/patagoniambiental.com.ar\/info\/#organization"},"image":{"@id":"https:\/\/patagoniambiental.com.ar\/info\/gutierrez-en-un-futuro-cercano-llegaremos-a-la-pirotecnia-cero-en-neuquen\/#primaryimage"},"thumbnailUrl":"https:\/\/patagoniambiental.com.ar\/info\/wp-content\/uploads\/2019\/01\/Web...-Omar-Gutierrez-01.jpg","articleSection":["Neuqu\u00e9n","Noticias","Provinciales"],"inLanguage":"es","potentialAction":[{"@type":"CommentAction","name":"Comment","target":["https:\/\/patagoniambiental.com.ar\/info\/gutierrez-en-un-futuro-cercano-llegaremos-a-la-pirotecnia-cero-en-neuquen\/#respond"]}]},{"@type":"WebPage","@id":"https:\/\/patagoniambiental.com.ar\/info\/gutierrez-en-un-futuro-cercano-llegaremos-a-la-pirotecnia-cero-en-neuquen\/","url":"https:\/\/patagoniambiental.com.ar\/info\/gutierrez-en-un-futuro-cercano-llegaremos-a-la-pirotecnia-cero-en-neuquen\/","name":"Guti\u00e9rrez: \u201cEn un futuro cercano llegaremos a la pirotecnia cero en Neuqu\u00e9n\u201d","isPartOf":{"@id":"https:\/\/patagoniambiental.com.ar\/info\/#website"},"primaryImageOfPage":{"@id":"https:\/\/patagoniambiental.com.ar\/info\/gutierrez-en-un-futuro-cercano-llegaremos-a-la-pirotecnia-cero-en-neuquen\/#primaryimage"},"image":{"@id":"https:\/\/patagoniambiental.com.ar\/info\/gutierrez-en-un-futuro-cercano-llegaremos-a-la-pirotecnia-cero-en-neuquen\/#primaryimage"},"thumbnailUrl":"https:\/\/patagoniambiental.com.ar\/info\/wp-content\/uploads\/2019\/01\/Web...-Omar-Gutierrez-01.jpg","datePublished":"2019-01-04T22:00:12+00:00","breadcrumb":{"@id":"https:\/\/patagoniambiental.com.ar\/info\/gutierrez-en-un-futuro-cercano-llegaremos-a-la-pirotecnia-cero-en-neuquen\/#breadcrumb"},"inLanguage":"es","potentialAction":[{"@type":"ReadAction","target":["https:\/\/patagoniambiental.com.ar\/info\/gutierrez-en-un-futuro-cercano-llegaremos-a-la-pirotecnia-cero-en-neuquen\/"]}]},{"@type":"ImageObject","inLanguage":"es","@id":"https:\/\/patagoniambiental.com.ar\/info\/gutierrez-en-un-futuro-cercano-llegaremos-a-la-pirotecnia-cero-en-neuquen\/#primaryimage","url":"https:\/\/patagoniambiental.com.ar\/info\/wp-content\/uploads\/2019\/01\/Web...-Omar-Gutierrez-01.jpg","contentUrl":"https:\/\/patagoniambiental.com.ar\/info\/wp-content\/uploads\/2019\/01\/Web...-Omar-Gutierrez-01.jpg","width":1024,"height":506},{"@type":"BreadcrumbList","@id":"https:\/\/patagoniambiental.com.ar\/info\/gutierrez-en-un-futuro-cercano-llegaremos-a-la-pirotecnia-cero-en-neuquen\/#breadcrumb","itemListElement":[{"@type":"ListItem","position":1,"name":"Inicio","item":"https:\/\/patagoniambiental.com.ar\/info\/"},{"@type":"ListItem","position":2,"name":"Guti\u00e9rrez: \u201cEn un futuro cercano llegaremos a la pirotecnia cero en Neuqu\u00e9n\u201d"}]},{"@type":"WebSite","@id":"https:\/\/patagoniambiental.com.ar\/info\/#website","url":"https:\/\/patagoniambiental.com.ar\/info\/","name":"Patagonia Ambiental","description":"Monitoreo y an\u00e1lisis de la situaci\u00f3n geopol\u00edtica en el mundo y su implicancia en la Patagonia","publisher":{"@id":"https:\/\/patagoniambiental.com.ar\/info\/#organization"},"potentialAction":[{"@type":"SearchAction","target":{"@type":"EntryPoint","urlTemplate":"https:\/\/patagoniambiental.com.ar\/info\/?s={search_term_string}"},"query-input":{"@type":"PropertyValueSpecification","valueRequired":true,"valueName":"search_term_string"}}],"inLanguage":"es"},{"@type":"Organization","@id":"https:\/\/patagoniambiental.com.ar\/info\/#organization","name":"Patagonia Ambiental","url":"https:\/\/patagoniambiental.com.ar\/info\/","logo":{"@type":"ImageObject","inLanguage":"es","@id":"https:\/\/patagoniambiental.com.ar\/info\/#\/schema\/logo\/image\/","url":"https:\/\/patagoniambiental.com.ar\/info\/wp-content\/uploads\/2025\/05\/LOGO-PATAGONIA-AMBIENTAL.png","contentUrl":"https:\/\/patagoniambiental.com.ar\/info\/wp-content\/uploads\/2025\/05\/LOGO-PATAGONIA-AMBIENTAL.png","width":433,"height":250,"caption":"Patagonia Ambiental"},"image":{"@id":"https:\/\/patagoniambiental.com.ar\/info\/#\/schema\/logo\/image\/"},"sameAs":["https:\/\/www.facebook.com\/patagonia.ambiental","https:\/\/x.com\/PatAmb"]},{"@type":"Person","@id":"https:\/\/patagoniambiental.com.ar\/info\/#\/schema\/person\/db12bff64bbcbf6a253710bf0ea37b5d","name":"Patagonia Ambiental","description":"Andr\u00e9s Nievas T\u00e9cnico en manejo ambiental, consultor Ambiental y escritor para medios locales e internacionales sobre temas de geopolitica y medio ambiente.","sameAs":["http:\/\/www.patagoniambiental.com.ar","https:\/\/www.facebook.com\/share\/1C1V8Gv9BX\/?mibextid=qi2Omg","@patagoniambiental","https:\/\/youtube.com\/@patagoniaambiental2023?si=BLt58t0wuXquxlYZ"]}]}},"_links":{"self":[{"href":"https:\/\/patagoniambiental.com.ar\/info\/wp-json\/wp\/v2\/posts\/58243","targetHints":{"allow":["GET"]}}],"collection":[{"href":"https:\/\/patagoniambiental.com.ar\/info\/wp-json\/wp\/v2\/posts"}],"about":[{"href":"https:\/\/patagoniambiental.com.ar\/info\/wp-json\/wp\/v2\/types\/post"}],"author":[{"embeddable":true,"href":"https:\/\/patagoniambiental.com.ar\/info\/wp-json\/wp\/v2\/users\/2"}],"replies":[{"embeddable":true,"href":"https:\/\/patagoniambiental.com.ar\/info\/wp-json\/wp\/v2\/comments?post=58243"}],"version-history":[{"count":0,"href":"https:\/\/patagoniambiental.com.ar\/info\/wp-json\/wp\/v2\/posts\/58243\/revisions"}],"wp:featuredmedia":[{"embeddable":true,"href":"https:\/\/patagoniambiental.com.ar\/info\/wp-json\/wp\/v2\/media\/58244"}],"wp:attachment":[{"href":"https:\/\/patagoniambiental.com.ar\/info\/wp-json\/wp\/v2\/media?parent=58243"}],"wp:term":[{"taxonomy":"category","embeddable":true,"href":"https:\/\/patagoniambiental.com.ar\/info\/wp-json\/wp\/v2\/categories?post=58243"},{"taxonomy":"post_tag","embeddable":true,"href":"https:\/\/patagoniambiental.com.ar\/info\/wp-json\/wp\/v2\/tags?post=58243"}],"curies":[{"name":"wp","href":"https:\/\/api.w.org\/{rel}","templated":true}]}}