{"id":58271,"date":"2019-01-07T19:00:31","date_gmt":"2019-01-07T22:00:31","guid":{"rendered":"http:\/\/patagoniambiental.com.ar\/info\/?p=58271"},"modified":"2019-01-07T13:37:43","modified_gmt":"2019-01-07T16:37:43","slug":"las-grutas-desborde-cloacal-en-la-tercera-bajada-correspondio-a-una-conexion-particular","status":"publish","type":"post","link":"https:\/\/patagoniambiental.com.ar\/info\/las-grutas-desborde-cloacal-en-la-tercera-bajada-correspondio-a-una-conexion-particular\/","title":{"rendered":"Las Grutas: desborde cloacal en la tercera bajada correspondi\u00f3 a una conexi\u00f3n particular"},"content":{"rendered":"<div>Las Grutas.-Aguas Rionegrinas explic\u00f3 que la situaci\u00f3n se dio por la desconexi\u00f3n de una ca\u00f1er\u00eda interna, perteneciente a un local de la zona.<\/div>\n<p><!--more--><\/p>\n<div id=\"x_cuerpo\">\n<p>La empresa estatal Aguas Rionegrinas aclar\u00f3 que el desborde cloacal registrado el s\u00e1bado por la tarde en la tercera bajada de Las Grutas fue el resultado de la desconexi\u00f3n de una ca\u00f1er\u00eda interna, perteneciente a uno de los locales que se encuentran en el sector.<\/p>\n<p>En esa zona, son cuatro los locales comerciales (el parador, equipos de buceo, ba\u00f1o p\u00fablico y las instalaciones de Prefectura Naval) que al estar m\u00e1s abajo del nivel de la red cloacal, poseen cada una de las instalaciones un bombeo propio. Esto permite enviar los l\u00edquidos cloacales hacia un c\u00e1mara interna y, desde all\u00ed y por gravedad, a la red, responsabilidad de ARSA.<\/p>\n<p>Luego de inspeccionar las instalaciones, personal de la firma estatal pudo comprobar que el problema se origin\u00f3 por la desconexi\u00f3n de una de estas ca\u00f1er\u00edas internas a la c\u00e1mara mencionada, produciendo en consecuencia el desborde cloacal.<\/p>\n<p>En el marco de las tareas que se realizan durante el a\u00f1o, en pos de la temporada estival, Aguas Rionegrinas realiz\u00f3 el reemplazo de m\u00e1s de 100 metros de ca\u00f1er\u00eda de PVC en la tercera bajada. En esa oportunidad, se recambio la ca\u00f1er\u00eda cloaclal sobre calle Viedma, entre Intendente Breciano e Ingeniero Jacobacci, a fin de evitar complicaciones en el sistema.<\/p>\n<p>Por \u00faltimo, se recuerda a los vecinos la importancia de verificar las instalaciones domiciliarias internas, tanto en lo que refiere a las conexiones, ca\u00f1er\u00edas de agua y cloacas.<\/p>\n<\/div>\n<p>&nbsp;<\/p>\n<p>Fuente:<br \/>\n&#8212;&#8212;&#8212;&#8212;&#8212;-<br \/>\nGOBIERNO DE R\u00cdO NEGRO<br \/>\nSecretar\u00eda de Medios<\/p>\n","protected":false},"excerpt":{"rendered":"<p>Las Grutas.-Aguas Rionegrinas explic\u00f3 que la situaci\u00f3n se dio por la desconexi\u00f3n de una ca\u00f1er\u00eda interna, perteneciente a un local [&hellip;]<\/p>\n","protected":false},"author":2,"featured_media":58272,"comment_status":"open","ping_status":"open","sticky":false,"template":"","format":"standard","meta":{"site-sidebar-layout":"default","site-content-layout":"","ast-site-content-layout":"default","site-content-style":"default","site-sidebar-style":"default","ast-global-header-display":"","ast-banner-title-visibility":"","ast-main-header-display":"","ast-hfb-above-header-display":"","ast-hfb-below-header-display":"","ast-hfb-mobile-header-display":"","site-post-title":"","ast-breadcrumbs-content":"","ast-featured-img":"","footer-sml-layout":"","ast-disable-related-posts":"","theme-transparent-header-meta":"","adv-header-id-meta":"","stick-header-meta":"","header-above-stick-meta":"","header-main-stick-meta":"","header-below-stick-meta":"","astra-migrate-meta-layouts":"default","ast-page-background-enabled":"default","ast-page-background-meta":{"desktop":{"background-color":"var(--ast-global-color-5)","background-image":"","background-repeat":"repeat","background-position":"center center","background-size":"auto","background-attachment":"scroll","background-type":"","background-media":"","overlay-type":"","overlay-color":"","overlay-opacity":"","overlay-gradient":""},"tablet":{"background-color":"","background-image":"","background-repeat":"repeat","background-position":"center center","background-size":"auto","background-attachment":"scroll","background-type":"","background-media":"","overlay-type":"","overlay-color":"","overlay-opacity":"","overlay-gradient":""},"mobile":{"background-color":"","background-image":"","background-repeat":"repeat","background-position":"center center","background-size":"auto","background-attachment":"scroll","background-type":"","background-media":"","overlay-type":"","overlay-color":"","overlay-opacity":"","overlay-gradient":""}},"ast-content-background-meta":{"desktop":{"background-color":"var(--ast-global-color-4)","background-image":"","background-repeat":"repeat","background-position":"center center","background-size":"auto","background-attachment":"scroll","background-type":"","background-media":"","overlay-type":"","overlay-color":"","overlay-opacity":"","overlay-gradient":""},"tablet":{"background-color":"var(--ast-global-color-4)","background-image":"","background-repeat":"repeat","background-position":"center center","background-size":"auto","background-attachment":"scroll","background-type":"","background-media":"","overlay-type":"","overlay-color":"","overlay-opacity":"","overlay-gradient":""},"mobile":{"background-color":"var(--ast-global-color-4)","background-image":"","background-repeat":"repeat","background-position":"center center","background-size":"auto","background-attachment":"scroll","background-type":"","background-media":"","overlay-type":"","overlay-color":"","overlay-opacity":"","overlay-gradient":""}},"footnotes":""},"categories":[1,13,14],"tags":[],"class_list":["post-58271","post","type-post","status-publish","format-standard","has-post-thumbnail","hentry","category-noticias","category-provinciales","category-rio-negro"],"yoast_head":"<!-- This site is optimized with the Yoast SEO Premium plugin v23.0 (Yoast SEO v27.4) - https:\/\/yoast.com\/product\/yoast-seo-premium-wordpress\/ -->\n<title>Las Grutas: desborde cloacal en la tercera bajada correspondi\u00f3 a una conexi\u00f3n particular<\/title>\n<meta name=\"robots\" content=\"index, follow, max-snippet:-1, max-image-preview:large, max-video-preview:-1\" \/>\n<link rel=\"canonical\" href=\"https:\/\/patagoniambiental.com.ar\/info\/las-grutas-desborde-cloacal-en-la-tercera-bajada-correspondio-a-una-conexion-particular\/\" \/>\n<meta property=\"og:locale\" content=\"es_ES\" \/>\n<meta property=\"og:type\" content=\"article\" \/>\n<meta property=\"og:title\" content=\"Las Grutas: desborde cloacal en la tercera bajada correspondi\u00f3 a una conexi\u00f3n particular\" \/>\n<meta property=\"og:description\" content=\"Las Grutas.-Aguas Rionegrinas explic\u00f3 que la situaci\u00f3n se dio por la desconexi\u00f3n de una ca\u00f1er\u00eda interna, perteneciente a un local [&hellip;]\" \/>\n<meta property=\"og:url\" content=\"https:\/\/patagoniambiental.com.ar\/info\/las-grutas-desborde-cloacal-en-la-tercera-bajada-correspondio-a-una-conexion-particular\/\" \/>\n<meta property=\"og:site_name\" content=\"Patagonia Ambiental\" \/>\n<meta property=\"article:publisher\" content=\"https:\/\/www.facebook.com\/patagonia.ambiental\" \/>\n<meta property=\"article:author\" content=\"https:\/\/www.facebook.com\/share\/1C1V8Gv9BX\/?mibextid=qi2Omg\" \/>\n<meta property=\"article:published_time\" content=\"2019-01-07T22:00:31+00:00\" \/>\n<meta property=\"og:image\" content=\"https:\/\/patagoniambiental.com.ar\/info\/wp-content\/uploads\/2019\/01\/00039725.jpg\" \/>\n\t<meta property=\"og:image:width\" content=\"924\" \/>\n\t<meta property=\"og:image:height\" content=\"616\" \/>\n\t<meta property=\"og:image:type\" content=\"image\/jpeg\" \/>\n<meta name=\"author\" content=\"Patagonia Ambiental\" \/>\n<meta name=\"twitter:card\" content=\"summary_large_image\" \/>\n<meta name=\"twitter:creator\" content=\"@PatAmb\" \/>\n<meta name=\"twitter:site\" content=\"@PatAmb\" \/>\n<script type=\"application\/ld+json\" class=\"yoast-schema-graph\">{\"@context\":\"https:\\\/\\\/schema.org\",\"@graph\":[{\"@type\":\"Article\",\"@id\":\"https:\\\/\\\/patagoniambiental.com.ar\\\/info\\\/las-grutas-desborde-cloacal-en-la-tercera-bajada-correspondio-a-una-conexion-particular\\\/#article\",\"isPartOf\":{\"@id\":\"https:\\\/\\\/patagoniambiental.com.ar\\\/info\\\/las-grutas-desborde-cloacal-en-la-tercera-bajada-correspondio-a-una-conexion-particular\\\/\"},\"author\":{\"name\":\"Patagonia Ambiental\",\"@id\":\"https:\\\/\\\/patagoniambiental.com.ar\\\/info\\\/#\\\/schema\\\/person\\\/db12bff64bbcbf6a253710bf0ea37b5d\"},\"headline\":\"Las Grutas: desborde cloacal en la tercera bajada correspondi\u00f3 a una conexi\u00f3n particular\",\"datePublished\":\"2019-01-07T22:00:31+00:00\",\"mainEntityOfPage\":{\"@id\":\"https:\\\/\\\/patagoniambiental.com.ar\\\/info\\\/las-grutas-desborde-cloacal-en-la-tercera-bajada-correspondio-a-una-conexion-particular\\\/\"},\"wordCount\":307,\"commentCount\":0,\"publisher\":{\"@id\":\"https:\\\/\\\/patagoniambiental.com.ar\\\/info\\\/#organization\"},\"image\":{\"@id\":\"https:\\\/\\\/patagoniambiental.com.ar\\\/info\\\/las-grutas-desborde-cloacal-en-la-tercera-bajada-correspondio-a-una-conexion-particular\\\/#primaryimage\"},\"thumbnailUrl\":\"https:\\\/\\\/patagoniambiental.com.ar\\\/info\\\/wp-content\\\/uploads\\\/2019\\\/01\\\/00039725.jpg\",\"articleSection\":[\"Noticias\",\"Provinciales\",\"R\u00edo Negro\"],\"inLanguage\":\"es\",\"potentialAction\":[{\"@type\":\"CommentAction\",\"name\":\"Comment\",\"target\":[\"https:\\\/\\\/patagoniambiental.com.ar\\\/info\\\/las-grutas-desborde-cloacal-en-la-tercera-bajada-correspondio-a-una-conexion-particular\\\/#respond\"]}]},{\"@type\":\"WebPage\",\"@id\":\"https:\\\/\\\/patagoniambiental.com.ar\\\/info\\\/las-grutas-desborde-cloacal-en-la-tercera-bajada-correspondio-a-una-conexion-particular\\\/\",\"url\":\"https:\\\/\\\/patagoniambiental.com.ar\\\/info\\\/las-grutas-desborde-cloacal-en-la-tercera-bajada-correspondio-a-una-conexion-particular\\\/\",\"name\":\"Las Grutas: desborde cloacal en la tercera bajada correspondi\u00f3 a una conexi\u00f3n particular\",\"isPartOf\":{\"@id\":\"https:\\\/\\\/patagoniambiental.com.ar\\\/info\\\/#website\"},\"primaryImageOfPage\":{\"@id\":\"https:\\\/\\\/patagoniambiental.com.ar\\\/info\\\/las-grutas-desborde-cloacal-en-la-tercera-bajada-correspondio-a-una-conexion-particular\\\/#primaryimage\"},\"image\":{\"@id\":\"https:\\\/\\\/patagoniambiental.com.ar\\\/info\\\/las-grutas-desborde-cloacal-en-la-tercera-bajada-correspondio-a-una-conexion-particular\\\/#primaryimage\"},\"thumbnailUrl\":\"https:\\\/\\\/patagoniambiental.com.ar\\\/info\\\/wp-content\\\/uploads\\\/2019\\\/01\\\/00039725.jpg\",\"datePublished\":\"2019-01-07T22:00:31+00:00\",\"breadcrumb\":{\"@id\":\"https:\\\/\\\/patagoniambiental.com.ar\\\/info\\\/las-grutas-desborde-cloacal-en-la-tercera-bajada-correspondio-a-una-conexion-particular\\\/#breadcrumb\"},\"inLanguage\":\"es\",\"potentialAction\":[{\"@type\":\"ReadAction\",\"target\":[\"https:\\\/\\\/patagoniambiental.com.ar\\\/info\\\/las-grutas-desborde-cloacal-en-la-tercera-bajada-correspondio-a-una-conexion-particular\\\/\"]}]},{\"@type\":\"ImageObject\",\"inLanguage\":\"es\",\"@id\":\"https:\\\/\\\/patagoniambiental.com.ar\\\/info\\\/las-grutas-desborde-cloacal-en-la-tercera-bajada-correspondio-a-una-conexion-particular\\\/#primaryimage\",\"url\":\"https:\\\/\\\/patagoniambiental.com.ar\\\/info\\\/wp-content\\\/uploads\\\/2019\\\/01\\\/00039725.jpg\",\"contentUrl\":\"https:\\\/\\\/patagoniambiental.com.ar\\\/info\\\/wp-content\\\/uploads\\\/2019\\\/01\\\/00039725.jpg\",\"width\":900,\"height\":600},{\"@type\":\"BreadcrumbList\",\"@id\":\"https:\\\/\\\/patagoniambiental.com.ar\\\/info\\\/las-grutas-desborde-cloacal-en-la-tercera-bajada-correspondio-a-una-conexion-particular\\\/#breadcrumb\",\"itemListElement\":[{\"@type\":\"ListItem\",\"position\":1,\"name\":\"Inicio\",\"item\":\"https:\\\/\\\/patagoniambiental.com.ar\\\/info\\\/\"},{\"@type\":\"ListItem\",\"position\":2,\"name\":\"Las Grutas: desborde cloacal en la tercera bajada correspondi\u00f3 a una conexi\u00f3n particular\"}]},{\"@type\":\"WebSite\",\"@id\":\"https:\\\/\\\/patagoniambiental.com.ar\\\/info\\\/#website\",\"url\":\"https:\\\/\\\/patagoniambiental.com.ar\\\/info\\\/\",\"name\":\"Patagonia Ambiental\",\"description\":\"Monitoreo y an\u00e1lisis de la situaci\u00f3n geopol\u00edtica en el mundo y su implicancia en la Patagonia\",\"publisher\":{\"@id\":\"https:\\\/\\\/patagoniambiental.com.ar\\\/info\\\/#organization\"},\"potentialAction\":[{\"@type\":\"SearchAction\",\"target\":{\"@type\":\"EntryPoint\",\"urlTemplate\":\"https:\\\/\\\/patagoniambiental.com.ar\\\/info\\\/?s={search_term_string}\"},\"query-input\":{\"@type\":\"PropertyValueSpecification\",\"valueRequired\":true,\"valueName\":\"search_term_string\"}}],\"inLanguage\":\"es\"},{\"@type\":\"Organization\",\"@id\":\"https:\\\/\\\/patagoniambiental.com.ar\\\/info\\\/#organization\",\"name\":\"Patagonia Ambiental\",\"url\":\"https:\\\/\\\/patagoniambiental.com.ar\\\/info\\\/\",\"logo\":{\"@type\":\"ImageObject\",\"inLanguage\":\"es\",\"@id\":\"https:\\\/\\\/patagoniambiental.com.ar\\\/info\\\/#\\\/schema\\\/logo\\\/image\\\/\",\"url\":\"https:\\\/\\\/patagoniambiental.com.ar\\\/info\\\/wp-content\\\/uploads\\\/2025\\\/05\\\/LOGO-PATAGONIA-AMBIENTAL.png\",\"contentUrl\":\"https:\\\/\\\/patagoniambiental.com.ar\\\/info\\\/wp-content\\\/uploads\\\/2025\\\/05\\\/LOGO-PATAGONIA-AMBIENTAL.png\",\"width\":433,\"height\":250,\"caption\":\"Patagonia Ambiental\"},\"image\":{\"@id\":\"https:\\\/\\\/patagoniambiental.com.ar\\\/info\\\/#\\\/schema\\\/logo\\\/image\\\/\"},\"sameAs\":[\"https:\\\/\\\/www.facebook.com\\\/patagonia.ambiental\",\"https:\\\/\\\/x.com\\\/PatAmb\"]},{\"@type\":\"Person\",\"@id\":\"https:\\\/\\\/patagoniambiental.com.ar\\\/info\\\/#\\\/schema\\\/person\\\/db12bff64bbcbf6a253710bf0ea37b5d\",\"name\":\"Patagonia Ambiental\",\"description\":\"Andr\u00e9s Nievas T\u00e9cnico en manejo ambiental, consultor Ambiental y escritor para medios locales e internacionales sobre temas de geopolitica y medio ambiente.\",\"sameAs\":[\"http:\\\/\\\/www.patagoniambiental.com.ar\",\"https:\\\/\\\/www.facebook.com\\\/share\\\/1C1V8Gv9BX\\\/?mibextid=qi2Omg\",\"@patagoniambiental\",\"https:\\\/\\\/youtube.com\\\/@patagoniaambiental2023?si=BLt58t0wuXquxlYZ\"]}]}<\/script>\n<!-- \/ Yoast SEO Premium plugin. -->","yoast_head_json":{"title":"Las Grutas: desborde cloacal en la tercera bajada correspondi\u00f3 a una conexi\u00f3n particular","robots":{"index":"index","follow":"follow","max-snippet":"max-snippet:-1","max-image-preview":"max-image-preview:large","max-video-preview":"max-video-preview:-1"},"canonical":"https:\/\/patagoniambiental.com.ar\/info\/las-grutas-desborde-cloacal-en-la-tercera-bajada-correspondio-a-una-conexion-particular\/","og_locale":"es_ES","og_type":"article","og_title":"Las Grutas: desborde cloacal en la tercera bajada correspondi\u00f3 a una conexi\u00f3n particular","og_description":"Las Grutas.-Aguas Rionegrinas explic\u00f3 que la situaci\u00f3n se dio por la desconexi\u00f3n de una ca\u00f1er\u00eda interna, perteneciente a un local [&hellip;]","og_url":"https:\/\/patagoniambiental.com.ar\/info\/las-grutas-desborde-cloacal-en-la-tercera-bajada-correspondio-a-una-conexion-particular\/","og_site_name":"Patagonia Ambiental","article_publisher":"https:\/\/www.facebook.com\/patagonia.ambiental","article_author":"https:\/\/www.facebook.com\/share\/1C1V8Gv9BX\/?mibextid=qi2Omg","article_published_time":"2019-01-07T22:00:31+00:00","og_image":[{"width":924,"height":616,"url":"https:\/\/patagoniambiental.com.ar\/info\/wp-content\/uploads\/2019\/01\/00039725.jpg","type":"image\/jpeg"}],"author":"Patagonia Ambiental","twitter_card":"summary_large_image","twitter_creator":"@PatAmb","twitter_site":"@PatAmb","schema":{"@context":"https:\/\/schema.org","@graph":[{"@type":"Article","@id":"https:\/\/patagoniambiental.com.ar\/info\/las-grutas-desborde-cloacal-en-la-tercera-bajada-correspondio-a-una-conexion-particular\/#article","isPartOf":{"@id":"https:\/\/patagoniambiental.com.ar\/info\/las-grutas-desborde-cloacal-en-la-tercera-bajada-correspondio-a-una-conexion-particular\/"},"author":{"name":"Patagonia Ambiental","@id":"https:\/\/patagoniambiental.com.ar\/info\/#\/schema\/person\/db12bff64bbcbf6a253710bf0ea37b5d"},"headline":"Las Grutas: desborde cloacal en la tercera bajada correspondi\u00f3 a una conexi\u00f3n particular","datePublished":"2019-01-07T22:00:31+00:00","mainEntityOfPage":{"@id":"https:\/\/patagoniambiental.com.ar\/info\/las-grutas-desborde-cloacal-en-la-tercera-bajada-correspondio-a-una-conexion-particular\/"},"wordCount":307,"commentCount":0,"publisher":{"@id":"https:\/\/patagoniambiental.com.ar\/info\/#organization"},"image":{"@id":"https:\/\/patagoniambiental.com.ar\/info\/las-grutas-desborde-cloacal-en-la-tercera-bajada-correspondio-a-una-conexion-particular\/#primaryimage"},"thumbnailUrl":"https:\/\/patagoniambiental.com.ar\/info\/wp-content\/uploads\/2019\/01\/00039725.jpg","articleSection":["Noticias","Provinciales","R\u00edo Negro"],"inLanguage":"es","potentialAction":[{"@type":"CommentAction","name":"Comment","target":["https:\/\/patagoniambiental.com.ar\/info\/las-grutas-desborde-cloacal-en-la-tercera-bajada-correspondio-a-una-conexion-particular\/#respond"]}]},{"@type":"WebPage","@id":"https:\/\/patagoniambiental.com.ar\/info\/las-grutas-desborde-cloacal-en-la-tercera-bajada-correspondio-a-una-conexion-particular\/","url":"https:\/\/patagoniambiental.com.ar\/info\/las-grutas-desborde-cloacal-en-la-tercera-bajada-correspondio-a-una-conexion-particular\/","name":"Las Grutas: desborde cloacal en la tercera bajada correspondi\u00f3 a una conexi\u00f3n particular","isPartOf":{"@id":"https:\/\/patagoniambiental.com.ar\/info\/#website"},"primaryImageOfPage":{"@id":"https:\/\/patagoniambiental.com.ar\/info\/las-grutas-desborde-cloacal-en-la-tercera-bajada-correspondio-a-una-conexion-particular\/#primaryimage"},"image":{"@id":"https:\/\/patagoniambiental.com.ar\/info\/las-grutas-desborde-cloacal-en-la-tercera-bajada-correspondio-a-una-conexion-particular\/#primaryimage"},"thumbnailUrl":"https:\/\/patagoniambiental.com.ar\/info\/wp-content\/uploads\/2019\/01\/00039725.jpg","datePublished":"2019-01-07T22:00:31+00:00","breadcrumb":{"@id":"https:\/\/patagoniambiental.com.ar\/info\/las-grutas-desborde-cloacal-en-la-tercera-bajada-correspondio-a-una-conexion-particular\/#breadcrumb"},"inLanguage":"es","potentialAction":[{"@type":"ReadAction","target":["https:\/\/patagoniambiental.com.ar\/info\/las-grutas-desborde-cloacal-en-la-tercera-bajada-correspondio-a-una-conexion-particular\/"]}]},{"@type":"ImageObject","inLanguage":"es","@id":"https:\/\/patagoniambiental.com.ar\/info\/las-grutas-desborde-cloacal-en-la-tercera-bajada-correspondio-a-una-conexion-particular\/#primaryimage","url":"https:\/\/patagoniambiental.com.ar\/info\/wp-content\/uploads\/2019\/01\/00039725.jpg","contentUrl":"https:\/\/patagoniambiental.com.ar\/info\/wp-content\/uploads\/2019\/01\/00039725.jpg","width":900,"height":600},{"@type":"BreadcrumbList","@id":"https:\/\/patagoniambiental.com.ar\/info\/las-grutas-desborde-cloacal-en-la-tercera-bajada-correspondio-a-una-conexion-particular\/#breadcrumb","itemListElement":[{"@type":"ListItem","position":1,"name":"Inicio","item":"https:\/\/patagoniambiental.com.ar\/info\/"},{"@type":"ListItem","position":2,"name":"Las Grutas: desborde cloacal en la tercera bajada correspondi\u00f3 a una conexi\u00f3n particular"}]},{"@type":"WebSite","@id":"https:\/\/patagoniambiental.com.ar\/info\/#website","url":"https:\/\/patagoniambiental.com.ar\/info\/","name":"Patagonia Ambiental","description":"Monitoreo y an\u00e1lisis de la situaci\u00f3n geopol\u00edtica en el mundo y su implicancia en la Patagonia","publisher":{"@id":"https:\/\/patagoniambiental.com.ar\/info\/#organization"},"potentialAction":[{"@type":"SearchAction","target":{"@type":"EntryPoint","urlTemplate":"https:\/\/patagoniambiental.com.ar\/info\/?s={search_term_string}"},"query-input":{"@type":"PropertyValueSpecification","valueRequired":true,"valueName":"search_term_string"}}],"inLanguage":"es"},{"@type":"Organization","@id":"https:\/\/patagoniambiental.com.ar\/info\/#organization","name":"Patagonia Ambiental","url":"https:\/\/patagoniambiental.com.ar\/info\/","logo":{"@type":"ImageObject","inLanguage":"es","@id":"https:\/\/patagoniambiental.com.ar\/info\/#\/schema\/logo\/image\/","url":"https:\/\/patagoniambiental.com.ar\/info\/wp-content\/uploads\/2025\/05\/LOGO-PATAGONIA-AMBIENTAL.png","contentUrl":"https:\/\/patagoniambiental.com.ar\/info\/wp-content\/uploads\/2025\/05\/LOGO-PATAGONIA-AMBIENTAL.png","width":433,"height":250,"caption":"Patagonia Ambiental"},"image":{"@id":"https:\/\/patagoniambiental.com.ar\/info\/#\/schema\/logo\/image\/"},"sameAs":["https:\/\/www.facebook.com\/patagonia.ambiental","https:\/\/x.com\/PatAmb"]},{"@type":"Person","@id":"https:\/\/patagoniambiental.com.ar\/info\/#\/schema\/person\/db12bff64bbcbf6a253710bf0ea37b5d","name":"Patagonia Ambiental","description":"Andr\u00e9s Nievas T\u00e9cnico en manejo ambiental, consultor Ambiental y escritor para medios locales e internacionales sobre temas de geopolitica y medio ambiente.","sameAs":["http:\/\/www.patagoniambiental.com.ar","https:\/\/www.facebook.com\/share\/1C1V8Gv9BX\/?mibextid=qi2Omg","@patagoniambiental","https:\/\/youtube.com\/@patagoniaambiental2023?si=BLt58t0wuXquxlYZ"]}]}},"_links":{"self":[{"href":"https:\/\/patagoniambiental.com.ar\/info\/wp-json\/wp\/v2\/posts\/58271","targetHints":{"allow":["GET"]}}],"collection":[{"href":"https:\/\/patagoniambiental.com.ar\/info\/wp-json\/wp\/v2\/posts"}],"about":[{"href":"https:\/\/patagoniambiental.com.ar\/info\/wp-json\/wp\/v2\/types\/post"}],"author":[{"embeddable":true,"href":"https:\/\/patagoniambiental.com.ar\/info\/wp-json\/wp\/v2\/users\/2"}],"replies":[{"embeddable":true,"href":"https:\/\/patagoniambiental.com.ar\/info\/wp-json\/wp\/v2\/comments?post=58271"}],"version-history":[{"count":0,"href":"https:\/\/patagoniambiental.com.ar\/info\/wp-json\/wp\/v2\/posts\/58271\/revisions"}],"wp:featuredmedia":[{"embeddable":true,"href":"https:\/\/patagoniambiental.com.ar\/info\/wp-json\/wp\/v2\/media\/58272"}],"wp:attachment":[{"href":"https:\/\/patagoniambiental.com.ar\/info\/wp-json\/wp\/v2\/media?parent=58271"}],"wp:term":[{"taxonomy":"category","embeddable":true,"href":"https:\/\/patagoniambiental.com.ar\/info\/wp-json\/wp\/v2\/categories?post=58271"},{"taxonomy":"post_tag","embeddable":true,"href":"https:\/\/patagoniambiental.com.ar\/info\/wp-json\/wp\/v2\/tags?post=58271"}],"curies":[{"name":"wp","href":"https:\/\/api.w.org\/{rel}","templated":true}]}}