{"id":58351,"date":"2019-01-15T09:00:30","date_gmt":"2019-01-15T12:00:30","guid":{"rendered":"http:\/\/patagoniambiental.com.ar\/info\/?p=58351"},"modified":"2019-01-14T10:27:36","modified_gmt":"2019-01-14T13:27:36","slug":"mas-de-150-000-turistas-visitaron-rio-negro-en-la-primera-quincena-de-enero","status":"publish","type":"post","link":"https:\/\/patagoniambiental.com.ar\/info\/mas-de-150-000-turistas-visitaron-rio-negro-en-la-primera-quincena-de-enero\/","title":{"rendered":"M\u00e1s de 150.000 turistas visitaron R\u00edo Negro en la primera quincena de enero"},"content":{"rendered":"<div>Viedma.-La ministra de Turismo, Cultura y Deporte de R\u00edo Negro, Arabela Carreras, resalt\u00f3 que se que super\u00f3 el 90% de ocupaci\u00f3n en los principales centros de veraneo de la provincia, lo que gener\u00f3 un movimiento econ\u00f3mico de $790.000.000.<\/div>\n<p><!--more--><\/p>\n<div id=\"x_cuerpo\">\n<p>Durante las primeras dos semanas del a\u00f1o, m\u00e1s de 150.000 veraneantes disfrutaron de los destinos tur\u00edsticos en la provincia y generaron un movimiento econ\u00f3mico de $790.000.000. La mitad de los turistas escogi\u00f3 la monta\u00f1a para pasar sus d\u00edas de descanso y la otra, las extensas playas que ofrece la Costa Atl\u00e1ntica, con un amplio cronograma de actividades que ofrece el Gobierno de R\u00edo Negro en todo el territorio.<\/p>\n<p>\u201cCerramos una gran primera quincena en toda la provincia, con una ocupaci\u00f3n superior al 90% en los principales centros tur\u00edsticos, como es el caso de San Carlos de Bariloche y Las Grutas, donde los alojamientos del centro estuvieron al 100% en la monta\u00f1a y al 90%, en la costa\u201d, explic\u00f3\u00a0 la ministra de Turismo, Cultura y Deporte de R\u00edo Negro, Arabela Carreras.<\/p>\n<p>La funcionaria sostuvo que \u201cdurante los primeros d\u00edas del a\u00f1o, el turismo gener\u00f3 un movimiento econ\u00f3mico en toda la provincia de $790.000.000, un \u00e9xito para todo el sector\u201d.<\/p>\n<p>&nbsp;<\/p>\n<p><strong>Costa Atl\u00e1ntica<\/strong><\/p>\n<p>&nbsp;<\/p>\n<p>Las Grutas -considerada la mejor playa de Argentina por una agencia mundial- cerr\u00f3 la primera mitad de enero con un 90% de ocupaci\u00f3n en el centro y un promedio del 75% en los alojamientos de la periferia. M\u00e1s de 50.000 turistas disfrutaron las c\u00e1lidas aguas del Golfo, con una estad\u00eda media de tres noches y un gasto diario de $1.333.<\/p>\n<p>Por su parte, en Playas Doradas pasaron 13.237 turistas, generaron una ocupaci\u00f3n del 90%, con un gasto por d\u00eda de $1.250; mientras que en el balneario El C\u00f3ndor el movimiento fue de 12.509 visitantes, con un gasto de $1.150.<\/p>\n<p>&nbsp;<\/p>\n<p><strong>Cordillera<\/strong><\/p>\n<p>&nbsp;<\/p>\n<p>En cuanto a la Zona Andina, Bariloche present\u00f3 una ocupaci\u00f3n del 100% en los hoteles del centro y promedi\u00f3 un 75% en los alojamientos perif\u00e9ricos. En total, 53.259 turistas visitaron la localidad de monta\u00f1a, con una estad\u00eda media de cuatro noches y un gasto de $2.604 diarios.<\/p>\n<p>En El Bols\u00f3n, que se consolida como destino de verano en la provincia, en la primera quincena pasaron 22.287 turistas, con tres d\u00edas de estad\u00eda promedio, un gasto de $1.935 diarios y una ocupaci\u00f3n del 90% en los principales alojamientos.<\/p>\n<p>&nbsp;<\/p>\n<\/div>\n<p>M\u00e1s informaci\u00f3n:\u00a0<a id=\"LPlnk810985\" href=\"http:\/\/www.rionegro.gov.ar\/?contID=49286\" target=\"_blank\" rel=\"noopener noreferrer\" data-auth=\"NotApplicable\">http:\/\/www.rionegro.gov.ar\/?contID=49286<\/a><\/p>\n","protected":false},"excerpt":{"rendered":"<p>Viedma.-La ministra de Turismo, Cultura y Deporte de R\u00edo Negro, Arabela Carreras, resalt\u00f3 que se que super\u00f3 el 90% de [&hellip;]<\/p>\n","protected":false},"author":2,"featured_media":58352,"comment_status":"open","ping_status":"open","sticky":false,"template":"","format":"standard","meta":{"site-sidebar-layout":"default","site-content-layout":"","ast-site-content-layout":"default","site-content-style":"default","site-sidebar-style":"default","ast-global-header-display":"","ast-banner-title-visibility":"","ast-main-header-display":"","ast-hfb-above-header-display":"","ast-hfb-below-header-display":"","ast-hfb-mobile-header-display":"","site-post-title":"","ast-breadcrumbs-content":"","ast-featured-img":"","footer-sml-layout":"","ast-disable-related-posts":"","theme-transparent-header-meta":"","adv-header-id-meta":"","stick-header-meta":"","header-above-stick-meta":"","header-main-stick-meta":"","header-below-stick-meta":"","astra-migrate-meta-layouts":"default","ast-page-background-enabled":"default","ast-page-background-meta":{"desktop":{"background-color":"var(--ast-global-color-5)","background-image":"","background-repeat":"repeat","background-position":"center center","background-size":"auto","background-attachment":"scroll","background-type":"","background-media":"","overlay-type":"","overlay-color":"","overlay-opacity":"","overlay-gradient":""},"tablet":{"background-color":"","background-image":"","background-repeat":"repeat","background-position":"center center","background-size":"auto","background-attachment":"scroll","background-type":"","background-media":"","overlay-type":"","overlay-color":"","overlay-opacity":"","overlay-gradient":""},"mobile":{"background-color":"","background-image":"","background-repeat":"repeat","background-position":"center center","background-size":"auto","background-attachment":"scroll","background-type":"","background-media":"","overlay-type":"","overlay-color":"","overlay-opacity":"","overlay-gradient":""}},"ast-content-background-meta":{"desktop":{"background-color":"var(--ast-global-color-4)","background-image":"","background-repeat":"repeat","background-position":"center center","background-size":"auto","background-attachment":"scroll","background-type":"","background-media":"","overlay-type":"","overlay-color":"","overlay-opacity":"","overlay-gradient":""},"tablet":{"background-color":"var(--ast-global-color-4)","background-image":"","background-repeat":"repeat","background-position":"center center","background-size":"auto","background-attachment":"scroll","background-type":"","background-media":"","overlay-type":"","overlay-color":"","overlay-opacity":"","overlay-gradient":""},"mobile":{"background-color":"var(--ast-global-color-4)","background-image":"","background-repeat":"repeat","background-position":"center center","background-size":"auto","background-attachment":"scroll","background-type":"","background-media":"","overlay-type":"","overlay-color":"","overlay-opacity":"","overlay-gradient":""}},"footnotes":""},"categories":[1,13,14],"tags":[],"class_list":["post-58351","post","type-post","status-publish","format-standard","has-post-thumbnail","hentry","category-noticias","category-provinciales","category-rio-negro"],"yoast_head":"<!-- This site is optimized with the Yoast SEO Premium plugin v23.0 (Yoast SEO v27.4) - https:\/\/yoast.com\/product\/yoast-seo-premium-wordpress\/ -->\n<title>M\u00e1s de 150.000 turistas visitaron R\u00edo Negro en la primera quincena de enero<\/title>\n<meta name=\"robots\" content=\"index, follow, max-snippet:-1, max-image-preview:large, max-video-preview:-1\" \/>\n<link rel=\"canonical\" href=\"https:\/\/patagoniambiental.com.ar\/info\/mas-de-150-000-turistas-visitaron-rio-negro-en-la-primera-quincena-de-enero\/\" \/>\n<meta property=\"og:locale\" content=\"es_ES\" \/>\n<meta property=\"og:type\" content=\"article\" \/>\n<meta property=\"og:title\" content=\"M\u00e1s de 150.000 turistas visitaron R\u00edo Negro en la primera quincena de enero\" \/>\n<meta property=\"og:description\" content=\"Viedma.-La ministra de Turismo, Cultura y Deporte de R\u00edo Negro, Arabela Carreras, resalt\u00f3 que se que super\u00f3 el 90% de [&hellip;]\" \/>\n<meta property=\"og:url\" content=\"https:\/\/patagoniambiental.com.ar\/info\/mas-de-150-000-turistas-visitaron-rio-negro-en-la-primera-quincena-de-enero\/\" \/>\n<meta property=\"og:site_name\" content=\"Patagonia Ambiental\" \/>\n<meta property=\"article:publisher\" content=\"https:\/\/www.facebook.com\/patagonia.ambiental\" \/>\n<meta property=\"article:author\" content=\"https:\/\/www.facebook.com\/share\/1C1V8Gv9BX\/?mibextid=qi2Omg\" \/>\n<meta property=\"article:published_time\" content=\"2019-01-15T12:00:30+00:00\" \/>\n<meta property=\"og:image\" content=\"https:\/\/patagoniambiental.com.ar\/info\/wp-content\/uploads\/2019\/01\/00039838.jpg\" \/>\n\t<meta property=\"og:image:width\" content=\"924\" \/>\n\t<meta property=\"og:image:height\" content=\"616\" \/>\n\t<meta property=\"og:image:type\" content=\"image\/jpeg\" \/>\n<meta name=\"author\" content=\"Patagonia Ambiental\" \/>\n<meta name=\"twitter:card\" content=\"summary_large_image\" \/>\n<meta name=\"twitter:creator\" content=\"@PatAmb\" \/>\n<meta name=\"twitter:site\" content=\"@PatAmb\" \/>\n<script type=\"application\/ld+json\" class=\"yoast-schema-graph\">{\"@context\":\"https:\\\/\\\/schema.org\",\"@graph\":[{\"@type\":\"Article\",\"@id\":\"https:\\\/\\\/patagoniambiental.com.ar\\\/info\\\/mas-de-150-000-turistas-visitaron-rio-negro-en-la-primera-quincena-de-enero\\\/#article\",\"isPartOf\":{\"@id\":\"https:\\\/\\\/patagoniambiental.com.ar\\\/info\\\/mas-de-150-000-turistas-visitaron-rio-negro-en-la-primera-quincena-de-enero\\\/\"},\"author\":{\"name\":\"Patagonia Ambiental\",\"@id\":\"https:\\\/\\\/patagoniambiental.com.ar\\\/info\\\/#\\\/schema\\\/person\\\/db12bff64bbcbf6a253710bf0ea37b5d\"},\"headline\":\"M\u00e1s de 150.000 turistas visitaron R\u00edo Negro en la primera quincena de enero\",\"datePublished\":\"2019-01-15T12:00:30+00:00\",\"mainEntityOfPage\":{\"@id\":\"https:\\\/\\\/patagoniambiental.com.ar\\\/info\\\/mas-de-150-000-turistas-visitaron-rio-negro-en-la-primera-quincena-de-enero\\\/\"},\"wordCount\":425,\"commentCount\":0,\"publisher\":{\"@id\":\"https:\\\/\\\/patagoniambiental.com.ar\\\/info\\\/#organization\"},\"image\":{\"@id\":\"https:\\\/\\\/patagoniambiental.com.ar\\\/info\\\/mas-de-150-000-turistas-visitaron-rio-negro-en-la-primera-quincena-de-enero\\\/#primaryimage\"},\"thumbnailUrl\":\"https:\\\/\\\/patagoniambiental.com.ar\\\/info\\\/wp-content\\\/uploads\\\/2019\\\/01\\\/00039838.jpg\",\"articleSection\":[\"Noticias\",\"Provinciales\",\"R\u00edo Negro\"],\"inLanguage\":\"es\",\"potentialAction\":[{\"@type\":\"CommentAction\",\"name\":\"Comment\",\"target\":[\"https:\\\/\\\/patagoniambiental.com.ar\\\/info\\\/mas-de-150-000-turistas-visitaron-rio-negro-en-la-primera-quincena-de-enero\\\/#respond\"]}]},{\"@type\":\"WebPage\",\"@id\":\"https:\\\/\\\/patagoniambiental.com.ar\\\/info\\\/mas-de-150-000-turistas-visitaron-rio-negro-en-la-primera-quincena-de-enero\\\/\",\"url\":\"https:\\\/\\\/patagoniambiental.com.ar\\\/info\\\/mas-de-150-000-turistas-visitaron-rio-negro-en-la-primera-quincena-de-enero\\\/\",\"name\":\"M\u00e1s de 150.000 turistas visitaron R\u00edo Negro en la primera quincena de enero\",\"isPartOf\":{\"@id\":\"https:\\\/\\\/patagoniambiental.com.ar\\\/info\\\/#website\"},\"primaryImageOfPage\":{\"@id\":\"https:\\\/\\\/patagoniambiental.com.ar\\\/info\\\/mas-de-150-000-turistas-visitaron-rio-negro-en-la-primera-quincena-de-enero\\\/#primaryimage\"},\"image\":{\"@id\":\"https:\\\/\\\/patagoniambiental.com.ar\\\/info\\\/mas-de-150-000-turistas-visitaron-rio-negro-en-la-primera-quincena-de-enero\\\/#primaryimage\"},\"thumbnailUrl\":\"https:\\\/\\\/patagoniambiental.com.ar\\\/info\\\/wp-content\\\/uploads\\\/2019\\\/01\\\/00039838.jpg\",\"datePublished\":\"2019-01-15T12:00:30+00:00\",\"breadcrumb\":{\"@id\":\"https:\\\/\\\/patagoniambiental.com.ar\\\/info\\\/mas-de-150-000-turistas-visitaron-rio-negro-en-la-primera-quincena-de-enero\\\/#breadcrumb\"},\"inLanguage\":\"es\",\"potentialAction\":[{\"@type\":\"ReadAction\",\"target\":[\"https:\\\/\\\/patagoniambiental.com.ar\\\/info\\\/mas-de-150-000-turistas-visitaron-rio-negro-en-la-primera-quincena-de-enero\\\/\"]}]},{\"@type\":\"ImageObject\",\"inLanguage\":\"es\",\"@id\":\"https:\\\/\\\/patagoniambiental.com.ar\\\/info\\\/mas-de-150-000-turistas-visitaron-rio-negro-en-la-primera-quincena-de-enero\\\/#primaryimage\",\"url\":\"https:\\\/\\\/patagoniambiental.com.ar\\\/info\\\/wp-content\\\/uploads\\\/2019\\\/01\\\/00039838.jpg\",\"contentUrl\":\"https:\\\/\\\/patagoniambiental.com.ar\\\/info\\\/wp-content\\\/uploads\\\/2019\\\/01\\\/00039838.jpg\",\"width\":900,\"height\":600},{\"@type\":\"BreadcrumbList\",\"@id\":\"https:\\\/\\\/patagoniambiental.com.ar\\\/info\\\/mas-de-150-000-turistas-visitaron-rio-negro-en-la-primera-quincena-de-enero\\\/#breadcrumb\",\"itemListElement\":[{\"@type\":\"ListItem\",\"position\":1,\"name\":\"Inicio\",\"item\":\"https:\\\/\\\/patagoniambiental.com.ar\\\/info\\\/\"},{\"@type\":\"ListItem\",\"position\":2,\"name\":\"M\u00e1s de 150.000 turistas visitaron R\u00edo Negro en la primera quincena de enero\"}]},{\"@type\":\"WebSite\",\"@id\":\"https:\\\/\\\/patagoniambiental.com.ar\\\/info\\\/#website\",\"url\":\"https:\\\/\\\/patagoniambiental.com.ar\\\/info\\\/\",\"name\":\"Patagonia Ambiental\",\"description\":\"Monitoreo y an\u00e1lisis de la situaci\u00f3n geopol\u00edtica en el mundo y su implicancia en la Patagonia\",\"publisher\":{\"@id\":\"https:\\\/\\\/patagoniambiental.com.ar\\\/info\\\/#organization\"},\"potentialAction\":[{\"@type\":\"SearchAction\",\"target\":{\"@type\":\"EntryPoint\",\"urlTemplate\":\"https:\\\/\\\/patagoniambiental.com.ar\\\/info\\\/?s={search_term_string}\"},\"query-input\":{\"@type\":\"PropertyValueSpecification\",\"valueRequired\":true,\"valueName\":\"search_term_string\"}}],\"inLanguage\":\"es\"},{\"@type\":\"Organization\",\"@id\":\"https:\\\/\\\/patagoniambiental.com.ar\\\/info\\\/#organization\",\"name\":\"Patagonia Ambiental\",\"url\":\"https:\\\/\\\/patagoniambiental.com.ar\\\/info\\\/\",\"logo\":{\"@type\":\"ImageObject\",\"inLanguage\":\"es\",\"@id\":\"https:\\\/\\\/patagoniambiental.com.ar\\\/info\\\/#\\\/schema\\\/logo\\\/image\\\/\",\"url\":\"https:\\\/\\\/patagoniambiental.com.ar\\\/info\\\/wp-content\\\/uploads\\\/2025\\\/05\\\/LOGO-PATAGONIA-AMBIENTAL.png\",\"contentUrl\":\"https:\\\/\\\/patagoniambiental.com.ar\\\/info\\\/wp-content\\\/uploads\\\/2025\\\/05\\\/LOGO-PATAGONIA-AMBIENTAL.png\",\"width\":433,\"height\":250,\"caption\":\"Patagonia Ambiental\"},\"image\":{\"@id\":\"https:\\\/\\\/patagoniambiental.com.ar\\\/info\\\/#\\\/schema\\\/logo\\\/image\\\/\"},\"sameAs\":[\"https:\\\/\\\/www.facebook.com\\\/patagonia.ambiental\",\"https:\\\/\\\/x.com\\\/PatAmb\"]},{\"@type\":\"Person\",\"@id\":\"https:\\\/\\\/patagoniambiental.com.ar\\\/info\\\/#\\\/schema\\\/person\\\/db12bff64bbcbf6a253710bf0ea37b5d\",\"name\":\"Patagonia Ambiental\",\"description\":\"Andr\u00e9s Nievas T\u00e9cnico en manejo ambiental, consultor Ambiental y escritor para medios locales e internacionales sobre temas de geopolitica y medio ambiente.\",\"sameAs\":[\"http:\\\/\\\/www.patagoniambiental.com.ar\",\"https:\\\/\\\/www.facebook.com\\\/share\\\/1C1V8Gv9BX\\\/?mibextid=qi2Omg\",\"@patagoniambiental\",\"https:\\\/\\\/youtube.com\\\/@patagoniaambiental2023?si=BLt58t0wuXquxlYZ\"]}]}<\/script>\n<!-- \/ Yoast SEO Premium plugin. -->","yoast_head_json":{"title":"M\u00e1s de 150.000 turistas visitaron R\u00edo Negro en la primera quincena de enero","robots":{"index":"index","follow":"follow","max-snippet":"max-snippet:-1","max-image-preview":"max-image-preview:large","max-video-preview":"max-video-preview:-1"},"canonical":"https:\/\/patagoniambiental.com.ar\/info\/mas-de-150-000-turistas-visitaron-rio-negro-en-la-primera-quincena-de-enero\/","og_locale":"es_ES","og_type":"article","og_title":"M\u00e1s de 150.000 turistas visitaron R\u00edo Negro en la primera quincena de enero","og_description":"Viedma.-La ministra de Turismo, Cultura y Deporte de R\u00edo Negro, Arabela Carreras, resalt\u00f3 que se que super\u00f3 el 90% de [&hellip;]","og_url":"https:\/\/patagoniambiental.com.ar\/info\/mas-de-150-000-turistas-visitaron-rio-negro-en-la-primera-quincena-de-enero\/","og_site_name":"Patagonia Ambiental","article_publisher":"https:\/\/www.facebook.com\/patagonia.ambiental","article_author":"https:\/\/www.facebook.com\/share\/1C1V8Gv9BX\/?mibextid=qi2Omg","article_published_time":"2019-01-15T12:00:30+00:00","og_image":[{"width":924,"height":616,"url":"https:\/\/patagoniambiental.com.ar\/info\/wp-content\/uploads\/2019\/01\/00039838.jpg","type":"image\/jpeg"}],"author":"Patagonia Ambiental","twitter_card":"summary_large_image","twitter_creator":"@PatAmb","twitter_site":"@PatAmb","schema":{"@context":"https:\/\/schema.org","@graph":[{"@type":"Article","@id":"https:\/\/patagoniambiental.com.ar\/info\/mas-de-150-000-turistas-visitaron-rio-negro-en-la-primera-quincena-de-enero\/#article","isPartOf":{"@id":"https:\/\/patagoniambiental.com.ar\/info\/mas-de-150-000-turistas-visitaron-rio-negro-en-la-primera-quincena-de-enero\/"},"author":{"name":"Patagonia Ambiental","@id":"https:\/\/patagoniambiental.com.ar\/info\/#\/schema\/person\/db12bff64bbcbf6a253710bf0ea37b5d"},"headline":"M\u00e1s de 150.000 turistas visitaron R\u00edo Negro en la primera quincena de enero","datePublished":"2019-01-15T12:00:30+00:00","mainEntityOfPage":{"@id":"https:\/\/patagoniambiental.com.ar\/info\/mas-de-150-000-turistas-visitaron-rio-negro-en-la-primera-quincena-de-enero\/"},"wordCount":425,"commentCount":0,"publisher":{"@id":"https:\/\/patagoniambiental.com.ar\/info\/#organization"},"image":{"@id":"https:\/\/patagoniambiental.com.ar\/info\/mas-de-150-000-turistas-visitaron-rio-negro-en-la-primera-quincena-de-enero\/#primaryimage"},"thumbnailUrl":"https:\/\/patagoniambiental.com.ar\/info\/wp-content\/uploads\/2019\/01\/00039838.jpg","articleSection":["Noticias","Provinciales","R\u00edo Negro"],"inLanguage":"es","potentialAction":[{"@type":"CommentAction","name":"Comment","target":["https:\/\/patagoniambiental.com.ar\/info\/mas-de-150-000-turistas-visitaron-rio-negro-en-la-primera-quincena-de-enero\/#respond"]}]},{"@type":"WebPage","@id":"https:\/\/patagoniambiental.com.ar\/info\/mas-de-150-000-turistas-visitaron-rio-negro-en-la-primera-quincena-de-enero\/","url":"https:\/\/patagoniambiental.com.ar\/info\/mas-de-150-000-turistas-visitaron-rio-negro-en-la-primera-quincena-de-enero\/","name":"M\u00e1s de 150.000 turistas visitaron R\u00edo Negro en la primera quincena de enero","isPartOf":{"@id":"https:\/\/patagoniambiental.com.ar\/info\/#website"},"primaryImageOfPage":{"@id":"https:\/\/patagoniambiental.com.ar\/info\/mas-de-150-000-turistas-visitaron-rio-negro-en-la-primera-quincena-de-enero\/#primaryimage"},"image":{"@id":"https:\/\/patagoniambiental.com.ar\/info\/mas-de-150-000-turistas-visitaron-rio-negro-en-la-primera-quincena-de-enero\/#primaryimage"},"thumbnailUrl":"https:\/\/patagoniambiental.com.ar\/info\/wp-content\/uploads\/2019\/01\/00039838.jpg","datePublished":"2019-01-15T12:00:30+00:00","breadcrumb":{"@id":"https:\/\/patagoniambiental.com.ar\/info\/mas-de-150-000-turistas-visitaron-rio-negro-en-la-primera-quincena-de-enero\/#breadcrumb"},"inLanguage":"es","potentialAction":[{"@type":"ReadAction","target":["https:\/\/patagoniambiental.com.ar\/info\/mas-de-150-000-turistas-visitaron-rio-negro-en-la-primera-quincena-de-enero\/"]}]},{"@type":"ImageObject","inLanguage":"es","@id":"https:\/\/patagoniambiental.com.ar\/info\/mas-de-150-000-turistas-visitaron-rio-negro-en-la-primera-quincena-de-enero\/#primaryimage","url":"https:\/\/patagoniambiental.com.ar\/info\/wp-content\/uploads\/2019\/01\/00039838.jpg","contentUrl":"https:\/\/patagoniambiental.com.ar\/info\/wp-content\/uploads\/2019\/01\/00039838.jpg","width":900,"height":600},{"@type":"BreadcrumbList","@id":"https:\/\/patagoniambiental.com.ar\/info\/mas-de-150-000-turistas-visitaron-rio-negro-en-la-primera-quincena-de-enero\/#breadcrumb","itemListElement":[{"@type":"ListItem","position":1,"name":"Inicio","item":"https:\/\/patagoniambiental.com.ar\/info\/"},{"@type":"ListItem","position":2,"name":"M\u00e1s de 150.000 turistas visitaron R\u00edo Negro en la primera quincena de enero"}]},{"@type":"WebSite","@id":"https:\/\/patagoniambiental.com.ar\/info\/#website","url":"https:\/\/patagoniambiental.com.ar\/info\/","name":"Patagonia Ambiental","description":"Monitoreo y an\u00e1lisis de la situaci\u00f3n geopol\u00edtica en el mundo y su implicancia en la Patagonia","publisher":{"@id":"https:\/\/patagoniambiental.com.ar\/info\/#organization"},"potentialAction":[{"@type":"SearchAction","target":{"@type":"EntryPoint","urlTemplate":"https:\/\/patagoniambiental.com.ar\/info\/?s={search_term_string}"},"query-input":{"@type":"PropertyValueSpecification","valueRequired":true,"valueName":"search_term_string"}}],"inLanguage":"es"},{"@type":"Organization","@id":"https:\/\/patagoniambiental.com.ar\/info\/#organization","name":"Patagonia Ambiental","url":"https:\/\/patagoniambiental.com.ar\/info\/","logo":{"@type":"ImageObject","inLanguage":"es","@id":"https:\/\/patagoniambiental.com.ar\/info\/#\/schema\/logo\/image\/","url":"https:\/\/patagoniambiental.com.ar\/info\/wp-content\/uploads\/2025\/05\/LOGO-PATAGONIA-AMBIENTAL.png","contentUrl":"https:\/\/patagoniambiental.com.ar\/info\/wp-content\/uploads\/2025\/05\/LOGO-PATAGONIA-AMBIENTAL.png","width":433,"height":250,"caption":"Patagonia Ambiental"},"image":{"@id":"https:\/\/patagoniambiental.com.ar\/info\/#\/schema\/logo\/image\/"},"sameAs":["https:\/\/www.facebook.com\/patagonia.ambiental","https:\/\/x.com\/PatAmb"]},{"@type":"Person","@id":"https:\/\/patagoniambiental.com.ar\/info\/#\/schema\/person\/db12bff64bbcbf6a253710bf0ea37b5d","name":"Patagonia Ambiental","description":"Andr\u00e9s Nievas T\u00e9cnico en manejo ambiental, consultor Ambiental y escritor para medios locales e internacionales sobre temas de geopolitica y medio ambiente.","sameAs":["http:\/\/www.patagoniambiental.com.ar","https:\/\/www.facebook.com\/share\/1C1V8Gv9BX\/?mibextid=qi2Omg","@patagoniambiental","https:\/\/youtube.com\/@patagoniaambiental2023?si=BLt58t0wuXquxlYZ"]}]}},"_links":{"self":[{"href":"https:\/\/patagoniambiental.com.ar\/info\/wp-json\/wp\/v2\/posts\/58351","targetHints":{"allow":["GET"]}}],"collection":[{"href":"https:\/\/patagoniambiental.com.ar\/info\/wp-json\/wp\/v2\/posts"}],"about":[{"href":"https:\/\/patagoniambiental.com.ar\/info\/wp-json\/wp\/v2\/types\/post"}],"author":[{"embeddable":true,"href":"https:\/\/patagoniambiental.com.ar\/info\/wp-json\/wp\/v2\/users\/2"}],"replies":[{"embeddable":true,"href":"https:\/\/patagoniambiental.com.ar\/info\/wp-json\/wp\/v2\/comments?post=58351"}],"version-history":[{"count":0,"href":"https:\/\/patagoniambiental.com.ar\/info\/wp-json\/wp\/v2\/posts\/58351\/revisions"}],"wp:featuredmedia":[{"embeddable":true,"href":"https:\/\/patagoniambiental.com.ar\/info\/wp-json\/wp\/v2\/media\/58352"}],"wp:attachment":[{"href":"https:\/\/patagoniambiental.com.ar\/info\/wp-json\/wp\/v2\/media?parent=58351"}],"wp:term":[{"taxonomy":"category","embeddable":true,"href":"https:\/\/patagoniambiental.com.ar\/info\/wp-json\/wp\/v2\/categories?post=58351"},{"taxonomy":"post_tag","embeddable":true,"href":"https:\/\/patagoniambiental.com.ar\/info\/wp-json\/wp\/v2\/tags?post=58351"}],"curies":[{"name":"wp","href":"https:\/\/api.w.org\/{rel}","templated":true}]}}