{"id":58380,"date":"2019-01-13T09:00:39","date_gmt":"2019-01-13T12:00:39","guid":{"rendered":"http:\/\/patagoniambiental.com.ar\/info\/?p=58380"},"modified":"2019-01-14T10:17:27","modified_gmt":"2019-01-14T13:17:27","slug":"la-loberia-novedosas-propuestas-para-la-reapertura-de-centro-de-interpretacion-de-punta-bermeja","status":"publish","type":"post","link":"https:\/\/patagoniambiental.com.ar\/info\/la-loberia-novedosas-propuestas-para-la-reapertura-de-centro-de-interpretacion-de-punta-bermeja\/","title":{"rendered":"La Loberia: Novedosas propuestas para la\u00a0reapertura\u00a0de Centro de Interpretaci\u00f3n de\u00a0Punta Bermeja"},"content":{"rendered":"<div class=\"_1dwg _1w_m _q7o\">\n<div id=\"js_26h\" class=\"_5pbx userContent _3576\" data-ad-preview=\"message\" data-ft=\"{&quot;tn&quot;:&quot;K&quot;}\">\n<div id=\"id_5c3c8b61817857098323376\" class=\"text_exposed_root text_exposed\">\n<p>La Lober\u00eda.-El lugar contar\u00e1 con nuevas opciones de educaci\u00f3n ambiental, un espacio para exposiciones de artistas locales, y un auditorio para charlas.<!--more--><\/p>\n<p><span class=\"text_exposed_show\"><br \/>\nEl pr\u00f3ximo lunes 14 se reabrir\u00e1 el Centro de Interpretaci\u00f3n de Punta Bermeja\/La Lober\u00eda. Un espacio renovado que cuenta con mejoras en el edificio, los miradores, la casa de los guarda ambientales y alrededores.<\/span><\/p>\n<div class=\"text_exposed_show\">\n<p>Despu\u00e9s de varios meses de intensos trabajos, la Secretar\u00eda de Ambiente y Desarrollo Sustentable reabrir\u00e1 las puertas del Centro de Interpretaci\u00f3n del \u00c1rea Natural Protegida \u201cPunta Bermeja\/La Lober\u00eda\u201d, ubicado a 60 km de Viedma. Durante esta temporada el manejo estar\u00e1 a cargo de la Provincia.<\/p>\n<p>El lugar contar\u00e1 con nuevas propuestas de educaci\u00f3n ambiental, un espacio para exposiciones de artistas locales, y un auditorio para charlas. Tambi\u00e9n se habilitar\u00e1 un buffet para que los visitantes puedan contar con un lugar donde tomar algo y descansar.<\/p>\n<p>Adem\u00e1s, se habilitar\u00e1 un nuevo sendero de avistaje de aproximadamente 1000 metros, utilizando el antiguo trazado de la Ruta Provincial N\u00ba 1, que cuenta con tres miradores con vista panor\u00e1mica a la colonia de lobos marinos de un pelo m\u00e1s grande de Sudam\u00e9rica. Para ello se dispondr\u00e1 de salidas guiadas a cargo de guardas ambientales.<\/p>\n<p>A su vez se est\u00e1 trabajando en nuevo material audiovisual y de realidad virtual, que se podr\u00e1 disfrutar en los pr\u00f3ximos meses.<\/p>\n<\/div>\n<\/div>\n<\/div>\n<div class=\"_3x-2\" data-ft=\"{&quot;tn&quot;:&quot;H&quot;}\">\n<div data-ft=\"{&quot;tn&quot;:&quot;H&quot;}\">\n<div class=\"mtm\">\n<div>\n<div class=\"_5cq3 _1ktf\" data-ft=\"{&quot;tn&quot;:&quot;E&quot;}\">\n<div id=\"u_73_z\" class=\"uiScaledImageContainer _4-ep\"><img fetchpriority=\"high\" decoding=\"async\" class=\"scaledImageFitHeight img\" src=\"https:\/\/scontent.faep16-1.fna.fbcdn.net\/v\/t1.0-0\/q86\/p526x296\/49895682_2254136048240762_1466343010705866752_n.jpg?_nc_cat=106&amp;_nc_ht=scontent.faep16-1.fna&amp;oh=15c44b5c9aef29050a0387fac6f873b7&amp;oe=5CD7EC3E\" alt=\"La imagen puede contener: nube, cielo, monta\u00f1a, exterior y naturaleza\" width=\"501\" height=\"375\" \/><\/div>\n<\/div>\n<\/div>\n<\/div>\n<\/div>\n<\/div>\n<div><\/div>\n<\/div>\n<p>Fuente: SA y DS de Rio Negro<\/p>\n<div>\n<form id=\"u_73_1y\" class=\"commentable_item\" action=\"https:\/\/www.facebook.com\/ajax\/ufi\/modify.php\" method=\"post\" data-ft=\"{&quot;tn&quot;:&quot;]&quot;}\">\n<div class=\"_sa_ _gsd _fgm _5vsi _192z _1sz4 _1i6z\">\n<div class=\"_37uu\">\n<div>\n<div class=\"_57w\">\n<div class=\"_3399 _1f6t _4_dr _20h5\">\n<div class=\"_524d\">\n<div class=\"_ipn clearfix _-5d\"><\/div>\n<\/div>\n<\/div>\n<\/div>\n<\/div>\n<\/div>\n<\/div>\n<\/form>\n<\/div>\n","protected":false},"excerpt":{"rendered":"<p>La Lober\u00eda.-El lugar contar\u00e1 con nuevas opciones de educaci\u00f3n ambiental, un espacio para exposiciones de artistas locales, y un auditorio [&hellip;]<\/p>\n","protected":false},"author":2,"featured_media":58381,"comment_status":"open","ping_status":"open","sticky":false,"template":"","format":"standard","meta":{"site-sidebar-layout":"default","site-content-layout":"","ast-site-content-layout":"default","site-content-style":"default","site-sidebar-style":"default","ast-global-header-display":"","ast-banner-title-visibility":"","ast-main-header-display":"","ast-hfb-above-header-display":"","ast-hfb-below-header-display":"","ast-hfb-mobile-header-display":"","site-post-title":"","ast-breadcrumbs-content":"","ast-featured-img":"","footer-sml-layout":"","ast-disable-related-posts":"","theme-transparent-header-meta":"","adv-header-id-meta":"","stick-header-meta":"","header-above-stick-meta":"","header-main-stick-meta":"","header-below-stick-meta":"","astra-migrate-meta-layouts":"default","ast-page-background-enabled":"default","ast-page-background-meta":{"desktop":{"background-color":"var(--ast-global-color-5)","background-image":"","background-repeat":"repeat","background-position":"center center","background-size":"auto","background-attachment":"scroll","background-type":"","background-media":"","overlay-type":"","overlay-color":"","overlay-opacity":"","overlay-gradient":""},"tablet":{"background-color":"","background-image":"","background-repeat":"repeat","background-position":"center center","background-size":"auto","background-attachment":"scroll","background-type":"","background-media":"","overlay-type":"","overlay-color":"","overlay-opacity":"","overlay-gradient":""},"mobile":{"background-color":"","background-image":"","background-repeat":"repeat","background-position":"center center","background-size":"auto","background-attachment":"scroll","background-type":"","background-media":"","overlay-type":"","overlay-color":"","overlay-opacity":"","overlay-gradient":""}},"ast-content-background-meta":{"desktop":{"background-color":"var(--ast-global-color-4)","background-image":"","background-repeat":"repeat","background-position":"center center","background-size":"auto","background-attachment":"scroll","background-type":"","background-media":"","overlay-type":"","overlay-color":"","overlay-opacity":"","overlay-gradient":""},"tablet":{"background-color":"var(--ast-global-color-4)","background-image":"","background-repeat":"repeat","background-position":"center center","background-size":"auto","background-attachment":"scroll","background-type":"","background-media":"","overlay-type":"","overlay-color":"","overlay-opacity":"","overlay-gradient":""},"mobile":{"background-color":"var(--ast-global-color-4)","background-image":"","background-repeat":"repeat","background-position":"center center","background-size":"auto","background-attachment":"scroll","background-type":"","background-media":"","overlay-type":"","overlay-color":"","overlay-opacity":"","overlay-gradient":""}},"footnotes":""},"categories":[1,13,14],"tags":[],"class_list":["post-58380","post","type-post","status-publish","format-standard","has-post-thumbnail","hentry","category-noticias","category-provinciales","category-rio-negro"],"yoast_head":"<!-- This site is optimized with the Yoast SEO Premium plugin v23.0 (Yoast SEO v27.4) - https:\/\/yoast.com\/product\/yoast-seo-premium-wordpress\/ -->\n<title>La Loberia: Novedosas propuestas para la\u00a0reapertura\u00a0de Centro de Interpretaci\u00f3n de\u00a0Punta Bermeja<\/title>\n<meta name=\"robots\" content=\"index, follow, max-snippet:-1, max-image-preview:large, max-video-preview:-1\" \/>\n<link rel=\"canonical\" href=\"https:\/\/patagoniambiental.com.ar\/info\/la-loberia-novedosas-propuestas-para-la-reapertura-de-centro-de-interpretacion-de-punta-bermeja\/\" \/>\n<meta property=\"og:locale\" content=\"es_ES\" \/>\n<meta property=\"og:type\" content=\"article\" \/>\n<meta property=\"og:title\" content=\"La Loberia: Novedosas propuestas para la\u00a0reapertura\u00a0de Centro de Interpretaci\u00f3n de\u00a0Punta Bermeja\" \/>\n<meta property=\"og:description\" content=\"La Lober\u00eda.-El lugar contar\u00e1 con nuevas opciones de educaci\u00f3n ambiental, un espacio para exposiciones de artistas locales, y un auditorio [&hellip;]\" \/>\n<meta property=\"og:url\" content=\"https:\/\/patagoniambiental.com.ar\/info\/la-loberia-novedosas-propuestas-para-la-reapertura-de-centro-de-interpretacion-de-punta-bermeja\/\" \/>\n<meta property=\"og:site_name\" content=\"Patagonia Ambiental\" \/>\n<meta property=\"article:publisher\" content=\"https:\/\/www.facebook.com\/patagonia.ambiental\" \/>\n<meta property=\"article:author\" content=\"https:\/\/www.facebook.com\/share\/1C1V8Gv9BX\/?mibextid=qi2Omg\" \/>\n<meta property=\"article:published_time\" content=\"2019-01-13T12:00:39+00:00\" \/>\n<meta property=\"article:modified_time\" content=\"2019-01-14T13:17:27+00:00\" \/>\n<meta property=\"og:image\" content=\"https:\/\/patagoniambiental.com.ar\/info\/wp-content\/uploads\/2019\/01\/49895682_2254136048240762_1466343010705866752_n.jpg\" \/>\n\t<meta property=\"og:image:width\" content=\"526\" \/>\n\t<meta property=\"og:image:height\" content=\"394\" \/>\n\t<meta property=\"og:image:type\" content=\"image\/jpeg\" \/>\n<meta name=\"author\" content=\"Patagonia Ambiental\" \/>\n<meta name=\"twitter:card\" content=\"summary_large_image\" \/>\n<meta name=\"twitter:creator\" content=\"@PatAmb\" \/>\n<meta name=\"twitter:site\" content=\"@PatAmb\" \/>\n<script type=\"application\/ld+json\" class=\"yoast-schema-graph\">{\"@context\":\"https:\\\/\\\/schema.org\",\"@graph\":[{\"@type\":\"Article\",\"@id\":\"https:\\\/\\\/patagoniambiental.com.ar\\\/info\\\/la-loberia-novedosas-propuestas-para-la-reapertura-de-centro-de-interpretacion-de-punta-bermeja\\\/#article\",\"isPartOf\":{\"@id\":\"https:\\\/\\\/patagoniambiental.com.ar\\\/info\\\/la-loberia-novedosas-propuestas-para-la-reapertura-de-centro-de-interpretacion-de-punta-bermeja\\\/\"},\"author\":{\"name\":\"Patagonia Ambiental\",\"@id\":\"https:\\\/\\\/patagoniambiental.com.ar\\\/info\\\/#\\\/schema\\\/person\\\/db12bff64bbcbf6a253710bf0ea37b5d\"},\"headline\":\"La Loberia: Novedosas propuestas para la\u00a0reapertura\u00a0de Centro de Interpretaci\u00f3n de\u00a0Punta Bermeja\",\"datePublished\":\"2019-01-13T12:00:39+00:00\",\"dateModified\":\"2019-01-14T13:17:27+00:00\",\"mainEntityOfPage\":{\"@id\":\"https:\\\/\\\/patagoniambiental.com.ar\\\/info\\\/la-loberia-novedosas-propuestas-para-la-reapertura-de-centro-de-interpretacion-de-punta-bermeja\\\/\"},\"wordCount\":255,\"commentCount\":0,\"publisher\":{\"@id\":\"https:\\\/\\\/patagoniambiental.com.ar\\\/info\\\/#organization\"},\"image\":{\"@id\":\"https:\\\/\\\/patagoniambiental.com.ar\\\/info\\\/la-loberia-novedosas-propuestas-para-la-reapertura-de-centro-de-interpretacion-de-punta-bermeja\\\/#primaryimage\"},\"thumbnailUrl\":\"https:\\\/\\\/patagoniambiental.com.ar\\\/info\\\/wp-content\\\/uploads\\\/2019\\\/01\\\/49895682_2254136048240762_1466343010705866752_n.jpg\",\"articleSection\":[\"Noticias\",\"Provinciales\",\"R\u00edo Negro\"],\"inLanguage\":\"es\",\"potentialAction\":[{\"@type\":\"CommentAction\",\"name\":\"Comment\",\"target\":[\"https:\\\/\\\/patagoniambiental.com.ar\\\/info\\\/la-loberia-novedosas-propuestas-para-la-reapertura-de-centro-de-interpretacion-de-punta-bermeja\\\/#respond\"]}]},{\"@type\":\"WebPage\",\"@id\":\"https:\\\/\\\/patagoniambiental.com.ar\\\/info\\\/la-loberia-novedosas-propuestas-para-la-reapertura-de-centro-de-interpretacion-de-punta-bermeja\\\/\",\"url\":\"https:\\\/\\\/patagoniambiental.com.ar\\\/info\\\/la-loberia-novedosas-propuestas-para-la-reapertura-de-centro-de-interpretacion-de-punta-bermeja\\\/\",\"name\":\"La Loberia: Novedosas propuestas para la\u00a0reapertura\u00a0de Centro de Interpretaci\u00f3n de\u00a0Punta Bermeja\",\"isPartOf\":{\"@id\":\"https:\\\/\\\/patagoniambiental.com.ar\\\/info\\\/#website\"},\"primaryImageOfPage\":{\"@id\":\"https:\\\/\\\/patagoniambiental.com.ar\\\/info\\\/la-loberia-novedosas-propuestas-para-la-reapertura-de-centro-de-interpretacion-de-punta-bermeja\\\/#primaryimage\"},\"image\":{\"@id\":\"https:\\\/\\\/patagoniambiental.com.ar\\\/info\\\/la-loberia-novedosas-propuestas-para-la-reapertura-de-centro-de-interpretacion-de-punta-bermeja\\\/#primaryimage\"},\"thumbnailUrl\":\"https:\\\/\\\/patagoniambiental.com.ar\\\/info\\\/wp-content\\\/uploads\\\/2019\\\/01\\\/49895682_2254136048240762_1466343010705866752_n.jpg\",\"datePublished\":\"2019-01-13T12:00:39+00:00\",\"dateModified\":\"2019-01-14T13:17:27+00:00\",\"breadcrumb\":{\"@id\":\"https:\\\/\\\/patagoniambiental.com.ar\\\/info\\\/la-loberia-novedosas-propuestas-para-la-reapertura-de-centro-de-interpretacion-de-punta-bermeja\\\/#breadcrumb\"},\"inLanguage\":\"es\",\"potentialAction\":[{\"@type\":\"ReadAction\",\"target\":[\"https:\\\/\\\/patagoniambiental.com.ar\\\/info\\\/la-loberia-novedosas-propuestas-para-la-reapertura-de-centro-de-interpretacion-de-punta-bermeja\\\/\"]}]},{\"@type\":\"ImageObject\",\"inLanguage\":\"es\",\"@id\":\"https:\\\/\\\/patagoniambiental.com.ar\\\/info\\\/la-loberia-novedosas-propuestas-para-la-reapertura-de-centro-de-interpretacion-de-punta-bermeja\\\/#primaryimage\",\"url\":\"https:\\\/\\\/patagoniambiental.com.ar\\\/info\\\/wp-content\\\/uploads\\\/2019\\\/01\\\/49895682_2254136048240762_1466343010705866752_n.jpg\",\"contentUrl\":\"https:\\\/\\\/patagoniambiental.com.ar\\\/info\\\/wp-content\\\/uploads\\\/2019\\\/01\\\/49895682_2254136048240762_1466343010705866752_n.jpg\",\"width\":526,\"height\":394},{\"@type\":\"BreadcrumbList\",\"@id\":\"https:\\\/\\\/patagoniambiental.com.ar\\\/info\\\/la-loberia-novedosas-propuestas-para-la-reapertura-de-centro-de-interpretacion-de-punta-bermeja\\\/#breadcrumb\",\"itemListElement\":[{\"@type\":\"ListItem\",\"position\":1,\"name\":\"Inicio\",\"item\":\"https:\\\/\\\/patagoniambiental.com.ar\\\/info\\\/\"},{\"@type\":\"ListItem\",\"position\":2,\"name\":\"La Loberia: Novedosas propuestas para la\u00a0reapertura\u00a0de Centro de Interpretaci\u00f3n de\u00a0Punta Bermeja\"}]},{\"@type\":\"WebSite\",\"@id\":\"https:\\\/\\\/patagoniambiental.com.ar\\\/info\\\/#website\",\"url\":\"https:\\\/\\\/patagoniambiental.com.ar\\\/info\\\/\",\"name\":\"Patagonia Ambiental\",\"description\":\"Monitoreo y an\u00e1lisis de la situaci\u00f3n geopol\u00edtica en el mundo y su implicancia en la Patagonia\",\"publisher\":{\"@id\":\"https:\\\/\\\/patagoniambiental.com.ar\\\/info\\\/#organization\"},\"potentialAction\":[{\"@type\":\"SearchAction\",\"target\":{\"@type\":\"EntryPoint\",\"urlTemplate\":\"https:\\\/\\\/patagoniambiental.com.ar\\\/info\\\/?s={search_term_string}\"},\"query-input\":{\"@type\":\"PropertyValueSpecification\",\"valueRequired\":true,\"valueName\":\"search_term_string\"}}],\"inLanguage\":\"es\"},{\"@type\":\"Organization\",\"@id\":\"https:\\\/\\\/patagoniambiental.com.ar\\\/info\\\/#organization\",\"name\":\"Patagonia Ambiental\",\"url\":\"https:\\\/\\\/patagoniambiental.com.ar\\\/info\\\/\",\"logo\":{\"@type\":\"ImageObject\",\"inLanguage\":\"es\",\"@id\":\"https:\\\/\\\/patagoniambiental.com.ar\\\/info\\\/#\\\/schema\\\/logo\\\/image\\\/\",\"url\":\"https:\\\/\\\/patagoniambiental.com.ar\\\/info\\\/wp-content\\\/uploads\\\/2025\\\/05\\\/LOGO-PATAGONIA-AMBIENTAL.png\",\"contentUrl\":\"https:\\\/\\\/patagoniambiental.com.ar\\\/info\\\/wp-content\\\/uploads\\\/2025\\\/05\\\/LOGO-PATAGONIA-AMBIENTAL.png\",\"width\":433,\"height\":250,\"caption\":\"Patagonia Ambiental\"},\"image\":{\"@id\":\"https:\\\/\\\/patagoniambiental.com.ar\\\/info\\\/#\\\/schema\\\/logo\\\/image\\\/\"},\"sameAs\":[\"https:\\\/\\\/www.facebook.com\\\/patagonia.ambiental\",\"https:\\\/\\\/x.com\\\/PatAmb\"]},{\"@type\":\"Person\",\"@id\":\"https:\\\/\\\/patagoniambiental.com.ar\\\/info\\\/#\\\/schema\\\/person\\\/db12bff64bbcbf6a253710bf0ea37b5d\",\"name\":\"Patagonia Ambiental\",\"description\":\"Andr\u00e9s Nievas T\u00e9cnico en manejo ambiental, consultor Ambiental y escritor para medios locales e internacionales sobre temas de geopolitica y medio ambiente.\",\"sameAs\":[\"http:\\\/\\\/www.patagoniambiental.com.ar\",\"https:\\\/\\\/www.facebook.com\\\/share\\\/1C1V8Gv9BX\\\/?mibextid=qi2Omg\",\"@patagoniambiental\",\"https:\\\/\\\/youtube.com\\\/@patagoniaambiental2023?si=BLt58t0wuXquxlYZ\"]}]}<\/script>\n<!-- \/ Yoast SEO Premium plugin. -->","yoast_head_json":{"title":"La Loberia: Novedosas propuestas para la\u00a0reapertura\u00a0de Centro de Interpretaci\u00f3n de\u00a0Punta Bermeja","robots":{"index":"index","follow":"follow","max-snippet":"max-snippet:-1","max-image-preview":"max-image-preview:large","max-video-preview":"max-video-preview:-1"},"canonical":"https:\/\/patagoniambiental.com.ar\/info\/la-loberia-novedosas-propuestas-para-la-reapertura-de-centro-de-interpretacion-de-punta-bermeja\/","og_locale":"es_ES","og_type":"article","og_title":"La Loberia: Novedosas propuestas para la\u00a0reapertura\u00a0de Centro de Interpretaci\u00f3n de\u00a0Punta Bermeja","og_description":"La Lober\u00eda.-El lugar contar\u00e1 con nuevas opciones de educaci\u00f3n ambiental, un espacio para exposiciones de artistas locales, y un auditorio [&hellip;]","og_url":"https:\/\/patagoniambiental.com.ar\/info\/la-loberia-novedosas-propuestas-para-la-reapertura-de-centro-de-interpretacion-de-punta-bermeja\/","og_site_name":"Patagonia Ambiental","article_publisher":"https:\/\/www.facebook.com\/patagonia.ambiental","article_author":"https:\/\/www.facebook.com\/share\/1C1V8Gv9BX\/?mibextid=qi2Omg","article_published_time":"2019-01-13T12:00:39+00:00","article_modified_time":"2019-01-14T13:17:27+00:00","og_image":[{"width":526,"height":394,"url":"https:\/\/patagoniambiental.com.ar\/info\/wp-content\/uploads\/2019\/01\/49895682_2254136048240762_1466343010705866752_n.jpg","type":"image\/jpeg"}],"author":"Patagonia Ambiental","twitter_card":"summary_large_image","twitter_creator":"@PatAmb","twitter_site":"@PatAmb","schema":{"@context":"https:\/\/schema.org","@graph":[{"@type":"Article","@id":"https:\/\/patagoniambiental.com.ar\/info\/la-loberia-novedosas-propuestas-para-la-reapertura-de-centro-de-interpretacion-de-punta-bermeja\/#article","isPartOf":{"@id":"https:\/\/patagoniambiental.com.ar\/info\/la-loberia-novedosas-propuestas-para-la-reapertura-de-centro-de-interpretacion-de-punta-bermeja\/"},"author":{"name":"Patagonia Ambiental","@id":"https:\/\/patagoniambiental.com.ar\/info\/#\/schema\/person\/db12bff64bbcbf6a253710bf0ea37b5d"},"headline":"La Loberia: Novedosas propuestas para la\u00a0reapertura\u00a0de Centro de Interpretaci\u00f3n de\u00a0Punta Bermeja","datePublished":"2019-01-13T12:00:39+00:00","dateModified":"2019-01-14T13:17:27+00:00","mainEntityOfPage":{"@id":"https:\/\/patagoniambiental.com.ar\/info\/la-loberia-novedosas-propuestas-para-la-reapertura-de-centro-de-interpretacion-de-punta-bermeja\/"},"wordCount":255,"commentCount":0,"publisher":{"@id":"https:\/\/patagoniambiental.com.ar\/info\/#organization"},"image":{"@id":"https:\/\/patagoniambiental.com.ar\/info\/la-loberia-novedosas-propuestas-para-la-reapertura-de-centro-de-interpretacion-de-punta-bermeja\/#primaryimage"},"thumbnailUrl":"https:\/\/patagoniambiental.com.ar\/info\/wp-content\/uploads\/2019\/01\/49895682_2254136048240762_1466343010705866752_n.jpg","articleSection":["Noticias","Provinciales","R\u00edo Negro"],"inLanguage":"es","potentialAction":[{"@type":"CommentAction","name":"Comment","target":["https:\/\/patagoniambiental.com.ar\/info\/la-loberia-novedosas-propuestas-para-la-reapertura-de-centro-de-interpretacion-de-punta-bermeja\/#respond"]}]},{"@type":"WebPage","@id":"https:\/\/patagoniambiental.com.ar\/info\/la-loberia-novedosas-propuestas-para-la-reapertura-de-centro-de-interpretacion-de-punta-bermeja\/","url":"https:\/\/patagoniambiental.com.ar\/info\/la-loberia-novedosas-propuestas-para-la-reapertura-de-centro-de-interpretacion-de-punta-bermeja\/","name":"La Loberia: Novedosas propuestas para la\u00a0reapertura\u00a0de Centro de Interpretaci\u00f3n de\u00a0Punta Bermeja","isPartOf":{"@id":"https:\/\/patagoniambiental.com.ar\/info\/#website"},"primaryImageOfPage":{"@id":"https:\/\/patagoniambiental.com.ar\/info\/la-loberia-novedosas-propuestas-para-la-reapertura-de-centro-de-interpretacion-de-punta-bermeja\/#primaryimage"},"image":{"@id":"https:\/\/patagoniambiental.com.ar\/info\/la-loberia-novedosas-propuestas-para-la-reapertura-de-centro-de-interpretacion-de-punta-bermeja\/#primaryimage"},"thumbnailUrl":"https:\/\/patagoniambiental.com.ar\/info\/wp-content\/uploads\/2019\/01\/49895682_2254136048240762_1466343010705866752_n.jpg","datePublished":"2019-01-13T12:00:39+00:00","dateModified":"2019-01-14T13:17:27+00:00","breadcrumb":{"@id":"https:\/\/patagoniambiental.com.ar\/info\/la-loberia-novedosas-propuestas-para-la-reapertura-de-centro-de-interpretacion-de-punta-bermeja\/#breadcrumb"},"inLanguage":"es","potentialAction":[{"@type":"ReadAction","target":["https:\/\/patagoniambiental.com.ar\/info\/la-loberia-novedosas-propuestas-para-la-reapertura-de-centro-de-interpretacion-de-punta-bermeja\/"]}]},{"@type":"ImageObject","inLanguage":"es","@id":"https:\/\/patagoniambiental.com.ar\/info\/la-loberia-novedosas-propuestas-para-la-reapertura-de-centro-de-interpretacion-de-punta-bermeja\/#primaryimage","url":"https:\/\/patagoniambiental.com.ar\/info\/wp-content\/uploads\/2019\/01\/49895682_2254136048240762_1466343010705866752_n.jpg","contentUrl":"https:\/\/patagoniambiental.com.ar\/info\/wp-content\/uploads\/2019\/01\/49895682_2254136048240762_1466343010705866752_n.jpg","width":526,"height":394},{"@type":"BreadcrumbList","@id":"https:\/\/patagoniambiental.com.ar\/info\/la-loberia-novedosas-propuestas-para-la-reapertura-de-centro-de-interpretacion-de-punta-bermeja\/#breadcrumb","itemListElement":[{"@type":"ListItem","position":1,"name":"Inicio","item":"https:\/\/patagoniambiental.com.ar\/info\/"},{"@type":"ListItem","position":2,"name":"La Loberia: Novedosas propuestas para la\u00a0reapertura\u00a0de Centro de Interpretaci\u00f3n de\u00a0Punta Bermeja"}]},{"@type":"WebSite","@id":"https:\/\/patagoniambiental.com.ar\/info\/#website","url":"https:\/\/patagoniambiental.com.ar\/info\/","name":"Patagonia Ambiental","description":"Monitoreo y an\u00e1lisis de la situaci\u00f3n geopol\u00edtica en el mundo y su implicancia en la Patagonia","publisher":{"@id":"https:\/\/patagoniambiental.com.ar\/info\/#organization"},"potentialAction":[{"@type":"SearchAction","target":{"@type":"EntryPoint","urlTemplate":"https:\/\/patagoniambiental.com.ar\/info\/?s={search_term_string}"},"query-input":{"@type":"PropertyValueSpecification","valueRequired":true,"valueName":"search_term_string"}}],"inLanguage":"es"},{"@type":"Organization","@id":"https:\/\/patagoniambiental.com.ar\/info\/#organization","name":"Patagonia Ambiental","url":"https:\/\/patagoniambiental.com.ar\/info\/","logo":{"@type":"ImageObject","inLanguage":"es","@id":"https:\/\/patagoniambiental.com.ar\/info\/#\/schema\/logo\/image\/","url":"https:\/\/patagoniambiental.com.ar\/info\/wp-content\/uploads\/2025\/05\/LOGO-PATAGONIA-AMBIENTAL.png","contentUrl":"https:\/\/patagoniambiental.com.ar\/info\/wp-content\/uploads\/2025\/05\/LOGO-PATAGONIA-AMBIENTAL.png","width":433,"height":250,"caption":"Patagonia Ambiental"},"image":{"@id":"https:\/\/patagoniambiental.com.ar\/info\/#\/schema\/logo\/image\/"},"sameAs":["https:\/\/www.facebook.com\/patagonia.ambiental","https:\/\/x.com\/PatAmb"]},{"@type":"Person","@id":"https:\/\/patagoniambiental.com.ar\/info\/#\/schema\/person\/db12bff64bbcbf6a253710bf0ea37b5d","name":"Patagonia Ambiental","description":"Andr\u00e9s Nievas T\u00e9cnico en manejo ambiental, consultor Ambiental y escritor para medios locales e internacionales sobre temas de geopolitica y medio ambiente.","sameAs":["http:\/\/www.patagoniambiental.com.ar","https:\/\/www.facebook.com\/share\/1C1V8Gv9BX\/?mibextid=qi2Omg","@patagoniambiental","https:\/\/youtube.com\/@patagoniaambiental2023?si=BLt58t0wuXquxlYZ"]}]}},"_links":{"self":[{"href":"https:\/\/patagoniambiental.com.ar\/info\/wp-json\/wp\/v2\/posts\/58380","targetHints":{"allow":["GET"]}}],"collection":[{"href":"https:\/\/patagoniambiental.com.ar\/info\/wp-json\/wp\/v2\/posts"}],"about":[{"href":"https:\/\/patagoniambiental.com.ar\/info\/wp-json\/wp\/v2\/types\/post"}],"author":[{"embeddable":true,"href":"https:\/\/patagoniambiental.com.ar\/info\/wp-json\/wp\/v2\/users\/2"}],"replies":[{"embeddable":true,"href":"https:\/\/patagoniambiental.com.ar\/info\/wp-json\/wp\/v2\/comments?post=58380"}],"version-history":[{"count":0,"href":"https:\/\/patagoniambiental.com.ar\/info\/wp-json\/wp\/v2\/posts\/58380\/revisions"}],"wp:featuredmedia":[{"embeddable":true,"href":"https:\/\/patagoniambiental.com.ar\/info\/wp-json\/wp\/v2\/media\/58381"}],"wp:attachment":[{"href":"https:\/\/patagoniambiental.com.ar\/info\/wp-json\/wp\/v2\/media?parent=58380"}],"wp:term":[{"taxonomy":"category","embeddable":true,"href":"https:\/\/patagoniambiental.com.ar\/info\/wp-json\/wp\/v2\/categories?post=58380"},{"taxonomy":"post_tag","embeddable":true,"href":"https:\/\/patagoniambiental.com.ar\/info\/wp-json\/wp\/v2\/tags?post=58380"}],"curies":[{"name":"wp","href":"https:\/\/api.w.org\/{rel}","templated":true}]}}