{"id":58416,"date":"2019-01-15T19:00:13","date_gmt":"2019-01-15T22:00:13","guid":{"rendered":"http:\/\/patagoniambiental.com.ar\/info\/?p=58416"},"modified":"2019-01-15T14:04:14","modified_gmt":"2019-01-15T17:04:14","slug":"el-presidente-estuvo-en-ushuaia-y-recorrio-la-obra-del-arroyo-grande","status":"publish","type":"post","link":"https:\/\/patagoniambiental.com.ar\/info\/el-presidente-estuvo-en-ushuaia-y-recorrio-la-obra-del-arroyo-grande\/","title":{"rendered":"El Presidente estuvo en Ushuaia y recorri\u00f3 la obra del Arroyo Grande"},"content":{"rendered":"<header>\n<div class=\"detalle\">Ushuaia.-El mandatario lleg\u00f3 este domingo y fue recibido por el Vicegobernador. Recorri\u00f3 la obra, donde marc\u00f3 la diferencia con el kirchnerismo en las ejecuciones de obras.<\/div>\n<\/header>\n<p><!--more--><\/p>\n<div id=\"bloque-25\" class=\"bloque-html bloque-contenido-1a\" data-bloque=\"25\">\n<div class=\"addthis_sharing_toolbox\" data-url=\"https:\/\/ushuaia24.com.ar\/noticia\/4817\/el-presidente-estuvo-en-ushuaia-y-recorrio-la-obra-del-arroyo-grande\" data-title=\"El Presidente estuvo en Ushuaia y recorri\u00f3 la obra del Arroyo Grande\" data-description=\"El mandatario lleg\u00f3 este domingo y fue recibido por el Vicegobernador. Recorri\u00f3 la obra, donde marc\u00f3 la diferencia con el kirchnerismo en las ejecuciones de obras.\">\n<div id=\"atstbx\" class=\"at-share-tbx-element addthis-smartlayers addthis-animated at4-show\" role=\"region\" aria-labelledby=\"at-2bfeff30-4154-47e2-8548-e575f0fea749\"><span id=\"at-2bfeff30-4154-47e2-8548-e575f0fea749\" class=\"at4-visually-hidden\"><\/span><\/p>\n<div class=\"at-share-btn-elements\"><\/div>\n<\/div>\n<\/div>\n<\/div>\n<div class=\"videos-contenido fullpost__videos\">\n<div class=\"lista-videos\">\n<article class=\"video\">\n<div class=\"embed-responsive embed-responsive-16by9\" contenteditable=\"false\"><iframe class=\"embed-responsive-item\" src=\"https:\/\/www.youtube.com\/embed\/5zEIMdCRnDg\" width=\"500\" height=\"300\" allowfullscreen=\"allowfullscreen\" data-mce-fragment=\"1\"><\/iframe><\/div>\n<\/article>\n<\/div>\n<\/div>\n<div class=\"cuerpo fullpost__cuerpo\">\n<p>El presidente Mauricio Macri fue recibido ayer en el Aeropuerto Internacional Islas Malvinas por el vicegobernador Juan Carlos Arcando, para este lunes recorrer la obra de\u00a0planta de tratamiento de residuos cloacales \u00abArroyo Grande\u00bb.<\/p>\n<p>Con ausencia de la gobernadora Rosana Bertone, quien se encuentra de licencia, y del intendente Walter Vuoto, el mandatario comenz\u00f3 su discurso diciendo que \u00a0es por ac\u00e1 que vamos al progreso, al futuro, al trabajo digno y de calidad para todos los argentinos\u201d y destac\u00f3 que\u00a0\u00a0\u201ccada vez que una obra avanza, que se termina, que una pyme crece, que un exportador exporta, significa que estamos trabajando juntos para construir esas bases s\u00f3lidas sobre las cuales este pa\u00eds va a crecer al nivel que todos queremos y merecemos\u201d.<\/p>\n<p>Dijo que \u201csabemos que construir eso no se hace de un d\u00eda para otro\u201d porque cada una de las partes \u201ctiene que poner su esfuerzo, su granito de arena con constancia y convicci\u00f3n\u201d.<\/p>\n<p>\u201cTodo lo que vale cuesta. Lo que es importante lleva un proceso de trabajo, pero lo bueno es que ya comenz\u00f3, lo estamos haciendo, que este es el camino, que no hay otro y que es por ac\u00e1\u201d, puntualiz\u00f3.<\/p>\n<p>La obra Arroyo Grande\u00a0beneficiar\u00e1 a unas 46 mil habitantes de la provincia de Tierra del Fuego. Macri subray\u00f3 que la planta es otro aporte al cuidado del medio ambiente porque evitar\u00e1 que los afluentes sean descargados sin el tratamiento adecuado, mejorar\u00e1 la calidad de vida de los habitantes y permitir\u00e1 sanear m\u00e1s de 800 hect\u00e1reas.<\/p>\n<p>Sostuvo que este tipo de obras cumplen \u201ccon promesas\u201d que llevaban d\u00e9cadas y remarc\u00f3 que se est\u00e1n realizando \u201cen tiempo y forma\u201d, dejando \u201cbander\u00edas pol\u00edticas de lado porque lo importante es la gente\u201d.<\/p>\n<p>\u201cY en esta nueva etapa lo hemos logrado con trasparencia, licitando la obra en forma competitiva\u201d, a\u00f1adi\u00f3.<\/p>\n<p><img fetchpriority=\"high\" decoding=\"async\" class=\"img-responsive lazyautosizes lazyloaded\" src=\"http:\/\/ushuaia24.com.ar\/download\/multimedia.normal.a9b3ab008e5dcaf5.4d616372695f557368756169615f6e6f726d616c2e6a7067.jpg\" sizes=\"740px\" srcset=\"\/download\/multimedia.normal.a9b3ab008e5dcaf5.4d616372695f557368756169615f6e6f726d616c2e6a7067.jpg 750w, \/download\/multimedia.miniatura.b5c2f5e9ec7570cc.4d616372695f557368756169615f6d696e6961747572612e6a7067.jpg 400w\" alt=\"Macri_Ushuaia\" width=\"750\" height=\"535\" data-sizes=\"auto\" data-src=\"http:\/\/ushuaia24.com.ar\/download\/multimedia.normal.a9b3ab008e5dcaf5.4d616372695f557368756169615f6e6f726d616c2e6a7067.jpg\" data-srcset=\"\/download\/multimedia.normal.a9b3ab008e5dcaf5.4d616372695f557368756169615f6e6f726d616c2e6a7067.jpg 750w, \/download\/multimedia.miniatura.b5c2f5e9ec7570cc.4d616372695f557368756169615f6d696e6961747572612e6a7067.jpg 400w\" \/><br \/>\n<img decoding=\"async\" class=\"img-responsive lazyautosizes lazyloaded\" src=\"http:\/\/ushuaia24.com.ar\/download\/multimedia.normal.a837e36439ef5291.6d616372695f75736875616961335f6e6f726d616c2e6a7067.jpg\" sizes=\"740px\" srcset=\"\/download\/multimedia.normal.a837e36439ef5291.6d616372695f75736875616961335f6e6f726d616c2e6a7067.jpg 750w, \/download\/multimedia.miniatura.84c199bc980c6a8e.6d616372695f75736875616961335f6d696e6961747572612e6a7067.jpg 400w\" alt=\"macri_ushuaia3\" width=\"750\" height=\"520\" data-sizes=\"auto\" data-src=\"http:\/\/ushuaia24.com.ar\/download\/multimedia.normal.a837e36439ef5291.6d616372695f75736875616961335f6e6f726d616c2e6a7067.jpg\" data-srcset=\"\/download\/multimedia.normal.a837e36439ef5291.6d616372695f75736875616961335f6e6f726d616c2e6a7067.jpg 750w, \/download\/multimedia.miniatura.84c199bc980c6a8e.6d616372695f75736875616961335f6d696e6961747572612e6a7067.jpg 400w\" \/><br \/>\n<em><strong>Fotos: Presidencia<\/strong><\/em><\/p>\n<p>Fuente:\u00a0https:\/\/ushuaia24.com.ar\/noticia\/4817\/el-presidente-estuvo-en-ushuaia-y-recorrio-la-obra-del-arroyo-grande<\/p>\n<\/div>\n","protected":false},"excerpt":{"rendered":"<p>Ushuaia.-El mandatario lleg\u00f3 este domingo y fue recibido por el Vicegobernador. Recorri\u00f3 la obra, donde marc\u00f3 la diferencia con el [&hellip;]<\/p>\n","protected":false},"author":2,"featured_media":58417,"comment_status":"open","ping_status":"open","sticky":false,"template":"","format":"standard","meta":{"site-sidebar-layout":"default","site-content-layout":"","ast-site-content-layout":"default","site-content-style":"default","site-sidebar-style":"default","ast-global-header-display":"","ast-banner-title-visibility":"","ast-main-header-display":"","ast-hfb-above-header-display":"","ast-hfb-below-header-display":"","ast-hfb-mobile-header-display":"","site-post-title":"","ast-breadcrumbs-content":"","ast-featured-img":"","footer-sml-layout":"","ast-disable-related-posts":"","theme-transparent-header-meta":"","adv-header-id-meta":"","stick-header-meta":"","header-above-stick-meta":"","header-main-stick-meta":"","header-below-stick-meta":"","astra-migrate-meta-layouts":"default","ast-page-background-enabled":"default","ast-page-background-meta":{"desktop":{"background-color":"var(--ast-global-color-5)","background-image":"","background-repeat":"repeat","background-position":"center center","background-size":"auto","background-attachment":"scroll","background-type":"","background-media":"","overlay-type":"","overlay-color":"","overlay-opacity":"","overlay-gradient":""},"tablet":{"background-color":"","background-image":"","background-repeat":"repeat","background-position":"center center","background-size":"auto","background-attachment":"scroll","background-type":"","background-media":"","overlay-type":"","overlay-color":"","overlay-opacity":"","overlay-gradient":""},"mobile":{"background-color":"","background-image":"","background-repeat":"repeat","background-position":"center center","background-size":"auto","background-attachment":"scroll","background-type":"","background-media":"","overlay-type":"","overlay-color":"","overlay-opacity":"","overlay-gradient":""}},"ast-content-background-meta":{"desktop":{"background-color":"var(--ast-global-color-4)","background-image":"","background-repeat":"repeat","background-position":"center center","background-size":"auto","background-attachment":"scroll","background-type":"","background-media":"","overlay-type":"","overlay-color":"","overlay-opacity":"","overlay-gradient":""},"tablet":{"background-color":"var(--ast-global-color-4)","background-image":"","background-repeat":"repeat","background-position":"center center","background-size":"auto","background-attachment":"scroll","background-type":"","background-media":"","overlay-type":"","overlay-color":"","overlay-opacity":"","overlay-gradient":""},"mobile":{"background-color":"var(--ast-global-color-4)","background-image":"","background-repeat":"repeat","background-position":"center center","background-size":"auto","background-attachment":"scroll","background-type":"","background-media":"","overlay-type":"","overlay-color":"","overlay-opacity":"","overlay-gradient":""}},"footnotes":""},"categories":[1,13,25],"tags":[],"class_list":["post-58416","post","type-post","status-publish","format-standard","has-post-thumbnail","hentry","category-noticias","category-provinciales","category-tierra-del-fuego"],"yoast_head":"<!-- This site is optimized with the Yoast SEO Premium plugin v23.0 (Yoast SEO v27.4) - https:\/\/yoast.com\/product\/yoast-seo-premium-wordpress\/ -->\n<title>El Presidente estuvo en Ushuaia y recorri\u00f3 la obra del Arroyo Grande<\/title>\n<meta name=\"robots\" content=\"index, follow, max-snippet:-1, max-image-preview:large, max-video-preview:-1\" \/>\n<link rel=\"canonical\" href=\"https:\/\/patagoniambiental.com.ar\/info\/el-presidente-estuvo-en-ushuaia-y-recorrio-la-obra-del-arroyo-grande\/\" \/>\n<meta property=\"og:locale\" content=\"es_ES\" \/>\n<meta property=\"og:type\" content=\"article\" \/>\n<meta property=\"og:title\" content=\"El Presidente estuvo en Ushuaia y recorri\u00f3 la obra del Arroyo Grande\" \/>\n<meta property=\"og:description\" content=\"Ushuaia.-El mandatario lleg\u00f3 este domingo y fue recibido por el Vicegobernador. Recorri\u00f3 la obra, donde marc\u00f3 la diferencia con el [&hellip;]\" \/>\n<meta property=\"og:url\" content=\"https:\/\/patagoniambiental.com.ar\/info\/el-presidente-estuvo-en-ushuaia-y-recorrio-la-obra-del-arroyo-grande\/\" \/>\n<meta property=\"og:site_name\" content=\"Patagonia Ambiental\" \/>\n<meta property=\"article:publisher\" content=\"https:\/\/www.facebook.com\/patagonia.ambiental\" \/>\n<meta property=\"article:author\" content=\"https:\/\/www.facebook.com\/share\/1C1V8Gv9BX\/?mibextid=qi2Omg\" \/>\n<meta property=\"article:published_time\" content=\"2019-01-15T22:00:13+00:00\" \/>\n<meta property=\"og:image\" content=\"https:\/\/patagoniambiental.com.ar\/info\/wp-content\/uploads\/2019\/01\/multimedia.normal.a9b3ab008e5dcaf5.4d616372695f557368756169615f6e6f726d616c2e6a7067.jpg\" \/>\n\t<meta property=\"og:image:width\" content=\"750\" \/>\n\t<meta property=\"og:image:height\" content=\"535\" \/>\n\t<meta property=\"og:image:type\" content=\"image\/jpeg\" \/>\n<meta name=\"author\" content=\"Patagonia Ambiental\" \/>\n<meta name=\"twitter:card\" content=\"summary_large_image\" \/>\n<meta name=\"twitter:creator\" content=\"@PatAmb\" \/>\n<meta name=\"twitter:site\" content=\"@PatAmb\" \/>\n<script type=\"application\/ld+json\" class=\"yoast-schema-graph\">{\"@context\":\"https:\\\/\\\/schema.org\",\"@graph\":[{\"@type\":\"Article\",\"@id\":\"https:\\\/\\\/patagoniambiental.com.ar\\\/info\\\/el-presidente-estuvo-en-ushuaia-y-recorrio-la-obra-del-arroyo-grande\\\/#article\",\"isPartOf\":{\"@id\":\"https:\\\/\\\/patagoniambiental.com.ar\\\/info\\\/el-presidente-estuvo-en-ushuaia-y-recorrio-la-obra-del-arroyo-grande\\\/\"},\"author\":{\"name\":\"Patagonia Ambiental\",\"@id\":\"https:\\\/\\\/patagoniambiental.com.ar\\\/info\\\/#\\\/schema\\\/person\\\/db12bff64bbcbf6a253710bf0ea37b5d\"},\"headline\":\"El Presidente estuvo en Ushuaia y recorri\u00f3 la obra del Arroyo Grande\",\"datePublished\":\"2019-01-15T22:00:13+00:00\",\"mainEntityOfPage\":{\"@id\":\"https:\\\/\\\/patagoniambiental.com.ar\\\/info\\\/el-presidente-estuvo-en-ushuaia-y-recorrio-la-obra-del-arroyo-grande\\\/\"},\"wordCount\":357,\"commentCount\":0,\"publisher\":{\"@id\":\"https:\\\/\\\/patagoniambiental.com.ar\\\/info\\\/#organization\"},\"image\":{\"@id\":\"https:\\\/\\\/patagoniambiental.com.ar\\\/info\\\/el-presidente-estuvo-en-ushuaia-y-recorrio-la-obra-del-arroyo-grande\\\/#primaryimage\"},\"thumbnailUrl\":\"https:\\\/\\\/patagoniambiental.com.ar\\\/info\\\/wp-content\\\/uploads\\\/2019\\\/01\\\/multimedia.normal.a9b3ab008e5dcaf5.4d616372695f557368756169615f6e6f726d616c2e6a7067.jpg\",\"articleSection\":[\"Noticias\",\"Provinciales\",\"Tierra del Fuego\"],\"inLanguage\":\"es\",\"potentialAction\":[{\"@type\":\"CommentAction\",\"name\":\"Comment\",\"target\":[\"https:\\\/\\\/patagoniambiental.com.ar\\\/info\\\/el-presidente-estuvo-en-ushuaia-y-recorrio-la-obra-del-arroyo-grande\\\/#respond\"]}]},{\"@type\":\"WebPage\",\"@id\":\"https:\\\/\\\/patagoniambiental.com.ar\\\/info\\\/el-presidente-estuvo-en-ushuaia-y-recorrio-la-obra-del-arroyo-grande\\\/\",\"url\":\"https:\\\/\\\/patagoniambiental.com.ar\\\/info\\\/el-presidente-estuvo-en-ushuaia-y-recorrio-la-obra-del-arroyo-grande\\\/\",\"name\":\"El Presidente estuvo en Ushuaia y recorri\u00f3 la obra del Arroyo Grande\",\"isPartOf\":{\"@id\":\"https:\\\/\\\/patagoniambiental.com.ar\\\/info\\\/#website\"},\"primaryImageOfPage\":{\"@id\":\"https:\\\/\\\/patagoniambiental.com.ar\\\/info\\\/el-presidente-estuvo-en-ushuaia-y-recorrio-la-obra-del-arroyo-grande\\\/#primaryimage\"},\"image\":{\"@id\":\"https:\\\/\\\/patagoniambiental.com.ar\\\/info\\\/el-presidente-estuvo-en-ushuaia-y-recorrio-la-obra-del-arroyo-grande\\\/#primaryimage\"},\"thumbnailUrl\":\"https:\\\/\\\/patagoniambiental.com.ar\\\/info\\\/wp-content\\\/uploads\\\/2019\\\/01\\\/multimedia.normal.a9b3ab008e5dcaf5.4d616372695f557368756169615f6e6f726d616c2e6a7067.jpg\",\"datePublished\":\"2019-01-15T22:00:13+00:00\",\"breadcrumb\":{\"@id\":\"https:\\\/\\\/patagoniambiental.com.ar\\\/info\\\/el-presidente-estuvo-en-ushuaia-y-recorrio-la-obra-del-arroyo-grande\\\/#breadcrumb\"},\"inLanguage\":\"es\",\"potentialAction\":[{\"@type\":\"ReadAction\",\"target\":[\"https:\\\/\\\/patagoniambiental.com.ar\\\/info\\\/el-presidente-estuvo-en-ushuaia-y-recorrio-la-obra-del-arroyo-grande\\\/\"]}]},{\"@type\":\"ImageObject\",\"inLanguage\":\"es\",\"@id\":\"https:\\\/\\\/patagoniambiental.com.ar\\\/info\\\/el-presidente-estuvo-en-ushuaia-y-recorrio-la-obra-del-arroyo-grande\\\/#primaryimage\",\"url\":\"https:\\\/\\\/patagoniambiental.com.ar\\\/info\\\/wp-content\\\/uploads\\\/2019\\\/01\\\/multimedia.normal.a9b3ab008e5dcaf5.4d616372695f557368756169615f6e6f726d616c2e6a7067.jpg\",\"contentUrl\":\"https:\\\/\\\/patagoniambiental.com.ar\\\/info\\\/wp-content\\\/uploads\\\/2019\\\/01\\\/multimedia.normal.a9b3ab008e5dcaf5.4d616372695f557368756169615f6e6f726d616c2e6a7067.jpg\",\"width\":750,\"height\":535},{\"@type\":\"BreadcrumbList\",\"@id\":\"https:\\\/\\\/patagoniambiental.com.ar\\\/info\\\/el-presidente-estuvo-en-ushuaia-y-recorrio-la-obra-del-arroyo-grande\\\/#breadcrumb\",\"itemListElement\":[{\"@type\":\"ListItem\",\"position\":1,\"name\":\"Inicio\",\"item\":\"https:\\\/\\\/patagoniambiental.com.ar\\\/info\\\/\"},{\"@type\":\"ListItem\",\"position\":2,\"name\":\"El Presidente estuvo en Ushuaia y recorri\u00f3 la obra del Arroyo Grande\"}]},{\"@type\":\"WebSite\",\"@id\":\"https:\\\/\\\/patagoniambiental.com.ar\\\/info\\\/#website\",\"url\":\"https:\\\/\\\/patagoniambiental.com.ar\\\/info\\\/\",\"name\":\"Patagonia Ambiental\",\"description\":\"Monitoreo y an\u00e1lisis de la situaci\u00f3n geopol\u00edtica en el mundo y su implicancia en la Patagonia\",\"publisher\":{\"@id\":\"https:\\\/\\\/patagoniambiental.com.ar\\\/info\\\/#organization\"},\"potentialAction\":[{\"@type\":\"SearchAction\",\"target\":{\"@type\":\"EntryPoint\",\"urlTemplate\":\"https:\\\/\\\/patagoniambiental.com.ar\\\/info\\\/?s={search_term_string}\"},\"query-input\":{\"@type\":\"PropertyValueSpecification\",\"valueRequired\":true,\"valueName\":\"search_term_string\"}}],\"inLanguage\":\"es\"},{\"@type\":\"Organization\",\"@id\":\"https:\\\/\\\/patagoniambiental.com.ar\\\/info\\\/#organization\",\"name\":\"Patagonia Ambiental\",\"url\":\"https:\\\/\\\/patagoniambiental.com.ar\\\/info\\\/\",\"logo\":{\"@type\":\"ImageObject\",\"inLanguage\":\"es\",\"@id\":\"https:\\\/\\\/patagoniambiental.com.ar\\\/info\\\/#\\\/schema\\\/logo\\\/image\\\/\",\"url\":\"https:\\\/\\\/patagoniambiental.com.ar\\\/info\\\/wp-content\\\/uploads\\\/2025\\\/05\\\/LOGO-PATAGONIA-AMBIENTAL.png\",\"contentUrl\":\"https:\\\/\\\/patagoniambiental.com.ar\\\/info\\\/wp-content\\\/uploads\\\/2025\\\/05\\\/LOGO-PATAGONIA-AMBIENTAL.png\",\"width\":433,\"height\":250,\"caption\":\"Patagonia Ambiental\"},\"image\":{\"@id\":\"https:\\\/\\\/patagoniambiental.com.ar\\\/info\\\/#\\\/schema\\\/logo\\\/image\\\/\"},\"sameAs\":[\"https:\\\/\\\/www.facebook.com\\\/patagonia.ambiental\",\"https:\\\/\\\/x.com\\\/PatAmb\"]},{\"@type\":\"Person\",\"@id\":\"https:\\\/\\\/patagoniambiental.com.ar\\\/info\\\/#\\\/schema\\\/person\\\/db12bff64bbcbf6a253710bf0ea37b5d\",\"name\":\"Patagonia Ambiental\",\"description\":\"Andr\u00e9s Nievas T\u00e9cnico en manejo ambiental, consultor Ambiental y escritor para medios locales e internacionales sobre temas de geopolitica y medio ambiente.\",\"sameAs\":[\"http:\\\/\\\/www.patagoniambiental.com.ar\",\"https:\\\/\\\/www.facebook.com\\\/share\\\/1C1V8Gv9BX\\\/?mibextid=qi2Omg\",\"@patagoniambiental\",\"https:\\\/\\\/youtube.com\\\/@patagoniaambiental2023?si=BLt58t0wuXquxlYZ\"]}]}<\/script>\n<!-- \/ Yoast SEO Premium plugin. -->","yoast_head_json":{"title":"El Presidente estuvo en Ushuaia y recorri\u00f3 la obra del Arroyo Grande","robots":{"index":"index","follow":"follow","max-snippet":"max-snippet:-1","max-image-preview":"max-image-preview:large","max-video-preview":"max-video-preview:-1"},"canonical":"https:\/\/patagoniambiental.com.ar\/info\/el-presidente-estuvo-en-ushuaia-y-recorrio-la-obra-del-arroyo-grande\/","og_locale":"es_ES","og_type":"article","og_title":"El Presidente estuvo en Ushuaia y recorri\u00f3 la obra del Arroyo Grande","og_description":"Ushuaia.-El mandatario lleg\u00f3 este domingo y fue recibido por el Vicegobernador. Recorri\u00f3 la obra, donde marc\u00f3 la diferencia con el [&hellip;]","og_url":"https:\/\/patagoniambiental.com.ar\/info\/el-presidente-estuvo-en-ushuaia-y-recorrio-la-obra-del-arroyo-grande\/","og_site_name":"Patagonia Ambiental","article_publisher":"https:\/\/www.facebook.com\/patagonia.ambiental","article_author":"https:\/\/www.facebook.com\/share\/1C1V8Gv9BX\/?mibextid=qi2Omg","article_published_time":"2019-01-15T22:00:13+00:00","og_image":[{"width":750,"height":535,"url":"https:\/\/patagoniambiental.com.ar\/info\/wp-content\/uploads\/2019\/01\/multimedia.normal.a9b3ab008e5dcaf5.4d616372695f557368756169615f6e6f726d616c2e6a7067.jpg","type":"image\/jpeg"}],"author":"Patagonia Ambiental","twitter_card":"summary_large_image","twitter_creator":"@PatAmb","twitter_site":"@PatAmb","schema":{"@context":"https:\/\/schema.org","@graph":[{"@type":"Article","@id":"https:\/\/patagoniambiental.com.ar\/info\/el-presidente-estuvo-en-ushuaia-y-recorrio-la-obra-del-arroyo-grande\/#article","isPartOf":{"@id":"https:\/\/patagoniambiental.com.ar\/info\/el-presidente-estuvo-en-ushuaia-y-recorrio-la-obra-del-arroyo-grande\/"},"author":{"name":"Patagonia Ambiental","@id":"https:\/\/patagoniambiental.com.ar\/info\/#\/schema\/person\/db12bff64bbcbf6a253710bf0ea37b5d"},"headline":"El Presidente estuvo en Ushuaia y recorri\u00f3 la obra del Arroyo Grande","datePublished":"2019-01-15T22:00:13+00:00","mainEntityOfPage":{"@id":"https:\/\/patagoniambiental.com.ar\/info\/el-presidente-estuvo-en-ushuaia-y-recorrio-la-obra-del-arroyo-grande\/"},"wordCount":357,"commentCount":0,"publisher":{"@id":"https:\/\/patagoniambiental.com.ar\/info\/#organization"},"image":{"@id":"https:\/\/patagoniambiental.com.ar\/info\/el-presidente-estuvo-en-ushuaia-y-recorrio-la-obra-del-arroyo-grande\/#primaryimage"},"thumbnailUrl":"https:\/\/patagoniambiental.com.ar\/info\/wp-content\/uploads\/2019\/01\/multimedia.normal.a9b3ab008e5dcaf5.4d616372695f557368756169615f6e6f726d616c2e6a7067.jpg","articleSection":["Noticias","Provinciales","Tierra del Fuego"],"inLanguage":"es","potentialAction":[{"@type":"CommentAction","name":"Comment","target":["https:\/\/patagoniambiental.com.ar\/info\/el-presidente-estuvo-en-ushuaia-y-recorrio-la-obra-del-arroyo-grande\/#respond"]}]},{"@type":"WebPage","@id":"https:\/\/patagoniambiental.com.ar\/info\/el-presidente-estuvo-en-ushuaia-y-recorrio-la-obra-del-arroyo-grande\/","url":"https:\/\/patagoniambiental.com.ar\/info\/el-presidente-estuvo-en-ushuaia-y-recorrio-la-obra-del-arroyo-grande\/","name":"El Presidente estuvo en Ushuaia y recorri\u00f3 la obra del Arroyo Grande","isPartOf":{"@id":"https:\/\/patagoniambiental.com.ar\/info\/#website"},"primaryImageOfPage":{"@id":"https:\/\/patagoniambiental.com.ar\/info\/el-presidente-estuvo-en-ushuaia-y-recorrio-la-obra-del-arroyo-grande\/#primaryimage"},"image":{"@id":"https:\/\/patagoniambiental.com.ar\/info\/el-presidente-estuvo-en-ushuaia-y-recorrio-la-obra-del-arroyo-grande\/#primaryimage"},"thumbnailUrl":"https:\/\/patagoniambiental.com.ar\/info\/wp-content\/uploads\/2019\/01\/multimedia.normal.a9b3ab008e5dcaf5.4d616372695f557368756169615f6e6f726d616c2e6a7067.jpg","datePublished":"2019-01-15T22:00:13+00:00","breadcrumb":{"@id":"https:\/\/patagoniambiental.com.ar\/info\/el-presidente-estuvo-en-ushuaia-y-recorrio-la-obra-del-arroyo-grande\/#breadcrumb"},"inLanguage":"es","potentialAction":[{"@type":"ReadAction","target":["https:\/\/patagoniambiental.com.ar\/info\/el-presidente-estuvo-en-ushuaia-y-recorrio-la-obra-del-arroyo-grande\/"]}]},{"@type":"ImageObject","inLanguage":"es","@id":"https:\/\/patagoniambiental.com.ar\/info\/el-presidente-estuvo-en-ushuaia-y-recorrio-la-obra-del-arroyo-grande\/#primaryimage","url":"https:\/\/patagoniambiental.com.ar\/info\/wp-content\/uploads\/2019\/01\/multimedia.normal.a9b3ab008e5dcaf5.4d616372695f557368756169615f6e6f726d616c2e6a7067.jpg","contentUrl":"https:\/\/patagoniambiental.com.ar\/info\/wp-content\/uploads\/2019\/01\/multimedia.normal.a9b3ab008e5dcaf5.4d616372695f557368756169615f6e6f726d616c2e6a7067.jpg","width":750,"height":535},{"@type":"BreadcrumbList","@id":"https:\/\/patagoniambiental.com.ar\/info\/el-presidente-estuvo-en-ushuaia-y-recorrio-la-obra-del-arroyo-grande\/#breadcrumb","itemListElement":[{"@type":"ListItem","position":1,"name":"Inicio","item":"https:\/\/patagoniambiental.com.ar\/info\/"},{"@type":"ListItem","position":2,"name":"El Presidente estuvo en Ushuaia y recorri\u00f3 la obra del Arroyo Grande"}]},{"@type":"WebSite","@id":"https:\/\/patagoniambiental.com.ar\/info\/#website","url":"https:\/\/patagoniambiental.com.ar\/info\/","name":"Patagonia Ambiental","description":"Monitoreo y an\u00e1lisis de la situaci\u00f3n geopol\u00edtica en el mundo y su implicancia en la Patagonia","publisher":{"@id":"https:\/\/patagoniambiental.com.ar\/info\/#organization"},"potentialAction":[{"@type":"SearchAction","target":{"@type":"EntryPoint","urlTemplate":"https:\/\/patagoniambiental.com.ar\/info\/?s={search_term_string}"},"query-input":{"@type":"PropertyValueSpecification","valueRequired":true,"valueName":"search_term_string"}}],"inLanguage":"es"},{"@type":"Organization","@id":"https:\/\/patagoniambiental.com.ar\/info\/#organization","name":"Patagonia Ambiental","url":"https:\/\/patagoniambiental.com.ar\/info\/","logo":{"@type":"ImageObject","inLanguage":"es","@id":"https:\/\/patagoniambiental.com.ar\/info\/#\/schema\/logo\/image\/","url":"https:\/\/patagoniambiental.com.ar\/info\/wp-content\/uploads\/2025\/05\/LOGO-PATAGONIA-AMBIENTAL.png","contentUrl":"https:\/\/patagoniambiental.com.ar\/info\/wp-content\/uploads\/2025\/05\/LOGO-PATAGONIA-AMBIENTAL.png","width":433,"height":250,"caption":"Patagonia Ambiental"},"image":{"@id":"https:\/\/patagoniambiental.com.ar\/info\/#\/schema\/logo\/image\/"},"sameAs":["https:\/\/www.facebook.com\/patagonia.ambiental","https:\/\/x.com\/PatAmb"]},{"@type":"Person","@id":"https:\/\/patagoniambiental.com.ar\/info\/#\/schema\/person\/db12bff64bbcbf6a253710bf0ea37b5d","name":"Patagonia Ambiental","description":"Andr\u00e9s Nievas T\u00e9cnico en manejo ambiental, consultor Ambiental y escritor para medios locales e internacionales sobre temas de geopolitica y medio ambiente.","sameAs":["http:\/\/www.patagoniambiental.com.ar","https:\/\/www.facebook.com\/share\/1C1V8Gv9BX\/?mibextid=qi2Omg","@patagoniambiental","https:\/\/youtube.com\/@patagoniaambiental2023?si=BLt58t0wuXquxlYZ"]}]}},"_links":{"self":[{"href":"https:\/\/patagoniambiental.com.ar\/info\/wp-json\/wp\/v2\/posts\/58416","targetHints":{"allow":["GET"]}}],"collection":[{"href":"https:\/\/patagoniambiental.com.ar\/info\/wp-json\/wp\/v2\/posts"}],"about":[{"href":"https:\/\/patagoniambiental.com.ar\/info\/wp-json\/wp\/v2\/types\/post"}],"author":[{"embeddable":true,"href":"https:\/\/patagoniambiental.com.ar\/info\/wp-json\/wp\/v2\/users\/2"}],"replies":[{"embeddable":true,"href":"https:\/\/patagoniambiental.com.ar\/info\/wp-json\/wp\/v2\/comments?post=58416"}],"version-history":[{"count":0,"href":"https:\/\/patagoniambiental.com.ar\/info\/wp-json\/wp\/v2\/posts\/58416\/revisions"}],"wp:featuredmedia":[{"embeddable":true,"href":"https:\/\/patagoniambiental.com.ar\/info\/wp-json\/wp\/v2\/media\/58417"}],"wp:attachment":[{"href":"https:\/\/patagoniambiental.com.ar\/info\/wp-json\/wp\/v2\/media?parent=58416"}],"wp:term":[{"taxonomy":"category","embeddable":true,"href":"https:\/\/patagoniambiental.com.ar\/info\/wp-json\/wp\/v2\/categories?post=58416"},{"taxonomy":"post_tag","embeddable":true,"href":"https:\/\/patagoniambiental.com.ar\/info\/wp-json\/wp\/v2\/tags?post=58416"}],"curies":[{"name":"wp","href":"https:\/\/api.w.org\/{rel}","templated":true}]}}