{"id":58478,"date":"2019-01-18T19:00:49","date_gmt":"2019-01-18T22:00:49","guid":{"rendered":"http:\/\/patagoniambiental.com.ar\/info\/?p=58478"},"modified":"2019-01-18T10:38:07","modified_gmt":"2019-01-18T13:38:07","slug":"santa-rosa-volveran-a-monitorear-la-laguna-y-el-bajo","status":"publish","type":"post","link":"https:\/\/patagoniambiental.com.ar\/info\/santa-rosa-volveran-a-monitorear-la-laguna-y-el-bajo\/","title":{"rendered":"Santa Rosa: Volver\u00e1n a monitorear la laguna y el bajo"},"content":{"rendered":"<div class=\"td-post-header\">\n<header class=\"td-post-title\">\n<div class=\"td-module-meta-info\">Santa Rosa\/La Pampa.-El intendente Leandro Altolaguirre y el director municipal de Ambiente, Ignacio Ustarroz, mantuvieron ayer una reuni\u00f3n protocolar con el secretario de Recursos H\u00eddricos de la Provincia, Javier Schlegel, para avanzar en los detalles de un convenio de mutua colaboraci\u00f3n a firmarse entre ambas entidades, relacionado con el desarrollo de acciones de monitoreo en el sistema de cuencos h\u00eddricos de las lagunas Don Tom\u00e1s y Bajo Giuliani.<\/div>\n<\/header>\n<\/div>\n<p><!--more--><\/p>\n<div class=\"td-post-content\">\n<p>Ustarroz mencion\u00f3 que el c\u00f3nclave sirvi\u00f3 para dialogar con los funcionarios provinciales sobre los lineamientos b\u00e1sicos que permitan concretar un convenio de colaboraci\u00f3n mutua, orientado a coordinar la realizaci\u00f3n de monitoreos hidrol\u00f3gicos, ictiol\u00f3gicos y de calidad ambiental en los cuencos h\u00eddricos de la Laguna Don Tom\u00e1s y el Bajo Giuliani. La idea es incorporar a representantes de la Universidad Nacional de La Pampa y de la Municipalidad de Toay.<br \/>\nUstarroz record\u00f3 que estas acciones ya se han concretado a\u00f1os atr\u00e1s, por eso la idea es reflotar la iniciativa para tener par\u00e1metros actualizados de la calidad ambiental de tales cuencos, que sirvan para tener un panorama m\u00e1s pormenorizado de su situaci\u00f3n.<br \/>\nTambi\u00e9n a partir de dicho convenio, se avanzar\u00eda en la posibilidad informatizar la medici\u00f3n de par\u00e1metros, sumando nuevos puntos y equipos remotos de medici\u00f3n, que agilicen las tareas de batimetr\u00eda y estudio de tales superficies, compartiendo adem\u00e1s los datos recogidos para determinar de manera m\u00e1s eficaz la salud de los ecosistemas y mejorar la toma de decisiones con respecto a la gesti\u00f3n de los mismos.<br \/>\nTanto la laguna Don Tom\u00e1s como el espejo de agua del Bajo Giuliani, presentan actualmente una din\u00e1mica controlada por el hecho de ser los receptores de los escurrimientos superficiales del casco urbano de Santa Rosa. Esta condici\u00f3n ha modificado la din\u00e1mica natural de ambos cuencos, tanto en los vol\u00famenes que almacenan como en sus condiciones hidrol\u00f3gicas y el comportamiento de su ecosistema.<br \/>\nLa laguna Don Tom\u00e1s es la primera receptora de los escurrimientos pluviales urbanos, que desde all\u00ed se derivan hacia el Bajo Giuliani por un sistema que lleva ya varios a\u00f1os y est\u00e1 en v\u00edas de reemplazarse por uno m\u00e1s actual y con mayor capacidad de bombeo. El bajo recibe no solo esta aporte extra, sino tambi\u00e9n las aguas tratadas de los efluentes urbanos de Santa Rosa, tanto los de la planta norte, ubicada al noreste del casco urbano, como la sur, que se encuentra al este del espejo de agua.<\/p>\n<p>Fuente: Diario La Arena<\/p>\n<\/div>\n","protected":false},"excerpt":{"rendered":"<p>Santa Rosa\/La Pampa.-El intendente Leandro Altolaguirre y el director municipal de Ambiente, Ignacio Ustarroz, mantuvieron ayer una reuni\u00f3n protocolar con [&hellip;]<\/p>\n","protected":false},"author":2,"featured_media":47217,"comment_status":"open","ping_status":"open","sticky":false,"template":"","format":"standard","meta":{"site-sidebar-layout":"default","site-content-layout":"","ast-site-content-layout":"default","site-content-style":"default","site-sidebar-style":"default","ast-global-header-display":"","ast-banner-title-visibility":"","ast-main-header-display":"","ast-hfb-above-header-display":"","ast-hfb-below-header-display":"","ast-hfb-mobile-header-display":"","site-post-title":"","ast-breadcrumbs-content":"","ast-featured-img":"","footer-sml-layout":"","ast-disable-related-posts":"","theme-transparent-header-meta":"","adv-header-id-meta":"","stick-header-meta":"","header-above-stick-meta":"","header-main-stick-meta":"","header-below-stick-meta":"","astra-migrate-meta-layouts":"default","ast-page-background-enabled":"default","ast-page-background-meta":{"desktop":{"background-color":"var(--ast-global-color-5)","background-image":"","background-repeat":"repeat","background-position":"center center","background-size":"auto","background-attachment":"scroll","background-type":"","background-media":"","overlay-type":"","overlay-color":"","overlay-opacity":"","overlay-gradient":""},"tablet":{"background-color":"","background-image":"","background-repeat":"repeat","background-position":"center center","background-size":"auto","background-attachment":"scroll","background-type":"","background-media":"","overlay-type":"","overlay-color":"","overlay-opacity":"","overlay-gradient":""},"mobile":{"background-color":"","background-image":"","background-repeat":"repeat","background-position":"center center","background-size":"auto","background-attachment":"scroll","background-type":"","background-media":"","overlay-type":"","overlay-color":"","overlay-opacity":"","overlay-gradient":""}},"ast-content-background-meta":{"desktop":{"background-color":"var(--ast-global-color-4)","background-image":"","background-repeat":"repeat","background-position":"center center","background-size":"auto","background-attachment":"scroll","background-type":"","background-media":"","overlay-type":"","overlay-color":"","overlay-opacity":"","overlay-gradient":""},"tablet":{"background-color":"var(--ast-global-color-4)","background-image":"","background-repeat":"repeat","background-position":"center center","background-size":"auto","background-attachment":"scroll","background-type":"","background-media":"","overlay-type":"","overlay-color":"","overlay-opacity":"","overlay-gradient":""},"mobile":{"background-color":"var(--ast-global-color-4)","background-image":"","background-repeat":"repeat","background-position":"center center","background-size":"auto","background-attachment":"scroll","background-type":"","background-media":"","overlay-type":"","overlay-color":"","overlay-opacity":"","overlay-gradient":""}},"footnotes":""},"categories":[59,1,13],"tags":[],"class_list":["post-58478","post","type-post","status-publish","format-standard","has-post-thumbnail","hentry","category-la-pampa","category-noticias","category-provinciales"],"yoast_head":"<!-- This site is optimized with the Yoast SEO Premium plugin v23.0 (Yoast SEO v27.4) - https:\/\/yoast.com\/product\/yoast-seo-premium-wordpress\/ -->\n<title>Santa Rosa: Volver\u00e1n a monitorear la laguna y el bajo<\/title>\n<meta name=\"robots\" content=\"index, follow, max-snippet:-1, max-image-preview:large, max-video-preview:-1\" \/>\n<link rel=\"canonical\" href=\"https:\/\/patagoniambiental.com.ar\/info\/santa-rosa-volveran-a-monitorear-la-laguna-y-el-bajo\/\" \/>\n<meta property=\"og:locale\" content=\"es_ES\" \/>\n<meta property=\"og:type\" content=\"article\" \/>\n<meta property=\"og:title\" content=\"Santa Rosa: Volver\u00e1n a monitorear la laguna y el bajo\" \/>\n<meta property=\"og:description\" content=\"Santa Rosa\/La Pampa.-El intendente Leandro Altolaguirre y el director municipal de Ambiente, Ignacio Ustarroz, mantuvieron ayer una reuni\u00f3n protocolar con [&hellip;]\" \/>\n<meta property=\"og:url\" content=\"https:\/\/patagoniambiental.com.ar\/info\/santa-rosa-volveran-a-monitorear-la-laguna-y-el-bajo\/\" \/>\n<meta property=\"og:site_name\" content=\"Patagonia Ambiental\" \/>\n<meta property=\"article:publisher\" content=\"https:\/\/www.facebook.com\/patagonia.ambiental\" \/>\n<meta property=\"article:author\" content=\"https:\/\/www.facebook.com\/share\/1C1V8Gv9BX\/?mibextid=qi2Omg\" \/>\n<meta property=\"article:published_time\" content=\"2019-01-18T22:00:49+00:00\" \/>\n<meta property=\"og:image\" content=\"https:\/\/patagoniambiental.com.ar\/info\/wp-content\/uploads\/2018\/05\/Santa-Rosa.jpg\" \/>\n\t<meta property=\"og:image:width\" content=\"600\" \/>\n\t<meta property=\"og:image:height\" content=\"450\" \/>\n\t<meta property=\"og:image:type\" content=\"image\/jpeg\" \/>\n<meta name=\"author\" content=\"Patagonia Ambiental\" \/>\n<meta name=\"twitter:card\" content=\"summary_large_image\" \/>\n<meta name=\"twitter:creator\" content=\"@PatAmb\" \/>\n<meta name=\"twitter:site\" content=\"@PatAmb\" \/>\n<script type=\"application\/ld+json\" class=\"yoast-schema-graph\">{\"@context\":\"https:\\\/\\\/schema.org\",\"@graph\":[{\"@type\":\"Article\",\"@id\":\"https:\\\/\\\/patagoniambiental.com.ar\\\/info\\\/santa-rosa-volveran-a-monitorear-la-laguna-y-el-bajo\\\/#article\",\"isPartOf\":{\"@id\":\"https:\\\/\\\/patagoniambiental.com.ar\\\/info\\\/santa-rosa-volveran-a-monitorear-la-laguna-y-el-bajo\\\/\"},\"author\":{\"name\":\"Patagonia Ambiental\",\"@id\":\"https:\\\/\\\/patagoniambiental.com.ar\\\/info\\\/#\\\/schema\\\/person\\\/db12bff64bbcbf6a253710bf0ea37b5d\"},\"headline\":\"Santa Rosa: Volver\u00e1n a monitorear la laguna y el bajo\",\"datePublished\":\"2019-01-18T22:00:49+00:00\",\"mainEntityOfPage\":{\"@id\":\"https:\\\/\\\/patagoniambiental.com.ar\\\/info\\\/santa-rosa-volveran-a-monitorear-la-laguna-y-el-bajo\\\/\"},\"wordCount\":450,\"commentCount\":0,\"publisher\":{\"@id\":\"https:\\\/\\\/patagoniambiental.com.ar\\\/info\\\/#organization\"},\"image\":{\"@id\":\"https:\\\/\\\/patagoniambiental.com.ar\\\/info\\\/santa-rosa-volveran-a-monitorear-la-laguna-y-el-bajo\\\/#primaryimage\"},\"thumbnailUrl\":\"https:\\\/\\\/patagoniambiental.com.ar\\\/info\\\/wp-content\\\/uploads\\\/2018\\\/05\\\/Santa-Rosa.jpg\",\"articleSection\":[\"La Pampa\",\"Noticias\",\"Provinciales\"],\"inLanguage\":\"es\",\"potentialAction\":[{\"@type\":\"CommentAction\",\"name\":\"Comment\",\"target\":[\"https:\\\/\\\/patagoniambiental.com.ar\\\/info\\\/santa-rosa-volveran-a-monitorear-la-laguna-y-el-bajo\\\/#respond\"]}]},{\"@type\":\"WebPage\",\"@id\":\"https:\\\/\\\/patagoniambiental.com.ar\\\/info\\\/santa-rosa-volveran-a-monitorear-la-laguna-y-el-bajo\\\/\",\"url\":\"https:\\\/\\\/patagoniambiental.com.ar\\\/info\\\/santa-rosa-volveran-a-monitorear-la-laguna-y-el-bajo\\\/\",\"name\":\"Santa Rosa: Volver\u00e1n a monitorear la laguna y el bajo\",\"isPartOf\":{\"@id\":\"https:\\\/\\\/patagoniambiental.com.ar\\\/info\\\/#website\"},\"primaryImageOfPage\":{\"@id\":\"https:\\\/\\\/patagoniambiental.com.ar\\\/info\\\/santa-rosa-volveran-a-monitorear-la-laguna-y-el-bajo\\\/#primaryimage\"},\"image\":{\"@id\":\"https:\\\/\\\/patagoniambiental.com.ar\\\/info\\\/santa-rosa-volveran-a-monitorear-la-laguna-y-el-bajo\\\/#primaryimage\"},\"thumbnailUrl\":\"https:\\\/\\\/patagoniambiental.com.ar\\\/info\\\/wp-content\\\/uploads\\\/2018\\\/05\\\/Santa-Rosa.jpg\",\"datePublished\":\"2019-01-18T22:00:49+00:00\",\"breadcrumb\":{\"@id\":\"https:\\\/\\\/patagoniambiental.com.ar\\\/info\\\/santa-rosa-volveran-a-monitorear-la-laguna-y-el-bajo\\\/#breadcrumb\"},\"inLanguage\":\"es\",\"potentialAction\":[{\"@type\":\"ReadAction\",\"target\":[\"https:\\\/\\\/patagoniambiental.com.ar\\\/info\\\/santa-rosa-volveran-a-monitorear-la-laguna-y-el-bajo\\\/\"]}]},{\"@type\":\"ImageObject\",\"inLanguage\":\"es\",\"@id\":\"https:\\\/\\\/patagoniambiental.com.ar\\\/info\\\/santa-rosa-volveran-a-monitorear-la-laguna-y-el-bajo\\\/#primaryimage\",\"url\":\"https:\\\/\\\/patagoniambiental.com.ar\\\/info\\\/wp-content\\\/uploads\\\/2018\\\/05\\\/Santa-Rosa.jpg\",\"contentUrl\":\"https:\\\/\\\/patagoniambiental.com.ar\\\/info\\\/wp-content\\\/uploads\\\/2018\\\/05\\\/Santa-Rosa.jpg\",\"width\":600,\"height\":450,\"caption\":\"https:\\\/\\\/www.taringa.net\\\/posts\\\/imagenes\\\/19144003\\\/Santa-Rosa---La-Pampa.html\"},{\"@type\":\"BreadcrumbList\",\"@id\":\"https:\\\/\\\/patagoniambiental.com.ar\\\/info\\\/santa-rosa-volveran-a-monitorear-la-laguna-y-el-bajo\\\/#breadcrumb\",\"itemListElement\":[{\"@type\":\"ListItem\",\"position\":1,\"name\":\"Inicio\",\"item\":\"https:\\\/\\\/patagoniambiental.com.ar\\\/info\\\/\"},{\"@type\":\"ListItem\",\"position\":2,\"name\":\"Santa Rosa: Volver\u00e1n a monitorear la laguna y el bajo\"}]},{\"@type\":\"WebSite\",\"@id\":\"https:\\\/\\\/patagoniambiental.com.ar\\\/info\\\/#website\",\"url\":\"https:\\\/\\\/patagoniambiental.com.ar\\\/info\\\/\",\"name\":\"Patagonia Ambiental\",\"description\":\"Monitoreo y an\u00e1lisis de la situaci\u00f3n geopol\u00edtica en el mundo y su implicancia en la Patagonia\",\"publisher\":{\"@id\":\"https:\\\/\\\/patagoniambiental.com.ar\\\/info\\\/#organization\"},\"potentialAction\":[{\"@type\":\"SearchAction\",\"target\":{\"@type\":\"EntryPoint\",\"urlTemplate\":\"https:\\\/\\\/patagoniambiental.com.ar\\\/info\\\/?s={search_term_string}\"},\"query-input\":{\"@type\":\"PropertyValueSpecification\",\"valueRequired\":true,\"valueName\":\"search_term_string\"}}],\"inLanguage\":\"es\"},{\"@type\":\"Organization\",\"@id\":\"https:\\\/\\\/patagoniambiental.com.ar\\\/info\\\/#organization\",\"name\":\"Patagonia Ambiental\",\"url\":\"https:\\\/\\\/patagoniambiental.com.ar\\\/info\\\/\",\"logo\":{\"@type\":\"ImageObject\",\"inLanguage\":\"es\",\"@id\":\"https:\\\/\\\/patagoniambiental.com.ar\\\/info\\\/#\\\/schema\\\/logo\\\/image\\\/\",\"url\":\"https:\\\/\\\/patagoniambiental.com.ar\\\/info\\\/wp-content\\\/uploads\\\/2025\\\/05\\\/LOGO-PATAGONIA-AMBIENTAL.png\",\"contentUrl\":\"https:\\\/\\\/patagoniambiental.com.ar\\\/info\\\/wp-content\\\/uploads\\\/2025\\\/05\\\/LOGO-PATAGONIA-AMBIENTAL.png\",\"width\":433,\"height\":250,\"caption\":\"Patagonia Ambiental\"},\"image\":{\"@id\":\"https:\\\/\\\/patagoniambiental.com.ar\\\/info\\\/#\\\/schema\\\/logo\\\/image\\\/\"},\"sameAs\":[\"https:\\\/\\\/www.facebook.com\\\/patagonia.ambiental\",\"https:\\\/\\\/x.com\\\/PatAmb\"]},{\"@type\":\"Person\",\"@id\":\"https:\\\/\\\/patagoniambiental.com.ar\\\/info\\\/#\\\/schema\\\/person\\\/db12bff64bbcbf6a253710bf0ea37b5d\",\"name\":\"Patagonia Ambiental\",\"description\":\"Andr\u00e9s Nievas T\u00e9cnico en manejo ambiental, consultor Ambiental y escritor para medios locales e internacionales sobre temas de geopolitica y medio ambiente.\",\"sameAs\":[\"http:\\\/\\\/www.patagoniambiental.com.ar\",\"https:\\\/\\\/www.facebook.com\\\/share\\\/1C1V8Gv9BX\\\/?mibextid=qi2Omg\",\"@patagoniambiental\",\"https:\\\/\\\/youtube.com\\\/@patagoniaambiental2023?si=BLt58t0wuXquxlYZ\"]}]}<\/script>\n<!-- \/ Yoast SEO Premium plugin. -->","yoast_head_json":{"title":"Santa Rosa: Volver\u00e1n a monitorear la laguna y el bajo","robots":{"index":"index","follow":"follow","max-snippet":"max-snippet:-1","max-image-preview":"max-image-preview:large","max-video-preview":"max-video-preview:-1"},"canonical":"https:\/\/patagoniambiental.com.ar\/info\/santa-rosa-volveran-a-monitorear-la-laguna-y-el-bajo\/","og_locale":"es_ES","og_type":"article","og_title":"Santa Rosa: Volver\u00e1n a monitorear la laguna y el bajo","og_description":"Santa Rosa\/La Pampa.-El intendente Leandro Altolaguirre y el director municipal de Ambiente, Ignacio Ustarroz, mantuvieron ayer una reuni\u00f3n protocolar con [&hellip;]","og_url":"https:\/\/patagoniambiental.com.ar\/info\/santa-rosa-volveran-a-monitorear-la-laguna-y-el-bajo\/","og_site_name":"Patagonia Ambiental","article_publisher":"https:\/\/www.facebook.com\/patagonia.ambiental","article_author":"https:\/\/www.facebook.com\/share\/1C1V8Gv9BX\/?mibextid=qi2Omg","article_published_time":"2019-01-18T22:00:49+00:00","og_image":[{"width":600,"height":450,"url":"https:\/\/patagoniambiental.com.ar\/info\/wp-content\/uploads\/2018\/05\/Santa-Rosa.jpg","type":"image\/jpeg"}],"author":"Patagonia Ambiental","twitter_card":"summary_large_image","twitter_creator":"@PatAmb","twitter_site":"@PatAmb","schema":{"@context":"https:\/\/schema.org","@graph":[{"@type":"Article","@id":"https:\/\/patagoniambiental.com.ar\/info\/santa-rosa-volveran-a-monitorear-la-laguna-y-el-bajo\/#article","isPartOf":{"@id":"https:\/\/patagoniambiental.com.ar\/info\/santa-rosa-volveran-a-monitorear-la-laguna-y-el-bajo\/"},"author":{"name":"Patagonia Ambiental","@id":"https:\/\/patagoniambiental.com.ar\/info\/#\/schema\/person\/db12bff64bbcbf6a253710bf0ea37b5d"},"headline":"Santa Rosa: Volver\u00e1n a monitorear la laguna y el bajo","datePublished":"2019-01-18T22:00:49+00:00","mainEntityOfPage":{"@id":"https:\/\/patagoniambiental.com.ar\/info\/santa-rosa-volveran-a-monitorear-la-laguna-y-el-bajo\/"},"wordCount":450,"commentCount":0,"publisher":{"@id":"https:\/\/patagoniambiental.com.ar\/info\/#organization"},"image":{"@id":"https:\/\/patagoniambiental.com.ar\/info\/santa-rosa-volveran-a-monitorear-la-laguna-y-el-bajo\/#primaryimage"},"thumbnailUrl":"https:\/\/patagoniambiental.com.ar\/info\/wp-content\/uploads\/2018\/05\/Santa-Rosa.jpg","articleSection":["La Pampa","Noticias","Provinciales"],"inLanguage":"es","potentialAction":[{"@type":"CommentAction","name":"Comment","target":["https:\/\/patagoniambiental.com.ar\/info\/santa-rosa-volveran-a-monitorear-la-laguna-y-el-bajo\/#respond"]}]},{"@type":"WebPage","@id":"https:\/\/patagoniambiental.com.ar\/info\/santa-rosa-volveran-a-monitorear-la-laguna-y-el-bajo\/","url":"https:\/\/patagoniambiental.com.ar\/info\/santa-rosa-volveran-a-monitorear-la-laguna-y-el-bajo\/","name":"Santa Rosa: Volver\u00e1n a monitorear la laguna y el bajo","isPartOf":{"@id":"https:\/\/patagoniambiental.com.ar\/info\/#website"},"primaryImageOfPage":{"@id":"https:\/\/patagoniambiental.com.ar\/info\/santa-rosa-volveran-a-monitorear-la-laguna-y-el-bajo\/#primaryimage"},"image":{"@id":"https:\/\/patagoniambiental.com.ar\/info\/santa-rosa-volveran-a-monitorear-la-laguna-y-el-bajo\/#primaryimage"},"thumbnailUrl":"https:\/\/patagoniambiental.com.ar\/info\/wp-content\/uploads\/2018\/05\/Santa-Rosa.jpg","datePublished":"2019-01-18T22:00:49+00:00","breadcrumb":{"@id":"https:\/\/patagoniambiental.com.ar\/info\/santa-rosa-volveran-a-monitorear-la-laguna-y-el-bajo\/#breadcrumb"},"inLanguage":"es","potentialAction":[{"@type":"ReadAction","target":["https:\/\/patagoniambiental.com.ar\/info\/santa-rosa-volveran-a-monitorear-la-laguna-y-el-bajo\/"]}]},{"@type":"ImageObject","inLanguage":"es","@id":"https:\/\/patagoniambiental.com.ar\/info\/santa-rosa-volveran-a-monitorear-la-laguna-y-el-bajo\/#primaryimage","url":"https:\/\/patagoniambiental.com.ar\/info\/wp-content\/uploads\/2018\/05\/Santa-Rosa.jpg","contentUrl":"https:\/\/patagoniambiental.com.ar\/info\/wp-content\/uploads\/2018\/05\/Santa-Rosa.jpg","width":600,"height":450,"caption":"https:\/\/www.taringa.net\/posts\/imagenes\/19144003\/Santa-Rosa---La-Pampa.html"},{"@type":"BreadcrumbList","@id":"https:\/\/patagoniambiental.com.ar\/info\/santa-rosa-volveran-a-monitorear-la-laguna-y-el-bajo\/#breadcrumb","itemListElement":[{"@type":"ListItem","position":1,"name":"Inicio","item":"https:\/\/patagoniambiental.com.ar\/info\/"},{"@type":"ListItem","position":2,"name":"Santa Rosa: Volver\u00e1n a monitorear la laguna y el bajo"}]},{"@type":"WebSite","@id":"https:\/\/patagoniambiental.com.ar\/info\/#website","url":"https:\/\/patagoniambiental.com.ar\/info\/","name":"Patagonia Ambiental","description":"Monitoreo y an\u00e1lisis de la situaci\u00f3n geopol\u00edtica en el mundo y su implicancia en la Patagonia","publisher":{"@id":"https:\/\/patagoniambiental.com.ar\/info\/#organization"},"potentialAction":[{"@type":"SearchAction","target":{"@type":"EntryPoint","urlTemplate":"https:\/\/patagoniambiental.com.ar\/info\/?s={search_term_string}"},"query-input":{"@type":"PropertyValueSpecification","valueRequired":true,"valueName":"search_term_string"}}],"inLanguage":"es"},{"@type":"Organization","@id":"https:\/\/patagoniambiental.com.ar\/info\/#organization","name":"Patagonia Ambiental","url":"https:\/\/patagoniambiental.com.ar\/info\/","logo":{"@type":"ImageObject","inLanguage":"es","@id":"https:\/\/patagoniambiental.com.ar\/info\/#\/schema\/logo\/image\/","url":"https:\/\/patagoniambiental.com.ar\/info\/wp-content\/uploads\/2025\/05\/LOGO-PATAGONIA-AMBIENTAL.png","contentUrl":"https:\/\/patagoniambiental.com.ar\/info\/wp-content\/uploads\/2025\/05\/LOGO-PATAGONIA-AMBIENTAL.png","width":433,"height":250,"caption":"Patagonia Ambiental"},"image":{"@id":"https:\/\/patagoniambiental.com.ar\/info\/#\/schema\/logo\/image\/"},"sameAs":["https:\/\/www.facebook.com\/patagonia.ambiental","https:\/\/x.com\/PatAmb"]},{"@type":"Person","@id":"https:\/\/patagoniambiental.com.ar\/info\/#\/schema\/person\/db12bff64bbcbf6a253710bf0ea37b5d","name":"Patagonia Ambiental","description":"Andr\u00e9s Nievas T\u00e9cnico en manejo ambiental, consultor Ambiental y escritor para medios locales e internacionales sobre temas de geopolitica y medio ambiente.","sameAs":["http:\/\/www.patagoniambiental.com.ar","https:\/\/www.facebook.com\/share\/1C1V8Gv9BX\/?mibextid=qi2Omg","@patagoniambiental","https:\/\/youtube.com\/@patagoniaambiental2023?si=BLt58t0wuXquxlYZ"]}]}},"_links":{"self":[{"href":"https:\/\/patagoniambiental.com.ar\/info\/wp-json\/wp\/v2\/posts\/58478","targetHints":{"allow":["GET"]}}],"collection":[{"href":"https:\/\/patagoniambiental.com.ar\/info\/wp-json\/wp\/v2\/posts"}],"about":[{"href":"https:\/\/patagoniambiental.com.ar\/info\/wp-json\/wp\/v2\/types\/post"}],"author":[{"embeddable":true,"href":"https:\/\/patagoniambiental.com.ar\/info\/wp-json\/wp\/v2\/users\/2"}],"replies":[{"embeddable":true,"href":"https:\/\/patagoniambiental.com.ar\/info\/wp-json\/wp\/v2\/comments?post=58478"}],"version-history":[{"count":0,"href":"https:\/\/patagoniambiental.com.ar\/info\/wp-json\/wp\/v2\/posts\/58478\/revisions"}],"wp:featuredmedia":[{"embeddable":true,"href":"https:\/\/patagoniambiental.com.ar\/info\/wp-json\/wp\/v2\/media\/47217"}],"wp:attachment":[{"href":"https:\/\/patagoniambiental.com.ar\/info\/wp-json\/wp\/v2\/media?parent=58478"}],"wp:term":[{"taxonomy":"category","embeddable":true,"href":"https:\/\/patagoniambiental.com.ar\/info\/wp-json\/wp\/v2\/categories?post=58478"},{"taxonomy":"post_tag","embeddable":true,"href":"https:\/\/patagoniambiental.com.ar\/info\/wp-json\/wp\/v2\/tags?post=58478"}],"curies":[{"name":"wp","href":"https:\/\/api.w.org\/{rel}","templated":true}]}}