{"id":58567,"date":"2019-02-03T09:00:12","date_gmt":"2019-02-03T12:00:12","guid":{"rendered":"http:\/\/patagoniambiental.com.ar\/info\/?p=58567"},"modified":"2019-02-01T14:18:25","modified_gmt":"2019-02-01T17:18:25","slug":"este-2019-desde-alimpiarushuaia-decidimos-enfocarnos-en-la-problematica-de-las-colillas","status":"publish","type":"post","link":"https:\/\/patagoniambiental.com.ar\/info\/este-2019-desde-alimpiarushuaia-decidimos-enfocarnos-en-la-problematica-de-las-colillas\/","title":{"rendered":"Este 2019 desde @alimpiarushuaia decidimos enfocarnos en la problematica de las\u00a0colillas."},"content":{"rendered":"<div id=\"js_2x1\" class=\"_5pbx userContent _3576\" data-ft=\"{&quot;tn&quot;:&quot;K&quot;}\">\n<div id=\"id_5c42164fe92e03523075444\" class=\"text_exposed_root text_exposed\">\n<p>Ushuaia.-Este 2019 desde @alimpiarushuaia decidimos enfocarnos en la problematica de las\u00a0<a class=\"_58cn\" href=\"https:\/\/www.facebook.com\/hashtag\/colillas?source=feed_text&amp;epa=HASHTAG&amp;__xts__%5B0%5D=68.ARCfLZ24WvY4QmaSJAcCAEVXpMd4sQS1blW4J4CaBxNRYjJuqMRKdQmj5nBB8WM_24n-vCilTymWfQVkM1Efus3BZySfaReugamAsm3tt1y8XaF1SJF2JEXA1ILZUZBORcRoa27njhjxo7iyRDgpp_iXBWg5wFbqw7yoiEfTBOaNy-CP_v4Xw07KbsyGdB8PfOZ_mmqQLbgU8ZfzFBKhk1Qhl0Fmbx_antx7RmqPHjqPi4o18A72JSe1i0hhrcS4aJYhbKg2D1JR9asm0kfbO8gfTxyOeJRFB_HGQvcdUDjNJkumB2UDv7hLwQzNZT7xUiurH0jwKT9woBxJkErgevA&amp;__tn__=%2ANK-R\" data-ft=\"{&quot;type&quot;:104,&quot;tn&quot;:&quot;*N&quot;}\"><span class=\"_5afx\"><span class=\"_58cl _5afz\" aria-label=\"hashtag\">#<\/span><span class=\"_58cm\">colillas<\/span><\/span><\/a>.<\/p>\n<p><!--more--><\/p>\n<p>Vamos a invitar a los vecinos de\u00a0<a class=\"_58cn\" href=\"https:\/\/www.facebook.com\/hashtag\/ushuaia?source=feed_text&amp;epa=HASHTAG&amp;__xts__%5B0%5D=68.ARCfLZ24WvY4QmaSJAcCAEVXpMd4sQS1blW4J4CaBxNRYjJuqMRKdQmj5nBB8WM_24n-vCilTymWfQVkM1Efus3BZySfaReugamAsm3tt1y8XaF1SJF2JEXA1ILZUZBORcRoa27njhjxo7iyRDgpp_iXBWg5wFbqw7yoiEfTBOaNy-CP_v4Xw07KbsyGdB8PfOZ_mmqQLbgU8ZfzFBKhk1Qhl0Fmbx_antx7RmqPHjqPi4o18A72JSe1i0hhrcS4aJYhbKg2D1JR9asm0kfbO8gfTxyOeJRFB_HGQvcdUDjNJkumB2UDv7hLwQzNZT7xUiurH0jwKT9woBxJkErgevA&amp;__tn__=%2ANK-R\" data-ft=\"{&quot;type&quot;:104,&quot;tn&quot;:&quot;*N&quot;}\"><span class=\"_5afx\"><span class=\"_58cl _5afz\" aria-label=\"hashtag\">#<\/span><span class=\"_58cm\">Ushuaia<\/span><\/span><\/a>\u00a0a participar en campa\u00f1as y actividades de concientizaci\u00f3n sobre la importancia de entender que:<\/p>\n<p>LAS COLILLAS SON BASURA !!!!<\/p>\n<div class=\"text_exposed_show\">\n<p>Comparti!<br \/>\nEnterate!<br \/>\nHabla con los fumadores que conozcas y empez\u00e1 a explicarles la importancia de USAR CENICEROS.<\/p>\n<p>Entre todos podemos limpiar Ushuaia.<\/p>\n<p><a class=\"_58cn\" href=\"https:\/\/www.facebook.com\/hashtag\/lascolillassonbasura?source=feed_text&amp;epa=HASHTAG&amp;__xts__%5B0%5D=68.ARCfLZ24WvY4QmaSJAcCAEVXpMd4sQS1blW4J4CaBxNRYjJuqMRKdQmj5nBB8WM_24n-vCilTymWfQVkM1Efus3BZySfaReugamAsm3tt1y8XaF1SJF2JEXA1ILZUZBORcRoa27njhjxo7iyRDgpp_iXBWg5wFbqw7yoiEfTBOaNy-CP_v4Xw07KbsyGdB8PfOZ_mmqQLbgU8ZfzFBKhk1Qhl0Fmbx_antx7RmqPHjqPi4o18A72JSe1i0hhrcS4aJYhbKg2D1JR9asm0kfbO8gfTxyOeJRFB_HGQvcdUDjNJkumB2UDv7hLwQzNZT7xUiurH0jwKT9woBxJkErgevA&amp;__tn__=%2ANK-R\" data-ft=\"{&quot;type&quot;:104,&quot;tn&quot;:&quot;*N&quot;}\"><span class=\"_5afx\"><span class=\"_58cl _5afz\" aria-label=\"hashtag\">#<\/span><span class=\"_58cm\">lascolillassonbasura<\/span><\/span><\/a><\/p>\n<\/div>\n<\/div>\n<\/div>\n<p>&nbsp;<\/p>\n<div class=\"_3x-2\" data-ft=\"{&quot;tn&quot;:&quot;H&quot;}\">\n<div data-ft=\"{&quot;tn&quot;:&quot;H&quot;}\">\n<div class=\"mtm\">\n<div>\n<div>\n<div class=\"_1ktf\" data-ft=\"{&quot;tn&quot;:&quot;E&quot;}\">\n<div class=\"uiScaledImageContainer _517g\"><img fetchpriority=\"high\" decoding=\"async\" class=\"scaledImageFitHeight img\" src=\"https:\/\/scontent.faep1-1.fna.fbcdn.net\/v\/t1.0-0\/p526x296\/49825985_719548008424694_5907107124801961984_n.png?_nc_cat=100&amp;_nc_eui2=AeFC9tmJfOQyhbZC9hgv-WMQOMH1Sm_8nNEyL5TY9cm-2uokEod5pc2XXLsLnCOP6jYdb-AFDsiEFhyCoprh43OV7NPu2j55wdu7Nfp7FNNjMg&amp;_nc_ht=scontent.faep1-1.fna&amp;oh=f552fd88c3aab35a9c4b3dab769e6871&amp;oe=5CC92663\" alt=\"La imagen puede contener: texto\" width=\"501\" height=\"505\" \/><\/div>\n<div><\/div>\n<div>Fuente: A Limpiar ushuaia<\/div>\n<\/div>\n<\/div>\n<\/div>\n<\/div>\n<\/div>\n<\/div>\n","protected":false},"excerpt":{"rendered":"<p>Ushuaia.-Este 2019 desde @alimpiarushuaia decidimos enfocarnos en la problematica de las\u00a0#colillas.<\/p>\n","protected":false},"author":2,"featured_media":58568,"comment_status":"open","ping_status":"open","sticky":false,"template":"","format":"standard","meta":{"site-sidebar-layout":"default","site-content-layout":"","ast-site-content-layout":"default","site-content-style":"default","site-sidebar-style":"default","ast-global-header-display":"","ast-banner-title-visibility":"","ast-main-header-display":"","ast-hfb-above-header-display":"","ast-hfb-below-header-display":"","ast-hfb-mobile-header-display":"","site-post-title":"","ast-breadcrumbs-content":"","ast-featured-img":"","footer-sml-layout":"","ast-disable-related-posts":"","theme-transparent-header-meta":"","adv-header-id-meta":"","stick-header-meta":"","header-above-stick-meta":"","header-main-stick-meta":"","header-below-stick-meta":"","astra-migrate-meta-layouts":"default","ast-page-background-enabled":"default","ast-page-background-meta":{"desktop":{"background-color":"var(--ast-global-color-5)","background-image":"","background-repeat":"repeat","background-position":"center center","background-size":"auto","background-attachment":"scroll","background-type":"","background-media":"","overlay-type":"","overlay-color":"","overlay-opacity":"","overlay-gradient":""},"tablet":{"background-color":"","background-image":"","background-repeat":"repeat","background-position":"center center","background-size":"auto","background-attachment":"scroll","background-type":"","background-media":"","overlay-type":"","overlay-color":"","overlay-opacity":"","overlay-gradient":""},"mobile":{"background-color":"","background-image":"","background-repeat":"repeat","background-position":"center center","background-size":"auto","background-attachment":"scroll","background-type":"","background-media":"","overlay-type":"","overlay-color":"","overlay-opacity":"","overlay-gradient":""}},"ast-content-background-meta":{"desktop":{"background-color":"var(--ast-global-color-4)","background-image":"","background-repeat":"repeat","background-position":"center center","background-size":"auto","background-attachment":"scroll","background-type":"","background-media":"","overlay-type":"","overlay-color":"","overlay-opacity":"","overlay-gradient":""},"tablet":{"background-color":"var(--ast-global-color-4)","background-image":"","background-repeat":"repeat","background-position":"center center","background-size":"auto","background-attachment":"scroll","background-type":"","background-media":"","overlay-type":"","overlay-color":"","overlay-opacity":"","overlay-gradient":""},"mobile":{"background-color":"var(--ast-global-color-4)","background-image":"","background-repeat":"repeat","background-position":"center center","background-size":"auto","background-attachment":"scroll","background-type":"","background-media":"","overlay-type":"","overlay-color":"","overlay-opacity":"","overlay-gradient":""}},"footnotes":""},"categories":[12,3357,1,3],"tags":[],"class_list":["post-58567","post","type-post","status-publish","format-standard","has-post-thumbnail","hentry","category-agenda-ambiental","category-girsu","category-noticias","category-ong"],"yoast_head":"<!-- This site is optimized with the Yoast SEO Premium plugin v23.0 (Yoast SEO v27.4) - https:\/\/yoast.com\/product\/yoast-seo-premium-wordpress\/ -->\n<title>Este 2019 desde @alimpiarushuaia decidimos enfocarnos en la problematica de las\u00a0colillas.<\/title>\n<meta name=\"robots\" content=\"index, follow, max-snippet:-1, max-image-preview:large, max-video-preview:-1\" \/>\n<link rel=\"canonical\" href=\"https:\/\/patagoniambiental.com.ar\/info\/este-2019-desde-alimpiarushuaia-decidimos-enfocarnos-en-la-problematica-de-las-colillas\/\" \/>\n<meta property=\"og:locale\" content=\"es_ES\" \/>\n<meta property=\"og:type\" content=\"article\" \/>\n<meta property=\"og:title\" content=\"Este 2019 desde @alimpiarushuaia decidimos enfocarnos en la problematica de las\u00a0colillas.\" \/>\n<meta property=\"og:description\" content=\"Ushuaia.-Este 2019 desde @alimpiarushuaia decidimos enfocarnos en la problematica de las\u00a0#colillas.\" \/>\n<meta property=\"og:url\" content=\"https:\/\/patagoniambiental.com.ar\/info\/este-2019-desde-alimpiarushuaia-decidimos-enfocarnos-en-la-problematica-de-las-colillas\/\" \/>\n<meta property=\"og:site_name\" content=\"Patagonia Ambiental\" \/>\n<meta property=\"article:publisher\" content=\"https:\/\/www.facebook.com\/patagonia.ambiental\" \/>\n<meta property=\"article:author\" content=\"https:\/\/www.facebook.com\/share\/1C1V8Gv9BX\/?mibextid=qi2Omg\" \/>\n<meta property=\"article:published_time\" content=\"2019-02-03T12:00:12+00:00\" \/>\n<meta property=\"og:image\" content=\"https:\/\/patagoniambiental.com.ar\/info\/wp-content\/uploads\/2019\/01\/49825985_719548008424694_5907107124801961984_n.png\" \/>\n\t<meta property=\"og:image:width\" content=\"526\" \/>\n\t<meta property=\"og:image:height\" content=\"531\" \/>\n\t<meta property=\"og:image:type\" content=\"image\/png\" \/>\n<meta name=\"author\" content=\"Patagonia Ambiental\" \/>\n<meta name=\"twitter:card\" content=\"summary_large_image\" \/>\n<meta name=\"twitter:creator\" content=\"@PatAmb\" \/>\n<meta name=\"twitter:site\" content=\"@PatAmb\" \/>\n<script type=\"application\/ld+json\" class=\"yoast-schema-graph\">{\"@context\":\"https:\\\/\\\/schema.org\",\"@graph\":[{\"@type\":\"Article\",\"@id\":\"https:\\\/\\\/patagoniambiental.com.ar\\\/info\\\/este-2019-desde-alimpiarushuaia-decidimos-enfocarnos-en-la-problematica-de-las-colillas\\\/#article\",\"isPartOf\":{\"@id\":\"https:\\\/\\\/patagoniambiental.com.ar\\\/info\\\/este-2019-desde-alimpiarushuaia-decidimos-enfocarnos-en-la-problematica-de-las-colillas\\\/\"},\"author\":{\"name\":\"Patagonia Ambiental\",\"@id\":\"https:\\\/\\\/patagoniambiental.com.ar\\\/info\\\/#\\\/schema\\\/person\\\/db12bff64bbcbf6a253710bf0ea37b5d\"},\"headline\":\"Este 2019 desde @alimpiarushuaia decidimos enfocarnos en la problematica de las\u00a0colillas.\",\"datePublished\":\"2019-02-03T12:00:12+00:00\",\"mainEntityOfPage\":{\"@id\":\"https:\\\/\\\/patagoniambiental.com.ar\\\/info\\\/este-2019-desde-alimpiarushuaia-decidimos-enfocarnos-en-la-problematica-de-las-colillas\\\/\"},\"wordCount\":79,\"commentCount\":0,\"publisher\":{\"@id\":\"https:\\\/\\\/patagoniambiental.com.ar\\\/info\\\/#organization\"},\"image\":{\"@id\":\"https:\\\/\\\/patagoniambiental.com.ar\\\/info\\\/este-2019-desde-alimpiarushuaia-decidimos-enfocarnos-en-la-problematica-de-las-colillas\\\/#primaryimage\"},\"thumbnailUrl\":\"https:\\\/\\\/patagoniambiental.com.ar\\\/info\\\/wp-content\\\/uploads\\\/2019\\\/01\\\/49825985_719548008424694_5907107124801961984_n.png\",\"articleSection\":[\"Agenda Ambiental\",\"GIRSU\",\"Noticias\",\"ONG\"],\"inLanguage\":\"es\",\"potentialAction\":[{\"@type\":\"CommentAction\",\"name\":\"Comment\",\"target\":[\"https:\\\/\\\/patagoniambiental.com.ar\\\/info\\\/este-2019-desde-alimpiarushuaia-decidimos-enfocarnos-en-la-problematica-de-las-colillas\\\/#respond\"]}]},{\"@type\":\"WebPage\",\"@id\":\"https:\\\/\\\/patagoniambiental.com.ar\\\/info\\\/este-2019-desde-alimpiarushuaia-decidimos-enfocarnos-en-la-problematica-de-las-colillas\\\/\",\"url\":\"https:\\\/\\\/patagoniambiental.com.ar\\\/info\\\/este-2019-desde-alimpiarushuaia-decidimos-enfocarnos-en-la-problematica-de-las-colillas\\\/\",\"name\":\"Este 2019 desde @alimpiarushuaia decidimos enfocarnos en la problematica de las\u00a0colillas.\",\"isPartOf\":{\"@id\":\"https:\\\/\\\/patagoniambiental.com.ar\\\/info\\\/#website\"},\"primaryImageOfPage\":{\"@id\":\"https:\\\/\\\/patagoniambiental.com.ar\\\/info\\\/este-2019-desde-alimpiarushuaia-decidimos-enfocarnos-en-la-problematica-de-las-colillas\\\/#primaryimage\"},\"image\":{\"@id\":\"https:\\\/\\\/patagoniambiental.com.ar\\\/info\\\/este-2019-desde-alimpiarushuaia-decidimos-enfocarnos-en-la-problematica-de-las-colillas\\\/#primaryimage\"},\"thumbnailUrl\":\"https:\\\/\\\/patagoniambiental.com.ar\\\/info\\\/wp-content\\\/uploads\\\/2019\\\/01\\\/49825985_719548008424694_5907107124801961984_n.png\",\"datePublished\":\"2019-02-03T12:00:12+00:00\",\"breadcrumb\":{\"@id\":\"https:\\\/\\\/patagoniambiental.com.ar\\\/info\\\/este-2019-desde-alimpiarushuaia-decidimos-enfocarnos-en-la-problematica-de-las-colillas\\\/#breadcrumb\"},\"inLanguage\":\"es\",\"potentialAction\":[{\"@type\":\"ReadAction\",\"target\":[\"https:\\\/\\\/patagoniambiental.com.ar\\\/info\\\/este-2019-desde-alimpiarushuaia-decidimos-enfocarnos-en-la-problematica-de-las-colillas\\\/\"]}]},{\"@type\":\"ImageObject\",\"inLanguage\":\"es\",\"@id\":\"https:\\\/\\\/patagoniambiental.com.ar\\\/info\\\/este-2019-desde-alimpiarushuaia-decidimos-enfocarnos-en-la-problematica-de-las-colillas\\\/#primaryimage\",\"url\":\"https:\\\/\\\/patagoniambiental.com.ar\\\/info\\\/wp-content\\\/uploads\\\/2019\\\/01\\\/49825985_719548008424694_5907107124801961984_n.png\",\"contentUrl\":\"https:\\\/\\\/patagoniambiental.com.ar\\\/info\\\/wp-content\\\/uploads\\\/2019\\\/01\\\/49825985_719548008424694_5907107124801961984_n.png\",\"width\":526,\"height\":531},{\"@type\":\"BreadcrumbList\",\"@id\":\"https:\\\/\\\/patagoniambiental.com.ar\\\/info\\\/este-2019-desde-alimpiarushuaia-decidimos-enfocarnos-en-la-problematica-de-las-colillas\\\/#breadcrumb\",\"itemListElement\":[{\"@type\":\"ListItem\",\"position\":1,\"name\":\"Inicio\",\"item\":\"https:\\\/\\\/patagoniambiental.com.ar\\\/info\\\/\"},{\"@type\":\"ListItem\",\"position\":2,\"name\":\"Este 2019 desde @alimpiarushuaia decidimos enfocarnos en la problematica de las\u00a0colillas.\"}]},{\"@type\":\"WebSite\",\"@id\":\"https:\\\/\\\/patagoniambiental.com.ar\\\/info\\\/#website\",\"url\":\"https:\\\/\\\/patagoniambiental.com.ar\\\/info\\\/\",\"name\":\"Patagonia Ambiental\",\"description\":\"Monitoreo y an\u00e1lisis de la situaci\u00f3n geopol\u00edtica en el mundo y su implicancia en la Patagonia\",\"publisher\":{\"@id\":\"https:\\\/\\\/patagoniambiental.com.ar\\\/info\\\/#organization\"},\"potentialAction\":[{\"@type\":\"SearchAction\",\"target\":{\"@type\":\"EntryPoint\",\"urlTemplate\":\"https:\\\/\\\/patagoniambiental.com.ar\\\/info\\\/?s={search_term_string}\"},\"query-input\":{\"@type\":\"PropertyValueSpecification\",\"valueRequired\":true,\"valueName\":\"search_term_string\"}}],\"inLanguage\":\"es\"},{\"@type\":\"Organization\",\"@id\":\"https:\\\/\\\/patagoniambiental.com.ar\\\/info\\\/#organization\",\"name\":\"Patagonia Ambiental\",\"url\":\"https:\\\/\\\/patagoniambiental.com.ar\\\/info\\\/\",\"logo\":{\"@type\":\"ImageObject\",\"inLanguage\":\"es\",\"@id\":\"https:\\\/\\\/patagoniambiental.com.ar\\\/info\\\/#\\\/schema\\\/logo\\\/image\\\/\",\"url\":\"https:\\\/\\\/patagoniambiental.com.ar\\\/info\\\/wp-content\\\/uploads\\\/2025\\\/05\\\/LOGO-PATAGONIA-AMBIENTAL.png\",\"contentUrl\":\"https:\\\/\\\/patagoniambiental.com.ar\\\/info\\\/wp-content\\\/uploads\\\/2025\\\/05\\\/LOGO-PATAGONIA-AMBIENTAL.png\",\"width\":433,\"height\":250,\"caption\":\"Patagonia Ambiental\"},\"image\":{\"@id\":\"https:\\\/\\\/patagoniambiental.com.ar\\\/info\\\/#\\\/schema\\\/logo\\\/image\\\/\"},\"sameAs\":[\"https:\\\/\\\/www.facebook.com\\\/patagonia.ambiental\",\"https:\\\/\\\/x.com\\\/PatAmb\"]},{\"@type\":\"Person\",\"@id\":\"https:\\\/\\\/patagoniambiental.com.ar\\\/info\\\/#\\\/schema\\\/person\\\/db12bff64bbcbf6a253710bf0ea37b5d\",\"name\":\"Patagonia Ambiental\",\"description\":\"Andr\u00e9s Nievas T\u00e9cnico en manejo ambiental, consultor Ambiental y escritor para medios locales e internacionales sobre temas de geopolitica y medio ambiente.\",\"sameAs\":[\"http:\\\/\\\/www.patagoniambiental.com.ar\",\"https:\\\/\\\/www.facebook.com\\\/share\\\/1C1V8Gv9BX\\\/?mibextid=qi2Omg\",\"@patagoniambiental\",\"https:\\\/\\\/youtube.com\\\/@patagoniaambiental2023?si=BLt58t0wuXquxlYZ\"]}]}<\/script>\n<!-- \/ Yoast SEO Premium plugin. -->","yoast_head_json":{"title":"Este 2019 desde @alimpiarushuaia decidimos enfocarnos en la problematica de las\u00a0colillas.","robots":{"index":"index","follow":"follow","max-snippet":"max-snippet:-1","max-image-preview":"max-image-preview:large","max-video-preview":"max-video-preview:-1"},"canonical":"https:\/\/patagoniambiental.com.ar\/info\/este-2019-desde-alimpiarushuaia-decidimos-enfocarnos-en-la-problematica-de-las-colillas\/","og_locale":"es_ES","og_type":"article","og_title":"Este 2019 desde @alimpiarushuaia decidimos enfocarnos en la problematica de las\u00a0colillas.","og_description":"Ushuaia.-Este 2019 desde @alimpiarushuaia decidimos enfocarnos en la problematica de las\u00a0#colillas.","og_url":"https:\/\/patagoniambiental.com.ar\/info\/este-2019-desde-alimpiarushuaia-decidimos-enfocarnos-en-la-problematica-de-las-colillas\/","og_site_name":"Patagonia Ambiental","article_publisher":"https:\/\/www.facebook.com\/patagonia.ambiental","article_author":"https:\/\/www.facebook.com\/share\/1C1V8Gv9BX\/?mibextid=qi2Omg","article_published_time":"2019-02-03T12:00:12+00:00","og_image":[{"width":526,"height":531,"url":"https:\/\/patagoniambiental.com.ar\/info\/wp-content\/uploads\/2019\/01\/49825985_719548008424694_5907107124801961984_n.png","type":"image\/png"}],"author":"Patagonia Ambiental","twitter_card":"summary_large_image","twitter_creator":"@PatAmb","twitter_site":"@PatAmb","schema":{"@context":"https:\/\/schema.org","@graph":[{"@type":"Article","@id":"https:\/\/patagoniambiental.com.ar\/info\/este-2019-desde-alimpiarushuaia-decidimos-enfocarnos-en-la-problematica-de-las-colillas\/#article","isPartOf":{"@id":"https:\/\/patagoniambiental.com.ar\/info\/este-2019-desde-alimpiarushuaia-decidimos-enfocarnos-en-la-problematica-de-las-colillas\/"},"author":{"name":"Patagonia Ambiental","@id":"https:\/\/patagoniambiental.com.ar\/info\/#\/schema\/person\/db12bff64bbcbf6a253710bf0ea37b5d"},"headline":"Este 2019 desde @alimpiarushuaia decidimos enfocarnos en la problematica de las\u00a0colillas.","datePublished":"2019-02-03T12:00:12+00:00","mainEntityOfPage":{"@id":"https:\/\/patagoniambiental.com.ar\/info\/este-2019-desde-alimpiarushuaia-decidimos-enfocarnos-en-la-problematica-de-las-colillas\/"},"wordCount":79,"commentCount":0,"publisher":{"@id":"https:\/\/patagoniambiental.com.ar\/info\/#organization"},"image":{"@id":"https:\/\/patagoniambiental.com.ar\/info\/este-2019-desde-alimpiarushuaia-decidimos-enfocarnos-en-la-problematica-de-las-colillas\/#primaryimage"},"thumbnailUrl":"https:\/\/patagoniambiental.com.ar\/info\/wp-content\/uploads\/2019\/01\/49825985_719548008424694_5907107124801961984_n.png","articleSection":["Agenda Ambiental","GIRSU","Noticias","ONG"],"inLanguage":"es","potentialAction":[{"@type":"CommentAction","name":"Comment","target":["https:\/\/patagoniambiental.com.ar\/info\/este-2019-desde-alimpiarushuaia-decidimos-enfocarnos-en-la-problematica-de-las-colillas\/#respond"]}]},{"@type":"WebPage","@id":"https:\/\/patagoniambiental.com.ar\/info\/este-2019-desde-alimpiarushuaia-decidimos-enfocarnos-en-la-problematica-de-las-colillas\/","url":"https:\/\/patagoniambiental.com.ar\/info\/este-2019-desde-alimpiarushuaia-decidimos-enfocarnos-en-la-problematica-de-las-colillas\/","name":"Este 2019 desde @alimpiarushuaia decidimos enfocarnos en la problematica de las\u00a0colillas.","isPartOf":{"@id":"https:\/\/patagoniambiental.com.ar\/info\/#website"},"primaryImageOfPage":{"@id":"https:\/\/patagoniambiental.com.ar\/info\/este-2019-desde-alimpiarushuaia-decidimos-enfocarnos-en-la-problematica-de-las-colillas\/#primaryimage"},"image":{"@id":"https:\/\/patagoniambiental.com.ar\/info\/este-2019-desde-alimpiarushuaia-decidimos-enfocarnos-en-la-problematica-de-las-colillas\/#primaryimage"},"thumbnailUrl":"https:\/\/patagoniambiental.com.ar\/info\/wp-content\/uploads\/2019\/01\/49825985_719548008424694_5907107124801961984_n.png","datePublished":"2019-02-03T12:00:12+00:00","breadcrumb":{"@id":"https:\/\/patagoniambiental.com.ar\/info\/este-2019-desde-alimpiarushuaia-decidimos-enfocarnos-en-la-problematica-de-las-colillas\/#breadcrumb"},"inLanguage":"es","potentialAction":[{"@type":"ReadAction","target":["https:\/\/patagoniambiental.com.ar\/info\/este-2019-desde-alimpiarushuaia-decidimos-enfocarnos-en-la-problematica-de-las-colillas\/"]}]},{"@type":"ImageObject","inLanguage":"es","@id":"https:\/\/patagoniambiental.com.ar\/info\/este-2019-desde-alimpiarushuaia-decidimos-enfocarnos-en-la-problematica-de-las-colillas\/#primaryimage","url":"https:\/\/patagoniambiental.com.ar\/info\/wp-content\/uploads\/2019\/01\/49825985_719548008424694_5907107124801961984_n.png","contentUrl":"https:\/\/patagoniambiental.com.ar\/info\/wp-content\/uploads\/2019\/01\/49825985_719548008424694_5907107124801961984_n.png","width":526,"height":531},{"@type":"BreadcrumbList","@id":"https:\/\/patagoniambiental.com.ar\/info\/este-2019-desde-alimpiarushuaia-decidimos-enfocarnos-en-la-problematica-de-las-colillas\/#breadcrumb","itemListElement":[{"@type":"ListItem","position":1,"name":"Inicio","item":"https:\/\/patagoniambiental.com.ar\/info\/"},{"@type":"ListItem","position":2,"name":"Este 2019 desde @alimpiarushuaia decidimos enfocarnos en la problematica de las\u00a0colillas."}]},{"@type":"WebSite","@id":"https:\/\/patagoniambiental.com.ar\/info\/#website","url":"https:\/\/patagoniambiental.com.ar\/info\/","name":"Patagonia Ambiental","description":"Monitoreo y an\u00e1lisis de la situaci\u00f3n geopol\u00edtica en el mundo y su implicancia en la Patagonia","publisher":{"@id":"https:\/\/patagoniambiental.com.ar\/info\/#organization"},"potentialAction":[{"@type":"SearchAction","target":{"@type":"EntryPoint","urlTemplate":"https:\/\/patagoniambiental.com.ar\/info\/?s={search_term_string}"},"query-input":{"@type":"PropertyValueSpecification","valueRequired":true,"valueName":"search_term_string"}}],"inLanguage":"es"},{"@type":"Organization","@id":"https:\/\/patagoniambiental.com.ar\/info\/#organization","name":"Patagonia Ambiental","url":"https:\/\/patagoniambiental.com.ar\/info\/","logo":{"@type":"ImageObject","inLanguage":"es","@id":"https:\/\/patagoniambiental.com.ar\/info\/#\/schema\/logo\/image\/","url":"https:\/\/patagoniambiental.com.ar\/info\/wp-content\/uploads\/2025\/05\/LOGO-PATAGONIA-AMBIENTAL.png","contentUrl":"https:\/\/patagoniambiental.com.ar\/info\/wp-content\/uploads\/2025\/05\/LOGO-PATAGONIA-AMBIENTAL.png","width":433,"height":250,"caption":"Patagonia Ambiental"},"image":{"@id":"https:\/\/patagoniambiental.com.ar\/info\/#\/schema\/logo\/image\/"},"sameAs":["https:\/\/www.facebook.com\/patagonia.ambiental","https:\/\/x.com\/PatAmb"]},{"@type":"Person","@id":"https:\/\/patagoniambiental.com.ar\/info\/#\/schema\/person\/db12bff64bbcbf6a253710bf0ea37b5d","name":"Patagonia Ambiental","description":"Andr\u00e9s Nievas T\u00e9cnico en manejo ambiental, consultor Ambiental y escritor para medios locales e internacionales sobre temas de geopolitica y medio ambiente.","sameAs":["http:\/\/www.patagoniambiental.com.ar","https:\/\/www.facebook.com\/share\/1C1V8Gv9BX\/?mibextid=qi2Omg","@patagoniambiental","https:\/\/youtube.com\/@patagoniaambiental2023?si=BLt58t0wuXquxlYZ"]}]}},"_links":{"self":[{"href":"https:\/\/patagoniambiental.com.ar\/info\/wp-json\/wp\/v2\/posts\/58567","targetHints":{"allow":["GET"]}}],"collection":[{"href":"https:\/\/patagoniambiental.com.ar\/info\/wp-json\/wp\/v2\/posts"}],"about":[{"href":"https:\/\/patagoniambiental.com.ar\/info\/wp-json\/wp\/v2\/types\/post"}],"author":[{"embeddable":true,"href":"https:\/\/patagoniambiental.com.ar\/info\/wp-json\/wp\/v2\/users\/2"}],"replies":[{"embeddable":true,"href":"https:\/\/patagoniambiental.com.ar\/info\/wp-json\/wp\/v2\/comments?post=58567"}],"version-history":[{"count":0,"href":"https:\/\/patagoniambiental.com.ar\/info\/wp-json\/wp\/v2\/posts\/58567\/revisions"}],"wp:featuredmedia":[{"embeddable":true,"href":"https:\/\/patagoniambiental.com.ar\/info\/wp-json\/wp\/v2\/media\/58568"}],"wp:attachment":[{"href":"https:\/\/patagoniambiental.com.ar\/info\/wp-json\/wp\/v2\/media?parent=58567"}],"wp:term":[{"taxonomy":"category","embeddable":true,"href":"https:\/\/patagoniambiental.com.ar\/info\/wp-json\/wp\/v2\/categories?post=58567"},{"taxonomy":"post_tag","embeddable":true,"href":"https:\/\/patagoniambiental.com.ar\/info\/wp-json\/wp\/v2\/tags?post=58567"}],"curies":[{"name":"wp","href":"https:\/\/api.w.org\/{rel}","templated":true}]}}