{"id":58573,"date":"2019-01-27T09:00:13","date_gmt":"2019-01-27T12:00:13","guid":{"rendered":"http:\/\/patagoniambiental.com.ar\/info\/?p=58573"},"modified":"2019-01-18T15:15:59","modified_gmt":"2019-01-18T18:15:59","slug":"en-tierra-del-fuego-defendemos-nuestro-canal-beagle","status":"publish","type":"post","link":"https:\/\/patagoniambiental.com.ar\/info\/en-tierra-del-fuego-defendemos-nuestro-canal-beagle\/","title":{"rendered":"En Tierra del Fuego DEFENDEMOS nuestro CANAL BEAGLE."},"content":{"rendered":"<div id=\"js_2wp\" class=\"_5pbx userContent _3576\" data-ft=\"{&quot;tn&quot;:&quot;K&quot;}\">\n<div id=\"id_5c42164fe97166292954102\" class=\"text_exposed_root text_exposed\">\n<p>Tierra del Fuego, AIAS.-En Tierra del Fuego DEFENDEMOS nuestro CANAL BEAGLE.<\/p>\n<p><!--more--><\/p>\n<p>Si bien la p\u00e1gina est\u00e1 en ingl\u00e9s te invitamos a ingresar y tomar juramento que solo consumiras salm\u00f3n salvaje a partir de ahora.<\/p>\n<p>Link de la p\u00e1gina:<span class=\"text_exposed_show\"><br \/>\n<a href=\"http:\/\/www.sealegacy.org\/pages\/know-your-food?fbclid=IwAR21sLC3GYGJpE-kOisjVtktVjmdtWzzgx5boJ9Qeo_RC7Z5wHK7-I1tOZw\" target=\"_blank\" rel=\"noopener nofollow\" data-ft=\"{&quot;tn&quot;:&quot;-U&quot;}\" data-lynx-mode=\"async\" data-lynx-uri=\"https:\/\/l.facebook.com\/l.php?u=http%3A%2F%2Fwww.sealegacy.org%2Fpages%2Fknow-your-food%3Ffbclid%3DIwAR21sLC3GYGJpE-kOisjVtktVjmdtWzzgx5boJ9Qeo_RC7Z5wHK7-I1tOZw&amp;h=AT0Fg0x2dHZMgtqyLFnDZZX6fhDUvfUE2-ajYTf4wvwojUxHQFHCAEzmw9PPjHYjjv_eFcneYq3QbwXvXOnr1H0BVPVHW6v1jbUa6OkGmPxRXR3BDaBWCiEQzlgcIEAc7UxWDKuf-vPz_wZM_FqB4f2F7qskkE_oHGwQ2W7bn_kVTjvxgbO4GjZFuBDSPSlvwV3T-w1P8pocF_8Ef5yncKA_d34ovFaLsMdL4q12Zxj_VihvNFqrpJS9JrD8mOv1UkZMFcnHCXNyTdPFfceSheZca2PaNHmlIck7EQO1Z_TvKBaKxVj4VldbMhpRpzWpuhUGCL1iu03Pqdo3BCpsb3P-RTBw93kZx8U7fwjt_wKrnRwVb5EM7R3f6Yof40Qyzy8ByctYjfiZnZWs1_b4TzjIcQXLMJKH2XiBPkThSaoZVZt8wvla7zF8F5b_zMGSogXFBDDlKDNUyo2BB2_qTGtLKQJImtvwt-69HStxILkqBXdPL7CTDgXBpJ_f8aaiiNqba3IXBMaQmmR0ckGHx93IIAWzYaGwrPLuUhteqwc0JCB9KBpn-kNgouOTebWVJuM5Bh-aTeoO3U6PSWzuVsi3LTCSzHOuVVQDH4NssE3gWVkkIvvj8rQ5c5eyDhBqLt0R-xJjRNu5p0jSl80dheZLUKjhAD_ZPmXm69hxT5KLFvZyumgxTrPrwHkP5-BcmOBCjVi6yAxICwuOuElC4G6MyPf1A-SIKhcDf46RIvNerNadaHml5zOeEGNvbHfvO10gtW3QGglp1MMB3svXb5E2WU-uWKv4VBYL4M1Ez0WEVmSs4hvRQSup-bbM9vLwULDmZLta5Sp3wV5Qvg\">www.sealegacy.org\/pages\/know-your-food<\/a><\/span><\/p>\n<div class=\"text_exposed_show\">\n<p>All\u00ed encontrar\u00e1s fotos de c\u00f3mo diferenciar un salm\u00f3n salvaje a los de criadero.<\/p>\n<p>Mundialmente se reconoce el gran da\u00f1o que provocan las SALMONERAS en los mares del mundo; con sus grandes afecciones de enfermedades que est\u00e1n contaminando los ecosistemas.<\/p>\n<p>Proteger nuestros mares.<br \/>\nEs nuestra responsabilidad.<\/p>\n<\/div>\n<\/div>\n<\/div>\n<p>&nbsp;<\/p>\n<div class=\"_3x-2\" data-ft=\"{&quot;tn&quot;:&quot;H&quot;}\">\n<div data-ft=\"{&quot;tn&quot;:&quot;H&quot;}\"><\/div>\n<div>\n<div class=\"_5r69 _sds _1hvl\">\n<div class=\"mts\">\n<div data-ft=\"{&quot;tn&quot;:&quot;H&quot;}\">\n<div class=\"mtm\">\n<div>\n<div class=\"_1ktf\" data-ft=\"{&quot;tn&quot;:&quot;E&quot;}\">\n<div class=\"uiScaledImageContainer _517g\"><img fetchpriority=\"high\" decoding=\"async\" class=\"scaledImageFitWidth img\" src=\"https:\/\/scontent.faep1-1.fna.fbcdn.net\/v\/t1.0-0\/p526x296\/50012326_10156118238588364_6526355758647345152_n.jpg?_nc_cat=105&amp;_nc_eui2=AeG0MSuVnQIK_1VRbT4vAqAYZQPgHo23zIMzyW7R_CJBvLITyXSqvlkOQPd3cuF_JmxskCTR2FjGg4D7IKZRS1_z5OnaRyNkiQGvOc9uY5vqPw&amp;_nc_ht=scontent.faep1-1.fna&amp;oh=7fafb5a142f9c41313001f004de95f76&amp;oe=5CCCCF51\" alt=\"La imagen puede contener: exterior\" width=\"500\" height=\"500\" \/><\/div>\n<div>Fuente: A Limpiar ushuaia<\/div>\n<\/div>\n<\/div>\n<\/div>\n<\/div>\n<\/div>\n<\/div>\n<\/div>\n<\/div>\n","protected":false},"excerpt":{"rendered":"<p>Tierra del Fuego, AIAS.-En Tierra del Fuego DEFENDEMOS nuestro CANAL BEAGLE.<\/p>\n","protected":false},"author":2,"featured_media":58574,"comment_status":"open","ping_status":"open","sticky":false,"template":"","format":"standard","meta":{"site-sidebar-layout":"default","site-content-layout":"","ast-site-content-layout":"default","site-content-style":"default","site-sidebar-style":"default","ast-global-header-display":"","ast-banner-title-visibility":"","ast-main-header-display":"","ast-hfb-above-header-display":"","ast-hfb-below-header-display":"","ast-hfb-mobile-header-display":"","site-post-title":"","ast-breadcrumbs-content":"","ast-featured-img":"","footer-sml-layout":"","ast-disable-related-posts":"","theme-transparent-header-meta":"","adv-header-id-meta":"","stick-header-meta":"","header-above-stick-meta":"","header-main-stick-meta":"","header-below-stick-meta":"","astra-migrate-meta-layouts":"default","ast-page-background-enabled":"default","ast-page-background-meta":{"desktop":{"background-color":"var(--ast-global-color-5)","background-image":"","background-repeat":"repeat","background-position":"center center","background-size":"auto","background-attachment":"scroll","background-type":"","background-media":"","overlay-type":"","overlay-color":"","overlay-opacity":"","overlay-gradient":""},"tablet":{"background-color":"","background-image":"","background-repeat":"repeat","background-position":"center center","background-size":"auto","background-attachment":"scroll","background-type":"","background-media":"","overlay-type":"","overlay-color":"","overlay-opacity":"","overlay-gradient":""},"mobile":{"background-color":"","background-image":"","background-repeat":"repeat","background-position":"center center","background-size":"auto","background-attachment":"scroll","background-type":"","background-media":"","overlay-type":"","overlay-color":"","overlay-opacity":"","overlay-gradient":""}},"ast-content-background-meta":{"desktop":{"background-color":"var(--ast-global-color-4)","background-image":"","background-repeat":"repeat","background-position":"center center","background-size":"auto","background-attachment":"scroll","background-type":"","background-media":"","overlay-type":"","overlay-color":"","overlay-opacity":"","overlay-gradient":""},"tablet":{"background-color":"var(--ast-global-color-4)","background-image":"","background-repeat":"repeat","background-position":"center center","background-size":"auto","background-attachment":"scroll","background-type":"","background-media":"","overlay-type":"","overlay-color":"","overlay-opacity":"","overlay-gradient":""},"mobile":{"background-color":"var(--ast-global-color-4)","background-image":"","background-repeat":"repeat","background-position":"center center","background-size":"auto","background-attachment":"scroll","background-type":"","background-media":"","overlay-type":"","overlay-color":"","overlay-opacity":"","overlay-gradient":""}},"footnotes":""},"categories":[1,13,25],"tags":[],"class_list":["post-58573","post","type-post","status-publish","format-standard","has-post-thumbnail","hentry","category-noticias","category-provinciales","category-tierra-del-fuego"],"yoast_head":"<!-- This site is optimized with the Yoast SEO Premium plugin v23.0 (Yoast SEO v27.4) - https:\/\/yoast.com\/product\/yoast-seo-premium-wordpress\/ -->\n<title>En Tierra del Fuego DEFENDEMOS nuestro CANAL BEAGLE.<\/title>\n<meta name=\"robots\" content=\"index, follow, max-snippet:-1, max-image-preview:large, max-video-preview:-1\" \/>\n<link rel=\"canonical\" href=\"https:\/\/patagoniambiental.com.ar\/info\/en-tierra-del-fuego-defendemos-nuestro-canal-beagle\/\" \/>\n<meta property=\"og:locale\" content=\"es_ES\" \/>\n<meta property=\"og:type\" content=\"article\" \/>\n<meta property=\"og:title\" content=\"En Tierra del Fuego DEFENDEMOS nuestro CANAL BEAGLE.\" \/>\n<meta property=\"og:description\" content=\"Tierra del Fuego, AIAS.-En Tierra del Fuego DEFENDEMOS nuestro CANAL BEAGLE.\" \/>\n<meta property=\"og:url\" content=\"https:\/\/patagoniambiental.com.ar\/info\/en-tierra-del-fuego-defendemos-nuestro-canal-beagle\/\" \/>\n<meta property=\"og:site_name\" content=\"Patagonia Ambiental\" \/>\n<meta property=\"article:publisher\" content=\"https:\/\/www.facebook.com\/patagonia.ambiental\" \/>\n<meta property=\"article:author\" content=\"https:\/\/www.facebook.com\/share\/1C1V8Gv9BX\/?mibextid=qi2Omg\" \/>\n<meta property=\"article:published_time\" content=\"2019-01-27T12:00:13+00:00\" \/>\n<meta property=\"og:image\" content=\"https:\/\/patagoniambiental.com.ar\/info\/wp-content\/uploads\/2019\/01\/50012326_10156118238588364_6526355758647345152_n.jpg\" \/>\n\t<meta property=\"og:image:width\" content=\"526\" \/>\n\t<meta property=\"og:image:height\" content=\"526\" \/>\n\t<meta property=\"og:image:type\" content=\"image\/jpeg\" \/>\n<meta name=\"author\" content=\"Patagonia Ambiental\" \/>\n<meta name=\"twitter:card\" content=\"summary_large_image\" \/>\n<meta name=\"twitter:creator\" content=\"@PatAmb\" \/>\n<meta name=\"twitter:site\" content=\"@PatAmb\" \/>\n<script type=\"application\/ld+json\" class=\"yoast-schema-graph\">{\"@context\":\"https:\\\/\\\/schema.org\",\"@graph\":[{\"@type\":\"Article\",\"@id\":\"https:\\\/\\\/patagoniambiental.com.ar\\\/info\\\/en-tierra-del-fuego-defendemos-nuestro-canal-beagle\\\/#article\",\"isPartOf\":{\"@id\":\"https:\\\/\\\/patagoniambiental.com.ar\\\/info\\\/en-tierra-del-fuego-defendemos-nuestro-canal-beagle\\\/\"},\"author\":{\"name\":\"Patagonia Ambiental\",\"@id\":\"https:\\\/\\\/patagoniambiental.com.ar\\\/info\\\/#\\\/schema\\\/person\\\/db12bff64bbcbf6a253710bf0ea37b5d\"},\"headline\":\"En Tierra del Fuego DEFENDEMOS nuestro CANAL BEAGLE.\",\"datePublished\":\"2019-01-27T12:00:13+00:00\",\"mainEntityOfPage\":{\"@id\":\"https:\\\/\\\/patagoniambiental.com.ar\\\/info\\\/en-tierra-del-fuego-defendemos-nuestro-canal-beagle\\\/\"},\"wordCount\":111,\"commentCount\":0,\"publisher\":{\"@id\":\"https:\\\/\\\/patagoniambiental.com.ar\\\/info\\\/#organization\"},\"image\":{\"@id\":\"https:\\\/\\\/patagoniambiental.com.ar\\\/info\\\/en-tierra-del-fuego-defendemos-nuestro-canal-beagle\\\/#primaryimage\"},\"thumbnailUrl\":\"https:\\\/\\\/patagoniambiental.com.ar\\\/info\\\/wp-content\\\/uploads\\\/2019\\\/01\\\/50012326_10156118238588364_6526355758647345152_n.jpg\",\"articleSection\":[\"Noticias\",\"Provinciales\",\"Tierra del Fuego\"],\"inLanguage\":\"es\",\"potentialAction\":[{\"@type\":\"CommentAction\",\"name\":\"Comment\",\"target\":[\"https:\\\/\\\/patagoniambiental.com.ar\\\/info\\\/en-tierra-del-fuego-defendemos-nuestro-canal-beagle\\\/#respond\"]}]},{\"@type\":\"WebPage\",\"@id\":\"https:\\\/\\\/patagoniambiental.com.ar\\\/info\\\/en-tierra-del-fuego-defendemos-nuestro-canal-beagle\\\/\",\"url\":\"https:\\\/\\\/patagoniambiental.com.ar\\\/info\\\/en-tierra-del-fuego-defendemos-nuestro-canal-beagle\\\/\",\"name\":\"En Tierra del Fuego DEFENDEMOS nuestro CANAL BEAGLE.\",\"isPartOf\":{\"@id\":\"https:\\\/\\\/patagoniambiental.com.ar\\\/info\\\/#website\"},\"primaryImageOfPage\":{\"@id\":\"https:\\\/\\\/patagoniambiental.com.ar\\\/info\\\/en-tierra-del-fuego-defendemos-nuestro-canal-beagle\\\/#primaryimage\"},\"image\":{\"@id\":\"https:\\\/\\\/patagoniambiental.com.ar\\\/info\\\/en-tierra-del-fuego-defendemos-nuestro-canal-beagle\\\/#primaryimage\"},\"thumbnailUrl\":\"https:\\\/\\\/patagoniambiental.com.ar\\\/info\\\/wp-content\\\/uploads\\\/2019\\\/01\\\/50012326_10156118238588364_6526355758647345152_n.jpg\",\"datePublished\":\"2019-01-27T12:00:13+00:00\",\"breadcrumb\":{\"@id\":\"https:\\\/\\\/patagoniambiental.com.ar\\\/info\\\/en-tierra-del-fuego-defendemos-nuestro-canal-beagle\\\/#breadcrumb\"},\"inLanguage\":\"es\",\"potentialAction\":[{\"@type\":\"ReadAction\",\"target\":[\"https:\\\/\\\/patagoniambiental.com.ar\\\/info\\\/en-tierra-del-fuego-defendemos-nuestro-canal-beagle\\\/\"]}]},{\"@type\":\"ImageObject\",\"inLanguage\":\"es\",\"@id\":\"https:\\\/\\\/patagoniambiental.com.ar\\\/info\\\/en-tierra-del-fuego-defendemos-nuestro-canal-beagle\\\/#primaryimage\",\"url\":\"https:\\\/\\\/patagoniambiental.com.ar\\\/info\\\/wp-content\\\/uploads\\\/2019\\\/01\\\/50012326_10156118238588364_6526355758647345152_n.jpg\",\"contentUrl\":\"https:\\\/\\\/patagoniambiental.com.ar\\\/info\\\/wp-content\\\/uploads\\\/2019\\\/01\\\/50012326_10156118238588364_6526355758647345152_n.jpg\",\"width\":526,\"height\":526},{\"@type\":\"BreadcrumbList\",\"@id\":\"https:\\\/\\\/patagoniambiental.com.ar\\\/info\\\/en-tierra-del-fuego-defendemos-nuestro-canal-beagle\\\/#breadcrumb\",\"itemListElement\":[{\"@type\":\"ListItem\",\"position\":1,\"name\":\"Inicio\",\"item\":\"https:\\\/\\\/patagoniambiental.com.ar\\\/info\\\/\"},{\"@type\":\"ListItem\",\"position\":2,\"name\":\"En Tierra del Fuego DEFENDEMOS nuestro CANAL BEAGLE.\"}]},{\"@type\":\"WebSite\",\"@id\":\"https:\\\/\\\/patagoniambiental.com.ar\\\/info\\\/#website\",\"url\":\"https:\\\/\\\/patagoniambiental.com.ar\\\/info\\\/\",\"name\":\"Patagonia Ambiental\",\"description\":\"Monitoreo y an\u00e1lisis de la situaci\u00f3n geopol\u00edtica en el mundo y su implicancia en la Patagonia\",\"publisher\":{\"@id\":\"https:\\\/\\\/patagoniambiental.com.ar\\\/info\\\/#organization\"},\"potentialAction\":[{\"@type\":\"SearchAction\",\"target\":{\"@type\":\"EntryPoint\",\"urlTemplate\":\"https:\\\/\\\/patagoniambiental.com.ar\\\/info\\\/?s={search_term_string}\"},\"query-input\":{\"@type\":\"PropertyValueSpecification\",\"valueRequired\":true,\"valueName\":\"search_term_string\"}}],\"inLanguage\":\"es\"},{\"@type\":\"Organization\",\"@id\":\"https:\\\/\\\/patagoniambiental.com.ar\\\/info\\\/#organization\",\"name\":\"Patagonia Ambiental\",\"url\":\"https:\\\/\\\/patagoniambiental.com.ar\\\/info\\\/\",\"logo\":{\"@type\":\"ImageObject\",\"inLanguage\":\"es\",\"@id\":\"https:\\\/\\\/patagoniambiental.com.ar\\\/info\\\/#\\\/schema\\\/logo\\\/image\\\/\",\"url\":\"https:\\\/\\\/patagoniambiental.com.ar\\\/info\\\/wp-content\\\/uploads\\\/2025\\\/05\\\/LOGO-PATAGONIA-AMBIENTAL.png\",\"contentUrl\":\"https:\\\/\\\/patagoniambiental.com.ar\\\/info\\\/wp-content\\\/uploads\\\/2025\\\/05\\\/LOGO-PATAGONIA-AMBIENTAL.png\",\"width\":433,\"height\":250,\"caption\":\"Patagonia Ambiental\"},\"image\":{\"@id\":\"https:\\\/\\\/patagoniambiental.com.ar\\\/info\\\/#\\\/schema\\\/logo\\\/image\\\/\"},\"sameAs\":[\"https:\\\/\\\/www.facebook.com\\\/patagonia.ambiental\",\"https:\\\/\\\/x.com\\\/PatAmb\"]},{\"@type\":\"Person\",\"@id\":\"https:\\\/\\\/patagoniambiental.com.ar\\\/info\\\/#\\\/schema\\\/person\\\/db12bff64bbcbf6a253710bf0ea37b5d\",\"name\":\"Patagonia Ambiental\",\"description\":\"Andr\u00e9s Nievas T\u00e9cnico en manejo ambiental, consultor Ambiental y escritor para medios locales e internacionales sobre temas de geopolitica y medio ambiente.\",\"sameAs\":[\"http:\\\/\\\/www.patagoniambiental.com.ar\",\"https:\\\/\\\/www.facebook.com\\\/share\\\/1C1V8Gv9BX\\\/?mibextid=qi2Omg\",\"@patagoniambiental\",\"https:\\\/\\\/youtube.com\\\/@patagoniaambiental2023?si=BLt58t0wuXquxlYZ\"]}]}<\/script>\n<!-- \/ Yoast SEO Premium plugin. -->","yoast_head_json":{"title":"En Tierra del Fuego DEFENDEMOS nuestro CANAL BEAGLE.","robots":{"index":"index","follow":"follow","max-snippet":"max-snippet:-1","max-image-preview":"max-image-preview:large","max-video-preview":"max-video-preview:-1"},"canonical":"https:\/\/patagoniambiental.com.ar\/info\/en-tierra-del-fuego-defendemos-nuestro-canal-beagle\/","og_locale":"es_ES","og_type":"article","og_title":"En Tierra del Fuego DEFENDEMOS nuestro CANAL BEAGLE.","og_description":"Tierra del Fuego, AIAS.-En Tierra del Fuego DEFENDEMOS nuestro CANAL BEAGLE.","og_url":"https:\/\/patagoniambiental.com.ar\/info\/en-tierra-del-fuego-defendemos-nuestro-canal-beagle\/","og_site_name":"Patagonia Ambiental","article_publisher":"https:\/\/www.facebook.com\/patagonia.ambiental","article_author":"https:\/\/www.facebook.com\/share\/1C1V8Gv9BX\/?mibextid=qi2Omg","article_published_time":"2019-01-27T12:00:13+00:00","og_image":[{"width":526,"height":526,"url":"https:\/\/patagoniambiental.com.ar\/info\/wp-content\/uploads\/2019\/01\/50012326_10156118238588364_6526355758647345152_n.jpg","type":"image\/jpeg"}],"author":"Patagonia Ambiental","twitter_card":"summary_large_image","twitter_creator":"@PatAmb","twitter_site":"@PatAmb","schema":{"@context":"https:\/\/schema.org","@graph":[{"@type":"Article","@id":"https:\/\/patagoniambiental.com.ar\/info\/en-tierra-del-fuego-defendemos-nuestro-canal-beagle\/#article","isPartOf":{"@id":"https:\/\/patagoniambiental.com.ar\/info\/en-tierra-del-fuego-defendemos-nuestro-canal-beagle\/"},"author":{"name":"Patagonia Ambiental","@id":"https:\/\/patagoniambiental.com.ar\/info\/#\/schema\/person\/db12bff64bbcbf6a253710bf0ea37b5d"},"headline":"En Tierra del Fuego DEFENDEMOS nuestro CANAL BEAGLE.","datePublished":"2019-01-27T12:00:13+00:00","mainEntityOfPage":{"@id":"https:\/\/patagoniambiental.com.ar\/info\/en-tierra-del-fuego-defendemos-nuestro-canal-beagle\/"},"wordCount":111,"commentCount":0,"publisher":{"@id":"https:\/\/patagoniambiental.com.ar\/info\/#organization"},"image":{"@id":"https:\/\/patagoniambiental.com.ar\/info\/en-tierra-del-fuego-defendemos-nuestro-canal-beagle\/#primaryimage"},"thumbnailUrl":"https:\/\/patagoniambiental.com.ar\/info\/wp-content\/uploads\/2019\/01\/50012326_10156118238588364_6526355758647345152_n.jpg","articleSection":["Noticias","Provinciales","Tierra del Fuego"],"inLanguage":"es","potentialAction":[{"@type":"CommentAction","name":"Comment","target":["https:\/\/patagoniambiental.com.ar\/info\/en-tierra-del-fuego-defendemos-nuestro-canal-beagle\/#respond"]}]},{"@type":"WebPage","@id":"https:\/\/patagoniambiental.com.ar\/info\/en-tierra-del-fuego-defendemos-nuestro-canal-beagle\/","url":"https:\/\/patagoniambiental.com.ar\/info\/en-tierra-del-fuego-defendemos-nuestro-canal-beagle\/","name":"En Tierra del Fuego DEFENDEMOS nuestro CANAL BEAGLE.","isPartOf":{"@id":"https:\/\/patagoniambiental.com.ar\/info\/#website"},"primaryImageOfPage":{"@id":"https:\/\/patagoniambiental.com.ar\/info\/en-tierra-del-fuego-defendemos-nuestro-canal-beagle\/#primaryimage"},"image":{"@id":"https:\/\/patagoniambiental.com.ar\/info\/en-tierra-del-fuego-defendemos-nuestro-canal-beagle\/#primaryimage"},"thumbnailUrl":"https:\/\/patagoniambiental.com.ar\/info\/wp-content\/uploads\/2019\/01\/50012326_10156118238588364_6526355758647345152_n.jpg","datePublished":"2019-01-27T12:00:13+00:00","breadcrumb":{"@id":"https:\/\/patagoniambiental.com.ar\/info\/en-tierra-del-fuego-defendemos-nuestro-canal-beagle\/#breadcrumb"},"inLanguage":"es","potentialAction":[{"@type":"ReadAction","target":["https:\/\/patagoniambiental.com.ar\/info\/en-tierra-del-fuego-defendemos-nuestro-canal-beagle\/"]}]},{"@type":"ImageObject","inLanguage":"es","@id":"https:\/\/patagoniambiental.com.ar\/info\/en-tierra-del-fuego-defendemos-nuestro-canal-beagle\/#primaryimage","url":"https:\/\/patagoniambiental.com.ar\/info\/wp-content\/uploads\/2019\/01\/50012326_10156118238588364_6526355758647345152_n.jpg","contentUrl":"https:\/\/patagoniambiental.com.ar\/info\/wp-content\/uploads\/2019\/01\/50012326_10156118238588364_6526355758647345152_n.jpg","width":526,"height":526},{"@type":"BreadcrumbList","@id":"https:\/\/patagoniambiental.com.ar\/info\/en-tierra-del-fuego-defendemos-nuestro-canal-beagle\/#breadcrumb","itemListElement":[{"@type":"ListItem","position":1,"name":"Inicio","item":"https:\/\/patagoniambiental.com.ar\/info\/"},{"@type":"ListItem","position":2,"name":"En Tierra del Fuego DEFENDEMOS nuestro CANAL BEAGLE."}]},{"@type":"WebSite","@id":"https:\/\/patagoniambiental.com.ar\/info\/#website","url":"https:\/\/patagoniambiental.com.ar\/info\/","name":"Patagonia Ambiental","description":"Monitoreo y an\u00e1lisis de la situaci\u00f3n geopol\u00edtica en el mundo y su implicancia en la Patagonia","publisher":{"@id":"https:\/\/patagoniambiental.com.ar\/info\/#organization"},"potentialAction":[{"@type":"SearchAction","target":{"@type":"EntryPoint","urlTemplate":"https:\/\/patagoniambiental.com.ar\/info\/?s={search_term_string}"},"query-input":{"@type":"PropertyValueSpecification","valueRequired":true,"valueName":"search_term_string"}}],"inLanguage":"es"},{"@type":"Organization","@id":"https:\/\/patagoniambiental.com.ar\/info\/#organization","name":"Patagonia Ambiental","url":"https:\/\/patagoniambiental.com.ar\/info\/","logo":{"@type":"ImageObject","inLanguage":"es","@id":"https:\/\/patagoniambiental.com.ar\/info\/#\/schema\/logo\/image\/","url":"https:\/\/patagoniambiental.com.ar\/info\/wp-content\/uploads\/2025\/05\/LOGO-PATAGONIA-AMBIENTAL.png","contentUrl":"https:\/\/patagoniambiental.com.ar\/info\/wp-content\/uploads\/2025\/05\/LOGO-PATAGONIA-AMBIENTAL.png","width":433,"height":250,"caption":"Patagonia Ambiental"},"image":{"@id":"https:\/\/patagoniambiental.com.ar\/info\/#\/schema\/logo\/image\/"},"sameAs":["https:\/\/www.facebook.com\/patagonia.ambiental","https:\/\/x.com\/PatAmb"]},{"@type":"Person","@id":"https:\/\/patagoniambiental.com.ar\/info\/#\/schema\/person\/db12bff64bbcbf6a253710bf0ea37b5d","name":"Patagonia Ambiental","description":"Andr\u00e9s Nievas T\u00e9cnico en manejo ambiental, consultor Ambiental y escritor para medios locales e internacionales sobre temas de geopolitica y medio ambiente.","sameAs":["http:\/\/www.patagoniambiental.com.ar","https:\/\/www.facebook.com\/share\/1C1V8Gv9BX\/?mibextid=qi2Omg","@patagoniambiental","https:\/\/youtube.com\/@patagoniaambiental2023?si=BLt58t0wuXquxlYZ"]}]}},"_links":{"self":[{"href":"https:\/\/patagoniambiental.com.ar\/info\/wp-json\/wp\/v2\/posts\/58573","targetHints":{"allow":["GET"]}}],"collection":[{"href":"https:\/\/patagoniambiental.com.ar\/info\/wp-json\/wp\/v2\/posts"}],"about":[{"href":"https:\/\/patagoniambiental.com.ar\/info\/wp-json\/wp\/v2\/types\/post"}],"author":[{"embeddable":true,"href":"https:\/\/patagoniambiental.com.ar\/info\/wp-json\/wp\/v2\/users\/2"}],"replies":[{"embeddable":true,"href":"https:\/\/patagoniambiental.com.ar\/info\/wp-json\/wp\/v2\/comments?post=58573"}],"version-history":[{"count":0,"href":"https:\/\/patagoniambiental.com.ar\/info\/wp-json\/wp\/v2\/posts\/58573\/revisions"}],"wp:featuredmedia":[{"embeddable":true,"href":"https:\/\/patagoniambiental.com.ar\/info\/wp-json\/wp\/v2\/media\/58574"}],"wp:attachment":[{"href":"https:\/\/patagoniambiental.com.ar\/info\/wp-json\/wp\/v2\/media?parent=58573"}],"wp:term":[{"taxonomy":"category","embeddable":true,"href":"https:\/\/patagoniambiental.com.ar\/info\/wp-json\/wp\/v2\/categories?post=58573"},{"taxonomy":"post_tag","embeddable":true,"href":"https:\/\/patagoniambiental.com.ar\/info\/wp-json\/wp\/v2\/tags?post=58573"}],"curies":[{"name":"wp","href":"https:\/\/api.w.org\/{rel}","templated":true}]}}