{"id":58610,"date":"2019-01-31T19:00:05","date_gmt":"2019-01-31T22:00:05","guid":{"rendered":"http:\/\/patagoniambiental.com.ar\/info\/?p=58610"},"modified":"2019-01-31T15:11:11","modified_gmt":"2019-01-31T18:11:11","slug":"instalan-un-termotanque-solar-en-el-campus-de-viedma-de-la-unrn","status":"publish","type":"post","link":"https:\/\/patagoniambiental.com.ar\/info\/instalan-un-termotanque-solar-en-el-campus-de-viedma-de-la-unrn\/","title":{"rendered":"Instalan un termotanque solar en el campus de Viedma de la UNRN"},"content":{"rendered":"<p>General Roca\/Viedma.-El proyecto lo dirige un docente de la Sede Alto Valle y Valle Medio.<\/p>\n<p><!--more--><\/p>\n<p><img fetchpriority=\"high\" decoding=\"async\" class=\"size-medium wp-image-58612 alignleft\" src=\"https:\/\/patagoniambiental.com.ar\/info\/wp-content\/uploads\/2019\/01\/thumbnail_TERMOTANQUE-SOLAR-600x338.jpg\" alt=\"\" width=\"600\" height=\"338\" \/><\/p>\n<p>A trav\u00e9s del proyecto de Extensi\u00f3n \u201cUso de Energ\u00edas Renovables en la Universidad Nacional de R\u00edo Negro (UNRN)\u201d, que tiene como director al docente de la Sede Alto Valle y Valle Medio, Pablo Carranza, se trabaja en la instalaci\u00f3n de un termotanque solar en el Campus Viedma de la UNRN. A su vez, se le anexar\u00e1n sensores que relevar\u00e1n el funcionamiento del mismo.<\/p>\n<p>Este proyecto tiene como objetivo disponer, para la UNRN y para la comunidad en general, de informaci\u00f3n sobre el comportamiento en uso real de un termotanque solar comercial, con el fin de calefaccionar el comedor universitario del Campus de la Sede Atl\u00e1ntica y abastecerlo de agua caliente, de modo que se plantee un punto de partida para que la sociedad pueda comenzar a implementar energ\u00edas renovables en otros edificios p\u00fablicos y\/o viviendas. En efecto, si bien estos sistemas est\u00e1n ampliamente validados en otras regiones, resta por saber su efectividad en la Patagonia Norte.<\/p>\n<p>Del proyecto participa tambi\u00e9n el Centro de Educaci\u00f3n T\u00e9cnica (CET) N\u00b0 6 de Viedma, debido a que por su orientaci\u00f3n los alumnos cuentan con la capacidad de realizar el dise\u00f1o e instalaci\u00f3n del sistema, al igual que los integrantes de la UNRN.<\/p>\n<p>Otro aspecto a abordar en el proyecto es el de comunicaci\u00f3n y difusi\u00f3n, trabajando con la Escuela Secundaria de Formaci\u00f3n Agraria N\u00b0 11 (ESFA) de El Juncal, IDEVI, que utilizar\u00e1 como recurso la radio escolar FM \u201cEl Refugio\u201d que posee el establecimiento. Por otro lado se prev\u00e9 repetir la experiencia en las instalaciones de esta misma instituci\u00f3n. En este punto radica la importancia de generar un antecedente en la ciudad con el uso de la energ\u00eda solar y tener una experiencia replicable para la comunidad.<\/p>\n<p><img decoding=\"async\" class=\"size-medium wp-image-58611 alignleft\" src=\"https:\/\/patagoniambiental.com.ar\/info\/wp-content\/uploads\/2019\/01\/thumbnail_Comedor-UNRN-600x384.jpg\" alt=\"\" width=\"600\" height=\"384\" \/><\/p>\n<p>Los datos sobre el rendimiento t\u00e9rmico de la instalaci\u00f3n estar\u00e1n disponibles en tiempo real en un sitio web dedicado a tal efecto. Esta informaci\u00f3n de libre acceso busca que los pobladores del norte de la Patagonia cuenten con informaci\u00f3n sobre el real funcionamiento de un termotanque solar para que, mediante la informaci\u00f3n obtenida, determinen si es conveniente o no instalar uno.<\/p>\n<p>Los beneficiarios ser\u00e1n estudiantes, docentes y nodocentes de la UNRN, as\u00ed como tambi\u00e9n integrantes de los dos Colegios T\u00e9cnicos de Viedma que integran el proyecto y quienes obtendr\u00e1n la capacidad y los conocimientos necesarios para replicar esta experiencia en distintos \u00e1mbitos sociales, como establecimientos escolares, clubes barriales, juntas vecinales, etc.<\/p>\n<p>El uso de energ\u00edas renovables resulta una opci\u00f3n viable para mejorar la calidad de vida para la poblaci\u00f3n patag\u00f3nica. Puesto que en los centros urbanos, algunos sistemas de aprovechamiento de energ\u00edas renovables pueden representar un ahorro en el consumo de gas o electricidad. Adem\u00e1s en la zona rural, el aprovechamiento de energ\u00edas renovables resulta en muchos casos la \u00fanica opci\u00f3n para acceder a servicios que hasta el momento no se encuentran disponible<\/p>\n<p>Fuente: UNRN Sede Atlantica<\/p>\n","protected":false},"excerpt":{"rendered":"<p>General Roca\/Viedma.-El proyecto lo dirige un docente de la Sede Alto Valle y Valle Medio.<\/p>\n","protected":false},"author":2,"featured_media":58612,"comment_status":"open","ping_status":"open","sticky":false,"template":"","format":"standard","meta":{"site-sidebar-layout":"default","site-content-layout":"","ast-site-content-layout":"default","site-content-style":"default","site-sidebar-style":"default","ast-global-header-display":"","ast-banner-title-visibility":"","ast-main-header-display":"","ast-hfb-above-header-display":"","ast-hfb-below-header-display":"","ast-hfb-mobile-header-display":"","site-post-title":"","ast-breadcrumbs-content":"","ast-featured-img":"","footer-sml-layout":"","ast-disable-related-posts":"","theme-transparent-header-meta":"","adv-header-id-meta":"","stick-header-meta":"","header-above-stick-meta":"","header-main-stick-meta":"","header-below-stick-meta":"","astra-migrate-meta-layouts":"default","ast-page-background-enabled":"default","ast-page-background-meta":{"desktop":{"background-color":"var(--ast-global-color-5)","background-image":"","background-repeat":"repeat","background-position":"center center","background-size":"auto","background-attachment":"scroll","background-type":"","background-media":"","overlay-type":"","overlay-color":"","overlay-opacity":"","overlay-gradient":""},"tablet":{"background-color":"","background-image":"","background-repeat":"repeat","background-position":"center center","background-size":"auto","background-attachment":"scroll","background-type":"","background-media":"","overlay-type":"","overlay-color":"","overlay-opacity":"","overlay-gradient":""},"mobile":{"background-color":"","background-image":"","background-repeat":"repeat","background-position":"center center","background-size":"auto","background-attachment":"scroll","background-type":"","background-media":"","overlay-type":"","overlay-color":"","overlay-opacity":"","overlay-gradient":""}},"ast-content-background-meta":{"desktop":{"background-color":"var(--ast-global-color-4)","background-image":"","background-repeat":"repeat","background-position":"center center","background-size":"auto","background-attachment":"scroll","background-type":"","background-media":"","overlay-type":"","overlay-color":"","overlay-opacity":"","overlay-gradient":""},"tablet":{"background-color":"var(--ast-global-color-4)","background-image":"","background-repeat":"repeat","background-position":"center center","background-size":"auto","background-attachment":"scroll","background-type":"","background-media":"","overlay-type":"","overlay-color":"","overlay-opacity":"","overlay-gradient":""},"mobile":{"background-color":"var(--ast-global-color-4)","background-image":"","background-repeat":"repeat","background-position":"center center","background-size":"auto","background-attachment":"scroll","background-type":"","background-media":"","overlay-type":"","overlay-color":"","overlay-opacity":"","overlay-gradient":""}},"footnotes":""},"categories":[1,13,14],"tags":[],"class_list":["post-58610","post","type-post","status-publish","format-standard","has-post-thumbnail","hentry","category-noticias","category-provinciales","category-rio-negro"],"yoast_head":"<!-- This site is optimized with the Yoast SEO Premium plugin v23.0 (Yoast SEO v27.4) - https:\/\/yoast.com\/product\/yoast-seo-premium-wordpress\/ -->\n<title>Instalan un termotanque solar en el campus de Viedma de la UNRN<\/title>\n<meta name=\"robots\" content=\"index, follow, max-snippet:-1, max-image-preview:large, max-video-preview:-1\" \/>\n<link rel=\"canonical\" href=\"https:\/\/patagoniambiental.com.ar\/info\/instalan-un-termotanque-solar-en-el-campus-de-viedma-de-la-unrn\/\" \/>\n<meta property=\"og:locale\" content=\"es_ES\" \/>\n<meta property=\"og:type\" content=\"article\" \/>\n<meta property=\"og:title\" content=\"Instalan un termotanque solar en el campus de Viedma de la UNRN\" \/>\n<meta property=\"og:description\" content=\"General Roca\/Viedma.-El proyecto lo dirige un docente de la Sede Alto Valle y Valle Medio.\" \/>\n<meta property=\"og:url\" content=\"https:\/\/patagoniambiental.com.ar\/info\/instalan-un-termotanque-solar-en-el-campus-de-viedma-de-la-unrn\/\" \/>\n<meta property=\"og:site_name\" content=\"Patagonia Ambiental\" \/>\n<meta property=\"article:publisher\" content=\"https:\/\/www.facebook.com\/patagonia.ambiental\" \/>\n<meta property=\"article:author\" content=\"https:\/\/www.facebook.com\/share\/1C1V8Gv9BX\/?mibextid=qi2Omg\" \/>\n<meta property=\"article:published_time\" content=\"2019-01-31T22:00:05+00:00\" \/>\n<meta property=\"og:image\" content=\"https:\/\/patagoniambiental.com.ar\/info\/wp-content\/uploads\/2019\/01\/thumbnail_TERMOTANQUE-SOLAR.jpg\" \/>\n\t<meta property=\"og:image:width\" content=\"1280\" \/>\n\t<meta property=\"og:image:height\" content=\"720\" \/>\n\t<meta property=\"og:image:type\" content=\"image\/jpeg\" \/>\n<meta name=\"author\" content=\"Patagonia Ambiental\" \/>\n<meta name=\"twitter:card\" content=\"summary_large_image\" \/>\n<meta name=\"twitter:creator\" content=\"@PatAmb\" \/>\n<meta name=\"twitter:site\" content=\"@PatAmb\" \/>\n<script type=\"application\/ld+json\" class=\"yoast-schema-graph\">{\"@context\":\"https:\\\/\\\/schema.org\",\"@graph\":[{\"@type\":\"Article\",\"@id\":\"https:\\\/\\\/patagoniambiental.com.ar\\\/info\\\/instalan-un-termotanque-solar-en-el-campus-de-viedma-de-la-unrn\\\/#article\",\"isPartOf\":{\"@id\":\"https:\\\/\\\/patagoniambiental.com.ar\\\/info\\\/instalan-un-termotanque-solar-en-el-campus-de-viedma-de-la-unrn\\\/\"},\"author\":{\"name\":\"Patagonia Ambiental\",\"@id\":\"https:\\\/\\\/patagoniambiental.com.ar\\\/info\\\/#\\\/schema\\\/person\\\/db12bff64bbcbf6a253710bf0ea37b5d\"},\"headline\":\"Instalan un termotanque solar en el campus de Viedma de la UNRN\",\"datePublished\":\"2019-01-31T22:00:05+00:00\",\"mainEntityOfPage\":{\"@id\":\"https:\\\/\\\/patagoniambiental.com.ar\\\/info\\\/instalan-un-termotanque-solar-en-el-campus-de-viedma-de-la-unrn\\\/\"},\"wordCount\":539,\"commentCount\":0,\"publisher\":{\"@id\":\"https:\\\/\\\/patagoniambiental.com.ar\\\/info\\\/#organization\"},\"image\":{\"@id\":\"https:\\\/\\\/patagoniambiental.com.ar\\\/info\\\/instalan-un-termotanque-solar-en-el-campus-de-viedma-de-la-unrn\\\/#primaryimage\"},\"thumbnailUrl\":\"https:\\\/\\\/patagoniambiental.com.ar\\\/info\\\/wp-content\\\/uploads\\\/2019\\\/01\\\/thumbnail_TERMOTANQUE-SOLAR.jpg\",\"articleSection\":[\"Noticias\",\"Provinciales\",\"R\u00edo Negro\"],\"inLanguage\":\"es\",\"potentialAction\":[{\"@type\":\"CommentAction\",\"name\":\"Comment\",\"target\":[\"https:\\\/\\\/patagoniambiental.com.ar\\\/info\\\/instalan-un-termotanque-solar-en-el-campus-de-viedma-de-la-unrn\\\/#respond\"]}]},{\"@type\":\"WebPage\",\"@id\":\"https:\\\/\\\/patagoniambiental.com.ar\\\/info\\\/instalan-un-termotanque-solar-en-el-campus-de-viedma-de-la-unrn\\\/\",\"url\":\"https:\\\/\\\/patagoniambiental.com.ar\\\/info\\\/instalan-un-termotanque-solar-en-el-campus-de-viedma-de-la-unrn\\\/\",\"name\":\"Instalan un termotanque solar en el campus de Viedma de la UNRN\",\"isPartOf\":{\"@id\":\"https:\\\/\\\/patagoniambiental.com.ar\\\/info\\\/#website\"},\"primaryImageOfPage\":{\"@id\":\"https:\\\/\\\/patagoniambiental.com.ar\\\/info\\\/instalan-un-termotanque-solar-en-el-campus-de-viedma-de-la-unrn\\\/#primaryimage\"},\"image\":{\"@id\":\"https:\\\/\\\/patagoniambiental.com.ar\\\/info\\\/instalan-un-termotanque-solar-en-el-campus-de-viedma-de-la-unrn\\\/#primaryimage\"},\"thumbnailUrl\":\"https:\\\/\\\/patagoniambiental.com.ar\\\/info\\\/wp-content\\\/uploads\\\/2019\\\/01\\\/thumbnail_TERMOTANQUE-SOLAR.jpg\",\"datePublished\":\"2019-01-31T22:00:05+00:00\",\"breadcrumb\":{\"@id\":\"https:\\\/\\\/patagoniambiental.com.ar\\\/info\\\/instalan-un-termotanque-solar-en-el-campus-de-viedma-de-la-unrn\\\/#breadcrumb\"},\"inLanguage\":\"es\",\"potentialAction\":[{\"@type\":\"ReadAction\",\"target\":[\"https:\\\/\\\/patagoniambiental.com.ar\\\/info\\\/instalan-un-termotanque-solar-en-el-campus-de-viedma-de-la-unrn\\\/\"]}]},{\"@type\":\"ImageObject\",\"inLanguage\":\"es\",\"@id\":\"https:\\\/\\\/patagoniambiental.com.ar\\\/info\\\/instalan-un-termotanque-solar-en-el-campus-de-viedma-de-la-unrn\\\/#primaryimage\",\"url\":\"https:\\\/\\\/patagoniambiental.com.ar\\\/info\\\/wp-content\\\/uploads\\\/2019\\\/01\\\/thumbnail_TERMOTANQUE-SOLAR.jpg\",\"contentUrl\":\"https:\\\/\\\/patagoniambiental.com.ar\\\/info\\\/wp-content\\\/uploads\\\/2019\\\/01\\\/thumbnail_TERMOTANQUE-SOLAR.jpg\",\"width\":1067,\"height\":600},{\"@type\":\"BreadcrumbList\",\"@id\":\"https:\\\/\\\/patagoniambiental.com.ar\\\/info\\\/instalan-un-termotanque-solar-en-el-campus-de-viedma-de-la-unrn\\\/#breadcrumb\",\"itemListElement\":[{\"@type\":\"ListItem\",\"position\":1,\"name\":\"Inicio\",\"item\":\"https:\\\/\\\/patagoniambiental.com.ar\\\/info\\\/\"},{\"@type\":\"ListItem\",\"position\":2,\"name\":\"Instalan un termotanque solar en el campus de Viedma de la UNRN\"}]},{\"@type\":\"WebSite\",\"@id\":\"https:\\\/\\\/patagoniambiental.com.ar\\\/info\\\/#website\",\"url\":\"https:\\\/\\\/patagoniambiental.com.ar\\\/info\\\/\",\"name\":\"Patagonia Ambiental\",\"description\":\"Monitoreo y an\u00e1lisis de la situaci\u00f3n geopol\u00edtica en el mundo y su implicancia en la Patagonia\",\"publisher\":{\"@id\":\"https:\\\/\\\/patagoniambiental.com.ar\\\/info\\\/#organization\"},\"potentialAction\":[{\"@type\":\"SearchAction\",\"target\":{\"@type\":\"EntryPoint\",\"urlTemplate\":\"https:\\\/\\\/patagoniambiental.com.ar\\\/info\\\/?s={search_term_string}\"},\"query-input\":{\"@type\":\"PropertyValueSpecification\",\"valueRequired\":true,\"valueName\":\"search_term_string\"}}],\"inLanguage\":\"es\"},{\"@type\":\"Organization\",\"@id\":\"https:\\\/\\\/patagoniambiental.com.ar\\\/info\\\/#organization\",\"name\":\"Patagonia Ambiental\",\"url\":\"https:\\\/\\\/patagoniambiental.com.ar\\\/info\\\/\",\"logo\":{\"@type\":\"ImageObject\",\"inLanguage\":\"es\",\"@id\":\"https:\\\/\\\/patagoniambiental.com.ar\\\/info\\\/#\\\/schema\\\/logo\\\/image\\\/\",\"url\":\"https:\\\/\\\/patagoniambiental.com.ar\\\/info\\\/wp-content\\\/uploads\\\/2025\\\/05\\\/LOGO-PATAGONIA-AMBIENTAL.png\",\"contentUrl\":\"https:\\\/\\\/patagoniambiental.com.ar\\\/info\\\/wp-content\\\/uploads\\\/2025\\\/05\\\/LOGO-PATAGONIA-AMBIENTAL.png\",\"width\":433,\"height\":250,\"caption\":\"Patagonia Ambiental\"},\"image\":{\"@id\":\"https:\\\/\\\/patagoniambiental.com.ar\\\/info\\\/#\\\/schema\\\/logo\\\/image\\\/\"},\"sameAs\":[\"https:\\\/\\\/www.facebook.com\\\/patagonia.ambiental\",\"https:\\\/\\\/x.com\\\/PatAmb\"]},{\"@type\":\"Person\",\"@id\":\"https:\\\/\\\/patagoniambiental.com.ar\\\/info\\\/#\\\/schema\\\/person\\\/db12bff64bbcbf6a253710bf0ea37b5d\",\"name\":\"Patagonia Ambiental\",\"description\":\"Andr\u00e9s Nievas T\u00e9cnico en manejo ambiental, consultor Ambiental y escritor para medios locales e internacionales sobre temas de geopolitica y medio ambiente.\",\"sameAs\":[\"http:\\\/\\\/www.patagoniambiental.com.ar\",\"https:\\\/\\\/www.facebook.com\\\/share\\\/1C1V8Gv9BX\\\/?mibextid=qi2Omg\",\"@patagoniambiental\",\"https:\\\/\\\/youtube.com\\\/@patagoniaambiental2023?si=BLt58t0wuXquxlYZ\"]}]}<\/script>\n<!-- \/ Yoast SEO Premium plugin. -->","yoast_head_json":{"title":"Instalan un termotanque solar en el campus de Viedma de la UNRN","robots":{"index":"index","follow":"follow","max-snippet":"max-snippet:-1","max-image-preview":"max-image-preview:large","max-video-preview":"max-video-preview:-1"},"canonical":"https:\/\/patagoniambiental.com.ar\/info\/instalan-un-termotanque-solar-en-el-campus-de-viedma-de-la-unrn\/","og_locale":"es_ES","og_type":"article","og_title":"Instalan un termotanque solar en el campus de Viedma de la UNRN","og_description":"General Roca\/Viedma.-El proyecto lo dirige un docente de la Sede Alto Valle y Valle Medio.","og_url":"https:\/\/patagoniambiental.com.ar\/info\/instalan-un-termotanque-solar-en-el-campus-de-viedma-de-la-unrn\/","og_site_name":"Patagonia Ambiental","article_publisher":"https:\/\/www.facebook.com\/patagonia.ambiental","article_author":"https:\/\/www.facebook.com\/share\/1C1V8Gv9BX\/?mibextid=qi2Omg","article_published_time":"2019-01-31T22:00:05+00:00","og_image":[{"width":1280,"height":720,"url":"https:\/\/patagoniambiental.com.ar\/info\/wp-content\/uploads\/2019\/01\/thumbnail_TERMOTANQUE-SOLAR.jpg","type":"image\/jpeg"}],"author":"Patagonia Ambiental","twitter_card":"summary_large_image","twitter_creator":"@PatAmb","twitter_site":"@PatAmb","schema":{"@context":"https:\/\/schema.org","@graph":[{"@type":"Article","@id":"https:\/\/patagoniambiental.com.ar\/info\/instalan-un-termotanque-solar-en-el-campus-de-viedma-de-la-unrn\/#article","isPartOf":{"@id":"https:\/\/patagoniambiental.com.ar\/info\/instalan-un-termotanque-solar-en-el-campus-de-viedma-de-la-unrn\/"},"author":{"name":"Patagonia Ambiental","@id":"https:\/\/patagoniambiental.com.ar\/info\/#\/schema\/person\/db12bff64bbcbf6a253710bf0ea37b5d"},"headline":"Instalan un termotanque solar en el campus de Viedma de la UNRN","datePublished":"2019-01-31T22:00:05+00:00","mainEntityOfPage":{"@id":"https:\/\/patagoniambiental.com.ar\/info\/instalan-un-termotanque-solar-en-el-campus-de-viedma-de-la-unrn\/"},"wordCount":539,"commentCount":0,"publisher":{"@id":"https:\/\/patagoniambiental.com.ar\/info\/#organization"},"image":{"@id":"https:\/\/patagoniambiental.com.ar\/info\/instalan-un-termotanque-solar-en-el-campus-de-viedma-de-la-unrn\/#primaryimage"},"thumbnailUrl":"https:\/\/patagoniambiental.com.ar\/info\/wp-content\/uploads\/2019\/01\/thumbnail_TERMOTANQUE-SOLAR.jpg","articleSection":["Noticias","Provinciales","R\u00edo Negro"],"inLanguage":"es","potentialAction":[{"@type":"CommentAction","name":"Comment","target":["https:\/\/patagoniambiental.com.ar\/info\/instalan-un-termotanque-solar-en-el-campus-de-viedma-de-la-unrn\/#respond"]}]},{"@type":"WebPage","@id":"https:\/\/patagoniambiental.com.ar\/info\/instalan-un-termotanque-solar-en-el-campus-de-viedma-de-la-unrn\/","url":"https:\/\/patagoniambiental.com.ar\/info\/instalan-un-termotanque-solar-en-el-campus-de-viedma-de-la-unrn\/","name":"Instalan un termotanque solar en el campus de Viedma de la UNRN","isPartOf":{"@id":"https:\/\/patagoniambiental.com.ar\/info\/#website"},"primaryImageOfPage":{"@id":"https:\/\/patagoniambiental.com.ar\/info\/instalan-un-termotanque-solar-en-el-campus-de-viedma-de-la-unrn\/#primaryimage"},"image":{"@id":"https:\/\/patagoniambiental.com.ar\/info\/instalan-un-termotanque-solar-en-el-campus-de-viedma-de-la-unrn\/#primaryimage"},"thumbnailUrl":"https:\/\/patagoniambiental.com.ar\/info\/wp-content\/uploads\/2019\/01\/thumbnail_TERMOTANQUE-SOLAR.jpg","datePublished":"2019-01-31T22:00:05+00:00","breadcrumb":{"@id":"https:\/\/patagoniambiental.com.ar\/info\/instalan-un-termotanque-solar-en-el-campus-de-viedma-de-la-unrn\/#breadcrumb"},"inLanguage":"es","potentialAction":[{"@type":"ReadAction","target":["https:\/\/patagoniambiental.com.ar\/info\/instalan-un-termotanque-solar-en-el-campus-de-viedma-de-la-unrn\/"]}]},{"@type":"ImageObject","inLanguage":"es","@id":"https:\/\/patagoniambiental.com.ar\/info\/instalan-un-termotanque-solar-en-el-campus-de-viedma-de-la-unrn\/#primaryimage","url":"https:\/\/patagoniambiental.com.ar\/info\/wp-content\/uploads\/2019\/01\/thumbnail_TERMOTANQUE-SOLAR.jpg","contentUrl":"https:\/\/patagoniambiental.com.ar\/info\/wp-content\/uploads\/2019\/01\/thumbnail_TERMOTANQUE-SOLAR.jpg","width":1067,"height":600},{"@type":"BreadcrumbList","@id":"https:\/\/patagoniambiental.com.ar\/info\/instalan-un-termotanque-solar-en-el-campus-de-viedma-de-la-unrn\/#breadcrumb","itemListElement":[{"@type":"ListItem","position":1,"name":"Inicio","item":"https:\/\/patagoniambiental.com.ar\/info\/"},{"@type":"ListItem","position":2,"name":"Instalan un termotanque solar en el campus de Viedma de la UNRN"}]},{"@type":"WebSite","@id":"https:\/\/patagoniambiental.com.ar\/info\/#website","url":"https:\/\/patagoniambiental.com.ar\/info\/","name":"Patagonia Ambiental","description":"Monitoreo y an\u00e1lisis de la situaci\u00f3n geopol\u00edtica en el mundo y su implicancia en la Patagonia","publisher":{"@id":"https:\/\/patagoniambiental.com.ar\/info\/#organization"},"potentialAction":[{"@type":"SearchAction","target":{"@type":"EntryPoint","urlTemplate":"https:\/\/patagoniambiental.com.ar\/info\/?s={search_term_string}"},"query-input":{"@type":"PropertyValueSpecification","valueRequired":true,"valueName":"search_term_string"}}],"inLanguage":"es"},{"@type":"Organization","@id":"https:\/\/patagoniambiental.com.ar\/info\/#organization","name":"Patagonia Ambiental","url":"https:\/\/patagoniambiental.com.ar\/info\/","logo":{"@type":"ImageObject","inLanguage":"es","@id":"https:\/\/patagoniambiental.com.ar\/info\/#\/schema\/logo\/image\/","url":"https:\/\/patagoniambiental.com.ar\/info\/wp-content\/uploads\/2025\/05\/LOGO-PATAGONIA-AMBIENTAL.png","contentUrl":"https:\/\/patagoniambiental.com.ar\/info\/wp-content\/uploads\/2025\/05\/LOGO-PATAGONIA-AMBIENTAL.png","width":433,"height":250,"caption":"Patagonia Ambiental"},"image":{"@id":"https:\/\/patagoniambiental.com.ar\/info\/#\/schema\/logo\/image\/"},"sameAs":["https:\/\/www.facebook.com\/patagonia.ambiental","https:\/\/x.com\/PatAmb"]},{"@type":"Person","@id":"https:\/\/patagoniambiental.com.ar\/info\/#\/schema\/person\/db12bff64bbcbf6a253710bf0ea37b5d","name":"Patagonia Ambiental","description":"Andr\u00e9s Nievas T\u00e9cnico en manejo ambiental, consultor Ambiental y escritor para medios locales e internacionales sobre temas de geopolitica y medio ambiente.","sameAs":["http:\/\/www.patagoniambiental.com.ar","https:\/\/www.facebook.com\/share\/1C1V8Gv9BX\/?mibextid=qi2Omg","@patagoniambiental","https:\/\/youtube.com\/@patagoniaambiental2023?si=BLt58t0wuXquxlYZ"]}]}},"_links":{"self":[{"href":"https:\/\/patagoniambiental.com.ar\/info\/wp-json\/wp\/v2\/posts\/58610","targetHints":{"allow":["GET"]}}],"collection":[{"href":"https:\/\/patagoniambiental.com.ar\/info\/wp-json\/wp\/v2\/posts"}],"about":[{"href":"https:\/\/patagoniambiental.com.ar\/info\/wp-json\/wp\/v2\/types\/post"}],"author":[{"embeddable":true,"href":"https:\/\/patagoniambiental.com.ar\/info\/wp-json\/wp\/v2\/users\/2"}],"replies":[{"embeddable":true,"href":"https:\/\/patagoniambiental.com.ar\/info\/wp-json\/wp\/v2\/comments?post=58610"}],"version-history":[{"count":0,"href":"https:\/\/patagoniambiental.com.ar\/info\/wp-json\/wp\/v2\/posts\/58610\/revisions"}],"wp:featuredmedia":[{"embeddable":true,"href":"https:\/\/patagoniambiental.com.ar\/info\/wp-json\/wp\/v2\/media\/58612"}],"wp:attachment":[{"href":"https:\/\/patagoniambiental.com.ar\/info\/wp-json\/wp\/v2\/media?parent=58610"}],"wp:term":[{"taxonomy":"category","embeddable":true,"href":"https:\/\/patagoniambiental.com.ar\/info\/wp-json\/wp\/v2\/categories?post=58610"},{"taxonomy":"post_tag","embeddable":true,"href":"https:\/\/patagoniambiental.com.ar\/info\/wp-json\/wp\/v2\/tags?post=58610"}],"curies":[{"name":"wp","href":"https:\/\/api.w.org\/{rel}","templated":true}]}}