{"id":58665,"date":"2019-02-02T09:00:16","date_gmt":"2019-02-02T12:00:16","guid":{"rendered":"http:\/\/patagoniambiental.com.ar\/info\/?p=58665"},"modified":"2019-02-01T11:31:54","modified_gmt":"2019-02-01T14:31:54","slug":"remediacion-de-plomo-en-san-antonio-plantean-una-propuesta-para-impermeabilizar-calles-y-veredas","status":"publish","type":"post","link":"https:\/\/patagoniambiental.com.ar\/info\/remediacion-de-plomo-en-san-antonio-plantean-una-propuesta-para-impermeabilizar-calles-y-veredas\/","title":{"rendered":"Remediaci\u00f3n\u00a0de\u00a0plomo\u00a0en\u00a0San Antonio: plantean una propuesta para\u00a0impermeabilizar\u00a0calles y veredas"},"content":{"rendered":"<div id=\"js_is\" class=\"_5pbx userContent _3576\" data-ft=\"{&quot;tn&quot;:&quot;K&quot;}\">\n<div id=\"id_5c54508791e3e6b97678250\" class=\"text_exposed_root text_exposed\">\n<p>San Antonio Oeste.-La alternativa fue propuesta por referentes de Naci\u00f3n y ser\u00e1 evaluada en los pr\u00f3ximos d\u00edas. Desde la Provincia se reafirm\u00f3 la necesidad de dar un cierre definitivo a la celda de contenci\u00f3n para poder continuar con la segunda fase de los trabajos.<\/p>\n<p><!--more--><\/p>\n<p>Representantes de Provincia, Naci\u00f3n y Municipio se reunieron ayer para avanzar en las tareas faltantes que concluyan\u00a0<span class=\"text_exposed_show\">con la remediaci\u00f3n de plomo en San Antonio Oeste. Los referentes nacionales expusieron una propuesta alternativa para impermeabilizar todo la zona de calles y veredas en la ciudad.<\/span><\/p>\n<div class=\"text_exposed_show\">\n<p>El encuentro se desarroll\u00f3 en la sede de la Secretar\u00eda de Ambiente y Desarrollo Sustentable en Viedma, con la presencia de referentes de ese organismo, de la Secretar\u00eda de Pol\u00edtica Minera del Ministerio de Producci\u00f3n y Trabajo de la Naci\u00f3n, el Comit\u00e9 de Inspecci\u00f3n de la Obra, la Defensor\u00eda del Pueblo y el Municipio.<\/p>\n<p>En primera instancia, los representantes de Naci\u00f3n plantearon una propuesta con determinados trabajos necesarios para continuar reduciendo la exposici\u00f3n de la comunidad al plomo, con el objetivo de evitar la dispersi\u00f3n de suelos contaminados y proveer una barrera f\u00edsica estable por un per\u00edodo m\u00ednimo, que facilite los nuevos estudios t\u00e9cnicos y redefiniciones de la obra.<\/p>\n<p>Naci\u00f3n adem\u00e1s explic\u00f3 que, al tratarse de una propuesta que no es definitiva, a\u00fan no se concret\u00f3 el proceso de revisi\u00f3n de precios que oportunamente se hab\u00edan solicitado a Tyam SA.<\/p>\n<p>La secretaria de Ambiente y Desarrollo sustentable, Dina Migani, reafirm\u00f3 la necesidad de dar el cierre definitivo a la celda de contenci\u00f3n para poder continuar con la segunda fase de los trabajos de remediaci\u00f3n. Finalmente, se estableci\u00f3 un cuarto intermedio y se paut\u00f3 un nuevo encuentro para el lunes 4 de febrero en Viedma.<\/p>\n<p>Migani consider\u00f3 que la reuni\u00f3n fue \u201cmuy positiva\u201d y detall\u00f3 que la propuesta de Naci\u00f3n \u201ces una alternativa para impermeabilizar todo lo que es zona de calles y veredas en San Antonio\u201d.<\/p>\n<p>\u201cNo es una propuesta definitiva. Se trata de un trabajo de impermeabilizaci\u00f3n temporal hasta que Naci\u00f3n haga una propuesta definitiva de remedici\u00f3n, tanto en la zona de estanciera como en las dos pilas que quedaron sin remediar y las zonas de calles y veredas\u201d, complet\u00f3.<\/p>\n<p>Se\u00f1al\u00f3 que la propuesta ser\u00e1 analizada y, de ser aceptada, se buscar\u00e1 financiamiento para su realizaci\u00f3n. \u201cEl pr\u00f3ximo lunes nos volveremos a reunir con el Municipio. Lo m\u00e1s importante es que el compromiso de Naci\u00f3n es que en el t\u00e9rmino de un a\u00f1o tienen que proponer una soluci\u00f3n definitiva\u201d, finaliz\u00f3.<\/p>\n<p><a href=\"https:\/\/www.rionegro.gov.ar\/index.php?contID=49650&amp;fbclid=IwAR2hSvK7x4aVSD8mwb8m19PVM9Q3oRk5FEZK0ByGH3kImPolvLz8lRWVuAQ\" target=\"_blank\" rel=\"noopener nofollow\" data-ft=\"{&quot;tn&quot;:&quot;-U&quot;}\" data-lynx-mode=\"async\" data-lynx-uri=\"https:\/\/l.facebook.com\/l.php?u=https%3A%2F%2Fwww.rionegro.gov.ar%2Findex.php%3FcontID%3D49650%26fbclid%3DIwAR2hSvK7x4aVSD8mwb8m19PVM9Q3oRk5FEZK0ByGH3kImPolvLz8lRWVuAQ&amp;h=AT1pyumzInu8lDc1lpEe13irCNQwR00mNjY5SG_AUHEeASPIZoy1YTlAbfnXRCN5nv9jMcXVWwoqwKjglyE1ytPPA_FfiDbxyhYqQqC95jOFzlWbvAju-KoXTJYKL3x27AfR3fxSJr6BFrAnu6ARSesYiVGy0NFLNAu-ysT1W_dN0Rh2IFFTBEp5X3kRZ4lJWvkgahmxvEGqVevIobe579Y-U-NflDNsDBX_he15viTLPvTtIXeqWveG_mD8iekFFcqT4Li8wgXnME05QvM41Vjsg697OqxvoK9cWpfnWuuUvoU6r7uB2b4M7r8MfbIQva28LXEuVbhtwlq-LDkoHKUhr1IDmQXoyIlbQKjMyXc8DPYGeH-lCVoNpCdTy6U2UTZKQ1iI4kx2hdZRtwKmbO-XQSMWQ_U7youx3ZqQSsYQPhvYr7JT0Io8EhOuniG524y3HsGtThcVsfJ4HbZnHaXlRQ3CQIFqVewuBNrB2pnILw1yiyDB5iRro-A-SNyk7sQPhpHKqckbx_RZYBEMf8keH49f8ekc4DFFoqy9L6CYDieBOBteXkENAc03Wr8JYVyPEK33ZvBZa6GBmrd1FwQtN_cA49GKMrCpDFgGYAlZSqy7PCrHussZlnrSdzhpoTlSewU\">http:\/\/www.rionegro.gov.ar\/index.php?contID=49650<\/a><\/p>\n<\/div>\n<\/div>\n<\/div>\n<p>&nbsp;<\/p>\n<div class=\"_3x-2\" data-ft=\"{&quot;tn&quot;:&quot;H&quot;}\">\n<div data-ft=\"{&quot;tn&quot;:&quot;H&quot;}\">\n<div class=\"mtm\">\n<div class=\"_2a2q _65sr\">\n<div class=\"uiScaledImageContainer\"><img fetchpriority=\"high\" decoding=\"async\" class=\"scaledImageFitWidth img\" src=\"https:\/\/scontent.faep16-1.fna.fbcdn.net\/v\/t1.0-0\/s526x296\/50919649_2267811196873247_7850604913145937920_n.jpg?_nc_cat=106&amp;_nc_ht=scontent.faep16-1.fna&amp;oh=022596dccc8293953a7599297255ffef&amp;oe=5CC03CE8\" alt=\"La imagen puede contener: 1 persona, texto\" width=\"500\" height=\"281\" \/><\/div>\n<div>Fuente: SA y DS de la Naci\u00f3n<\/div>\n<\/div>\n<\/div>\n<\/div>\n<\/div>\n","protected":false},"excerpt":{"rendered":"<p>San Antonio Oeste.-La alternativa fue propuesta por referentes de Naci\u00f3n y ser\u00e1 evaluada en los pr\u00f3ximos d\u00edas. Desde la Provincia [&hellip;]<\/p>\n","protected":false},"author":2,"featured_media":58666,"comment_status":"open","ping_status":"open","sticky":false,"template":"","format":"standard","meta":{"site-sidebar-layout":"default","site-content-layout":"","ast-site-content-layout":"default","site-content-style":"default","site-sidebar-style":"default","ast-global-header-display":"","ast-banner-title-visibility":"","ast-main-header-display":"","ast-hfb-above-header-display":"","ast-hfb-below-header-display":"","ast-hfb-mobile-header-display":"","site-post-title":"","ast-breadcrumbs-content":"","ast-featured-img":"","footer-sml-layout":"","ast-disable-related-posts":"","theme-transparent-header-meta":"","adv-header-id-meta":"","stick-header-meta":"","header-above-stick-meta":"","header-main-stick-meta":"","header-below-stick-meta":"","astra-migrate-meta-layouts":"default","ast-page-background-enabled":"default","ast-page-background-meta":{"desktop":{"background-color":"var(--ast-global-color-5)","background-image":"","background-repeat":"repeat","background-position":"center center","background-size":"auto","background-attachment":"scroll","background-type":"","background-media":"","overlay-type":"","overlay-color":"","overlay-opacity":"","overlay-gradient":""},"tablet":{"background-color":"","background-image":"","background-repeat":"repeat","background-position":"center center","background-size":"auto","background-attachment":"scroll","background-type":"","background-media":"","overlay-type":"","overlay-color":"","overlay-opacity":"","overlay-gradient":""},"mobile":{"background-color":"","background-image":"","background-repeat":"repeat","background-position":"center center","background-size":"auto","background-attachment":"scroll","background-type":"","background-media":"","overlay-type":"","overlay-color":"","overlay-opacity":"","overlay-gradient":""}},"ast-content-background-meta":{"desktop":{"background-color":"var(--ast-global-color-4)","background-image":"","background-repeat":"repeat","background-position":"center center","background-size":"auto","background-attachment":"scroll","background-type":"","background-media":"","overlay-type":"","overlay-color":"","overlay-opacity":"","overlay-gradient":""},"tablet":{"background-color":"var(--ast-global-color-4)","background-image":"","background-repeat":"repeat","background-position":"center center","background-size":"auto","background-attachment":"scroll","background-type":"","background-media":"","overlay-type":"","overlay-color":"","overlay-opacity":"","overlay-gradient":""},"mobile":{"background-color":"var(--ast-global-color-4)","background-image":"","background-repeat":"repeat","background-position":"center center","background-size":"auto","background-attachment":"scroll","background-type":"","background-media":"","overlay-type":"","overlay-color":"","overlay-opacity":"","overlay-gradient":""}},"footnotes":""},"categories":[1,13,14],"tags":[],"class_list":["post-58665","post","type-post","status-publish","format-standard","has-post-thumbnail","hentry","category-noticias","category-provinciales","category-rio-negro"],"yoast_head":"<!-- This site is optimized with the Yoast SEO Premium plugin v23.0 (Yoast SEO v27.4) - https:\/\/yoast.com\/product\/yoast-seo-premium-wordpress\/ -->\n<title>Remediaci\u00f3n\u00a0de\u00a0plomo\u00a0en\u00a0San Antonio: plantean una propuesta para\u00a0impermeabilizar\u00a0calles y veredas<\/title>\n<meta name=\"robots\" content=\"index, follow, max-snippet:-1, max-image-preview:large, max-video-preview:-1\" \/>\n<link rel=\"canonical\" href=\"https:\/\/patagoniambiental.com.ar\/info\/remediacion-de-plomo-en-san-antonio-plantean-una-propuesta-para-impermeabilizar-calles-y-veredas\/\" \/>\n<meta property=\"og:locale\" content=\"es_ES\" \/>\n<meta property=\"og:type\" content=\"article\" \/>\n<meta property=\"og:title\" content=\"Remediaci\u00f3n\u00a0de\u00a0plomo\u00a0en\u00a0San Antonio: plantean una propuesta para\u00a0impermeabilizar\u00a0calles y veredas\" \/>\n<meta property=\"og:description\" content=\"San Antonio Oeste.-La alternativa fue propuesta por referentes de Naci\u00f3n y ser\u00e1 evaluada en los pr\u00f3ximos d\u00edas. Desde la Provincia [&hellip;]\" \/>\n<meta property=\"og:url\" content=\"https:\/\/patagoniambiental.com.ar\/info\/remediacion-de-plomo-en-san-antonio-plantean-una-propuesta-para-impermeabilizar-calles-y-veredas\/\" \/>\n<meta property=\"og:site_name\" content=\"Patagonia Ambiental\" \/>\n<meta property=\"article:publisher\" content=\"https:\/\/www.facebook.com\/patagonia.ambiental\" \/>\n<meta property=\"article:author\" content=\"https:\/\/www.facebook.com\/share\/1C1V8Gv9BX\/?mibextid=qi2Omg\" \/>\n<meta property=\"article:published_time\" content=\"2019-02-02T12:00:16+00:00\" \/>\n<meta property=\"og:image\" content=\"https:\/\/patagoniambiental.com.ar\/info\/wp-content\/uploads\/2019\/02\/50919649_2267811196873247_7850604913145937920_n.jpg\" \/>\n\t<meta property=\"og:image:width\" content=\"526\" \/>\n\t<meta property=\"og:image:height\" content=\"295\" \/>\n\t<meta property=\"og:image:type\" content=\"image\/jpeg\" \/>\n<meta name=\"author\" content=\"Patagonia Ambiental\" \/>\n<meta name=\"twitter:card\" content=\"summary_large_image\" \/>\n<meta name=\"twitter:creator\" content=\"@PatAmb\" \/>\n<meta name=\"twitter:site\" content=\"@PatAmb\" \/>\n<script type=\"application\/ld+json\" class=\"yoast-schema-graph\">{\"@context\":\"https:\\\/\\\/schema.org\",\"@graph\":[{\"@type\":\"Article\",\"@id\":\"https:\\\/\\\/patagoniambiental.com.ar\\\/info\\\/remediacion-de-plomo-en-san-antonio-plantean-una-propuesta-para-impermeabilizar-calles-y-veredas\\\/#article\",\"isPartOf\":{\"@id\":\"https:\\\/\\\/patagoniambiental.com.ar\\\/info\\\/remediacion-de-plomo-en-san-antonio-plantean-una-propuesta-para-impermeabilizar-calles-y-veredas\\\/\"},\"author\":{\"name\":\"Patagonia Ambiental\",\"@id\":\"https:\\\/\\\/patagoniambiental.com.ar\\\/info\\\/#\\\/schema\\\/person\\\/db12bff64bbcbf6a253710bf0ea37b5d\"},\"headline\":\"Remediaci\u00f3n\u00a0de\u00a0plomo\u00a0en\u00a0San Antonio: plantean una propuesta para\u00a0impermeabilizar\u00a0calles y veredas\",\"datePublished\":\"2019-02-02T12:00:16+00:00\",\"mainEntityOfPage\":{\"@id\":\"https:\\\/\\\/patagoniambiental.com.ar\\\/info\\\/remediacion-de-plomo-en-san-antonio-plantean-una-propuesta-para-impermeabilizar-calles-y-veredas\\\/\"},\"wordCount\":482,\"commentCount\":0,\"publisher\":{\"@id\":\"https:\\\/\\\/patagoniambiental.com.ar\\\/info\\\/#organization\"},\"image\":{\"@id\":\"https:\\\/\\\/patagoniambiental.com.ar\\\/info\\\/remediacion-de-plomo-en-san-antonio-plantean-una-propuesta-para-impermeabilizar-calles-y-veredas\\\/#primaryimage\"},\"thumbnailUrl\":\"https:\\\/\\\/patagoniambiental.com.ar\\\/info\\\/wp-content\\\/uploads\\\/2019\\\/02\\\/50919649_2267811196873247_7850604913145937920_n.jpg\",\"articleSection\":[\"Noticias\",\"Provinciales\",\"R\u00edo Negro\"],\"inLanguage\":\"es\",\"potentialAction\":[{\"@type\":\"CommentAction\",\"name\":\"Comment\",\"target\":[\"https:\\\/\\\/patagoniambiental.com.ar\\\/info\\\/remediacion-de-plomo-en-san-antonio-plantean-una-propuesta-para-impermeabilizar-calles-y-veredas\\\/#respond\"]}]},{\"@type\":\"WebPage\",\"@id\":\"https:\\\/\\\/patagoniambiental.com.ar\\\/info\\\/remediacion-de-plomo-en-san-antonio-plantean-una-propuesta-para-impermeabilizar-calles-y-veredas\\\/\",\"url\":\"https:\\\/\\\/patagoniambiental.com.ar\\\/info\\\/remediacion-de-plomo-en-san-antonio-plantean-una-propuesta-para-impermeabilizar-calles-y-veredas\\\/\",\"name\":\"Remediaci\u00f3n\u00a0de\u00a0plomo\u00a0en\u00a0San Antonio: plantean una propuesta para\u00a0impermeabilizar\u00a0calles y veredas\",\"isPartOf\":{\"@id\":\"https:\\\/\\\/patagoniambiental.com.ar\\\/info\\\/#website\"},\"primaryImageOfPage\":{\"@id\":\"https:\\\/\\\/patagoniambiental.com.ar\\\/info\\\/remediacion-de-plomo-en-san-antonio-plantean-una-propuesta-para-impermeabilizar-calles-y-veredas\\\/#primaryimage\"},\"image\":{\"@id\":\"https:\\\/\\\/patagoniambiental.com.ar\\\/info\\\/remediacion-de-plomo-en-san-antonio-plantean-una-propuesta-para-impermeabilizar-calles-y-veredas\\\/#primaryimage\"},\"thumbnailUrl\":\"https:\\\/\\\/patagoniambiental.com.ar\\\/info\\\/wp-content\\\/uploads\\\/2019\\\/02\\\/50919649_2267811196873247_7850604913145937920_n.jpg\",\"datePublished\":\"2019-02-02T12:00:16+00:00\",\"breadcrumb\":{\"@id\":\"https:\\\/\\\/patagoniambiental.com.ar\\\/info\\\/remediacion-de-plomo-en-san-antonio-plantean-una-propuesta-para-impermeabilizar-calles-y-veredas\\\/#breadcrumb\"},\"inLanguage\":\"es\",\"potentialAction\":[{\"@type\":\"ReadAction\",\"target\":[\"https:\\\/\\\/patagoniambiental.com.ar\\\/info\\\/remediacion-de-plomo-en-san-antonio-plantean-una-propuesta-para-impermeabilizar-calles-y-veredas\\\/\"]}]},{\"@type\":\"ImageObject\",\"inLanguage\":\"es\",\"@id\":\"https:\\\/\\\/patagoniambiental.com.ar\\\/info\\\/remediacion-de-plomo-en-san-antonio-plantean-una-propuesta-para-impermeabilizar-calles-y-veredas\\\/#primaryimage\",\"url\":\"https:\\\/\\\/patagoniambiental.com.ar\\\/info\\\/wp-content\\\/uploads\\\/2019\\\/02\\\/50919649_2267811196873247_7850604913145937920_n.jpg\",\"contentUrl\":\"https:\\\/\\\/patagoniambiental.com.ar\\\/info\\\/wp-content\\\/uploads\\\/2019\\\/02\\\/50919649_2267811196873247_7850604913145937920_n.jpg\",\"width\":526,\"height\":295},{\"@type\":\"BreadcrumbList\",\"@id\":\"https:\\\/\\\/patagoniambiental.com.ar\\\/info\\\/remediacion-de-plomo-en-san-antonio-plantean-una-propuesta-para-impermeabilizar-calles-y-veredas\\\/#breadcrumb\",\"itemListElement\":[{\"@type\":\"ListItem\",\"position\":1,\"name\":\"Inicio\",\"item\":\"https:\\\/\\\/patagoniambiental.com.ar\\\/info\\\/\"},{\"@type\":\"ListItem\",\"position\":2,\"name\":\"Remediaci\u00f3n\u00a0de\u00a0plomo\u00a0en\u00a0San Antonio: plantean una propuesta para\u00a0impermeabilizar\u00a0calles y veredas\"}]},{\"@type\":\"WebSite\",\"@id\":\"https:\\\/\\\/patagoniambiental.com.ar\\\/info\\\/#website\",\"url\":\"https:\\\/\\\/patagoniambiental.com.ar\\\/info\\\/\",\"name\":\"Patagonia Ambiental\",\"description\":\"Monitoreo y an\u00e1lisis de la situaci\u00f3n geopol\u00edtica en el mundo y su implicancia en la Patagonia\",\"publisher\":{\"@id\":\"https:\\\/\\\/patagoniambiental.com.ar\\\/info\\\/#organization\"},\"potentialAction\":[{\"@type\":\"SearchAction\",\"target\":{\"@type\":\"EntryPoint\",\"urlTemplate\":\"https:\\\/\\\/patagoniambiental.com.ar\\\/info\\\/?s={search_term_string}\"},\"query-input\":{\"@type\":\"PropertyValueSpecification\",\"valueRequired\":true,\"valueName\":\"search_term_string\"}}],\"inLanguage\":\"es\"},{\"@type\":\"Organization\",\"@id\":\"https:\\\/\\\/patagoniambiental.com.ar\\\/info\\\/#organization\",\"name\":\"Patagonia Ambiental\",\"url\":\"https:\\\/\\\/patagoniambiental.com.ar\\\/info\\\/\",\"logo\":{\"@type\":\"ImageObject\",\"inLanguage\":\"es\",\"@id\":\"https:\\\/\\\/patagoniambiental.com.ar\\\/info\\\/#\\\/schema\\\/logo\\\/image\\\/\",\"url\":\"https:\\\/\\\/patagoniambiental.com.ar\\\/info\\\/wp-content\\\/uploads\\\/2025\\\/05\\\/LOGO-PATAGONIA-AMBIENTAL.png\",\"contentUrl\":\"https:\\\/\\\/patagoniambiental.com.ar\\\/info\\\/wp-content\\\/uploads\\\/2025\\\/05\\\/LOGO-PATAGONIA-AMBIENTAL.png\",\"width\":433,\"height\":250,\"caption\":\"Patagonia Ambiental\"},\"image\":{\"@id\":\"https:\\\/\\\/patagoniambiental.com.ar\\\/info\\\/#\\\/schema\\\/logo\\\/image\\\/\"},\"sameAs\":[\"https:\\\/\\\/www.facebook.com\\\/patagonia.ambiental\",\"https:\\\/\\\/x.com\\\/PatAmb\"]},{\"@type\":\"Person\",\"@id\":\"https:\\\/\\\/patagoniambiental.com.ar\\\/info\\\/#\\\/schema\\\/person\\\/db12bff64bbcbf6a253710bf0ea37b5d\",\"name\":\"Patagonia Ambiental\",\"description\":\"Andr\u00e9s Nievas T\u00e9cnico en manejo ambiental, consultor Ambiental y escritor para medios locales e internacionales sobre temas de geopolitica y medio ambiente.\",\"sameAs\":[\"http:\\\/\\\/www.patagoniambiental.com.ar\",\"https:\\\/\\\/www.facebook.com\\\/share\\\/1C1V8Gv9BX\\\/?mibextid=qi2Omg\",\"@patagoniambiental\",\"https:\\\/\\\/youtube.com\\\/@patagoniaambiental2023?si=BLt58t0wuXquxlYZ\"]}]}<\/script>\n<!-- \/ Yoast SEO Premium plugin. -->","yoast_head_json":{"title":"Remediaci\u00f3n\u00a0de\u00a0plomo\u00a0en\u00a0San Antonio: plantean una propuesta para\u00a0impermeabilizar\u00a0calles y veredas","robots":{"index":"index","follow":"follow","max-snippet":"max-snippet:-1","max-image-preview":"max-image-preview:large","max-video-preview":"max-video-preview:-1"},"canonical":"https:\/\/patagoniambiental.com.ar\/info\/remediacion-de-plomo-en-san-antonio-plantean-una-propuesta-para-impermeabilizar-calles-y-veredas\/","og_locale":"es_ES","og_type":"article","og_title":"Remediaci\u00f3n\u00a0de\u00a0plomo\u00a0en\u00a0San Antonio: plantean una propuesta para\u00a0impermeabilizar\u00a0calles y veredas","og_description":"San Antonio Oeste.-La alternativa fue propuesta por referentes de Naci\u00f3n y ser\u00e1 evaluada en los pr\u00f3ximos d\u00edas. Desde la Provincia [&hellip;]","og_url":"https:\/\/patagoniambiental.com.ar\/info\/remediacion-de-plomo-en-san-antonio-plantean-una-propuesta-para-impermeabilizar-calles-y-veredas\/","og_site_name":"Patagonia Ambiental","article_publisher":"https:\/\/www.facebook.com\/patagonia.ambiental","article_author":"https:\/\/www.facebook.com\/share\/1C1V8Gv9BX\/?mibextid=qi2Omg","article_published_time":"2019-02-02T12:00:16+00:00","og_image":[{"width":526,"height":295,"url":"https:\/\/patagoniambiental.com.ar\/info\/wp-content\/uploads\/2019\/02\/50919649_2267811196873247_7850604913145937920_n.jpg","type":"image\/jpeg"}],"author":"Patagonia Ambiental","twitter_card":"summary_large_image","twitter_creator":"@PatAmb","twitter_site":"@PatAmb","schema":{"@context":"https:\/\/schema.org","@graph":[{"@type":"Article","@id":"https:\/\/patagoniambiental.com.ar\/info\/remediacion-de-plomo-en-san-antonio-plantean-una-propuesta-para-impermeabilizar-calles-y-veredas\/#article","isPartOf":{"@id":"https:\/\/patagoniambiental.com.ar\/info\/remediacion-de-plomo-en-san-antonio-plantean-una-propuesta-para-impermeabilizar-calles-y-veredas\/"},"author":{"name":"Patagonia Ambiental","@id":"https:\/\/patagoniambiental.com.ar\/info\/#\/schema\/person\/db12bff64bbcbf6a253710bf0ea37b5d"},"headline":"Remediaci\u00f3n\u00a0de\u00a0plomo\u00a0en\u00a0San Antonio: plantean una propuesta para\u00a0impermeabilizar\u00a0calles y veredas","datePublished":"2019-02-02T12:00:16+00:00","mainEntityOfPage":{"@id":"https:\/\/patagoniambiental.com.ar\/info\/remediacion-de-plomo-en-san-antonio-plantean-una-propuesta-para-impermeabilizar-calles-y-veredas\/"},"wordCount":482,"commentCount":0,"publisher":{"@id":"https:\/\/patagoniambiental.com.ar\/info\/#organization"},"image":{"@id":"https:\/\/patagoniambiental.com.ar\/info\/remediacion-de-plomo-en-san-antonio-plantean-una-propuesta-para-impermeabilizar-calles-y-veredas\/#primaryimage"},"thumbnailUrl":"https:\/\/patagoniambiental.com.ar\/info\/wp-content\/uploads\/2019\/02\/50919649_2267811196873247_7850604913145937920_n.jpg","articleSection":["Noticias","Provinciales","R\u00edo Negro"],"inLanguage":"es","potentialAction":[{"@type":"CommentAction","name":"Comment","target":["https:\/\/patagoniambiental.com.ar\/info\/remediacion-de-plomo-en-san-antonio-plantean-una-propuesta-para-impermeabilizar-calles-y-veredas\/#respond"]}]},{"@type":"WebPage","@id":"https:\/\/patagoniambiental.com.ar\/info\/remediacion-de-plomo-en-san-antonio-plantean-una-propuesta-para-impermeabilizar-calles-y-veredas\/","url":"https:\/\/patagoniambiental.com.ar\/info\/remediacion-de-plomo-en-san-antonio-plantean-una-propuesta-para-impermeabilizar-calles-y-veredas\/","name":"Remediaci\u00f3n\u00a0de\u00a0plomo\u00a0en\u00a0San Antonio: plantean una propuesta para\u00a0impermeabilizar\u00a0calles y veredas","isPartOf":{"@id":"https:\/\/patagoniambiental.com.ar\/info\/#website"},"primaryImageOfPage":{"@id":"https:\/\/patagoniambiental.com.ar\/info\/remediacion-de-plomo-en-san-antonio-plantean-una-propuesta-para-impermeabilizar-calles-y-veredas\/#primaryimage"},"image":{"@id":"https:\/\/patagoniambiental.com.ar\/info\/remediacion-de-plomo-en-san-antonio-plantean-una-propuesta-para-impermeabilizar-calles-y-veredas\/#primaryimage"},"thumbnailUrl":"https:\/\/patagoniambiental.com.ar\/info\/wp-content\/uploads\/2019\/02\/50919649_2267811196873247_7850604913145937920_n.jpg","datePublished":"2019-02-02T12:00:16+00:00","breadcrumb":{"@id":"https:\/\/patagoniambiental.com.ar\/info\/remediacion-de-plomo-en-san-antonio-plantean-una-propuesta-para-impermeabilizar-calles-y-veredas\/#breadcrumb"},"inLanguage":"es","potentialAction":[{"@type":"ReadAction","target":["https:\/\/patagoniambiental.com.ar\/info\/remediacion-de-plomo-en-san-antonio-plantean-una-propuesta-para-impermeabilizar-calles-y-veredas\/"]}]},{"@type":"ImageObject","inLanguage":"es","@id":"https:\/\/patagoniambiental.com.ar\/info\/remediacion-de-plomo-en-san-antonio-plantean-una-propuesta-para-impermeabilizar-calles-y-veredas\/#primaryimage","url":"https:\/\/patagoniambiental.com.ar\/info\/wp-content\/uploads\/2019\/02\/50919649_2267811196873247_7850604913145937920_n.jpg","contentUrl":"https:\/\/patagoniambiental.com.ar\/info\/wp-content\/uploads\/2019\/02\/50919649_2267811196873247_7850604913145937920_n.jpg","width":526,"height":295},{"@type":"BreadcrumbList","@id":"https:\/\/patagoniambiental.com.ar\/info\/remediacion-de-plomo-en-san-antonio-plantean-una-propuesta-para-impermeabilizar-calles-y-veredas\/#breadcrumb","itemListElement":[{"@type":"ListItem","position":1,"name":"Inicio","item":"https:\/\/patagoniambiental.com.ar\/info\/"},{"@type":"ListItem","position":2,"name":"Remediaci\u00f3n\u00a0de\u00a0plomo\u00a0en\u00a0San Antonio: plantean una propuesta para\u00a0impermeabilizar\u00a0calles y veredas"}]},{"@type":"WebSite","@id":"https:\/\/patagoniambiental.com.ar\/info\/#website","url":"https:\/\/patagoniambiental.com.ar\/info\/","name":"Patagonia Ambiental","description":"Monitoreo y an\u00e1lisis de la situaci\u00f3n geopol\u00edtica en el mundo y su implicancia en la Patagonia","publisher":{"@id":"https:\/\/patagoniambiental.com.ar\/info\/#organization"},"potentialAction":[{"@type":"SearchAction","target":{"@type":"EntryPoint","urlTemplate":"https:\/\/patagoniambiental.com.ar\/info\/?s={search_term_string}"},"query-input":{"@type":"PropertyValueSpecification","valueRequired":true,"valueName":"search_term_string"}}],"inLanguage":"es"},{"@type":"Organization","@id":"https:\/\/patagoniambiental.com.ar\/info\/#organization","name":"Patagonia Ambiental","url":"https:\/\/patagoniambiental.com.ar\/info\/","logo":{"@type":"ImageObject","inLanguage":"es","@id":"https:\/\/patagoniambiental.com.ar\/info\/#\/schema\/logo\/image\/","url":"https:\/\/patagoniambiental.com.ar\/info\/wp-content\/uploads\/2025\/05\/LOGO-PATAGONIA-AMBIENTAL.png","contentUrl":"https:\/\/patagoniambiental.com.ar\/info\/wp-content\/uploads\/2025\/05\/LOGO-PATAGONIA-AMBIENTAL.png","width":433,"height":250,"caption":"Patagonia Ambiental"},"image":{"@id":"https:\/\/patagoniambiental.com.ar\/info\/#\/schema\/logo\/image\/"},"sameAs":["https:\/\/www.facebook.com\/patagonia.ambiental","https:\/\/x.com\/PatAmb"]},{"@type":"Person","@id":"https:\/\/patagoniambiental.com.ar\/info\/#\/schema\/person\/db12bff64bbcbf6a253710bf0ea37b5d","name":"Patagonia Ambiental","description":"Andr\u00e9s Nievas T\u00e9cnico en manejo ambiental, consultor Ambiental y escritor para medios locales e internacionales sobre temas de geopolitica y medio ambiente.","sameAs":["http:\/\/www.patagoniambiental.com.ar","https:\/\/www.facebook.com\/share\/1C1V8Gv9BX\/?mibextid=qi2Omg","@patagoniambiental","https:\/\/youtube.com\/@patagoniaambiental2023?si=BLt58t0wuXquxlYZ"]}]}},"_links":{"self":[{"href":"https:\/\/patagoniambiental.com.ar\/info\/wp-json\/wp\/v2\/posts\/58665","targetHints":{"allow":["GET"]}}],"collection":[{"href":"https:\/\/patagoniambiental.com.ar\/info\/wp-json\/wp\/v2\/posts"}],"about":[{"href":"https:\/\/patagoniambiental.com.ar\/info\/wp-json\/wp\/v2\/types\/post"}],"author":[{"embeddable":true,"href":"https:\/\/patagoniambiental.com.ar\/info\/wp-json\/wp\/v2\/users\/2"}],"replies":[{"embeddable":true,"href":"https:\/\/patagoniambiental.com.ar\/info\/wp-json\/wp\/v2\/comments?post=58665"}],"version-history":[{"count":0,"href":"https:\/\/patagoniambiental.com.ar\/info\/wp-json\/wp\/v2\/posts\/58665\/revisions"}],"wp:featuredmedia":[{"embeddable":true,"href":"https:\/\/patagoniambiental.com.ar\/info\/wp-json\/wp\/v2\/media\/58666"}],"wp:attachment":[{"href":"https:\/\/patagoniambiental.com.ar\/info\/wp-json\/wp\/v2\/media?parent=58665"}],"wp:term":[{"taxonomy":"category","embeddable":true,"href":"https:\/\/patagoniambiental.com.ar\/info\/wp-json\/wp\/v2\/categories?post=58665"},{"taxonomy":"post_tag","embeddable":true,"href":"https:\/\/patagoniambiental.com.ar\/info\/wp-json\/wp\/v2\/tags?post=58665"}],"curies":[{"name":"wp","href":"https:\/\/api.w.org\/{rel}","templated":true}]}}