{"id":58668,"date":"2019-02-02T19:00:53","date_gmt":"2019-02-02T22:00:53","guid":{"rendered":"http:\/\/patagoniambiental.com.ar\/info\/?p=58668"},"modified":"2019-02-01T11:41:33","modified_gmt":"2019-02-01T14:41:33","slug":"se-entregaron-equipos-de-medicion-para-fiscalizacion-y-control-de-areas-petroleras","status":"publish","type":"post","link":"https:\/\/patagoniambiental.com.ar\/info\/se-entregaron-equipos-de-medicion-para-fiscalizacion-y-control-de-areas-petroleras\/","title":{"rendered":"Se\u00a0entregaron\u00a0equipos\u00a0de\u00a0medici\u00f3n\u00a0para\u00a0fiscalizaci\u00f3n\u00a0y\u00a0control\u00a0de\u00a0\u00e1reas petroleras"},"content":{"rendered":"<div id=\"js_im\" class=\"_5pbx userContent _3576\" data-ft=\"{&quot;tn&quot;:&quot;K&quot;}\">\n<div id=\"id_5c54508792ece7f36302726\" class=\"text_exposed_root text_exposed\">\n<p>El nuevo instrumento permitir\u00e1 mejorar el trabajo de inspecci\u00f3n que la Secretar\u00eda de Ambiente de la Provincia realiza en las zonas hidrcarburiferas del territorio rionegrino.<\/p>\n<p><!--more--><br \/>\nCon el objetivo mejorar los trabajos de inspecci\u00f3n en \u00e1reas hidrocarbur\u00edferas, la Secretar\u00eda de Ambiente y Desarrollo Sustentable (SAyDS) de R\u00edo Negro entreg\u00f3 a la delegaci\u00f3n de Alto Valle, con base en Fern\u00e1ndez O<span class=\"text_exposed_show\">ro, nuevas herramientas para el cuerpo de Inspectores.<\/span><\/p>\n<div class=\"text_exposed_show\">\n<p>Al respecto, la secretaria de Ambiente y Desarrollo Sustentable, Dina Migani, explic\u00f3 que la entrega del nuevo equipamiento tiene como finalidad mejorar los trabajos de fiscalizaci\u00f3n y control de toda la actividad hidrocarburifera en la zona.<\/p>\n<p>\u201cSe trata de equipos que miden PH y la calidad de agua y de suelo, lo que nos permite in situ determinar r\u00e1pidamente el grado de afectaci\u00f3n. Esto es muy importante para dar una mayor calidad al trabajo que realizan los inspectores en la zona\u201d, remarc\u00f3 Migani.<\/p>\n<p>La entrega de estos recursos depende del Fondo Fiduciario Ambiental de la Provincia de R\u00edo Negro (Decreto 1380\/07), que se cre\u00f3 con el objeto principal de administrar el patrimonio fideicomitido con destino a Pol\u00edticas Ambientales Provinciales.<\/p>\n<p>Mediante este decreto se destinan los recursos por ordenamiento ambiental del territorio, la evaluaci\u00f3n del impacto ambiental, el sistema de control sobre el desarrollo de las actividades antr\u00f3picas, la educaci\u00f3n ambiental, el sistema de diagn\u00f3stico e informaci\u00f3n ambiental y el r\u00e9gimen econ\u00f3mico de promoci\u00f3n del desarrollo sustentable.<\/p>\n<p>Teniendo en cuenta la comparativa de tres cotizaciones, la empresa contratada de forma directa fue \u201cDom\u00f3polis\u201d, y los equipos en cuesti\u00f3n consisten en un Kit de medici\u00f3n del pH del suelo, un conductiv\u00edmetro de medici\u00f3n directa en suelo y sol, un medidor port\u00e1til CE\/TDS\/Resistividad\/Salinidad, un medidor de pH para suelos y, un Tester de CE y Temperatura para suelos.<\/p>\n<\/div>\n<\/div>\n<\/div>\n<p>&nbsp;<\/p>\n<div class=\"_3x-2\" data-ft=\"{&quot;tn&quot;:&quot;H&quot;}\">\n<div data-ft=\"{&quot;tn&quot;:&quot;H&quot;}\">\n<div class=\"mtm\">\n<div class=\"__x9\">\n<div id=\"u_2r_19\" class=\"_22ss _3dm4 _3oy2 _fn9\">\n<ul id=\"u_2r_1a\" class=\"uiList _22st _509- _4ki\">\n<li id=\"u_2r_1b\" class=\"_5ya\" data-ft=\"{&quot;tn&quot;:&quot;,W0&quot;}\">\n<div data-ft=\"{&quot;tn&quot;:&quot;H0&quot;}\">\n<div class=\"_g5g\"><img decoding=\"async\" class=\"_kvn img\" src=\"https:\/\/scontent.faep16-1.fna.fbcdn.net\/v\/t39.2147-6\/c100.0.600.600a\/p600x600\/51599321_372538843525627_6168503103634014208_n.jpg?_nc_cat=103&amp;_nc_ht=scontent.faep16-1.fna&amp;oh=1b906e84b1192ccefbf821fb3c91a900&amp;oe=5CFF4328\" alt=\"\" \/><\/div>\n<\/div>\n<div>Fuente: http:\/\/www.rionegro.gov.ar\/index.php?contID=49652<\/div>\n<\/li>\n<\/ul>\n<\/div>\n<\/div>\n<\/div>\n<\/div>\n<\/div>\n","protected":false},"excerpt":{"rendered":"<p>El nuevo instrumento permitir\u00e1 mejorar el trabajo de inspecci\u00f3n que la Secretar\u00eda de Ambiente de la Provincia realiza en las [&hellip;]<\/p>\n","protected":false},"author":2,"featured_media":58669,"comment_status":"open","ping_status":"open","sticky":false,"template":"","format":"standard","meta":{"site-sidebar-layout":"default","site-content-layout":"","ast-site-content-layout":"default","site-content-style":"default","site-sidebar-style":"default","ast-global-header-display":"","ast-banner-title-visibility":"","ast-main-header-display":"","ast-hfb-above-header-display":"","ast-hfb-below-header-display":"","ast-hfb-mobile-header-display":"","site-post-title":"","ast-breadcrumbs-content":"","ast-featured-img":"","footer-sml-layout":"","ast-disable-related-posts":"","theme-transparent-header-meta":"","adv-header-id-meta":"","stick-header-meta":"","header-above-stick-meta":"","header-main-stick-meta":"","header-below-stick-meta":"","astra-migrate-meta-layouts":"default","ast-page-background-enabled":"default","ast-page-background-meta":{"desktop":{"background-color":"var(--ast-global-color-5)","background-image":"","background-repeat":"repeat","background-position":"center center","background-size":"auto","background-attachment":"scroll","background-type":"","background-media":"","overlay-type":"","overlay-color":"","overlay-opacity":"","overlay-gradient":""},"tablet":{"background-color":"","background-image":"","background-repeat":"repeat","background-position":"center center","background-size":"auto","background-attachment":"scroll","background-type":"","background-media":"","overlay-type":"","overlay-color":"","overlay-opacity":"","overlay-gradient":""},"mobile":{"background-color":"","background-image":"","background-repeat":"repeat","background-position":"center center","background-size":"auto","background-attachment":"scroll","background-type":"","background-media":"","overlay-type":"","overlay-color":"","overlay-opacity":"","overlay-gradient":""}},"ast-content-background-meta":{"desktop":{"background-color":"var(--ast-global-color-4)","background-image":"","background-repeat":"repeat","background-position":"center center","background-size":"auto","background-attachment":"scroll","background-type":"","background-media":"","overlay-type":"","overlay-color":"","overlay-opacity":"","overlay-gradient":""},"tablet":{"background-color":"var(--ast-global-color-4)","background-image":"","background-repeat":"repeat","background-position":"center center","background-size":"auto","background-attachment":"scroll","background-type":"","background-media":"","overlay-type":"","overlay-color":"","overlay-opacity":"","overlay-gradient":""},"mobile":{"background-color":"var(--ast-global-color-4)","background-image":"","background-repeat":"repeat","background-position":"center center","background-size":"auto","background-attachment":"scroll","background-type":"","background-media":"","overlay-type":"","overlay-color":"","overlay-opacity":"","overlay-gradient":""}},"footnotes":""},"categories":[1,13,14],"tags":[],"class_list":["post-58668","post","type-post","status-publish","format-standard","has-post-thumbnail","hentry","category-noticias","category-provinciales","category-rio-negro"],"yoast_head":"<!-- This site is optimized with the Yoast SEO Premium plugin v23.0 (Yoast SEO v27.4) - https:\/\/yoast.com\/product\/yoast-seo-premium-wordpress\/ -->\n<title>Se\u00a0entregaron\u00a0equipos\u00a0de\u00a0medici\u00f3n\u00a0para\u00a0fiscalizaci\u00f3n\u00a0y\u00a0control\u00a0de\u00a0\u00e1reas petroleras<\/title>\n<meta name=\"robots\" content=\"index, follow, max-snippet:-1, max-image-preview:large, max-video-preview:-1\" \/>\n<link rel=\"canonical\" href=\"https:\/\/patagoniambiental.com.ar\/info\/se-entregaron-equipos-de-medicion-para-fiscalizacion-y-control-de-areas-petroleras\/\" \/>\n<meta property=\"og:locale\" content=\"es_ES\" \/>\n<meta property=\"og:type\" content=\"article\" \/>\n<meta property=\"og:title\" content=\"Se\u00a0entregaron\u00a0equipos\u00a0de\u00a0medici\u00f3n\u00a0para\u00a0fiscalizaci\u00f3n\u00a0y\u00a0control\u00a0de\u00a0\u00e1reas petroleras\" \/>\n<meta property=\"og:description\" content=\"El nuevo instrumento permitir\u00e1 mejorar el trabajo de inspecci\u00f3n que la Secretar\u00eda de Ambiente de la Provincia realiza en las [&hellip;]\" \/>\n<meta property=\"og:url\" content=\"https:\/\/patagoniambiental.com.ar\/info\/se-entregaron-equipos-de-medicion-para-fiscalizacion-y-control-de-areas-petroleras\/\" \/>\n<meta property=\"og:site_name\" content=\"Patagonia Ambiental\" \/>\n<meta property=\"article:publisher\" content=\"https:\/\/www.facebook.com\/patagonia.ambiental\" \/>\n<meta property=\"article:author\" content=\"https:\/\/www.facebook.com\/share\/1C1V8Gv9BX\/?mibextid=qi2Omg\" \/>\n<meta property=\"article:published_time\" content=\"2019-02-02T22:00:53+00:00\" \/>\n<meta property=\"og:image\" content=\"https:\/\/patagoniambiental.com.ar\/info\/wp-content\/uploads\/2019\/02\/51599321_372538843525627_6168503103634014208_n.jpg\" \/>\n\t<meta property=\"og:image:width\" content=\"600\" \/>\n\t<meta property=\"og:image:height\" content=\"600\" \/>\n\t<meta property=\"og:image:type\" content=\"image\/jpeg\" \/>\n<meta name=\"author\" content=\"Patagonia Ambiental\" \/>\n<meta name=\"twitter:card\" content=\"summary_large_image\" \/>\n<meta name=\"twitter:creator\" content=\"@PatAmb\" \/>\n<meta name=\"twitter:site\" content=\"@PatAmb\" \/>\n<script type=\"application\/ld+json\" class=\"yoast-schema-graph\">{\"@context\":\"https:\\\/\\\/schema.org\",\"@graph\":[{\"@type\":\"Article\",\"@id\":\"https:\\\/\\\/patagoniambiental.com.ar\\\/info\\\/se-entregaron-equipos-de-medicion-para-fiscalizacion-y-control-de-areas-petroleras\\\/#article\",\"isPartOf\":{\"@id\":\"https:\\\/\\\/patagoniambiental.com.ar\\\/info\\\/se-entregaron-equipos-de-medicion-para-fiscalizacion-y-control-de-areas-petroleras\\\/\"},\"author\":{\"name\":\"Patagonia Ambiental\",\"@id\":\"https:\\\/\\\/patagoniambiental.com.ar\\\/info\\\/#\\\/schema\\\/person\\\/db12bff64bbcbf6a253710bf0ea37b5d\"},\"headline\":\"Se\u00a0entregaron\u00a0equipos\u00a0de\u00a0medici\u00f3n\u00a0para\u00a0fiscalizaci\u00f3n\u00a0y\u00a0control\u00a0de\u00a0\u00e1reas petroleras\",\"datePublished\":\"2019-02-02T22:00:53+00:00\",\"mainEntityOfPage\":{\"@id\":\"https:\\\/\\\/patagoniambiental.com.ar\\\/info\\\/se-entregaron-equipos-de-medicion-para-fiscalizacion-y-control-de-areas-petroleras\\\/\"},\"wordCount\":344,\"commentCount\":0,\"publisher\":{\"@id\":\"https:\\\/\\\/patagoniambiental.com.ar\\\/info\\\/#organization\"},\"image\":{\"@id\":\"https:\\\/\\\/patagoniambiental.com.ar\\\/info\\\/se-entregaron-equipos-de-medicion-para-fiscalizacion-y-control-de-areas-petroleras\\\/#primaryimage\"},\"thumbnailUrl\":\"https:\\\/\\\/patagoniambiental.com.ar\\\/info\\\/wp-content\\\/uploads\\\/2019\\\/02\\\/51599321_372538843525627_6168503103634014208_n.jpg\",\"articleSection\":[\"Noticias\",\"Provinciales\",\"R\u00edo Negro\"],\"inLanguage\":\"es\",\"potentialAction\":[{\"@type\":\"CommentAction\",\"name\":\"Comment\",\"target\":[\"https:\\\/\\\/patagoniambiental.com.ar\\\/info\\\/se-entregaron-equipos-de-medicion-para-fiscalizacion-y-control-de-areas-petroleras\\\/#respond\"]}]},{\"@type\":\"WebPage\",\"@id\":\"https:\\\/\\\/patagoniambiental.com.ar\\\/info\\\/se-entregaron-equipos-de-medicion-para-fiscalizacion-y-control-de-areas-petroleras\\\/\",\"url\":\"https:\\\/\\\/patagoniambiental.com.ar\\\/info\\\/se-entregaron-equipos-de-medicion-para-fiscalizacion-y-control-de-areas-petroleras\\\/\",\"name\":\"Se\u00a0entregaron\u00a0equipos\u00a0de\u00a0medici\u00f3n\u00a0para\u00a0fiscalizaci\u00f3n\u00a0y\u00a0control\u00a0de\u00a0\u00e1reas petroleras\",\"isPartOf\":{\"@id\":\"https:\\\/\\\/patagoniambiental.com.ar\\\/info\\\/#website\"},\"primaryImageOfPage\":{\"@id\":\"https:\\\/\\\/patagoniambiental.com.ar\\\/info\\\/se-entregaron-equipos-de-medicion-para-fiscalizacion-y-control-de-areas-petroleras\\\/#primaryimage\"},\"image\":{\"@id\":\"https:\\\/\\\/patagoniambiental.com.ar\\\/info\\\/se-entregaron-equipos-de-medicion-para-fiscalizacion-y-control-de-areas-petroleras\\\/#primaryimage\"},\"thumbnailUrl\":\"https:\\\/\\\/patagoniambiental.com.ar\\\/info\\\/wp-content\\\/uploads\\\/2019\\\/02\\\/51599321_372538843525627_6168503103634014208_n.jpg\",\"datePublished\":\"2019-02-02T22:00:53+00:00\",\"breadcrumb\":{\"@id\":\"https:\\\/\\\/patagoniambiental.com.ar\\\/info\\\/se-entregaron-equipos-de-medicion-para-fiscalizacion-y-control-de-areas-petroleras\\\/#breadcrumb\"},\"inLanguage\":\"es\",\"potentialAction\":[{\"@type\":\"ReadAction\",\"target\":[\"https:\\\/\\\/patagoniambiental.com.ar\\\/info\\\/se-entregaron-equipos-de-medicion-para-fiscalizacion-y-control-de-areas-petroleras\\\/\"]}]},{\"@type\":\"ImageObject\",\"inLanguage\":\"es\",\"@id\":\"https:\\\/\\\/patagoniambiental.com.ar\\\/info\\\/se-entregaron-equipos-de-medicion-para-fiscalizacion-y-control-de-areas-petroleras\\\/#primaryimage\",\"url\":\"https:\\\/\\\/patagoniambiental.com.ar\\\/info\\\/wp-content\\\/uploads\\\/2019\\\/02\\\/51599321_372538843525627_6168503103634014208_n.jpg\",\"contentUrl\":\"https:\\\/\\\/patagoniambiental.com.ar\\\/info\\\/wp-content\\\/uploads\\\/2019\\\/02\\\/51599321_372538843525627_6168503103634014208_n.jpg\",\"width\":600,\"height\":600},{\"@type\":\"BreadcrumbList\",\"@id\":\"https:\\\/\\\/patagoniambiental.com.ar\\\/info\\\/se-entregaron-equipos-de-medicion-para-fiscalizacion-y-control-de-areas-petroleras\\\/#breadcrumb\",\"itemListElement\":[{\"@type\":\"ListItem\",\"position\":1,\"name\":\"Inicio\",\"item\":\"https:\\\/\\\/patagoniambiental.com.ar\\\/info\\\/\"},{\"@type\":\"ListItem\",\"position\":2,\"name\":\"Se\u00a0entregaron\u00a0equipos\u00a0de\u00a0medici\u00f3n\u00a0para\u00a0fiscalizaci\u00f3n\u00a0y\u00a0control\u00a0de\u00a0\u00e1reas petroleras\"}]},{\"@type\":\"WebSite\",\"@id\":\"https:\\\/\\\/patagoniambiental.com.ar\\\/info\\\/#website\",\"url\":\"https:\\\/\\\/patagoniambiental.com.ar\\\/info\\\/\",\"name\":\"Patagonia Ambiental\",\"description\":\"Monitoreo y an\u00e1lisis de la situaci\u00f3n geopol\u00edtica en el mundo y su implicancia en la Patagonia\",\"publisher\":{\"@id\":\"https:\\\/\\\/patagoniambiental.com.ar\\\/info\\\/#organization\"},\"potentialAction\":[{\"@type\":\"SearchAction\",\"target\":{\"@type\":\"EntryPoint\",\"urlTemplate\":\"https:\\\/\\\/patagoniambiental.com.ar\\\/info\\\/?s={search_term_string}\"},\"query-input\":{\"@type\":\"PropertyValueSpecification\",\"valueRequired\":true,\"valueName\":\"search_term_string\"}}],\"inLanguage\":\"es\"},{\"@type\":\"Organization\",\"@id\":\"https:\\\/\\\/patagoniambiental.com.ar\\\/info\\\/#organization\",\"name\":\"Patagonia Ambiental\",\"url\":\"https:\\\/\\\/patagoniambiental.com.ar\\\/info\\\/\",\"logo\":{\"@type\":\"ImageObject\",\"inLanguage\":\"es\",\"@id\":\"https:\\\/\\\/patagoniambiental.com.ar\\\/info\\\/#\\\/schema\\\/logo\\\/image\\\/\",\"url\":\"https:\\\/\\\/patagoniambiental.com.ar\\\/info\\\/wp-content\\\/uploads\\\/2025\\\/05\\\/LOGO-PATAGONIA-AMBIENTAL.png\",\"contentUrl\":\"https:\\\/\\\/patagoniambiental.com.ar\\\/info\\\/wp-content\\\/uploads\\\/2025\\\/05\\\/LOGO-PATAGONIA-AMBIENTAL.png\",\"width\":433,\"height\":250,\"caption\":\"Patagonia Ambiental\"},\"image\":{\"@id\":\"https:\\\/\\\/patagoniambiental.com.ar\\\/info\\\/#\\\/schema\\\/logo\\\/image\\\/\"},\"sameAs\":[\"https:\\\/\\\/www.facebook.com\\\/patagonia.ambiental\",\"https:\\\/\\\/x.com\\\/PatAmb\"]},{\"@type\":\"Person\",\"@id\":\"https:\\\/\\\/patagoniambiental.com.ar\\\/info\\\/#\\\/schema\\\/person\\\/db12bff64bbcbf6a253710bf0ea37b5d\",\"name\":\"Patagonia Ambiental\",\"description\":\"Andr\u00e9s Nievas T\u00e9cnico en manejo ambiental, consultor Ambiental y escritor para medios locales e internacionales sobre temas de geopolitica y medio ambiente.\",\"sameAs\":[\"http:\\\/\\\/www.patagoniambiental.com.ar\",\"https:\\\/\\\/www.facebook.com\\\/share\\\/1C1V8Gv9BX\\\/?mibextid=qi2Omg\",\"@patagoniambiental\",\"https:\\\/\\\/youtube.com\\\/@patagoniaambiental2023?si=BLt58t0wuXquxlYZ\"]}]}<\/script>\n<!-- \/ Yoast SEO Premium plugin. -->","yoast_head_json":{"title":"Se\u00a0entregaron\u00a0equipos\u00a0de\u00a0medici\u00f3n\u00a0para\u00a0fiscalizaci\u00f3n\u00a0y\u00a0control\u00a0de\u00a0\u00e1reas petroleras","robots":{"index":"index","follow":"follow","max-snippet":"max-snippet:-1","max-image-preview":"max-image-preview:large","max-video-preview":"max-video-preview:-1"},"canonical":"https:\/\/patagoniambiental.com.ar\/info\/se-entregaron-equipos-de-medicion-para-fiscalizacion-y-control-de-areas-petroleras\/","og_locale":"es_ES","og_type":"article","og_title":"Se\u00a0entregaron\u00a0equipos\u00a0de\u00a0medici\u00f3n\u00a0para\u00a0fiscalizaci\u00f3n\u00a0y\u00a0control\u00a0de\u00a0\u00e1reas petroleras","og_description":"El nuevo instrumento permitir\u00e1 mejorar el trabajo de inspecci\u00f3n que la Secretar\u00eda de Ambiente de la Provincia realiza en las [&hellip;]","og_url":"https:\/\/patagoniambiental.com.ar\/info\/se-entregaron-equipos-de-medicion-para-fiscalizacion-y-control-de-areas-petroleras\/","og_site_name":"Patagonia Ambiental","article_publisher":"https:\/\/www.facebook.com\/patagonia.ambiental","article_author":"https:\/\/www.facebook.com\/share\/1C1V8Gv9BX\/?mibextid=qi2Omg","article_published_time":"2019-02-02T22:00:53+00:00","og_image":[{"width":600,"height":600,"url":"https:\/\/patagoniambiental.com.ar\/info\/wp-content\/uploads\/2019\/02\/51599321_372538843525627_6168503103634014208_n.jpg","type":"image\/jpeg"}],"author":"Patagonia Ambiental","twitter_card":"summary_large_image","twitter_creator":"@PatAmb","twitter_site":"@PatAmb","schema":{"@context":"https:\/\/schema.org","@graph":[{"@type":"Article","@id":"https:\/\/patagoniambiental.com.ar\/info\/se-entregaron-equipos-de-medicion-para-fiscalizacion-y-control-de-areas-petroleras\/#article","isPartOf":{"@id":"https:\/\/patagoniambiental.com.ar\/info\/se-entregaron-equipos-de-medicion-para-fiscalizacion-y-control-de-areas-petroleras\/"},"author":{"name":"Patagonia Ambiental","@id":"https:\/\/patagoniambiental.com.ar\/info\/#\/schema\/person\/db12bff64bbcbf6a253710bf0ea37b5d"},"headline":"Se\u00a0entregaron\u00a0equipos\u00a0de\u00a0medici\u00f3n\u00a0para\u00a0fiscalizaci\u00f3n\u00a0y\u00a0control\u00a0de\u00a0\u00e1reas petroleras","datePublished":"2019-02-02T22:00:53+00:00","mainEntityOfPage":{"@id":"https:\/\/patagoniambiental.com.ar\/info\/se-entregaron-equipos-de-medicion-para-fiscalizacion-y-control-de-areas-petroleras\/"},"wordCount":344,"commentCount":0,"publisher":{"@id":"https:\/\/patagoniambiental.com.ar\/info\/#organization"},"image":{"@id":"https:\/\/patagoniambiental.com.ar\/info\/se-entregaron-equipos-de-medicion-para-fiscalizacion-y-control-de-areas-petroleras\/#primaryimage"},"thumbnailUrl":"https:\/\/patagoniambiental.com.ar\/info\/wp-content\/uploads\/2019\/02\/51599321_372538843525627_6168503103634014208_n.jpg","articleSection":["Noticias","Provinciales","R\u00edo Negro"],"inLanguage":"es","potentialAction":[{"@type":"CommentAction","name":"Comment","target":["https:\/\/patagoniambiental.com.ar\/info\/se-entregaron-equipos-de-medicion-para-fiscalizacion-y-control-de-areas-petroleras\/#respond"]}]},{"@type":"WebPage","@id":"https:\/\/patagoniambiental.com.ar\/info\/se-entregaron-equipos-de-medicion-para-fiscalizacion-y-control-de-areas-petroleras\/","url":"https:\/\/patagoniambiental.com.ar\/info\/se-entregaron-equipos-de-medicion-para-fiscalizacion-y-control-de-areas-petroleras\/","name":"Se\u00a0entregaron\u00a0equipos\u00a0de\u00a0medici\u00f3n\u00a0para\u00a0fiscalizaci\u00f3n\u00a0y\u00a0control\u00a0de\u00a0\u00e1reas petroleras","isPartOf":{"@id":"https:\/\/patagoniambiental.com.ar\/info\/#website"},"primaryImageOfPage":{"@id":"https:\/\/patagoniambiental.com.ar\/info\/se-entregaron-equipos-de-medicion-para-fiscalizacion-y-control-de-areas-petroleras\/#primaryimage"},"image":{"@id":"https:\/\/patagoniambiental.com.ar\/info\/se-entregaron-equipos-de-medicion-para-fiscalizacion-y-control-de-areas-petroleras\/#primaryimage"},"thumbnailUrl":"https:\/\/patagoniambiental.com.ar\/info\/wp-content\/uploads\/2019\/02\/51599321_372538843525627_6168503103634014208_n.jpg","datePublished":"2019-02-02T22:00:53+00:00","breadcrumb":{"@id":"https:\/\/patagoniambiental.com.ar\/info\/se-entregaron-equipos-de-medicion-para-fiscalizacion-y-control-de-areas-petroleras\/#breadcrumb"},"inLanguage":"es","potentialAction":[{"@type":"ReadAction","target":["https:\/\/patagoniambiental.com.ar\/info\/se-entregaron-equipos-de-medicion-para-fiscalizacion-y-control-de-areas-petroleras\/"]}]},{"@type":"ImageObject","inLanguage":"es","@id":"https:\/\/patagoniambiental.com.ar\/info\/se-entregaron-equipos-de-medicion-para-fiscalizacion-y-control-de-areas-petroleras\/#primaryimage","url":"https:\/\/patagoniambiental.com.ar\/info\/wp-content\/uploads\/2019\/02\/51599321_372538843525627_6168503103634014208_n.jpg","contentUrl":"https:\/\/patagoniambiental.com.ar\/info\/wp-content\/uploads\/2019\/02\/51599321_372538843525627_6168503103634014208_n.jpg","width":600,"height":600},{"@type":"BreadcrumbList","@id":"https:\/\/patagoniambiental.com.ar\/info\/se-entregaron-equipos-de-medicion-para-fiscalizacion-y-control-de-areas-petroleras\/#breadcrumb","itemListElement":[{"@type":"ListItem","position":1,"name":"Inicio","item":"https:\/\/patagoniambiental.com.ar\/info\/"},{"@type":"ListItem","position":2,"name":"Se\u00a0entregaron\u00a0equipos\u00a0de\u00a0medici\u00f3n\u00a0para\u00a0fiscalizaci\u00f3n\u00a0y\u00a0control\u00a0de\u00a0\u00e1reas petroleras"}]},{"@type":"WebSite","@id":"https:\/\/patagoniambiental.com.ar\/info\/#website","url":"https:\/\/patagoniambiental.com.ar\/info\/","name":"Patagonia Ambiental","description":"Monitoreo y an\u00e1lisis de la situaci\u00f3n geopol\u00edtica en el mundo y su implicancia en la Patagonia","publisher":{"@id":"https:\/\/patagoniambiental.com.ar\/info\/#organization"},"potentialAction":[{"@type":"SearchAction","target":{"@type":"EntryPoint","urlTemplate":"https:\/\/patagoniambiental.com.ar\/info\/?s={search_term_string}"},"query-input":{"@type":"PropertyValueSpecification","valueRequired":true,"valueName":"search_term_string"}}],"inLanguage":"es"},{"@type":"Organization","@id":"https:\/\/patagoniambiental.com.ar\/info\/#organization","name":"Patagonia Ambiental","url":"https:\/\/patagoniambiental.com.ar\/info\/","logo":{"@type":"ImageObject","inLanguage":"es","@id":"https:\/\/patagoniambiental.com.ar\/info\/#\/schema\/logo\/image\/","url":"https:\/\/patagoniambiental.com.ar\/info\/wp-content\/uploads\/2025\/05\/LOGO-PATAGONIA-AMBIENTAL.png","contentUrl":"https:\/\/patagoniambiental.com.ar\/info\/wp-content\/uploads\/2025\/05\/LOGO-PATAGONIA-AMBIENTAL.png","width":433,"height":250,"caption":"Patagonia Ambiental"},"image":{"@id":"https:\/\/patagoniambiental.com.ar\/info\/#\/schema\/logo\/image\/"},"sameAs":["https:\/\/www.facebook.com\/patagonia.ambiental","https:\/\/x.com\/PatAmb"]},{"@type":"Person","@id":"https:\/\/patagoniambiental.com.ar\/info\/#\/schema\/person\/db12bff64bbcbf6a253710bf0ea37b5d","name":"Patagonia Ambiental","description":"Andr\u00e9s Nievas T\u00e9cnico en manejo ambiental, consultor Ambiental y escritor para medios locales e internacionales sobre temas de geopolitica y medio ambiente.","sameAs":["http:\/\/www.patagoniambiental.com.ar","https:\/\/www.facebook.com\/share\/1C1V8Gv9BX\/?mibextid=qi2Omg","@patagoniambiental","https:\/\/youtube.com\/@patagoniaambiental2023?si=BLt58t0wuXquxlYZ"]}]}},"_links":{"self":[{"href":"https:\/\/patagoniambiental.com.ar\/info\/wp-json\/wp\/v2\/posts\/58668","targetHints":{"allow":["GET"]}}],"collection":[{"href":"https:\/\/patagoniambiental.com.ar\/info\/wp-json\/wp\/v2\/posts"}],"about":[{"href":"https:\/\/patagoniambiental.com.ar\/info\/wp-json\/wp\/v2\/types\/post"}],"author":[{"embeddable":true,"href":"https:\/\/patagoniambiental.com.ar\/info\/wp-json\/wp\/v2\/users\/2"}],"replies":[{"embeddable":true,"href":"https:\/\/patagoniambiental.com.ar\/info\/wp-json\/wp\/v2\/comments?post=58668"}],"version-history":[{"count":0,"href":"https:\/\/patagoniambiental.com.ar\/info\/wp-json\/wp\/v2\/posts\/58668\/revisions"}],"wp:featuredmedia":[{"embeddable":true,"href":"https:\/\/patagoniambiental.com.ar\/info\/wp-json\/wp\/v2\/media\/58669"}],"wp:attachment":[{"href":"https:\/\/patagoniambiental.com.ar\/info\/wp-json\/wp\/v2\/media?parent=58668"}],"wp:term":[{"taxonomy":"category","embeddable":true,"href":"https:\/\/patagoniambiental.com.ar\/info\/wp-json\/wp\/v2\/categories?post=58668"},{"taxonomy":"post_tag","embeddable":true,"href":"https:\/\/patagoniambiental.com.ar\/info\/wp-json\/wp\/v2\/tags?post=58668"}],"curies":[{"name":"wp","href":"https:\/\/api.w.org\/{rel}","templated":true}]}}