{"id":58703,"date":"2019-01-30T19:00:03","date_gmt":"2019-01-30T22:00:03","guid":{"rendered":"http:\/\/patagoniambiental.com.ar\/info\/?p=58703"},"modified":"2019-02-01T16:09:22","modified_gmt":"2019-02-01T19:09:22","slug":"el-gobierno-espera-una-adhesion-masiva-a-la-ley-de-generacion-distribuida-a-partir-de-marzo","status":"publish","type":"post","link":"https:\/\/patagoniambiental.com.ar\/info\/el-gobierno-espera-una-adhesion-masiva-a-la-ley-de-generacion-distribuida-a-partir-de-marzo\/","title":{"rendered":"El Gobierno espera una \u201cadhesi\u00f3n masiva\u201d a la Ley de Generaci\u00f3n Distribuida a partir de marzo"},"content":{"rendered":"<p>El diputado Juan Carlos Villalonga, autor de la Ley 27.424, accedi\u00f3 a una entrevista. Clarific\u00f3 puntos de inter\u00e9s para potenciales usuarios prosumidores y despej\u00f3 incertidumbres que tienen algunos Gobiernos provinciales.<\/p>\n<p><!--more--><\/p>\n<p><img decoding=\"async\" class=\"img-thumbnail post-single-image\" src=\"https:\/\/argentinaeolica.org.ar\/uploads\/blog\/1548872257.jpg\" alt=\"\" \/><\/p>\n<article class=\"post-content\"><strong>De cara a la instalaci\u00f3n de los primeros sistemas para generaci\u00f3n distribuida que podr\u00edan darse este a\u00f1o amparados por la Ley nacional 27424, \u00bfqu\u00e9 camino debe seguir un usuario para iniciar los tr\u00e1mites?\u00a0<\/strong><\/p>\n<p>La Ley nacional lo que procura es que el tr\u00e1mite sea sencillo. Yo como usuario quiero poner un sistema de generaci\u00f3n distribuida, la primera gesti\u00f3n que tengo que hacer es solicitar el permiso a la distribuidora (Edenor, Epec, Ejesa, dependiendo la provincia).<\/p>\n<p>Una vez que tengo la autorizaci\u00f3n, este tr\u00e1mite se inscribe en la web y a partir de ah\u00ed la Secretar\u00eda \u2013de Energ\u00eda- activa el mecanismo que est\u00e9 en ese momento previsto para el usuario, haciendo que este reciba los beneficios que le correspondan. Por lo que, absolutamente todo lo operativo se resuelve en cada provincia.<\/p>\n<p><strong>Y, \u00bfc\u00f3mo viene este a\u00f1o el proceso de adhesi\u00f3n de las provincias a la Ley nacional de Generaci\u00f3n Distribuida?<\/strong><\/p>\n<p>En enero y febrero no se esperan novedades respecto a la adhesi\u00f3n de las provincias, puesto que a\u00fan no retomaron actividad las legislaturas. Desde el 20 de diciembre hasta el 1-15 de marzo no podr\u00e1 tratarse el tema, pero a posterior pretendemos tener un rol activo para que la discusi\u00f3n llegue a todas las c\u00e1maras; entendiendo que, al ser a\u00f1o electoral, baja la actividad parlamentaria y este tema deber\u00eda ser retomado idealmente antes del segundo semestre.<\/p>\n<p>La adhesi\u00f3n no encierra m\u00e1s secretos que adhesiones simples, de manera tal de que el mecanismo fluya sencilla y claramente.<\/p>\n<p><strong>\u00bfPodr\u00eda darse una adhesi\u00f3n masiva en 2019?<\/strong><\/p>\n<p>Yo creo que s\u00ed, porque con las provincias que ya han adherido, la Secretar\u00eda de Energ\u00eda les va a estar publicando las normas t\u00e9cnicas necesarias y va a dejar habilitada la web para la inscripci\u00f3n de todos aquellos que vayan solicitando los permisos. Eso va a generar un cierto dinamismo.<\/p>\n<p><strong>\u00bfQu\u00e9 actor tendr\u00e1 un rol significativo para apalancar esas adhesiones?\u00a0<\/strong><\/p>\n<p>Para m\u00ed, el sector \u2013refiri\u00e9ndome al grupo de interesados en que se mueva este segmento de negocios\u2013 tiene que levantar la voz hacia los gobiernos provinciales. Eso tiene que aparecer ahora porque sino la adhesi\u00f3n puede ser malinterpretada como una cuesti\u00f3n partidaria.<\/p>\n<p>Los privados tiene que aclarar c\u00f3mo esto es provechoso sino \u2013tengo la sensaci\u00f3n\u2013 los Gobiernos provinciales lo est\u00e1n mirando pura y exclusivamente como una cuesti\u00f3n pol\u00edtica.<\/p>\n<p><strong>En ese sentido, algunas provincias plantean dudas respecto a c\u00f3mo se manejar\u00e1n los fondos\u2026<\/strong><\/p>\n<p>Sucede que en ese tema hay una confusi\u00f3n. El FODIS no es un fondo coparticipable, que se distribuya a las provincias. El FODIS es un fondo para los usuarios. Por lo que, ingresar\u00e1n fondos a las provincias en la medida de que sus usuarios lo pidan. Porque no es que se dar\u00e1 dinero a las provincias y estas la distribuir\u00e1n. No.<\/p>\n<p>M\u00e1s all\u00e1 de que despu\u00e9s eso se operativice a trav\u00e9s de la distribuidora, no va a dejar de ser un simple tr\u00e1mite.<\/p>\n<p><strong>En la Ley se contemplan Certificados de Cr\u00e9ditos Fiscales, \u00bfesto motivar\u00e1 que usuarios comerciales opten por instalar sistemas de Generaci\u00f3n Distribuida para evitar los crecientes costos en la compra conjunta a CAMMESA?\u00a0\u00a0<\/strong><\/p>\n<p>Esa es una herramienta que sin duda va a ser interesante para el sector comercial e industrial. Por eso, considero que incluso desde la Secretar\u00eda se ver\u00eda como mucho m\u00e1s movilizante ese mecanismo, que el propio FODIS. El sector que ya se est\u00e1 moviendo har\u00e1 que edificios corporativos, centros comerciales y PyMEs sean los que r\u00e1pidamente se vayan a mover.<\/p>\n<p><strong>Esto se deja ver en la Ley, pero \u00bfpueden continuar estas dudas?\u00a0<\/strong><\/p>\n<p>No deber\u00edan.<\/p>\n<p>Cuando se discuti\u00f3 la Ley en el Senado, hubo un reclamo de este tipo por parte del senador Pais. El representante por Chubut dijo que le gustar\u00eda que en la Ley fuese reflejado cierto equilibrio que a\u00fan no le era claro. Se tom\u00f3 este comentario y hubo un compromiso por parte de la Secretar\u00eda de Energ\u00eda para instrumentar la Ley de tal manera que haya la mayor equidad posible.<\/p>\n<p>De ah\u00ed, mi lectura es que la voluntad existe desde Naci\u00f3n. Ahora bien, por el lado de las provincias debe estar la voluntad de adherir; porque si estas no adhieren, el problema est\u00e1 en que sus ciudadanos que son usuarios con intenciones de conectar sistemas de generaci\u00f3n a la red, no podr\u00e1n solicitar los beneficios tan esperados que ofrece la Ley nacional, y los perjudican.<\/p>\n<p>Fuente:\u00a0<a href=\"http:\/\/www.energiaestrategica.com\/el-gobierno-espera-una-adhesion-masiva-a-la-ley-de-generacion-distribuida-a-partir-de-marzo\/\" target=\"_blank\" rel=\"noopener\">www.energiaestrategica.com<\/a><\/p>\n<\/article>\n","protected":false},"excerpt":{"rendered":"<p>El diputado Juan Carlos Villalonga, autor de la Ley 27.424, accedi\u00f3 a una entrevista. Clarific\u00f3 puntos de inter\u00e9s para potenciales [&hellip;]<\/p>\n","protected":false},"author":2,"featured_media":58704,"comment_status":"open","ping_status":"open","sticky":false,"template":"","format":"standard","meta":{"site-sidebar-layout":"default","site-content-layout":"","ast-site-content-layout":"default","site-content-style":"default","site-sidebar-style":"default","ast-global-header-display":"","ast-banner-title-visibility":"","ast-main-header-display":"","ast-hfb-above-header-display":"","ast-hfb-below-header-display":"","ast-hfb-mobile-header-display":"","site-post-title":"","ast-breadcrumbs-content":"","ast-featured-img":"","footer-sml-layout":"","ast-disable-related-posts":"","theme-transparent-header-meta":"","adv-header-id-meta":"","stick-header-meta":"","header-above-stick-meta":"","header-main-stick-meta":"","header-below-stick-meta":"","astra-migrate-meta-layouts":"default","ast-page-background-enabled":"default","ast-page-background-meta":{"desktop":{"background-color":"var(--ast-global-color-5)","background-image":"","background-repeat":"repeat","background-position":"center center","background-size":"auto","background-attachment":"scroll","background-type":"","background-media":"","overlay-type":"","overlay-color":"","overlay-opacity":"","overlay-gradient":""},"tablet":{"background-color":"","background-image":"","background-repeat":"repeat","background-position":"center center","background-size":"auto","background-attachment":"scroll","background-type":"","background-media":"","overlay-type":"","overlay-color":"","overlay-opacity":"","overlay-gradient":""},"mobile":{"background-color":"","background-image":"","background-repeat":"repeat","background-position":"center center","background-size":"auto","background-attachment":"scroll","background-type":"","background-media":"","overlay-type":"","overlay-color":"","overlay-opacity":"","overlay-gradient":""}},"ast-content-background-meta":{"desktop":{"background-color":"var(--ast-global-color-4)","background-image":"","background-repeat":"repeat","background-position":"center center","background-size":"auto","background-attachment":"scroll","background-type":"","background-media":"","overlay-type":"","overlay-color":"","overlay-opacity":"","overlay-gradient":""},"tablet":{"background-color":"var(--ast-global-color-4)","background-image":"","background-repeat":"repeat","background-position":"center center","background-size":"auto","background-attachment":"scroll","background-type":"","background-media":"","overlay-type":"","overlay-color":"","overlay-opacity":"","overlay-gradient":""},"mobile":{"background-color":"var(--ast-global-color-4)","background-image":"","background-repeat":"repeat","background-position":"center center","background-size":"auto","background-attachment":"scroll","background-type":"","background-media":"","overlay-type":"","overlay-color":"","overlay-opacity":"","overlay-gradient":""}},"footnotes":""},"categories":[51,19,1],"tags":[],"class_list":["post-58703","post","type-post","status-publish","format-standard","has-post-thumbnail","hentry","category-entrevistas","category-nacionales","category-noticias"],"yoast_head":"<!-- This site is optimized with the Yoast SEO Premium plugin v23.0 (Yoast SEO v27.4) - https:\/\/yoast.com\/product\/yoast-seo-premium-wordpress\/ -->\n<title>El Gobierno espera una \u201cadhesi\u00f3n masiva\u201d a la Ley de Generaci\u00f3n Distribuida a partir de marzo<\/title>\n<meta name=\"robots\" content=\"index, follow, max-snippet:-1, max-image-preview:large, max-video-preview:-1\" \/>\n<link rel=\"canonical\" href=\"https:\/\/patagoniambiental.com.ar\/info\/el-gobierno-espera-una-adhesion-masiva-a-la-ley-de-generacion-distribuida-a-partir-de-marzo\/\" \/>\n<meta property=\"og:locale\" content=\"es_ES\" \/>\n<meta property=\"og:type\" content=\"article\" \/>\n<meta property=\"og:title\" content=\"El Gobierno espera una \u201cadhesi\u00f3n masiva\u201d a la Ley de Generaci\u00f3n Distribuida a partir de marzo\" \/>\n<meta property=\"og:description\" content=\"El diputado Juan Carlos Villalonga, autor de la Ley 27.424, accedi\u00f3 a una entrevista. Clarific\u00f3 puntos de inter\u00e9s para potenciales [&hellip;]\" \/>\n<meta property=\"og:url\" content=\"https:\/\/patagoniambiental.com.ar\/info\/el-gobierno-espera-una-adhesion-masiva-a-la-ley-de-generacion-distribuida-a-partir-de-marzo\/\" \/>\n<meta property=\"og:site_name\" content=\"Patagonia Ambiental\" \/>\n<meta property=\"article:publisher\" content=\"https:\/\/www.facebook.com\/patagonia.ambiental\" \/>\n<meta property=\"article:author\" content=\"https:\/\/www.facebook.com\/share\/1C1V8Gv9BX\/?mibextid=qi2Omg\" \/>\n<meta property=\"article:published_time\" content=\"2019-01-30T22:00:03+00:00\" \/>\n<meta property=\"article:modified_time\" content=\"2019-02-01T19:09:22+00:00\" \/>\n<meta property=\"og:image\" content=\"https:\/\/patagoniambiental.com.ar\/info\/wp-content\/uploads\/2019\/02\/1548872257-1.jpg\" \/>\n\t<meta property=\"og:image:width\" content=\"750\" \/>\n\t<meta property=\"og:image:height\" content=\"421\" \/>\n\t<meta property=\"og:image:type\" content=\"image\/jpeg\" \/>\n<meta name=\"author\" content=\"Patagonia Ambiental\" \/>\n<meta name=\"twitter:card\" content=\"summary_large_image\" \/>\n<meta name=\"twitter:creator\" content=\"@PatAmb\" \/>\n<meta name=\"twitter:site\" content=\"@PatAmb\" \/>\n<script type=\"application\/ld+json\" class=\"yoast-schema-graph\">{\"@context\":\"https:\\\/\\\/schema.org\",\"@graph\":[{\"@type\":\"Article\",\"@id\":\"https:\\\/\\\/patagoniambiental.com.ar\\\/info\\\/el-gobierno-espera-una-adhesion-masiva-a-la-ley-de-generacion-distribuida-a-partir-de-marzo\\\/#article\",\"isPartOf\":{\"@id\":\"https:\\\/\\\/patagoniambiental.com.ar\\\/info\\\/el-gobierno-espera-una-adhesion-masiva-a-la-ley-de-generacion-distribuida-a-partir-de-marzo\\\/\"},\"author\":{\"name\":\"Patagonia Ambiental\",\"@id\":\"https:\\\/\\\/patagoniambiental.com.ar\\\/info\\\/#\\\/schema\\\/person\\\/db12bff64bbcbf6a253710bf0ea37b5d\"},\"headline\":\"El Gobierno espera una \u201cadhesi\u00f3n masiva\u201d a la Ley de Generaci\u00f3n Distribuida a partir de marzo\",\"datePublished\":\"2019-01-30T22:00:03+00:00\",\"dateModified\":\"2019-02-01T19:09:22+00:00\",\"mainEntityOfPage\":{\"@id\":\"https:\\\/\\\/patagoniambiental.com.ar\\\/info\\\/el-gobierno-espera-una-adhesion-masiva-a-la-ley-de-generacion-distribuida-a-partir-de-marzo\\\/\"},\"wordCount\":827,\"commentCount\":0,\"publisher\":{\"@id\":\"https:\\\/\\\/patagoniambiental.com.ar\\\/info\\\/#organization\"},\"image\":{\"@id\":\"https:\\\/\\\/patagoniambiental.com.ar\\\/info\\\/el-gobierno-espera-una-adhesion-masiva-a-la-ley-de-generacion-distribuida-a-partir-de-marzo\\\/#primaryimage\"},\"thumbnailUrl\":\"https:\\\/\\\/patagoniambiental.com.ar\\\/info\\\/wp-content\\\/uploads\\\/2019\\\/02\\\/1548872257-1.jpg\",\"articleSection\":[\"Entrevistas\",\"Nacionales\",\"Noticias\"],\"inLanguage\":\"es\",\"potentialAction\":[{\"@type\":\"CommentAction\",\"name\":\"Comment\",\"target\":[\"https:\\\/\\\/patagoniambiental.com.ar\\\/info\\\/el-gobierno-espera-una-adhesion-masiva-a-la-ley-de-generacion-distribuida-a-partir-de-marzo\\\/#respond\"]}]},{\"@type\":\"WebPage\",\"@id\":\"https:\\\/\\\/patagoniambiental.com.ar\\\/info\\\/el-gobierno-espera-una-adhesion-masiva-a-la-ley-de-generacion-distribuida-a-partir-de-marzo\\\/\",\"url\":\"https:\\\/\\\/patagoniambiental.com.ar\\\/info\\\/el-gobierno-espera-una-adhesion-masiva-a-la-ley-de-generacion-distribuida-a-partir-de-marzo\\\/\",\"name\":\"El Gobierno espera una \u201cadhesi\u00f3n masiva\u201d a la Ley de Generaci\u00f3n Distribuida a partir de marzo\",\"isPartOf\":{\"@id\":\"https:\\\/\\\/patagoniambiental.com.ar\\\/info\\\/#website\"},\"primaryImageOfPage\":{\"@id\":\"https:\\\/\\\/patagoniambiental.com.ar\\\/info\\\/el-gobierno-espera-una-adhesion-masiva-a-la-ley-de-generacion-distribuida-a-partir-de-marzo\\\/#primaryimage\"},\"image\":{\"@id\":\"https:\\\/\\\/patagoniambiental.com.ar\\\/info\\\/el-gobierno-espera-una-adhesion-masiva-a-la-ley-de-generacion-distribuida-a-partir-de-marzo\\\/#primaryimage\"},\"thumbnailUrl\":\"https:\\\/\\\/patagoniambiental.com.ar\\\/info\\\/wp-content\\\/uploads\\\/2019\\\/02\\\/1548872257-1.jpg\",\"datePublished\":\"2019-01-30T22:00:03+00:00\",\"dateModified\":\"2019-02-01T19:09:22+00:00\",\"breadcrumb\":{\"@id\":\"https:\\\/\\\/patagoniambiental.com.ar\\\/info\\\/el-gobierno-espera-una-adhesion-masiva-a-la-ley-de-generacion-distribuida-a-partir-de-marzo\\\/#breadcrumb\"},\"inLanguage\":\"es\",\"potentialAction\":[{\"@type\":\"ReadAction\",\"target\":[\"https:\\\/\\\/patagoniambiental.com.ar\\\/info\\\/el-gobierno-espera-una-adhesion-masiva-a-la-ley-de-generacion-distribuida-a-partir-de-marzo\\\/\"]}]},{\"@type\":\"ImageObject\",\"inLanguage\":\"es\",\"@id\":\"https:\\\/\\\/patagoniambiental.com.ar\\\/info\\\/el-gobierno-espera-una-adhesion-masiva-a-la-ley-de-generacion-distribuida-a-partir-de-marzo\\\/#primaryimage\",\"url\":\"https:\\\/\\\/patagoniambiental.com.ar\\\/info\\\/wp-content\\\/uploads\\\/2019\\\/02\\\/1548872257-1.jpg\",\"contentUrl\":\"https:\\\/\\\/patagoniambiental.com.ar\\\/info\\\/wp-content\\\/uploads\\\/2019\\\/02\\\/1548872257-1.jpg\",\"width\":750,\"height\":421},{\"@type\":\"BreadcrumbList\",\"@id\":\"https:\\\/\\\/patagoniambiental.com.ar\\\/info\\\/el-gobierno-espera-una-adhesion-masiva-a-la-ley-de-generacion-distribuida-a-partir-de-marzo\\\/#breadcrumb\",\"itemListElement\":[{\"@type\":\"ListItem\",\"position\":1,\"name\":\"Inicio\",\"item\":\"https:\\\/\\\/patagoniambiental.com.ar\\\/info\\\/\"},{\"@type\":\"ListItem\",\"position\":2,\"name\":\"El Gobierno espera una \u201cadhesi\u00f3n masiva\u201d a la Ley de Generaci\u00f3n Distribuida a partir de marzo\"}]},{\"@type\":\"WebSite\",\"@id\":\"https:\\\/\\\/patagoniambiental.com.ar\\\/info\\\/#website\",\"url\":\"https:\\\/\\\/patagoniambiental.com.ar\\\/info\\\/\",\"name\":\"Patagonia Ambiental\",\"description\":\"Monitoreo y an\u00e1lisis de la situaci\u00f3n geopol\u00edtica en el mundo y su implicancia en la Patagonia\",\"publisher\":{\"@id\":\"https:\\\/\\\/patagoniambiental.com.ar\\\/info\\\/#organization\"},\"potentialAction\":[{\"@type\":\"SearchAction\",\"target\":{\"@type\":\"EntryPoint\",\"urlTemplate\":\"https:\\\/\\\/patagoniambiental.com.ar\\\/info\\\/?s={search_term_string}\"},\"query-input\":{\"@type\":\"PropertyValueSpecification\",\"valueRequired\":true,\"valueName\":\"search_term_string\"}}],\"inLanguage\":\"es\"},{\"@type\":\"Organization\",\"@id\":\"https:\\\/\\\/patagoniambiental.com.ar\\\/info\\\/#organization\",\"name\":\"Patagonia Ambiental\",\"url\":\"https:\\\/\\\/patagoniambiental.com.ar\\\/info\\\/\",\"logo\":{\"@type\":\"ImageObject\",\"inLanguage\":\"es\",\"@id\":\"https:\\\/\\\/patagoniambiental.com.ar\\\/info\\\/#\\\/schema\\\/logo\\\/image\\\/\",\"url\":\"https:\\\/\\\/patagoniambiental.com.ar\\\/info\\\/wp-content\\\/uploads\\\/2025\\\/05\\\/LOGO-PATAGONIA-AMBIENTAL.png\",\"contentUrl\":\"https:\\\/\\\/patagoniambiental.com.ar\\\/info\\\/wp-content\\\/uploads\\\/2025\\\/05\\\/LOGO-PATAGONIA-AMBIENTAL.png\",\"width\":433,\"height\":250,\"caption\":\"Patagonia Ambiental\"},\"image\":{\"@id\":\"https:\\\/\\\/patagoniambiental.com.ar\\\/info\\\/#\\\/schema\\\/logo\\\/image\\\/\"},\"sameAs\":[\"https:\\\/\\\/www.facebook.com\\\/patagonia.ambiental\",\"https:\\\/\\\/x.com\\\/PatAmb\"]},{\"@type\":\"Person\",\"@id\":\"https:\\\/\\\/patagoniambiental.com.ar\\\/info\\\/#\\\/schema\\\/person\\\/db12bff64bbcbf6a253710bf0ea37b5d\",\"name\":\"Patagonia Ambiental\",\"description\":\"Andr\u00e9s Nievas T\u00e9cnico en manejo ambiental, consultor Ambiental y escritor para medios locales e internacionales sobre temas de geopolitica y medio ambiente.\",\"sameAs\":[\"http:\\\/\\\/www.patagoniambiental.com.ar\",\"https:\\\/\\\/www.facebook.com\\\/share\\\/1C1V8Gv9BX\\\/?mibextid=qi2Omg\",\"@patagoniambiental\",\"https:\\\/\\\/youtube.com\\\/@patagoniaambiental2023?si=BLt58t0wuXquxlYZ\"]}]}<\/script>\n<!-- \/ Yoast SEO Premium plugin. -->","yoast_head_json":{"title":"El Gobierno espera una \u201cadhesi\u00f3n masiva\u201d a la Ley de Generaci\u00f3n Distribuida a partir de marzo","robots":{"index":"index","follow":"follow","max-snippet":"max-snippet:-1","max-image-preview":"max-image-preview:large","max-video-preview":"max-video-preview:-1"},"canonical":"https:\/\/patagoniambiental.com.ar\/info\/el-gobierno-espera-una-adhesion-masiva-a-la-ley-de-generacion-distribuida-a-partir-de-marzo\/","og_locale":"es_ES","og_type":"article","og_title":"El Gobierno espera una \u201cadhesi\u00f3n masiva\u201d a la Ley de Generaci\u00f3n Distribuida a partir de marzo","og_description":"El diputado Juan Carlos Villalonga, autor de la Ley 27.424, accedi\u00f3 a una entrevista. Clarific\u00f3 puntos de inter\u00e9s para potenciales [&hellip;]","og_url":"https:\/\/patagoniambiental.com.ar\/info\/el-gobierno-espera-una-adhesion-masiva-a-la-ley-de-generacion-distribuida-a-partir-de-marzo\/","og_site_name":"Patagonia Ambiental","article_publisher":"https:\/\/www.facebook.com\/patagonia.ambiental","article_author":"https:\/\/www.facebook.com\/share\/1C1V8Gv9BX\/?mibextid=qi2Omg","article_published_time":"2019-01-30T22:00:03+00:00","article_modified_time":"2019-02-01T19:09:22+00:00","og_image":[{"width":750,"height":421,"url":"https:\/\/patagoniambiental.com.ar\/info\/wp-content\/uploads\/2019\/02\/1548872257-1.jpg","type":"image\/jpeg"}],"author":"Patagonia Ambiental","twitter_card":"summary_large_image","twitter_creator":"@PatAmb","twitter_site":"@PatAmb","schema":{"@context":"https:\/\/schema.org","@graph":[{"@type":"Article","@id":"https:\/\/patagoniambiental.com.ar\/info\/el-gobierno-espera-una-adhesion-masiva-a-la-ley-de-generacion-distribuida-a-partir-de-marzo\/#article","isPartOf":{"@id":"https:\/\/patagoniambiental.com.ar\/info\/el-gobierno-espera-una-adhesion-masiva-a-la-ley-de-generacion-distribuida-a-partir-de-marzo\/"},"author":{"name":"Patagonia Ambiental","@id":"https:\/\/patagoniambiental.com.ar\/info\/#\/schema\/person\/db12bff64bbcbf6a253710bf0ea37b5d"},"headline":"El Gobierno espera una \u201cadhesi\u00f3n masiva\u201d a la Ley de Generaci\u00f3n Distribuida a partir de marzo","datePublished":"2019-01-30T22:00:03+00:00","dateModified":"2019-02-01T19:09:22+00:00","mainEntityOfPage":{"@id":"https:\/\/patagoniambiental.com.ar\/info\/el-gobierno-espera-una-adhesion-masiva-a-la-ley-de-generacion-distribuida-a-partir-de-marzo\/"},"wordCount":827,"commentCount":0,"publisher":{"@id":"https:\/\/patagoniambiental.com.ar\/info\/#organization"},"image":{"@id":"https:\/\/patagoniambiental.com.ar\/info\/el-gobierno-espera-una-adhesion-masiva-a-la-ley-de-generacion-distribuida-a-partir-de-marzo\/#primaryimage"},"thumbnailUrl":"https:\/\/patagoniambiental.com.ar\/info\/wp-content\/uploads\/2019\/02\/1548872257-1.jpg","articleSection":["Entrevistas","Nacionales","Noticias"],"inLanguage":"es","potentialAction":[{"@type":"CommentAction","name":"Comment","target":["https:\/\/patagoniambiental.com.ar\/info\/el-gobierno-espera-una-adhesion-masiva-a-la-ley-de-generacion-distribuida-a-partir-de-marzo\/#respond"]}]},{"@type":"WebPage","@id":"https:\/\/patagoniambiental.com.ar\/info\/el-gobierno-espera-una-adhesion-masiva-a-la-ley-de-generacion-distribuida-a-partir-de-marzo\/","url":"https:\/\/patagoniambiental.com.ar\/info\/el-gobierno-espera-una-adhesion-masiva-a-la-ley-de-generacion-distribuida-a-partir-de-marzo\/","name":"El Gobierno espera una \u201cadhesi\u00f3n masiva\u201d a la Ley de Generaci\u00f3n Distribuida a partir de marzo","isPartOf":{"@id":"https:\/\/patagoniambiental.com.ar\/info\/#website"},"primaryImageOfPage":{"@id":"https:\/\/patagoniambiental.com.ar\/info\/el-gobierno-espera-una-adhesion-masiva-a-la-ley-de-generacion-distribuida-a-partir-de-marzo\/#primaryimage"},"image":{"@id":"https:\/\/patagoniambiental.com.ar\/info\/el-gobierno-espera-una-adhesion-masiva-a-la-ley-de-generacion-distribuida-a-partir-de-marzo\/#primaryimage"},"thumbnailUrl":"https:\/\/patagoniambiental.com.ar\/info\/wp-content\/uploads\/2019\/02\/1548872257-1.jpg","datePublished":"2019-01-30T22:00:03+00:00","dateModified":"2019-02-01T19:09:22+00:00","breadcrumb":{"@id":"https:\/\/patagoniambiental.com.ar\/info\/el-gobierno-espera-una-adhesion-masiva-a-la-ley-de-generacion-distribuida-a-partir-de-marzo\/#breadcrumb"},"inLanguage":"es","potentialAction":[{"@type":"ReadAction","target":["https:\/\/patagoniambiental.com.ar\/info\/el-gobierno-espera-una-adhesion-masiva-a-la-ley-de-generacion-distribuida-a-partir-de-marzo\/"]}]},{"@type":"ImageObject","inLanguage":"es","@id":"https:\/\/patagoniambiental.com.ar\/info\/el-gobierno-espera-una-adhesion-masiva-a-la-ley-de-generacion-distribuida-a-partir-de-marzo\/#primaryimage","url":"https:\/\/patagoniambiental.com.ar\/info\/wp-content\/uploads\/2019\/02\/1548872257-1.jpg","contentUrl":"https:\/\/patagoniambiental.com.ar\/info\/wp-content\/uploads\/2019\/02\/1548872257-1.jpg","width":750,"height":421},{"@type":"BreadcrumbList","@id":"https:\/\/patagoniambiental.com.ar\/info\/el-gobierno-espera-una-adhesion-masiva-a-la-ley-de-generacion-distribuida-a-partir-de-marzo\/#breadcrumb","itemListElement":[{"@type":"ListItem","position":1,"name":"Inicio","item":"https:\/\/patagoniambiental.com.ar\/info\/"},{"@type":"ListItem","position":2,"name":"El Gobierno espera una \u201cadhesi\u00f3n masiva\u201d a la Ley de Generaci\u00f3n Distribuida a partir de marzo"}]},{"@type":"WebSite","@id":"https:\/\/patagoniambiental.com.ar\/info\/#website","url":"https:\/\/patagoniambiental.com.ar\/info\/","name":"Patagonia Ambiental","description":"Monitoreo y an\u00e1lisis de la situaci\u00f3n geopol\u00edtica en el mundo y su implicancia en la Patagonia","publisher":{"@id":"https:\/\/patagoniambiental.com.ar\/info\/#organization"},"potentialAction":[{"@type":"SearchAction","target":{"@type":"EntryPoint","urlTemplate":"https:\/\/patagoniambiental.com.ar\/info\/?s={search_term_string}"},"query-input":{"@type":"PropertyValueSpecification","valueRequired":true,"valueName":"search_term_string"}}],"inLanguage":"es"},{"@type":"Organization","@id":"https:\/\/patagoniambiental.com.ar\/info\/#organization","name":"Patagonia Ambiental","url":"https:\/\/patagoniambiental.com.ar\/info\/","logo":{"@type":"ImageObject","inLanguage":"es","@id":"https:\/\/patagoniambiental.com.ar\/info\/#\/schema\/logo\/image\/","url":"https:\/\/patagoniambiental.com.ar\/info\/wp-content\/uploads\/2025\/05\/LOGO-PATAGONIA-AMBIENTAL.png","contentUrl":"https:\/\/patagoniambiental.com.ar\/info\/wp-content\/uploads\/2025\/05\/LOGO-PATAGONIA-AMBIENTAL.png","width":433,"height":250,"caption":"Patagonia Ambiental"},"image":{"@id":"https:\/\/patagoniambiental.com.ar\/info\/#\/schema\/logo\/image\/"},"sameAs":["https:\/\/www.facebook.com\/patagonia.ambiental","https:\/\/x.com\/PatAmb"]},{"@type":"Person","@id":"https:\/\/patagoniambiental.com.ar\/info\/#\/schema\/person\/db12bff64bbcbf6a253710bf0ea37b5d","name":"Patagonia Ambiental","description":"Andr\u00e9s Nievas T\u00e9cnico en manejo ambiental, consultor Ambiental y escritor para medios locales e internacionales sobre temas de geopolitica y medio ambiente.","sameAs":["http:\/\/www.patagoniambiental.com.ar","https:\/\/www.facebook.com\/share\/1C1V8Gv9BX\/?mibextid=qi2Omg","@patagoniambiental","https:\/\/youtube.com\/@patagoniaambiental2023?si=BLt58t0wuXquxlYZ"]}]}},"_links":{"self":[{"href":"https:\/\/patagoniambiental.com.ar\/info\/wp-json\/wp\/v2\/posts\/58703","targetHints":{"allow":["GET"]}}],"collection":[{"href":"https:\/\/patagoniambiental.com.ar\/info\/wp-json\/wp\/v2\/posts"}],"about":[{"href":"https:\/\/patagoniambiental.com.ar\/info\/wp-json\/wp\/v2\/types\/post"}],"author":[{"embeddable":true,"href":"https:\/\/patagoniambiental.com.ar\/info\/wp-json\/wp\/v2\/users\/2"}],"replies":[{"embeddable":true,"href":"https:\/\/patagoniambiental.com.ar\/info\/wp-json\/wp\/v2\/comments?post=58703"}],"version-history":[{"count":0,"href":"https:\/\/patagoniambiental.com.ar\/info\/wp-json\/wp\/v2\/posts\/58703\/revisions"}],"wp:featuredmedia":[{"embeddable":true,"href":"https:\/\/patagoniambiental.com.ar\/info\/wp-json\/wp\/v2\/media\/58704"}],"wp:attachment":[{"href":"https:\/\/patagoniambiental.com.ar\/info\/wp-json\/wp\/v2\/media?parent=58703"}],"wp:term":[{"taxonomy":"category","embeddable":true,"href":"https:\/\/patagoniambiental.com.ar\/info\/wp-json\/wp\/v2\/categories?post=58703"},{"taxonomy":"post_tag","embeddable":true,"href":"https:\/\/patagoniambiental.com.ar\/info\/wp-json\/wp\/v2\/tags?post=58703"}],"curies":[{"name":"wp","href":"https:\/\/api.w.org\/{rel}","templated":true}]}}