{"id":58799,"date":"2019-02-09T09:00:13","date_gmt":"2019-02-09T12:00:13","guid":{"rendered":"http:\/\/patagoniambiental.com.ar\/info\/?p=58799"},"modified":"2019-02-08T13:35:51","modified_gmt":"2019-02-08T16:35:51","slug":"se-actualizaron-para-rio-negro-los-valores-de-las-tasas-ambientales-para-este-ano-2019","status":"publish","type":"post","link":"https:\/\/patagoniambiental.com.ar\/info\/se-actualizaron-para-rio-negro-los-valores-de-las-tasas-ambientales-para-este-ano-2019\/","title":{"rendered":"Se actualizaron para Rio Negro los valores de las\u00a0tasas ambientales\u00a0para este a\u00f1o 2019"},"content":{"rendered":"<div id=\"js_25\" class=\"_5pbx userContent _3576\" data-ft=\"{&quot;tn&quot;:&quot;K&quot;}\">\n<p>Desde el lunes 21 enero comenzaron a regir los nuevos montos para las tasas ambientales en base a la Resoluci\u00f3n N\u00b0 037\/2019 de la Secretar\u00eda de Ambiente y Desarrollo Sustentable de R\u00edo Negro.<\/p>\n<p><!--more--><\/p>\n<p>Esta suba alcanza a los generadores, transportistas, operadores, consultores, consultor\u00edas, declaraciones juradas, estudios de impacto y actualizaciones bianuales. Tambi\u00e9n se actualizaron los valores de gu\u00edas de transito de productos, subproductos y derivados de la fauna silvestre; permisos y licencias de caza deportiva.<\/p>\n<p>La Secretar\u00eda de Ambiente es el organismo de m\u00e1xima autoridad ambiental en jurisdicci\u00f3n provincial, y se encarga de implementar y gestionar el Registro Provincial de Consultores Ambientales, el Registro Provincial de Residuos Especiales, el Registro Provincial de Bocas de Expendio de Combustibles L\u00edquidos, Bocas de expendio de Fraccionadores, Revendedores de Combustibles a Grandes Consumidores y Lubricentros.<\/p>\n<p>En este sentido, la Secretar\u00eda se ocupa de administrar la tasa que deben abonar quienes desarrollen actividades hidrocarbur\u00edferas en todas sus etapas. Adem\u00e1s, tiene a su cargo el manejo, protecci\u00f3n, conservaci\u00f3n, propagaci\u00f3n, repoblaci\u00f3n, restauraci\u00f3n, control, y aprovechamiento racional del recurso fauna silvestre, por lo que se encuentra a cargo del otorgamiento de permisos y licencias de caza deportiva.<\/p>\n<p>A su vez, estas competencias son complementadas con sistemas de auditor\u00eda, monitoreo, control y fiscalizaci\u00f3n de todas las actividades que puedan impactar el ambiente y, en ese sentido las tareas son financiadas por distintas tasas administrativas.<\/p>\n<p>Por tal motivo, resulta necesario determinar la actualizaci\u00f3n de los montos de \u00e9stas tasas y aranceles para el per\u00edodo 2019, para las distintas actividades desplegadas por esta Secretar\u00eda, como as\u00ed tambi\u00e9n determinar la tasa a percibir por las operaciones de abandono de pozos hidrocarbur\u00edferos. Por lo que, quedan sin efecto las resoluciones anteriores, que fijaban los montos por cada uno de los \u00edtems detallados.<\/p>\n<p>Los nuevos valores para tasas quedaron estipulados: en concepto de retribuci\u00f3n establecida en el inciso a), b) y c) de la Ley M N\u00b0 3.266: Declaraci\u00f3n jurada ambiental $6.000; Estudio de Impacto Ambiental $8.000; Actualizaci\u00f3n bianuales $6.000.<\/p>\n<p>En tanto, entr\u00f3 en vigencia la resoluci\u00f3n, para el Registro de Consultores Ambientales de la provincia de R\u00edo Negro, estableciendo los montos de $4.000 para la tasa ambiental anual para Consultores Individuales; y $11.000 para Consultor\u00edas.<\/p>\n<p>Adem\u00e1s, rige la resoluci\u00f3n de tasas anuales generales para cada categor\u00eda del Registro Provincial de Generadores en $25.000; Transportistas $6.000 por cada veh\u00edculo acreditado para dicho transporte; y para Operadores $55.000.<\/p>\n<p>Las tasas fijadas en los p\u00e1rrafos anteriores deben pagarse mediante dep\u00f3sito en la Cuenta N\u00b0 900001994, Protecci\u00f3n Ambiental, Tesorer\u00eda General de la Provincia de R\u00edo Negro. Tambi\u00e9n deben acreditar de manera fehaciente el mismo, acompa\u00f1ado de copia de constancia de pago a esta Secretar\u00eda, juntamente con la presentaci\u00f3n a efectuar.<\/p>\n<\/div>\n<p>&nbsp;<\/p>\n<div class=\"_3x-2\" data-ft=\"{&quot;tn&quot;:&quot;H&quot;}\">\n<div data-ft=\"{&quot;tn&quot;:&quot;H&quot;}\">\n<div class=\"mtm\">\n<div>\n<div class=\"_5cq3 _1ktf\" data-ft=\"{&quot;tn&quot;:&quot;E&quot;}\">\n<div id=\"u_0_1h\" class=\"uiScaledImageContainer _4-ep\"><img fetchpriority=\"high\" decoding=\"async\" class=\"scaledImageFitHeight img\" src=\"https:\/\/scontent.faep16-2.fna.fbcdn.net\/v\/t1.0-0\/p526x296\/51393315_2273412949646405_9137550030410874880_n.jpg?_nc_cat=108&amp;_nc_ht=scontent.faep16-2.fna&amp;oh=062259b2caf5f75c35582bdc46151e31&amp;oe=5CB593A9\" alt=\"La imagen puede contener: cielo, autom\u00f3vil y exterior\" width=\"501\" height=\"375\" \/><\/div>\n<div>Fuente: SA y DS de R\u00edo Negro<\/div>\n<\/div>\n<\/div>\n<\/div>\n<\/div>\n<\/div>\n","protected":false},"excerpt":{"rendered":"<p>Desde el lunes 21 enero comenzaron a regir los nuevos montos para las tasas ambientales en base a la Resoluci\u00f3n [&hellip;]<\/p>\n","protected":false},"author":2,"featured_media":58800,"comment_status":"open","ping_status":"open","sticky":false,"template":"","format":"standard","meta":{"site-sidebar-layout":"default","site-content-layout":"","ast-site-content-layout":"default","site-content-style":"default","site-sidebar-style":"default","ast-global-header-display":"","ast-banner-title-visibility":"","ast-main-header-display":"","ast-hfb-above-header-display":"","ast-hfb-below-header-display":"","ast-hfb-mobile-header-display":"","site-post-title":"","ast-breadcrumbs-content":"","ast-featured-img":"","footer-sml-layout":"","ast-disable-related-posts":"","theme-transparent-header-meta":"","adv-header-id-meta":"","stick-header-meta":"","header-above-stick-meta":"","header-main-stick-meta":"","header-below-stick-meta":"","astra-migrate-meta-layouts":"default","ast-page-background-enabled":"default","ast-page-background-meta":{"desktop":{"background-color":"var(--ast-global-color-5)","background-image":"","background-repeat":"repeat","background-position":"center center","background-size":"auto","background-attachment":"scroll","background-type":"","background-media":"","overlay-type":"","overlay-color":"","overlay-opacity":"","overlay-gradient":""},"tablet":{"background-color":"","background-image":"","background-repeat":"repeat","background-position":"center center","background-size":"auto","background-attachment":"scroll","background-type":"","background-media":"","overlay-type":"","overlay-color":"","overlay-opacity":"","overlay-gradient":""},"mobile":{"background-color":"","background-image":"","background-repeat":"repeat","background-position":"center center","background-size":"auto","background-attachment":"scroll","background-type":"","background-media":"","overlay-type":"","overlay-color":"","overlay-opacity":"","overlay-gradient":""}},"ast-content-background-meta":{"desktop":{"background-color":"var(--ast-global-color-4)","background-image":"","background-repeat":"repeat","background-position":"center center","background-size":"auto","background-attachment":"scroll","background-type":"","background-media":"","overlay-type":"","overlay-color":"","overlay-opacity":"","overlay-gradient":""},"tablet":{"background-color":"var(--ast-global-color-4)","background-image":"","background-repeat":"repeat","background-position":"center center","background-size":"auto","background-attachment":"scroll","background-type":"","background-media":"","overlay-type":"","overlay-color":"","overlay-opacity":"","overlay-gradient":""},"mobile":{"background-color":"var(--ast-global-color-4)","background-image":"","background-repeat":"repeat","background-position":"center center","background-size":"auto","background-attachment":"scroll","background-type":"","background-media":"","overlay-type":"","overlay-color":"","overlay-opacity":"","overlay-gradient":""}},"footnotes":""},"categories":[1,13,14],"tags":[],"class_list":["post-58799","post","type-post","status-publish","format-standard","has-post-thumbnail","hentry","category-noticias","category-provinciales","category-rio-negro"],"yoast_head":"<!-- This site is optimized with the Yoast SEO Premium plugin v23.0 (Yoast SEO v27.4) - https:\/\/yoast.com\/product\/yoast-seo-premium-wordpress\/ -->\n<title>Se actualizaron para Rio Negro los valores de las\u00a0tasas ambientales\u00a0para este a\u00f1o 2019<\/title>\n<meta name=\"robots\" content=\"index, follow, max-snippet:-1, max-image-preview:large, max-video-preview:-1\" \/>\n<link rel=\"canonical\" href=\"https:\/\/patagoniambiental.com.ar\/info\/se-actualizaron-para-rio-negro-los-valores-de-las-tasas-ambientales-para-este-ano-2019\/\" \/>\n<meta property=\"og:locale\" content=\"es_ES\" \/>\n<meta property=\"og:type\" content=\"article\" \/>\n<meta property=\"og:title\" content=\"Se actualizaron para Rio Negro los valores de las\u00a0tasas ambientales\u00a0para este a\u00f1o 2019\" \/>\n<meta property=\"og:description\" content=\"Desde el lunes 21 enero comenzaron a regir los nuevos montos para las tasas ambientales en base a la Resoluci\u00f3n [&hellip;]\" \/>\n<meta property=\"og:url\" content=\"https:\/\/patagoniambiental.com.ar\/info\/se-actualizaron-para-rio-negro-los-valores-de-las-tasas-ambientales-para-este-ano-2019\/\" \/>\n<meta property=\"og:site_name\" content=\"Patagonia Ambiental\" \/>\n<meta property=\"article:publisher\" content=\"https:\/\/www.facebook.com\/patagonia.ambiental\" \/>\n<meta property=\"article:author\" content=\"https:\/\/www.facebook.com\/share\/1C1V8Gv9BX\/?mibextid=qi2Omg\" \/>\n<meta property=\"article:published_time\" content=\"2019-02-09T12:00:13+00:00\" \/>\n<meta property=\"og:image\" content=\"https:\/\/patagoniambiental.com.ar\/info\/wp-content\/uploads\/2019\/02\/51393315_2273412949646405_9137550030410874880_n.jpg\" \/>\n\t<meta property=\"og:image:width\" content=\"526\" \/>\n\t<meta property=\"og:image:height\" content=\"394\" \/>\n\t<meta property=\"og:image:type\" content=\"image\/jpeg\" \/>\n<meta name=\"author\" content=\"Patagonia Ambiental\" \/>\n<meta name=\"twitter:card\" content=\"summary_large_image\" \/>\n<meta name=\"twitter:creator\" content=\"@PatAmb\" \/>\n<meta name=\"twitter:site\" content=\"@PatAmb\" \/>\n<script type=\"application\/ld+json\" class=\"yoast-schema-graph\">{\"@context\":\"https:\\\/\\\/schema.org\",\"@graph\":[{\"@type\":\"Article\",\"@id\":\"https:\\\/\\\/patagoniambiental.com.ar\\\/info\\\/se-actualizaron-para-rio-negro-los-valores-de-las-tasas-ambientales-para-este-ano-2019\\\/#article\",\"isPartOf\":{\"@id\":\"https:\\\/\\\/patagoniambiental.com.ar\\\/info\\\/se-actualizaron-para-rio-negro-los-valores-de-las-tasas-ambientales-para-este-ano-2019\\\/\"},\"author\":{\"name\":\"Patagonia Ambiental\",\"@id\":\"https:\\\/\\\/patagoniambiental.com.ar\\\/info\\\/#\\\/schema\\\/person\\\/db12bff64bbcbf6a253710bf0ea37b5d\"},\"headline\":\"Se actualizaron para Rio Negro los valores de las\u00a0tasas ambientales\u00a0para este a\u00f1o 2019\",\"datePublished\":\"2019-02-09T12:00:13+00:00\",\"mainEntityOfPage\":{\"@id\":\"https:\\\/\\\/patagoniambiental.com.ar\\\/info\\\/se-actualizaron-para-rio-negro-los-valores-de-las-tasas-ambientales-para-este-ano-2019\\\/\"},\"wordCount\":498,\"commentCount\":0,\"publisher\":{\"@id\":\"https:\\\/\\\/patagoniambiental.com.ar\\\/info\\\/#organization\"},\"image\":{\"@id\":\"https:\\\/\\\/patagoniambiental.com.ar\\\/info\\\/se-actualizaron-para-rio-negro-los-valores-de-las-tasas-ambientales-para-este-ano-2019\\\/#primaryimage\"},\"thumbnailUrl\":\"https:\\\/\\\/patagoniambiental.com.ar\\\/info\\\/wp-content\\\/uploads\\\/2019\\\/02\\\/51393315_2273412949646405_9137550030410874880_n.jpg\",\"articleSection\":[\"Noticias\",\"Provinciales\",\"R\u00edo Negro\"],\"inLanguage\":\"es\",\"potentialAction\":[{\"@type\":\"CommentAction\",\"name\":\"Comment\",\"target\":[\"https:\\\/\\\/patagoniambiental.com.ar\\\/info\\\/se-actualizaron-para-rio-negro-los-valores-de-las-tasas-ambientales-para-este-ano-2019\\\/#respond\"]}]},{\"@type\":\"WebPage\",\"@id\":\"https:\\\/\\\/patagoniambiental.com.ar\\\/info\\\/se-actualizaron-para-rio-negro-los-valores-de-las-tasas-ambientales-para-este-ano-2019\\\/\",\"url\":\"https:\\\/\\\/patagoniambiental.com.ar\\\/info\\\/se-actualizaron-para-rio-negro-los-valores-de-las-tasas-ambientales-para-este-ano-2019\\\/\",\"name\":\"Se actualizaron para Rio Negro los valores de las\u00a0tasas ambientales\u00a0para este a\u00f1o 2019\",\"isPartOf\":{\"@id\":\"https:\\\/\\\/patagoniambiental.com.ar\\\/info\\\/#website\"},\"primaryImageOfPage\":{\"@id\":\"https:\\\/\\\/patagoniambiental.com.ar\\\/info\\\/se-actualizaron-para-rio-negro-los-valores-de-las-tasas-ambientales-para-este-ano-2019\\\/#primaryimage\"},\"image\":{\"@id\":\"https:\\\/\\\/patagoniambiental.com.ar\\\/info\\\/se-actualizaron-para-rio-negro-los-valores-de-las-tasas-ambientales-para-este-ano-2019\\\/#primaryimage\"},\"thumbnailUrl\":\"https:\\\/\\\/patagoniambiental.com.ar\\\/info\\\/wp-content\\\/uploads\\\/2019\\\/02\\\/51393315_2273412949646405_9137550030410874880_n.jpg\",\"datePublished\":\"2019-02-09T12:00:13+00:00\",\"breadcrumb\":{\"@id\":\"https:\\\/\\\/patagoniambiental.com.ar\\\/info\\\/se-actualizaron-para-rio-negro-los-valores-de-las-tasas-ambientales-para-este-ano-2019\\\/#breadcrumb\"},\"inLanguage\":\"es\",\"potentialAction\":[{\"@type\":\"ReadAction\",\"target\":[\"https:\\\/\\\/patagoniambiental.com.ar\\\/info\\\/se-actualizaron-para-rio-negro-los-valores-de-las-tasas-ambientales-para-este-ano-2019\\\/\"]}]},{\"@type\":\"ImageObject\",\"inLanguage\":\"es\",\"@id\":\"https:\\\/\\\/patagoniambiental.com.ar\\\/info\\\/se-actualizaron-para-rio-negro-los-valores-de-las-tasas-ambientales-para-este-ano-2019\\\/#primaryimage\",\"url\":\"https:\\\/\\\/patagoniambiental.com.ar\\\/info\\\/wp-content\\\/uploads\\\/2019\\\/02\\\/51393315_2273412949646405_9137550030410874880_n.jpg\",\"contentUrl\":\"https:\\\/\\\/patagoniambiental.com.ar\\\/info\\\/wp-content\\\/uploads\\\/2019\\\/02\\\/51393315_2273412949646405_9137550030410874880_n.jpg\",\"width\":526,\"height\":394},{\"@type\":\"BreadcrumbList\",\"@id\":\"https:\\\/\\\/patagoniambiental.com.ar\\\/info\\\/se-actualizaron-para-rio-negro-los-valores-de-las-tasas-ambientales-para-este-ano-2019\\\/#breadcrumb\",\"itemListElement\":[{\"@type\":\"ListItem\",\"position\":1,\"name\":\"Inicio\",\"item\":\"https:\\\/\\\/patagoniambiental.com.ar\\\/info\\\/\"},{\"@type\":\"ListItem\",\"position\":2,\"name\":\"Se actualizaron para Rio Negro los valores de las\u00a0tasas ambientales\u00a0para este a\u00f1o 2019\"}]},{\"@type\":\"WebSite\",\"@id\":\"https:\\\/\\\/patagoniambiental.com.ar\\\/info\\\/#website\",\"url\":\"https:\\\/\\\/patagoniambiental.com.ar\\\/info\\\/\",\"name\":\"Patagonia Ambiental\",\"description\":\"Monitoreo y an\u00e1lisis de la situaci\u00f3n geopol\u00edtica en el mundo y su implicancia en la Patagonia\",\"publisher\":{\"@id\":\"https:\\\/\\\/patagoniambiental.com.ar\\\/info\\\/#organization\"},\"potentialAction\":[{\"@type\":\"SearchAction\",\"target\":{\"@type\":\"EntryPoint\",\"urlTemplate\":\"https:\\\/\\\/patagoniambiental.com.ar\\\/info\\\/?s={search_term_string}\"},\"query-input\":{\"@type\":\"PropertyValueSpecification\",\"valueRequired\":true,\"valueName\":\"search_term_string\"}}],\"inLanguage\":\"es\"},{\"@type\":\"Organization\",\"@id\":\"https:\\\/\\\/patagoniambiental.com.ar\\\/info\\\/#organization\",\"name\":\"Patagonia Ambiental\",\"url\":\"https:\\\/\\\/patagoniambiental.com.ar\\\/info\\\/\",\"logo\":{\"@type\":\"ImageObject\",\"inLanguage\":\"es\",\"@id\":\"https:\\\/\\\/patagoniambiental.com.ar\\\/info\\\/#\\\/schema\\\/logo\\\/image\\\/\",\"url\":\"https:\\\/\\\/patagoniambiental.com.ar\\\/info\\\/wp-content\\\/uploads\\\/2025\\\/05\\\/LOGO-PATAGONIA-AMBIENTAL.png\",\"contentUrl\":\"https:\\\/\\\/patagoniambiental.com.ar\\\/info\\\/wp-content\\\/uploads\\\/2025\\\/05\\\/LOGO-PATAGONIA-AMBIENTAL.png\",\"width\":433,\"height\":250,\"caption\":\"Patagonia Ambiental\"},\"image\":{\"@id\":\"https:\\\/\\\/patagoniambiental.com.ar\\\/info\\\/#\\\/schema\\\/logo\\\/image\\\/\"},\"sameAs\":[\"https:\\\/\\\/www.facebook.com\\\/patagonia.ambiental\",\"https:\\\/\\\/x.com\\\/PatAmb\"]},{\"@type\":\"Person\",\"@id\":\"https:\\\/\\\/patagoniambiental.com.ar\\\/info\\\/#\\\/schema\\\/person\\\/db12bff64bbcbf6a253710bf0ea37b5d\",\"name\":\"Patagonia Ambiental\",\"description\":\"Andr\u00e9s Nievas T\u00e9cnico en manejo ambiental, consultor Ambiental y escritor para medios locales e internacionales sobre temas de geopolitica y medio ambiente.\",\"sameAs\":[\"http:\\\/\\\/www.patagoniambiental.com.ar\",\"https:\\\/\\\/www.facebook.com\\\/share\\\/1C1V8Gv9BX\\\/?mibextid=qi2Omg\",\"@patagoniambiental\",\"https:\\\/\\\/youtube.com\\\/@patagoniaambiental2023?si=BLt58t0wuXquxlYZ\"]}]}<\/script>\n<!-- \/ Yoast SEO Premium plugin. -->","yoast_head_json":{"title":"Se actualizaron para Rio Negro los valores de las\u00a0tasas ambientales\u00a0para este a\u00f1o 2019","robots":{"index":"index","follow":"follow","max-snippet":"max-snippet:-1","max-image-preview":"max-image-preview:large","max-video-preview":"max-video-preview:-1"},"canonical":"https:\/\/patagoniambiental.com.ar\/info\/se-actualizaron-para-rio-negro-los-valores-de-las-tasas-ambientales-para-este-ano-2019\/","og_locale":"es_ES","og_type":"article","og_title":"Se actualizaron para Rio Negro los valores de las\u00a0tasas ambientales\u00a0para este a\u00f1o 2019","og_description":"Desde el lunes 21 enero comenzaron a regir los nuevos montos para las tasas ambientales en base a la Resoluci\u00f3n [&hellip;]","og_url":"https:\/\/patagoniambiental.com.ar\/info\/se-actualizaron-para-rio-negro-los-valores-de-las-tasas-ambientales-para-este-ano-2019\/","og_site_name":"Patagonia Ambiental","article_publisher":"https:\/\/www.facebook.com\/patagonia.ambiental","article_author":"https:\/\/www.facebook.com\/share\/1C1V8Gv9BX\/?mibextid=qi2Omg","article_published_time":"2019-02-09T12:00:13+00:00","og_image":[{"width":526,"height":394,"url":"https:\/\/patagoniambiental.com.ar\/info\/wp-content\/uploads\/2019\/02\/51393315_2273412949646405_9137550030410874880_n.jpg","type":"image\/jpeg"}],"author":"Patagonia Ambiental","twitter_card":"summary_large_image","twitter_creator":"@PatAmb","twitter_site":"@PatAmb","schema":{"@context":"https:\/\/schema.org","@graph":[{"@type":"Article","@id":"https:\/\/patagoniambiental.com.ar\/info\/se-actualizaron-para-rio-negro-los-valores-de-las-tasas-ambientales-para-este-ano-2019\/#article","isPartOf":{"@id":"https:\/\/patagoniambiental.com.ar\/info\/se-actualizaron-para-rio-negro-los-valores-de-las-tasas-ambientales-para-este-ano-2019\/"},"author":{"name":"Patagonia Ambiental","@id":"https:\/\/patagoniambiental.com.ar\/info\/#\/schema\/person\/db12bff64bbcbf6a253710bf0ea37b5d"},"headline":"Se actualizaron para Rio Negro los valores de las\u00a0tasas ambientales\u00a0para este a\u00f1o 2019","datePublished":"2019-02-09T12:00:13+00:00","mainEntityOfPage":{"@id":"https:\/\/patagoniambiental.com.ar\/info\/se-actualizaron-para-rio-negro-los-valores-de-las-tasas-ambientales-para-este-ano-2019\/"},"wordCount":498,"commentCount":0,"publisher":{"@id":"https:\/\/patagoniambiental.com.ar\/info\/#organization"},"image":{"@id":"https:\/\/patagoniambiental.com.ar\/info\/se-actualizaron-para-rio-negro-los-valores-de-las-tasas-ambientales-para-este-ano-2019\/#primaryimage"},"thumbnailUrl":"https:\/\/patagoniambiental.com.ar\/info\/wp-content\/uploads\/2019\/02\/51393315_2273412949646405_9137550030410874880_n.jpg","articleSection":["Noticias","Provinciales","R\u00edo Negro"],"inLanguage":"es","potentialAction":[{"@type":"CommentAction","name":"Comment","target":["https:\/\/patagoniambiental.com.ar\/info\/se-actualizaron-para-rio-negro-los-valores-de-las-tasas-ambientales-para-este-ano-2019\/#respond"]}]},{"@type":"WebPage","@id":"https:\/\/patagoniambiental.com.ar\/info\/se-actualizaron-para-rio-negro-los-valores-de-las-tasas-ambientales-para-este-ano-2019\/","url":"https:\/\/patagoniambiental.com.ar\/info\/se-actualizaron-para-rio-negro-los-valores-de-las-tasas-ambientales-para-este-ano-2019\/","name":"Se actualizaron para Rio Negro los valores de las\u00a0tasas ambientales\u00a0para este a\u00f1o 2019","isPartOf":{"@id":"https:\/\/patagoniambiental.com.ar\/info\/#website"},"primaryImageOfPage":{"@id":"https:\/\/patagoniambiental.com.ar\/info\/se-actualizaron-para-rio-negro-los-valores-de-las-tasas-ambientales-para-este-ano-2019\/#primaryimage"},"image":{"@id":"https:\/\/patagoniambiental.com.ar\/info\/se-actualizaron-para-rio-negro-los-valores-de-las-tasas-ambientales-para-este-ano-2019\/#primaryimage"},"thumbnailUrl":"https:\/\/patagoniambiental.com.ar\/info\/wp-content\/uploads\/2019\/02\/51393315_2273412949646405_9137550030410874880_n.jpg","datePublished":"2019-02-09T12:00:13+00:00","breadcrumb":{"@id":"https:\/\/patagoniambiental.com.ar\/info\/se-actualizaron-para-rio-negro-los-valores-de-las-tasas-ambientales-para-este-ano-2019\/#breadcrumb"},"inLanguage":"es","potentialAction":[{"@type":"ReadAction","target":["https:\/\/patagoniambiental.com.ar\/info\/se-actualizaron-para-rio-negro-los-valores-de-las-tasas-ambientales-para-este-ano-2019\/"]}]},{"@type":"ImageObject","inLanguage":"es","@id":"https:\/\/patagoniambiental.com.ar\/info\/se-actualizaron-para-rio-negro-los-valores-de-las-tasas-ambientales-para-este-ano-2019\/#primaryimage","url":"https:\/\/patagoniambiental.com.ar\/info\/wp-content\/uploads\/2019\/02\/51393315_2273412949646405_9137550030410874880_n.jpg","contentUrl":"https:\/\/patagoniambiental.com.ar\/info\/wp-content\/uploads\/2019\/02\/51393315_2273412949646405_9137550030410874880_n.jpg","width":526,"height":394},{"@type":"BreadcrumbList","@id":"https:\/\/patagoniambiental.com.ar\/info\/se-actualizaron-para-rio-negro-los-valores-de-las-tasas-ambientales-para-este-ano-2019\/#breadcrumb","itemListElement":[{"@type":"ListItem","position":1,"name":"Inicio","item":"https:\/\/patagoniambiental.com.ar\/info\/"},{"@type":"ListItem","position":2,"name":"Se actualizaron para Rio Negro los valores de las\u00a0tasas ambientales\u00a0para este a\u00f1o 2019"}]},{"@type":"WebSite","@id":"https:\/\/patagoniambiental.com.ar\/info\/#website","url":"https:\/\/patagoniambiental.com.ar\/info\/","name":"Patagonia Ambiental","description":"Monitoreo y an\u00e1lisis de la situaci\u00f3n geopol\u00edtica en el mundo y su implicancia en la Patagonia","publisher":{"@id":"https:\/\/patagoniambiental.com.ar\/info\/#organization"},"potentialAction":[{"@type":"SearchAction","target":{"@type":"EntryPoint","urlTemplate":"https:\/\/patagoniambiental.com.ar\/info\/?s={search_term_string}"},"query-input":{"@type":"PropertyValueSpecification","valueRequired":true,"valueName":"search_term_string"}}],"inLanguage":"es"},{"@type":"Organization","@id":"https:\/\/patagoniambiental.com.ar\/info\/#organization","name":"Patagonia Ambiental","url":"https:\/\/patagoniambiental.com.ar\/info\/","logo":{"@type":"ImageObject","inLanguage":"es","@id":"https:\/\/patagoniambiental.com.ar\/info\/#\/schema\/logo\/image\/","url":"https:\/\/patagoniambiental.com.ar\/info\/wp-content\/uploads\/2025\/05\/LOGO-PATAGONIA-AMBIENTAL.png","contentUrl":"https:\/\/patagoniambiental.com.ar\/info\/wp-content\/uploads\/2025\/05\/LOGO-PATAGONIA-AMBIENTAL.png","width":433,"height":250,"caption":"Patagonia Ambiental"},"image":{"@id":"https:\/\/patagoniambiental.com.ar\/info\/#\/schema\/logo\/image\/"},"sameAs":["https:\/\/www.facebook.com\/patagonia.ambiental","https:\/\/x.com\/PatAmb"]},{"@type":"Person","@id":"https:\/\/patagoniambiental.com.ar\/info\/#\/schema\/person\/db12bff64bbcbf6a253710bf0ea37b5d","name":"Patagonia Ambiental","description":"Andr\u00e9s Nievas T\u00e9cnico en manejo ambiental, consultor Ambiental y escritor para medios locales e internacionales sobre temas de geopolitica y medio ambiente.","sameAs":["http:\/\/www.patagoniambiental.com.ar","https:\/\/www.facebook.com\/share\/1C1V8Gv9BX\/?mibextid=qi2Omg","@patagoniambiental","https:\/\/youtube.com\/@patagoniaambiental2023?si=BLt58t0wuXquxlYZ"]}]}},"_links":{"self":[{"href":"https:\/\/patagoniambiental.com.ar\/info\/wp-json\/wp\/v2\/posts\/58799","targetHints":{"allow":["GET"]}}],"collection":[{"href":"https:\/\/patagoniambiental.com.ar\/info\/wp-json\/wp\/v2\/posts"}],"about":[{"href":"https:\/\/patagoniambiental.com.ar\/info\/wp-json\/wp\/v2\/types\/post"}],"author":[{"embeddable":true,"href":"https:\/\/patagoniambiental.com.ar\/info\/wp-json\/wp\/v2\/users\/2"}],"replies":[{"embeddable":true,"href":"https:\/\/patagoniambiental.com.ar\/info\/wp-json\/wp\/v2\/comments?post=58799"}],"version-history":[{"count":0,"href":"https:\/\/patagoniambiental.com.ar\/info\/wp-json\/wp\/v2\/posts\/58799\/revisions"}],"wp:featuredmedia":[{"embeddable":true,"href":"https:\/\/patagoniambiental.com.ar\/info\/wp-json\/wp\/v2\/media\/58800"}],"wp:attachment":[{"href":"https:\/\/patagoniambiental.com.ar\/info\/wp-json\/wp\/v2\/media?parent=58799"}],"wp:term":[{"taxonomy":"category","embeddable":true,"href":"https:\/\/patagoniambiental.com.ar\/info\/wp-json\/wp\/v2\/categories?post=58799"},{"taxonomy":"post_tag","embeddable":true,"href":"https:\/\/patagoniambiental.com.ar\/info\/wp-json\/wp\/v2\/tags?post=58799"}],"curies":[{"name":"wp","href":"https:\/\/api.w.org\/{rel}","templated":true}]}}