{"id":58821,"date":"2019-02-09T09:00:15","date_gmt":"2019-02-09T12:00:15","guid":{"rendered":"http:\/\/patagoniambiental.com.ar\/info\/?p=58821"},"modified":"2019-02-08T16:14:54","modified_gmt":"2019-02-08T19:14:54","slug":"moquehue-celebra-la-29a-fiesta-de-los-vecinos","status":"publish","type":"post","link":"https:\/\/patagoniambiental.com.ar\/info\/moquehue-celebra-la-29a-fiesta-de-los-vecinos\/","title":{"rendered":"Moquehue celebra la 29\u00aa Fiesta de los Vecinos"},"content":{"rendered":"<div class=\"row\">\n<div class=\"col-md-12 col-lg-offset-1 col-lg-10\">\n<header class=\"entry-header\">\n<p class=\"small\"><em>El esplendido poblado rodeado de monta\u00f1as, araucarias y lagos invita a disfrutar de unos d\u00edas de la calidez de sus pobladores, actividades culturales, destrezas criollas, baile popular y una exquisita gastronom\u00eda de la Ruta del Pehu\u00e9n.<\/em><\/p>\n<\/header>\n<\/div>\n<\/div>\n<p><!--more--><\/p>\n<div class=\"row\">\n<div class=\"col-md-12 col-lg-offset-1 col-lg-10\">\n<div class=\"entry-content\">\n<p><img fetchpriority=\"high\" decoding=\"async\" class=\"alignnone size-medium wp-image-32913\" src=\"http:\/\/neuquentur.gob.ar\/lab\/wp-content\/uploads\/2019\/02\/ED_2016_Pehuenia_Subse_Tur_Nqn_0590-960x638.jpg\" sizes=\"(max-width: 960px) 100vw, 960px\" srcset=\"http:\/\/neuquentur.gob.ar\/lab\/wp-content\/uploads\/2019\/02\/ED_2016_Pehuenia_Subse_Tur_Nqn_0590-960x638.jpg 960w, http:\/\/neuquentur.gob.ar\/lab\/wp-content\/uploads\/2019\/02\/ED_2016_Pehuenia_Subse_Tur_Nqn_0590-600x400.jpg 600w, http:\/\/neuquentur.gob.ar\/lab\/wp-content\/uploads\/2019\/02\/ED_2016_Pehuenia_Subse_Tur_Nqn_0590-768x511.jpg 768w, http:\/\/neuquentur.gob.ar\/lab\/wp-content\/uploads\/2019\/02\/ED_2016_Pehuenia_Subse_Tur_Nqn_0590.jpg 1000w\" alt=\"\" width=\"960\" height=\"638\" \/><\/p>\n<p>Los dias 8, 9 y 10 de febrero, pobladores y turistas celebrar\u00e1n\u00a0<strong>la 29\u00ba Fiesta de los Vecinos de Moquehue<\/strong>\u00a0con espect\u00e1culos folcl\u00f3ricos, destrezas criollas, bailanta campera con m\u00fasica en vivo y lo mejor de la gastronom\u00eda de la Ruta del Pehu\u00e9n. Las actividades se realizar\u00e1n en el predio del Sal\u00f3n Comunitario de los Vecinos.<\/p>\n<p>La fiesta,\u00a0<em>que comenz\u00f3 como un encuentro entre residentes<\/em>, a\u00f1o tras a\u00f1o, se fue convirtiendo en la excusa perfecta para reunirse a compartir las tradiciones propias de los habitantes de esta aldea de monta\u00f1a.<\/p>\n<p><em><strong>La celebraci\u00f3n ya es un cl\u00e1sico en el cronograma de actividades de Villa Pehuenia y Moquehue, y de esta forma el patrimonio cultural intangible que propone a los visitantes acercarse y sentir la identidad neuquina de la regi\u00f3n.<\/strong><\/em><\/p>\n<p>En la primera jornada, a partir de las 20, se presentar\u00e1n\u00a0<em>Los Purrifes<\/em>\u00a0de Pehuenia,\u00a0<em>Danza y Pasi\u00f3n<\/em>,\u00a0<em>Alejandro Quiroz<\/em>\u00a0y\u00a0<em>Omilen Ant\u00fa<\/em>.<\/p>\n<p>Al d\u00eda siguiente, a las 10.30, est\u00e1 programado\u00a0<em>el acto inaugural con desfile de montados, el peric\u00f3n nacional y un almuerzo de trabajo<\/em>. Luego desde las 14 se llevar\u00e1n a cabo las siguientes destrezas criollas:\u00a0<em>tambores, marcaci\u00f3n a rodeo, pialada y monta sobre el pial para los m\u00e1s chicos, vuelta al palo y prueba de riendas<\/em>.<\/p>\n<p>Por la noche, a las 21, llegar\u00e1 la gran bailanta campera con m\u00fasica en vivo con\u00a0<em>Los Chamameceros del Alba<\/em>,\u00a0<em>Due\u00f1os del Amor<\/em>\u00a0y\u00a0<em>Abigail y su conjunto<\/em>.<\/p>\n<p>Finalmente el domingo 10 a las 14,30\u00a0<em>cerrar\u00e1 la edici\u00f3n con el gran desaf\u00edo basto y encimera<\/em>.<\/p>\n<p><strong>Sobre Moquehue<\/strong><\/p>\n<p><img decoding=\"async\" class=\"alignnone size-medium wp-image-32901\" src=\"http:\/\/neuquentur.gob.ar\/lab\/wp-content\/uploads\/2019\/02\/Moquehue-2018-oto%C3%B1o-B-Delloro-6-960x647.jpg\" sizes=\"(max-width: 960px) 100vw, 960px\" srcset=\"http:\/\/neuquentur.gob.ar\/lab\/wp-content\/uploads\/2019\/02\/Moquehue-2018-oto\u00f1o-B-Delloro-6-960x647.jpg 960w, http:\/\/neuquentur.gob.ar\/lab\/wp-content\/uploads\/2019\/02\/Moquehue-2018-oto\u00f1o-B-Delloro-6-768x517.jpg 768w, http:\/\/neuquentur.gob.ar\/lab\/wp-content\/uploads\/2019\/02\/Moquehue-2018-oto\u00f1o-B-Delloro-6-1280x862.jpg 1280w, http:\/\/neuquentur.gob.ar\/lab\/wp-content\/uploads\/2019\/02\/Moquehue-2018-oto\u00f1o-B-Delloro-6.jpg 1440w\" alt=\"\" width=\"960\" height=\"647\" \/><\/p>\n<p><em><strong>Moquehue<\/strong>\u00a0es una la aldea de monta\u00f1a ubicada a 300 km de Neuqu\u00e9n Capital y a 140 km de Temuco en Chile. Junto a Villa Pehuenia conforman un solo ejido municipal e integran la Ruta del Pehu\u00e9n.<\/em><\/p>\n<p>El poblado se encuentra sobre\u00a0<strong>el lago Moquehue, lago de origen glaciario, inmerso sobre paredones de altos cerros, cubiertos de bosques puros de araucaria araucana, lengas, \u00f1ires, coihues y vegetaci\u00f3n nativa<\/strong>.<\/p>\n<p>Cuenta con servicios tur\u00edsticos para todos aquellos que busquen un encuentro con la naturaleza:\u00a0<em>excursiones guiadas en kayak, agencia de viajes, gu\u00eda de senderismo, excelentes alojamientos, gastronom\u00eda, casas de t\u00e9, productos regionales y sitios declarados de inter\u00e9s hist\u00f3rico<\/em>.<\/p>\n<p><strong>Informaci\u00f3n:<\/strong><br \/>\nOficinas de Informaci\u00f3n Tur\u00edstica. Municipalidad de Villa Pehuenia-Moquehue.<br \/>\n<strong>Secretar\u00eda de Turismo<\/strong>:<\/p>\n<ul>\n<li><em>Centro C\u00edvico Villa Pehuenia. C.P (8345)<\/em><\/li>\n<li><em>Tel<\/em>. (02942) 498011 \/ 498027.\u00a0<em>WhatsApp<\/em>\u00a0+54 9 2942 472732<\/li>\n<li><em>E-mail<\/em>:\u00a0<a href=\"mailto:sec.turismopehuenia@gmail.com\">sec.turismopehuenia@gmail.com<\/a><\/li>\n<li><em>Facebook<\/em>:\u00a0<a href=\"https:\/\/www.facebook.com\/Pehueniatur\/\" target=\"_blank\" rel=\"noopener\">Turismo Villa Pehuenia Moquehue<\/a><\/li>\n<li><em>Instagram<\/em>:\u00a0<a href=\"https:\/\/www.instagram.com\/pehueniamoquehuetur\/\" target=\"_blank\" rel=\"noopener\">@pehueniamoquehuetur<\/a><\/li>\n<li><em>Sitio web<\/em>:\u00a0<a href=\"http:\/\/www.villapehuenia.gob.ar\/\" target=\"_blank\" rel=\"noopener\">www.villapehuenia.gob.ar<\/a><\/li>\n<\/ul>\n<p>Fuente: Gobierno de Neuquen<\/p>\n<\/div>\n<\/div>\n<\/div>\n","protected":false},"excerpt":{"rendered":"<p>El esplendido poblado rodeado de monta\u00f1as, araucarias y lagos invita a disfrutar de unos d\u00edas de la calidez de sus [&hellip;]<\/p>\n","protected":false},"author":2,"featured_media":58822,"comment_status":"open","ping_status":"open","sticky":false,"template":"","format":"standard","meta":{"site-sidebar-layout":"default","site-content-layout":"","ast-site-content-layout":"default","site-content-style":"default","site-sidebar-style":"default","ast-global-header-display":"","ast-banner-title-visibility":"","ast-main-header-display":"","ast-hfb-above-header-display":"","ast-hfb-below-header-display":"","ast-hfb-mobile-header-display":"","site-post-title":"","ast-breadcrumbs-content":"","ast-featured-img":"","footer-sml-layout":"","ast-disable-related-posts":"","theme-transparent-header-meta":"","adv-header-id-meta":"","stick-header-meta":"","header-above-stick-meta":"","header-main-stick-meta":"","header-below-stick-meta":"","astra-migrate-meta-layouts":"default","ast-page-background-enabled":"default","ast-page-background-meta":{"desktop":{"background-color":"var(--ast-global-color-5)","background-image":"","background-repeat":"repeat","background-position":"center center","background-size":"auto","background-attachment":"scroll","background-type":"","background-media":"","overlay-type":"","overlay-color":"","overlay-opacity":"","overlay-gradient":""},"tablet":{"background-color":"","background-image":"","background-repeat":"repeat","background-position":"center center","background-size":"auto","background-attachment":"scroll","background-type":"","background-media":"","overlay-type":"","overlay-color":"","overlay-opacity":"","overlay-gradient":""},"mobile":{"background-color":"","background-image":"","background-repeat":"repeat","background-position":"center center","background-size":"auto","background-attachment":"scroll","background-type":"","background-media":"","overlay-type":"","overlay-color":"","overlay-opacity":"","overlay-gradient":""}},"ast-content-background-meta":{"desktop":{"background-color":"var(--ast-global-color-4)","background-image":"","background-repeat":"repeat","background-position":"center center","background-size":"auto","background-attachment":"scroll","background-type":"","background-media":"","overlay-type":"","overlay-color":"","overlay-opacity":"","overlay-gradient":""},"tablet":{"background-color":"var(--ast-global-color-4)","background-image":"","background-repeat":"repeat","background-position":"center center","background-size":"auto","background-attachment":"scroll","background-type":"","background-media":"","overlay-type":"","overlay-color":"","overlay-opacity":"","overlay-gradient":""},"mobile":{"background-color":"var(--ast-global-color-4)","background-image":"","background-repeat":"repeat","background-position":"center center","background-size":"auto","background-attachment":"scroll","background-type":"","background-media":"","overlay-type":"","overlay-color":"","overlay-opacity":"","overlay-gradient":""}},"footnotes":""},"categories":[18,1,13],"tags":[],"class_list":["post-58821","post","type-post","status-publish","format-standard","has-post-thumbnail","hentry","category-neuquen","category-noticias","category-provinciales"],"yoast_head":"<!-- This site is optimized with the Yoast SEO Premium plugin v23.0 (Yoast SEO v27.4) - https:\/\/yoast.com\/product\/yoast-seo-premium-wordpress\/ -->\n<title>Moquehue celebra la 29\u00aa Fiesta de los Vecinos<\/title>\n<meta name=\"robots\" content=\"index, follow, max-snippet:-1, max-image-preview:large, max-video-preview:-1\" \/>\n<link rel=\"canonical\" href=\"https:\/\/patagoniambiental.com.ar\/info\/moquehue-celebra-la-29a-fiesta-de-los-vecinos\/\" \/>\n<meta property=\"og:locale\" content=\"es_ES\" \/>\n<meta property=\"og:type\" content=\"article\" \/>\n<meta property=\"og:title\" content=\"Moquehue celebra la 29\u00aa Fiesta de los Vecinos\" \/>\n<meta property=\"og:description\" content=\"El esplendido poblado rodeado de monta\u00f1as, araucarias y lagos invita a disfrutar de unos d\u00edas de la calidez de sus [&hellip;]\" \/>\n<meta property=\"og:url\" content=\"https:\/\/patagoniambiental.com.ar\/info\/moquehue-celebra-la-29a-fiesta-de-los-vecinos\/\" \/>\n<meta property=\"og:site_name\" content=\"Patagonia Ambiental\" \/>\n<meta property=\"article:publisher\" content=\"https:\/\/www.facebook.com\/patagonia.ambiental\" \/>\n<meta property=\"article:author\" content=\"https:\/\/www.facebook.com\/share\/1C1V8Gv9BX\/?mibextid=qi2Omg\" \/>\n<meta property=\"article:published_time\" content=\"2019-02-09T12:00:15+00:00\" \/>\n<meta property=\"og:image\" content=\"https:\/\/patagoniambiental.com.ar\/info\/wp-content\/uploads\/2019\/02\/ED_2016_Pehuenia_Subse_Tur_Nqn_0590-960x638.jpg\" \/>\n\t<meta property=\"og:image:width\" content=\"960\" \/>\n\t<meta property=\"og:image:height\" content=\"638\" \/>\n\t<meta property=\"og:image:type\" content=\"image\/jpeg\" \/>\n<meta name=\"author\" content=\"Patagonia Ambiental\" \/>\n<meta name=\"twitter:card\" content=\"summary_large_image\" \/>\n<meta name=\"twitter:creator\" content=\"@PatAmb\" \/>\n<meta name=\"twitter:site\" content=\"@PatAmb\" \/>\n<script type=\"application\/ld+json\" class=\"yoast-schema-graph\">{\"@context\":\"https:\\\/\\\/schema.org\",\"@graph\":[{\"@type\":\"Article\",\"@id\":\"https:\\\/\\\/patagoniambiental.com.ar\\\/info\\\/moquehue-celebra-la-29a-fiesta-de-los-vecinos\\\/#article\",\"isPartOf\":{\"@id\":\"https:\\\/\\\/patagoniambiental.com.ar\\\/info\\\/moquehue-celebra-la-29a-fiesta-de-los-vecinos\\\/\"},\"author\":{\"name\":\"Patagonia Ambiental\",\"@id\":\"https:\\\/\\\/patagoniambiental.com.ar\\\/info\\\/#\\\/schema\\\/person\\\/db12bff64bbcbf6a253710bf0ea37b5d\"},\"headline\":\"Moquehue celebra la 29\u00aa Fiesta de los Vecinos\",\"datePublished\":\"2019-02-09T12:00:15+00:00\",\"mainEntityOfPage\":{\"@id\":\"https:\\\/\\\/patagoniambiental.com.ar\\\/info\\\/moquehue-celebra-la-29a-fiesta-de-los-vecinos\\\/\"},\"wordCount\":475,\"commentCount\":0,\"publisher\":{\"@id\":\"https:\\\/\\\/patagoniambiental.com.ar\\\/info\\\/#organization\"},\"image\":{\"@id\":\"https:\\\/\\\/patagoniambiental.com.ar\\\/info\\\/moquehue-celebra-la-29a-fiesta-de-los-vecinos\\\/#primaryimage\"},\"thumbnailUrl\":\"https:\\\/\\\/patagoniambiental.com.ar\\\/info\\\/wp-content\\\/uploads\\\/2019\\\/02\\\/ED_2016_Pehuenia_Subse_Tur_Nqn_0590-960x638.jpg\",\"articleSection\":[\"Neuqu\u00e9n\",\"Noticias\",\"Provinciales\"],\"inLanguage\":\"es\",\"potentialAction\":[{\"@type\":\"CommentAction\",\"name\":\"Comment\",\"target\":[\"https:\\\/\\\/patagoniambiental.com.ar\\\/info\\\/moquehue-celebra-la-29a-fiesta-de-los-vecinos\\\/#respond\"]}]},{\"@type\":\"WebPage\",\"@id\":\"https:\\\/\\\/patagoniambiental.com.ar\\\/info\\\/moquehue-celebra-la-29a-fiesta-de-los-vecinos\\\/\",\"url\":\"https:\\\/\\\/patagoniambiental.com.ar\\\/info\\\/moquehue-celebra-la-29a-fiesta-de-los-vecinos\\\/\",\"name\":\"Moquehue celebra la 29\u00aa Fiesta de los Vecinos\",\"isPartOf\":{\"@id\":\"https:\\\/\\\/patagoniambiental.com.ar\\\/info\\\/#website\"},\"primaryImageOfPage\":{\"@id\":\"https:\\\/\\\/patagoniambiental.com.ar\\\/info\\\/moquehue-celebra-la-29a-fiesta-de-los-vecinos\\\/#primaryimage\"},\"image\":{\"@id\":\"https:\\\/\\\/patagoniambiental.com.ar\\\/info\\\/moquehue-celebra-la-29a-fiesta-de-los-vecinos\\\/#primaryimage\"},\"thumbnailUrl\":\"https:\\\/\\\/patagoniambiental.com.ar\\\/info\\\/wp-content\\\/uploads\\\/2019\\\/02\\\/ED_2016_Pehuenia_Subse_Tur_Nqn_0590-960x638.jpg\",\"datePublished\":\"2019-02-09T12:00:15+00:00\",\"breadcrumb\":{\"@id\":\"https:\\\/\\\/patagoniambiental.com.ar\\\/info\\\/moquehue-celebra-la-29a-fiesta-de-los-vecinos\\\/#breadcrumb\"},\"inLanguage\":\"es\",\"potentialAction\":[{\"@type\":\"ReadAction\",\"target\":[\"https:\\\/\\\/patagoniambiental.com.ar\\\/info\\\/moquehue-celebra-la-29a-fiesta-de-los-vecinos\\\/\"]}]},{\"@type\":\"ImageObject\",\"inLanguage\":\"es\",\"@id\":\"https:\\\/\\\/patagoniambiental.com.ar\\\/info\\\/moquehue-celebra-la-29a-fiesta-de-los-vecinos\\\/#primaryimage\",\"url\":\"https:\\\/\\\/patagoniambiental.com.ar\\\/info\\\/wp-content\\\/uploads\\\/2019\\\/02\\\/ED_2016_Pehuenia_Subse_Tur_Nqn_0590-960x638.jpg\",\"contentUrl\":\"https:\\\/\\\/patagoniambiental.com.ar\\\/info\\\/wp-content\\\/uploads\\\/2019\\\/02\\\/ED_2016_Pehuenia_Subse_Tur_Nqn_0590-960x638.jpg\",\"width\":903,\"height\":600},{\"@type\":\"BreadcrumbList\",\"@id\":\"https:\\\/\\\/patagoniambiental.com.ar\\\/info\\\/moquehue-celebra-la-29a-fiesta-de-los-vecinos\\\/#breadcrumb\",\"itemListElement\":[{\"@type\":\"ListItem\",\"position\":1,\"name\":\"Inicio\",\"item\":\"https:\\\/\\\/patagoniambiental.com.ar\\\/info\\\/\"},{\"@type\":\"ListItem\",\"position\":2,\"name\":\"Moquehue celebra la 29\u00aa Fiesta de los Vecinos\"}]},{\"@type\":\"WebSite\",\"@id\":\"https:\\\/\\\/patagoniambiental.com.ar\\\/info\\\/#website\",\"url\":\"https:\\\/\\\/patagoniambiental.com.ar\\\/info\\\/\",\"name\":\"Patagonia Ambiental\",\"description\":\"Monitoreo y an\u00e1lisis de la situaci\u00f3n geopol\u00edtica en el mundo y su implicancia en la Patagonia\",\"publisher\":{\"@id\":\"https:\\\/\\\/patagoniambiental.com.ar\\\/info\\\/#organization\"},\"potentialAction\":[{\"@type\":\"SearchAction\",\"target\":{\"@type\":\"EntryPoint\",\"urlTemplate\":\"https:\\\/\\\/patagoniambiental.com.ar\\\/info\\\/?s={search_term_string}\"},\"query-input\":{\"@type\":\"PropertyValueSpecification\",\"valueRequired\":true,\"valueName\":\"search_term_string\"}}],\"inLanguage\":\"es\"},{\"@type\":\"Organization\",\"@id\":\"https:\\\/\\\/patagoniambiental.com.ar\\\/info\\\/#organization\",\"name\":\"Patagonia Ambiental\",\"url\":\"https:\\\/\\\/patagoniambiental.com.ar\\\/info\\\/\",\"logo\":{\"@type\":\"ImageObject\",\"inLanguage\":\"es\",\"@id\":\"https:\\\/\\\/patagoniambiental.com.ar\\\/info\\\/#\\\/schema\\\/logo\\\/image\\\/\",\"url\":\"https:\\\/\\\/patagoniambiental.com.ar\\\/info\\\/wp-content\\\/uploads\\\/2025\\\/05\\\/LOGO-PATAGONIA-AMBIENTAL.png\",\"contentUrl\":\"https:\\\/\\\/patagoniambiental.com.ar\\\/info\\\/wp-content\\\/uploads\\\/2025\\\/05\\\/LOGO-PATAGONIA-AMBIENTAL.png\",\"width\":433,\"height\":250,\"caption\":\"Patagonia Ambiental\"},\"image\":{\"@id\":\"https:\\\/\\\/patagoniambiental.com.ar\\\/info\\\/#\\\/schema\\\/logo\\\/image\\\/\"},\"sameAs\":[\"https:\\\/\\\/www.facebook.com\\\/patagonia.ambiental\",\"https:\\\/\\\/x.com\\\/PatAmb\"]},{\"@type\":\"Person\",\"@id\":\"https:\\\/\\\/patagoniambiental.com.ar\\\/info\\\/#\\\/schema\\\/person\\\/db12bff64bbcbf6a253710bf0ea37b5d\",\"name\":\"Patagonia Ambiental\",\"description\":\"Andr\u00e9s Nievas T\u00e9cnico en manejo ambiental, consultor Ambiental y escritor para medios locales e internacionales sobre temas de geopolitica y medio ambiente.\",\"sameAs\":[\"http:\\\/\\\/www.patagoniambiental.com.ar\",\"https:\\\/\\\/www.facebook.com\\\/share\\\/1C1V8Gv9BX\\\/?mibextid=qi2Omg\",\"@patagoniambiental\",\"https:\\\/\\\/youtube.com\\\/@patagoniaambiental2023?si=BLt58t0wuXquxlYZ\"]}]}<\/script>\n<!-- \/ Yoast SEO Premium plugin. -->","yoast_head_json":{"title":"Moquehue celebra la 29\u00aa Fiesta de los Vecinos","robots":{"index":"index","follow":"follow","max-snippet":"max-snippet:-1","max-image-preview":"max-image-preview:large","max-video-preview":"max-video-preview:-1"},"canonical":"https:\/\/patagoniambiental.com.ar\/info\/moquehue-celebra-la-29a-fiesta-de-los-vecinos\/","og_locale":"es_ES","og_type":"article","og_title":"Moquehue celebra la 29\u00aa Fiesta de los Vecinos","og_description":"El esplendido poblado rodeado de monta\u00f1as, araucarias y lagos invita a disfrutar de unos d\u00edas de la calidez de sus [&hellip;]","og_url":"https:\/\/patagoniambiental.com.ar\/info\/moquehue-celebra-la-29a-fiesta-de-los-vecinos\/","og_site_name":"Patagonia Ambiental","article_publisher":"https:\/\/www.facebook.com\/patagonia.ambiental","article_author":"https:\/\/www.facebook.com\/share\/1C1V8Gv9BX\/?mibextid=qi2Omg","article_published_time":"2019-02-09T12:00:15+00:00","og_image":[{"width":960,"height":638,"url":"https:\/\/patagoniambiental.com.ar\/info\/wp-content\/uploads\/2019\/02\/ED_2016_Pehuenia_Subse_Tur_Nqn_0590-960x638.jpg","type":"image\/jpeg"}],"author":"Patagonia Ambiental","twitter_card":"summary_large_image","twitter_creator":"@PatAmb","twitter_site":"@PatAmb","schema":{"@context":"https:\/\/schema.org","@graph":[{"@type":"Article","@id":"https:\/\/patagoniambiental.com.ar\/info\/moquehue-celebra-la-29a-fiesta-de-los-vecinos\/#article","isPartOf":{"@id":"https:\/\/patagoniambiental.com.ar\/info\/moquehue-celebra-la-29a-fiesta-de-los-vecinos\/"},"author":{"name":"Patagonia Ambiental","@id":"https:\/\/patagoniambiental.com.ar\/info\/#\/schema\/person\/db12bff64bbcbf6a253710bf0ea37b5d"},"headline":"Moquehue celebra la 29\u00aa Fiesta de los Vecinos","datePublished":"2019-02-09T12:00:15+00:00","mainEntityOfPage":{"@id":"https:\/\/patagoniambiental.com.ar\/info\/moquehue-celebra-la-29a-fiesta-de-los-vecinos\/"},"wordCount":475,"commentCount":0,"publisher":{"@id":"https:\/\/patagoniambiental.com.ar\/info\/#organization"},"image":{"@id":"https:\/\/patagoniambiental.com.ar\/info\/moquehue-celebra-la-29a-fiesta-de-los-vecinos\/#primaryimage"},"thumbnailUrl":"https:\/\/patagoniambiental.com.ar\/info\/wp-content\/uploads\/2019\/02\/ED_2016_Pehuenia_Subse_Tur_Nqn_0590-960x638.jpg","articleSection":["Neuqu\u00e9n","Noticias","Provinciales"],"inLanguage":"es","potentialAction":[{"@type":"CommentAction","name":"Comment","target":["https:\/\/patagoniambiental.com.ar\/info\/moquehue-celebra-la-29a-fiesta-de-los-vecinos\/#respond"]}]},{"@type":"WebPage","@id":"https:\/\/patagoniambiental.com.ar\/info\/moquehue-celebra-la-29a-fiesta-de-los-vecinos\/","url":"https:\/\/patagoniambiental.com.ar\/info\/moquehue-celebra-la-29a-fiesta-de-los-vecinos\/","name":"Moquehue celebra la 29\u00aa Fiesta de los Vecinos","isPartOf":{"@id":"https:\/\/patagoniambiental.com.ar\/info\/#website"},"primaryImageOfPage":{"@id":"https:\/\/patagoniambiental.com.ar\/info\/moquehue-celebra-la-29a-fiesta-de-los-vecinos\/#primaryimage"},"image":{"@id":"https:\/\/patagoniambiental.com.ar\/info\/moquehue-celebra-la-29a-fiesta-de-los-vecinos\/#primaryimage"},"thumbnailUrl":"https:\/\/patagoniambiental.com.ar\/info\/wp-content\/uploads\/2019\/02\/ED_2016_Pehuenia_Subse_Tur_Nqn_0590-960x638.jpg","datePublished":"2019-02-09T12:00:15+00:00","breadcrumb":{"@id":"https:\/\/patagoniambiental.com.ar\/info\/moquehue-celebra-la-29a-fiesta-de-los-vecinos\/#breadcrumb"},"inLanguage":"es","potentialAction":[{"@type":"ReadAction","target":["https:\/\/patagoniambiental.com.ar\/info\/moquehue-celebra-la-29a-fiesta-de-los-vecinos\/"]}]},{"@type":"ImageObject","inLanguage":"es","@id":"https:\/\/patagoniambiental.com.ar\/info\/moquehue-celebra-la-29a-fiesta-de-los-vecinos\/#primaryimage","url":"https:\/\/patagoniambiental.com.ar\/info\/wp-content\/uploads\/2019\/02\/ED_2016_Pehuenia_Subse_Tur_Nqn_0590-960x638.jpg","contentUrl":"https:\/\/patagoniambiental.com.ar\/info\/wp-content\/uploads\/2019\/02\/ED_2016_Pehuenia_Subse_Tur_Nqn_0590-960x638.jpg","width":903,"height":600},{"@type":"BreadcrumbList","@id":"https:\/\/patagoniambiental.com.ar\/info\/moquehue-celebra-la-29a-fiesta-de-los-vecinos\/#breadcrumb","itemListElement":[{"@type":"ListItem","position":1,"name":"Inicio","item":"https:\/\/patagoniambiental.com.ar\/info\/"},{"@type":"ListItem","position":2,"name":"Moquehue celebra la 29\u00aa Fiesta de los Vecinos"}]},{"@type":"WebSite","@id":"https:\/\/patagoniambiental.com.ar\/info\/#website","url":"https:\/\/patagoniambiental.com.ar\/info\/","name":"Patagonia Ambiental","description":"Monitoreo y an\u00e1lisis de la situaci\u00f3n geopol\u00edtica en el mundo y su implicancia en la Patagonia","publisher":{"@id":"https:\/\/patagoniambiental.com.ar\/info\/#organization"},"potentialAction":[{"@type":"SearchAction","target":{"@type":"EntryPoint","urlTemplate":"https:\/\/patagoniambiental.com.ar\/info\/?s={search_term_string}"},"query-input":{"@type":"PropertyValueSpecification","valueRequired":true,"valueName":"search_term_string"}}],"inLanguage":"es"},{"@type":"Organization","@id":"https:\/\/patagoniambiental.com.ar\/info\/#organization","name":"Patagonia Ambiental","url":"https:\/\/patagoniambiental.com.ar\/info\/","logo":{"@type":"ImageObject","inLanguage":"es","@id":"https:\/\/patagoniambiental.com.ar\/info\/#\/schema\/logo\/image\/","url":"https:\/\/patagoniambiental.com.ar\/info\/wp-content\/uploads\/2025\/05\/LOGO-PATAGONIA-AMBIENTAL.png","contentUrl":"https:\/\/patagoniambiental.com.ar\/info\/wp-content\/uploads\/2025\/05\/LOGO-PATAGONIA-AMBIENTAL.png","width":433,"height":250,"caption":"Patagonia Ambiental"},"image":{"@id":"https:\/\/patagoniambiental.com.ar\/info\/#\/schema\/logo\/image\/"},"sameAs":["https:\/\/www.facebook.com\/patagonia.ambiental","https:\/\/x.com\/PatAmb"]},{"@type":"Person","@id":"https:\/\/patagoniambiental.com.ar\/info\/#\/schema\/person\/db12bff64bbcbf6a253710bf0ea37b5d","name":"Patagonia Ambiental","description":"Andr\u00e9s Nievas T\u00e9cnico en manejo ambiental, consultor Ambiental y escritor para medios locales e internacionales sobre temas de geopolitica y medio ambiente.","sameAs":["http:\/\/www.patagoniambiental.com.ar","https:\/\/www.facebook.com\/share\/1C1V8Gv9BX\/?mibextid=qi2Omg","@patagoniambiental","https:\/\/youtube.com\/@patagoniaambiental2023?si=BLt58t0wuXquxlYZ"]}]}},"_links":{"self":[{"href":"https:\/\/patagoniambiental.com.ar\/info\/wp-json\/wp\/v2\/posts\/58821","targetHints":{"allow":["GET"]}}],"collection":[{"href":"https:\/\/patagoniambiental.com.ar\/info\/wp-json\/wp\/v2\/posts"}],"about":[{"href":"https:\/\/patagoniambiental.com.ar\/info\/wp-json\/wp\/v2\/types\/post"}],"author":[{"embeddable":true,"href":"https:\/\/patagoniambiental.com.ar\/info\/wp-json\/wp\/v2\/users\/2"}],"replies":[{"embeddable":true,"href":"https:\/\/patagoniambiental.com.ar\/info\/wp-json\/wp\/v2\/comments?post=58821"}],"version-history":[{"count":0,"href":"https:\/\/patagoniambiental.com.ar\/info\/wp-json\/wp\/v2\/posts\/58821\/revisions"}],"wp:featuredmedia":[{"embeddable":true,"href":"https:\/\/patagoniambiental.com.ar\/info\/wp-json\/wp\/v2\/media\/58822"}],"wp:attachment":[{"href":"https:\/\/patagoniambiental.com.ar\/info\/wp-json\/wp\/v2\/media?parent=58821"}],"wp:term":[{"taxonomy":"category","embeddable":true,"href":"https:\/\/patagoniambiental.com.ar\/info\/wp-json\/wp\/v2\/categories?post=58821"},{"taxonomy":"post_tag","embeddable":true,"href":"https:\/\/patagoniambiental.com.ar\/info\/wp-json\/wp\/v2\/tags?post=58821"}],"curies":[{"name":"wp","href":"https:\/\/api.w.org\/{rel}","templated":true}]}}