{"id":58882,"date":"2019-02-12T09:00:20","date_gmt":"2019-02-12T12:00:20","guid":{"rendered":"http:\/\/patagoniambiental.com.ar\/info\/?p=58882"},"modified":"2019-02-11T12:32:13","modified_gmt":"2019-02-11T15:32:13","slug":"el-lado-b-de-la-ola-de-calor-registran-retroceso-de-los-glaciares-fueguinos","status":"publish","type":"post","link":"https:\/\/patagoniambiental.com.ar\/info\/el-lado-b-de-la-ola-de-calor-registran-retroceso-de-los-glaciares-fueguinos\/","title":{"rendered":"EL \u2018LADO B\u2019 DE LA OLA DE CALOR Registran retroceso de los glaciares fueguinos"},"content":{"rendered":"<div class=\"copete_individual_noticia\">Tierra del Fuego, AIAS.-Mat\u00edas Derisio, gu\u00eda de turismo aventura, expuso en Facebook una serie de im\u00e1genes que muestran el proceso de disminuci\u00f3n de hielo y mayor presencia de roca en el Glaciar Martial y Vinciguerra.<\/div>\n<p><!--more--><\/p>\n<div><\/div>\n<div class=\"copete_individual_noticia\">El objetivo fue mostrar las consecuencias del cambio clim\u00e1tico y el calentamiento global. \u201cEstamos perdiendo nuestros glaciares\u201d, se\u00f1al\u00f3 el joven fueguino.<\/div>\n<div class=\"categoria_individual_noticia\" title=\"Ecolog\u00eda\"><\/div>\n<div class=\"fecha_individual_noticia\"><\/div>\n<div class=\"clear_both\"><\/div>\n<div class=\"contenido_individual_noticia\">\n<div class=\"contenedor_primera_letra_individual_noticia\">El gu\u00eda de turismo aventura en Ushuaia, Mat\u00edas Derisio (30), expuso en la red social Facebook im\u00e1genes que dan cuenta del deterioro de los glaciares fueguinos Vinciguerra y Martial, producto del calentamiento global.<br \/>\nLas fotograf\u00edas captadas durante su actividad habitual de trekking, constituyen \u201cel \u2018lado B\u2019 de la ola de calor\u201d, seg\u00fan indic\u00f3 el joven fueguino. En di\u00e1logo con EDFM, el experimentado gu\u00eda advirti\u00f3 que \u201clos glaciares est\u00e1n cada vez peor, en un proceso constante y sostenido de derretimiento, un retroceso absoluto\u201d.<br \/>\nMat\u00edas explic\u00f3 que \u201cadem\u00e1s del trabajo, en mis tiempos libres voy mucho a la monta\u00f1a, y la \u00faltima vez me llam\u00f3 mucho la atenci\u00f3n c\u00f3mo se ve\u00eda m\u00e1s roca que hielo en el Glaciar Martial y Vinciguerra, por eso saqu\u00e9 fotos para mostrarlo\u201d, dijo. \u201cLa idea era exponer c\u00f3mo se ven afectados nuestros glaciares por el calentamiento global y el cambio clim\u00e1tico\u201d, se\u00f1al\u00f3.<br \/>\n\u201cMe da mucha pena y me preocupa la situaci\u00f3n de nuestros glaciares, porque es grave\u201d, afirm\u00f3 Mat\u00edas, y agreg\u00f3 que \u201ces lindo tener d\u00edas de calor en un lugar tan fr\u00edo como nuestra provincia, pero es importante saber qu\u00e9 pasa en los glaciares, cu\u00e1l es la consecuencia\u201d, remarc\u00f3. En ese punto advirti\u00f3 que \u201cm\u00e1s all\u00e1 de la repercusi\u00f3n en materia ambiental, los glaciares nos proveen el agua de consumo en la ciudad, por eso es preocupante este proceso\u201d.<\/p>\n<p><strong>\u201cEstamos perdiendo nuestros glaciares\u201d<\/strong><\/p>\n<p>Frente al fen\u00f3meno denominado \u2018calentamiento global\u2019, el gu\u00eda de turismo aventura asegur\u00f3 que \u201ces f\u00e1cil reconocer este proceso en Tierra del Fuego, mirando los glaciares: cada a\u00f1o que pasa hay menos acumulaci\u00f3n de hielo y nieva menos, lo que repercute en su fisonom\u00eda\u201d. En definitiva, \u201ccada verano se derrite mucho m\u00e1s de lo que nieva en invierno\u201d, expuso.<br \/>\nA modo de ejemplo, \u201cal glaciar Vinciguerra, el segundo m\u00e1s visitado, llega mucha gente para recorrer sus cuevas\u201d, indic\u00f3 Mat\u00edas. Sin embargo, \u201cen realidad no es bueno que haya cuevas, porque evidencian la falta de acumulaci\u00f3n de hielo\u201d, anot\u00f3.<br \/>\n\u201cEs importante tomar conciencia de que estamos perdiendo nuestros glaciares\u201d, dijo Mat\u00edas, y llam\u00f3 a \u201csumar ciertos h\u00e1bitos y conductas a nuestra actividad cotidiana para dejar de acelerar este proceso: consumir menos pl\u00e1sticos, no tirar basura y emanar menos gases de efecto invernadero. Tenemos que cuidar y valorar el entorno natural que tenemos\u201d, sentenci\u00f3.<\/p><\/div>\n<div>Fuente:\u00a0http:\/\/www.eldiariodelfindelmundo.com\/noticias\/2019\/02\/11\/80714-registran-retroceso-de-los-glaciares-fueguinos<\/div>\n<\/div>\n","protected":false},"excerpt":{"rendered":"<p>Tierra del Fuego, AIAS.-Mat\u00edas Derisio, gu\u00eda de turismo aventura, expuso en Facebook una serie de im\u00e1genes que muestran el proceso [&hellip;]<\/p>\n","protected":false},"author":2,"featured_media":58883,"comment_status":"open","ping_status":"open","sticky":false,"template":"","format":"standard","meta":{"site-sidebar-layout":"default","site-content-layout":"","ast-site-content-layout":"default","site-content-style":"default","site-sidebar-style":"default","ast-global-header-display":"","ast-banner-title-visibility":"","ast-main-header-display":"","ast-hfb-above-header-display":"","ast-hfb-below-header-display":"","ast-hfb-mobile-header-display":"","site-post-title":"","ast-breadcrumbs-content":"","ast-featured-img":"","footer-sml-layout":"","ast-disable-related-posts":"","theme-transparent-header-meta":"","adv-header-id-meta":"","stick-header-meta":"","header-above-stick-meta":"","header-main-stick-meta":"","header-below-stick-meta":"","astra-migrate-meta-layouts":"default","ast-page-background-enabled":"default","ast-page-background-meta":{"desktop":{"background-color":"var(--ast-global-color-5)","background-image":"","background-repeat":"repeat","background-position":"center center","background-size":"auto","background-attachment":"scroll","background-type":"","background-media":"","overlay-type":"","overlay-color":"","overlay-opacity":"","overlay-gradient":""},"tablet":{"background-color":"","background-image":"","background-repeat":"repeat","background-position":"center center","background-size":"auto","background-attachment":"scroll","background-type":"","background-media":"","overlay-type":"","overlay-color":"","overlay-opacity":"","overlay-gradient":""},"mobile":{"background-color":"","background-image":"","background-repeat":"repeat","background-position":"center center","background-size":"auto","background-attachment":"scroll","background-type":"","background-media":"","overlay-type":"","overlay-color":"","overlay-opacity":"","overlay-gradient":""}},"ast-content-background-meta":{"desktop":{"background-color":"var(--ast-global-color-4)","background-image":"","background-repeat":"repeat","background-position":"center center","background-size":"auto","background-attachment":"scroll","background-type":"","background-media":"","overlay-type":"","overlay-color":"","overlay-opacity":"","overlay-gradient":""},"tablet":{"background-color":"var(--ast-global-color-4)","background-image":"","background-repeat":"repeat","background-position":"center center","background-size":"auto","background-attachment":"scroll","background-type":"","background-media":"","overlay-type":"","overlay-color":"","overlay-opacity":"","overlay-gradient":""},"mobile":{"background-color":"var(--ast-global-color-4)","background-image":"","background-repeat":"repeat","background-position":"center center","background-size":"auto","background-attachment":"scroll","background-type":"","background-media":"","overlay-type":"","overlay-color":"","overlay-opacity":"","overlay-gradient":""}},"footnotes":""},"categories":[1,13,25],"tags":[],"class_list":["post-58882","post","type-post","status-publish","format-standard","has-post-thumbnail","hentry","category-noticias","category-provinciales","category-tierra-del-fuego"],"yoast_head":"<!-- This site is optimized with the Yoast SEO Premium plugin v23.0 (Yoast SEO v27.4) - https:\/\/yoast.com\/product\/yoast-seo-premium-wordpress\/ -->\n<title>EL \u2018LADO B\u2019 DE LA OLA DE CALOR Registran retroceso de los glaciares fueguinos<\/title>\n<meta name=\"robots\" content=\"index, follow, max-snippet:-1, max-image-preview:large, max-video-preview:-1\" \/>\n<link rel=\"canonical\" href=\"https:\/\/patagoniambiental.com.ar\/info\/el-lado-b-de-la-ola-de-calor-registran-retroceso-de-los-glaciares-fueguinos\/\" \/>\n<meta property=\"og:locale\" content=\"es_ES\" \/>\n<meta property=\"og:type\" content=\"article\" \/>\n<meta property=\"og:title\" content=\"EL \u2018LADO B\u2019 DE LA OLA DE CALOR Registran retroceso de los glaciares fueguinos\" \/>\n<meta property=\"og:description\" content=\"Tierra del Fuego, AIAS.-Mat\u00edas Derisio, gu\u00eda de turismo aventura, expuso en Facebook una serie de im\u00e1genes que muestran el proceso [&hellip;]\" \/>\n<meta property=\"og:url\" content=\"https:\/\/patagoniambiental.com.ar\/info\/el-lado-b-de-la-ola-de-calor-registran-retroceso-de-los-glaciares-fueguinos\/\" \/>\n<meta property=\"og:site_name\" content=\"Patagonia Ambiental\" \/>\n<meta property=\"article:publisher\" content=\"https:\/\/www.facebook.com\/patagonia.ambiental\" \/>\n<meta property=\"article:author\" content=\"https:\/\/www.facebook.com\/share\/1C1V8Gv9BX\/?mibextid=qi2Omg\" \/>\n<meta property=\"article:published_time\" content=\"2019-02-12T12:00:20+00:00\" \/>\n<meta property=\"og:image\" content=\"https:\/\/patagoniambiental.com.ar\/info\/wp-content\/uploads\/2019\/02\/20190210105901b6a6cab43534588fa5afcb2616015ee9_med.jpg\" \/>\n\t<meta property=\"og:image:width\" content=\"449\" \/>\n\t<meta property=\"og:image:height\" content=\"800\" \/>\n\t<meta property=\"og:image:type\" content=\"image\/jpeg\" \/>\n<meta name=\"author\" content=\"Patagonia Ambiental\" \/>\n<meta name=\"twitter:card\" content=\"summary_large_image\" \/>\n<meta name=\"twitter:creator\" content=\"@PatAmb\" \/>\n<meta name=\"twitter:site\" content=\"@PatAmb\" \/>\n<script type=\"application\/ld+json\" class=\"yoast-schema-graph\">{\"@context\":\"https:\\\/\\\/schema.org\",\"@graph\":[{\"@type\":\"Article\",\"@id\":\"https:\\\/\\\/patagoniambiental.com.ar\\\/info\\\/el-lado-b-de-la-ola-de-calor-registran-retroceso-de-los-glaciares-fueguinos\\\/#article\",\"isPartOf\":{\"@id\":\"https:\\\/\\\/patagoniambiental.com.ar\\\/info\\\/el-lado-b-de-la-ola-de-calor-registran-retroceso-de-los-glaciares-fueguinos\\\/\"},\"author\":{\"name\":\"Patagonia Ambiental\",\"@id\":\"https:\\\/\\\/patagoniambiental.com.ar\\\/info\\\/#\\\/schema\\\/person\\\/db12bff64bbcbf6a253710bf0ea37b5d\"},\"headline\":\"EL \u2018LADO B\u2019 DE LA OLA DE CALOR Registran retroceso de los glaciares fueguinos\",\"datePublished\":\"2019-02-12T12:00:20+00:00\",\"mainEntityOfPage\":{\"@id\":\"https:\\\/\\\/patagoniambiental.com.ar\\\/info\\\/el-lado-b-de-la-ola-de-calor-registran-retroceso-de-los-glaciares-fueguinos\\\/\"},\"wordCount\":499,\"commentCount\":0,\"publisher\":{\"@id\":\"https:\\\/\\\/patagoniambiental.com.ar\\\/info\\\/#organization\"},\"image\":{\"@id\":\"https:\\\/\\\/patagoniambiental.com.ar\\\/info\\\/el-lado-b-de-la-ola-de-calor-registran-retroceso-de-los-glaciares-fueguinos\\\/#primaryimage\"},\"thumbnailUrl\":\"https:\\\/\\\/patagoniambiental.com.ar\\\/info\\\/wp-content\\\/uploads\\\/2019\\\/02\\\/20190210105901b6a6cab43534588fa5afcb2616015ee9_med.jpg\",\"articleSection\":[\"Noticias\",\"Provinciales\",\"Tierra del Fuego\"],\"inLanguage\":\"es\",\"potentialAction\":[{\"@type\":\"CommentAction\",\"name\":\"Comment\",\"target\":[\"https:\\\/\\\/patagoniambiental.com.ar\\\/info\\\/el-lado-b-de-la-ola-de-calor-registran-retroceso-de-los-glaciares-fueguinos\\\/#respond\"]}]},{\"@type\":\"WebPage\",\"@id\":\"https:\\\/\\\/patagoniambiental.com.ar\\\/info\\\/el-lado-b-de-la-ola-de-calor-registran-retroceso-de-los-glaciares-fueguinos\\\/\",\"url\":\"https:\\\/\\\/patagoniambiental.com.ar\\\/info\\\/el-lado-b-de-la-ola-de-calor-registran-retroceso-de-los-glaciares-fueguinos\\\/\",\"name\":\"EL \u2018LADO B\u2019 DE LA OLA DE CALOR Registran retroceso de los glaciares fueguinos\",\"isPartOf\":{\"@id\":\"https:\\\/\\\/patagoniambiental.com.ar\\\/info\\\/#website\"},\"primaryImageOfPage\":{\"@id\":\"https:\\\/\\\/patagoniambiental.com.ar\\\/info\\\/el-lado-b-de-la-ola-de-calor-registran-retroceso-de-los-glaciares-fueguinos\\\/#primaryimage\"},\"image\":{\"@id\":\"https:\\\/\\\/patagoniambiental.com.ar\\\/info\\\/el-lado-b-de-la-ola-de-calor-registran-retroceso-de-los-glaciares-fueguinos\\\/#primaryimage\"},\"thumbnailUrl\":\"https:\\\/\\\/patagoniambiental.com.ar\\\/info\\\/wp-content\\\/uploads\\\/2019\\\/02\\\/20190210105901b6a6cab43534588fa5afcb2616015ee9_med.jpg\",\"datePublished\":\"2019-02-12T12:00:20+00:00\",\"breadcrumb\":{\"@id\":\"https:\\\/\\\/patagoniambiental.com.ar\\\/info\\\/el-lado-b-de-la-ola-de-calor-registran-retroceso-de-los-glaciares-fueguinos\\\/#breadcrumb\"},\"inLanguage\":\"es\",\"potentialAction\":[{\"@type\":\"ReadAction\",\"target\":[\"https:\\\/\\\/patagoniambiental.com.ar\\\/info\\\/el-lado-b-de-la-ola-de-calor-registran-retroceso-de-los-glaciares-fueguinos\\\/\"]}]},{\"@type\":\"ImageObject\",\"inLanguage\":\"es\",\"@id\":\"https:\\\/\\\/patagoniambiental.com.ar\\\/info\\\/el-lado-b-de-la-ola-de-calor-registran-retroceso-de-los-glaciares-fueguinos\\\/#primaryimage\",\"url\":\"https:\\\/\\\/patagoniambiental.com.ar\\\/info\\\/wp-content\\\/uploads\\\/2019\\\/02\\\/20190210105901b6a6cab43534588fa5afcb2616015ee9_med.jpg\",\"contentUrl\":\"https:\\\/\\\/patagoniambiental.com.ar\\\/info\\\/wp-content\\\/uploads\\\/2019\\\/02\\\/20190210105901b6a6cab43534588fa5afcb2616015ee9_med.jpg\",\"width\":337,\"height\":600},{\"@type\":\"BreadcrumbList\",\"@id\":\"https:\\\/\\\/patagoniambiental.com.ar\\\/info\\\/el-lado-b-de-la-ola-de-calor-registran-retroceso-de-los-glaciares-fueguinos\\\/#breadcrumb\",\"itemListElement\":[{\"@type\":\"ListItem\",\"position\":1,\"name\":\"Inicio\",\"item\":\"https:\\\/\\\/patagoniambiental.com.ar\\\/info\\\/\"},{\"@type\":\"ListItem\",\"position\":2,\"name\":\"EL \u2018LADO B\u2019 DE LA OLA DE CALOR Registran retroceso de los glaciares fueguinos\"}]},{\"@type\":\"WebSite\",\"@id\":\"https:\\\/\\\/patagoniambiental.com.ar\\\/info\\\/#website\",\"url\":\"https:\\\/\\\/patagoniambiental.com.ar\\\/info\\\/\",\"name\":\"Patagonia Ambiental\",\"description\":\"Monitoreo y an\u00e1lisis de la situaci\u00f3n geopol\u00edtica en el mundo y su implicancia en la Patagonia\",\"publisher\":{\"@id\":\"https:\\\/\\\/patagoniambiental.com.ar\\\/info\\\/#organization\"},\"potentialAction\":[{\"@type\":\"SearchAction\",\"target\":{\"@type\":\"EntryPoint\",\"urlTemplate\":\"https:\\\/\\\/patagoniambiental.com.ar\\\/info\\\/?s={search_term_string}\"},\"query-input\":{\"@type\":\"PropertyValueSpecification\",\"valueRequired\":true,\"valueName\":\"search_term_string\"}}],\"inLanguage\":\"es\"},{\"@type\":\"Organization\",\"@id\":\"https:\\\/\\\/patagoniambiental.com.ar\\\/info\\\/#organization\",\"name\":\"Patagonia Ambiental\",\"url\":\"https:\\\/\\\/patagoniambiental.com.ar\\\/info\\\/\",\"logo\":{\"@type\":\"ImageObject\",\"inLanguage\":\"es\",\"@id\":\"https:\\\/\\\/patagoniambiental.com.ar\\\/info\\\/#\\\/schema\\\/logo\\\/image\\\/\",\"url\":\"https:\\\/\\\/patagoniambiental.com.ar\\\/info\\\/wp-content\\\/uploads\\\/2025\\\/05\\\/LOGO-PATAGONIA-AMBIENTAL.png\",\"contentUrl\":\"https:\\\/\\\/patagoniambiental.com.ar\\\/info\\\/wp-content\\\/uploads\\\/2025\\\/05\\\/LOGO-PATAGONIA-AMBIENTAL.png\",\"width\":433,\"height\":250,\"caption\":\"Patagonia Ambiental\"},\"image\":{\"@id\":\"https:\\\/\\\/patagoniambiental.com.ar\\\/info\\\/#\\\/schema\\\/logo\\\/image\\\/\"},\"sameAs\":[\"https:\\\/\\\/www.facebook.com\\\/patagonia.ambiental\",\"https:\\\/\\\/x.com\\\/PatAmb\"]},{\"@type\":\"Person\",\"@id\":\"https:\\\/\\\/patagoniambiental.com.ar\\\/info\\\/#\\\/schema\\\/person\\\/db12bff64bbcbf6a253710bf0ea37b5d\",\"name\":\"Patagonia Ambiental\",\"description\":\"Andr\u00e9s Nievas T\u00e9cnico en manejo ambiental, consultor Ambiental y escritor para medios locales e internacionales sobre temas de geopolitica y medio ambiente.\",\"sameAs\":[\"http:\\\/\\\/www.patagoniambiental.com.ar\",\"https:\\\/\\\/www.facebook.com\\\/share\\\/1C1V8Gv9BX\\\/?mibextid=qi2Omg\",\"@patagoniambiental\",\"https:\\\/\\\/youtube.com\\\/@patagoniaambiental2023?si=BLt58t0wuXquxlYZ\"]}]}<\/script>\n<!-- \/ Yoast SEO Premium plugin. -->","yoast_head_json":{"title":"EL \u2018LADO B\u2019 DE LA OLA DE CALOR Registran retroceso de los glaciares fueguinos","robots":{"index":"index","follow":"follow","max-snippet":"max-snippet:-1","max-image-preview":"max-image-preview:large","max-video-preview":"max-video-preview:-1"},"canonical":"https:\/\/patagoniambiental.com.ar\/info\/el-lado-b-de-la-ola-de-calor-registran-retroceso-de-los-glaciares-fueguinos\/","og_locale":"es_ES","og_type":"article","og_title":"EL \u2018LADO B\u2019 DE LA OLA DE CALOR Registran retroceso de los glaciares fueguinos","og_description":"Tierra del Fuego, AIAS.-Mat\u00edas Derisio, gu\u00eda de turismo aventura, expuso en Facebook una serie de im\u00e1genes que muestran el proceso [&hellip;]","og_url":"https:\/\/patagoniambiental.com.ar\/info\/el-lado-b-de-la-ola-de-calor-registran-retroceso-de-los-glaciares-fueguinos\/","og_site_name":"Patagonia Ambiental","article_publisher":"https:\/\/www.facebook.com\/patagonia.ambiental","article_author":"https:\/\/www.facebook.com\/share\/1C1V8Gv9BX\/?mibextid=qi2Omg","article_published_time":"2019-02-12T12:00:20+00:00","og_image":[{"width":449,"height":800,"url":"https:\/\/patagoniambiental.com.ar\/info\/wp-content\/uploads\/2019\/02\/20190210105901b6a6cab43534588fa5afcb2616015ee9_med.jpg","type":"image\/jpeg"}],"author":"Patagonia Ambiental","twitter_card":"summary_large_image","twitter_creator":"@PatAmb","twitter_site":"@PatAmb","schema":{"@context":"https:\/\/schema.org","@graph":[{"@type":"Article","@id":"https:\/\/patagoniambiental.com.ar\/info\/el-lado-b-de-la-ola-de-calor-registran-retroceso-de-los-glaciares-fueguinos\/#article","isPartOf":{"@id":"https:\/\/patagoniambiental.com.ar\/info\/el-lado-b-de-la-ola-de-calor-registran-retroceso-de-los-glaciares-fueguinos\/"},"author":{"name":"Patagonia Ambiental","@id":"https:\/\/patagoniambiental.com.ar\/info\/#\/schema\/person\/db12bff64bbcbf6a253710bf0ea37b5d"},"headline":"EL \u2018LADO B\u2019 DE LA OLA DE CALOR Registran retroceso de los glaciares fueguinos","datePublished":"2019-02-12T12:00:20+00:00","mainEntityOfPage":{"@id":"https:\/\/patagoniambiental.com.ar\/info\/el-lado-b-de-la-ola-de-calor-registran-retroceso-de-los-glaciares-fueguinos\/"},"wordCount":499,"commentCount":0,"publisher":{"@id":"https:\/\/patagoniambiental.com.ar\/info\/#organization"},"image":{"@id":"https:\/\/patagoniambiental.com.ar\/info\/el-lado-b-de-la-ola-de-calor-registran-retroceso-de-los-glaciares-fueguinos\/#primaryimage"},"thumbnailUrl":"https:\/\/patagoniambiental.com.ar\/info\/wp-content\/uploads\/2019\/02\/20190210105901b6a6cab43534588fa5afcb2616015ee9_med.jpg","articleSection":["Noticias","Provinciales","Tierra del Fuego"],"inLanguage":"es","potentialAction":[{"@type":"CommentAction","name":"Comment","target":["https:\/\/patagoniambiental.com.ar\/info\/el-lado-b-de-la-ola-de-calor-registran-retroceso-de-los-glaciares-fueguinos\/#respond"]}]},{"@type":"WebPage","@id":"https:\/\/patagoniambiental.com.ar\/info\/el-lado-b-de-la-ola-de-calor-registran-retroceso-de-los-glaciares-fueguinos\/","url":"https:\/\/patagoniambiental.com.ar\/info\/el-lado-b-de-la-ola-de-calor-registran-retroceso-de-los-glaciares-fueguinos\/","name":"EL \u2018LADO B\u2019 DE LA OLA DE CALOR Registran retroceso de los glaciares fueguinos","isPartOf":{"@id":"https:\/\/patagoniambiental.com.ar\/info\/#website"},"primaryImageOfPage":{"@id":"https:\/\/patagoniambiental.com.ar\/info\/el-lado-b-de-la-ola-de-calor-registran-retroceso-de-los-glaciares-fueguinos\/#primaryimage"},"image":{"@id":"https:\/\/patagoniambiental.com.ar\/info\/el-lado-b-de-la-ola-de-calor-registran-retroceso-de-los-glaciares-fueguinos\/#primaryimage"},"thumbnailUrl":"https:\/\/patagoniambiental.com.ar\/info\/wp-content\/uploads\/2019\/02\/20190210105901b6a6cab43534588fa5afcb2616015ee9_med.jpg","datePublished":"2019-02-12T12:00:20+00:00","breadcrumb":{"@id":"https:\/\/patagoniambiental.com.ar\/info\/el-lado-b-de-la-ola-de-calor-registran-retroceso-de-los-glaciares-fueguinos\/#breadcrumb"},"inLanguage":"es","potentialAction":[{"@type":"ReadAction","target":["https:\/\/patagoniambiental.com.ar\/info\/el-lado-b-de-la-ola-de-calor-registran-retroceso-de-los-glaciares-fueguinos\/"]}]},{"@type":"ImageObject","inLanguage":"es","@id":"https:\/\/patagoniambiental.com.ar\/info\/el-lado-b-de-la-ola-de-calor-registran-retroceso-de-los-glaciares-fueguinos\/#primaryimage","url":"https:\/\/patagoniambiental.com.ar\/info\/wp-content\/uploads\/2019\/02\/20190210105901b6a6cab43534588fa5afcb2616015ee9_med.jpg","contentUrl":"https:\/\/patagoniambiental.com.ar\/info\/wp-content\/uploads\/2019\/02\/20190210105901b6a6cab43534588fa5afcb2616015ee9_med.jpg","width":337,"height":600},{"@type":"BreadcrumbList","@id":"https:\/\/patagoniambiental.com.ar\/info\/el-lado-b-de-la-ola-de-calor-registran-retroceso-de-los-glaciares-fueguinos\/#breadcrumb","itemListElement":[{"@type":"ListItem","position":1,"name":"Inicio","item":"https:\/\/patagoniambiental.com.ar\/info\/"},{"@type":"ListItem","position":2,"name":"EL \u2018LADO B\u2019 DE LA OLA DE CALOR Registran retroceso de los glaciares fueguinos"}]},{"@type":"WebSite","@id":"https:\/\/patagoniambiental.com.ar\/info\/#website","url":"https:\/\/patagoniambiental.com.ar\/info\/","name":"Patagonia Ambiental","description":"Monitoreo y an\u00e1lisis de la situaci\u00f3n geopol\u00edtica en el mundo y su implicancia en la Patagonia","publisher":{"@id":"https:\/\/patagoniambiental.com.ar\/info\/#organization"},"potentialAction":[{"@type":"SearchAction","target":{"@type":"EntryPoint","urlTemplate":"https:\/\/patagoniambiental.com.ar\/info\/?s={search_term_string}"},"query-input":{"@type":"PropertyValueSpecification","valueRequired":true,"valueName":"search_term_string"}}],"inLanguage":"es"},{"@type":"Organization","@id":"https:\/\/patagoniambiental.com.ar\/info\/#organization","name":"Patagonia Ambiental","url":"https:\/\/patagoniambiental.com.ar\/info\/","logo":{"@type":"ImageObject","inLanguage":"es","@id":"https:\/\/patagoniambiental.com.ar\/info\/#\/schema\/logo\/image\/","url":"https:\/\/patagoniambiental.com.ar\/info\/wp-content\/uploads\/2025\/05\/LOGO-PATAGONIA-AMBIENTAL.png","contentUrl":"https:\/\/patagoniambiental.com.ar\/info\/wp-content\/uploads\/2025\/05\/LOGO-PATAGONIA-AMBIENTAL.png","width":433,"height":250,"caption":"Patagonia Ambiental"},"image":{"@id":"https:\/\/patagoniambiental.com.ar\/info\/#\/schema\/logo\/image\/"},"sameAs":["https:\/\/www.facebook.com\/patagonia.ambiental","https:\/\/x.com\/PatAmb"]},{"@type":"Person","@id":"https:\/\/patagoniambiental.com.ar\/info\/#\/schema\/person\/db12bff64bbcbf6a253710bf0ea37b5d","name":"Patagonia Ambiental","description":"Andr\u00e9s Nievas T\u00e9cnico en manejo ambiental, consultor Ambiental y escritor para medios locales e internacionales sobre temas de geopolitica y medio ambiente.","sameAs":["http:\/\/www.patagoniambiental.com.ar","https:\/\/www.facebook.com\/share\/1C1V8Gv9BX\/?mibextid=qi2Omg","@patagoniambiental","https:\/\/youtube.com\/@patagoniaambiental2023?si=BLt58t0wuXquxlYZ"]}]}},"_links":{"self":[{"href":"https:\/\/patagoniambiental.com.ar\/info\/wp-json\/wp\/v2\/posts\/58882","targetHints":{"allow":["GET"]}}],"collection":[{"href":"https:\/\/patagoniambiental.com.ar\/info\/wp-json\/wp\/v2\/posts"}],"about":[{"href":"https:\/\/patagoniambiental.com.ar\/info\/wp-json\/wp\/v2\/types\/post"}],"author":[{"embeddable":true,"href":"https:\/\/patagoniambiental.com.ar\/info\/wp-json\/wp\/v2\/users\/2"}],"replies":[{"embeddable":true,"href":"https:\/\/patagoniambiental.com.ar\/info\/wp-json\/wp\/v2\/comments?post=58882"}],"version-history":[{"count":0,"href":"https:\/\/patagoniambiental.com.ar\/info\/wp-json\/wp\/v2\/posts\/58882\/revisions"}],"wp:featuredmedia":[{"embeddable":true,"href":"https:\/\/patagoniambiental.com.ar\/info\/wp-json\/wp\/v2\/media\/58883"}],"wp:attachment":[{"href":"https:\/\/patagoniambiental.com.ar\/info\/wp-json\/wp\/v2\/media?parent=58882"}],"wp:term":[{"taxonomy":"category","embeddable":true,"href":"https:\/\/patagoniambiental.com.ar\/info\/wp-json\/wp\/v2\/categories?post=58882"},{"taxonomy":"post_tag","embeddable":true,"href":"https:\/\/patagoniambiental.com.ar\/info\/wp-json\/wp\/v2\/tags?post=58882"}],"curies":[{"name":"wp","href":"https:\/\/api.w.org\/{rel}","templated":true}]}}