{"id":58885,"date":"2019-02-13T09:00:42","date_gmt":"2019-02-13T12:00:42","guid":{"rendered":"http:\/\/patagoniambiental.com.ar\/info\/?p=58885"},"modified":"2019-02-13T11:07:38","modified_gmt":"2019-02-13T14:07:38","slug":"el-calentamiento-global-amenaza-a-los-glaciares-fueguinos-a-fin-de-este-siglo-peligraria-el-abastecimiento-de-agua","status":"publish","type":"post","link":"https:\/\/patagoniambiental.com.ar\/info\/el-calentamiento-global-amenaza-a-los-glaciares-fueguinos-a-fin-de-este-siglo-peligraria-el-abastecimiento-de-agua\/","title":{"rendered":"EL CALENTAMIENTO GLOBAL AMENAZA A LOS GLACIARES FUEGUINOS A fin de este siglo peligrar\u00eda el abastecimiento de agua"},"content":{"rendered":"<div class=\"copete_individual_noticia\">Lo advirti\u00f3 el investigador cient\u00edfico Jorge Rabassa, en referencia al retroceso de los glaciares fueguinos por el calentamiento global.<\/div>\n<p><!--more--><\/p>\n<div><\/div>\n<div class=\"copete_individual_noticia\">\u201cTenemos que ocuparnos de analizar este fen\u00f3meno y pensar alternativas para el abastecimiento de agua potable a futuro\u201d, evalu\u00f3. Tambi\u00e9n atribuy\u00f3 la \u2018ola de calor\u2019 y la progresiva disminuci\u00f3n de nevadas en la ciudad, al cambio clim\u00e1tico producto del mismo fen\u00f3meno.<\/div>\n<div class=\"clear_both\"><\/div>\n<div class=\"contenido_individual_noticia\">\n<div class=\"contenedor_primera_letra_individual_noticia\">A partir de las im\u00e1genes difundidas en redes sociales que expusieron el proceso de deterioro del Glaciar Martial y Vinciguerra, el reconocido investigador cient\u00edfico Jorge Rabassa, explic\u00f3 el fen\u00f3meno que afecta a toda la cordillera fueguina, como consecuencia del calentamiento global, y las consecuencias a futuro.<br \/>\nEn di\u00e1logo con EDFM, Rabassa estim\u00f3 que \u201csi este proceso de calentamiento global contin\u00faa a este ritmo, el glaciar ir\u00e1 perdiendo masa hasta ubicarse en una posici\u00f3n cercana al colapso, lo que podr\u00eda ocurrir a fin de este siglo\u201d. En ese marco, advirti\u00f3 que \u201csi eso sucede, el abastecimiento de agua potable para la ciudadan\u00eda de Ushuaia se ver\u00eda sumamente complicado, y ese es un problema a futuro que deber\u00eda analizarse desde ahora para mitigar el impacto\u201d, sostuvo.<\/p>\n<p><strong>Las consecuencias del calentamiento global en los glaciares<\/strong><\/p>\n<p>\u201cAl aumentar la temperatura promedio de la atm\u00f3sfera, en nuestro caso los glaciares comienzan a derretirse\u201d, explic\u00f3 Rabassa. A modo de ejemplo, \u201cpodemos observar lo mismo que ocurre cuando sacamos una cubetera del congelador. En contacto con aire m\u00e1s caliente, el hielo se derrite; lo mismo sucede con los glaciares en las altas monta\u00f1as de la cordillera fueguina\u201d, dijo.<br \/>\nEl investigador cient\u00edfico se\u00f1al\u00f3 que \u201ces una pena, porque los glaciares son parte de nuestro patrimonio natural y constituyen un atractivo tur\u00edstico\u201d, y adem\u00e1s, \u201ces una situaci\u00f3n preocupante, porque en el caso de Ushuaia una parte sustancial del abastecimiento de agua que utiliza la ciudad para consumo domiciliario, proviene de la cuenca del Glaciar Martial\u201d, observ\u00f3.<br \/>\nEn ese punto anot\u00f3 que \u201cadem\u00e1s de discutir cient\u00edficamente el origen de este fen\u00f3meno, es importante analizar c\u00f3mo podemos mitigar las consecuencias negativas de este proceso\u201d, evalu\u00f3 Rabassa.\u00a0 \u201cTenemos que empezar a preocuparnos y ocuparnos desde ahora en c\u00f3mo se solucionar\u00eda el abastecimiento de agua potable \u2013reiter\u00f3-; adem\u00e1s de proteger los ambientes naturales que existen desde antes que hubiera humanos en la Tierra, y no tenemos derecho a destruirlos\u201d, expuso.<br \/>\n\u201cEl Gobierno provincial y municipal tienen la responsabilidad y potestad para el monitoreo del servicio de abastecimiento de agua, y para formular proyectos de alternativas, en \u00edntima colaboraci\u00f3n con las autoridades nacionales del \u00e1rea\u201d, se\u00f1al\u00f3 Rabbasa, y agreg\u00f3 que \u201cdebe ser una pol\u00edtica de Estado, m\u00e1s all\u00e1 de los circunstanciales gobiernos; hay que plantearse la situaci\u00f3n y ver c\u00f3mo logramos mitigar el impacto del calentamiento global en los glaciares fueguinos\u201d.<\/p>\n<p>Calentamiento global y cambio clim\u00e1tico<\/p>\n<p>El calentamiento global es \u201cun fen\u00f3meno registrado desde mediados del siglo XIX, a partir de un cambio en la composici\u00f3n qu\u00edmica de la atm\u00f3sfera como consecuencia de la actividad humana, entre otros factores \u2013explic\u00f3 Rabassa-, por el consumo de combustibles f\u00f3siles (petr\u00f3leo, gas, carb\u00f3n), cuya combusti\u00f3n libera masas muy grandes de di\u00f3xido de carbono\u201d, lo que genera un aumento en la temperatura de la atm\u00f3sfera terrestre.<br \/>\nComo consecuencia de este fen\u00f3meno, se registra un importante cambio clim\u00e1tico a nivel mundial. Consultado sobre la ola de calor registrada d\u00edas atr\u00e1s en toda la provincia, Rabassa atribuy\u00f3 el r\u00e9cord de temperaturas a este proceso en pleno desarrollo.<br \/>\n\u201cCuando llegu\u00e9 a Ushuaia, en 1986, la temperatura m\u00e1xima registrada hist\u00f3ricamente era de 26\u00ba C \u2013record\u00f3-. Sin embargo en los \u00faltimos 30 a\u00f1os, todos los veranos tenemos alg\u00fan d\u00eda con temperaturas superiores a ese valor, y eso es un claro indicio de que el proceso de calentamiento global tiene tambi\u00e9n su expresi\u00f3n a nivel local\u201d, expuso.<br \/>\nAsimismo, confirm\u00f3 que en progresivamente se registra una menor acumulaci\u00f3n de nieve y elevaci\u00f3n del promedio de temperaturas en invierno. \u201cHace 30 a\u00f1os se esquiaba en la mitad de la ladera, y con el tiempo la acumulaci\u00f3n de nieve a esa altura fue disminuyendo al punto que tuvimos que optar por trasladarnos al Cerro -observ\u00f3 Rabassa-. Ese es el mejor ejemplo de las consecuencias del calentamiento global\u201d, sostuvo.<\/p><\/div>\n<\/div>\n<div>Fuente:\u00a0http:\/\/www.eldiariodelfindelmundo.com\/noticias\/2019\/02\/11\/80712-a-fin-de-este-siglo-peligraria-el-abastecimiento-de-agua<\/div>\n<div class=\"contenedor_share_buttons_individual_noticia\">\n<div class=\"contenido_share_buttons_individual_noticia\">\n<div class=\"individual_share_buttons_individual_noticia transition_03 imprimir\"><\/div>\n<div class=\"individual_share_buttons_individual_noticia transition_03 imprimir\"><\/div>\n<div class=\"individual_share_buttons_individual_noticia transition_03 googleplus\"><\/div>\n<div class=\"individual_share_buttons_individual_noticia transition_03 twitter\"><\/div>\n<\/div>\n<\/div>\n","protected":false},"excerpt":{"rendered":"<p>Lo advirti\u00f3 el investigador cient\u00edfico Jorge Rabassa, en referencia al retroceso de los glaciares fueguinos por el calentamiento global.<\/p>\n","protected":false},"author":2,"featured_media":58886,"comment_status":"open","ping_status":"open","sticky":false,"template":"","format":"standard","meta":{"site-sidebar-layout":"default","site-content-layout":"","ast-site-content-layout":"default","site-content-style":"default","site-sidebar-style":"default","ast-global-header-display":"","ast-banner-title-visibility":"","ast-main-header-display":"","ast-hfb-above-header-display":"","ast-hfb-below-header-display":"","ast-hfb-mobile-header-display":"","site-post-title":"","ast-breadcrumbs-content":"","ast-featured-img":"","footer-sml-layout":"","ast-disable-related-posts":"","theme-transparent-header-meta":"","adv-header-id-meta":"","stick-header-meta":"","header-above-stick-meta":"","header-main-stick-meta":"","header-below-stick-meta":"","astra-migrate-meta-layouts":"default","ast-page-background-enabled":"default","ast-page-background-meta":{"desktop":{"background-color":"var(--ast-global-color-5)","background-image":"","background-repeat":"repeat","background-position":"center center","background-size":"auto","background-attachment":"scroll","background-type":"","background-media":"","overlay-type":"","overlay-color":"","overlay-opacity":"","overlay-gradient":""},"tablet":{"background-color":"","background-image":"","background-repeat":"repeat","background-position":"center center","background-size":"auto","background-attachment":"scroll","background-type":"","background-media":"","overlay-type":"","overlay-color":"","overlay-opacity":"","overlay-gradient":""},"mobile":{"background-color":"","background-image":"","background-repeat":"repeat","background-position":"center center","background-size":"auto","background-attachment":"scroll","background-type":"","background-media":"","overlay-type":"","overlay-color":"","overlay-opacity":"","overlay-gradient":""}},"ast-content-background-meta":{"desktop":{"background-color":"var(--ast-global-color-4)","background-image":"","background-repeat":"repeat","background-position":"center center","background-size":"auto","background-attachment":"scroll","background-type":"","background-media":"","overlay-type":"","overlay-color":"","overlay-opacity":"","overlay-gradient":""},"tablet":{"background-color":"var(--ast-global-color-4)","background-image":"","background-repeat":"repeat","background-position":"center center","background-size":"auto","background-attachment":"scroll","background-type":"","background-media":"","overlay-type":"","overlay-color":"","overlay-opacity":"","overlay-gradient":""},"mobile":{"background-color":"var(--ast-global-color-4)","background-image":"","background-repeat":"repeat","background-position":"center center","background-size":"auto","background-attachment":"scroll","background-type":"","background-media":"","overlay-type":"","overlay-color":"","overlay-opacity":"","overlay-gradient":""}},"footnotes":""},"categories":[11,1,13,25],"tags":[],"class_list":["post-58885","post","type-post","status-publish","format-standard","has-post-thumbnail","hentry","category-boletin","category-noticias","category-provinciales","category-tierra-del-fuego"],"yoast_head":"<!-- This site is optimized with the Yoast SEO Premium plugin v23.0 (Yoast SEO v27.4) - https:\/\/yoast.com\/product\/yoast-seo-premium-wordpress\/ -->\n<title>EL CALENTAMIENTO GLOBAL AMENAZA A LOS GLACIARES FUEGUINOS A fin de este siglo peligrar\u00eda el abastecimiento de agua<\/title>\n<meta name=\"robots\" content=\"index, follow, max-snippet:-1, max-image-preview:large, max-video-preview:-1\" \/>\n<link rel=\"canonical\" href=\"https:\/\/patagoniambiental.com.ar\/info\/el-calentamiento-global-amenaza-a-los-glaciares-fueguinos-a-fin-de-este-siglo-peligraria-el-abastecimiento-de-agua\/\" \/>\n<meta property=\"og:locale\" content=\"es_ES\" \/>\n<meta property=\"og:type\" content=\"article\" \/>\n<meta property=\"og:title\" content=\"EL CALENTAMIENTO GLOBAL AMENAZA A LOS GLACIARES FUEGUINOS A fin de este siglo peligrar\u00eda el abastecimiento de agua\" \/>\n<meta property=\"og:description\" content=\"Lo advirti\u00f3 el investigador cient\u00edfico Jorge Rabassa, en referencia al retroceso de los glaciares fueguinos por el calentamiento global.\" \/>\n<meta property=\"og:url\" content=\"https:\/\/patagoniambiental.com.ar\/info\/el-calentamiento-global-amenaza-a-los-glaciares-fueguinos-a-fin-de-este-siglo-peligraria-el-abastecimiento-de-agua\/\" \/>\n<meta property=\"og:site_name\" content=\"Patagonia Ambiental\" \/>\n<meta property=\"article:publisher\" content=\"https:\/\/www.facebook.com\/patagonia.ambiental\" \/>\n<meta property=\"article:author\" content=\"https:\/\/www.facebook.com\/share\/1C1V8Gv9BX\/?mibextid=qi2Omg\" \/>\n<meta property=\"article:published_time\" content=\"2019-02-13T12:00:42+00:00\" \/>\n<meta property=\"article:modified_time\" content=\"2019-02-13T14:07:38+00:00\" \/>\n<meta property=\"og:image\" content=\"https:\/\/patagoniambiental.com.ar\/info\/wp-content\/uploads\/2019\/02\/20190210105710fa20c08546a455ced36c97df48837897_med.jpg\" \/>\n\t<meta property=\"og:image:width\" content=\"533\" \/>\n\t<meta property=\"og:image:height\" content=\"800\" \/>\n\t<meta property=\"og:image:type\" content=\"image\/jpeg\" \/>\n<meta name=\"author\" content=\"Patagonia Ambiental\" \/>\n<meta name=\"twitter:card\" content=\"summary_large_image\" \/>\n<meta name=\"twitter:creator\" content=\"@PatAmb\" \/>\n<meta name=\"twitter:site\" content=\"@PatAmb\" \/>\n<script type=\"application\/ld+json\" class=\"yoast-schema-graph\">{\"@context\":\"https:\\\/\\\/schema.org\",\"@graph\":[{\"@type\":\"Article\",\"@id\":\"https:\\\/\\\/patagoniambiental.com.ar\\\/info\\\/el-calentamiento-global-amenaza-a-los-glaciares-fueguinos-a-fin-de-este-siglo-peligraria-el-abastecimiento-de-agua\\\/#article\",\"isPartOf\":{\"@id\":\"https:\\\/\\\/patagoniambiental.com.ar\\\/info\\\/el-calentamiento-global-amenaza-a-los-glaciares-fueguinos-a-fin-de-este-siglo-peligraria-el-abastecimiento-de-agua\\\/\"},\"author\":{\"name\":\"Patagonia Ambiental\",\"@id\":\"https:\\\/\\\/patagoniambiental.com.ar\\\/info\\\/#\\\/schema\\\/person\\\/db12bff64bbcbf6a253710bf0ea37b5d\"},\"headline\":\"EL CALENTAMIENTO GLOBAL AMENAZA A LOS GLACIARES FUEGUINOS A fin de este siglo peligrar\u00eda el abastecimiento de agua\",\"datePublished\":\"2019-02-13T12:00:42+00:00\",\"dateModified\":\"2019-02-13T14:07:38+00:00\",\"mainEntityOfPage\":{\"@id\":\"https:\\\/\\\/patagoniambiental.com.ar\\\/info\\\/el-calentamiento-global-amenaza-a-los-glaciares-fueguinos-a-fin-de-este-siglo-peligraria-el-abastecimiento-de-agua\\\/\"},\"wordCount\":769,\"commentCount\":0,\"publisher\":{\"@id\":\"https:\\\/\\\/patagoniambiental.com.ar\\\/info\\\/#organization\"},\"image\":{\"@id\":\"https:\\\/\\\/patagoniambiental.com.ar\\\/info\\\/el-calentamiento-global-amenaza-a-los-glaciares-fueguinos-a-fin-de-este-siglo-peligraria-el-abastecimiento-de-agua\\\/#primaryimage\"},\"thumbnailUrl\":\"https:\\\/\\\/patagoniambiental.com.ar\\\/info\\\/wp-content\\\/uploads\\\/2019\\\/02\\\/20190210105710fa20c08546a455ced36c97df48837897_med.jpg\",\"articleSection\":[\"Bolet\u00edn\",\"Noticias\",\"Provinciales\",\"Tierra del Fuego\"],\"inLanguage\":\"es\",\"potentialAction\":[{\"@type\":\"CommentAction\",\"name\":\"Comment\",\"target\":[\"https:\\\/\\\/patagoniambiental.com.ar\\\/info\\\/el-calentamiento-global-amenaza-a-los-glaciares-fueguinos-a-fin-de-este-siglo-peligraria-el-abastecimiento-de-agua\\\/#respond\"]}]},{\"@type\":\"WebPage\",\"@id\":\"https:\\\/\\\/patagoniambiental.com.ar\\\/info\\\/el-calentamiento-global-amenaza-a-los-glaciares-fueguinos-a-fin-de-este-siglo-peligraria-el-abastecimiento-de-agua\\\/\",\"url\":\"https:\\\/\\\/patagoniambiental.com.ar\\\/info\\\/el-calentamiento-global-amenaza-a-los-glaciares-fueguinos-a-fin-de-este-siglo-peligraria-el-abastecimiento-de-agua\\\/\",\"name\":\"EL CALENTAMIENTO GLOBAL AMENAZA A LOS GLACIARES FUEGUINOS A fin de este siglo peligrar\u00eda el abastecimiento de agua\",\"isPartOf\":{\"@id\":\"https:\\\/\\\/patagoniambiental.com.ar\\\/info\\\/#website\"},\"primaryImageOfPage\":{\"@id\":\"https:\\\/\\\/patagoniambiental.com.ar\\\/info\\\/el-calentamiento-global-amenaza-a-los-glaciares-fueguinos-a-fin-de-este-siglo-peligraria-el-abastecimiento-de-agua\\\/#primaryimage\"},\"image\":{\"@id\":\"https:\\\/\\\/patagoniambiental.com.ar\\\/info\\\/el-calentamiento-global-amenaza-a-los-glaciares-fueguinos-a-fin-de-este-siglo-peligraria-el-abastecimiento-de-agua\\\/#primaryimage\"},\"thumbnailUrl\":\"https:\\\/\\\/patagoniambiental.com.ar\\\/info\\\/wp-content\\\/uploads\\\/2019\\\/02\\\/20190210105710fa20c08546a455ced36c97df48837897_med.jpg\",\"datePublished\":\"2019-02-13T12:00:42+00:00\",\"dateModified\":\"2019-02-13T14:07:38+00:00\",\"breadcrumb\":{\"@id\":\"https:\\\/\\\/patagoniambiental.com.ar\\\/info\\\/el-calentamiento-global-amenaza-a-los-glaciares-fueguinos-a-fin-de-este-siglo-peligraria-el-abastecimiento-de-agua\\\/#breadcrumb\"},\"inLanguage\":\"es\",\"potentialAction\":[{\"@type\":\"ReadAction\",\"target\":[\"https:\\\/\\\/patagoniambiental.com.ar\\\/info\\\/el-calentamiento-global-amenaza-a-los-glaciares-fueguinos-a-fin-de-este-siglo-peligraria-el-abastecimiento-de-agua\\\/\"]}]},{\"@type\":\"ImageObject\",\"inLanguage\":\"es\",\"@id\":\"https:\\\/\\\/patagoniambiental.com.ar\\\/info\\\/el-calentamiento-global-amenaza-a-los-glaciares-fueguinos-a-fin-de-este-siglo-peligraria-el-abastecimiento-de-agua\\\/#primaryimage\",\"url\":\"https:\\\/\\\/patagoniambiental.com.ar\\\/info\\\/wp-content\\\/uploads\\\/2019\\\/02\\\/20190210105710fa20c08546a455ced36c97df48837897_med.jpg\",\"contentUrl\":\"https:\\\/\\\/patagoniambiental.com.ar\\\/info\\\/wp-content\\\/uploads\\\/2019\\\/02\\\/20190210105710fa20c08546a455ced36c97df48837897_med.jpg\",\"width\":400,\"height\":600},{\"@type\":\"BreadcrumbList\",\"@id\":\"https:\\\/\\\/patagoniambiental.com.ar\\\/info\\\/el-calentamiento-global-amenaza-a-los-glaciares-fueguinos-a-fin-de-este-siglo-peligraria-el-abastecimiento-de-agua\\\/#breadcrumb\",\"itemListElement\":[{\"@type\":\"ListItem\",\"position\":1,\"name\":\"Inicio\",\"item\":\"https:\\\/\\\/patagoniambiental.com.ar\\\/info\\\/\"},{\"@type\":\"ListItem\",\"position\":2,\"name\":\"EL CALENTAMIENTO GLOBAL AMENAZA A LOS GLACIARES FUEGUINOS A fin de este siglo peligrar\u00eda el abastecimiento de agua\"}]},{\"@type\":\"WebSite\",\"@id\":\"https:\\\/\\\/patagoniambiental.com.ar\\\/info\\\/#website\",\"url\":\"https:\\\/\\\/patagoniambiental.com.ar\\\/info\\\/\",\"name\":\"Patagonia Ambiental\",\"description\":\"Monitoreo y an\u00e1lisis de la situaci\u00f3n geopol\u00edtica en el mundo y su implicancia en la Patagonia\",\"publisher\":{\"@id\":\"https:\\\/\\\/patagoniambiental.com.ar\\\/info\\\/#organization\"},\"potentialAction\":[{\"@type\":\"SearchAction\",\"target\":{\"@type\":\"EntryPoint\",\"urlTemplate\":\"https:\\\/\\\/patagoniambiental.com.ar\\\/info\\\/?s={search_term_string}\"},\"query-input\":{\"@type\":\"PropertyValueSpecification\",\"valueRequired\":true,\"valueName\":\"search_term_string\"}}],\"inLanguage\":\"es\"},{\"@type\":\"Organization\",\"@id\":\"https:\\\/\\\/patagoniambiental.com.ar\\\/info\\\/#organization\",\"name\":\"Patagonia Ambiental\",\"url\":\"https:\\\/\\\/patagoniambiental.com.ar\\\/info\\\/\",\"logo\":{\"@type\":\"ImageObject\",\"inLanguage\":\"es\",\"@id\":\"https:\\\/\\\/patagoniambiental.com.ar\\\/info\\\/#\\\/schema\\\/logo\\\/image\\\/\",\"url\":\"https:\\\/\\\/patagoniambiental.com.ar\\\/info\\\/wp-content\\\/uploads\\\/2025\\\/05\\\/LOGO-PATAGONIA-AMBIENTAL.png\",\"contentUrl\":\"https:\\\/\\\/patagoniambiental.com.ar\\\/info\\\/wp-content\\\/uploads\\\/2025\\\/05\\\/LOGO-PATAGONIA-AMBIENTAL.png\",\"width\":433,\"height\":250,\"caption\":\"Patagonia Ambiental\"},\"image\":{\"@id\":\"https:\\\/\\\/patagoniambiental.com.ar\\\/info\\\/#\\\/schema\\\/logo\\\/image\\\/\"},\"sameAs\":[\"https:\\\/\\\/www.facebook.com\\\/patagonia.ambiental\",\"https:\\\/\\\/x.com\\\/PatAmb\"]},{\"@type\":\"Person\",\"@id\":\"https:\\\/\\\/patagoniambiental.com.ar\\\/info\\\/#\\\/schema\\\/person\\\/db12bff64bbcbf6a253710bf0ea37b5d\",\"name\":\"Patagonia Ambiental\",\"description\":\"Andr\u00e9s Nievas T\u00e9cnico en manejo ambiental, consultor Ambiental y escritor para medios locales e internacionales sobre temas de geopolitica y medio ambiente.\",\"sameAs\":[\"http:\\\/\\\/www.patagoniambiental.com.ar\",\"https:\\\/\\\/www.facebook.com\\\/share\\\/1C1V8Gv9BX\\\/?mibextid=qi2Omg\",\"@patagoniambiental\",\"https:\\\/\\\/youtube.com\\\/@patagoniaambiental2023?si=BLt58t0wuXquxlYZ\"]}]}<\/script>\n<!-- \/ Yoast SEO Premium plugin. -->","yoast_head_json":{"title":"EL CALENTAMIENTO GLOBAL AMENAZA A LOS GLACIARES FUEGUINOS A fin de este siglo peligrar\u00eda el abastecimiento de agua","robots":{"index":"index","follow":"follow","max-snippet":"max-snippet:-1","max-image-preview":"max-image-preview:large","max-video-preview":"max-video-preview:-1"},"canonical":"https:\/\/patagoniambiental.com.ar\/info\/el-calentamiento-global-amenaza-a-los-glaciares-fueguinos-a-fin-de-este-siglo-peligraria-el-abastecimiento-de-agua\/","og_locale":"es_ES","og_type":"article","og_title":"EL CALENTAMIENTO GLOBAL AMENAZA A LOS GLACIARES FUEGUINOS A fin de este siglo peligrar\u00eda el abastecimiento de agua","og_description":"Lo advirti\u00f3 el investigador cient\u00edfico Jorge Rabassa, en referencia al retroceso de los glaciares fueguinos por el calentamiento global.","og_url":"https:\/\/patagoniambiental.com.ar\/info\/el-calentamiento-global-amenaza-a-los-glaciares-fueguinos-a-fin-de-este-siglo-peligraria-el-abastecimiento-de-agua\/","og_site_name":"Patagonia Ambiental","article_publisher":"https:\/\/www.facebook.com\/patagonia.ambiental","article_author":"https:\/\/www.facebook.com\/share\/1C1V8Gv9BX\/?mibextid=qi2Omg","article_published_time":"2019-02-13T12:00:42+00:00","article_modified_time":"2019-02-13T14:07:38+00:00","og_image":[{"width":533,"height":800,"url":"https:\/\/patagoniambiental.com.ar\/info\/wp-content\/uploads\/2019\/02\/20190210105710fa20c08546a455ced36c97df48837897_med.jpg","type":"image\/jpeg"}],"author":"Patagonia Ambiental","twitter_card":"summary_large_image","twitter_creator":"@PatAmb","twitter_site":"@PatAmb","schema":{"@context":"https:\/\/schema.org","@graph":[{"@type":"Article","@id":"https:\/\/patagoniambiental.com.ar\/info\/el-calentamiento-global-amenaza-a-los-glaciares-fueguinos-a-fin-de-este-siglo-peligraria-el-abastecimiento-de-agua\/#article","isPartOf":{"@id":"https:\/\/patagoniambiental.com.ar\/info\/el-calentamiento-global-amenaza-a-los-glaciares-fueguinos-a-fin-de-este-siglo-peligraria-el-abastecimiento-de-agua\/"},"author":{"name":"Patagonia Ambiental","@id":"https:\/\/patagoniambiental.com.ar\/info\/#\/schema\/person\/db12bff64bbcbf6a253710bf0ea37b5d"},"headline":"EL CALENTAMIENTO GLOBAL AMENAZA A LOS GLACIARES FUEGUINOS A fin de este siglo peligrar\u00eda el abastecimiento de agua","datePublished":"2019-02-13T12:00:42+00:00","dateModified":"2019-02-13T14:07:38+00:00","mainEntityOfPage":{"@id":"https:\/\/patagoniambiental.com.ar\/info\/el-calentamiento-global-amenaza-a-los-glaciares-fueguinos-a-fin-de-este-siglo-peligraria-el-abastecimiento-de-agua\/"},"wordCount":769,"commentCount":0,"publisher":{"@id":"https:\/\/patagoniambiental.com.ar\/info\/#organization"},"image":{"@id":"https:\/\/patagoniambiental.com.ar\/info\/el-calentamiento-global-amenaza-a-los-glaciares-fueguinos-a-fin-de-este-siglo-peligraria-el-abastecimiento-de-agua\/#primaryimage"},"thumbnailUrl":"https:\/\/patagoniambiental.com.ar\/info\/wp-content\/uploads\/2019\/02\/20190210105710fa20c08546a455ced36c97df48837897_med.jpg","articleSection":["Bolet\u00edn","Noticias","Provinciales","Tierra del Fuego"],"inLanguage":"es","potentialAction":[{"@type":"CommentAction","name":"Comment","target":["https:\/\/patagoniambiental.com.ar\/info\/el-calentamiento-global-amenaza-a-los-glaciares-fueguinos-a-fin-de-este-siglo-peligraria-el-abastecimiento-de-agua\/#respond"]}]},{"@type":"WebPage","@id":"https:\/\/patagoniambiental.com.ar\/info\/el-calentamiento-global-amenaza-a-los-glaciares-fueguinos-a-fin-de-este-siglo-peligraria-el-abastecimiento-de-agua\/","url":"https:\/\/patagoniambiental.com.ar\/info\/el-calentamiento-global-amenaza-a-los-glaciares-fueguinos-a-fin-de-este-siglo-peligraria-el-abastecimiento-de-agua\/","name":"EL CALENTAMIENTO GLOBAL AMENAZA A LOS GLACIARES FUEGUINOS A fin de este siglo peligrar\u00eda el abastecimiento de agua","isPartOf":{"@id":"https:\/\/patagoniambiental.com.ar\/info\/#website"},"primaryImageOfPage":{"@id":"https:\/\/patagoniambiental.com.ar\/info\/el-calentamiento-global-amenaza-a-los-glaciares-fueguinos-a-fin-de-este-siglo-peligraria-el-abastecimiento-de-agua\/#primaryimage"},"image":{"@id":"https:\/\/patagoniambiental.com.ar\/info\/el-calentamiento-global-amenaza-a-los-glaciares-fueguinos-a-fin-de-este-siglo-peligraria-el-abastecimiento-de-agua\/#primaryimage"},"thumbnailUrl":"https:\/\/patagoniambiental.com.ar\/info\/wp-content\/uploads\/2019\/02\/20190210105710fa20c08546a455ced36c97df48837897_med.jpg","datePublished":"2019-02-13T12:00:42+00:00","dateModified":"2019-02-13T14:07:38+00:00","breadcrumb":{"@id":"https:\/\/patagoniambiental.com.ar\/info\/el-calentamiento-global-amenaza-a-los-glaciares-fueguinos-a-fin-de-este-siglo-peligraria-el-abastecimiento-de-agua\/#breadcrumb"},"inLanguage":"es","potentialAction":[{"@type":"ReadAction","target":["https:\/\/patagoniambiental.com.ar\/info\/el-calentamiento-global-amenaza-a-los-glaciares-fueguinos-a-fin-de-este-siglo-peligraria-el-abastecimiento-de-agua\/"]}]},{"@type":"ImageObject","inLanguage":"es","@id":"https:\/\/patagoniambiental.com.ar\/info\/el-calentamiento-global-amenaza-a-los-glaciares-fueguinos-a-fin-de-este-siglo-peligraria-el-abastecimiento-de-agua\/#primaryimage","url":"https:\/\/patagoniambiental.com.ar\/info\/wp-content\/uploads\/2019\/02\/20190210105710fa20c08546a455ced36c97df48837897_med.jpg","contentUrl":"https:\/\/patagoniambiental.com.ar\/info\/wp-content\/uploads\/2019\/02\/20190210105710fa20c08546a455ced36c97df48837897_med.jpg","width":400,"height":600},{"@type":"BreadcrumbList","@id":"https:\/\/patagoniambiental.com.ar\/info\/el-calentamiento-global-amenaza-a-los-glaciares-fueguinos-a-fin-de-este-siglo-peligraria-el-abastecimiento-de-agua\/#breadcrumb","itemListElement":[{"@type":"ListItem","position":1,"name":"Inicio","item":"https:\/\/patagoniambiental.com.ar\/info\/"},{"@type":"ListItem","position":2,"name":"EL CALENTAMIENTO GLOBAL AMENAZA A LOS GLACIARES FUEGUINOS A fin de este siglo peligrar\u00eda el abastecimiento de agua"}]},{"@type":"WebSite","@id":"https:\/\/patagoniambiental.com.ar\/info\/#website","url":"https:\/\/patagoniambiental.com.ar\/info\/","name":"Patagonia Ambiental","description":"Monitoreo y an\u00e1lisis de la situaci\u00f3n geopol\u00edtica en el mundo y su implicancia en la Patagonia","publisher":{"@id":"https:\/\/patagoniambiental.com.ar\/info\/#organization"},"potentialAction":[{"@type":"SearchAction","target":{"@type":"EntryPoint","urlTemplate":"https:\/\/patagoniambiental.com.ar\/info\/?s={search_term_string}"},"query-input":{"@type":"PropertyValueSpecification","valueRequired":true,"valueName":"search_term_string"}}],"inLanguage":"es"},{"@type":"Organization","@id":"https:\/\/patagoniambiental.com.ar\/info\/#organization","name":"Patagonia Ambiental","url":"https:\/\/patagoniambiental.com.ar\/info\/","logo":{"@type":"ImageObject","inLanguage":"es","@id":"https:\/\/patagoniambiental.com.ar\/info\/#\/schema\/logo\/image\/","url":"https:\/\/patagoniambiental.com.ar\/info\/wp-content\/uploads\/2025\/05\/LOGO-PATAGONIA-AMBIENTAL.png","contentUrl":"https:\/\/patagoniambiental.com.ar\/info\/wp-content\/uploads\/2025\/05\/LOGO-PATAGONIA-AMBIENTAL.png","width":433,"height":250,"caption":"Patagonia Ambiental"},"image":{"@id":"https:\/\/patagoniambiental.com.ar\/info\/#\/schema\/logo\/image\/"},"sameAs":["https:\/\/www.facebook.com\/patagonia.ambiental","https:\/\/x.com\/PatAmb"]},{"@type":"Person","@id":"https:\/\/patagoniambiental.com.ar\/info\/#\/schema\/person\/db12bff64bbcbf6a253710bf0ea37b5d","name":"Patagonia Ambiental","description":"Andr\u00e9s Nievas T\u00e9cnico en manejo ambiental, consultor Ambiental y escritor para medios locales e internacionales sobre temas de geopolitica y medio ambiente.","sameAs":["http:\/\/www.patagoniambiental.com.ar","https:\/\/www.facebook.com\/share\/1C1V8Gv9BX\/?mibextid=qi2Omg","@patagoniambiental","https:\/\/youtube.com\/@patagoniaambiental2023?si=BLt58t0wuXquxlYZ"]}]}},"_links":{"self":[{"href":"https:\/\/patagoniambiental.com.ar\/info\/wp-json\/wp\/v2\/posts\/58885","targetHints":{"allow":["GET"]}}],"collection":[{"href":"https:\/\/patagoniambiental.com.ar\/info\/wp-json\/wp\/v2\/posts"}],"about":[{"href":"https:\/\/patagoniambiental.com.ar\/info\/wp-json\/wp\/v2\/types\/post"}],"author":[{"embeddable":true,"href":"https:\/\/patagoniambiental.com.ar\/info\/wp-json\/wp\/v2\/users\/2"}],"replies":[{"embeddable":true,"href":"https:\/\/patagoniambiental.com.ar\/info\/wp-json\/wp\/v2\/comments?post=58885"}],"version-history":[{"count":0,"href":"https:\/\/patagoniambiental.com.ar\/info\/wp-json\/wp\/v2\/posts\/58885\/revisions"}],"wp:featuredmedia":[{"embeddable":true,"href":"https:\/\/patagoniambiental.com.ar\/info\/wp-json\/wp\/v2\/media\/58886"}],"wp:attachment":[{"href":"https:\/\/patagoniambiental.com.ar\/info\/wp-json\/wp\/v2\/media?parent=58885"}],"wp:term":[{"taxonomy":"category","embeddable":true,"href":"https:\/\/patagoniambiental.com.ar\/info\/wp-json\/wp\/v2\/categories?post=58885"},{"taxonomy":"post_tag","embeddable":true,"href":"https:\/\/patagoniambiental.com.ar\/info\/wp-json\/wp\/v2\/tags?post=58885"}],"curies":[{"name":"wp","href":"https:\/\/api.w.org\/{rel}","templated":true}]}}