{"id":58905,"date":"2019-02-13T09:00:39","date_gmt":"2019-02-13T12:00:39","guid":{"rendered":"http:\/\/patagoniambiental.com.ar\/info\/?p=58905"},"modified":"2019-02-12T10:03:21","modified_gmt":"2019-02-12T13:03:21","slug":"el-costo-de-discontinuar-el-plan-satelital-argentino-por-silvina-garcia-larraburu","status":"publish","type":"post","link":"https:\/\/patagoniambiental.com.ar\/info\/el-costo-de-discontinuar-el-plan-satelital-argentino-por-silvina-garcia-larraburu\/","title":{"rendered":"El costo de discontinuar el Plan Satelital Argentino\/Por Silvina Garc\u00eda Larraburu"},"content":{"rendered":"<div class=\"x_gmail_default\"><span style=\"font-family: 'Arial Narrow', sans-serif;\">Ante un nuevo avance, en paralelo a la\u00a0licitaci\u00f3n\u00a0y privatizaci\u00f3n de bandas del espectro electromagn\u00e9tico que estaban por ley otorgadas la empresa ARSAT, deseo expresar mi rechazo a la decisi\u00f3n del Poder Ejecutivo Nacional de alquilar el sat\u00e9lite europeo Astra-1H para evitar que la Uni\u00f3n Internacional de Telecomunicaciones (UIT) nos quite los derechos de uso de la posici\u00f3n orbital 81\u00ba Oeste en banda Ka, que permite brindar servicios de internet de banda ancha.<\/span><\/div>\n<div><\/div>\n<p><!--more--><\/p>\n<div class=\"x_gmail_default\">\n<p class=\"x_MsoNormal\">\n<p class=\"x_MsoNormal\"><span style=\"font-family: Arial Narrow, sans-serif;\">Un escenario similar se plante\u00f3 durante el primer gobierno de N\u00e9stor Kirchner y, sin embargo, esa situaci\u00f3n impuls\u00f3 a nuestro Estado Nacional a comenzar y planificar una\u00a0pol\u00edtica\u00a0de estado dando origen a la empresa Arsat en abril de 2006 para hacerse cargo del \u00e1rea\u00a0sat\u00e9lital.<\/span><\/p>\n<p class=\"x_MsoNormal\"><img fetchpriority=\"high\" decoding=\"async\" class=\"size-medium wp-image-58906 alignleft\" src=\"https:\/\/patagoniambiental.com.ar\/info\/wp-content\/uploads\/2019\/02\/thumbnail_SGL-2-600x457.jpg\" alt=\"\" width=\"600\" height=\"457\" \/><\/p>\n<p class=\"x_MsoNormal\">A partir de esa decisi\u00f3n estrat\u00e9gica en Ciencia y Tecnolog\u00eda, que involucr\u00f3 al fortalecimiento de recursos humanos formados en el pa\u00eds a trav\u00e9s de instituciones como la CONAE, INVAP, CONEA y servicios de varias Universidades Nacionales, comenz\u00f3 la construcci\u00f3n de Arsat-1, lanzado al espacio en septiembre de 2014. Mientras se terminaba Arsat-1 se inici\u00f3 el Arsat-2, que fue puesto en \u00f3rbita en septiembre de 2015.<\/p>\n<p class=\"x_MsoNormal\">\n<p class=\"x_MsoNormal\">En la banda contratada a SES a fines del a\u00f1o pasado, deb\u00eda operar a partir de este a\u00f1o el sat\u00e9lite Arsat-3. No obstante, como su construcci\u00f3n fue suspendida por el gobierno actual a comienzos de 2016 en contra de lo establecido por ley en el plan de desarrollo Plan Satelital Geoestacionario Argentino 2015-2035, este a\u00f1o se decidi\u00f3 alquilar un viejo sat\u00e9lite que ya super\u00f3 su vida \u00fatil con el \u00fanico objetivo de notificarle a la UIT que la banda est\u00e1 ocupada y as\u00ed evitar su p\u00e9rdida.<\/p>\n<p class=\"x_MsoNormal\">\n<p class=\"x_MsoNormal\">Esta maniobra le costara al Estado Nacional la cantidad 7 millones de euros, que se pagar\u00e1n en cuotas a lo largo de este a\u00f1o sin ning\u00fan valor agregado tecnol\u00f3gico. Volvemos alertar sobre el deterioro y el impacto negativo que tiene la aplicaci\u00f3n de este tipo de decisiones, que buscan el vaciamiento de ARSAT. Hablamos, nada menos, que de vulnerar una de las empresas impulsora del desarrollo tecnol\u00f3gico argentino, para convertirla en una mera administradora de los grandes intereses multinacionales del sector afectando una vez m\u00e1s el patrimonio del Estado y la posibilidad de soberan\u00eda en un \u00e1rea clave.<\/p>\n<p class=\"x_MsoNormal\"><span style=\"font-family: Arial Narrow, sans-serif;\"><i><b>Silvina Garc\u00eda Larraburu<\/b><\/i><\/span><\/p>\n<p class=\"x_MsoNormal\"><span style=\"font-family: Arial Narrow, sans-serif;\"><i><b>Senadora Nacional FpV Rio Negro<\/b><\/i><\/span><\/p>\n<\/div>\n","protected":false},"excerpt":{"rendered":"<p>Ante un nuevo avance, en paralelo a la\u00a0licitaci\u00f3n\u00a0y privatizaci\u00f3n de bandas del espectro electromagn\u00e9tico que estaban por ley otorgadas la [&hellip;]<\/p>\n","protected":false},"author":2,"featured_media":58906,"comment_status":"open","ping_status":"open","sticky":false,"template":"","format":"standard","meta":{"site-sidebar-layout":"default","site-content-layout":"","ast-site-content-layout":"default","site-content-style":"default","site-sidebar-style":"default","ast-global-header-display":"","ast-banner-title-visibility":"","ast-main-header-display":"","ast-hfb-above-header-display":"","ast-hfb-below-header-display":"","ast-hfb-mobile-header-display":"","site-post-title":"","ast-breadcrumbs-content":"","ast-featured-img":"","footer-sml-layout":"","ast-disable-related-posts":"","theme-transparent-header-meta":"","adv-header-id-meta":"","stick-header-meta":"","header-above-stick-meta":"","header-main-stick-meta":"","header-below-stick-meta":"","astra-migrate-meta-layouts":"default","ast-page-background-enabled":"default","ast-page-background-meta":{"desktop":{"background-color":"var(--ast-global-color-5)","background-image":"","background-repeat":"repeat","background-position":"center center","background-size":"auto","background-attachment":"scroll","background-type":"","background-media":"","overlay-type":"","overlay-color":"","overlay-opacity":"","overlay-gradient":""},"tablet":{"background-color":"","background-image":"","background-repeat":"repeat","background-position":"center center","background-size":"auto","background-attachment":"scroll","background-type":"","background-media":"","overlay-type":"","overlay-color":"","overlay-opacity":"","overlay-gradient":""},"mobile":{"background-color":"","background-image":"","background-repeat":"repeat","background-position":"center center","background-size":"auto","background-attachment":"scroll","background-type":"","background-media":"","overlay-type":"","overlay-color":"","overlay-opacity":"","overlay-gradient":""}},"ast-content-background-meta":{"desktop":{"background-color":"var(--ast-global-color-4)","background-image":"","background-repeat":"repeat","background-position":"center center","background-size":"auto","background-attachment":"scroll","background-type":"","background-media":"","overlay-type":"","overlay-color":"","overlay-opacity":"","overlay-gradient":""},"tablet":{"background-color":"var(--ast-global-color-4)","background-image":"","background-repeat":"repeat","background-position":"center center","background-size":"auto","background-attachment":"scroll","background-type":"","background-media":"","overlay-type":"","overlay-color":"","overlay-opacity":"","overlay-gradient":""},"mobile":{"background-color":"var(--ast-global-color-4)","background-image":"","background-repeat":"repeat","background-position":"center center","background-size":"auto","background-attachment":"scroll","background-type":"","background-media":"","overlay-type":"","overlay-color":"","overlay-opacity":"","overlay-gradient":""}},"footnotes":""},"categories":[15,1],"tags":[],"class_list":["post-58905","post","type-post","status-publish","format-standard","has-post-thumbnail","hentry","category-editorial","category-noticias"],"yoast_head":"<!-- This site is optimized with the Yoast SEO Premium plugin v23.0 (Yoast SEO v27.4) - https:\/\/yoast.com\/product\/yoast-seo-premium-wordpress\/ -->\n<title>El costo de discontinuar el Plan Satelital Argentino\/Por Silvina Garc\u00eda Larraburu<\/title>\n<meta name=\"robots\" content=\"index, follow, max-snippet:-1, max-image-preview:large, max-video-preview:-1\" \/>\n<link rel=\"canonical\" href=\"https:\/\/patagoniambiental.com.ar\/info\/el-costo-de-discontinuar-el-plan-satelital-argentino-por-silvina-garcia-larraburu\/\" \/>\n<meta property=\"og:locale\" content=\"es_ES\" \/>\n<meta property=\"og:type\" content=\"article\" \/>\n<meta property=\"og:title\" content=\"El costo de discontinuar el Plan Satelital Argentino\/Por Silvina Garc\u00eda Larraburu\" \/>\n<meta property=\"og:description\" content=\"Ante un nuevo avance, en paralelo a la\u00a0licitaci\u00f3n\u00a0y privatizaci\u00f3n de bandas del espectro electromagn\u00e9tico que estaban por ley otorgadas la [&hellip;]\" \/>\n<meta property=\"og:url\" content=\"https:\/\/patagoniambiental.com.ar\/info\/el-costo-de-discontinuar-el-plan-satelital-argentino-por-silvina-garcia-larraburu\/\" \/>\n<meta property=\"og:site_name\" content=\"Patagonia Ambiental\" \/>\n<meta property=\"article:publisher\" content=\"https:\/\/www.facebook.com\/patagonia.ambiental\" \/>\n<meta property=\"article:author\" content=\"https:\/\/www.facebook.com\/share\/1C1V8Gv9BX\/?mibextid=qi2Omg\" \/>\n<meta property=\"article:published_time\" content=\"2019-02-13T12:00:39+00:00\" \/>\n<meta property=\"og:image\" content=\"https:\/\/patagoniambiental.com.ar\/info\/wp-content\/uploads\/2019\/02\/thumbnail_SGL-2.jpg\" \/>\n\t<meta property=\"og:image:width\" content=\"1008\" \/>\n\t<meta property=\"og:image:height\" content=\"768\" \/>\n\t<meta property=\"og:image:type\" content=\"image\/jpeg\" \/>\n<meta name=\"author\" content=\"Patagonia Ambiental\" \/>\n<meta name=\"twitter:card\" content=\"summary_large_image\" \/>\n<meta name=\"twitter:creator\" content=\"@PatAmb\" \/>\n<meta name=\"twitter:site\" content=\"@PatAmb\" \/>\n<script type=\"application\/ld+json\" class=\"yoast-schema-graph\">{\"@context\":\"https:\\\/\\\/schema.org\",\"@graph\":[{\"@type\":\"Article\",\"@id\":\"https:\\\/\\\/patagoniambiental.com.ar\\\/info\\\/el-costo-de-discontinuar-el-plan-satelital-argentino-por-silvina-garcia-larraburu\\\/#article\",\"isPartOf\":{\"@id\":\"https:\\\/\\\/patagoniambiental.com.ar\\\/info\\\/el-costo-de-discontinuar-el-plan-satelital-argentino-por-silvina-garcia-larraburu\\\/\"},\"author\":{\"name\":\"Patagonia Ambiental\",\"@id\":\"https:\\\/\\\/patagoniambiental.com.ar\\\/info\\\/#\\\/schema\\\/person\\\/db12bff64bbcbf6a253710bf0ea37b5d\"},\"headline\":\"El costo de discontinuar el Plan Satelital Argentino\\\/Por Silvina Garc\u00eda Larraburu\",\"datePublished\":\"2019-02-13T12:00:39+00:00\",\"mainEntityOfPage\":{\"@id\":\"https:\\\/\\\/patagoniambiental.com.ar\\\/info\\\/el-costo-de-discontinuar-el-plan-satelital-argentino-por-silvina-garcia-larraburu\\\/\"},\"wordCount\":419,\"commentCount\":0,\"publisher\":{\"@id\":\"https:\\\/\\\/patagoniambiental.com.ar\\\/info\\\/#organization\"},\"image\":{\"@id\":\"https:\\\/\\\/patagoniambiental.com.ar\\\/info\\\/el-costo-de-discontinuar-el-plan-satelital-argentino-por-silvina-garcia-larraburu\\\/#primaryimage\"},\"thumbnailUrl\":\"https:\\\/\\\/patagoniambiental.com.ar\\\/info\\\/wp-content\\\/uploads\\\/2019\\\/02\\\/thumbnail_SGL-2.jpg\",\"articleSection\":[\"Editorial\",\"Noticias\"],\"inLanguage\":\"es\",\"potentialAction\":[{\"@type\":\"CommentAction\",\"name\":\"Comment\",\"target\":[\"https:\\\/\\\/patagoniambiental.com.ar\\\/info\\\/el-costo-de-discontinuar-el-plan-satelital-argentino-por-silvina-garcia-larraburu\\\/#respond\"]}]},{\"@type\":\"WebPage\",\"@id\":\"https:\\\/\\\/patagoniambiental.com.ar\\\/info\\\/el-costo-de-discontinuar-el-plan-satelital-argentino-por-silvina-garcia-larraburu\\\/\",\"url\":\"https:\\\/\\\/patagoniambiental.com.ar\\\/info\\\/el-costo-de-discontinuar-el-plan-satelital-argentino-por-silvina-garcia-larraburu\\\/\",\"name\":\"El costo de discontinuar el Plan Satelital Argentino\\\/Por Silvina Garc\u00eda Larraburu\",\"isPartOf\":{\"@id\":\"https:\\\/\\\/patagoniambiental.com.ar\\\/info\\\/#website\"},\"primaryImageOfPage\":{\"@id\":\"https:\\\/\\\/patagoniambiental.com.ar\\\/info\\\/el-costo-de-discontinuar-el-plan-satelital-argentino-por-silvina-garcia-larraburu\\\/#primaryimage\"},\"image\":{\"@id\":\"https:\\\/\\\/patagoniambiental.com.ar\\\/info\\\/el-costo-de-discontinuar-el-plan-satelital-argentino-por-silvina-garcia-larraburu\\\/#primaryimage\"},\"thumbnailUrl\":\"https:\\\/\\\/patagoniambiental.com.ar\\\/info\\\/wp-content\\\/uploads\\\/2019\\\/02\\\/thumbnail_SGL-2.jpg\",\"datePublished\":\"2019-02-13T12:00:39+00:00\",\"breadcrumb\":{\"@id\":\"https:\\\/\\\/patagoniambiental.com.ar\\\/info\\\/el-costo-de-discontinuar-el-plan-satelital-argentino-por-silvina-garcia-larraburu\\\/#breadcrumb\"},\"inLanguage\":\"es\",\"potentialAction\":[{\"@type\":\"ReadAction\",\"target\":[\"https:\\\/\\\/patagoniambiental.com.ar\\\/info\\\/el-costo-de-discontinuar-el-plan-satelital-argentino-por-silvina-garcia-larraburu\\\/\"]}]},{\"@type\":\"ImageObject\",\"inLanguage\":\"es\",\"@id\":\"https:\\\/\\\/patagoniambiental.com.ar\\\/info\\\/el-costo-de-discontinuar-el-plan-satelital-argentino-por-silvina-garcia-larraburu\\\/#primaryimage\",\"url\":\"https:\\\/\\\/patagoniambiental.com.ar\\\/info\\\/wp-content\\\/uploads\\\/2019\\\/02\\\/thumbnail_SGL-2.jpg\",\"contentUrl\":\"https:\\\/\\\/patagoniambiental.com.ar\\\/info\\\/wp-content\\\/uploads\\\/2019\\\/02\\\/thumbnail_SGL-2.jpg\",\"width\":788,\"height\":600},{\"@type\":\"BreadcrumbList\",\"@id\":\"https:\\\/\\\/patagoniambiental.com.ar\\\/info\\\/el-costo-de-discontinuar-el-plan-satelital-argentino-por-silvina-garcia-larraburu\\\/#breadcrumb\",\"itemListElement\":[{\"@type\":\"ListItem\",\"position\":1,\"name\":\"Inicio\",\"item\":\"https:\\\/\\\/patagoniambiental.com.ar\\\/info\\\/\"},{\"@type\":\"ListItem\",\"position\":2,\"name\":\"El costo de discontinuar el Plan Satelital Argentino\\\/Por Silvina Garc\u00eda Larraburu\"}]},{\"@type\":\"WebSite\",\"@id\":\"https:\\\/\\\/patagoniambiental.com.ar\\\/info\\\/#website\",\"url\":\"https:\\\/\\\/patagoniambiental.com.ar\\\/info\\\/\",\"name\":\"Patagonia Ambiental\",\"description\":\"Monitoreo y an\u00e1lisis de la situaci\u00f3n geopol\u00edtica en el mundo y su implicancia en la Patagonia\",\"publisher\":{\"@id\":\"https:\\\/\\\/patagoniambiental.com.ar\\\/info\\\/#organization\"},\"potentialAction\":[{\"@type\":\"SearchAction\",\"target\":{\"@type\":\"EntryPoint\",\"urlTemplate\":\"https:\\\/\\\/patagoniambiental.com.ar\\\/info\\\/?s={search_term_string}\"},\"query-input\":{\"@type\":\"PropertyValueSpecification\",\"valueRequired\":true,\"valueName\":\"search_term_string\"}}],\"inLanguage\":\"es\"},{\"@type\":\"Organization\",\"@id\":\"https:\\\/\\\/patagoniambiental.com.ar\\\/info\\\/#organization\",\"name\":\"Patagonia Ambiental\",\"url\":\"https:\\\/\\\/patagoniambiental.com.ar\\\/info\\\/\",\"logo\":{\"@type\":\"ImageObject\",\"inLanguage\":\"es\",\"@id\":\"https:\\\/\\\/patagoniambiental.com.ar\\\/info\\\/#\\\/schema\\\/logo\\\/image\\\/\",\"url\":\"https:\\\/\\\/patagoniambiental.com.ar\\\/info\\\/wp-content\\\/uploads\\\/2025\\\/05\\\/LOGO-PATAGONIA-AMBIENTAL.png\",\"contentUrl\":\"https:\\\/\\\/patagoniambiental.com.ar\\\/info\\\/wp-content\\\/uploads\\\/2025\\\/05\\\/LOGO-PATAGONIA-AMBIENTAL.png\",\"width\":433,\"height\":250,\"caption\":\"Patagonia Ambiental\"},\"image\":{\"@id\":\"https:\\\/\\\/patagoniambiental.com.ar\\\/info\\\/#\\\/schema\\\/logo\\\/image\\\/\"},\"sameAs\":[\"https:\\\/\\\/www.facebook.com\\\/patagonia.ambiental\",\"https:\\\/\\\/x.com\\\/PatAmb\"]},{\"@type\":\"Person\",\"@id\":\"https:\\\/\\\/patagoniambiental.com.ar\\\/info\\\/#\\\/schema\\\/person\\\/db12bff64bbcbf6a253710bf0ea37b5d\",\"name\":\"Patagonia Ambiental\",\"description\":\"Andr\u00e9s Nievas T\u00e9cnico en manejo ambiental, consultor Ambiental y escritor para medios locales e internacionales sobre temas de geopolitica y medio ambiente.\",\"sameAs\":[\"http:\\\/\\\/www.patagoniambiental.com.ar\",\"https:\\\/\\\/www.facebook.com\\\/share\\\/1C1V8Gv9BX\\\/?mibextid=qi2Omg\",\"@patagoniambiental\",\"https:\\\/\\\/youtube.com\\\/@patagoniaambiental2023?si=BLt58t0wuXquxlYZ\"]}]}<\/script>\n<!-- \/ Yoast SEO Premium plugin. -->","yoast_head_json":{"title":"El costo de discontinuar el Plan Satelital Argentino\/Por Silvina Garc\u00eda Larraburu","robots":{"index":"index","follow":"follow","max-snippet":"max-snippet:-1","max-image-preview":"max-image-preview:large","max-video-preview":"max-video-preview:-1"},"canonical":"https:\/\/patagoniambiental.com.ar\/info\/el-costo-de-discontinuar-el-plan-satelital-argentino-por-silvina-garcia-larraburu\/","og_locale":"es_ES","og_type":"article","og_title":"El costo de discontinuar el Plan Satelital Argentino\/Por Silvina Garc\u00eda Larraburu","og_description":"Ante un nuevo avance, en paralelo a la\u00a0licitaci\u00f3n\u00a0y privatizaci\u00f3n de bandas del espectro electromagn\u00e9tico que estaban por ley otorgadas la [&hellip;]","og_url":"https:\/\/patagoniambiental.com.ar\/info\/el-costo-de-discontinuar-el-plan-satelital-argentino-por-silvina-garcia-larraburu\/","og_site_name":"Patagonia Ambiental","article_publisher":"https:\/\/www.facebook.com\/patagonia.ambiental","article_author":"https:\/\/www.facebook.com\/share\/1C1V8Gv9BX\/?mibextid=qi2Omg","article_published_time":"2019-02-13T12:00:39+00:00","og_image":[{"width":1008,"height":768,"url":"https:\/\/patagoniambiental.com.ar\/info\/wp-content\/uploads\/2019\/02\/thumbnail_SGL-2.jpg","type":"image\/jpeg"}],"author":"Patagonia Ambiental","twitter_card":"summary_large_image","twitter_creator":"@PatAmb","twitter_site":"@PatAmb","schema":{"@context":"https:\/\/schema.org","@graph":[{"@type":"Article","@id":"https:\/\/patagoniambiental.com.ar\/info\/el-costo-de-discontinuar-el-plan-satelital-argentino-por-silvina-garcia-larraburu\/#article","isPartOf":{"@id":"https:\/\/patagoniambiental.com.ar\/info\/el-costo-de-discontinuar-el-plan-satelital-argentino-por-silvina-garcia-larraburu\/"},"author":{"name":"Patagonia Ambiental","@id":"https:\/\/patagoniambiental.com.ar\/info\/#\/schema\/person\/db12bff64bbcbf6a253710bf0ea37b5d"},"headline":"El costo de discontinuar el Plan Satelital Argentino\/Por Silvina Garc\u00eda Larraburu","datePublished":"2019-02-13T12:00:39+00:00","mainEntityOfPage":{"@id":"https:\/\/patagoniambiental.com.ar\/info\/el-costo-de-discontinuar-el-plan-satelital-argentino-por-silvina-garcia-larraburu\/"},"wordCount":419,"commentCount":0,"publisher":{"@id":"https:\/\/patagoniambiental.com.ar\/info\/#organization"},"image":{"@id":"https:\/\/patagoniambiental.com.ar\/info\/el-costo-de-discontinuar-el-plan-satelital-argentino-por-silvina-garcia-larraburu\/#primaryimage"},"thumbnailUrl":"https:\/\/patagoniambiental.com.ar\/info\/wp-content\/uploads\/2019\/02\/thumbnail_SGL-2.jpg","articleSection":["Editorial","Noticias"],"inLanguage":"es","potentialAction":[{"@type":"CommentAction","name":"Comment","target":["https:\/\/patagoniambiental.com.ar\/info\/el-costo-de-discontinuar-el-plan-satelital-argentino-por-silvina-garcia-larraburu\/#respond"]}]},{"@type":"WebPage","@id":"https:\/\/patagoniambiental.com.ar\/info\/el-costo-de-discontinuar-el-plan-satelital-argentino-por-silvina-garcia-larraburu\/","url":"https:\/\/patagoniambiental.com.ar\/info\/el-costo-de-discontinuar-el-plan-satelital-argentino-por-silvina-garcia-larraburu\/","name":"El costo de discontinuar el Plan Satelital Argentino\/Por Silvina Garc\u00eda Larraburu","isPartOf":{"@id":"https:\/\/patagoniambiental.com.ar\/info\/#website"},"primaryImageOfPage":{"@id":"https:\/\/patagoniambiental.com.ar\/info\/el-costo-de-discontinuar-el-plan-satelital-argentino-por-silvina-garcia-larraburu\/#primaryimage"},"image":{"@id":"https:\/\/patagoniambiental.com.ar\/info\/el-costo-de-discontinuar-el-plan-satelital-argentino-por-silvina-garcia-larraburu\/#primaryimage"},"thumbnailUrl":"https:\/\/patagoniambiental.com.ar\/info\/wp-content\/uploads\/2019\/02\/thumbnail_SGL-2.jpg","datePublished":"2019-02-13T12:00:39+00:00","breadcrumb":{"@id":"https:\/\/patagoniambiental.com.ar\/info\/el-costo-de-discontinuar-el-plan-satelital-argentino-por-silvina-garcia-larraburu\/#breadcrumb"},"inLanguage":"es","potentialAction":[{"@type":"ReadAction","target":["https:\/\/patagoniambiental.com.ar\/info\/el-costo-de-discontinuar-el-plan-satelital-argentino-por-silvina-garcia-larraburu\/"]}]},{"@type":"ImageObject","inLanguage":"es","@id":"https:\/\/patagoniambiental.com.ar\/info\/el-costo-de-discontinuar-el-plan-satelital-argentino-por-silvina-garcia-larraburu\/#primaryimage","url":"https:\/\/patagoniambiental.com.ar\/info\/wp-content\/uploads\/2019\/02\/thumbnail_SGL-2.jpg","contentUrl":"https:\/\/patagoniambiental.com.ar\/info\/wp-content\/uploads\/2019\/02\/thumbnail_SGL-2.jpg","width":788,"height":600},{"@type":"BreadcrumbList","@id":"https:\/\/patagoniambiental.com.ar\/info\/el-costo-de-discontinuar-el-plan-satelital-argentino-por-silvina-garcia-larraburu\/#breadcrumb","itemListElement":[{"@type":"ListItem","position":1,"name":"Inicio","item":"https:\/\/patagoniambiental.com.ar\/info\/"},{"@type":"ListItem","position":2,"name":"El costo de discontinuar el Plan Satelital Argentino\/Por Silvina Garc\u00eda Larraburu"}]},{"@type":"WebSite","@id":"https:\/\/patagoniambiental.com.ar\/info\/#website","url":"https:\/\/patagoniambiental.com.ar\/info\/","name":"Patagonia Ambiental","description":"Monitoreo y an\u00e1lisis de la situaci\u00f3n geopol\u00edtica en el mundo y su implicancia en la Patagonia","publisher":{"@id":"https:\/\/patagoniambiental.com.ar\/info\/#organization"},"potentialAction":[{"@type":"SearchAction","target":{"@type":"EntryPoint","urlTemplate":"https:\/\/patagoniambiental.com.ar\/info\/?s={search_term_string}"},"query-input":{"@type":"PropertyValueSpecification","valueRequired":true,"valueName":"search_term_string"}}],"inLanguage":"es"},{"@type":"Organization","@id":"https:\/\/patagoniambiental.com.ar\/info\/#organization","name":"Patagonia Ambiental","url":"https:\/\/patagoniambiental.com.ar\/info\/","logo":{"@type":"ImageObject","inLanguage":"es","@id":"https:\/\/patagoniambiental.com.ar\/info\/#\/schema\/logo\/image\/","url":"https:\/\/patagoniambiental.com.ar\/info\/wp-content\/uploads\/2025\/05\/LOGO-PATAGONIA-AMBIENTAL.png","contentUrl":"https:\/\/patagoniambiental.com.ar\/info\/wp-content\/uploads\/2025\/05\/LOGO-PATAGONIA-AMBIENTAL.png","width":433,"height":250,"caption":"Patagonia Ambiental"},"image":{"@id":"https:\/\/patagoniambiental.com.ar\/info\/#\/schema\/logo\/image\/"},"sameAs":["https:\/\/www.facebook.com\/patagonia.ambiental","https:\/\/x.com\/PatAmb"]},{"@type":"Person","@id":"https:\/\/patagoniambiental.com.ar\/info\/#\/schema\/person\/db12bff64bbcbf6a253710bf0ea37b5d","name":"Patagonia Ambiental","description":"Andr\u00e9s Nievas T\u00e9cnico en manejo ambiental, consultor Ambiental y escritor para medios locales e internacionales sobre temas de geopolitica y medio ambiente.","sameAs":["http:\/\/www.patagoniambiental.com.ar","https:\/\/www.facebook.com\/share\/1C1V8Gv9BX\/?mibextid=qi2Omg","@patagoniambiental","https:\/\/youtube.com\/@patagoniaambiental2023?si=BLt58t0wuXquxlYZ"]}]}},"_links":{"self":[{"href":"https:\/\/patagoniambiental.com.ar\/info\/wp-json\/wp\/v2\/posts\/58905","targetHints":{"allow":["GET"]}}],"collection":[{"href":"https:\/\/patagoniambiental.com.ar\/info\/wp-json\/wp\/v2\/posts"}],"about":[{"href":"https:\/\/patagoniambiental.com.ar\/info\/wp-json\/wp\/v2\/types\/post"}],"author":[{"embeddable":true,"href":"https:\/\/patagoniambiental.com.ar\/info\/wp-json\/wp\/v2\/users\/2"}],"replies":[{"embeddable":true,"href":"https:\/\/patagoniambiental.com.ar\/info\/wp-json\/wp\/v2\/comments?post=58905"}],"version-history":[{"count":0,"href":"https:\/\/patagoniambiental.com.ar\/info\/wp-json\/wp\/v2\/posts\/58905\/revisions"}],"wp:featuredmedia":[{"embeddable":true,"href":"https:\/\/patagoniambiental.com.ar\/info\/wp-json\/wp\/v2\/media\/58906"}],"wp:attachment":[{"href":"https:\/\/patagoniambiental.com.ar\/info\/wp-json\/wp\/v2\/media?parent=58905"}],"wp:term":[{"taxonomy":"category","embeddable":true,"href":"https:\/\/patagoniambiental.com.ar\/info\/wp-json\/wp\/v2\/categories?post=58905"},{"taxonomy":"post_tag","embeddable":true,"href":"https:\/\/patagoniambiental.com.ar\/info\/wp-json\/wp\/v2\/tags?post=58905"}],"curies":[{"name":"wp","href":"https:\/\/api.w.org\/{rel}","templated":true}]}}