{"id":58909,"date":"2019-02-12T19:00:36","date_gmt":"2019-02-12T22:00:36","guid":{"rendered":"http:\/\/patagoniambiental.com.ar\/info\/?p=58909"},"modified":"2019-02-12T11:33:32","modified_gmt":"2019-02-12T14:33:32","slug":"tierra-del-fuego-insistio-en-que-no-habilitara-salmoneras-en-el-canal-beagle","status":"publish","type":"post","link":"https:\/\/patagoniambiental.com.ar\/info\/tierra-del-fuego-insistio-en-que-no-habilitara-salmoneras-en-el-canal-beagle\/","title":{"rendered":"TIERRA DEL FUEGO INSISTI\u00d3 EN QUE NO HABILITAR\u00c1 SALMONERAS EN EL CANAL BEAGLE"},"content":{"rendered":"<div class=\"title-top\">\n<div class=\"inner-container clearfix\"><\/div>\n<\/div>\n<div class=\"inner-container clearfix\">\n<div class=\"article-container pull-left\">\n<div class=\"title-bottom clearfix\">\n<div class=\"bottom clearfix\">\n<div class=\"nota-share pull-right\">Tierra del Fuego, AIAS.-El gobierno de Tierra del Fuego reiter\u00f3 ayer que \u00abno instalar\u00e1\u00bb criaderos artificiales de salmones en el Canal Beagle, una medida que ya hab\u00eda descartado semanas atr\u00e1s pero que sigue generando debate por el pedido de asociaciones ambientalistas para que la actividad sea expresamente prohibida a trav\u00e9s de una ley.<\/div>\n<div><!--more--><\/div>\n<\/div>\n<\/div>\n<div class=\"article-full-body text-font\">\n<div class=\"article-body-content\">\n<p>El presidente de la Direcci\u00f3n Provincial de Obras y Servicios Sanitarios (DPOSS) Guillermo Worman asegur\u00f3 que la gesti\u00f3n de la gobernadora Rosana Bertone \u00abno avanzar\u00e1 en la instalaci\u00f3n de salmoneras\u00bb porque \u00abla soluci\u00f3n para crear empleo no es a costa de la degradaci\u00f3n ambiental\u00bb, indic\u00f3 el funcionario en declaraciones difundidas por la secretar\u00eda de medios de la provincia.<\/p>\n<p>\u00abYa hemos dicho que no est\u00e1 en agenda el desarrollo de la industria de salmones con cr\u00edas en jaulas. Ese no es el camino que queremos para el desarrollo del Canal Beagle. Este gobierno es el que m\u00e1s ha hecho por el saneamiento ambiental de la bah\u00eda (de Ushuaia) construyendo plantas de tratamiento de efluentes cloacales y no vamos a poner en riesgo ese trabajo\u00bb, sostuvo Worman.<\/p>\n<p>La pol\u00e9mica surgi\u00f3 a partir de que el gobierno fueguino acept\u00f3 en marzo de 2018 realizar un estudio de prefactibilidad sobre la explotaci\u00f3n de salm\u00f3nidos en el Beagle, cuyos resultados a\u00fan no se conocen.<\/p>\n<p>\u00abLa provincia acord\u00f3 colaborar con el gobierno nacional y con una agencia p\u00fablica de innovaci\u00f3n tecnol\u00f3gica noruega, para hacer este estudio. Aceptamos porque tenemos la obligaci\u00f3n de explorar todas las alternativas que nos permitan generar puestos de trabajo, como la energ\u00eda e\u00f3lica, los hidrocarburos, o la turba. Pero despu\u00e9s se toman decisiones pol\u00edticas\u00bb, fundament\u00f3 el funcionario.<\/p>\n<p>Seg\u00fan aclar\u00f3, el estudio tiene por objeto analizar la capacidad de carga del canal, y los posibles sitios para el desarrollo de la acuicultura, \u00absin que se especifique una especie en particular\u00bb.<\/p>\n<p>De todas maneras, el titular de la DPOSS insisti\u00f3 en que aunque el relevamiento lo considerara factible, la provincia \u00abya tom\u00f3 la decisi\u00f3n pol\u00edtica de no avanzar\u00bb en funci\u00f3n de los antecedentes registrados en el sur de Chile, donde la cr\u00eda de salmones deriv\u00f3 en m\u00faltiples inconvenientes ambientales.<\/p>\n<p>Tanto asociaciones ambientales como miembros del Centro Austral de Investigaciones Cient\u00edficas (Cadic) dependiente del Conicet, hab\u00edan cuestionado que las salmoneras pueden contaminar el lecho marino por la utilizaci\u00f3n de antibi\u00f3ticos en el proceso de cr\u00eda de los animales, adem\u00e1s del riesgo de fuga de los peces del interior de las jaulas y de la consecuente alteraci\u00f3n de la cadena alimentaria en detrimento de las especies aut\u00f3ctonas.<\/p>\n<p>Pese a la definici\u00f3n oficial, las organizaciones no gubernamentales y la comunidad cient\u00edfica consideran que la legislatura provincial deber\u00eda sancionar una ley espec\u00edfica, prohibiendo la actividad con independencia del gobierno de turno.<\/p>\n<p>Seg\u00fan Worman, la posibilidad de una normativa \u00abexcede el marco del poder ejecutivo y debe surgir de un consenso\u00bb con el resto de las fuerzas pol\u00edticas representadas en el parlamento fueguino.<\/p>\n<p>\u00abNosotros seguimos trabajando en otras formas de enfrentar la crisis laboral que sean compatibles con el cuidado del medio ambiente. Y esta no es una de esas formas\u00bb, reiter\u00f3 el funcionario.<\/p>\n<p>&nbsp;<\/p>\n<p>Fuente: T\u00e9lam<\/p>\n<\/div>\n<\/div>\n<\/div>\n<\/div>\n<p>&nbsp;<\/p>\n","protected":false},"excerpt":{"rendered":"<p>Tierra del Fuego, AIAS.-El gobierno de Tierra del Fuego reiter\u00f3 ayer que \u00abno instalar\u00e1\u00bb criaderos artificiales de salmones en el [&hellip;]<\/p>\n","protected":false},"author":2,"featured_media":58910,"comment_status":"open","ping_status":"open","sticky":false,"template":"","format":"standard","meta":{"site-sidebar-layout":"default","site-content-layout":"","ast-site-content-layout":"default","site-content-style":"default","site-sidebar-style":"default","ast-global-header-display":"","ast-banner-title-visibility":"","ast-main-header-display":"","ast-hfb-above-header-display":"","ast-hfb-below-header-display":"","ast-hfb-mobile-header-display":"","site-post-title":"","ast-breadcrumbs-content":"","ast-featured-img":"","footer-sml-layout":"","ast-disable-related-posts":"","theme-transparent-header-meta":"","adv-header-id-meta":"","stick-header-meta":"","header-above-stick-meta":"","header-main-stick-meta":"","header-below-stick-meta":"","astra-migrate-meta-layouts":"default","ast-page-background-enabled":"default","ast-page-background-meta":{"desktop":{"background-color":"var(--ast-global-color-5)","background-image":"","background-repeat":"repeat","background-position":"center center","background-size":"auto","background-attachment":"scroll","background-type":"","background-media":"","overlay-type":"","overlay-color":"","overlay-opacity":"","overlay-gradient":""},"tablet":{"background-color":"","background-image":"","background-repeat":"repeat","background-position":"center center","background-size":"auto","background-attachment":"scroll","background-type":"","background-media":"","overlay-type":"","overlay-color":"","overlay-opacity":"","overlay-gradient":""},"mobile":{"background-color":"","background-image":"","background-repeat":"repeat","background-position":"center center","background-size":"auto","background-attachment":"scroll","background-type":"","background-media":"","overlay-type":"","overlay-color":"","overlay-opacity":"","overlay-gradient":""}},"ast-content-background-meta":{"desktop":{"background-color":"var(--ast-global-color-4)","background-image":"","background-repeat":"repeat","background-position":"center center","background-size":"auto","background-attachment":"scroll","background-type":"","background-media":"","overlay-type":"","overlay-color":"","overlay-opacity":"","overlay-gradient":""},"tablet":{"background-color":"var(--ast-global-color-4)","background-image":"","background-repeat":"repeat","background-position":"center center","background-size":"auto","background-attachment":"scroll","background-type":"","background-media":"","overlay-type":"","overlay-color":"","overlay-opacity":"","overlay-gradient":""},"mobile":{"background-color":"var(--ast-global-color-4)","background-image":"","background-repeat":"repeat","background-position":"center center","background-size":"auto","background-attachment":"scroll","background-type":"","background-media":"","overlay-type":"","overlay-color":"","overlay-opacity":"","overlay-gradient":""}},"footnotes":""},"categories":[1,13,25],"tags":[],"class_list":["post-58909","post","type-post","status-publish","format-standard","has-post-thumbnail","hentry","category-noticias","category-provinciales","category-tierra-del-fuego"],"yoast_head":"<!-- This site is optimized with the Yoast SEO Premium plugin v23.0 (Yoast SEO v27.4) - https:\/\/yoast.com\/product\/yoast-seo-premium-wordpress\/ -->\n<title>TIERRA DEL FUEGO INSISTI\u00d3 EN QUE NO HABILITAR\u00c1 SALMONERAS EN EL CANAL BEAGLE<\/title>\n<meta name=\"robots\" content=\"index, follow, max-snippet:-1, max-image-preview:large, max-video-preview:-1\" \/>\n<link rel=\"canonical\" href=\"https:\/\/patagoniambiental.com.ar\/info\/tierra-del-fuego-insistio-en-que-no-habilitara-salmoneras-en-el-canal-beagle\/\" \/>\n<meta property=\"og:locale\" content=\"es_ES\" \/>\n<meta property=\"og:type\" content=\"article\" \/>\n<meta property=\"og:title\" content=\"TIERRA DEL FUEGO INSISTI\u00d3 EN QUE NO HABILITAR\u00c1 SALMONERAS EN EL CANAL BEAGLE\" \/>\n<meta property=\"og:description\" content=\"Tierra del Fuego, AIAS.-El gobierno de Tierra del Fuego reiter\u00f3 ayer que \u00abno instalar\u00e1\u00bb criaderos artificiales de salmones en el [&hellip;]\" \/>\n<meta property=\"og:url\" content=\"https:\/\/patagoniambiental.com.ar\/info\/tierra-del-fuego-insistio-en-que-no-habilitara-salmoneras-en-el-canal-beagle\/\" \/>\n<meta property=\"og:site_name\" content=\"Patagonia Ambiental\" \/>\n<meta property=\"article:publisher\" content=\"https:\/\/www.facebook.com\/patagonia.ambiental\" \/>\n<meta property=\"article:author\" content=\"https:\/\/www.facebook.com\/share\/1C1V8Gv9BX\/?mibextid=qi2Omg\" \/>\n<meta property=\"article:published_time\" content=\"2019-02-12T22:00:36+00:00\" \/>\n<meta property=\"og:image\" content=\"https:\/\/patagoniambiental.com.ar\/info\/wp-content\/uploads\/2019\/02\/se-aprobo-instalacion-de-salmoneras_qPDZ.jpg\" \/>\n\t<meta property=\"og:image:width\" content=\"800\" \/>\n\t<meta property=\"og:image:height\" content=\"474\" \/>\n\t<meta property=\"og:image:type\" content=\"image\/jpeg\" \/>\n<meta name=\"author\" content=\"Patagonia Ambiental\" \/>\n<meta name=\"twitter:card\" content=\"summary_large_image\" \/>\n<meta name=\"twitter:creator\" content=\"@PatAmb\" \/>\n<meta name=\"twitter:site\" content=\"@PatAmb\" \/>\n<script type=\"application\/ld+json\" class=\"yoast-schema-graph\">{\"@context\":\"https:\\\/\\\/schema.org\",\"@graph\":[{\"@type\":\"Article\",\"@id\":\"https:\\\/\\\/patagoniambiental.com.ar\\\/info\\\/tierra-del-fuego-insistio-en-que-no-habilitara-salmoneras-en-el-canal-beagle\\\/#article\",\"isPartOf\":{\"@id\":\"https:\\\/\\\/patagoniambiental.com.ar\\\/info\\\/tierra-del-fuego-insistio-en-que-no-habilitara-salmoneras-en-el-canal-beagle\\\/\"},\"author\":{\"name\":\"Patagonia Ambiental\",\"@id\":\"https:\\\/\\\/patagoniambiental.com.ar\\\/info\\\/#\\\/schema\\\/person\\\/db12bff64bbcbf6a253710bf0ea37b5d\"},\"headline\":\"TIERRA DEL FUEGO INSISTI\u00d3 EN QUE NO HABILITAR\u00c1 SALMONERAS EN EL CANAL BEAGLE\",\"datePublished\":\"2019-02-12T22:00:36+00:00\",\"mainEntityOfPage\":{\"@id\":\"https:\\\/\\\/patagoniambiental.com.ar\\\/info\\\/tierra-del-fuego-insistio-en-que-no-habilitara-salmoneras-en-el-canal-beagle\\\/\"},\"wordCount\":570,\"commentCount\":0,\"publisher\":{\"@id\":\"https:\\\/\\\/patagoniambiental.com.ar\\\/info\\\/#organization\"},\"image\":{\"@id\":\"https:\\\/\\\/patagoniambiental.com.ar\\\/info\\\/tierra-del-fuego-insistio-en-que-no-habilitara-salmoneras-en-el-canal-beagle\\\/#primaryimage\"},\"thumbnailUrl\":\"https:\\\/\\\/patagoniambiental.com.ar\\\/info\\\/wp-content\\\/uploads\\\/2019\\\/02\\\/se-aprobo-instalacion-de-salmoneras_qPDZ.jpg\",\"articleSection\":[\"Noticias\",\"Provinciales\",\"Tierra del Fuego\"],\"inLanguage\":\"es\",\"potentialAction\":[{\"@type\":\"CommentAction\",\"name\":\"Comment\",\"target\":[\"https:\\\/\\\/patagoniambiental.com.ar\\\/info\\\/tierra-del-fuego-insistio-en-que-no-habilitara-salmoneras-en-el-canal-beagle\\\/#respond\"]}]},{\"@type\":\"WebPage\",\"@id\":\"https:\\\/\\\/patagoniambiental.com.ar\\\/info\\\/tierra-del-fuego-insistio-en-que-no-habilitara-salmoneras-en-el-canal-beagle\\\/\",\"url\":\"https:\\\/\\\/patagoniambiental.com.ar\\\/info\\\/tierra-del-fuego-insistio-en-que-no-habilitara-salmoneras-en-el-canal-beagle\\\/\",\"name\":\"TIERRA DEL FUEGO INSISTI\u00d3 EN QUE NO HABILITAR\u00c1 SALMONERAS EN EL CANAL BEAGLE\",\"isPartOf\":{\"@id\":\"https:\\\/\\\/patagoniambiental.com.ar\\\/info\\\/#website\"},\"primaryImageOfPage\":{\"@id\":\"https:\\\/\\\/patagoniambiental.com.ar\\\/info\\\/tierra-del-fuego-insistio-en-que-no-habilitara-salmoneras-en-el-canal-beagle\\\/#primaryimage\"},\"image\":{\"@id\":\"https:\\\/\\\/patagoniambiental.com.ar\\\/info\\\/tierra-del-fuego-insistio-en-que-no-habilitara-salmoneras-en-el-canal-beagle\\\/#primaryimage\"},\"thumbnailUrl\":\"https:\\\/\\\/patagoniambiental.com.ar\\\/info\\\/wp-content\\\/uploads\\\/2019\\\/02\\\/se-aprobo-instalacion-de-salmoneras_qPDZ.jpg\",\"datePublished\":\"2019-02-12T22:00:36+00:00\",\"breadcrumb\":{\"@id\":\"https:\\\/\\\/patagoniambiental.com.ar\\\/info\\\/tierra-del-fuego-insistio-en-que-no-habilitara-salmoneras-en-el-canal-beagle\\\/#breadcrumb\"},\"inLanguage\":\"es\",\"potentialAction\":[{\"@type\":\"ReadAction\",\"target\":[\"https:\\\/\\\/patagoniambiental.com.ar\\\/info\\\/tierra-del-fuego-insistio-en-que-no-habilitara-salmoneras-en-el-canal-beagle\\\/\"]}]},{\"@type\":\"ImageObject\",\"inLanguage\":\"es\",\"@id\":\"https:\\\/\\\/patagoniambiental.com.ar\\\/info\\\/tierra-del-fuego-insistio-en-que-no-habilitara-salmoneras-en-el-canal-beagle\\\/#primaryimage\",\"url\":\"https:\\\/\\\/patagoniambiental.com.ar\\\/info\\\/wp-content\\\/uploads\\\/2019\\\/02\\\/se-aprobo-instalacion-de-salmoneras_qPDZ.jpg\",\"contentUrl\":\"https:\\\/\\\/patagoniambiental.com.ar\\\/info\\\/wp-content\\\/uploads\\\/2019\\\/02\\\/se-aprobo-instalacion-de-salmoneras_qPDZ.jpg\",\"width\":800,\"height\":474,\"caption\":\"http:\\\/\\\/www.tierradelfuego.info\\\/public\\\/noticias\\\/se-aprobo-instalacion-de-salmoneras-en-el-beagle\"},{\"@type\":\"BreadcrumbList\",\"@id\":\"https:\\\/\\\/patagoniambiental.com.ar\\\/info\\\/tierra-del-fuego-insistio-en-que-no-habilitara-salmoneras-en-el-canal-beagle\\\/#breadcrumb\",\"itemListElement\":[{\"@type\":\"ListItem\",\"position\":1,\"name\":\"Inicio\",\"item\":\"https:\\\/\\\/patagoniambiental.com.ar\\\/info\\\/\"},{\"@type\":\"ListItem\",\"position\":2,\"name\":\"TIERRA DEL FUEGO INSISTI\u00d3 EN QUE NO HABILITAR\u00c1 SALMONERAS EN EL CANAL BEAGLE\"}]},{\"@type\":\"WebSite\",\"@id\":\"https:\\\/\\\/patagoniambiental.com.ar\\\/info\\\/#website\",\"url\":\"https:\\\/\\\/patagoniambiental.com.ar\\\/info\\\/\",\"name\":\"Patagonia Ambiental\",\"description\":\"Monitoreo y an\u00e1lisis de la situaci\u00f3n geopol\u00edtica en el mundo y su implicancia en la Patagonia\",\"publisher\":{\"@id\":\"https:\\\/\\\/patagoniambiental.com.ar\\\/info\\\/#organization\"},\"potentialAction\":[{\"@type\":\"SearchAction\",\"target\":{\"@type\":\"EntryPoint\",\"urlTemplate\":\"https:\\\/\\\/patagoniambiental.com.ar\\\/info\\\/?s={search_term_string}\"},\"query-input\":{\"@type\":\"PropertyValueSpecification\",\"valueRequired\":true,\"valueName\":\"search_term_string\"}}],\"inLanguage\":\"es\"},{\"@type\":\"Organization\",\"@id\":\"https:\\\/\\\/patagoniambiental.com.ar\\\/info\\\/#organization\",\"name\":\"Patagonia Ambiental\",\"url\":\"https:\\\/\\\/patagoniambiental.com.ar\\\/info\\\/\",\"logo\":{\"@type\":\"ImageObject\",\"inLanguage\":\"es\",\"@id\":\"https:\\\/\\\/patagoniambiental.com.ar\\\/info\\\/#\\\/schema\\\/logo\\\/image\\\/\",\"url\":\"https:\\\/\\\/patagoniambiental.com.ar\\\/info\\\/wp-content\\\/uploads\\\/2025\\\/05\\\/LOGO-PATAGONIA-AMBIENTAL.png\",\"contentUrl\":\"https:\\\/\\\/patagoniambiental.com.ar\\\/info\\\/wp-content\\\/uploads\\\/2025\\\/05\\\/LOGO-PATAGONIA-AMBIENTAL.png\",\"width\":433,\"height\":250,\"caption\":\"Patagonia Ambiental\"},\"image\":{\"@id\":\"https:\\\/\\\/patagoniambiental.com.ar\\\/info\\\/#\\\/schema\\\/logo\\\/image\\\/\"},\"sameAs\":[\"https:\\\/\\\/www.facebook.com\\\/patagonia.ambiental\",\"https:\\\/\\\/x.com\\\/PatAmb\"]},{\"@type\":\"Person\",\"@id\":\"https:\\\/\\\/patagoniambiental.com.ar\\\/info\\\/#\\\/schema\\\/person\\\/db12bff64bbcbf6a253710bf0ea37b5d\",\"name\":\"Patagonia Ambiental\",\"description\":\"Andr\u00e9s Nievas T\u00e9cnico en manejo ambiental, consultor Ambiental y escritor para medios locales e internacionales sobre temas de geopolitica y medio ambiente.\",\"sameAs\":[\"http:\\\/\\\/www.patagoniambiental.com.ar\",\"https:\\\/\\\/www.facebook.com\\\/share\\\/1C1V8Gv9BX\\\/?mibextid=qi2Omg\",\"@patagoniambiental\",\"https:\\\/\\\/youtube.com\\\/@patagoniaambiental2023?si=BLt58t0wuXquxlYZ\"]}]}<\/script>\n<!-- \/ Yoast SEO Premium plugin. -->","yoast_head_json":{"title":"TIERRA DEL FUEGO INSISTI\u00d3 EN QUE NO HABILITAR\u00c1 SALMONERAS EN EL CANAL BEAGLE","robots":{"index":"index","follow":"follow","max-snippet":"max-snippet:-1","max-image-preview":"max-image-preview:large","max-video-preview":"max-video-preview:-1"},"canonical":"https:\/\/patagoniambiental.com.ar\/info\/tierra-del-fuego-insistio-en-que-no-habilitara-salmoneras-en-el-canal-beagle\/","og_locale":"es_ES","og_type":"article","og_title":"TIERRA DEL FUEGO INSISTI\u00d3 EN QUE NO HABILITAR\u00c1 SALMONERAS EN EL CANAL BEAGLE","og_description":"Tierra del Fuego, AIAS.-El gobierno de Tierra del Fuego reiter\u00f3 ayer que \u00abno instalar\u00e1\u00bb criaderos artificiales de salmones en el [&hellip;]","og_url":"https:\/\/patagoniambiental.com.ar\/info\/tierra-del-fuego-insistio-en-que-no-habilitara-salmoneras-en-el-canal-beagle\/","og_site_name":"Patagonia Ambiental","article_publisher":"https:\/\/www.facebook.com\/patagonia.ambiental","article_author":"https:\/\/www.facebook.com\/share\/1C1V8Gv9BX\/?mibextid=qi2Omg","article_published_time":"2019-02-12T22:00:36+00:00","og_image":[{"width":800,"height":474,"url":"https:\/\/patagoniambiental.com.ar\/info\/wp-content\/uploads\/2019\/02\/se-aprobo-instalacion-de-salmoneras_qPDZ.jpg","type":"image\/jpeg"}],"author":"Patagonia Ambiental","twitter_card":"summary_large_image","twitter_creator":"@PatAmb","twitter_site":"@PatAmb","schema":{"@context":"https:\/\/schema.org","@graph":[{"@type":"Article","@id":"https:\/\/patagoniambiental.com.ar\/info\/tierra-del-fuego-insistio-en-que-no-habilitara-salmoneras-en-el-canal-beagle\/#article","isPartOf":{"@id":"https:\/\/patagoniambiental.com.ar\/info\/tierra-del-fuego-insistio-en-que-no-habilitara-salmoneras-en-el-canal-beagle\/"},"author":{"name":"Patagonia Ambiental","@id":"https:\/\/patagoniambiental.com.ar\/info\/#\/schema\/person\/db12bff64bbcbf6a253710bf0ea37b5d"},"headline":"TIERRA DEL FUEGO INSISTI\u00d3 EN QUE NO HABILITAR\u00c1 SALMONERAS EN EL CANAL BEAGLE","datePublished":"2019-02-12T22:00:36+00:00","mainEntityOfPage":{"@id":"https:\/\/patagoniambiental.com.ar\/info\/tierra-del-fuego-insistio-en-que-no-habilitara-salmoneras-en-el-canal-beagle\/"},"wordCount":570,"commentCount":0,"publisher":{"@id":"https:\/\/patagoniambiental.com.ar\/info\/#organization"},"image":{"@id":"https:\/\/patagoniambiental.com.ar\/info\/tierra-del-fuego-insistio-en-que-no-habilitara-salmoneras-en-el-canal-beagle\/#primaryimage"},"thumbnailUrl":"https:\/\/patagoniambiental.com.ar\/info\/wp-content\/uploads\/2019\/02\/se-aprobo-instalacion-de-salmoneras_qPDZ.jpg","articleSection":["Noticias","Provinciales","Tierra del Fuego"],"inLanguage":"es","potentialAction":[{"@type":"CommentAction","name":"Comment","target":["https:\/\/patagoniambiental.com.ar\/info\/tierra-del-fuego-insistio-en-que-no-habilitara-salmoneras-en-el-canal-beagle\/#respond"]}]},{"@type":"WebPage","@id":"https:\/\/patagoniambiental.com.ar\/info\/tierra-del-fuego-insistio-en-que-no-habilitara-salmoneras-en-el-canal-beagle\/","url":"https:\/\/patagoniambiental.com.ar\/info\/tierra-del-fuego-insistio-en-que-no-habilitara-salmoneras-en-el-canal-beagle\/","name":"TIERRA DEL FUEGO INSISTI\u00d3 EN QUE NO HABILITAR\u00c1 SALMONERAS EN EL CANAL BEAGLE","isPartOf":{"@id":"https:\/\/patagoniambiental.com.ar\/info\/#website"},"primaryImageOfPage":{"@id":"https:\/\/patagoniambiental.com.ar\/info\/tierra-del-fuego-insistio-en-que-no-habilitara-salmoneras-en-el-canal-beagle\/#primaryimage"},"image":{"@id":"https:\/\/patagoniambiental.com.ar\/info\/tierra-del-fuego-insistio-en-que-no-habilitara-salmoneras-en-el-canal-beagle\/#primaryimage"},"thumbnailUrl":"https:\/\/patagoniambiental.com.ar\/info\/wp-content\/uploads\/2019\/02\/se-aprobo-instalacion-de-salmoneras_qPDZ.jpg","datePublished":"2019-02-12T22:00:36+00:00","breadcrumb":{"@id":"https:\/\/patagoniambiental.com.ar\/info\/tierra-del-fuego-insistio-en-que-no-habilitara-salmoneras-en-el-canal-beagle\/#breadcrumb"},"inLanguage":"es","potentialAction":[{"@type":"ReadAction","target":["https:\/\/patagoniambiental.com.ar\/info\/tierra-del-fuego-insistio-en-que-no-habilitara-salmoneras-en-el-canal-beagle\/"]}]},{"@type":"ImageObject","inLanguage":"es","@id":"https:\/\/patagoniambiental.com.ar\/info\/tierra-del-fuego-insistio-en-que-no-habilitara-salmoneras-en-el-canal-beagle\/#primaryimage","url":"https:\/\/patagoniambiental.com.ar\/info\/wp-content\/uploads\/2019\/02\/se-aprobo-instalacion-de-salmoneras_qPDZ.jpg","contentUrl":"https:\/\/patagoniambiental.com.ar\/info\/wp-content\/uploads\/2019\/02\/se-aprobo-instalacion-de-salmoneras_qPDZ.jpg","width":800,"height":474,"caption":"http:\/\/www.tierradelfuego.info\/public\/noticias\/se-aprobo-instalacion-de-salmoneras-en-el-beagle"},{"@type":"BreadcrumbList","@id":"https:\/\/patagoniambiental.com.ar\/info\/tierra-del-fuego-insistio-en-que-no-habilitara-salmoneras-en-el-canal-beagle\/#breadcrumb","itemListElement":[{"@type":"ListItem","position":1,"name":"Inicio","item":"https:\/\/patagoniambiental.com.ar\/info\/"},{"@type":"ListItem","position":2,"name":"TIERRA DEL FUEGO INSISTI\u00d3 EN QUE NO HABILITAR\u00c1 SALMONERAS EN EL CANAL BEAGLE"}]},{"@type":"WebSite","@id":"https:\/\/patagoniambiental.com.ar\/info\/#website","url":"https:\/\/patagoniambiental.com.ar\/info\/","name":"Patagonia Ambiental","description":"Monitoreo y an\u00e1lisis de la situaci\u00f3n geopol\u00edtica en el mundo y su implicancia en la Patagonia","publisher":{"@id":"https:\/\/patagoniambiental.com.ar\/info\/#organization"},"potentialAction":[{"@type":"SearchAction","target":{"@type":"EntryPoint","urlTemplate":"https:\/\/patagoniambiental.com.ar\/info\/?s={search_term_string}"},"query-input":{"@type":"PropertyValueSpecification","valueRequired":true,"valueName":"search_term_string"}}],"inLanguage":"es"},{"@type":"Organization","@id":"https:\/\/patagoniambiental.com.ar\/info\/#organization","name":"Patagonia Ambiental","url":"https:\/\/patagoniambiental.com.ar\/info\/","logo":{"@type":"ImageObject","inLanguage":"es","@id":"https:\/\/patagoniambiental.com.ar\/info\/#\/schema\/logo\/image\/","url":"https:\/\/patagoniambiental.com.ar\/info\/wp-content\/uploads\/2025\/05\/LOGO-PATAGONIA-AMBIENTAL.png","contentUrl":"https:\/\/patagoniambiental.com.ar\/info\/wp-content\/uploads\/2025\/05\/LOGO-PATAGONIA-AMBIENTAL.png","width":433,"height":250,"caption":"Patagonia Ambiental"},"image":{"@id":"https:\/\/patagoniambiental.com.ar\/info\/#\/schema\/logo\/image\/"},"sameAs":["https:\/\/www.facebook.com\/patagonia.ambiental","https:\/\/x.com\/PatAmb"]},{"@type":"Person","@id":"https:\/\/patagoniambiental.com.ar\/info\/#\/schema\/person\/db12bff64bbcbf6a253710bf0ea37b5d","name":"Patagonia Ambiental","description":"Andr\u00e9s Nievas T\u00e9cnico en manejo ambiental, consultor Ambiental y escritor para medios locales e internacionales sobre temas de geopolitica y medio ambiente.","sameAs":["http:\/\/www.patagoniambiental.com.ar","https:\/\/www.facebook.com\/share\/1C1V8Gv9BX\/?mibextid=qi2Omg","@patagoniambiental","https:\/\/youtube.com\/@patagoniaambiental2023?si=BLt58t0wuXquxlYZ"]}]}},"_links":{"self":[{"href":"https:\/\/patagoniambiental.com.ar\/info\/wp-json\/wp\/v2\/posts\/58909","targetHints":{"allow":["GET"]}}],"collection":[{"href":"https:\/\/patagoniambiental.com.ar\/info\/wp-json\/wp\/v2\/posts"}],"about":[{"href":"https:\/\/patagoniambiental.com.ar\/info\/wp-json\/wp\/v2\/types\/post"}],"author":[{"embeddable":true,"href":"https:\/\/patagoniambiental.com.ar\/info\/wp-json\/wp\/v2\/users\/2"}],"replies":[{"embeddable":true,"href":"https:\/\/patagoniambiental.com.ar\/info\/wp-json\/wp\/v2\/comments?post=58909"}],"version-history":[{"count":0,"href":"https:\/\/patagoniambiental.com.ar\/info\/wp-json\/wp\/v2\/posts\/58909\/revisions"}],"wp:featuredmedia":[{"embeddable":true,"href":"https:\/\/patagoniambiental.com.ar\/info\/wp-json\/wp\/v2\/media\/58910"}],"wp:attachment":[{"href":"https:\/\/patagoniambiental.com.ar\/info\/wp-json\/wp\/v2\/media?parent=58909"}],"wp:term":[{"taxonomy":"category","embeddable":true,"href":"https:\/\/patagoniambiental.com.ar\/info\/wp-json\/wp\/v2\/categories?post=58909"},{"taxonomy":"post_tag","embeddable":true,"href":"https:\/\/patagoniambiental.com.ar\/info\/wp-json\/wp\/v2\/tags?post=58909"}],"curies":[{"name":"wp","href":"https:\/\/api.w.org\/{rel}","templated":true}]}}