{"id":58937,"date":"2019-02-12T19:00:10","date_gmt":"2019-02-12T22:00:10","guid":{"rendered":"http:\/\/patagoniambiental.com.ar\/info\/?p=58937"},"modified":"2019-02-13T11:13:26","modified_gmt":"2019-02-13T14:13:26","slug":"el-foyel-dijo-no-y-la-justicia-autorizo-el-ingreso-de-una-columna-que-pretende-llegar-al-lago-escondido","status":"publish","type":"post","link":"https:\/\/patagoniambiental.com.ar\/info\/el-foyel-dijo-no-y-la-justicia-autorizo-el-ingreso-de-una-columna-que-pretende-llegar-al-lago-escondido\/","title":{"rendered":"El Foyel Dijo No Y La Justicia Autorizo El Ingreso De Una Columna Que Pretende Llegar Al Lago Escondido"},"content":{"rendered":"<header class=\"entry-header\">\n<p class=\"entry-title\">El Bols\u00f3n.-La jornada del s\u00e1bado pasado Comenz\u00f3 desde muy temprano para los vecinos de El Foyel que con candado en la tranquera impidieron que los veh\u00edculos ingresar\u00e1n hacia el interior de Tacuif\u00ed y Desde all\u00ed hacia lago escondido.<\/p>\n<p><!--more--><\/p>\n<p class=\"entry-title\">Sin embargo los manifestantes saltaron la tranquera y luego hicieron el recorrido de a pie hasta llegar a otra tranquera Arzoindo Montero donde esperaron toda la tarde la autorizaci\u00f3n judicial para luego continuar, sin embargo, como en otras ocasiones debieron pedir rescate a quienes trataron de cipayos.<\/p>\n<\/header>\n<div class=\"entry-meta\">\n<div class=\"pull-right\">\n<div class=\"comments pull-left\"><\/div>\n<\/div>\n<\/div>\n<div class=\"image-wrapper\"><img fetchpriority=\"high\" decoding=\"async\" class=\"attachment-full size-full wp-post-image alignleft\" src=\"https:\/\/i0.wp.com\/lavozdeelbolson.com\/wp-content\/uploads\/2019\/02\/b1becda8-fe56-4664-8349-bb4590d98a47.jpg?fit=320%2C180\" sizes=\"(max-width: 320px) 100vw, 320px\" srcset=\"https:\/\/i0.wp.com\/lavozdeelbolson.com\/wp-content\/uploads\/2019\/02\/b1becda8-fe56-4664-8349-bb4590d98a47.jpg?w=320 320w, https:\/\/i0.wp.com\/lavozdeelbolson.com\/wp-content\/uploads\/2019\/02\/b1becda8-fe56-4664-8349-bb4590d98a47.jpg?resize=300%2C169 300w\" alt=\"\" width=\"320\" height=\"180\" data-attachment-id=\"20860\" data-permalink=\"http:\/\/lavozdeelbolson.com\/index.php\/2019\/02\/11\/el-foyel-dijo-no-y-la-justicia-autorizo-el-ingreso-de-una-columna-que-pretende-llegar-al-lago-escondido\/attachment\/20860\/\" data-orig-file=\"https:\/\/i0.wp.com\/lavozdeelbolson.com\/wp-content\/uploads\/2019\/02\/b1becda8-fe56-4664-8349-bb4590d98a47.jpg?fit=320%2C180\" data-orig-size=\"320,180\" data-comments-opened=\"0\" data-image-meta=\"{&quot;aperture&quot;:&quot;0&quot;,&quot;credit&quot;:&quot;&quot;,&quot;camera&quot;:&quot;&quot;,&quot;caption&quot;:&quot;&quot;,&quot;created_timestamp&quot;:&quot;0&quot;,&quot;copyright&quot;:&quot;&quot;,&quot;focal_length&quot;:&quot;0&quot;,&quot;iso&quot;:&quot;0&quot;,&quot;shutter_speed&quot;:&quot;0&quot;,&quot;title&quot;:&quot;&quot;,&quot;orientation&quot;:&quot;0&quot;}\" data-image-title=\"\" data-image-description=\"\" data-medium-file=\"https:\/\/i0.wp.com\/lavozdeelbolson.com\/wp-content\/uploads\/2019\/02\/b1becda8-fe56-4664-8349-bb4590d98a47.jpg?fit=300%2C169\" data-large-file=\"https:\/\/i0.wp.com\/lavozdeelbolson.com\/wp-content\/uploads\/2019\/02\/b1becda8-fe56-4664-8349-bb4590d98a47.jpg?fit=320%2C180\" \/><\/p>\n<div class=\"overlay\">Sin embargo, el primer obst\u00e1culo fue la tranquera cerrada y la oposici\u00f3n de los pobladores. Luego de varios minutos de tensi\u00f3n, y ante un cord\u00f3n policial de 20 uniformados, los militantes optaron por pasar por encima del vallado, luego de gritar \u201ccipayos\u201d y \u201cvendepatria\u201d a los vecinos del lugar.<\/div>\n<\/div>\n<div class=\"entry-content\">\n<p>\u201cPlantar la bandera argentina en el lago Escondido es reivindicar el derecho del uso del espacio p\u00fablico para todos los ciudadanos argentinos. Hidden Lake pretende que sea privado y que nosotros pidamos permiso para entrar\u201d, sostuvo el abogado de la fundaci\u00f3n Sergio Cuestas, de la Fundaci\u00f3n FIPCA, al intentar ingresar con veh\u00edculos desde la ruta nacional, a la altura del paraje El Foyel.<br \/>\n\u201cEsperamos que los vecinos revean su posici\u00f3n, porque es un camino que se puede transitar. El impedimento es meramente producto de la confusi\u00f3n que tiene esta gente, generado por la propia Hidden Lake, que les ha hecho creer que nosotros vamos a vulnerar sus derechos de propiedad, solo queremos usar el camino\u201d, insisti\u00f3 el letrado.<\/p>\n<div class=\"separator\"><a href=\"https:\/\/i1.wp.com\/4.bp.blogspot.com\/-7nIX1iDsgGw\/XF9tyz02LNI\/AAAAAAAA788\/ZvD2t6THRIIWDZs73b_QiUS5O3oDN4XNQCLcBGAs\/s1600\/Fotos%2Bvarias%2B041.JPG?ssl=1\"><img decoding=\"async\" class=\"alignleft\" src=\"https:\/\/i2.wp.com\/4.bp.blogspot.com\/-7nIX1iDsgGw\/XF9tyz02LNI\/AAAAAAAA788\/ZvD2t6THRIIWDZs73b_QiUS5O3oDN4XNQCLcBGAs\/s400\/Fotos%2Bvarias%2B041.JPG?resize=400%2C300&amp;ssl=1\" width=\"295\" height=\"221\" border=\"0\" data-original-height=\"906\" data-original-width=\"1208\" \/><\/a><\/div>\n<p>En tanto se presentaba un recurso de amparo ante el Juzgado de El Bols\u00f3n, la columna avanz\u00f3 unos 8 kil\u00f3metros hasta la tranquera del poblador Arsoindo Montero, donde nuevamente se les prohibi\u00f3 avanzar. Pasadas las horas, se produjo el ingreso de 10 veh\u00edculos para que retiren \u201ca las personas adultas y mujeres que presentan signos de cansancio\u201d, \u201cnos hab\u00edan ofrecido que nos inscribi\u00e9ramos en sus registros para poder ingresar a la propiedad de Joe Lewis, que es un enclave colonial. All\u00ed dentro hay pr\u00e1cticamente una ciudad autosuficiente, donde pueden subsistir a tranquera cerrada, como lo est\u00e1n haciendo ahora\u201d, sostuvo Cuestas.<\/p>\n<p><iframe src=\"https:\/\/www.youtube.com\/embed\/Xn0-ea8Wqsk\" width=\"560\" height=\"315\" frameborder=\"0\" allowfullscreen=\"allowfullscreen\" data-mce-fragment=\"1\"><\/iframe><\/p>\n<p>De igual forma, la columna principal, entre los que est\u00e1n el concejal Mario Scandizzo (FpV), el referente peronista Jorge Rachid y el presidente de FIPCA, Julio Urien, manifest\u00f3 su intenci\u00f3n de \u201cseguir caminando hasta el lago Escondido\u201d. Desde este punto, hay otras 3 horas de distancia y, de conseguir la pertinente autorizaci\u00f3n judicial, se especulaba que iban a acampar a orillas del r\u00edo Foyel para completar el periplo durante la jornada del domingo.<br \/>\nPor los laguitos tambi\u00e9n<br \/>\nMientras tanto , una columna de 17 personas hizo el camino de alta monta\u00f1a por Los Laguitos, para llegar en la noche del viernes a la cabecera oeste del espejo lacustre. \u201cTenemos previsto encontrarnos hoy en una isla, a la que bautizaremos con el nombre de H\u00e9roes de la Patria\u201d, anticip\u00f3.<br \/>\nCon todo y avanzada la tarde llego la disposici\u00f3n judicial este recurso de Amparo que le permiti\u00f3 a los manifestantes tras Poner la tranquera del poblador Arzoindo Montero.<\/p>\n<p><b>Un llamativo fallo<\/b><\/p>\n<p>EL BOLSON, 9 de febrero de 2019<br \/>\nVISTOS:<br \/>\nLos autos caratulados: \u201cCUESTAS, SERGIO S\/ AMPARO (c), (Expte. Nro. H-3EB-127-C2019)\u201d que se encuentran para resolver;<br \/>\nY CONSIDERANDO:<br \/>\nQue el amparista manifiesta que en circunstancias de encontrarse en una marcha pac\u00edfica para llegar a las m\u00e1rgenes del Lago Escondido, para lo cu\u00e1l ya contaban con autorizaci\u00f3n previa por parte de las autoridades de la firma Hidden Lake, as\u00ed como del abogado de la misma Dr. Bianco, al presentarse en el acceso al camino del Tacuifi sobre ruta 40 se encontraron con una tranquera cerrada con cadena y candado, y del otro lago personas que dijeran que resultaban ser pobladores, junto al Dr. Bianco, advirtiendo el amparista que no eran pobladores sino un empleado de Hidden Lake.<br \/>\nEn \u00e9ste momento le refieren que rompieran el candado si estaban dispuestos, y que en estas condiciones iniciaron el recorrido a pie, pasando por el vano de la tranquera y el alambrado, sin que sea posible realizar con los veh\u00edculos, m\u00e1xime ante la existencia de integrantes de la columna que presentaban signos de fatiga y descompensaci\u00f3n.<br \/>\nM\u00c1S ADELANTE LA COLUMNA SE ENCONTR\u00d3 CON UN RETEN, ARMADO POR CIVILES QUE OSTENTABAN ARMAS, SIENDO AMENAZADOS CON EL USO DE LA FUERZA, CONSIDERANDO QUE ELLO ERA UNA INVASI\u00d3N A LA PROPIEDAD PRIVADA.<br \/>\nAclara que esta es la tercera vez que se recorre el camino con el conocimiento y la presencia de pobladores de la zona.<br \/>\nRefiere que la distancia recorrida y la hora del d\u00eda, impidiendo el paso de los veh\u00edculos, coloca a los integrantes de la marcha en una situaci\u00f3n de desprotecci\u00f3n y en riesgo de vida.<br \/>\nAs\u00ed, solicita concretamente que se ordene el acceso vehicular en el primer tramo desde la rural 40 hasta la margen del r\u00edo Foyel, por el trazado del camino de Tacuif\u00ed y el acceso peatonal desde el R\u00edo Foyel hasta la margen Este del Lago Escondido, solo por hoy, y al finalizar el recorrido se retirar\u00e1n en forma pac\u00edfica.<br \/>\nRESE\u00d1ADOS LOS HECHOS, ADVIERTO UNA CUESTI\u00d3N QUE RESULTA EXTRA\u00d1A AL AMPARO IMPETRADO, PERO QUE NO PUEDO DEJAR DE ANALIZAR, Y ES EL ACTO INMINENTE DE MODO ACTUAL DE AFECTAR LA RESTRICCI\u00d3N, LIBERTAD DE LAS PERSONAS, Y SOBRE TODO EL GRAVE RIESGO EN LA VIDA Y SALUD DE LOS QUE SE ENCUENTRAN EN EL CONFLICTO.<br \/>\nQue en nuestra provincia rige la Ley B N\u00ba 3368 de habeas corpus, reglamentaria del art. 43 de nuestra Constituci\u00f3n Provincial, del 43 de la Constituci\u00f3n Nacional y de la Ley N\u00b0<br \/>\n23.098, que dispone en su art.1\u00ba que \u201cEl pedido de H\u00e1beas corpus proceder\u00e1 contra toda acci\u00f3n u omisi\u00f3n que directa o indirectamente, de modo actual o inminente, en forma ilegal o arbitraria, causare cualquier tipo de restricci\u00f3n o amenaza a la libertad\u2026.\u201d y es en ese marco normativo, conceptual y jurisprudencial que se desarrollan los fundamentos para el an\u00e1lisis del planteo que sostengo, respecto de esta garant\u00eda procesal espec\u00edfica de corte constitucional.-<br \/>\nTal la cuesti\u00f3n tra\u00edda, TENGO POR DEBIDAMENTE ACREDITADO LA RESTRICCI\u00d3N DE LA LIBERTAD DE LOS MANIFESTANTES, as\u00ed como el patente peligro para la vida y salud, y en \u00e9ste caso no s\u00f3lo de ellos, sino tambi\u00e9n de todos qui\u00e9nes se encuentren en el lugar, ante la denunciada presencia de armas, que no solo amedrentan o restrinjen la libertad, sino que tambi\u00e9n pone en riesgo la vida o la salud de todos ellos, as\u00ed como la paz social, bien que tambi\u00e9n debe ser tutelado.<br \/>\nCorresponde precisar que la Constituci\u00f3n de R\u00edo Negro establece el derecho a la libertad personal al igual que el art. 18 de la Constituci\u00f3n Nacional. A ello se suma que el art. 7.1 de la CADH conforme al cual toda persona tiene derecho a la libertad y a la seguridad personales, mientras que el art. 7.2 de ese cuerpo normativo precisa que nadie puede ser privado de aqu\u00e9lla, salvo por las causas y en las condiciones fijadas de antemano por las Constituciones Pol\u00edticas de los Estados Partes o por las leyes dictadas conforme a ellas. En id\u00e9ntico sentido se encuentra el art. 9.1 del PIDCyP.<br \/>\nEn virtud a ello, y como medida precautoria, debo disponer un<br \/>\nHabeas Corpus para qui\u00e9nes se encuentren realizando la marcha al Lago Escondido, debiendo garantizarse que los mismos contin\u00faen su trayecto sin que persona alguna le restrinja o amenace su libertad, garantizando la libre circulaci\u00f3n de ellos. Con mayor esfuerzo se deber\u00e1 garantizar la integridad de las personas intervinientes.<\/p>\n<div class=\"separator\"><a href=\"https:\/\/i0.wp.com\/2.bp.blogspot.com\/-rwxwKvzkZ8U\/XF9uR-NujiI\/AAAAAAAA79E\/SNhWWqEs7Xw1McN1lqkz7o51OYkxWq-vQCLcBGAs\/s1600\/Fotos%2Bvarias%2B044.JPG?ssl=1\"><img decoding=\"async\" src=\"https:\/\/i2.wp.com\/2.bp.blogspot.com\/-rwxwKvzkZ8U\/XF9uR-NujiI\/AAAAAAAA79E\/SNhWWqEs7Xw1McN1lqkz7o51OYkxWq-vQCLcBGAs\/s400\/Fotos%2Bvarias%2B044.JPG?resize=400%2C300&amp;ssl=1\" width=\"400\" height=\"300\" border=\"0\" data-original-height=\"1200\" data-original-width=\"1600\" \/><\/a><\/div>\n<p>No se encuentra en discusi\u00f3n la legalidad y\/o legitimidad de la marcha o de qui\u00e9nes impiden la misma, ni los derechos de ambas partes, sino la restricci\u00f3n y amenaza contra la libertad de las personas.<br \/>\nEn lo atinente a la figura espec\u00edfica del amparo impetrado, debo requerir los informes pertinentes para poder dar respuesta debida al mismo, debiendo correrse traslado a Hidden Lake S.A. a fin de que informe sobre las circunstancias se\u00f1aladas por el amparista. Del mismo modo a la Comisar\u00eda N\u00ba XII de El Bols\u00f3n a fin de que Informe la intervenci\u00f3n que le cabe, especificando las tareas oficiales desarrolladas, as\u00ed como presencia de armas en los intervinientes.<br \/>\nA los fines de los informes se les concede un plazo de 48 hs.<br \/>\nRESUELVO:<br \/>\nI. ORDENAR como medida precautoria, un Habeas Corpus para qui\u00e9nes se encuentren realizando la marcha al Lago Escondido, debiendo garantizarse que los mismos contin\u00faen su trayecto sin que persona alguna le restrinja o amenace su libertad, garantizando la libre circulaci\u00f3n de ellos.<br \/>\nII. Requerir informes a HIDDEN LAKE S.A. y COMISAR\u00cdA XII para que dentro del plazo de 48 horas den respuesta conforme lo expuse en el considerando respectivo.<br \/>\nIII. Notificar telef\u00f3nicamente a las partes y Comisar\u00eda XII.<br \/>\nVictor Massimino Conjuez<br \/>\n<iframe src=\"https:\/\/www.youtube.com\/embed\/HgEPGEc6dF4\" width=\"560\" height=\"315\" frameborder=\"0\" allowfullscreen=\"allowfullscreen\" data-mce-fragment=\"1\"><\/iframe><\/p>\n<p>Otra vez Lago Escondido al rescate.<\/p>\n<div class=\"separator\"><a href=\"https:\/\/i1.wp.com\/3.bp.blogspot.com\/-ilHMkzyrvdQ\/XF9ueDKws-I\/AAAAAAAA79M\/yqR0XcSN3C4hO2kcrztHqtZtHj6AJF6HgCLcBGAs\/s1600\/16c063af-a3d5-4c38-81ac-1941ad5f8af9.jpg?ssl=1\"><img loading=\"lazy\" decoding=\"async\" src=\"https:\/\/i0.wp.com\/3.bp.blogspot.com\/-ilHMkzyrvdQ\/XF9ueDKws-I\/AAAAAAAA79M\/yqR0XcSN3C4hO2kcrztHqtZtHj6AJF6HgCLcBGAs\/s640\/16c063af-a3d5-4c38-81ac-1941ad5f8af9.jpg?resize=360%2C640&amp;ssl=1\" width=\"360\" height=\"640\" border=\"0\" data-original-height=\"1280\" data-original-width=\"720\" \/><\/a><\/div>\n<p>A pesar de las advertencias bien intencionadas de trabajadores de Lago Escondido, 2 acampantes de FIPCA se aventuraron a navegar el lago con notorias inclemencias clim\u00e1ticas no favorables para el tipo de embarcaciones (inflables) que estaban utilizando. As\u00ed, el resultado final fue la ca\u00edda en medio del mismo. Al ver a las 2 personas (una mujer y un hombre) en situaci\u00f3n de rescate, los empleados de la Empresa se acudieron velozmente a socorrerlos, ofreci\u00e9ndoles caff\u00e8, t\u00e9, mantas que fueron rechazadas por los manifestantes. A lo \u00fanico que accedieron es a la navegaci\u00f3n desde el punto de naufragio hasta el lugar de acampe.<br \/>\n2\u00ba- 15 personas cruzando el r\u00edo \u2013 pedido de asistencia y evacuaci\u00f3n.<br \/>\n3\u00ba- Evacuaci\u00f3n de los dos n\u00e1ufragos + 1 persona de acompa\u00f1ante; desde el sector de acampe (la servidumbre de paso de Lago Escondido; infringiendo las normativas del \u00c1rea Natural Protegida)<\/p>\n<p>La palabra de la empresa<br \/>\nPor su parte, desde la firma Lago Escondido observaron que \u201centraron con insultos y con violencia, sin respetar los derechos de los pobladores\u201d, \u201cSon m\u00e1s de las 8 de la noche y ahora personal de la empresa tiene que salir a esforzarse, mojarse y perder horas de descanso para rescatar a estas personas que no midieron las consecuencias, todo por un llamativo fallo judicial que no previo las circunstancias que est\u00e1n pasando, poniendo en riesgo a las personas que participan de la marcha y tambi\u00e9n al personal de la empresa que tiene que auxiliar a los manifestantes\u201d, sostuvo el responsable de prensa del Lago escondido qui\u00e9n agreg\u00f3, \u201d el recurso de amparo est\u00e1 basado en falacia lo que denuncia el se\u00f1or cuesta no es real y el conjuez tom\u00f3 una decisi\u00f3n d\u00e1ndola por acreditada de algo que no era verdad, y eso puso en riesgo la vida de los propios manifestantes que terminamos rescat\u00e1ndolos desde la empresa tal como ocurriera a\u00f1os antes vienen despotricando contra lago escondido pero cuando tienen el primer problema piden auxilio a lago escondido\u201d sentenci\u00f3.<\/p>\n<p><iframe src=\"https:\/\/www.youtube.com\/embed\/o15UJRvr8Oc\" width=\"560\" height=\"315\" frameborder=\"0\" allowfullscreen=\"allowfullscreen\" data-mce-fragment=\"1\"><\/iframe><\/p>\n<p>Fuente: Noticias de El Bols\u00f3n<br \/>\n<img loading=\"lazy\" decoding=\"async\" src=\"https:\/\/i0.wp.com\/lavozdeelbolson.com\/wp-content\/uploads\/2019\/02\/b1becda8-fe56-4664-8349-bb4590d98a47.jpg?fit=320%2C180\" width=\"320\" height=\"180\" \/><\/p>\n<p>Fuente: Noticias de El Bols\u00f3n<\/p>\n<\/div>\n","protected":false},"excerpt":{"rendered":"<p>El Bols\u00f3n.-La jornada del s\u00e1bado pasado Comenz\u00f3 desde muy temprano para los vecinos de El Foyel que con candado en [&hellip;]<\/p>\n","protected":false},"author":2,"featured_media":58938,"comment_status":"open","ping_status":"open","sticky":false,"template":"","format":"standard","meta":{"site-sidebar-layout":"default","site-content-layout":"","ast-site-content-layout":"default","site-content-style":"default","site-sidebar-style":"default","ast-global-header-display":"","ast-banner-title-visibility":"","ast-main-header-display":"","ast-hfb-above-header-display":"","ast-hfb-below-header-display":"","ast-hfb-mobile-header-display":"","site-post-title":"","ast-breadcrumbs-content":"","ast-featured-img":"","footer-sml-layout":"","ast-disable-related-posts":"","theme-transparent-header-meta":"","adv-header-id-meta":"","stick-header-meta":"","header-above-stick-meta":"","header-main-stick-meta":"","header-below-stick-meta":"","astra-migrate-meta-layouts":"default","ast-page-background-enabled":"default","ast-page-background-meta":{"desktop":{"background-color":"var(--ast-global-color-5)","background-image":"","background-repeat":"repeat","background-position":"center center","background-size":"auto","background-attachment":"scroll","background-type":"","background-media":"","overlay-type":"","overlay-color":"","overlay-opacity":"","overlay-gradient":""},"tablet":{"background-color":"","background-image":"","background-repeat":"repeat","background-position":"center center","background-size":"auto","background-attachment":"scroll","background-type":"","background-media":"","overlay-type":"","overlay-color":"","overlay-opacity":"","overlay-gradient":""},"mobile":{"background-color":"","background-image":"","background-repeat":"repeat","background-position":"center center","background-size":"auto","background-attachment":"scroll","background-type":"","background-media":"","overlay-type":"","overlay-color":"","overlay-opacity":"","overlay-gradient":""}},"ast-content-background-meta":{"desktop":{"background-color":"var(--ast-global-color-4)","background-image":"","background-repeat":"repeat","background-position":"center center","background-size":"auto","background-attachment":"scroll","background-type":"","background-media":"","overlay-type":"","overlay-color":"","overlay-opacity":"","overlay-gradient":""},"tablet":{"background-color":"var(--ast-global-color-4)","background-image":"","background-repeat":"repeat","background-position":"center center","background-size":"auto","background-attachment":"scroll","background-type":"","background-media":"","overlay-type":"","overlay-color":"","overlay-opacity":"","overlay-gradient":""},"mobile":{"background-color":"var(--ast-global-color-4)","background-image":"","background-repeat":"repeat","background-position":"center center","background-size":"auto","background-attachment":"scroll","background-type":"","background-media":"","overlay-type":"","overlay-color":"","overlay-opacity":"","overlay-gradient":""}},"footnotes":""},"categories":[1,13,14],"tags":[],"class_list":["post-58937","post","type-post","status-publish","format-standard","has-post-thumbnail","hentry","category-noticias","category-provinciales","category-rio-negro"],"yoast_head":"<!-- This site is optimized with the Yoast SEO Premium plugin v23.0 (Yoast SEO v27.4) - https:\/\/yoast.com\/product\/yoast-seo-premium-wordpress\/ -->\n<title>El Foyel Dijo No Y La Justicia Autorizo El Ingreso De Una Columna Que Pretende Llegar Al Lago Escondido<\/title>\n<meta name=\"robots\" content=\"index, follow, max-snippet:-1, max-image-preview:large, max-video-preview:-1\" \/>\n<link rel=\"canonical\" href=\"https:\/\/patagoniambiental.com.ar\/info\/el-foyel-dijo-no-y-la-justicia-autorizo-el-ingreso-de-una-columna-que-pretende-llegar-al-lago-escondido\/\" \/>\n<meta property=\"og:locale\" content=\"es_ES\" \/>\n<meta property=\"og:type\" content=\"article\" \/>\n<meta property=\"og:title\" content=\"El Foyel Dijo No Y La Justicia Autorizo El Ingreso De Una Columna Que Pretende Llegar Al Lago Escondido\" \/>\n<meta property=\"og:description\" content=\"El Bols\u00f3n.-La jornada del s\u00e1bado pasado Comenz\u00f3 desde muy temprano para los vecinos de El Foyel que con candado en [&hellip;]\" \/>\n<meta property=\"og:url\" content=\"https:\/\/patagoniambiental.com.ar\/info\/el-foyel-dijo-no-y-la-justicia-autorizo-el-ingreso-de-una-columna-que-pretende-llegar-al-lago-escondido\/\" \/>\n<meta property=\"og:site_name\" content=\"Patagonia Ambiental\" \/>\n<meta property=\"article:publisher\" content=\"https:\/\/www.facebook.com\/patagonia.ambiental\" \/>\n<meta property=\"article:author\" content=\"https:\/\/www.facebook.com\/share\/1C1V8Gv9BX\/?mibextid=qi2Omg\" \/>\n<meta property=\"article:published_time\" content=\"2019-02-12T22:00:10+00:00\" \/>\n<meta property=\"article:modified_time\" content=\"2019-02-13T14:13:26+00:00\" \/>\n<meta property=\"og:image\" content=\"https:\/\/patagoniambiental.com.ar\/info\/wp-content\/uploads\/2019\/02\/b1becda8-fe56-4664-8349-bb4590d98a47.jpg\" \/>\n\t<meta property=\"og:image:width\" content=\"320\" \/>\n\t<meta property=\"og:image:height\" content=\"180\" \/>\n\t<meta property=\"og:image:type\" content=\"image\/jpeg\" \/>\n<meta name=\"author\" content=\"Patagonia Ambiental\" \/>\n<meta name=\"twitter:card\" content=\"summary_large_image\" \/>\n<meta name=\"twitter:creator\" content=\"@PatAmb\" \/>\n<meta name=\"twitter:site\" content=\"@PatAmb\" \/>\n<script type=\"application\/ld+json\" class=\"yoast-schema-graph\">{\"@context\":\"https:\\\/\\\/schema.org\",\"@graph\":[{\"@type\":\"Article\",\"@id\":\"https:\\\/\\\/patagoniambiental.com.ar\\\/info\\\/el-foyel-dijo-no-y-la-justicia-autorizo-el-ingreso-de-una-columna-que-pretende-llegar-al-lago-escondido\\\/#article\",\"isPartOf\":{\"@id\":\"https:\\\/\\\/patagoniambiental.com.ar\\\/info\\\/el-foyel-dijo-no-y-la-justicia-autorizo-el-ingreso-de-una-columna-que-pretende-llegar-al-lago-escondido\\\/\"},\"author\":{\"name\":\"Patagonia Ambiental\",\"@id\":\"https:\\\/\\\/patagoniambiental.com.ar\\\/info\\\/#\\\/schema\\\/person\\\/db12bff64bbcbf6a253710bf0ea37b5d\"},\"headline\":\"El Foyel Dijo No Y La Justicia Autorizo El Ingreso De Una Columna Que Pretende Llegar Al Lago Escondido\",\"datePublished\":\"2019-02-12T22:00:10+00:00\",\"dateModified\":\"2019-02-13T14:13:26+00:00\",\"mainEntityOfPage\":{\"@id\":\"https:\\\/\\\/patagoniambiental.com.ar\\\/info\\\/el-foyel-dijo-no-y-la-justicia-autorizo-el-ingreso-de-una-columna-que-pretende-llegar-al-lago-escondido\\\/\"},\"wordCount\":1903,\"commentCount\":0,\"publisher\":{\"@id\":\"https:\\\/\\\/patagoniambiental.com.ar\\\/info\\\/#organization\"},\"image\":{\"@id\":\"https:\\\/\\\/patagoniambiental.com.ar\\\/info\\\/el-foyel-dijo-no-y-la-justicia-autorizo-el-ingreso-de-una-columna-que-pretende-llegar-al-lago-escondido\\\/#primaryimage\"},\"thumbnailUrl\":\"https:\\\/\\\/patagoniambiental.com.ar\\\/info\\\/wp-content\\\/uploads\\\/2019\\\/02\\\/b1becda8-fe56-4664-8349-bb4590d98a47.jpg\",\"articleSection\":[\"Noticias\",\"Provinciales\",\"R\u00edo Negro\"],\"inLanguage\":\"es\",\"potentialAction\":[{\"@type\":\"CommentAction\",\"name\":\"Comment\",\"target\":[\"https:\\\/\\\/patagoniambiental.com.ar\\\/info\\\/el-foyel-dijo-no-y-la-justicia-autorizo-el-ingreso-de-una-columna-que-pretende-llegar-al-lago-escondido\\\/#respond\"]}]},{\"@type\":\"WebPage\",\"@id\":\"https:\\\/\\\/patagoniambiental.com.ar\\\/info\\\/el-foyel-dijo-no-y-la-justicia-autorizo-el-ingreso-de-una-columna-que-pretende-llegar-al-lago-escondido\\\/\",\"url\":\"https:\\\/\\\/patagoniambiental.com.ar\\\/info\\\/el-foyel-dijo-no-y-la-justicia-autorizo-el-ingreso-de-una-columna-que-pretende-llegar-al-lago-escondido\\\/\",\"name\":\"El Foyel Dijo No Y La Justicia Autorizo El Ingreso De Una Columna Que Pretende Llegar Al Lago Escondido\",\"isPartOf\":{\"@id\":\"https:\\\/\\\/patagoniambiental.com.ar\\\/info\\\/#website\"},\"primaryImageOfPage\":{\"@id\":\"https:\\\/\\\/patagoniambiental.com.ar\\\/info\\\/el-foyel-dijo-no-y-la-justicia-autorizo-el-ingreso-de-una-columna-que-pretende-llegar-al-lago-escondido\\\/#primaryimage\"},\"image\":{\"@id\":\"https:\\\/\\\/patagoniambiental.com.ar\\\/info\\\/el-foyel-dijo-no-y-la-justicia-autorizo-el-ingreso-de-una-columna-que-pretende-llegar-al-lago-escondido\\\/#primaryimage\"},\"thumbnailUrl\":\"https:\\\/\\\/patagoniambiental.com.ar\\\/info\\\/wp-content\\\/uploads\\\/2019\\\/02\\\/b1becda8-fe56-4664-8349-bb4590d98a47.jpg\",\"datePublished\":\"2019-02-12T22:00:10+00:00\",\"dateModified\":\"2019-02-13T14:13:26+00:00\",\"breadcrumb\":{\"@id\":\"https:\\\/\\\/patagoniambiental.com.ar\\\/info\\\/el-foyel-dijo-no-y-la-justicia-autorizo-el-ingreso-de-una-columna-que-pretende-llegar-al-lago-escondido\\\/#breadcrumb\"},\"inLanguage\":\"es\",\"potentialAction\":[{\"@type\":\"ReadAction\",\"target\":[\"https:\\\/\\\/patagoniambiental.com.ar\\\/info\\\/el-foyel-dijo-no-y-la-justicia-autorizo-el-ingreso-de-una-columna-que-pretende-llegar-al-lago-escondido\\\/\"]}]},{\"@type\":\"ImageObject\",\"inLanguage\":\"es\",\"@id\":\"https:\\\/\\\/patagoniambiental.com.ar\\\/info\\\/el-foyel-dijo-no-y-la-justicia-autorizo-el-ingreso-de-una-columna-que-pretende-llegar-al-lago-escondido\\\/#primaryimage\",\"url\":\"https:\\\/\\\/patagoniambiental.com.ar\\\/info\\\/wp-content\\\/uploads\\\/2019\\\/02\\\/b1becda8-fe56-4664-8349-bb4590d98a47.jpg\",\"contentUrl\":\"https:\\\/\\\/patagoniambiental.com.ar\\\/info\\\/wp-content\\\/uploads\\\/2019\\\/02\\\/b1becda8-fe56-4664-8349-bb4590d98a47.jpg\",\"width\":320,\"height\":180},{\"@type\":\"BreadcrumbList\",\"@id\":\"https:\\\/\\\/patagoniambiental.com.ar\\\/info\\\/el-foyel-dijo-no-y-la-justicia-autorizo-el-ingreso-de-una-columna-que-pretende-llegar-al-lago-escondido\\\/#breadcrumb\",\"itemListElement\":[{\"@type\":\"ListItem\",\"position\":1,\"name\":\"Inicio\",\"item\":\"https:\\\/\\\/patagoniambiental.com.ar\\\/info\\\/\"},{\"@type\":\"ListItem\",\"position\":2,\"name\":\"El Foyel Dijo No Y La Justicia Autorizo El Ingreso De Una Columna Que Pretende Llegar Al Lago Escondido\"}]},{\"@type\":\"WebSite\",\"@id\":\"https:\\\/\\\/patagoniambiental.com.ar\\\/info\\\/#website\",\"url\":\"https:\\\/\\\/patagoniambiental.com.ar\\\/info\\\/\",\"name\":\"Patagonia Ambiental\",\"description\":\"Monitoreo y an\u00e1lisis de la situaci\u00f3n geopol\u00edtica en el mundo y su implicancia en la Patagonia\",\"publisher\":{\"@id\":\"https:\\\/\\\/patagoniambiental.com.ar\\\/info\\\/#organization\"},\"potentialAction\":[{\"@type\":\"SearchAction\",\"target\":{\"@type\":\"EntryPoint\",\"urlTemplate\":\"https:\\\/\\\/patagoniambiental.com.ar\\\/info\\\/?s={search_term_string}\"},\"query-input\":{\"@type\":\"PropertyValueSpecification\",\"valueRequired\":true,\"valueName\":\"search_term_string\"}}],\"inLanguage\":\"es\"},{\"@type\":\"Organization\",\"@id\":\"https:\\\/\\\/patagoniambiental.com.ar\\\/info\\\/#organization\",\"name\":\"Patagonia Ambiental\",\"url\":\"https:\\\/\\\/patagoniambiental.com.ar\\\/info\\\/\",\"logo\":{\"@type\":\"ImageObject\",\"inLanguage\":\"es\",\"@id\":\"https:\\\/\\\/patagoniambiental.com.ar\\\/info\\\/#\\\/schema\\\/logo\\\/image\\\/\",\"url\":\"https:\\\/\\\/patagoniambiental.com.ar\\\/info\\\/wp-content\\\/uploads\\\/2025\\\/05\\\/LOGO-PATAGONIA-AMBIENTAL.png\",\"contentUrl\":\"https:\\\/\\\/patagoniambiental.com.ar\\\/info\\\/wp-content\\\/uploads\\\/2025\\\/05\\\/LOGO-PATAGONIA-AMBIENTAL.png\",\"width\":433,\"height\":250,\"caption\":\"Patagonia Ambiental\"},\"image\":{\"@id\":\"https:\\\/\\\/patagoniambiental.com.ar\\\/info\\\/#\\\/schema\\\/logo\\\/image\\\/\"},\"sameAs\":[\"https:\\\/\\\/www.facebook.com\\\/patagonia.ambiental\",\"https:\\\/\\\/x.com\\\/PatAmb\"]},{\"@type\":\"Person\",\"@id\":\"https:\\\/\\\/patagoniambiental.com.ar\\\/info\\\/#\\\/schema\\\/person\\\/db12bff64bbcbf6a253710bf0ea37b5d\",\"name\":\"Patagonia Ambiental\",\"description\":\"Andr\u00e9s Nievas T\u00e9cnico en manejo ambiental, consultor Ambiental y escritor para medios locales e internacionales sobre temas de geopolitica y medio ambiente.\",\"sameAs\":[\"http:\\\/\\\/www.patagoniambiental.com.ar\",\"https:\\\/\\\/www.facebook.com\\\/share\\\/1C1V8Gv9BX\\\/?mibextid=qi2Omg\",\"@patagoniambiental\",\"https:\\\/\\\/youtube.com\\\/@patagoniaambiental2023?si=BLt58t0wuXquxlYZ\"]}]}<\/script>\n<!-- \/ Yoast SEO Premium plugin. -->","yoast_head_json":{"title":"El Foyel Dijo No Y La Justicia Autorizo El Ingreso De Una Columna Que Pretende Llegar Al Lago Escondido","robots":{"index":"index","follow":"follow","max-snippet":"max-snippet:-1","max-image-preview":"max-image-preview:large","max-video-preview":"max-video-preview:-1"},"canonical":"https:\/\/patagoniambiental.com.ar\/info\/el-foyel-dijo-no-y-la-justicia-autorizo-el-ingreso-de-una-columna-que-pretende-llegar-al-lago-escondido\/","og_locale":"es_ES","og_type":"article","og_title":"El Foyel Dijo No Y La Justicia Autorizo El Ingreso De Una Columna Que Pretende Llegar Al Lago Escondido","og_description":"El Bols\u00f3n.-La jornada del s\u00e1bado pasado Comenz\u00f3 desde muy temprano para los vecinos de El Foyel que con candado en [&hellip;]","og_url":"https:\/\/patagoniambiental.com.ar\/info\/el-foyel-dijo-no-y-la-justicia-autorizo-el-ingreso-de-una-columna-que-pretende-llegar-al-lago-escondido\/","og_site_name":"Patagonia Ambiental","article_publisher":"https:\/\/www.facebook.com\/patagonia.ambiental","article_author":"https:\/\/www.facebook.com\/share\/1C1V8Gv9BX\/?mibextid=qi2Omg","article_published_time":"2019-02-12T22:00:10+00:00","article_modified_time":"2019-02-13T14:13:26+00:00","og_image":[{"width":320,"height":180,"url":"https:\/\/patagoniambiental.com.ar\/info\/wp-content\/uploads\/2019\/02\/b1becda8-fe56-4664-8349-bb4590d98a47.jpg","type":"image\/jpeg"}],"author":"Patagonia Ambiental","twitter_card":"summary_large_image","twitter_creator":"@PatAmb","twitter_site":"@PatAmb","schema":{"@context":"https:\/\/schema.org","@graph":[{"@type":"Article","@id":"https:\/\/patagoniambiental.com.ar\/info\/el-foyel-dijo-no-y-la-justicia-autorizo-el-ingreso-de-una-columna-que-pretende-llegar-al-lago-escondido\/#article","isPartOf":{"@id":"https:\/\/patagoniambiental.com.ar\/info\/el-foyel-dijo-no-y-la-justicia-autorizo-el-ingreso-de-una-columna-que-pretende-llegar-al-lago-escondido\/"},"author":{"name":"Patagonia Ambiental","@id":"https:\/\/patagoniambiental.com.ar\/info\/#\/schema\/person\/db12bff64bbcbf6a253710bf0ea37b5d"},"headline":"El Foyel Dijo No Y La Justicia Autorizo El Ingreso De Una Columna Que Pretende Llegar Al Lago Escondido","datePublished":"2019-02-12T22:00:10+00:00","dateModified":"2019-02-13T14:13:26+00:00","mainEntityOfPage":{"@id":"https:\/\/patagoniambiental.com.ar\/info\/el-foyel-dijo-no-y-la-justicia-autorizo-el-ingreso-de-una-columna-que-pretende-llegar-al-lago-escondido\/"},"wordCount":1903,"commentCount":0,"publisher":{"@id":"https:\/\/patagoniambiental.com.ar\/info\/#organization"},"image":{"@id":"https:\/\/patagoniambiental.com.ar\/info\/el-foyel-dijo-no-y-la-justicia-autorizo-el-ingreso-de-una-columna-que-pretende-llegar-al-lago-escondido\/#primaryimage"},"thumbnailUrl":"https:\/\/patagoniambiental.com.ar\/info\/wp-content\/uploads\/2019\/02\/b1becda8-fe56-4664-8349-bb4590d98a47.jpg","articleSection":["Noticias","Provinciales","R\u00edo Negro"],"inLanguage":"es","potentialAction":[{"@type":"CommentAction","name":"Comment","target":["https:\/\/patagoniambiental.com.ar\/info\/el-foyel-dijo-no-y-la-justicia-autorizo-el-ingreso-de-una-columna-que-pretende-llegar-al-lago-escondido\/#respond"]}]},{"@type":"WebPage","@id":"https:\/\/patagoniambiental.com.ar\/info\/el-foyel-dijo-no-y-la-justicia-autorizo-el-ingreso-de-una-columna-que-pretende-llegar-al-lago-escondido\/","url":"https:\/\/patagoniambiental.com.ar\/info\/el-foyel-dijo-no-y-la-justicia-autorizo-el-ingreso-de-una-columna-que-pretende-llegar-al-lago-escondido\/","name":"El Foyel Dijo No Y La Justicia Autorizo El Ingreso De Una Columna Que Pretende Llegar Al Lago Escondido","isPartOf":{"@id":"https:\/\/patagoniambiental.com.ar\/info\/#website"},"primaryImageOfPage":{"@id":"https:\/\/patagoniambiental.com.ar\/info\/el-foyel-dijo-no-y-la-justicia-autorizo-el-ingreso-de-una-columna-que-pretende-llegar-al-lago-escondido\/#primaryimage"},"image":{"@id":"https:\/\/patagoniambiental.com.ar\/info\/el-foyel-dijo-no-y-la-justicia-autorizo-el-ingreso-de-una-columna-que-pretende-llegar-al-lago-escondido\/#primaryimage"},"thumbnailUrl":"https:\/\/patagoniambiental.com.ar\/info\/wp-content\/uploads\/2019\/02\/b1becda8-fe56-4664-8349-bb4590d98a47.jpg","datePublished":"2019-02-12T22:00:10+00:00","dateModified":"2019-02-13T14:13:26+00:00","breadcrumb":{"@id":"https:\/\/patagoniambiental.com.ar\/info\/el-foyel-dijo-no-y-la-justicia-autorizo-el-ingreso-de-una-columna-que-pretende-llegar-al-lago-escondido\/#breadcrumb"},"inLanguage":"es","potentialAction":[{"@type":"ReadAction","target":["https:\/\/patagoniambiental.com.ar\/info\/el-foyel-dijo-no-y-la-justicia-autorizo-el-ingreso-de-una-columna-que-pretende-llegar-al-lago-escondido\/"]}]},{"@type":"ImageObject","inLanguage":"es","@id":"https:\/\/patagoniambiental.com.ar\/info\/el-foyel-dijo-no-y-la-justicia-autorizo-el-ingreso-de-una-columna-que-pretende-llegar-al-lago-escondido\/#primaryimage","url":"https:\/\/patagoniambiental.com.ar\/info\/wp-content\/uploads\/2019\/02\/b1becda8-fe56-4664-8349-bb4590d98a47.jpg","contentUrl":"https:\/\/patagoniambiental.com.ar\/info\/wp-content\/uploads\/2019\/02\/b1becda8-fe56-4664-8349-bb4590d98a47.jpg","width":320,"height":180},{"@type":"BreadcrumbList","@id":"https:\/\/patagoniambiental.com.ar\/info\/el-foyel-dijo-no-y-la-justicia-autorizo-el-ingreso-de-una-columna-que-pretende-llegar-al-lago-escondido\/#breadcrumb","itemListElement":[{"@type":"ListItem","position":1,"name":"Inicio","item":"https:\/\/patagoniambiental.com.ar\/info\/"},{"@type":"ListItem","position":2,"name":"El Foyel Dijo No Y La Justicia Autorizo El Ingreso De Una Columna Que Pretende Llegar Al Lago Escondido"}]},{"@type":"WebSite","@id":"https:\/\/patagoniambiental.com.ar\/info\/#website","url":"https:\/\/patagoniambiental.com.ar\/info\/","name":"Patagonia Ambiental","description":"Monitoreo y an\u00e1lisis de la situaci\u00f3n geopol\u00edtica en el mundo y su implicancia en la Patagonia","publisher":{"@id":"https:\/\/patagoniambiental.com.ar\/info\/#organization"},"potentialAction":[{"@type":"SearchAction","target":{"@type":"EntryPoint","urlTemplate":"https:\/\/patagoniambiental.com.ar\/info\/?s={search_term_string}"},"query-input":{"@type":"PropertyValueSpecification","valueRequired":true,"valueName":"search_term_string"}}],"inLanguage":"es"},{"@type":"Organization","@id":"https:\/\/patagoniambiental.com.ar\/info\/#organization","name":"Patagonia Ambiental","url":"https:\/\/patagoniambiental.com.ar\/info\/","logo":{"@type":"ImageObject","inLanguage":"es","@id":"https:\/\/patagoniambiental.com.ar\/info\/#\/schema\/logo\/image\/","url":"https:\/\/patagoniambiental.com.ar\/info\/wp-content\/uploads\/2025\/05\/LOGO-PATAGONIA-AMBIENTAL.png","contentUrl":"https:\/\/patagoniambiental.com.ar\/info\/wp-content\/uploads\/2025\/05\/LOGO-PATAGONIA-AMBIENTAL.png","width":433,"height":250,"caption":"Patagonia Ambiental"},"image":{"@id":"https:\/\/patagoniambiental.com.ar\/info\/#\/schema\/logo\/image\/"},"sameAs":["https:\/\/www.facebook.com\/patagonia.ambiental","https:\/\/x.com\/PatAmb"]},{"@type":"Person","@id":"https:\/\/patagoniambiental.com.ar\/info\/#\/schema\/person\/db12bff64bbcbf6a253710bf0ea37b5d","name":"Patagonia Ambiental","description":"Andr\u00e9s Nievas T\u00e9cnico en manejo ambiental, consultor Ambiental y escritor para medios locales e internacionales sobre temas de geopolitica y medio ambiente.","sameAs":["http:\/\/www.patagoniambiental.com.ar","https:\/\/www.facebook.com\/share\/1C1V8Gv9BX\/?mibextid=qi2Omg","@patagoniambiental","https:\/\/youtube.com\/@patagoniaambiental2023?si=BLt58t0wuXquxlYZ"]}]}},"_links":{"self":[{"href":"https:\/\/patagoniambiental.com.ar\/info\/wp-json\/wp\/v2\/posts\/58937","targetHints":{"allow":["GET"]}}],"collection":[{"href":"https:\/\/patagoniambiental.com.ar\/info\/wp-json\/wp\/v2\/posts"}],"about":[{"href":"https:\/\/patagoniambiental.com.ar\/info\/wp-json\/wp\/v2\/types\/post"}],"author":[{"embeddable":true,"href":"https:\/\/patagoniambiental.com.ar\/info\/wp-json\/wp\/v2\/users\/2"}],"replies":[{"embeddable":true,"href":"https:\/\/patagoniambiental.com.ar\/info\/wp-json\/wp\/v2\/comments?post=58937"}],"version-history":[{"count":0,"href":"https:\/\/patagoniambiental.com.ar\/info\/wp-json\/wp\/v2\/posts\/58937\/revisions"}],"wp:featuredmedia":[{"embeddable":true,"href":"https:\/\/patagoniambiental.com.ar\/info\/wp-json\/wp\/v2\/media\/58938"}],"wp:attachment":[{"href":"https:\/\/patagoniambiental.com.ar\/info\/wp-json\/wp\/v2\/media?parent=58937"}],"wp:term":[{"taxonomy":"category","embeddable":true,"href":"https:\/\/patagoniambiental.com.ar\/info\/wp-json\/wp\/v2\/categories?post=58937"},{"taxonomy":"post_tag","embeddable":true,"href":"https:\/\/patagoniambiental.com.ar\/info\/wp-json\/wp\/v2\/tags?post=58937"}],"curies":[{"name":"wp","href":"https:\/\/api.w.org\/{rel}","templated":true}]}}