{"id":59070,"date":"2019-02-20T09:00:10","date_gmt":"2019-02-20T12:00:10","guid":{"rendered":"http:\/\/patagoniambiental.com.ar\/info\/?p=59070"},"modified":"2019-02-19T11:12:02","modified_gmt":"2019-02-19T14:12:02","slug":"frente-a-la-ola-de-calor-es-indispensable-cuidar-el-agua-potable","status":"publish","type":"post","link":"https:\/\/patagoniambiental.com.ar\/info\/frente-a-la-ola-de-calor-es-indispensable-cuidar-el-agua-potable\/","title":{"rendered":"Frente a la ola de calor es indispensable cuidar el agua potable"},"content":{"rendered":"<div class=\"td-pb-row\">\n<div class=\"td-pb-span12\">\n<div class=\"td-post-header td-pb-padding-side\">\n<header>\n<div class=\"meta-info\">\n<div class=\"td-post-author-name\"><\/div>\n<\/div>\n<\/header>\n<\/div>\n<\/div>\n<\/div>\n<div class=\"td-pb-row\">\n<div class=\"td-pb-span8 td-main-content\" role=\"main\">\n<div class=\"td-ss-main-content\">\n<div class=\"td-post-sharing-top td-pb-padding-side\">\n<div id=\"td_social_sharing_article_top\" class=\"td-post-sharing td-ps-bg td-ps-notext td-post-sharing-style1 \">\n<div class=\"td-post-sharing-visible\">\n<div class=\"td-social-sharing-button td-social-sharing-button-js td-social-handler td-social-share-text\">\n<div class=\"td-social-but-text\">La empresa estatal Aguas Rionegrinas recomienda extremar el cuidado del agua potable para ayudar a garantizar la disponibilidad del recurso en cada vivienda rionegrina.<\/div>\n<div><!--more--><\/div>\n<\/div>\n<div class=\"td-social-but-icon\"><\/div>\n<div class=\"td-social-but-icon\"><\/div>\n<\/div>\n<\/div>\n<\/div>\n<div class=\"td-post-featured-image\"><a class=\"td-modal-image\" href=\"https:\/\/catriel25noticias.com\/wp-content\/uploads\/2018\/10\/agua-canilla2.jpg\" data-caption=\"\"><img fetchpriority=\"high\" decoding=\"async\" class=\"entry-thumb alignleft\" title=\"agua canilla2\" src=\"https:\/\/catriel25noticias.com\/wp-content\/uploads\/2018\/10\/agua-canilla2-681x417.jpg\" sizes=\"(max-width: 681px) 100vw, 681px\" srcset=\"https:\/\/catriel25noticias.com\/wp-content\/uploads\/2018\/10\/agua-canilla2-681x417.jpg 681w, https:\/\/catriel25noticias.com\/wp-content\/uploads\/2018\/10\/agua-canilla2-269x165.jpg 269w, https:\/\/catriel25noticias.com\/wp-content\/uploads\/2018\/10\/agua-canilla2-592x363.jpg 592w, https:\/\/catriel25noticias.com\/wp-content\/uploads\/2018\/10\/agua-canilla2-685x420.jpg 685w, https:\/\/catriel25noticias.com\/wp-content\/uploads\/2018\/10\/agua-canilla2-640x392.jpg 640w, https:\/\/catriel25noticias.com\/wp-content\/uploads\/2018\/10\/agua-canilla2.jpg 718w\" alt=\"agua-canilla2-681x417\" width=\"441\" height=\"270\" \/><\/a><\/div>\n<div class=\"td-post-content td-pb-padding-side\">\n<p>Durante el fin de semana, personal de la firma mantuvo un monitoreo permanente de puntos clave de las distintas zonas.<br \/>\nLa ola de calor que atraviesa la Provincia desde el fin de semana se mantiene en varios puntos a lo largo del territorio rionegrino, con lo cual se vuelve vital eliminar actitudes de derroche en el hogar.<br \/>\nSeg\u00fan el pron\u00f3stico de la AIC, para la jornada de hoy -salvo en la zona andina- habr\u00e1 tempraturas de mm\u00e1s de 30 grados en los valles y cercanas a esa cifra en la L\u00ednea Sur.<br \/>\nA lo largo del d\u00eda, y en muchas ocasiones de manera no conciente, las familias suelen tener conductas de desperdicio del agua potable: una manguera sin tope en un jard\u00edn, una canilla dejada al descuido abierta m\u00e1s de lo necesario, la pileta con cambios de agua recurrentes.<\/p>\n<p>Aunque se trata de acciones que pertenecen al fuero \u00edntimo y por ello dependen pura y exclusivamente del cambio de actitud en cada hogar, Aguas Rionegrinas promueve la concientizaci\u00f3n y la reflexi\u00f3n cotidiana acerca del destino que le damos a un recurso tan preciado como el agua.<br \/>\nEl horario pico va de ma\u00f1ana hasta las 6 de la tarde, y en esa franja horaria debe ser racionalizado el extremo el consumo del recurso.<br \/>\nEl cuidado en cada hogar ayuda a garantizar que no le falte a nadie.<br \/>\nPor dudas, reclamos o consultas, la l\u00ednea gratuita es 0800 999 24827.<\/p>\n<\/div>\n<p>Fuente:\u00a0https:\/\/catriel25noticias.com\/frente-a-la-ola-de-calor-es-indispensable-cuidar-el-agua-potable\/?utm_source=feedburner&amp;utm_medium=email&amp;utm_campaign=Feed%3A+catriel25n+%28Catriel+25+Noticias.+Diario+de+Catriel%2C+Rio+Negro%29<\/p>\n<\/div>\n<\/div>\n<\/div>\n<p>&nbsp;<\/p>\n","protected":false},"excerpt":{"rendered":"<p>La empresa estatal Aguas Rionegrinas recomienda extremar el cuidado del agua potable para ayudar a garantizar la disponibilidad del recurso [&hellip;]<\/p>\n","protected":false},"author":2,"featured_media":59071,"comment_status":"open","ping_status":"open","sticky":false,"template":"","format":"standard","meta":{"site-sidebar-layout":"default","site-content-layout":"","ast-site-content-layout":"default","site-content-style":"default","site-sidebar-style":"default","ast-global-header-display":"","ast-banner-title-visibility":"","ast-main-header-display":"","ast-hfb-above-header-display":"","ast-hfb-below-header-display":"","ast-hfb-mobile-header-display":"","site-post-title":"","ast-breadcrumbs-content":"","ast-featured-img":"","footer-sml-layout":"","ast-disable-related-posts":"","theme-transparent-header-meta":"","adv-header-id-meta":"","stick-header-meta":"","header-above-stick-meta":"","header-main-stick-meta":"","header-below-stick-meta":"","astra-migrate-meta-layouts":"default","ast-page-background-enabled":"default","ast-page-background-meta":{"desktop":{"background-color":"var(--ast-global-color-5)","background-image":"","background-repeat":"repeat","background-position":"center center","background-size":"auto","background-attachment":"scroll","background-type":"","background-media":"","overlay-type":"","overlay-color":"","overlay-opacity":"","overlay-gradient":""},"tablet":{"background-color":"","background-image":"","background-repeat":"repeat","background-position":"center center","background-size":"auto","background-attachment":"scroll","background-type":"","background-media":"","overlay-type":"","overlay-color":"","overlay-opacity":"","overlay-gradient":""},"mobile":{"background-color":"","background-image":"","background-repeat":"repeat","background-position":"center center","background-size":"auto","background-attachment":"scroll","background-type":"","background-media":"","overlay-type":"","overlay-color":"","overlay-opacity":"","overlay-gradient":""}},"ast-content-background-meta":{"desktop":{"background-color":"var(--ast-global-color-4)","background-image":"","background-repeat":"repeat","background-position":"center center","background-size":"auto","background-attachment":"scroll","background-type":"","background-media":"","overlay-type":"","overlay-color":"","overlay-opacity":"","overlay-gradient":""},"tablet":{"background-color":"var(--ast-global-color-4)","background-image":"","background-repeat":"repeat","background-position":"center center","background-size":"auto","background-attachment":"scroll","background-type":"","background-media":"","overlay-type":"","overlay-color":"","overlay-opacity":"","overlay-gradient":""},"mobile":{"background-color":"var(--ast-global-color-4)","background-image":"","background-repeat":"repeat","background-position":"center center","background-size":"auto","background-attachment":"scroll","background-type":"","background-media":"","overlay-type":"","overlay-color":"","overlay-opacity":"","overlay-gradient":""}},"footnotes":""},"categories":[1,13,14],"tags":[],"class_list":["post-59070","post","type-post","status-publish","format-standard","has-post-thumbnail","hentry","category-noticias","category-provinciales","category-rio-negro"],"yoast_head":"<!-- This site is optimized with the Yoast SEO Premium plugin v23.0 (Yoast SEO v27.4) - https:\/\/yoast.com\/product\/yoast-seo-premium-wordpress\/ -->\n<title>Frente a la ola de calor es indispensable cuidar el agua potable<\/title>\n<meta name=\"robots\" content=\"index, follow, max-snippet:-1, max-image-preview:large, max-video-preview:-1\" \/>\n<link rel=\"canonical\" href=\"https:\/\/patagoniambiental.com.ar\/info\/frente-a-la-ola-de-calor-es-indispensable-cuidar-el-agua-potable\/\" \/>\n<meta property=\"og:locale\" content=\"es_ES\" \/>\n<meta property=\"og:type\" content=\"article\" \/>\n<meta property=\"og:title\" content=\"Frente a la ola de calor es indispensable cuidar el agua potable\" \/>\n<meta property=\"og:description\" content=\"La empresa estatal Aguas Rionegrinas recomienda extremar el cuidado del agua potable para ayudar a garantizar la disponibilidad del recurso [&hellip;]\" \/>\n<meta property=\"og:url\" content=\"https:\/\/patagoniambiental.com.ar\/info\/frente-a-la-ola-de-calor-es-indispensable-cuidar-el-agua-potable\/\" \/>\n<meta property=\"og:site_name\" content=\"Patagonia Ambiental\" \/>\n<meta property=\"article:publisher\" content=\"https:\/\/www.facebook.com\/patagonia.ambiental\" \/>\n<meta property=\"article:author\" content=\"https:\/\/www.facebook.com\/share\/1C1V8Gv9BX\/?mibextid=qi2Omg\" \/>\n<meta property=\"article:published_time\" content=\"2019-02-20T12:00:10+00:00\" \/>\n<meta property=\"og:image\" content=\"https:\/\/patagoniambiental.com.ar\/info\/wp-content\/uploads\/2019\/02\/agua-canilla2-681x417.jpg\" \/>\n\t<meta property=\"og:image:width\" content=\"681\" \/>\n\t<meta property=\"og:image:height\" content=\"417\" \/>\n\t<meta property=\"og:image:type\" content=\"image\/jpeg\" \/>\n<meta name=\"author\" content=\"Patagonia Ambiental\" \/>\n<meta name=\"twitter:card\" content=\"summary_large_image\" \/>\n<meta name=\"twitter:creator\" content=\"@PatAmb\" \/>\n<meta name=\"twitter:site\" content=\"@PatAmb\" \/>\n<script type=\"application\/ld+json\" class=\"yoast-schema-graph\">{\"@context\":\"https:\\\/\\\/schema.org\",\"@graph\":[{\"@type\":\"Article\",\"@id\":\"https:\\\/\\\/patagoniambiental.com.ar\\\/info\\\/frente-a-la-ola-de-calor-es-indispensable-cuidar-el-agua-potable\\\/#article\",\"isPartOf\":{\"@id\":\"https:\\\/\\\/patagoniambiental.com.ar\\\/info\\\/frente-a-la-ola-de-calor-es-indispensable-cuidar-el-agua-potable\\\/\"},\"author\":{\"name\":\"Patagonia Ambiental\",\"@id\":\"https:\\\/\\\/patagoniambiental.com.ar\\\/info\\\/#\\\/schema\\\/person\\\/db12bff64bbcbf6a253710bf0ea37b5d\"},\"headline\":\"Frente a la ola de calor es indispensable cuidar el agua potable\",\"datePublished\":\"2019-02-20T12:00:10+00:00\",\"mainEntityOfPage\":{\"@id\":\"https:\\\/\\\/patagoniambiental.com.ar\\\/info\\\/frente-a-la-ola-de-calor-es-indispensable-cuidar-el-agua-potable\\\/\"},\"wordCount\":309,\"commentCount\":0,\"publisher\":{\"@id\":\"https:\\\/\\\/patagoniambiental.com.ar\\\/info\\\/#organization\"},\"image\":{\"@id\":\"https:\\\/\\\/patagoniambiental.com.ar\\\/info\\\/frente-a-la-ola-de-calor-es-indispensable-cuidar-el-agua-potable\\\/#primaryimage\"},\"thumbnailUrl\":\"https:\\\/\\\/patagoniambiental.com.ar\\\/info\\\/wp-content\\\/uploads\\\/2019\\\/02\\\/agua-canilla2-681x417.jpg\",\"articleSection\":[\"Noticias\",\"Provinciales\",\"R\u00edo Negro\"],\"inLanguage\":\"es\",\"potentialAction\":[{\"@type\":\"CommentAction\",\"name\":\"Comment\",\"target\":[\"https:\\\/\\\/patagoniambiental.com.ar\\\/info\\\/frente-a-la-ola-de-calor-es-indispensable-cuidar-el-agua-potable\\\/#respond\"]}]},{\"@type\":\"WebPage\",\"@id\":\"https:\\\/\\\/patagoniambiental.com.ar\\\/info\\\/frente-a-la-ola-de-calor-es-indispensable-cuidar-el-agua-potable\\\/\",\"url\":\"https:\\\/\\\/patagoniambiental.com.ar\\\/info\\\/frente-a-la-ola-de-calor-es-indispensable-cuidar-el-agua-potable\\\/\",\"name\":\"Frente a la ola de calor es indispensable cuidar el agua potable\",\"isPartOf\":{\"@id\":\"https:\\\/\\\/patagoniambiental.com.ar\\\/info\\\/#website\"},\"primaryImageOfPage\":{\"@id\":\"https:\\\/\\\/patagoniambiental.com.ar\\\/info\\\/frente-a-la-ola-de-calor-es-indispensable-cuidar-el-agua-potable\\\/#primaryimage\"},\"image\":{\"@id\":\"https:\\\/\\\/patagoniambiental.com.ar\\\/info\\\/frente-a-la-ola-de-calor-es-indispensable-cuidar-el-agua-potable\\\/#primaryimage\"},\"thumbnailUrl\":\"https:\\\/\\\/patagoniambiental.com.ar\\\/info\\\/wp-content\\\/uploads\\\/2019\\\/02\\\/agua-canilla2-681x417.jpg\",\"datePublished\":\"2019-02-20T12:00:10+00:00\",\"breadcrumb\":{\"@id\":\"https:\\\/\\\/patagoniambiental.com.ar\\\/info\\\/frente-a-la-ola-de-calor-es-indispensable-cuidar-el-agua-potable\\\/#breadcrumb\"},\"inLanguage\":\"es\",\"potentialAction\":[{\"@type\":\"ReadAction\",\"target\":[\"https:\\\/\\\/patagoniambiental.com.ar\\\/info\\\/frente-a-la-ola-de-calor-es-indispensable-cuidar-el-agua-potable\\\/\"]}]},{\"@type\":\"ImageObject\",\"inLanguage\":\"es\",\"@id\":\"https:\\\/\\\/patagoniambiental.com.ar\\\/info\\\/frente-a-la-ola-de-calor-es-indispensable-cuidar-el-agua-potable\\\/#primaryimage\",\"url\":\"https:\\\/\\\/patagoniambiental.com.ar\\\/info\\\/wp-content\\\/uploads\\\/2019\\\/02\\\/agua-canilla2-681x417.jpg\",\"contentUrl\":\"https:\\\/\\\/patagoniambiental.com.ar\\\/info\\\/wp-content\\\/uploads\\\/2019\\\/02\\\/agua-canilla2-681x417.jpg\",\"width\":681,\"height\":417},{\"@type\":\"BreadcrumbList\",\"@id\":\"https:\\\/\\\/patagoniambiental.com.ar\\\/info\\\/frente-a-la-ola-de-calor-es-indispensable-cuidar-el-agua-potable\\\/#breadcrumb\",\"itemListElement\":[{\"@type\":\"ListItem\",\"position\":1,\"name\":\"Inicio\",\"item\":\"https:\\\/\\\/patagoniambiental.com.ar\\\/info\\\/\"},{\"@type\":\"ListItem\",\"position\":2,\"name\":\"Frente a la ola de calor es indispensable cuidar el agua potable\"}]},{\"@type\":\"WebSite\",\"@id\":\"https:\\\/\\\/patagoniambiental.com.ar\\\/info\\\/#website\",\"url\":\"https:\\\/\\\/patagoniambiental.com.ar\\\/info\\\/\",\"name\":\"Patagonia Ambiental\",\"description\":\"Monitoreo y an\u00e1lisis de la situaci\u00f3n geopol\u00edtica en el mundo y su implicancia en la Patagonia\",\"publisher\":{\"@id\":\"https:\\\/\\\/patagoniambiental.com.ar\\\/info\\\/#organization\"},\"potentialAction\":[{\"@type\":\"SearchAction\",\"target\":{\"@type\":\"EntryPoint\",\"urlTemplate\":\"https:\\\/\\\/patagoniambiental.com.ar\\\/info\\\/?s={search_term_string}\"},\"query-input\":{\"@type\":\"PropertyValueSpecification\",\"valueRequired\":true,\"valueName\":\"search_term_string\"}}],\"inLanguage\":\"es\"},{\"@type\":\"Organization\",\"@id\":\"https:\\\/\\\/patagoniambiental.com.ar\\\/info\\\/#organization\",\"name\":\"Patagonia Ambiental\",\"url\":\"https:\\\/\\\/patagoniambiental.com.ar\\\/info\\\/\",\"logo\":{\"@type\":\"ImageObject\",\"inLanguage\":\"es\",\"@id\":\"https:\\\/\\\/patagoniambiental.com.ar\\\/info\\\/#\\\/schema\\\/logo\\\/image\\\/\",\"url\":\"https:\\\/\\\/patagoniambiental.com.ar\\\/info\\\/wp-content\\\/uploads\\\/2025\\\/05\\\/LOGO-PATAGONIA-AMBIENTAL.png\",\"contentUrl\":\"https:\\\/\\\/patagoniambiental.com.ar\\\/info\\\/wp-content\\\/uploads\\\/2025\\\/05\\\/LOGO-PATAGONIA-AMBIENTAL.png\",\"width\":433,\"height\":250,\"caption\":\"Patagonia Ambiental\"},\"image\":{\"@id\":\"https:\\\/\\\/patagoniambiental.com.ar\\\/info\\\/#\\\/schema\\\/logo\\\/image\\\/\"},\"sameAs\":[\"https:\\\/\\\/www.facebook.com\\\/patagonia.ambiental\",\"https:\\\/\\\/x.com\\\/PatAmb\"]},{\"@type\":\"Person\",\"@id\":\"https:\\\/\\\/patagoniambiental.com.ar\\\/info\\\/#\\\/schema\\\/person\\\/db12bff64bbcbf6a253710bf0ea37b5d\",\"name\":\"Patagonia Ambiental\",\"description\":\"Andr\u00e9s Nievas T\u00e9cnico en manejo ambiental, consultor Ambiental y escritor para medios locales e internacionales sobre temas de geopolitica y medio ambiente.\",\"sameAs\":[\"http:\\\/\\\/www.patagoniambiental.com.ar\",\"https:\\\/\\\/www.facebook.com\\\/share\\\/1C1V8Gv9BX\\\/?mibextid=qi2Omg\",\"@patagoniambiental\",\"https:\\\/\\\/youtube.com\\\/@patagoniaambiental2023?si=BLt58t0wuXquxlYZ\"]}]}<\/script>\n<!-- \/ Yoast SEO Premium plugin. -->","yoast_head_json":{"title":"Frente a la ola de calor es indispensable cuidar el agua potable","robots":{"index":"index","follow":"follow","max-snippet":"max-snippet:-1","max-image-preview":"max-image-preview:large","max-video-preview":"max-video-preview:-1"},"canonical":"https:\/\/patagoniambiental.com.ar\/info\/frente-a-la-ola-de-calor-es-indispensable-cuidar-el-agua-potable\/","og_locale":"es_ES","og_type":"article","og_title":"Frente a la ola de calor es indispensable cuidar el agua potable","og_description":"La empresa estatal Aguas Rionegrinas recomienda extremar el cuidado del agua potable para ayudar a garantizar la disponibilidad del recurso [&hellip;]","og_url":"https:\/\/patagoniambiental.com.ar\/info\/frente-a-la-ola-de-calor-es-indispensable-cuidar-el-agua-potable\/","og_site_name":"Patagonia Ambiental","article_publisher":"https:\/\/www.facebook.com\/patagonia.ambiental","article_author":"https:\/\/www.facebook.com\/share\/1C1V8Gv9BX\/?mibextid=qi2Omg","article_published_time":"2019-02-20T12:00:10+00:00","og_image":[{"width":681,"height":417,"url":"https:\/\/patagoniambiental.com.ar\/info\/wp-content\/uploads\/2019\/02\/agua-canilla2-681x417.jpg","type":"image\/jpeg"}],"author":"Patagonia Ambiental","twitter_card":"summary_large_image","twitter_creator":"@PatAmb","twitter_site":"@PatAmb","schema":{"@context":"https:\/\/schema.org","@graph":[{"@type":"Article","@id":"https:\/\/patagoniambiental.com.ar\/info\/frente-a-la-ola-de-calor-es-indispensable-cuidar-el-agua-potable\/#article","isPartOf":{"@id":"https:\/\/patagoniambiental.com.ar\/info\/frente-a-la-ola-de-calor-es-indispensable-cuidar-el-agua-potable\/"},"author":{"name":"Patagonia Ambiental","@id":"https:\/\/patagoniambiental.com.ar\/info\/#\/schema\/person\/db12bff64bbcbf6a253710bf0ea37b5d"},"headline":"Frente a la ola de calor es indispensable cuidar el agua potable","datePublished":"2019-02-20T12:00:10+00:00","mainEntityOfPage":{"@id":"https:\/\/patagoniambiental.com.ar\/info\/frente-a-la-ola-de-calor-es-indispensable-cuidar-el-agua-potable\/"},"wordCount":309,"commentCount":0,"publisher":{"@id":"https:\/\/patagoniambiental.com.ar\/info\/#organization"},"image":{"@id":"https:\/\/patagoniambiental.com.ar\/info\/frente-a-la-ola-de-calor-es-indispensable-cuidar-el-agua-potable\/#primaryimage"},"thumbnailUrl":"https:\/\/patagoniambiental.com.ar\/info\/wp-content\/uploads\/2019\/02\/agua-canilla2-681x417.jpg","articleSection":["Noticias","Provinciales","R\u00edo Negro"],"inLanguage":"es","potentialAction":[{"@type":"CommentAction","name":"Comment","target":["https:\/\/patagoniambiental.com.ar\/info\/frente-a-la-ola-de-calor-es-indispensable-cuidar-el-agua-potable\/#respond"]}]},{"@type":"WebPage","@id":"https:\/\/patagoniambiental.com.ar\/info\/frente-a-la-ola-de-calor-es-indispensable-cuidar-el-agua-potable\/","url":"https:\/\/patagoniambiental.com.ar\/info\/frente-a-la-ola-de-calor-es-indispensable-cuidar-el-agua-potable\/","name":"Frente a la ola de calor es indispensable cuidar el agua potable","isPartOf":{"@id":"https:\/\/patagoniambiental.com.ar\/info\/#website"},"primaryImageOfPage":{"@id":"https:\/\/patagoniambiental.com.ar\/info\/frente-a-la-ola-de-calor-es-indispensable-cuidar-el-agua-potable\/#primaryimage"},"image":{"@id":"https:\/\/patagoniambiental.com.ar\/info\/frente-a-la-ola-de-calor-es-indispensable-cuidar-el-agua-potable\/#primaryimage"},"thumbnailUrl":"https:\/\/patagoniambiental.com.ar\/info\/wp-content\/uploads\/2019\/02\/agua-canilla2-681x417.jpg","datePublished":"2019-02-20T12:00:10+00:00","breadcrumb":{"@id":"https:\/\/patagoniambiental.com.ar\/info\/frente-a-la-ola-de-calor-es-indispensable-cuidar-el-agua-potable\/#breadcrumb"},"inLanguage":"es","potentialAction":[{"@type":"ReadAction","target":["https:\/\/patagoniambiental.com.ar\/info\/frente-a-la-ola-de-calor-es-indispensable-cuidar-el-agua-potable\/"]}]},{"@type":"ImageObject","inLanguage":"es","@id":"https:\/\/patagoniambiental.com.ar\/info\/frente-a-la-ola-de-calor-es-indispensable-cuidar-el-agua-potable\/#primaryimage","url":"https:\/\/patagoniambiental.com.ar\/info\/wp-content\/uploads\/2019\/02\/agua-canilla2-681x417.jpg","contentUrl":"https:\/\/patagoniambiental.com.ar\/info\/wp-content\/uploads\/2019\/02\/agua-canilla2-681x417.jpg","width":681,"height":417},{"@type":"BreadcrumbList","@id":"https:\/\/patagoniambiental.com.ar\/info\/frente-a-la-ola-de-calor-es-indispensable-cuidar-el-agua-potable\/#breadcrumb","itemListElement":[{"@type":"ListItem","position":1,"name":"Inicio","item":"https:\/\/patagoniambiental.com.ar\/info\/"},{"@type":"ListItem","position":2,"name":"Frente a la ola de calor es indispensable cuidar el agua potable"}]},{"@type":"WebSite","@id":"https:\/\/patagoniambiental.com.ar\/info\/#website","url":"https:\/\/patagoniambiental.com.ar\/info\/","name":"Patagonia Ambiental","description":"Monitoreo y an\u00e1lisis de la situaci\u00f3n geopol\u00edtica en el mundo y su implicancia en la Patagonia","publisher":{"@id":"https:\/\/patagoniambiental.com.ar\/info\/#organization"},"potentialAction":[{"@type":"SearchAction","target":{"@type":"EntryPoint","urlTemplate":"https:\/\/patagoniambiental.com.ar\/info\/?s={search_term_string}"},"query-input":{"@type":"PropertyValueSpecification","valueRequired":true,"valueName":"search_term_string"}}],"inLanguage":"es"},{"@type":"Organization","@id":"https:\/\/patagoniambiental.com.ar\/info\/#organization","name":"Patagonia Ambiental","url":"https:\/\/patagoniambiental.com.ar\/info\/","logo":{"@type":"ImageObject","inLanguage":"es","@id":"https:\/\/patagoniambiental.com.ar\/info\/#\/schema\/logo\/image\/","url":"https:\/\/patagoniambiental.com.ar\/info\/wp-content\/uploads\/2025\/05\/LOGO-PATAGONIA-AMBIENTAL.png","contentUrl":"https:\/\/patagoniambiental.com.ar\/info\/wp-content\/uploads\/2025\/05\/LOGO-PATAGONIA-AMBIENTAL.png","width":433,"height":250,"caption":"Patagonia Ambiental"},"image":{"@id":"https:\/\/patagoniambiental.com.ar\/info\/#\/schema\/logo\/image\/"},"sameAs":["https:\/\/www.facebook.com\/patagonia.ambiental","https:\/\/x.com\/PatAmb"]},{"@type":"Person","@id":"https:\/\/patagoniambiental.com.ar\/info\/#\/schema\/person\/db12bff64bbcbf6a253710bf0ea37b5d","name":"Patagonia Ambiental","description":"Andr\u00e9s Nievas T\u00e9cnico en manejo ambiental, consultor Ambiental y escritor para medios locales e internacionales sobre temas de geopolitica y medio ambiente.","sameAs":["http:\/\/www.patagoniambiental.com.ar","https:\/\/www.facebook.com\/share\/1C1V8Gv9BX\/?mibextid=qi2Omg","@patagoniambiental","https:\/\/youtube.com\/@patagoniaambiental2023?si=BLt58t0wuXquxlYZ"]}]}},"_links":{"self":[{"href":"https:\/\/patagoniambiental.com.ar\/info\/wp-json\/wp\/v2\/posts\/59070","targetHints":{"allow":["GET"]}}],"collection":[{"href":"https:\/\/patagoniambiental.com.ar\/info\/wp-json\/wp\/v2\/posts"}],"about":[{"href":"https:\/\/patagoniambiental.com.ar\/info\/wp-json\/wp\/v2\/types\/post"}],"author":[{"embeddable":true,"href":"https:\/\/patagoniambiental.com.ar\/info\/wp-json\/wp\/v2\/users\/2"}],"replies":[{"embeddable":true,"href":"https:\/\/patagoniambiental.com.ar\/info\/wp-json\/wp\/v2\/comments?post=59070"}],"version-history":[{"count":0,"href":"https:\/\/patagoniambiental.com.ar\/info\/wp-json\/wp\/v2\/posts\/59070\/revisions"}],"wp:featuredmedia":[{"embeddable":true,"href":"https:\/\/patagoniambiental.com.ar\/info\/wp-json\/wp\/v2\/media\/59071"}],"wp:attachment":[{"href":"https:\/\/patagoniambiental.com.ar\/info\/wp-json\/wp\/v2\/media?parent=59070"}],"wp:term":[{"taxonomy":"category","embeddable":true,"href":"https:\/\/patagoniambiental.com.ar\/info\/wp-json\/wp\/v2\/categories?post=59070"},{"taxonomy":"post_tag","embeddable":true,"href":"https:\/\/patagoniambiental.com.ar\/info\/wp-json\/wp\/v2\/tags?post=59070"}],"curies":[{"name":"wp","href":"https:\/\/api.w.org\/{rel}","templated":true}]}}