{"id":59105,"date":"2019-02-20T19:00:34","date_gmt":"2019-02-20T22:00:34","guid":{"rendered":"http:\/\/patagoniambiental.com.ar\/info\/?p=59105"},"modified":"2019-02-20T12:16:43","modified_gmt":"2019-02-20T15:16:43","slug":"refuerzan-la-vigilancia-en-el-terreno-ocupado-por-mapuches-en-mascardi-y-hay-mas-denuncias","status":"publish","type":"post","link":"https:\/\/patagoniambiental.com.ar\/info\/refuerzan-la-vigilancia-en-el-terreno-ocupado-por-mapuches-en-mascardi-y-hay-mas-denuncias\/","title":{"rendered":"Refuerzan la vigilancia en el terreno ocupado por Mapuches en Mascardi, y hay mas denuncias"},"content":{"rendered":"<p>Villa Mascardi.-El ministerio de Seguridad de la provincia de R\u00edo Negro decidi\u00f3 reforzar los patrullajes en los alrededores del predio ocupado en Mascardi, a 35 kil\u00f3metros de Bariloche, debido a las numerosas denuncias por hechos de violencia ocurridos en el sector en los \u00faltimos meses, informaron hoy a T\u00e9lam fuentes provinciales.<\/p>\n<p><!--more--><\/p>\n<p>Agentes de la Comisar\u00eda 42 intensificaron los operativos de vigilancia con camionetas 4&#215;4 en el \u00e1rea de la toma que mantiene la comunidad Lafken Winkul Mapu desde septiembre de 2017 y donde muri\u00f3, en un enfrentamiento con Prefectura Naval, Rafael Nahuel (22) en noviembre del mismo a\u00f1o.<\/p>\n<p>Fuentes policiales aclararon a esta agencia que los j\u00f3venes turistas, agredidos el jueves 14 de febrero con piedras y palos en el sector, fueron tambi\u00e9n retenidos contra su voluntad durante alg\u00fan tiempo por parte de los mapuches radicalizados.<\/p>\n<p>Estos les advirtieron que no pod\u00edan transitar por un territorio ancestral.<\/p>\n<p>Por otro lado, trascendi\u00f3 que en noviembre de 2018 una camioneta conducida por una guardaparque del Parque Nacional Nahuel Huapi fue incendiada por los militantes del Lafken Winkul Mapu.<\/p>\n<p>La funcionaria tuvo que meterse en un r\u00edo ubicado a pocos metros para no resultar devorada por las llamas, afirmaron voces vinculadas a la administraci\u00f3n de Parques Nacionales.<\/p>\n<p>Otra guardaparque de origen mapuche que trabaja en el sector de Mascardi ha sido amenazado en al menos tres ocasiones con un arma de fuego, se\u00f1alaron a esta agencia pobladores de Mascardi.<\/p>\n<p>Los vecinos del sector, consultados por T\u00e9lam, tienen numerosos recuerdos violentos, pero no quieren hacer las denuncias policiales porque, dijeron, temen por sus vidas.<\/p>\n<p>Entre diciembre de 2018 y enero de 2019 se registraron bloqueos en la ruta 40 y amenazas a automovilistas que se dirig\u00edan a El Bols\u00f3n o Bariloche, la mayor\u00eda de los cuales no realiz\u00f3 las denuncias correspondientes, reconocen fuentes provinciales.<\/p>\n<p>\u00abLa administraci\u00f3n del Parque Nacional Nahuel Huapi sigue siendo querellante y sigue de cerca los tiempos y decisiones que debe marcar la Justicia\u00bb, indicaron en un comunicado las autoridades del Parque Nacional Nahuel Huapi.<\/p>\n<p>En septiembre de 2017, un grupo de mapuches radicalizados con contactos con Resistencia Ancestral Mapuche (RAM), fundada por Facundo Jones Huala y hoy detenido en Chile, invadi\u00f3 un predio de seis hect\u00e1reas en Mascardi.<\/p>\n<p>Los mapuches argumentaron que necesitaban un espacio para su machi Beatiana, pareja de Mat\u00edas Santana, el testigo de los \u00abbinoculares\u00bb en el caso Maldonado.<\/p>\n<p>El 24 de noviembre, el juez subrrogante Gustavo Villanueva orden\u00f3 el desalojo de las cuatro familias que estaban en el el lugar.<\/p>\n<p>El 25 de noviembre, durante un patrullaje, miembros de Albatros se encontraron con unos 20 militantes armados y atrincherados en la zona de monta\u00f1a de Mascardi.<\/p>\n<p>Durante el enfrentamiento falleci\u00f3 Nahuel, al que tres an\u00e1lisis cient\u00edficos le encontraron restos de p\u00f3lvora en sus manos y ropas.<\/p>\n<p>Fuente: T\u00e9lam<\/p>\n","protected":false},"excerpt":{"rendered":"<p>Villa Mascardi.-El ministerio de Seguridad de la provincia de R\u00edo Negro decidi\u00f3 reforzar los patrullajes en los alrededores del predio [&hellip;]<\/p>\n","protected":false},"author":2,"featured_media":57831,"comment_status":"open","ping_status":"open","sticky":false,"template":"","format":"standard","meta":{"site-sidebar-layout":"default","site-content-layout":"","ast-site-content-layout":"default","site-content-style":"default","site-sidebar-style":"default","ast-global-header-display":"","ast-banner-title-visibility":"","ast-main-header-display":"","ast-hfb-above-header-display":"","ast-hfb-below-header-display":"","ast-hfb-mobile-header-display":"","site-post-title":"","ast-breadcrumbs-content":"","ast-featured-img":"","footer-sml-layout":"","ast-disable-related-posts":"","theme-transparent-header-meta":"","adv-header-id-meta":"","stick-header-meta":"","header-above-stick-meta":"","header-main-stick-meta":"","header-below-stick-meta":"","astra-migrate-meta-layouts":"default","ast-page-background-enabled":"default","ast-page-background-meta":{"desktop":{"background-color":"var(--ast-global-color-5)","background-image":"","background-repeat":"repeat","background-position":"center center","background-size":"auto","background-attachment":"scroll","background-type":"","background-media":"","overlay-type":"","overlay-color":"","overlay-opacity":"","overlay-gradient":""},"tablet":{"background-color":"","background-image":"","background-repeat":"repeat","background-position":"center center","background-size":"auto","background-attachment":"scroll","background-type":"","background-media":"","overlay-type":"","overlay-color":"","overlay-opacity":"","overlay-gradient":""},"mobile":{"background-color":"","background-image":"","background-repeat":"repeat","background-position":"center center","background-size":"auto","background-attachment":"scroll","background-type":"","background-media":"","overlay-type":"","overlay-color":"","overlay-opacity":"","overlay-gradient":""}},"ast-content-background-meta":{"desktop":{"background-color":"var(--ast-global-color-4)","background-image":"","background-repeat":"repeat","background-position":"center center","background-size":"auto","background-attachment":"scroll","background-type":"","background-media":"","overlay-type":"","overlay-color":"","overlay-opacity":"","overlay-gradient":""},"tablet":{"background-color":"var(--ast-global-color-4)","background-image":"","background-repeat":"repeat","background-position":"center center","background-size":"auto","background-attachment":"scroll","background-type":"","background-media":"","overlay-type":"","overlay-color":"","overlay-opacity":"","overlay-gradient":""},"mobile":{"background-color":"var(--ast-global-color-4)","background-image":"","background-repeat":"repeat","background-position":"center center","background-size":"auto","background-attachment":"scroll","background-type":"","background-media":"","overlay-type":"","overlay-color":"","overlay-opacity":"","overlay-gradient":""}},"footnotes":""},"categories":[1,13,14],"tags":[],"class_list":["post-59105","post","type-post","status-publish","format-standard","has-post-thumbnail","hentry","category-noticias","category-provinciales","category-rio-negro"],"yoast_head":"<!-- This site is optimized with the Yoast SEO Premium plugin v23.0 (Yoast SEO v27.4) - https:\/\/yoast.com\/product\/yoast-seo-premium-wordpress\/ -->\n<title>Refuerzan la vigilancia en el terreno ocupado por Mapuches en Mascardi, y hay mas denuncias<\/title>\n<meta name=\"robots\" content=\"index, follow, max-snippet:-1, max-image-preview:large, max-video-preview:-1\" \/>\n<link rel=\"canonical\" href=\"https:\/\/patagoniambiental.com.ar\/info\/refuerzan-la-vigilancia-en-el-terreno-ocupado-por-mapuches-en-mascardi-y-hay-mas-denuncias\/\" \/>\n<meta property=\"og:locale\" content=\"es_ES\" \/>\n<meta property=\"og:type\" content=\"article\" \/>\n<meta property=\"og:title\" content=\"Refuerzan la vigilancia en el terreno ocupado por Mapuches en Mascardi, y hay mas denuncias\" \/>\n<meta property=\"og:description\" content=\"Villa Mascardi.-El ministerio de Seguridad de la provincia de R\u00edo Negro decidi\u00f3 reforzar los patrullajes en los alrededores del predio [&hellip;]\" \/>\n<meta property=\"og:url\" content=\"https:\/\/patagoniambiental.com.ar\/info\/refuerzan-la-vigilancia-en-el-terreno-ocupado-por-mapuches-en-mascardi-y-hay-mas-denuncias\/\" \/>\n<meta property=\"og:site_name\" content=\"Patagonia Ambiental\" \/>\n<meta property=\"article:publisher\" content=\"https:\/\/www.facebook.com\/patagonia.ambiental\" \/>\n<meta property=\"article:author\" content=\"https:\/\/www.facebook.com\/share\/1C1V8Gv9BX\/?mibextid=qi2Omg\" \/>\n<meta property=\"article:published_time\" content=\"2019-02-20T22:00:34+00:00\" \/>\n<meta property=\"og:image\" content=\"https:\/\/patagoniambiental.com.ar\/info\/wp-content\/uploads\/2018\/12\/ByRXrOnyG_1256x620.jpg\" \/>\n\t<meta property=\"og:image:width\" content=\"1256\" \/>\n\t<meta property=\"og:image:height\" content=\"620\" \/>\n\t<meta property=\"og:image:type\" content=\"image\/jpeg\" \/>\n<meta name=\"author\" content=\"Patagonia Ambiental\" \/>\n<meta name=\"twitter:card\" content=\"summary_large_image\" \/>\n<meta name=\"twitter:creator\" content=\"@PatAmb\" \/>\n<meta name=\"twitter:site\" content=\"@PatAmb\" \/>\n<script type=\"application\/ld+json\" class=\"yoast-schema-graph\">{\"@context\":\"https:\\\/\\\/schema.org\",\"@graph\":[{\"@type\":\"Article\",\"@id\":\"https:\\\/\\\/patagoniambiental.com.ar\\\/info\\\/refuerzan-la-vigilancia-en-el-terreno-ocupado-por-mapuches-en-mascardi-y-hay-mas-denuncias\\\/#article\",\"isPartOf\":{\"@id\":\"https:\\\/\\\/patagoniambiental.com.ar\\\/info\\\/refuerzan-la-vigilancia-en-el-terreno-ocupado-por-mapuches-en-mascardi-y-hay-mas-denuncias\\\/\"},\"author\":{\"name\":\"Patagonia Ambiental\",\"@id\":\"https:\\\/\\\/patagoniambiental.com.ar\\\/info\\\/#\\\/schema\\\/person\\\/db12bff64bbcbf6a253710bf0ea37b5d\"},\"headline\":\"Refuerzan la vigilancia en el terreno ocupado por Mapuches en Mascardi, y hay mas denuncias\",\"datePublished\":\"2019-02-20T22:00:34+00:00\",\"mainEntityOfPage\":{\"@id\":\"https:\\\/\\\/patagoniambiental.com.ar\\\/info\\\/refuerzan-la-vigilancia-en-el-terreno-ocupado-por-mapuches-en-mascardi-y-hay-mas-denuncias\\\/\"},\"wordCount\":489,\"commentCount\":0,\"publisher\":{\"@id\":\"https:\\\/\\\/patagoniambiental.com.ar\\\/info\\\/#organization\"},\"image\":{\"@id\":\"https:\\\/\\\/patagoniambiental.com.ar\\\/info\\\/refuerzan-la-vigilancia-en-el-terreno-ocupado-por-mapuches-en-mascardi-y-hay-mas-denuncias\\\/#primaryimage\"},\"thumbnailUrl\":\"https:\\\/\\\/patagoniambiental.com.ar\\\/info\\\/wp-content\\\/uploads\\\/2018\\\/12\\\/ByRXrOnyG_1256x620.jpg\",\"articleSection\":[\"Noticias\",\"Provinciales\",\"R\u00edo Negro\"],\"inLanguage\":\"es\",\"potentialAction\":[{\"@type\":\"CommentAction\",\"name\":\"Comment\",\"target\":[\"https:\\\/\\\/patagoniambiental.com.ar\\\/info\\\/refuerzan-la-vigilancia-en-el-terreno-ocupado-por-mapuches-en-mascardi-y-hay-mas-denuncias\\\/#respond\"]}]},{\"@type\":\"WebPage\",\"@id\":\"https:\\\/\\\/patagoniambiental.com.ar\\\/info\\\/refuerzan-la-vigilancia-en-el-terreno-ocupado-por-mapuches-en-mascardi-y-hay-mas-denuncias\\\/\",\"url\":\"https:\\\/\\\/patagoniambiental.com.ar\\\/info\\\/refuerzan-la-vigilancia-en-el-terreno-ocupado-por-mapuches-en-mascardi-y-hay-mas-denuncias\\\/\",\"name\":\"Refuerzan la vigilancia en el terreno ocupado por Mapuches en Mascardi, y hay mas denuncias\",\"isPartOf\":{\"@id\":\"https:\\\/\\\/patagoniambiental.com.ar\\\/info\\\/#website\"},\"primaryImageOfPage\":{\"@id\":\"https:\\\/\\\/patagoniambiental.com.ar\\\/info\\\/refuerzan-la-vigilancia-en-el-terreno-ocupado-por-mapuches-en-mascardi-y-hay-mas-denuncias\\\/#primaryimage\"},\"image\":{\"@id\":\"https:\\\/\\\/patagoniambiental.com.ar\\\/info\\\/refuerzan-la-vigilancia-en-el-terreno-ocupado-por-mapuches-en-mascardi-y-hay-mas-denuncias\\\/#primaryimage\"},\"thumbnailUrl\":\"https:\\\/\\\/patagoniambiental.com.ar\\\/info\\\/wp-content\\\/uploads\\\/2018\\\/12\\\/ByRXrOnyG_1256x620.jpg\",\"datePublished\":\"2019-02-20T22:00:34+00:00\",\"breadcrumb\":{\"@id\":\"https:\\\/\\\/patagoniambiental.com.ar\\\/info\\\/refuerzan-la-vigilancia-en-el-terreno-ocupado-por-mapuches-en-mascardi-y-hay-mas-denuncias\\\/#breadcrumb\"},\"inLanguage\":\"es\",\"potentialAction\":[{\"@type\":\"ReadAction\",\"target\":[\"https:\\\/\\\/patagoniambiental.com.ar\\\/info\\\/refuerzan-la-vigilancia-en-el-terreno-ocupado-por-mapuches-en-mascardi-y-hay-mas-denuncias\\\/\"]}]},{\"@type\":\"ImageObject\",\"inLanguage\":\"es\",\"@id\":\"https:\\\/\\\/patagoniambiental.com.ar\\\/info\\\/refuerzan-la-vigilancia-en-el-terreno-ocupado-por-mapuches-en-mascardi-y-hay-mas-denuncias\\\/#primaryimage\",\"url\":\"https:\\\/\\\/patagoniambiental.com.ar\\\/info\\\/wp-content\\\/uploads\\\/2018\\\/12\\\/ByRXrOnyG_1256x620.jpg\",\"contentUrl\":\"https:\\\/\\\/patagoniambiental.com.ar\\\/info\\\/wp-content\\\/uploads\\\/2018\\\/12\\\/ByRXrOnyG_1256x620.jpg\",\"width\":1200,\"height\":592,\"caption\":\"Foto Archivo Bariloche 17\\\/11\\\/17 La comunidad mapuche Lafken Winkul Mapu est\u00e1 resuelta a mantener la \u201crecuperaci\u00f3n territorial\u201d que inici\u00f3 d\u00edas atr\u00e1s en Villa Mascardi a 35 km de Bariloche. Advirtieron que no cederan ante un eventual desalojo judicial. Foto: Marcelo Martinez\"},{\"@type\":\"BreadcrumbList\",\"@id\":\"https:\\\/\\\/patagoniambiental.com.ar\\\/info\\\/refuerzan-la-vigilancia-en-el-terreno-ocupado-por-mapuches-en-mascardi-y-hay-mas-denuncias\\\/#breadcrumb\",\"itemListElement\":[{\"@type\":\"ListItem\",\"position\":1,\"name\":\"Inicio\",\"item\":\"https:\\\/\\\/patagoniambiental.com.ar\\\/info\\\/\"},{\"@type\":\"ListItem\",\"position\":2,\"name\":\"Refuerzan la vigilancia en el terreno ocupado por Mapuches en Mascardi, y hay mas denuncias\"}]},{\"@type\":\"WebSite\",\"@id\":\"https:\\\/\\\/patagoniambiental.com.ar\\\/info\\\/#website\",\"url\":\"https:\\\/\\\/patagoniambiental.com.ar\\\/info\\\/\",\"name\":\"Patagonia Ambiental\",\"description\":\"Monitoreo y an\u00e1lisis de la situaci\u00f3n geopol\u00edtica en el mundo y su implicancia en la Patagonia\",\"publisher\":{\"@id\":\"https:\\\/\\\/patagoniambiental.com.ar\\\/info\\\/#organization\"},\"potentialAction\":[{\"@type\":\"SearchAction\",\"target\":{\"@type\":\"EntryPoint\",\"urlTemplate\":\"https:\\\/\\\/patagoniambiental.com.ar\\\/info\\\/?s={search_term_string}\"},\"query-input\":{\"@type\":\"PropertyValueSpecification\",\"valueRequired\":true,\"valueName\":\"search_term_string\"}}],\"inLanguage\":\"es\"},{\"@type\":\"Organization\",\"@id\":\"https:\\\/\\\/patagoniambiental.com.ar\\\/info\\\/#organization\",\"name\":\"Patagonia Ambiental\",\"url\":\"https:\\\/\\\/patagoniambiental.com.ar\\\/info\\\/\",\"logo\":{\"@type\":\"ImageObject\",\"inLanguage\":\"es\",\"@id\":\"https:\\\/\\\/patagoniambiental.com.ar\\\/info\\\/#\\\/schema\\\/logo\\\/image\\\/\",\"url\":\"https:\\\/\\\/patagoniambiental.com.ar\\\/info\\\/wp-content\\\/uploads\\\/2025\\\/05\\\/LOGO-PATAGONIA-AMBIENTAL.png\",\"contentUrl\":\"https:\\\/\\\/patagoniambiental.com.ar\\\/info\\\/wp-content\\\/uploads\\\/2025\\\/05\\\/LOGO-PATAGONIA-AMBIENTAL.png\",\"width\":433,\"height\":250,\"caption\":\"Patagonia Ambiental\"},\"image\":{\"@id\":\"https:\\\/\\\/patagoniambiental.com.ar\\\/info\\\/#\\\/schema\\\/logo\\\/image\\\/\"},\"sameAs\":[\"https:\\\/\\\/www.facebook.com\\\/patagonia.ambiental\",\"https:\\\/\\\/x.com\\\/PatAmb\"]},{\"@type\":\"Person\",\"@id\":\"https:\\\/\\\/patagoniambiental.com.ar\\\/info\\\/#\\\/schema\\\/person\\\/db12bff64bbcbf6a253710bf0ea37b5d\",\"name\":\"Patagonia Ambiental\",\"description\":\"Andr\u00e9s Nievas T\u00e9cnico en manejo ambiental, consultor Ambiental y escritor para medios locales e internacionales sobre temas de geopolitica y medio ambiente.\",\"sameAs\":[\"http:\\\/\\\/www.patagoniambiental.com.ar\",\"https:\\\/\\\/www.facebook.com\\\/share\\\/1C1V8Gv9BX\\\/?mibextid=qi2Omg\",\"@patagoniambiental\",\"https:\\\/\\\/youtube.com\\\/@patagoniaambiental2023?si=BLt58t0wuXquxlYZ\"]}]}<\/script>\n<!-- \/ Yoast SEO Premium plugin. -->","yoast_head_json":{"title":"Refuerzan la vigilancia en el terreno ocupado por Mapuches en Mascardi, y hay mas denuncias","robots":{"index":"index","follow":"follow","max-snippet":"max-snippet:-1","max-image-preview":"max-image-preview:large","max-video-preview":"max-video-preview:-1"},"canonical":"https:\/\/patagoniambiental.com.ar\/info\/refuerzan-la-vigilancia-en-el-terreno-ocupado-por-mapuches-en-mascardi-y-hay-mas-denuncias\/","og_locale":"es_ES","og_type":"article","og_title":"Refuerzan la vigilancia en el terreno ocupado por Mapuches en Mascardi, y hay mas denuncias","og_description":"Villa Mascardi.-El ministerio de Seguridad de la provincia de R\u00edo Negro decidi\u00f3 reforzar los patrullajes en los alrededores del predio [&hellip;]","og_url":"https:\/\/patagoniambiental.com.ar\/info\/refuerzan-la-vigilancia-en-el-terreno-ocupado-por-mapuches-en-mascardi-y-hay-mas-denuncias\/","og_site_name":"Patagonia Ambiental","article_publisher":"https:\/\/www.facebook.com\/patagonia.ambiental","article_author":"https:\/\/www.facebook.com\/share\/1C1V8Gv9BX\/?mibextid=qi2Omg","article_published_time":"2019-02-20T22:00:34+00:00","og_image":[{"width":1256,"height":620,"url":"https:\/\/patagoniambiental.com.ar\/info\/wp-content\/uploads\/2018\/12\/ByRXrOnyG_1256x620.jpg","type":"image\/jpeg"}],"author":"Patagonia Ambiental","twitter_card":"summary_large_image","twitter_creator":"@PatAmb","twitter_site":"@PatAmb","schema":{"@context":"https:\/\/schema.org","@graph":[{"@type":"Article","@id":"https:\/\/patagoniambiental.com.ar\/info\/refuerzan-la-vigilancia-en-el-terreno-ocupado-por-mapuches-en-mascardi-y-hay-mas-denuncias\/#article","isPartOf":{"@id":"https:\/\/patagoniambiental.com.ar\/info\/refuerzan-la-vigilancia-en-el-terreno-ocupado-por-mapuches-en-mascardi-y-hay-mas-denuncias\/"},"author":{"name":"Patagonia Ambiental","@id":"https:\/\/patagoniambiental.com.ar\/info\/#\/schema\/person\/db12bff64bbcbf6a253710bf0ea37b5d"},"headline":"Refuerzan la vigilancia en el terreno ocupado por Mapuches en Mascardi, y hay mas denuncias","datePublished":"2019-02-20T22:00:34+00:00","mainEntityOfPage":{"@id":"https:\/\/patagoniambiental.com.ar\/info\/refuerzan-la-vigilancia-en-el-terreno-ocupado-por-mapuches-en-mascardi-y-hay-mas-denuncias\/"},"wordCount":489,"commentCount":0,"publisher":{"@id":"https:\/\/patagoniambiental.com.ar\/info\/#organization"},"image":{"@id":"https:\/\/patagoniambiental.com.ar\/info\/refuerzan-la-vigilancia-en-el-terreno-ocupado-por-mapuches-en-mascardi-y-hay-mas-denuncias\/#primaryimage"},"thumbnailUrl":"https:\/\/patagoniambiental.com.ar\/info\/wp-content\/uploads\/2018\/12\/ByRXrOnyG_1256x620.jpg","articleSection":["Noticias","Provinciales","R\u00edo Negro"],"inLanguage":"es","potentialAction":[{"@type":"CommentAction","name":"Comment","target":["https:\/\/patagoniambiental.com.ar\/info\/refuerzan-la-vigilancia-en-el-terreno-ocupado-por-mapuches-en-mascardi-y-hay-mas-denuncias\/#respond"]}]},{"@type":"WebPage","@id":"https:\/\/patagoniambiental.com.ar\/info\/refuerzan-la-vigilancia-en-el-terreno-ocupado-por-mapuches-en-mascardi-y-hay-mas-denuncias\/","url":"https:\/\/patagoniambiental.com.ar\/info\/refuerzan-la-vigilancia-en-el-terreno-ocupado-por-mapuches-en-mascardi-y-hay-mas-denuncias\/","name":"Refuerzan la vigilancia en el terreno ocupado por Mapuches en Mascardi, y hay mas denuncias","isPartOf":{"@id":"https:\/\/patagoniambiental.com.ar\/info\/#website"},"primaryImageOfPage":{"@id":"https:\/\/patagoniambiental.com.ar\/info\/refuerzan-la-vigilancia-en-el-terreno-ocupado-por-mapuches-en-mascardi-y-hay-mas-denuncias\/#primaryimage"},"image":{"@id":"https:\/\/patagoniambiental.com.ar\/info\/refuerzan-la-vigilancia-en-el-terreno-ocupado-por-mapuches-en-mascardi-y-hay-mas-denuncias\/#primaryimage"},"thumbnailUrl":"https:\/\/patagoniambiental.com.ar\/info\/wp-content\/uploads\/2018\/12\/ByRXrOnyG_1256x620.jpg","datePublished":"2019-02-20T22:00:34+00:00","breadcrumb":{"@id":"https:\/\/patagoniambiental.com.ar\/info\/refuerzan-la-vigilancia-en-el-terreno-ocupado-por-mapuches-en-mascardi-y-hay-mas-denuncias\/#breadcrumb"},"inLanguage":"es","potentialAction":[{"@type":"ReadAction","target":["https:\/\/patagoniambiental.com.ar\/info\/refuerzan-la-vigilancia-en-el-terreno-ocupado-por-mapuches-en-mascardi-y-hay-mas-denuncias\/"]}]},{"@type":"ImageObject","inLanguage":"es","@id":"https:\/\/patagoniambiental.com.ar\/info\/refuerzan-la-vigilancia-en-el-terreno-ocupado-por-mapuches-en-mascardi-y-hay-mas-denuncias\/#primaryimage","url":"https:\/\/patagoniambiental.com.ar\/info\/wp-content\/uploads\/2018\/12\/ByRXrOnyG_1256x620.jpg","contentUrl":"https:\/\/patagoniambiental.com.ar\/info\/wp-content\/uploads\/2018\/12\/ByRXrOnyG_1256x620.jpg","width":1200,"height":592,"caption":"Foto Archivo Bariloche 17\/11\/17 La comunidad mapuche Lafken Winkul Mapu est\u00e1 resuelta a mantener la \u201crecuperaci\u00f3n territorial\u201d que inici\u00f3 d\u00edas atr\u00e1s en Villa Mascardi a 35 km de Bariloche. Advirtieron que no cederan ante un eventual desalojo judicial. Foto: Marcelo Martinez"},{"@type":"BreadcrumbList","@id":"https:\/\/patagoniambiental.com.ar\/info\/refuerzan-la-vigilancia-en-el-terreno-ocupado-por-mapuches-en-mascardi-y-hay-mas-denuncias\/#breadcrumb","itemListElement":[{"@type":"ListItem","position":1,"name":"Inicio","item":"https:\/\/patagoniambiental.com.ar\/info\/"},{"@type":"ListItem","position":2,"name":"Refuerzan la vigilancia en el terreno ocupado por Mapuches en Mascardi, y hay mas denuncias"}]},{"@type":"WebSite","@id":"https:\/\/patagoniambiental.com.ar\/info\/#website","url":"https:\/\/patagoniambiental.com.ar\/info\/","name":"Patagonia Ambiental","description":"Monitoreo y an\u00e1lisis de la situaci\u00f3n geopol\u00edtica en el mundo y su implicancia en la Patagonia","publisher":{"@id":"https:\/\/patagoniambiental.com.ar\/info\/#organization"},"potentialAction":[{"@type":"SearchAction","target":{"@type":"EntryPoint","urlTemplate":"https:\/\/patagoniambiental.com.ar\/info\/?s={search_term_string}"},"query-input":{"@type":"PropertyValueSpecification","valueRequired":true,"valueName":"search_term_string"}}],"inLanguage":"es"},{"@type":"Organization","@id":"https:\/\/patagoniambiental.com.ar\/info\/#organization","name":"Patagonia Ambiental","url":"https:\/\/patagoniambiental.com.ar\/info\/","logo":{"@type":"ImageObject","inLanguage":"es","@id":"https:\/\/patagoniambiental.com.ar\/info\/#\/schema\/logo\/image\/","url":"https:\/\/patagoniambiental.com.ar\/info\/wp-content\/uploads\/2025\/05\/LOGO-PATAGONIA-AMBIENTAL.png","contentUrl":"https:\/\/patagoniambiental.com.ar\/info\/wp-content\/uploads\/2025\/05\/LOGO-PATAGONIA-AMBIENTAL.png","width":433,"height":250,"caption":"Patagonia Ambiental"},"image":{"@id":"https:\/\/patagoniambiental.com.ar\/info\/#\/schema\/logo\/image\/"},"sameAs":["https:\/\/www.facebook.com\/patagonia.ambiental","https:\/\/x.com\/PatAmb"]},{"@type":"Person","@id":"https:\/\/patagoniambiental.com.ar\/info\/#\/schema\/person\/db12bff64bbcbf6a253710bf0ea37b5d","name":"Patagonia Ambiental","description":"Andr\u00e9s Nievas T\u00e9cnico en manejo ambiental, consultor Ambiental y escritor para medios locales e internacionales sobre temas de geopolitica y medio ambiente.","sameAs":["http:\/\/www.patagoniambiental.com.ar","https:\/\/www.facebook.com\/share\/1C1V8Gv9BX\/?mibextid=qi2Omg","@patagoniambiental","https:\/\/youtube.com\/@patagoniaambiental2023?si=BLt58t0wuXquxlYZ"]}]}},"_links":{"self":[{"href":"https:\/\/patagoniambiental.com.ar\/info\/wp-json\/wp\/v2\/posts\/59105","targetHints":{"allow":["GET"]}}],"collection":[{"href":"https:\/\/patagoniambiental.com.ar\/info\/wp-json\/wp\/v2\/posts"}],"about":[{"href":"https:\/\/patagoniambiental.com.ar\/info\/wp-json\/wp\/v2\/types\/post"}],"author":[{"embeddable":true,"href":"https:\/\/patagoniambiental.com.ar\/info\/wp-json\/wp\/v2\/users\/2"}],"replies":[{"embeddable":true,"href":"https:\/\/patagoniambiental.com.ar\/info\/wp-json\/wp\/v2\/comments?post=59105"}],"version-history":[{"count":0,"href":"https:\/\/patagoniambiental.com.ar\/info\/wp-json\/wp\/v2\/posts\/59105\/revisions"}],"wp:featuredmedia":[{"embeddable":true,"href":"https:\/\/patagoniambiental.com.ar\/info\/wp-json\/wp\/v2\/media\/57831"}],"wp:attachment":[{"href":"https:\/\/patagoniambiental.com.ar\/info\/wp-json\/wp\/v2\/media?parent=59105"}],"wp:term":[{"taxonomy":"category","embeddable":true,"href":"https:\/\/patagoniambiental.com.ar\/info\/wp-json\/wp\/v2\/categories?post=59105"},{"taxonomy":"post_tag","embeddable":true,"href":"https:\/\/patagoniambiental.com.ar\/info\/wp-json\/wp\/v2\/tags?post=59105"}],"curies":[{"name":"wp","href":"https:\/\/api.w.org\/{rel}","templated":true}]}}