{"id":59107,"date":"2019-02-20T09:00:50","date_gmt":"2019-02-20T12:00:50","guid":{"rendered":"http:\/\/patagoniambiental.com.ar\/info\/?p=59107"},"modified":"2019-02-20T12:43:57","modified_gmt":"2019-02-20T15:43:57","slug":"refuerzan-la-seguridad-en-villa-mascardi-luego-del-ataque-de-mapuches-a-turistas","status":"publish","type":"post","link":"https:\/\/patagoniambiental.com.ar\/info\/refuerzan-la-seguridad-en-villa-mascardi-luego-del-ataque-de-mapuches-a-turistas\/","title":{"rendered":"Refuerzan la seguridad en Villa Mascardi luego del ataque de mapuches a turistas"},"content":{"rendered":"<div id=\"feXvqs1RGlnxfr\" class=\"wrapper clearfix col-lg-12 pb-feature pb-layout-item pb-f-article-header col-md-12 col-sm-12 col-xs-12 no-align\">\n<div class=\"row\">\n<header class=\"article-header hed-first col-sm-12\">Villa Mascardi.-Se registraron dos episodios violentos en menos de 15 d\u00edas. Adem\u00e1s, asaltaron la seccional local del Parque Nacional Nahuel Huapi y se llevaron armas<\/header>\n<\/div>\n<\/div>\n<p><!--more--><\/p>\n<div id=\"cZWHqH1SGlnxfr\" class=\"col-md-8 col-sm-12 col-xs-12 pb-layout-item pb-chain pb-c-list-chain left-align\">\n<div id=\"fHcJfg1SGlnxfr\" class=\"wrapper clearfix full pb-feature pb-layout-item pb-f-article-big-button-share no-align\">\n<div class=\"social-tools-wrapper-bottom \">\n<div class=\"clear\"><\/div>\n<\/div>\n<\/div>\n<div id=\"f0nTOlwSGlnxfr\" class=\"wrapper clearfix full pb-feature pb-layout-item pb-f-article-body no-align\">\n<div id=\"article-body\" class=\"article-body article-body-elements\">\n<div id=\"article-content\">\n<div class=\"row pb-content-type-image\">\n<figure class=\"element element-image col-xs-12\">\n<div class=\"single-image\">\n<div class=\"shares\">\n<div class=\"share-button facebook\" data-url=\"https:\/\/www.infobae.com\/politica\/2019\/02\/19\/refuerzan-la-seguridad-en-villa-mascardi-luego-del-ataque-de-mapuches-a-turistas\/%23LQBVVC54JVDPDMLZQRNO4ZHJKA\" data-original=\"https:\/\/s3.amazonaws.com\/arc-wordpress-client-uploads\/infobae-wp\/wp-content\/uploads\/2019\/02\/19084742\/Hotel-IOS-Instituto-Obra-Social-villa-mascardi-1920.jpg\"><\/div>\n<\/div>\n<p><img decoding=\"async\" id=\"LQBVVC54JVDPDMLZQRNO4ZHJKA\" class=\"image-lazy\" src=\"https:\/\/www.infobae.com\/new-resizer\/J7oKhnAsCBCOdja03TYeF2E0ymw=\/750x0\/filters:quality(100)\/s3.amazonaws.com\/arc-wordpress-client-uploads\/infobae-wp\/wp-content\/uploads\/2019\/02\/19084742\/Hotel-IOS-Instituto-Obra-Social-villa-mascardi-1920.jpg\" alt=\"El ex hotel IOS est\u00e1 siendo desmantelado por los mapuches\u00a0(foto de archivo: NA)\" width=\"750\" height=\"421.484375\" data-url=\"https:\/\/www.infobae.com\/politica\/2019\/02\/19\/refuerzan-la-seguridad-en-villa-mascardi-luego-del-ataque-de-mapuches-a-turistas\/%23LQBVVC54JVDPDMLZQRNO4ZHJKA\" data-original=\"https:\/\/www.infobae.com\/new-resizer\/J7oKhnAsCBCOdja03TYeF2E0ymw=\/750x0\/filters:quality(100)\/s3.amazonaws.com\/arc-wordpress-client-uploads\/infobae-wp\/wp-content\/uploads\/2019\/02\/19084742\/Hotel-IOS-Instituto-Obra-Social-villa-mascardi-1920.jpg\" \/><\/p>\n<\/div><figcaption class=\"\"><span class=\"credit\">El ex hotel IOS est\u00e1 siendo desmantelado por los mapuches\u00a0(foto de archivo: NA)<\/span><\/figcaption><\/figure>\n<\/div>\n<div class=\"row pb-content-type-text\">\n<div class=\"col-xs-12 col-print-12\">\n<p class=\"element element-paragraph\">Las autoridades de la ciudad de San Carlos de Bariloche, en la provincia de R\u00edo Negro,\u00a0<strong>redoblaron los controles policiales en la zona de Villa Mascardi<\/strong>\u00a0donde miembros de\u00a0<a href=\"https:\/\/www.infobae.com\/sociedad\/policiales\/2018\/07\/13\/parques-nacionales-denuncio-la-presunta-usurpacion-del-viejo-hotel-mascardi\/\">la comunidad Lafken Winkul Mapu mantienen tomado el viejo Hotel del Instituto Obra Social<\/a>, que se encuentra pegado al predio usurpado, luego de\u00a0<strong>una serie de ataques a turistas<\/strong>\u00a0que intentaron atravesar la zona.<\/p>\n<\/div>\n<\/div>\n<div class=\"row pb-content-type-text\">\n<div class=\"col-xs-12 col-print-12\">\n<p class=\"element element-paragraph\">El 14 de febrero, varios senderistas eligieron ese sitio para hacer turismo y recibieron el hostigamiento de\u00a0un grupo de mapuches quienes, encapuchados, con palos, piedras e incluso armas de fuego de elaboraci\u00f3n casera, los amenazaron para exigirles que se alejen del lugar.\u00a0<strong>\u00abEs territorio mapuche\u00bb<\/strong>, advirtieron.<\/p>\n<\/div>\n<\/div>\n<div class=\"row pb-content-type-text\">\n<div class=\"col-xs-12 col-print-12\">\n<p class=\"element element-paragraph\">As\u00ed, el predio ocupado ilegalmente por la comunidad mapuche en la zona del lago Mascardi, a 35 kil\u00f3metros al sur de Bariloche, camino a El Bols\u00f3n, sigue siendo el centro de una serie de episodios violentos.<\/p>\n<\/div>\n<\/div>\n<div class=\"row pb-content-type-raw_html\">\n<div class=\"element element-rawhtml col-xs-12\"><iframe src=\"https:\/\/www.google.com\/maps\/embed?pb=!1m17!1m11!1m3!1d53073.726833378896!2d-71.6205479150697!3d-41.99288623158663!2m2!1f357.9375000000001!2f55.977561686756765!3m2!1i1024!2i768!4f35!3m3!1m2!1s0x961a6ab127c72e8b%3A0x6c2e692ae633686d!2sLago+Mascardi!5e1!3m2!1ses!2sar!4v1550575973512\" width=\"100%\" height=\"450\" frameborder=\"0\" allowfullscreen=\"allowfullscreen\" data-mce-fragment=\"1\"><\/iframe><\/div>\n<\/div>\n<div class=\"row pb-content-type-text\">\n<div id=\"\" class=\"wrapper clearfix pb-feature pb-layout-item pb-f-ads-dfp left-align\">\n<div id=\"inline\" class=\"ad-slot\">\n<div id=\"inline_ad\" data-google-query-id=\"CLHh_uDRyuACFQLJ4wcdF48LoQ\">\n<div id=\"google_ads_iframe_\/1058609\/infobae\/politica\/nota\/inline_0__container__\"><iframe id=\"google_ads_iframe_\/1058609\/infobae\/politica\/nota\/inline_0\" title=\"3rd party ad content\" name=\"google_ads_iframe_\/1058609\/infobae\/politica\/nota\/inline_0\" width=\"1\" height=\"1\" frameborder=\"0\" marginwidth=\"0\" marginheight=\"0\" scrolling=\"no\" data-google-container-id=\"6\" data-load-complete=\"true\" data-mce-fragment=\"1\"><\/iframe><\/div>\n<\/div>\n<\/div>\n<\/div>\n<div class=\"col-xs-12 col-print-12\">\n<p class=\"element element-paragraph\">El ataque del jueves pasado no fue el primer episodio. El 8 de febrero, cerca de las 4 de la ma\u00f1ana,\u00a0<strong>un auto recibi\u00f3 piedrazos mientras avanzaba por la ruta 40 en el sector ocupado por los mapuches y termin\u00f3 con la luneta destruida<\/strong>.<\/p>\n<\/div>\n<\/div>\n<div class=\"row pb-content-type-text\">\n<div class=\"col-xs-12 col-print-12\">\n<p class=\"element element-paragraph\">En principio, los mapuches se mantuvieron circunscriptos a\u00a0<a href=\"https:\/\/www.infobae.com\/sociedad\/2018\/01\/27\/denuncian-una-nueva-toma-mapuche-en-terrenos-de-villa-mascardi\/\"><strong>la toma del predio de 35 hect\u00e1reas en el largo Mascardi<\/strong><\/a>, pero con el paso de los meses avanzaron hacia el hotel \u2013propiedad del Parque Nacional Nahuel Huapi\u2013 hasta que tomaron posesi\u00f3n total de la propiedad.<\/p>\n<\/div>\n<\/div>\n<div class=\"row pb-content-type-text\">\n<div class=\"col-xs-12 col-print-12\">\n<p class=\"element element-paragraph\">All\u00ed, los miembros de la comunidad est\u00e1n levantando sus propias construcciones. Seg\u00fan se\u00f1alaron vecinos que se animaron a acercarse hasta el lugar,\u00a0<strong>los mapuches se est\u00e1n llevando maderas, ventanas y puertas y ya armaron varias viviendas<\/strong>.<\/p>\n<\/div>\n<\/div>\n<div class=\"row pb-content-type-image\">\n<figure class=\"element element-image col-xs-12\">\n<div class=\"single-image\">\n<div class=\"shares\">\n<div class=\"share-button facebook\" data-url=\"https:\/\/www.infobae.com\/politica\/2019\/02\/19\/refuerzan-la-seguridad-en-villa-mascardi-luego-del-ataque-de-mapuches-a-turistas\/%23C55YRY2LERCXVOWOVXZ4B3MDCM\" data-original=\"https:\/\/s3.amazonaws.com\/arc-wordpress-client-uploads\/infobae-wp\/wp-content\/uploads\/2018\/01\/27075345\/toma-Mapuche-en-Villa-Mascardi-1920-2.jpg\"><\/div>\n<\/div>\n<p><img decoding=\"async\" id=\"C55YRY2LERCXVOWOVXZ4B3MDCM\" class=\"image-lazy\" src=\"https:\/\/www.infobae.com\/new-resizer\/U5ZDz5dKX0VLlt5GdJVBCS_oeZs=\/750x0\/filters:quality(100)\/s3.amazonaws.com\/arc-wordpress-client-uploads\/infobae-wp\/wp-content\/uploads\/2018\/01\/27075345\/toma-Mapuche-en-Villa-Mascardi-1920-2.jpg\" alt=\"El predio de Villa Mascardi est\u00e1 tomado desde hace meses (@PPTenel13)\" width=\"750\" height=\"421.484375\" data-url=\"https:\/\/www.infobae.com\/politica\/2019\/02\/19\/refuerzan-la-seguridad-en-villa-mascardi-luego-del-ataque-de-mapuches-a-turistas\/%23C55YRY2LERCXVOWOVXZ4B3MDCM\" data-original=\"https:\/\/www.infobae.com\/new-resizer\/U5ZDz5dKX0VLlt5GdJVBCS_oeZs=\/750x0\/filters:quality(100)\/s3.amazonaws.com\/arc-wordpress-client-uploads\/infobae-wp\/wp-content\/uploads\/2018\/01\/27075345\/toma-Mapuche-en-Villa-Mascardi-1920-2.jpg\" \/><\/p>\n<\/div><figcaption class=\"\"><span class=\"credit\">El predio de Villa Mascardi est\u00e1 tomado desde hace meses (@PPTenel13)<\/span><\/figcaption><\/figure>\n<\/div>\n<div class=\"row pb-content-type-text\">\n<div class=\"col-xs-12 col-print-12\">\n<p class=\"element element-paragraph\">En Parques Nacionales confirmaron que el hecho ocurri\u00f3 aunque no hubo una denuncia en la Justicia. En tanto, los ataques a los turistas fueron confirmados por la polic\u00eda rionegrina.<\/p>\n<\/div>\n<\/div>\n<div class=\"row pb-content-type-text\">\n<div class=\"col-xs-12 col-print-12\">\n<p class=\"element element-paragraph\">Por otro lado, el 25 de enero pasado\u00a0<strong>fueron robadas una pistola calibre 9 mm y una escopeta<\/strong>\u00a0durante un asalto a la armer\u00eda de la seccional Mascardi del Parque Nacional Nahuel Huapi.<\/p>\n<\/div>\n<\/div>\n<div class=\"row pb-content-type-text\">\n<div class=\"col-xs-12 col-print-12\">\n<p class=\"element element-paragraph\">De inmediato, el juez federal Leonidas Moldes libr\u00f3 un oficio a las autoridades del parque\u00a0<strong>para conocer c\u00f3mo se desarroll\u00f3 el robo.<\/strong>\u00a0Un vocero policial explic\u00f3 que los ladrones utilizaron una amoladora manual para abrir una caja fuerte que conten\u00eda el armamento.<\/p>\n<\/div>\n<\/div>\n<div class=\"row pb-content-type-image\">\n<figure class=\"element element-image col-xs-12\">\n<div class=\"single-image\">\n<div class=\"shares\">\n<div class=\"share-button facebook\" data-url=\"https:\/\/www.infobae.com\/politica\/2019\/02\/19\/refuerzan-la-seguridad-en-villa-mascardi-luego-del-ataque-de-mapuches-a-turistas\/%23IWCRBKRYHNAGBEEKP6WTQ4ZFS4\" data-original=\"https:\/\/s3.amazonaws.com\/arc-wordpress-client-uploads\/infobae-wp\/wp-content\/uploads\/2018\/11\/26132545\/Mapuches-Villa-Mascardi-7.jpeg\"><\/div>\n<\/div>\n<p><img decoding=\"async\" id=\"IWCRBKRYHNAGBEEKP6WTQ4ZFS4\" class=\"image-lazy\" src=\"https:\/\/www.infobae.com\/new-resizer\/BTAk9N2nJBypthg3VCd6LKJs2BI=\/750x0\/filters:quality(100)\/s3.amazonaws.com\/arc-wordpress-client-uploads\/infobae-wp\/wp-content\/uploads\/2018\/11\/26132545\/Mapuches-Villa-Mascardi-7.jpeg\" alt=\"Encapuchado y con piedras, un mapuche amenaza a un turista que con su auto intentaba circular por la ruta 40 (foto de archivo)\" width=\"750\" height=\"421.875\" data-url=\"https:\/\/www.infobae.com\/politica\/2019\/02\/19\/refuerzan-la-seguridad-en-villa-mascardi-luego-del-ataque-de-mapuches-a-turistas\/%23IWCRBKRYHNAGBEEKP6WTQ4ZFS4\" data-original=\"https:\/\/www.infobae.com\/new-resizer\/BTAk9N2nJBypthg3VCd6LKJs2BI=\/750x0\/filters:quality(100)\/s3.amazonaws.com\/arc-wordpress-client-uploads\/infobae-wp\/wp-content\/uploads\/2018\/11\/26132545\/Mapuches-Villa-Mascardi-7.jpeg\" \/><\/p>\n<\/div><figcaption class=\"\"><span class=\"credit\">Encapuchado y con piedras, un mapuche amenaza a un turista que con su auto intentaba circular por la ruta 40 (foto de archivo)<\/span><\/figcaption><\/figure>\n<\/div>\n<div class=\"row pb-content-type-text\">\n<div class=\"col-xs-12 col-print-12\">\n<p class=\"element element-paragraph\">En medio de la sucesi\u00f3n de hechos violentos y robos, se sospecha que entre los ocupantes del predio \u2013donde muri\u00f3 Rafael Nahuel\u2013 se encuentra escondido el referente del RAM (Resistencia Ancestral Mapuche)\u00a0<strong>Mat\u00edas Santana<\/strong>, su pareja la machi\u00a0<strong>Betiana Nahuel<\/strong>, la madre de esta \u2013<strong>Mar\u00eda Nahuel\u2013<\/strong>\u00a0y miembros de las familias\u00a0<strong>Bonefoi y Jones Huala<\/strong>, parientes de\u00a0<a href=\"https:\/\/www.infobae.com\/politica\/2018\/12\/21\/facundo-jones-huala-debera-cumplir-una-condena-de-5-anos-y-siete-meses-en-chile\/\"><strong>Facundo Jones Huala<\/strong>, quien se encuentra detenido en Chile<\/a>, indican fuentes de la provincia.<\/p>\n<\/div>\n<\/div>\n<div class=\"row pb-content-type-text\">\n<div class=\"col-xs-12 col-print-12\"><\/div>\n<\/div>\n<div class=\"row pb-content-type-text\">\n<div class=\"col-xs-12 col-print-12\">\n<p class=\"element element-paragraph\">Fuente: Infoabe<\/p>\n<\/div>\n<\/div>\n<\/div>\n<\/div>\n<\/div>\n<\/div>\n","protected":false},"excerpt":{"rendered":"<p>Villa Mascardi.-Se registraron dos episodios violentos en menos de 15 d\u00edas. Adem\u00e1s, asaltaron la seccional local del Parque Nacional Nahuel [&hellip;]<\/p>\n","protected":false},"author":2,"featured_media":59108,"comment_status":"open","ping_status":"open","sticky":false,"template":"","format":"standard","meta":{"site-sidebar-layout":"default","site-content-layout":"","ast-site-content-layout":"default","site-content-style":"default","site-sidebar-style":"default","ast-global-header-display":"","ast-banner-title-visibility":"","ast-main-header-display":"","ast-hfb-above-header-display":"","ast-hfb-below-header-display":"","ast-hfb-mobile-header-display":"","site-post-title":"","ast-breadcrumbs-content":"","ast-featured-img":"","footer-sml-layout":"","ast-disable-related-posts":"","theme-transparent-header-meta":"","adv-header-id-meta":"","stick-header-meta":"","header-above-stick-meta":"","header-main-stick-meta":"","header-below-stick-meta":"","astra-migrate-meta-layouts":"default","ast-page-background-enabled":"default","ast-page-background-meta":{"desktop":{"background-color":"var(--ast-global-color-5)","background-image":"","background-repeat":"repeat","background-position":"center center","background-size":"auto","background-attachment":"scroll","background-type":"","background-media":"","overlay-type":"","overlay-color":"","overlay-opacity":"","overlay-gradient":""},"tablet":{"background-color":"","background-image":"","background-repeat":"repeat","background-position":"center center","background-size":"auto","background-attachment":"scroll","background-type":"","background-media":"","overlay-type":"","overlay-color":"","overlay-opacity":"","overlay-gradient":""},"mobile":{"background-color":"","background-image":"","background-repeat":"repeat","background-position":"center center","background-size":"auto","background-attachment":"scroll","background-type":"","background-media":"","overlay-type":"","overlay-color":"","overlay-opacity":"","overlay-gradient":""}},"ast-content-background-meta":{"desktop":{"background-color":"var(--ast-global-color-4)","background-image":"","background-repeat":"repeat","background-position":"center center","background-size":"auto","background-attachment":"scroll","background-type":"","background-media":"","overlay-type":"","overlay-color":"","overlay-opacity":"","overlay-gradient":""},"tablet":{"background-color":"var(--ast-global-color-4)","background-image":"","background-repeat":"repeat","background-position":"center center","background-size":"auto","background-attachment":"scroll","background-type":"","background-media":"","overlay-type":"","overlay-color":"","overlay-opacity":"","overlay-gradient":""},"mobile":{"background-color":"var(--ast-global-color-4)","background-image":"","background-repeat":"repeat","background-position":"center center","background-size":"auto","background-attachment":"scroll","background-type":"","background-media":"","overlay-type":"","overlay-color":"","overlay-opacity":"","overlay-gradient":""}},"footnotes":""},"categories":[1,13,14],"tags":[],"class_list":["post-59107","post","type-post","status-publish","format-standard","has-post-thumbnail","hentry","category-noticias","category-provinciales","category-rio-negro"],"yoast_head":"<!-- This site is optimized with the Yoast SEO Premium plugin v23.0 (Yoast SEO v27.4) - https:\/\/yoast.com\/product\/yoast-seo-premium-wordpress\/ -->\n<title>Refuerzan la seguridad en Villa Mascardi luego del ataque de mapuches a turistas<\/title>\n<meta name=\"robots\" content=\"index, follow, max-snippet:-1, max-image-preview:large, max-video-preview:-1\" \/>\n<link rel=\"canonical\" href=\"https:\/\/patagoniambiental.com.ar\/info\/refuerzan-la-seguridad-en-villa-mascardi-luego-del-ataque-de-mapuches-a-turistas\/\" \/>\n<meta property=\"og:locale\" content=\"es_ES\" \/>\n<meta property=\"og:type\" content=\"article\" \/>\n<meta property=\"og:title\" content=\"Refuerzan la seguridad en Villa Mascardi luego del ataque de mapuches a turistas\" \/>\n<meta property=\"og:description\" content=\"Villa Mascardi.-Se registraron dos episodios violentos en menos de 15 d\u00edas. Adem\u00e1s, asaltaron la seccional local del Parque Nacional Nahuel [&hellip;]\" \/>\n<meta property=\"og:url\" content=\"https:\/\/patagoniambiental.com.ar\/info\/refuerzan-la-seguridad-en-villa-mascardi-luego-del-ataque-de-mapuches-a-turistas\/\" \/>\n<meta property=\"og:site_name\" content=\"Patagonia Ambiental\" \/>\n<meta property=\"article:publisher\" content=\"https:\/\/www.facebook.com\/patagonia.ambiental\" \/>\n<meta property=\"article:author\" content=\"https:\/\/www.facebook.com\/share\/1C1V8Gv9BX\/?mibextid=qi2Omg\" \/>\n<meta property=\"article:published_time\" content=\"2019-02-20T12:00:50+00:00\" \/>\n<meta property=\"article:modified_time\" content=\"2019-02-20T15:43:57+00:00\" \/>\n<meta property=\"og:image\" content=\"https:\/\/patagoniambiental.com.ar\/info\/wp-content\/uploads\/2019\/02\/Sin-t\u00edtulo-4.jpg\" \/>\n\t<meta property=\"og:image:width\" content=\"604\" \/>\n\t<meta property=\"og:image:height\" content=\"357\" \/>\n\t<meta property=\"og:image:type\" content=\"image\/jpeg\" \/>\n<meta name=\"author\" content=\"Patagonia Ambiental\" \/>\n<meta name=\"twitter:card\" content=\"summary_large_image\" \/>\n<meta name=\"twitter:creator\" content=\"@PatAmb\" \/>\n<meta name=\"twitter:site\" content=\"@PatAmb\" \/>\n<script type=\"application\/ld+json\" class=\"yoast-schema-graph\">{\"@context\":\"https:\\\/\\\/schema.org\",\"@graph\":[{\"@type\":\"Article\",\"@id\":\"https:\\\/\\\/patagoniambiental.com.ar\\\/info\\\/refuerzan-la-seguridad-en-villa-mascardi-luego-del-ataque-de-mapuches-a-turistas\\\/#article\",\"isPartOf\":{\"@id\":\"https:\\\/\\\/patagoniambiental.com.ar\\\/info\\\/refuerzan-la-seguridad-en-villa-mascardi-luego-del-ataque-de-mapuches-a-turistas\\\/\"},\"author\":{\"name\":\"Patagonia Ambiental\",\"@id\":\"https:\\\/\\\/patagoniambiental.com.ar\\\/info\\\/#\\\/schema\\\/person\\\/db12bff64bbcbf6a253710bf0ea37b5d\"},\"headline\":\"Refuerzan la seguridad en Villa Mascardi luego del ataque de mapuches a turistas\",\"datePublished\":\"2019-02-20T12:00:50+00:00\",\"dateModified\":\"2019-02-20T15:43:57+00:00\",\"mainEntityOfPage\":{\"@id\":\"https:\\\/\\\/patagoniambiental.com.ar\\\/info\\\/refuerzan-la-seguridad-en-villa-mascardi-luego-del-ataque-de-mapuches-a-turistas\\\/\"},\"wordCount\":544,\"commentCount\":0,\"publisher\":{\"@id\":\"https:\\\/\\\/patagoniambiental.com.ar\\\/info\\\/#organization\"},\"image\":{\"@id\":\"https:\\\/\\\/patagoniambiental.com.ar\\\/info\\\/refuerzan-la-seguridad-en-villa-mascardi-luego-del-ataque-de-mapuches-a-turistas\\\/#primaryimage\"},\"thumbnailUrl\":\"https:\\\/\\\/patagoniambiental.com.ar\\\/info\\\/wp-content\\\/uploads\\\/2019\\\/02\\\/Sin-t\u00edtulo-4.jpg\",\"articleSection\":[\"Noticias\",\"Provinciales\",\"R\u00edo Negro\"],\"inLanguage\":\"es\",\"potentialAction\":[{\"@type\":\"CommentAction\",\"name\":\"Comment\",\"target\":[\"https:\\\/\\\/patagoniambiental.com.ar\\\/info\\\/refuerzan-la-seguridad-en-villa-mascardi-luego-del-ataque-de-mapuches-a-turistas\\\/#respond\"]}]},{\"@type\":\"WebPage\",\"@id\":\"https:\\\/\\\/patagoniambiental.com.ar\\\/info\\\/refuerzan-la-seguridad-en-villa-mascardi-luego-del-ataque-de-mapuches-a-turistas\\\/\",\"url\":\"https:\\\/\\\/patagoniambiental.com.ar\\\/info\\\/refuerzan-la-seguridad-en-villa-mascardi-luego-del-ataque-de-mapuches-a-turistas\\\/\",\"name\":\"Refuerzan la seguridad en Villa Mascardi luego del ataque de mapuches a turistas\",\"isPartOf\":{\"@id\":\"https:\\\/\\\/patagoniambiental.com.ar\\\/info\\\/#website\"},\"primaryImageOfPage\":{\"@id\":\"https:\\\/\\\/patagoniambiental.com.ar\\\/info\\\/refuerzan-la-seguridad-en-villa-mascardi-luego-del-ataque-de-mapuches-a-turistas\\\/#primaryimage\"},\"image\":{\"@id\":\"https:\\\/\\\/patagoniambiental.com.ar\\\/info\\\/refuerzan-la-seguridad-en-villa-mascardi-luego-del-ataque-de-mapuches-a-turistas\\\/#primaryimage\"},\"thumbnailUrl\":\"https:\\\/\\\/patagoniambiental.com.ar\\\/info\\\/wp-content\\\/uploads\\\/2019\\\/02\\\/Sin-t\u00edtulo-4.jpg\",\"datePublished\":\"2019-02-20T12:00:50+00:00\",\"dateModified\":\"2019-02-20T15:43:57+00:00\",\"breadcrumb\":{\"@id\":\"https:\\\/\\\/patagoniambiental.com.ar\\\/info\\\/refuerzan-la-seguridad-en-villa-mascardi-luego-del-ataque-de-mapuches-a-turistas\\\/#breadcrumb\"},\"inLanguage\":\"es\",\"potentialAction\":[{\"@type\":\"ReadAction\",\"target\":[\"https:\\\/\\\/patagoniambiental.com.ar\\\/info\\\/refuerzan-la-seguridad-en-villa-mascardi-luego-del-ataque-de-mapuches-a-turistas\\\/\"]}]},{\"@type\":\"ImageObject\",\"inLanguage\":\"es\",\"@id\":\"https:\\\/\\\/patagoniambiental.com.ar\\\/info\\\/refuerzan-la-seguridad-en-villa-mascardi-luego-del-ataque-de-mapuches-a-turistas\\\/#primaryimage\",\"url\":\"https:\\\/\\\/patagoniambiental.com.ar\\\/info\\\/wp-content\\\/uploads\\\/2019\\\/02\\\/Sin-t\u00edtulo-4.jpg\",\"contentUrl\":\"https:\\\/\\\/patagoniambiental.com.ar\\\/info\\\/wp-content\\\/uploads\\\/2019\\\/02\\\/Sin-t\u00edtulo-4.jpg\",\"width\":604,\"height\":357},{\"@type\":\"BreadcrumbList\",\"@id\":\"https:\\\/\\\/patagoniambiental.com.ar\\\/info\\\/refuerzan-la-seguridad-en-villa-mascardi-luego-del-ataque-de-mapuches-a-turistas\\\/#breadcrumb\",\"itemListElement\":[{\"@type\":\"ListItem\",\"position\":1,\"name\":\"Inicio\",\"item\":\"https:\\\/\\\/patagoniambiental.com.ar\\\/info\\\/\"},{\"@type\":\"ListItem\",\"position\":2,\"name\":\"Refuerzan la seguridad en Villa Mascardi luego del ataque de mapuches a turistas\"}]},{\"@type\":\"WebSite\",\"@id\":\"https:\\\/\\\/patagoniambiental.com.ar\\\/info\\\/#website\",\"url\":\"https:\\\/\\\/patagoniambiental.com.ar\\\/info\\\/\",\"name\":\"Patagonia Ambiental\",\"description\":\"Monitoreo y an\u00e1lisis de la situaci\u00f3n geopol\u00edtica en el mundo y su implicancia en la Patagonia\",\"publisher\":{\"@id\":\"https:\\\/\\\/patagoniambiental.com.ar\\\/info\\\/#organization\"},\"potentialAction\":[{\"@type\":\"SearchAction\",\"target\":{\"@type\":\"EntryPoint\",\"urlTemplate\":\"https:\\\/\\\/patagoniambiental.com.ar\\\/info\\\/?s={search_term_string}\"},\"query-input\":{\"@type\":\"PropertyValueSpecification\",\"valueRequired\":true,\"valueName\":\"search_term_string\"}}],\"inLanguage\":\"es\"},{\"@type\":\"Organization\",\"@id\":\"https:\\\/\\\/patagoniambiental.com.ar\\\/info\\\/#organization\",\"name\":\"Patagonia Ambiental\",\"url\":\"https:\\\/\\\/patagoniambiental.com.ar\\\/info\\\/\",\"logo\":{\"@type\":\"ImageObject\",\"inLanguage\":\"es\",\"@id\":\"https:\\\/\\\/patagoniambiental.com.ar\\\/info\\\/#\\\/schema\\\/logo\\\/image\\\/\",\"url\":\"https:\\\/\\\/patagoniambiental.com.ar\\\/info\\\/wp-content\\\/uploads\\\/2025\\\/05\\\/LOGO-PATAGONIA-AMBIENTAL.png\",\"contentUrl\":\"https:\\\/\\\/patagoniambiental.com.ar\\\/info\\\/wp-content\\\/uploads\\\/2025\\\/05\\\/LOGO-PATAGONIA-AMBIENTAL.png\",\"width\":433,\"height\":250,\"caption\":\"Patagonia Ambiental\"},\"image\":{\"@id\":\"https:\\\/\\\/patagoniambiental.com.ar\\\/info\\\/#\\\/schema\\\/logo\\\/image\\\/\"},\"sameAs\":[\"https:\\\/\\\/www.facebook.com\\\/patagonia.ambiental\",\"https:\\\/\\\/x.com\\\/PatAmb\"]},{\"@type\":\"Person\",\"@id\":\"https:\\\/\\\/patagoniambiental.com.ar\\\/info\\\/#\\\/schema\\\/person\\\/db12bff64bbcbf6a253710bf0ea37b5d\",\"name\":\"Patagonia Ambiental\",\"description\":\"Andr\u00e9s Nievas T\u00e9cnico en manejo ambiental, consultor Ambiental y escritor para medios locales e internacionales sobre temas de geopolitica y medio ambiente.\",\"sameAs\":[\"http:\\\/\\\/www.patagoniambiental.com.ar\",\"https:\\\/\\\/www.facebook.com\\\/share\\\/1C1V8Gv9BX\\\/?mibextid=qi2Omg\",\"@patagoniambiental\",\"https:\\\/\\\/youtube.com\\\/@patagoniaambiental2023?si=BLt58t0wuXquxlYZ\"]}]}<\/script>\n<!-- \/ Yoast SEO Premium plugin. -->","yoast_head_json":{"title":"Refuerzan la seguridad en Villa Mascardi luego del ataque de mapuches a turistas","robots":{"index":"index","follow":"follow","max-snippet":"max-snippet:-1","max-image-preview":"max-image-preview:large","max-video-preview":"max-video-preview:-1"},"canonical":"https:\/\/patagoniambiental.com.ar\/info\/refuerzan-la-seguridad-en-villa-mascardi-luego-del-ataque-de-mapuches-a-turistas\/","og_locale":"es_ES","og_type":"article","og_title":"Refuerzan la seguridad en Villa Mascardi luego del ataque de mapuches a turistas","og_description":"Villa Mascardi.-Se registraron dos episodios violentos en menos de 15 d\u00edas. Adem\u00e1s, asaltaron la seccional local del Parque Nacional Nahuel [&hellip;]","og_url":"https:\/\/patagoniambiental.com.ar\/info\/refuerzan-la-seguridad-en-villa-mascardi-luego-del-ataque-de-mapuches-a-turistas\/","og_site_name":"Patagonia Ambiental","article_publisher":"https:\/\/www.facebook.com\/patagonia.ambiental","article_author":"https:\/\/www.facebook.com\/share\/1C1V8Gv9BX\/?mibextid=qi2Omg","article_published_time":"2019-02-20T12:00:50+00:00","article_modified_time":"2019-02-20T15:43:57+00:00","og_image":[{"width":604,"height":357,"url":"https:\/\/patagoniambiental.com.ar\/info\/wp-content\/uploads\/2019\/02\/Sin-t\u00edtulo-4.jpg","type":"image\/jpeg"}],"author":"Patagonia Ambiental","twitter_card":"summary_large_image","twitter_creator":"@PatAmb","twitter_site":"@PatAmb","schema":{"@context":"https:\/\/schema.org","@graph":[{"@type":"Article","@id":"https:\/\/patagoniambiental.com.ar\/info\/refuerzan-la-seguridad-en-villa-mascardi-luego-del-ataque-de-mapuches-a-turistas\/#article","isPartOf":{"@id":"https:\/\/patagoniambiental.com.ar\/info\/refuerzan-la-seguridad-en-villa-mascardi-luego-del-ataque-de-mapuches-a-turistas\/"},"author":{"name":"Patagonia Ambiental","@id":"https:\/\/patagoniambiental.com.ar\/info\/#\/schema\/person\/db12bff64bbcbf6a253710bf0ea37b5d"},"headline":"Refuerzan la seguridad en Villa Mascardi luego del ataque de mapuches a turistas","datePublished":"2019-02-20T12:00:50+00:00","dateModified":"2019-02-20T15:43:57+00:00","mainEntityOfPage":{"@id":"https:\/\/patagoniambiental.com.ar\/info\/refuerzan-la-seguridad-en-villa-mascardi-luego-del-ataque-de-mapuches-a-turistas\/"},"wordCount":544,"commentCount":0,"publisher":{"@id":"https:\/\/patagoniambiental.com.ar\/info\/#organization"},"image":{"@id":"https:\/\/patagoniambiental.com.ar\/info\/refuerzan-la-seguridad-en-villa-mascardi-luego-del-ataque-de-mapuches-a-turistas\/#primaryimage"},"thumbnailUrl":"https:\/\/patagoniambiental.com.ar\/info\/wp-content\/uploads\/2019\/02\/Sin-t\u00edtulo-4.jpg","articleSection":["Noticias","Provinciales","R\u00edo Negro"],"inLanguage":"es","potentialAction":[{"@type":"CommentAction","name":"Comment","target":["https:\/\/patagoniambiental.com.ar\/info\/refuerzan-la-seguridad-en-villa-mascardi-luego-del-ataque-de-mapuches-a-turistas\/#respond"]}]},{"@type":"WebPage","@id":"https:\/\/patagoniambiental.com.ar\/info\/refuerzan-la-seguridad-en-villa-mascardi-luego-del-ataque-de-mapuches-a-turistas\/","url":"https:\/\/patagoniambiental.com.ar\/info\/refuerzan-la-seguridad-en-villa-mascardi-luego-del-ataque-de-mapuches-a-turistas\/","name":"Refuerzan la seguridad en Villa Mascardi luego del ataque de mapuches a turistas","isPartOf":{"@id":"https:\/\/patagoniambiental.com.ar\/info\/#website"},"primaryImageOfPage":{"@id":"https:\/\/patagoniambiental.com.ar\/info\/refuerzan-la-seguridad-en-villa-mascardi-luego-del-ataque-de-mapuches-a-turistas\/#primaryimage"},"image":{"@id":"https:\/\/patagoniambiental.com.ar\/info\/refuerzan-la-seguridad-en-villa-mascardi-luego-del-ataque-de-mapuches-a-turistas\/#primaryimage"},"thumbnailUrl":"https:\/\/patagoniambiental.com.ar\/info\/wp-content\/uploads\/2019\/02\/Sin-t\u00edtulo-4.jpg","datePublished":"2019-02-20T12:00:50+00:00","dateModified":"2019-02-20T15:43:57+00:00","breadcrumb":{"@id":"https:\/\/patagoniambiental.com.ar\/info\/refuerzan-la-seguridad-en-villa-mascardi-luego-del-ataque-de-mapuches-a-turistas\/#breadcrumb"},"inLanguage":"es","potentialAction":[{"@type":"ReadAction","target":["https:\/\/patagoniambiental.com.ar\/info\/refuerzan-la-seguridad-en-villa-mascardi-luego-del-ataque-de-mapuches-a-turistas\/"]}]},{"@type":"ImageObject","inLanguage":"es","@id":"https:\/\/patagoniambiental.com.ar\/info\/refuerzan-la-seguridad-en-villa-mascardi-luego-del-ataque-de-mapuches-a-turistas\/#primaryimage","url":"https:\/\/patagoniambiental.com.ar\/info\/wp-content\/uploads\/2019\/02\/Sin-t\u00edtulo-4.jpg","contentUrl":"https:\/\/patagoniambiental.com.ar\/info\/wp-content\/uploads\/2019\/02\/Sin-t\u00edtulo-4.jpg","width":604,"height":357},{"@type":"BreadcrumbList","@id":"https:\/\/patagoniambiental.com.ar\/info\/refuerzan-la-seguridad-en-villa-mascardi-luego-del-ataque-de-mapuches-a-turistas\/#breadcrumb","itemListElement":[{"@type":"ListItem","position":1,"name":"Inicio","item":"https:\/\/patagoniambiental.com.ar\/info\/"},{"@type":"ListItem","position":2,"name":"Refuerzan la seguridad en Villa Mascardi luego del ataque de mapuches a turistas"}]},{"@type":"WebSite","@id":"https:\/\/patagoniambiental.com.ar\/info\/#website","url":"https:\/\/patagoniambiental.com.ar\/info\/","name":"Patagonia Ambiental","description":"Monitoreo y an\u00e1lisis de la situaci\u00f3n geopol\u00edtica en el mundo y su implicancia en la Patagonia","publisher":{"@id":"https:\/\/patagoniambiental.com.ar\/info\/#organization"},"potentialAction":[{"@type":"SearchAction","target":{"@type":"EntryPoint","urlTemplate":"https:\/\/patagoniambiental.com.ar\/info\/?s={search_term_string}"},"query-input":{"@type":"PropertyValueSpecification","valueRequired":true,"valueName":"search_term_string"}}],"inLanguage":"es"},{"@type":"Organization","@id":"https:\/\/patagoniambiental.com.ar\/info\/#organization","name":"Patagonia Ambiental","url":"https:\/\/patagoniambiental.com.ar\/info\/","logo":{"@type":"ImageObject","inLanguage":"es","@id":"https:\/\/patagoniambiental.com.ar\/info\/#\/schema\/logo\/image\/","url":"https:\/\/patagoniambiental.com.ar\/info\/wp-content\/uploads\/2025\/05\/LOGO-PATAGONIA-AMBIENTAL.png","contentUrl":"https:\/\/patagoniambiental.com.ar\/info\/wp-content\/uploads\/2025\/05\/LOGO-PATAGONIA-AMBIENTAL.png","width":433,"height":250,"caption":"Patagonia Ambiental"},"image":{"@id":"https:\/\/patagoniambiental.com.ar\/info\/#\/schema\/logo\/image\/"},"sameAs":["https:\/\/www.facebook.com\/patagonia.ambiental","https:\/\/x.com\/PatAmb"]},{"@type":"Person","@id":"https:\/\/patagoniambiental.com.ar\/info\/#\/schema\/person\/db12bff64bbcbf6a253710bf0ea37b5d","name":"Patagonia Ambiental","description":"Andr\u00e9s Nievas T\u00e9cnico en manejo ambiental, consultor Ambiental y escritor para medios locales e internacionales sobre temas de geopolitica y medio ambiente.","sameAs":["http:\/\/www.patagoniambiental.com.ar","https:\/\/www.facebook.com\/share\/1C1V8Gv9BX\/?mibextid=qi2Omg","@patagoniambiental","https:\/\/youtube.com\/@patagoniaambiental2023?si=BLt58t0wuXquxlYZ"]}]}},"_links":{"self":[{"href":"https:\/\/patagoniambiental.com.ar\/info\/wp-json\/wp\/v2\/posts\/59107","targetHints":{"allow":["GET"]}}],"collection":[{"href":"https:\/\/patagoniambiental.com.ar\/info\/wp-json\/wp\/v2\/posts"}],"about":[{"href":"https:\/\/patagoniambiental.com.ar\/info\/wp-json\/wp\/v2\/types\/post"}],"author":[{"embeddable":true,"href":"https:\/\/patagoniambiental.com.ar\/info\/wp-json\/wp\/v2\/users\/2"}],"replies":[{"embeddable":true,"href":"https:\/\/patagoniambiental.com.ar\/info\/wp-json\/wp\/v2\/comments?post=59107"}],"version-history":[{"count":0,"href":"https:\/\/patagoniambiental.com.ar\/info\/wp-json\/wp\/v2\/posts\/59107\/revisions"}],"wp:featuredmedia":[{"embeddable":true,"href":"https:\/\/patagoniambiental.com.ar\/info\/wp-json\/wp\/v2\/media\/59108"}],"wp:attachment":[{"href":"https:\/\/patagoniambiental.com.ar\/info\/wp-json\/wp\/v2\/media?parent=59107"}],"wp:term":[{"taxonomy":"category","embeddable":true,"href":"https:\/\/patagoniambiental.com.ar\/info\/wp-json\/wp\/v2\/categories?post=59107"},{"taxonomy":"post_tag","embeddable":true,"href":"https:\/\/patagoniambiental.com.ar\/info\/wp-json\/wp\/v2\/tags?post=59107"}],"curies":[{"name":"wp","href":"https:\/\/api.w.org\/{rel}","templated":true}]}}