{"id":59126,"date":"2019-02-23T09:00:15","date_gmt":"2019-02-23T12:00:15","guid":{"rendered":"http:\/\/patagoniambiental.com.ar\/info\/?p=59126"},"modified":"2019-02-21T15:12:22","modified_gmt":"2019-02-21T18:12:22","slug":"bariloche-curso-de-posgrado-sobre-ciencia-tecnologia-e-innovacion-en-los-medios-graficos","status":"publish","type":"post","link":"https:\/\/patagoniambiental.com.ar\/info\/bariloche-curso-de-posgrado-sobre-ciencia-tecnologia-e-innovacion-en-los-medios-graficos\/","title":{"rendered":"Bariloche: Curso de posgrado sobre ciencia, tecnolog\u00eda e innovaci\u00f3n en los medios gr\u00e1ficos"},"content":{"rendered":"<div>\n<p class=\"x_MsoNormal\" style=\"text-align: left;\" align=\"center\"><i><span lang=\"ES-AR\">Bariloche, 20 de febrero de 2019<\/span><\/i><span lang=\"ES-AR\">.-\u00a0La Maestr\u00eda en Ciencia, Tecnolog\u00eda e Innovaci\u00f3n y la Especializaci\u00f3n en Divulgaci\u00f3n CTI de la Sede Andina de la Universidad Nacional de R\u00edo Negro (UNRN) ofrecer\u00e1n el posgrado\u00a0<i>Ciencia, tecnolog\u00eda e innovaci\u00f3n en los medios gr\u00e1ficos,\u00a0<\/i>durante el mes de marzo y mayo en Bariloche.<\/span><\/p>\n<\/div>\n<p><!--more--><\/p>\n<div>\n<p class=\"x_MsoNormal\"><span lang=\"ES-AR\">El mismo estar\u00e1 a cargo de la Licenciada en Letras, Ana Mar\u00eda Vara y abordar\u00e1 la relaci\u00f3n del comunicador con las fuentes del periodismo cient\u00edfico, la divulgaci\u00f3n, convergencia y divergencia de intereses, la empresa period\u00edstica, la \u00e9tica profesional, la problem\u00e1tica de los g\u00e9neros: estructura y variaciones estil\u00edsticas; entre otros temas.<\/span><\/p>\n<p class=\"x_MsoNormal\"><span lang=\"ES-AR\">El curso de posgrado se realizar\u00e1 el 7, 8 y 9 de marzo y el segundo encuentro ser\u00e1 el 9, 10 y 11 de mayo. La cursada ser\u00e1 de 17 a 22 horas los jueves y viernes, y de 9 a 18 horas los s\u00e1bados. Se cursar\u00e1 en el aula 2\u00ba A de Mitre 630, Bariloche.<\/span><\/p>\n<p class=\"x_MsoNormal\"><span lang=\"ES-AR\">Para m\u00e1s informaci\u00f3n comunicarse con la oficina de posgrado de 9 a 16 horas (0294) 443 1801 interno 71 o enviar un correo a:\u00a0<a href=\"mailto:posgrado.andina@unrn.edu.ar\" target=\"_blank\" rel=\"noopener noreferrer\" data-auth=\"NotApplicable\">posgrado.andina@unrn.edu.ar<\/a>\u00a0\u00a0El valor del curso ser\u00e1 indicado al inscribirse.<\/span><\/p>\n<p class=\"x_MsoNormal\"><b><span lang=\"ES-AR\">Perfil Ana Mar\u00eda Vara<\/span><\/b><\/p>\n<p class=\"x_MsoNormal\"><span lang=\"ES-AR\">Ana Mar\u00eda Vara es Licenciada en Letras por la Universidad de Buenos Aires y Ph.D. in Spanish, Department of Hispanic Studies, College of Humanities and Social Sciences, University of California Riverside (UCR), Estados Unidos. Actualmente es profesora titular interina con dedicaci\u00f3n exclusiva en la asignatura \u201cEcolog\u00eda de los medios\u201d en la Universidad Nacional de San Mart\u00edn. (UNSAM). Profesora titular interina de la asignatura \u201cComunicaci\u00f3n Social de la Ciencia\u201d en la Maestr\u00eda de Ense\u00f1anza de las Ciencias &#8211; UNSAM. Directora de la Licenciatura en Comunicaci\u00f3n Audiovisual (ciclo de complementaci\u00f3n) de la Escuela de Humanidades &#8211; UNSAM. Investigadora del Centro de Estudios de Historia de la Ciencia Jos\u00e9 Babini &#8211; UNSAM. Secretaria de Redacci\u00f3n de la revista de historia de la ciencia Saber y Tiempo, editada por el Centro de Estudios de Historia de la Ciencia Jos\u00e9 Babini.\u00a0<b><\/b><\/span><\/p>\n<\/div>\n<div>\n<div><\/div>\n<\/div>\n<div><\/div>\n<p>Fuente:<\/p>\n<div class=\"x_gmail_signature\" dir=\"ltr\">\n<div dir=\"ltr\">\n<div>\n<div dir=\"ltr\">\n<div>\n<div dir=\"ltr\">\n<div dir=\"ltr\">\n<div dir=\"ltr\">\n<div dir=\"ltr\">\n<div dir=\"ltr\">\n<div dir=\"ltr\">\n<div>Departamento de Comunicaci\u00f3n<br \/>\nUniversidad Nacional de R\u00edo Negro &#8211; Sede Andina<\/div>\n<\/div>\n<\/div>\n<\/div>\n<\/div>\n<\/div>\n<\/div>\n<\/div>\n<\/div>\n<\/div>\n<\/div>\n<\/div>\n","protected":false},"excerpt":{"rendered":"<p>Bariloche, 20 de febrero de 2019.-\u00a0La Maestr\u00eda en Ciencia, Tecnolog\u00eda e Innovaci\u00f3n y la Especializaci\u00f3n en Divulgaci\u00f3n CTI de la [&hellip;]<\/p>\n","protected":false},"author":2,"featured_media":59127,"comment_status":"open","ping_status":"open","sticky":false,"template":"","format":"standard","meta":{"site-sidebar-layout":"default","site-content-layout":"","ast-site-content-layout":"default","site-content-style":"default","site-sidebar-style":"default","ast-global-header-display":"","ast-banner-title-visibility":"","ast-main-header-display":"","ast-hfb-above-header-display":"","ast-hfb-below-header-display":"","ast-hfb-mobile-header-display":"","site-post-title":"","ast-breadcrumbs-content":"","ast-featured-img":"","footer-sml-layout":"","ast-disable-related-posts":"","theme-transparent-header-meta":"","adv-header-id-meta":"","stick-header-meta":"","header-above-stick-meta":"","header-main-stick-meta":"","header-below-stick-meta":"","astra-migrate-meta-layouts":"default","ast-page-background-enabled":"default","ast-page-background-meta":{"desktop":{"background-color":"var(--ast-global-color-5)","background-image":"","background-repeat":"repeat","background-position":"center center","background-size":"auto","background-attachment":"scroll","background-type":"","background-media":"","overlay-type":"","overlay-color":"","overlay-opacity":"","overlay-gradient":""},"tablet":{"background-color":"","background-image":"","background-repeat":"repeat","background-position":"center center","background-size":"auto","background-attachment":"scroll","background-type":"","background-media":"","overlay-type":"","overlay-color":"","overlay-opacity":"","overlay-gradient":""},"mobile":{"background-color":"","background-image":"","background-repeat":"repeat","background-position":"center center","background-size":"auto","background-attachment":"scroll","background-type":"","background-media":"","overlay-type":"","overlay-color":"","overlay-opacity":"","overlay-gradient":""}},"ast-content-background-meta":{"desktop":{"background-color":"var(--ast-global-color-4)","background-image":"","background-repeat":"repeat","background-position":"center center","background-size":"auto","background-attachment":"scroll","background-type":"","background-media":"","overlay-type":"","overlay-color":"","overlay-opacity":"","overlay-gradient":""},"tablet":{"background-color":"var(--ast-global-color-4)","background-image":"","background-repeat":"repeat","background-position":"center center","background-size":"auto","background-attachment":"scroll","background-type":"","background-media":"","overlay-type":"","overlay-color":"","overlay-opacity":"","overlay-gradient":""},"mobile":{"background-color":"var(--ast-global-color-4)","background-image":"","background-repeat":"repeat","background-position":"center center","background-size":"auto","background-attachment":"scroll","background-type":"","background-media":"","overlay-type":"","overlay-color":"","overlay-opacity":"","overlay-gradient":""}},"footnotes":""},"categories":[1,13,14],"tags":[],"class_list":["post-59126","post","type-post","status-publish","format-standard","has-post-thumbnail","hentry","category-noticias","category-provinciales","category-rio-negro"],"yoast_head":"<!-- This site is optimized with the Yoast SEO Premium plugin v23.0 (Yoast SEO v27.4) - https:\/\/yoast.com\/product\/yoast-seo-premium-wordpress\/ -->\n<title>Bariloche: Curso de posgrado sobre ciencia, tecnolog\u00eda e innovaci\u00f3n en los medios gr\u00e1ficos<\/title>\n<meta name=\"robots\" content=\"index, follow, max-snippet:-1, max-image-preview:large, max-video-preview:-1\" \/>\n<link rel=\"canonical\" href=\"https:\/\/patagoniambiental.com.ar\/info\/bariloche-curso-de-posgrado-sobre-ciencia-tecnologia-e-innovacion-en-los-medios-graficos\/\" \/>\n<meta property=\"og:locale\" content=\"es_ES\" \/>\n<meta property=\"og:type\" content=\"article\" \/>\n<meta property=\"og:title\" content=\"Bariloche: Curso de posgrado sobre ciencia, tecnolog\u00eda e innovaci\u00f3n en los medios gr\u00e1ficos\" \/>\n<meta property=\"og:description\" content=\"Bariloche, 20 de febrero de 2019.-\u00a0La Maestr\u00eda en Ciencia, Tecnolog\u00eda e Innovaci\u00f3n y la Especializaci\u00f3n en Divulgaci\u00f3n CTI de la [&hellip;]\" \/>\n<meta property=\"og:url\" content=\"https:\/\/patagoniambiental.com.ar\/info\/bariloche-curso-de-posgrado-sobre-ciencia-tecnologia-e-innovacion-en-los-medios-graficos\/\" \/>\n<meta property=\"og:site_name\" content=\"Patagonia Ambiental\" \/>\n<meta property=\"article:publisher\" content=\"https:\/\/www.facebook.com\/patagonia.ambiental\" \/>\n<meta property=\"article:author\" content=\"https:\/\/www.facebook.com\/share\/1C1V8Gv9BX\/?mibextid=qi2Omg\" \/>\n<meta property=\"article:published_time\" content=\"2019-02-23T12:00:15+00:00\" \/>\n<meta property=\"og:image\" content=\"https:\/\/patagoniambiental.com.ar\/info\/wp-content\/uploads\/2019\/02\/thumbnail_Ana-Mar\u00eda-Vara-Curso-de-posgrado-MCTI.jpg\" \/>\n\t<meta property=\"og:image:width\" content=\"960\" \/>\n\t<meta property=\"og:image:height\" content=\"540\" \/>\n\t<meta property=\"og:image:type\" content=\"image\/jpeg\" \/>\n<meta name=\"author\" content=\"Patagonia Ambiental\" \/>\n<meta name=\"twitter:card\" content=\"summary_large_image\" \/>\n<meta name=\"twitter:creator\" content=\"@PatAmb\" \/>\n<meta name=\"twitter:site\" content=\"@PatAmb\" \/>\n<script type=\"application\/ld+json\" class=\"yoast-schema-graph\">{\"@context\":\"https:\\\/\\\/schema.org\",\"@graph\":[{\"@type\":\"Article\",\"@id\":\"https:\\\/\\\/patagoniambiental.com.ar\\\/info\\\/bariloche-curso-de-posgrado-sobre-ciencia-tecnologia-e-innovacion-en-los-medios-graficos\\\/#article\",\"isPartOf\":{\"@id\":\"https:\\\/\\\/patagoniambiental.com.ar\\\/info\\\/bariloche-curso-de-posgrado-sobre-ciencia-tecnologia-e-innovacion-en-los-medios-graficos\\\/\"},\"author\":{\"name\":\"Patagonia Ambiental\",\"@id\":\"https:\\\/\\\/patagoniambiental.com.ar\\\/info\\\/#\\\/schema\\\/person\\\/db12bff64bbcbf6a253710bf0ea37b5d\"},\"headline\":\"Bariloche: Curso de posgrado sobre ciencia, tecnolog\u00eda e innovaci\u00f3n en los medios gr\u00e1ficos\",\"datePublished\":\"2019-02-23T12:00:15+00:00\",\"mainEntityOfPage\":{\"@id\":\"https:\\\/\\\/patagoniambiental.com.ar\\\/info\\\/bariloche-curso-de-posgrado-sobre-ciencia-tecnologia-e-innovacion-en-los-medios-graficos\\\/\"},\"wordCount\":378,\"commentCount\":0,\"publisher\":{\"@id\":\"https:\\\/\\\/patagoniambiental.com.ar\\\/info\\\/#organization\"},\"image\":{\"@id\":\"https:\\\/\\\/patagoniambiental.com.ar\\\/info\\\/bariloche-curso-de-posgrado-sobre-ciencia-tecnologia-e-innovacion-en-los-medios-graficos\\\/#primaryimage\"},\"thumbnailUrl\":\"https:\\\/\\\/patagoniambiental.com.ar\\\/info\\\/wp-content\\\/uploads\\\/2019\\\/02\\\/thumbnail_Ana-Mar\u00eda-Vara-Curso-de-posgrado-MCTI.jpg\",\"articleSection\":[\"Noticias\",\"Provinciales\",\"R\u00edo Negro\"],\"inLanguage\":\"es\",\"potentialAction\":[{\"@type\":\"CommentAction\",\"name\":\"Comment\",\"target\":[\"https:\\\/\\\/patagoniambiental.com.ar\\\/info\\\/bariloche-curso-de-posgrado-sobre-ciencia-tecnologia-e-innovacion-en-los-medios-graficos\\\/#respond\"]}]},{\"@type\":\"WebPage\",\"@id\":\"https:\\\/\\\/patagoniambiental.com.ar\\\/info\\\/bariloche-curso-de-posgrado-sobre-ciencia-tecnologia-e-innovacion-en-los-medios-graficos\\\/\",\"url\":\"https:\\\/\\\/patagoniambiental.com.ar\\\/info\\\/bariloche-curso-de-posgrado-sobre-ciencia-tecnologia-e-innovacion-en-los-medios-graficos\\\/\",\"name\":\"Bariloche: Curso de posgrado sobre ciencia, tecnolog\u00eda e innovaci\u00f3n en los medios gr\u00e1ficos\",\"isPartOf\":{\"@id\":\"https:\\\/\\\/patagoniambiental.com.ar\\\/info\\\/#website\"},\"primaryImageOfPage\":{\"@id\":\"https:\\\/\\\/patagoniambiental.com.ar\\\/info\\\/bariloche-curso-de-posgrado-sobre-ciencia-tecnologia-e-innovacion-en-los-medios-graficos\\\/#primaryimage\"},\"image\":{\"@id\":\"https:\\\/\\\/patagoniambiental.com.ar\\\/info\\\/bariloche-curso-de-posgrado-sobre-ciencia-tecnologia-e-innovacion-en-los-medios-graficos\\\/#primaryimage\"},\"thumbnailUrl\":\"https:\\\/\\\/patagoniambiental.com.ar\\\/info\\\/wp-content\\\/uploads\\\/2019\\\/02\\\/thumbnail_Ana-Mar\u00eda-Vara-Curso-de-posgrado-MCTI.jpg\",\"datePublished\":\"2019-02-23T12:00:15+00:00\",\"breadcrumb\":{\"@id\":\"https:\\\/\\\/patagoniambiental.com.ar\\\/info\\\/bariloche-curso-de-posgrado-sobre-ciencia-tecnologia-e-innovacion-en-los-medios-graficos\\\/#breadcrumb\"},\"inLanguage\":\"es\",\"potentialAction\":[{\"@type\":\"ReadAction\",\"target\":[\"https:\\\/\\\/patagoniambiental.com.ar\\\/info\\\/bariloche-curso-de-posgrado-sobre-ciencia-tecnologia-e-innovacion-en-los-medios-graficos\\\/\"]}]},{\"@type\":\"ImageObject\",\"inLanguage\":\"es\",\"@id\":\"https:\\\/\\\/patagoniambiental.com.ar\\\/info\\\/bariloche-curso-de-posgrado-sobre-ciencia-tecnologia-e-innovacion-en-los-medios-graficos\\\/#primaryimage\",\"url\":\"https:\\\/\\\/patagoniambiental.com.ar\\\/info\\\/wp-content\\\/uploads\\\/2019\\\/02\\\/thumbnail_Ana-Mar\u00eda-Vara-Curso-de-posgrado-MCTI.jpg\",\"contentUrl\":\"https:\\\/\\\/patagoniambiental.com.ar\\\/info\\\/wp-content\\\/uploads\\\/2019\\\/02\\\/thumbnail_Ana-Mar\u00eda-Vara-Curso-de-posgrado-MCTI.jpg\",\"width\":960,\"height\":540},{\"@type\":\"BreadcrumbList\",\"@id\":\"https:\\\/\\\/patagoniambiental.com.ar\\\/info\\\/bariloche-curso-de-posgrado-sobre-ciencia-tecnologia-e-innovacion-en-los-medios-graficos\\\/#breadcrumb\",\"itemListElement\":[{\"@type\":\"ListItem\",\"position\":1,\"name\":\"Inicio\",\"item\":\"https:\\\/\\\/patagoniambiental.com.ar\\\/info\\\/\"},{\"@type\":\"ListItem\",\"position\":2,\"name\":\"Bariloche: Curso de posgrado sobre ciencia, tecnolog\u00eda e innovaci\u00f3n en los medios gr\u00e1ficos\"}]},{\"@type\":\"WebSite\",\"@id\":\"https:\\\/\\\/patagoniambiental.com.ar\\\/info\\\/#website\",\"url\":\"https:\\\/\\\/patagoniambiental.com.ar\\\/info\\\/\",\"name\":\"Patagonia Ambiental\",\"description\":\"Monitoreo y an\u00e1lisis de la situaci\u00f3n geopol\u00edtica en el mundo y su implicancia en la Patagonia\",\"publisher\":{\"@id\":\"https:\\\/\\\/patagoniambiental.com.ar\\\/info\\\/#organization\"},\"potentialAction\":[{\"@type\":\"SearchAction\",\"target\":{\"@type\":\"EntryPoint\",\"urlTemplate\":\"https:\\\/\\\/patagoniambiental.com.ar\\\/info\\\/?s={search_term_string}\"},\"query-input\":{\"@type\":\"PropertyValueSpecification\",\"valueRequired\":true,\"valueName\":\"search_term_string\"}}],\"inLanguage\":\"es\"},{\"@type\":\"Organization\",\"@id\":\"https:\\\/\\\/patagoniambiental.com.ar\\\/info\\\/#organization\",\"name\":\"Patagonia Ambiental\",\"url\":\"https:\\\/\\\/patagoniambiental.com.ar\\\/info\\\/\",\"logo\":{\"@type\":\"ImageObject\",\"inLanguage\":\"es\",\"@id\":\"https:\\\/\\\/patagoniambiental.com.ar\\\/info\\\/#\\\/schema\\\/logo\\\/image\\\/\",\"url\":\"https:\\\/\\\/patagoniambiental.com.ar\\\/info\\\/wp-content\\\/uploads\\\/2025\\\/05\\\/LOGO-PATAGONIA-AMBIENTAL.png\",\"contentUrl\":\"https:\\\/\\\/patagoniambiental.com.ar\\\/info\\\/wp-content\\\/uploads\\\/2025\\\/05\\\/LOGO-PATAGONIA-AMBIENTAL.png\",\"width\":433,\"height\":250,\"caption\":\"Patagonia Ambiental\"},\"image\":{\"@id\":\"https:\\\/\\\/patagoniambiental.com.ar\\\/info\\\/#\\\/schema\\\/logo\\\/image\\\/\"},\"sameAs\":[\"https:\\\/\\\/www.facebook.com\\\/patagonia.ambiental\",\"https:\\\/\\\/x.com\\\/PatAmb\"]},{\"@type\":\"Person\",\"@id\":\"https:\\\/\\\/patagoniambiental.com.ar\\\/info\\\/#\\\/schema\\\/person\\\/db12bff64bbcbf6a253710bf0ea37b5d\",\"name\":\"Patagonia Ambiental\",\"description\":\"Andr\u00e9s Nievas T\u00e9cnico en manejo ambiental, consultor Ambiental y escritor para medios locales e internacionales sobre temas de geopolitica y medio ambiente.\",\"sameAs\":[\"http:\\\/\\\/www.patagoniambiental.com.ar\",\"https:\\\/\\\/www.facebook.com\\\/share\\\/1C1V8Gv9BX\\\/?mibextid=qi2Omg\",\"@patagoniambiental\",\"https:\\\/\\\/youtube.com\\\/@patagoniaambiental2023?si=BLt58t0wuXquxlYZ\"]}]}<\/script>\n<!-- \/ Yoast SEO Premium plugin. -->","yoast_head_json":{"title":"Bariloche: Curso de posgrado sobre ciencia, tecnolog\u00eda e innovaci\u00f3n en los medios gr\u00e1ficos","robots":{"index":"index","follow":"follow","max-snippet":"max-snippet:-1","max-image-preview":"max-image-preview:large","max-video-preview":"max-video-preview:-1"},"canonical":"https:\/\/patagoniambiental.com.ar\/info\/bariloche-curso-de-posgrado-sobre-ciencia-tecnologia-e-innovacion-en-los-medios-graficos\/","og_locale":"es_ES","og_type":"article","og_title":"Bariloche: Curso de posgrado sobre ciencia, tecnolog\u00eda e innovaci\u00f3n en los medios gr\u00e1ficos","og_description":"Bariloche, 20 de febrero de 2019.-\u00a0La Maestr\u00eda en Ciencia, Tecnolog\u00eda e Innovaci\u00f3n y la Especializaci\u00f3n en Divulgaci\u00f3n CTI de la [&hellip;]","og_url":"https:\/\/patagoniambiental.com.ar\/info\/bariloche-curso-de-posgrado-sobre-ciencia-tecnologia-e-innovacion-en-los-medios-graficos\/","og_site_name":"Patagonia Ambiental","article_publisher":"https:\/\/www.facebook.com\/patagonia.ambiental","article_author":"https:\/\/www.facebook.com\/share\/1C1V8Gv9BX\/?mibextid=qi2Omg","article_published_time":"2019-02-23T12:00:15+00:00","og_image":[{"width":960,"height":540,"url":"https:\/\/patagoniambiental.com.ar\/info\/wp-content\/uploads\/2019\/02\/thumbnail_Ana-Mar\u00eda-Vara-Curso-de-posgrado-MCTI.jpg","type":"image\/jpeg"}],"author":"Patagonia Ambiental","twitter_card":"summary_large_image","twitter_creator":"@PatAmb","twitter_site":"@PatAmb","schema":{"@context":"https:\/\/schema.org","@graph":[{"@type":"Article","@id":"https:\/\/patagoniambiental.com.ar\/info\/bariloche-curso-de-posgrado-sobre-ciencia-tecnologia-e-innovacion-en-los-medios-graficos\/#article","isPartOf":{"@id":"https:\/\/patagoniambiental.com.ar\/info\/bariloche-curso-de-posgrado-sobre-ciencia-tecnologia-e-innovacion-en-los-medios-graficos\/"},"author":{"name":"Patagonia Ambiental","@id":"https:\/\/patagoniambiental.com.ar\/info\/#\/schema\/person\/db12bff64bbcbf6a253710bf0ea37b5d"},"headline":"Bariloche: Curso de posgrado sobre ciencia, tecnolog\u00eda e innovaci\u00f3n en los medios gr\u00e1ficos","datePublished":"2019-02-23T12:00:15+00:00","mainEntityOfPage":{"@id":"https:\/\/patagoniambiental.com.ar\/info\/bariloche-curso-de-posgrado-sobre-ciencia-tecnologia-e-innovacion-en-los-medios-graficos\/"},"wordCount":378,"commentCount":0,"publisher":{"@id":"https:\/\/patagoniambiental.com.ar\/info\/#organization"},"image":{"@id":"https:\/\/patagoniambiental.com.ar\/info\/bariloche-curso-de-posgrado-sobre-ciencia-tecnologia-e-innovacion-en-los-medios-graficos\/#primaryimage"},"thumbnailUrl":"https:\/\/patagoniambiental.com.ar\/info\/wp-content\/uploads\/2019\/02\/thumbnail_Ana-Mar\u00eda-Vara-Curso-de-posgrado-MCTI.jpg","articleSection":["Noticias","Provinciales","R\u00edo Negro"],"inLanguage":"es","potentialAction":[{"@type":"CommentAction","name":"Comment","target":["https:\/\/patagoniambiental.com.ar\/info\/bariloche-curso-de-posgrado-sobre-ciencia-tecnologia-e-innovacion-en-los-medios-graficos\/#respond"]}]},{"@type":"WebPage","@id":"https:\/\/patagoniambiental.com.ar\/info\/bariloche-curso-de-posgrado-sobre-ciencia-tecnologia-e-innovacion-en-los-medios-graficos\/","url":"https:\/\/patagoniambiental.com.ar\/info\/bariloche-curso-de-posgrado-sobre-ciencia-tecnologia-e-innovacion-en-los-medios-graficos\/","name":"Bariloche: Curso de posgrado sobre ciencia, tecnolog\u00eda e innovaci\u00f3n en los medios gr\u00e1ficos","isPartOf":{"@id":"https:\/\/patagoniambiental.com.ar\/info\/#website"},"primaryImageOfPage":{"@id":"https:\/\/patagoniambiental.com.ar\/info\/bariloche-curso-de-posgrado-sobre-ciencia-tecnologia-e-innovacion-en-los-medios-graficos\/#primaryimage"},"image":{"@id":"https:\/\/patagoniambiental.com.ar\/info\/bariloche-curso-de-posgrado-sobre-ciencia-tecnologia-e-innovacion-en-los-medios-graficos\/#primaryimage"},"thumbnailUrl":"https:\/\/patagoniambiental.com.ar\/info\/wp-content\/uploads\/2019\/02\/thumbnail_Ana-Mar\u00eda-Vara-Curso-de-posgrado-MCTI.jpg","datePublished":"2019-02-23T12:00:15+00:00","breadcrumb":{"@id":"https:\/\/patagoniambiental.com.ar\/info\/bariloche-curso-de-posgrado-sobre-ciencia-tecnologia-e-innovacion-en-los-medios-graficos\/#breadcrumb"},"inLanguage":"es","potentialAction":[{"@type":"ReadAction","target":["https:\/\/patagoniambiental.com.ar\/info\/bariloche-curso-de-posgrado-sobre-ciencia-tecnologia-e-innovacion-en-los-medios-graficos\/"]}]},{"@type":"ImageObject","inLanguage":"es","@id":"https:\/\/patagoniambiental.com.ar\/info\/bariloche-curso-de-posgrado-sobre-ciencia-tecnologia-e-innovacion-en-los-medios-graficos\/#primaryimage","url":"https:\/\/patagoniambiental.com.ar\/info\/wp-content\/uploads\/2019\/02\/thumbnail_Ana-Mar\u00eda-Vara-Curso-de-posgrado-MCTI.jpg","contentUrl":"https:\/\/patagoniambiental.com.ar\/info\/wp-content\/uploads\/2019\/02\/thumbnail_Ana-Mar\u00eda-Vara-Curso-de-posgrado-MCTI.jpg","width":960,"height":540},{"@type":"BreadcrumbList","@id":"https:\/\/patagoniambiental.com.ar\/info\/bariloche-curso-de-posgrado-sobre-ciencia-tecnologia-e-innovacion-en-los-medios-graficos\/#breadcrumb","itemListElement":[{"@type":"ListItem","position":1,"name":"Inicio","item":"https:\/\/patagoniambiental.com.ar\/info\/"},{"@type":"ListItem","position":2,"name":"Bariloche: Curso de posgrado sobre ciencia, tecnolog\u00eda e innovaci\u00f3n en los medios gr\u00e1ficos"}]},{"@type":"WebSite","@id":"https:\/\/patagoniambiental.com.ar\/info\/#website","url":"https:\/\/patagoniambiental.com.ar\/info\/","name":"Patagonia Ambiental","description":"Monitoreo y an\u00e1lisis de la situaci\u00f3n geopol\u00edtica en el mundo y su implicancia en la Patagonia","publisher":{"@id":"https:\/\/patagoniambiental.com.ar\/info\/#organization"},"potentialAction":[{"@type":"SearchAction","target":{"@type":"EntryPoint","urlTemplate":"https:\/\/patagoniambiental.com.ar\/info\/?s={search_term_string}"},"query-input":{"@type":"PropertyValueSpecification","valueRequired":true,"valueName":"search_term_string"}}],"inLanguage":"es"},{"@type":"Organization","@id":"https:\/\/patagoniambiental.com.ar\/info\/#organization","name":"Patagonia Ambiental","url":"https:\/\/patagoniambiental.com.ar\/info\/","logo":{"@type":"ImageObject","inLanguage":"es","@id":"https:\/\/patagoniambiental.com.ar\/info\/#\/schema\/logo\/image\/","url":"https:\/\/patagoniambiental.com.ar\/info\/wp-content\/uploads\/2025\/05\/LOGO-PATAGONIA-AMBIENTAL.png","contentUrl":"https:\/\/patagoniambiental.com.ar\/info\/wp-content\/uploads\/2025\/05\/LOGO-PATAGONIA-AMBIENTAL.png","width":433,"height":250,"caption":"Patagonia Ambiental"},"image":{"@id":"https:\/\/patagoniambiental.com.ar\/info\/#\/schema\/logo\/image\/"},"sameAs":["https:\/\/www.facebook.com\/patagonia.ambiental","https:\/\/x.com\/PatAmb"]},{"@type":"Person","@id":"https:\/\/patagoniambiental.com.ar\/info\/#\/schema\/person\/db12bff64bbcbf6a253710bf0ea37b5d","name":"Patagonia Ambiental","description":"Andr\u00e9s Nievas T\u00e9cnico en manejo ambiental, consultor Ambiental y escritor para medios locales e internacionales sobre temas de geopolitica y medio ambiente.","sameAs":["http:\/\/www.patagoniambiental.com.ar","https:\/\/www.facebook.com\/share\/1C1V8Gv9BX\/?mibextid=qi2Omg","@patagoniambiental","https:\/\/youtube.com\/@patagoniaambiental2023?si=BLt58t0wuXquxlYZ"]}]}},"_links":{"self":[{"href":"https:\/\/patagoniambiental.com.ar\/info\/wp-json\/wp\/v2\/posts\/59126","targetHints":{"allow":["GET"]}}],"collection":[{"href":"https:\/\/patagoniambiental.com.ar\/info\/wp-json\/wp\/v2\/posts"}],"about":[{"href":"https:\/\/patagoniambiental.com.ar\/info\/wp-json\/wp\/v2\/types\/post"}],"author":[{"embeddable":true,"href":"https:\/\/patagoniambiental.com.ar\/info\/wp-json\/wp\/v2\/users\/2"}],"replies":[{"embeddable":true,"href":"https:\/\/patagoniambiental.com.ar\/info\/wp-json\/wp\/v2\/comments?post=59126"}],"version-history":[{"count":0,"href":"https:\/\/patagoniambiental.com.ar\/info\/wp-json\/wp\/v2\/posts\/59126\/revisions"}],"wp:featuredmedia":[{"embeddable":true,"href":"https:\/\/patagoniambiental.com.ar\/info\/wp-json\/wp\/v2\/media\/59127"}],"wp:attachment":[{"href":"https:\/\/patagoniambiental.com.ar\/info\/wp-json\/wp\/v2\/media?parent=59126"}],"wp:term":[{"taxonomy":"category","embeddable":true,"href":"https:\/\/patagoniambiental.com.ar\/info\/wp-json\/wp\/v2\/categories?post=59126"},{"taxonomy":"post_tag","embeddable":true,"href":"https:\/\/patagoniambiental.com.ar\/info\/wp-json\/wp\/v2\/tags?post=59126"}],"curies":[{"name":"wp","href":"https:\/\/api.w.org\/{rel}","templated":true}]}}