{"id":59162,"date":"2019-02-24T09:00:53","date_gmt":"2019-02-24T12:00:53","guid":{"rendered":"http:\/\/patagoniambiental.com.ar\/info\/?p=59162"},"modified":"2019-02-22T12:42:39","modified_gmt":"2019-02-22T15:42:39","slug":"invitan-a-recorrer-en-canoa-el-paraiso-del-rio-pulmari","status":"publish","type":"post","link":"https:\/\/patagoniambiental.com.ar\/info\/invitan-a-recorrer-en-canoa-el-paraiso-del-rio-pulmari\/","title":{"rendered":"Invitan a recorrer en canoa el para\u00edso del R\u00edo Pulmar\u00ed"},"content":{"rendered":"<div class=\"row\">\n<div class=\"col-md-12 col-lg-offset-1 col-lg-10\">\n<header class=\"entry-header\">\n<p class=\"small\"><em>Neuqu\u00e9n.-En la propuesta tur\u00edstica se podr\u00e1 conocer una gran cantidad de plantas, \u00e1rboles y especies de aves. Al finalizar el recorrido habr\u00e1 un almuerzo de cordero patag\u00f3nico. Para m\u00e1s informaci\u00f3n e inscripci\u00f3n, comunicarse al tel\u00e9fono 02942 496243 de 08:30 a 13:30 hs, y al correo: turismo@pulmari.org\u00a0<\/em><\/p>\n<\/header>\n<\/div>\n<\/div>\n<p><!--more--><\/p>\n<div class=\"row\">\n<div class=\"col-md-12 col-lg-offset-1 col-lg-10\">\n<div class=\"entry-content\">\n<p><img fetchpriority=\"high\" decoding=\"async\" class=\"alignnone size-medium wp-image-33392\" src=\"http:\/\/neuquentur.gob.ar\/lab\/wp-content\/uploads\/2019\/02\/traves%C3%ADa-pulmar%C3%AD-960x640.jpg\" sizes=\"(max-width: 960px) 100vw, 960px\" srcset=\"http:\/\/neuquentur.gob.ar\/lab\/wp-content\/uploads\/2019\/02\/traves\u00eda-pulmar\u00ed-960x640.jpg 960w, http:\/\/neuquentur.gob.ar\/lab\/wp-content\/uploads\/2019\/02\/traves\u00eda-pulmar\u00ed-600x400.jpg 600w, http:\/\/neuquentur.gob.ar\/lab\/wp-content\/uploads\/2019\/02\/traves\u00eda-pulmar\u00ed-768x512.jpg 768w, http:\/\/neuquentur.gob.ar\/lab\/wp-content\/uploads\/2019\/02\/traves\u00eda-pulmar\u00ed.jpg 1280w\" alt=\"\" width=\"960\" height=\"640\" \/><\/p>\n<p>La<strong>\u00a0Corporaci\u00f3n Interestadual Pulmar\u00ed<\/strong>\u00a0(CIP) invita a la\u00a0<strong>tercera Traves\u00eda en Canoa<\/strong>\u00a0de m\u00e1s de seis kil\u00f3metros de recorrido por el r\u00edo Pulmar\u00ed, donde se podr\u00e1 apreciar la rica flora y fauna de la regi\u00f3n el pr\u00f3ximo 2 de marzo.<\/p>\n<p>La salida est\u00e1 programada para la 10 desde el acceso de pesca en Piedra Pintada (brazo del lago Pulmar\u00ed) en la Ruta Provincial 11. Luego se empalmar\u00e1 con el r\u00edo hasta finalizar \u2013 por el mismo curso de agua- en el Camping El F\u00e1tima. All\u00ed de degustar\u00e1 un cordero patag\u00f3nico.<\/p>\n<p>Se trata de unas tres horas de navegaci\u00f3n exploratoria y de entretenimiento para disfrutar con amigos, y la posibilidad de descubrir lugares y rincones por medio de la canoa que de otra manera seria imposible conocer.<\/p>\n<p><img decoding=\"async\" class=\"alignnone size-medium wp-image-33394\" src=\"http:\/\/neuquentur.gob.ar\/lab\/wp-content\/uploads\/2019\/02\/travesia-pulmari3-960x640.jpg\" sizes=\"(max-width: 960px) 100vw, 960px\" srcset=\"http:\/\/neuquentur.gob.ar\/lab\/wp-content\/uploads\/2019\/02\/travesia-pulmari3-960x640.jpg 960w, http:\/\/neuquentur.gob.ar\/lab\/wp-content\/uploads\/2019\/02\/travesia-pulmari3-600x400.jpg 600w, http:\/\/neuquentur.gob.ar\/lab\/wp-content\/uploads\/2019\/02\/travesia-pulmari3-768x512.jpg 768w, http:\/\/neuquentur.gob.ar\/lab\/wp-content\/uploads\/2019\/02\/travesia-pulmari3.jpg 1280w\" alt=\"\" width=\"960\" height=\"640\" \/><\/p>\n<p>Al ser un lago manso, durante el paseo los participantes podr\u00e1n disfrutar de atractivos naturales y culturales como el Chalet de la Familia Miles y realizar avistajes de aves, entre ellos los patos silvestres, cauquenes, flamencos rosados, cisnes de cuello negro, gansos y bandurrias en la bell\u00edsima Laguna de los Giles.<\/p>\n<p>La traves\u00eda es organizada por la CIP, con la colaboraci\u00f3n de los municipios de Villa Pehuenia y Alumine y el auspicio de Almac\u00e9n de Monta\u00f1a Calfiquitra, Cotill\u00f3n Dulce Colibr\u00ed y Ferreter\u00eda de Los Andes y Farmacia y Perfumer\u00eda Alumine.<\/p>\n<p>Las inscripciones se encuentran abiertas hasta el d\u00eda 28 de febrero. Para m\u00e1s informaci\u00f3n y costos, llamar al tel\u00e9fono 02942 496243 de 08:30 a 13:30 hs, y al correo: turismo@pulmari.org<\/p>\n<p>Fuente:\u00a0http:\/\/neuquentur.gob.ar\/es\/prensa-turistica\/33390\/invitan-a-recorrer-en-canoa-el-paraiso-del-rio-pulmari\/<\/p>\n<\/div>\n<\/div>\n<\/div>\n","protected":false},"excerpt":{"rendered":"<p>Neuqu\u00e9n.-En la propuesta tur\u00edstica se podr\u00e1 conocer una gran cantidad de plantas, \u00e1rboles y especies de aves. Al finalizar el [&hellip;]<\/p>\n","protected":false},"author":2,"featured_media":59163,"comment_status":"open","ping_status":"open","sticky":false,"template":"","format":"standard","meta":{"site-sidebar-layout":"default","site-content-layout":"","ast-site-content-layout":"default","site-content-style":"default","site-sidebar-style":"default","ast-global-header-display":"","ast-banner-title-visibility":"","ast-main-header-display":"","ast-hfb-above-header-display":"","ast-hfb-below-header-display":"","ast-hfb-mobile-header-display":"","site-post-title":"","ast-breadcrumbs-content":"","ast-featured-img":"","footer-sml-layout":"","ast-disable-related-posts":"","theme-transparent-header-meta":"","adv-header-id-meta":"","stick-header-meta":"","header-above-stick-meta":"","header-main-stick-meta":"","header-below-stick-meta":"","astra-migrate-meta-layouts":"default","ast-page-background-enabled":"default","ast-page-background-meta":{"desktop":{"background-color":"var(--ast-global-color-5)","background-image":"","background-repeat":"repeat","background-position":"center center","background-size":"auto","background-attachment":"scroll","background-type":"","background-media":"","overlay-type":"","overlay-color":"","overlay-opacity":"","overlay-gradient":""},"tablet":{"background-color":"","background-image":"","background-repeat":"repeat","background-position":"center center","background-size":"auto","background-attachment":"scroll","background-type":"","background-media":"","overlay-type":"","overlay-color":"","overlay-opacity":"","overlay-gradient":""},"mobile":{"background-color":"","background-image":"","background-repeat":"repeat","background-position":"center center","background-size":"auto","background-attachment":"scroll","background-type":"","background-media":"","overlay-type":"","overlay-color":"","overlay-opacity":"","overlay-gradient":""}},"ast-content-background-meta":{"desktop":{"background-color":"var(--ast-global-color-4)","background-image":"","background-repeat":"repeat","background-position":"center center","background-size":"auto","background-attachment":"scroll","background-type":"","background-media":"","overlay-type":"","overlay-color":"","overlay-opacity":"","overlay-gradient":""},"tablet":{"background-color":"var(--ast-global-color-4)","background-image":"","background-repeat":"repeat","background-position":"center center","background-size":"auto","background-attachment":"scroll","background-type":"","background-media":"","overlay-type":"","overlay-color":"","overlay-opacity":"","overlay-gradient":""},"mobile":{"background-color":"var(--ast-global-color-4)","background-image":"","background-repeat":"repeat","background-position":"center center","background-size":"auto","background-attachment":"scroll","background-type":"","background-media":"","overlay-type":"","overlay-color":"","overlay-opacity":"","overlay-gradient":""}},"footnotes":""},"categories":[18,1,13],"tags":[],"class_list":["post-59162","post","type-post","status-publish","format-standard","has-post-thumbnail","hentry","category-neuquen","category-noticias","category-provinciales"],"yoast_head":"<!-- This site is optimized with the Yoast SEO Premium plugin v23.0 (Yoast SEO v27.4) - https:\/\/yoast.com\/product\/yoast-seo-premium-wordpress\/ -->\n<title>Invitan a recorrer en canoa el para\u00edso del R\u00edo Pulmar\u00ed<\/title>\n<meta name=\"robots\" content=\"index, follow, max-snippet:-1, max-image-preview:large, max-video-preview:-1\" \/>\n<link rel=\"canonical\" href=\"https:\/\/patagoniambiental.com.ar\/info\/invitan-a-recorrer-en-canoa-el-paraiso-del-rio-pulmari\/\" \/>\n<meta property=\"og:locale\" content=\"es_ES\" \/>\n<meta property=\"og:type\" content=\"article\" \/>\n<meta property=\"og:title\" content=\"Invitan a recorrer en canoa el para\u00edso del R\u00edo Pulmar\u00ed\" \/>\n<meta property=\"og:description\" content=\"Neuqu\u00e9n.-En la propuesta tur\u00edstica se podr\u00e1 conocer una gran cantidad de plantas, \u00e1rboles y especies de aves. Al finalizar el [&hellip;]\" \/>\n<meta property=\"og:url\" content=\"https:\/\/patagoniambiental.com.ar\/info\/invitan-a-recorrer-en-canoa-el-paraiso-del-rio-pulmari\/\" \/>\n<meta property=\"og:site_name\" content=\"Patagonia Ambiental\" \/>\n<meta property=\"article:publisher\" content=\"https:\/\/www.facebook.com\/patagonia.ambiental\" \/>\n<meta property=\"article:author\" content=\"https:\/\/www.facebook.com\/share\/1C1V8Gv9BX\/?mibextid=qi2Omg\" \/>\n<meta property=\"article:published_time\" content=\"2019-02-24T12:00:53+00:00\" \/>\n<meta property=\"og:image\" content=\"https:\/\/patagoniambiental.com.ar\/info\/wp-content\/uploads\/2019\/02\/traves\u00eda-pulmar\u00ed-960x640.jpg\" \/>\n\t<meta property=\"og:image:width\" content=\"960\" \/>\n\t<meta property=\"og:image:height\" content=\"640\" \/>\n\t<meta property=\"og:image:type\" content=\"image\/jpeg\" \/>\n<meta name=\"author\" content=\"Patagonia Ambiental\" \/>\n<meta name=\"twitter:card\" content=\"summary_large_image\" \/>\n<meta name=\"twitter:creator\" content=\"@PatAmb\" \/>\n<meta name=\"twitter:site\" content=\"@PatAmb\" \/>\n<script type=\"application\/ld+json\" class=\"yoast-schema-graph\">{\"@context\":\"https:\\\/\\\/schema.org\",\"@graph\":[{\"@type\":\"Article\",\"@id\":\"https:\\\/\\\/patagoniambiental.com.ar\\\/info\\\/invitan-a-recorrer-en-canoa-el-paraiso-del-rio-pulmari\\\/#article\",\"isPartOf\":{\"@id\":\"https:\\\/\\\/patagoniambiental.com.ar\\\/info\\\/invitan-a-recorrer-en-canoa-el-paraiso-del-rio-pulmari\\\/\"},\"author\":{\"name\":\"Patagonia Ambiental\",\"@id\":\"https:\\\/\\\/patagoniambiental.com.ar\\\/info\\\/#\\\/schema\\\/person\\\/db12bff64bbcbf6a253710bf0ea37b5d\"},\"headline\":\"Invitan a recorrer en canoa el para\u00edso del R\u00edo Pulmar\u00ed\",\"datePublished\":\"2019-02-24T12:00:53+00:00\",\"mainEntityOfPage\":{\"@id\":\"https:\\\/\\\/patagoniambiental.com.ar\\\/info\\\/invitan-a-recorrer-en-canoa-el-paraiso-del-rio-pulmari\\\/\"},\"wordCount\":335,\"commentCount\":0,\"publisher\":{\"@id\":\"https:\\\/\\\/patagoniambiental.com.ar\\\/info\\\/#organization\"},\"image\":{\"@id\":\"https:\\\/\\\/patagoniambiental.com.ar\\\/info\\\/invitan-a-recorrer-en-canoa-el-paraiso-del-rio-pulmari\\\/#primaryimage\"},\"thumbnailUrl\":\"https:\\\/\\\/patagoniambiental.com.ar\\\/info\\\/wp-content\\\/uploads\\\/2019\\\/02\\\/traves\u00eda-pulmar\u00ed-960x640.jpg\",\"articleSection\":[\"Neuqu\u00e9n\",\"Noticias\",\"Provinciales\"],\"inLanguage\":\"es\",\"potentialAction\":[{\"@type\":\"CommentAction\",\"name\":\"Comment\",\"target\":[\"https:\\\/\\\/patagoniambiental.com.ar\\\/info\\\/invitan-a-recorrer-en-canoa-el-paraiso-del-rio-pulmari\\\/#respond\"]}]},{\"@type\":\"WebPage\",\"@id\":\"https:\\\/\\\/patagoniambiental.com.ar\\\/info\\\/invitan-a-recorrer-en-canoa-el-paraiso-del-rio-pulmari\\\/\",\"url\":\"https:\\\/\\\/patagoniambiental.com.ar\\\/info\\\/invitan-a-recorrer-en-canoa-el-paraiso-del-rio-pulmari\\\/\",\"name\":\"Invitan a recorrer en canoa el para\u00edso del R\u00edo Pulmar\u00ed\",\"isPartOf\":{\"@id\":\"https:\\\/\\\/patagoniambiental.com.ar\\\/info\\\/#website\"},\"primaryImageOfPage\":{\"@id\":\"https:\\\/\\\/patagoniambiental.com.ar\\\/info\\\/invitan-a-recorrer-en-canoa-el-paraiso-del-rio-pulmari\\\/#primaryimage\"},\"image\":{\"@id\":\"https:\\\/\\\/patagoniambiental.com.ar\\\/info\\\/invitan-a-recorrer-en-canoa-el-paraiso-del-rio-pulmari\\\/#primaryimage\"},\"thumbnailUrl\":\"https:\\\/\\\/patagoniambiental.com.ar\\\/info\\\/wp-content\\\/uploads\\\/2019\\\/02\\\/traves\u00eda-pulmar\u00ed-960x640.jpg\",\"datePublished\":\"2019-02-24T12:00:53+00:00\",\"breadcrumb\":{\"@id\":\"https:\\\/\\\/patagoniambiental.com.ar\\\/info\\\/invitan-a-recorrer-en-canoa-el-paraiso-del-rio-pulmari\\\/#breadcrumb\"},\"inLanguage\":\"es\",\"potentialAction\":[{\"@type\":\"ReadAction\",\"target\":[\"https:\\\/\\\/patagoniambiental.com.ar\\\/info\\\/invitan-a-recorrer-en-canoa-el-paraiso-del-rio-pulmari\\\/\"]}]},{\"@type\":\"ImageObject\",\"inLanguage\":\"es\",\"@id\":\"https:\\\/\\\/patagoniambiental.com.ar\\\/info\\\/invitan-a-recorrer-en-canoa-el-paraiso-del-rio-pulmari\\\/#primaryimage\",\"url\":\"https:\\\/\\\/patagoniambiental.com.ar\\\/info\\\/wp-content\\\/uploads\\\/2019\\\/02\\\/traves\u00eda-pulmar\u00ed-960x640.jpg\",\"contentUrl\":\"https:\\\/\\\/patagoniambiental.com.ar\\\/info\\\/wp-content\\\/uploads\\\/2019\\\/02\\\/traves\u00eda-pulmar\u00ed-960x640.jpg\",\"width\":900,\"height\":600},{\"@type\":\"BreadcrumbList\",\"@id\":\"https:\\\/\\\/patagoniambiental.com.ar\\\/info\\\/invitan-a-recorrer-en-canoa-el-paraiso-del-rio-pulmari\\\/#breadcrumb\",\"itemListElement\":[{\"@type\":\"ListItem\",\"position\":1,\"name\":\"Inicio\",\"item\":\"https:\\\/\\\/patagoniambiental.com.ar\\\/info\\\/\"},{\"@type\":\"ListItem\",\"position\":2,\"name\":\"Invitan a recorrer en canoa el para\u00edso del R\u00edo Pulmar\u00ed\"}]},{\"@type\":\"WebSite\",\"@id\":\"https:\\\/\\\/patagoniambiental.com.ar\\\/info\\\/#website\",\"url\":\"https:\\\/\\\/patagoniambiental.com.ar\\\/info\\\/\",\"name\":\"Patagonia Ambiental\",\"description\":\"Monitoreo y an\u00e1lisis de la situaci\u00f3n geopol\u00edtica en el mundo y su implicancia en la Patagonia\",\"publisher\":{\"@id\":\"https:\\\/\\\/patagoniambiental.com.ar\\\/info\\\/#organization\"},\"potentialAction\":[{\"@type\":\"SearchAction\",\"target\":{\"@type\":\"EntryPoint\",\"urlTemplate\":\"https:\\\/\\\/patagoniambiental.com.ar\\\/info\\\/?s={search_term_string}\"},\"query-input\":{\"@type\":\"PropertyValueSpecification\",\"valueRequired\":true,\"valueName\":\"search_term_string\"}}],\"inLanguage\":\"es\"},{\"@type\":\"Organization\",\"@id\":\"https:\\\/\\\/patagoniambiental.com.ar\\\/info\\\/#organization\",\"name\":\"Patagonia Ambiental\",\"url\":\"https:\\\/\\\/patagoniambiental.com.ar\\\/info\\\/\",\"logo\":{\"@type\":\"ImageObject\",\"inLanguage\":\"es\",\"@id\":\"https:\\\/\\\/patagoniambiental.com.ar\\\/info\\\/#\\\/schema\\\/logo\\\/image\\\/\",\"url\":\"https:\\\/\\\/patagoniambiental.com.ar\\\/info\\\/wp-content\\\/uploads\\\/2025\\\/05\\\/LOGO-PATAGONIA-AMBIENTAL.png\",\"contentUrl\":\"https:\\\/\\\/patagoniambiental.com.ar\\\/info\\\/wp-content\\\/uploads\\\/2025\\\/05\\\/LOGO-PATAGONIA-AMBIENTAL.png\",\"width\":433,\"height\":250,\"caption\":\"Patagonia Ambiental\"},\"image\":{\"@id\":\"https:\\\/\\\/patagoniambiental.com.ar\\\/info\\\/#\\\/schema\\\/logo\\\/image\\\/\"},\"sameAs\":[\"https:\\\/\\\/www.facebook.com\\\/patagonia.ambiental\",\"https:\\\/\\\/x.com\\\/PatAmb\"]},{\"@type\":\"Person\",\"@id\":\"https:\\\/\\\/patagoniambiental.com.ar\\\/info\\\/#\\\/schema\\\/person\\\/db12bff64bbcbf6a253710bf0ea37b5d\",\"name\":\"Patagonia Ambiental\",\"description\":\"Andr\u00e9s Nievas T\u00e9cnico en manejo ambiental, consultor Ambiental y escritor para medios locales e internacionales sobre temas de geopolitica y medio ambiente.\",\"sameAs\":[\"http:\\\/\\\/www.patagoniambiental.com.ar\",\"https:\\\/\\\/www.facebook.com\\\/share\\\/1C1V8Gv9BX\\\/?mibextid=qi2Omg\",\"@patagoniambiental\",\"https:\\\/\\\/youtube.com\\\/@patagoniaambiental2023?si=BLt58t0wuXquxlYZ\"]}]}<\/script>\n<!-- \/ Yoast SEO Premium plugin. -->","yoast_head_json":{"title":"Invitan a recorrer en canoa el para\u00edso del R\u00edo Pulmar\u00ed","robots":{"index":"index","follow":"follow","max-snippet":"max-snippet:-1","max-image-preview":"max-image-preview:large","max-video-preview":"max-video-preview:-1"},"canonical":"https:\/\/patagoniambiental.com.ar\/info\/invitan-a-recorrer-en-canoa-el-paraiso-del-rio-pulmari\/","og_locale":"es_ES","og_type":"article","og_title":"Invitan a recorrer en canoa el para\u00edso del R\u00edo Pulmar\u00ed","og_description":"Neuqu\u00e9n.-En la propuesta tur\u00edstica se podr\u00e1 conocer una gran cantidad de plantas, \u00e1rboles y especies de aves. Al finalizar el [&hellip;]","og_url":"https:\/\/patagoniambiental.com.ar\/info\/invitan-a-recorrer-en-canoa-el-paraiso-del-rio-pulmari\/","og_site_name":"Patagonia Ambiental","article_publisher":"https:\/\/www.facebook.com\/patagonia.ambiental","article_author":"https:\/\/www.facebook.com\/share\/1C1V8Gv9BX\/?mibextid=qi2Omg","article_published_time":"2019-02-24T12:00:53+00:00","og_image":[{"width":960,"height":640,"url":"https:\/\/patagoniambiental.com.ar\/info\/wp-content\/uploads\/2019\/02\/traves\u00eda-pulmar\u00ed-960x640.jpg","type":"image\/jpeg"}],"author":"Patagonia Ambiental","twitter_card":"summary_large_image","twitter_creator":"@PatAmb","twitter_site":"@PatAmb","schema":{"@context":"https:\/\/schema.org","@graph":[{"@type":"Article","@id":"https:\/\/patagoniambiental.com.ar\/info\/invitan-a-recorrer-en-canoa-el-paraiso-del-rio-pulmari\/#article","isPartOf":{"@id":"https:\/\/patagoniambiental.com.ar\/info\/invitan-a-recorrer-en-canoa-el-paraiso-del-rio-pulmari\/"},"author":{"name":"Patagonia Ambiental","@id":"https:\/\/patagoniambiental.com.ar\/info\/#\/schema\/person\/db12bff64bbcbf6a253710bf0ea37b5d"},"headline":"Invitan a recorrer en canoa el para\u00edso del R\u00edo Pulmar\u00ed","datePublished":"2019-02-24T12:00:53+00:00","mainEntityOfPage":{"@id":"https:\/\/patagoniambiental.com.ar\/info\/invitan-a-recorrer-en-canoa-el-paraiso-del-rio-pulmari\/"},"wordCount":335,"commentCount":0,"publisher":{"@id":"https:\/\/patagoniambiental.com.ar\/info\/#organization"},"image":{"@id":"https:\/\/patagoniambiental.com.ar\/info\/invitan-a-recorrer-en-canoa-el-paraiso-del-rio-pulmari\/#primaryimage"},"thumbnailUrl":"https:\/\/patagoniambiental.com.ar\/info\/wp-content\/uploads\/2019\/02\/traves\u00eda-pulmar\u00ed-960x640.jpg","articleSection":["Neuqu\u00e9n","Noticias","Provinciales"],"inLanguage":"es","potentialAction":[{"@type":"CommentAction","name":"Comment","target":["https:\/\/patagoniambiental.com.ar\/info\/invitan-a-recorrer-en-canoa-el-paraiso-del-rio-pulmari\/#respond"]}]},{"@type":"WebPage","@id":"https:\/\/patagoniambiental.com.ar\/info\/invitan-a-recorrer-en-canoa-el-paraiso-del-rio-pulmari\/","url":"https:\/\/patagoniambiental.com.ar\/info\/invitan-a-recorrer-en-canoa-el-paraiso-del-rio-pulmari\/","name":"Invitan a recorrer en canoa el para\u00edso del R\u00edo Pulmar\u00ed","isPartOf":{"@id":"https:\/\/patagoniambiental.com.ar\/info\/#website"},"primaryImageOfPage":{"@id":"https:\/\/patagoniambiental.com.ar\/info\/invitan-a-recorrer-en-canoa-el-paraiso-del-rio-pulmari\/#primaryimage"},"image":{"@id":"https:\/\/patagoniambiental.com.ar\/info\/invitan-a-recorrer-en-canoa-el-paraiso-del-rio-pulmari\/#primaryimage"},"thumbnailUrl":"https:\/\/patagoniambiental.com.ar\/info\/wp-content\/uploads\/2019\/02\/traves\u00eda-pulmar\u00ed-960x640.jpg","datePublished":"2019-02-24T12:00:53+00:00","breadcrumb":{"@id":"https:\/\/patagoniambiental.com.ar\/info\/invitan-a-recorrer-en-canoa-el-paraiso-del-rio-pulmari\/#breadcrumb"},"inLanguage":"es","potentialAction":[{"@type":"ReadAction","target":["https:\/\/patagoniambiental.com.ar\/info\/invitan-a-recorrer-en-canoa-el-paraiso-del-rio-pulmari\/"]}]},{"@type":"ImageObject","inLanguage":"es","@id":"https:\/\/patagoniambiental.com.ar\/info\/invitan-a-recorrer-en-canoa-el-paraiso-del-rio-pulmari\/#primaryimage","url":"https:\/\/patagoniambiental.com.ar\/info\/wp-content\/uploads\/2019\/02\/traves\u00eda-pulmar\u00ed-960x640.jpg","contentUrl":"https:\/\/patagoniambiental.com.ar\/info\/wp-content\/uploads\/2019\/02\/traves\u00eda-pulmar\u00ed-960x640.jpg","width":900,"height":600},{"@type":"BreadcrumbList","@id":"https:\/\/patagoniambiental.com.ar\/info\/invitan-a-recorrer-en-canoa-el-paraiso-del-rio-pulmari\/#breadcrumb","itemListElement":[{"@type":"ListItem","position":1,"name":"Inicio","item":"https:\/\/patagoniambiental.com.ar\/info\/"},{"@type":"ListItem","position":2,"name":"Invitan a recorrer en canoa el para\u00edso del R\u00edo Pulmar\u00ed"}]},{"@type":"WebSite","@id":"https:\/\/patagoniambiental.com.ar\/info\/#website","url":"https:\/\/patagoniambiental.com.ar\/info\/","name":"Patagonia Ambiental","description":"Monitoreo y an\u00e1lisis de la situaci\u00f3n geopol\u00edtica en el mundo y su implicancia en la Patagonia","publisher":{"@id":"https:\/\/patagoniambiental.com.ar\/info\/#organization"},"potentialAction":[{"@type":"SearchAction","target":{"@type":"EntryPoint","urlTemplate":"https:\/\/patagoniambiental.com.ar\/info\/?s={search_term_string}"},"query-input":{"@type":"PropertyValueSpecification","valueRequired":true,"valueName":"search_term_string"}}],"inLanguage":"es"},{"@type":"Organization","@id":"https:\/\/patagoniambiental.com.ar\/info\/#organization","name":"Patagonia Ambiental","url":"https:\/\/patagoniambiental.com.ar\/info\/","logo":{"@type":"ImageObject","inLanguage":"es","@id":"https:\/\/patagoniambiental.com.ar\/info\/#\/schema\/logo\/image\/","url":"https:\/\/patagoniambiental.com.ar\/info\/wp-content\/uploads\/2025\/05\/LOGO-PATAGONIA-AMBIENTAL.png","contentUrl":"https:\/\/patagoniambiental.com.ar\/info\/wp-content\/uploads\/2025\/05\/LOGO-PATAGONIA-AMBIENTAL.png","width":433,"height":250,"caption":"Patagonia Ambiental"},"image":{"@id":"https:\/\/patagoniambiental.com.ar\/info\/#\/schema\/logo\/image\/"},"sameAs":["https:\/\/www.facebook.com\/patagonia.ambiental","https:\/\/x.com\/PatAmb"]},{"@type":"Person","@id":"https:\/\/patagoniambiental.com.ar\/info\/#\/schema\/person\/db12bff64bbcbf6a253710bf0ea37b5d","name":"Patagonia Ambiental","description":"Andr\u00e9s Nievas T\u00e9cnico en manejo ambiental, consultor Ambiental y escritor para medios locales e internacionales sobre temas de geopolitica y medio ambiente.","sameAs":["http:\/\/www.patagoniambiental.com.ar","https:\/\/www.facebook.com\/share\/1C1V8Gv9BX\/?mibextid=qi2Omg","@patagoniambiental","https:\/\/youtube.com\/@patagoniaambiental2023?si=BLt58t0wuXquxlYZ"]}]}},"_links":{"self":[{"href":"https:\/\/patagoniambiental.com.ar\/info\/wp-json\/wp\/v2\/posts\/59162","targetHints":{"allow":["GET"]}}],"collection":[{"href":"https:\/\/patagoniambiental.com.ar\/info\/wp-json\/wp\/v2\/posts"}],"about":[{"href":"https:\/\/patagoniambiental.com.ar\/info\/wp-json\/wp\/v2\/types\/post"}],"author":[{"embeddable":true,"href":"https:\/\/patagoniambiental.com.ar\/info\/wp-json\/wp\/v2\/users\/2"}],"replies":[{"embeddable":true,"href":"https:\/\/patagoniambiental.com.ar\/info\/wp-json\/wp\/v2\/comments?post=59162"}],"version-history":[{"count":0,"href":"https:\/\/patagoniambiental.com.ar\/info\/wp-json\/wp\/v2\/posts\/59162\/revisions"}],"wp:featuredmedia":[{"embeddable":true,"href":"https:\/\/patagoniambiental.com.ar\/info\/wp-json\/wp\/v2\/media\/59163"}],"wp:attachment":[{"href":"https:\/\/patagoniambiental.com.ar\/info\/wp-json\/wp\/v2\/media?parent=59162"}],"wp:term":[{"taxonomy":"category","embeddable":true,"href":"https:\/\/patagoniambiental.com.ar\/info\/wp-json\/wp\/v2\/categories?post=59162"},{"taxonomy":"post_tag","embeddable":true,"href":"https:\/\/patagoniambiental.com.ar\/info\/wp-json\/wp\/v2\/tags?post=59162"}],"curies":[{"name":"wp","href":"https:\/\/api.w.org\/{rel}","templated":true}]}}