{"id":59175,"date":"2019-02-22T19:00:36","date_gmt":"2019-02-22T22:00:36","guid":{"rendered":"http:\/\/patagoniambiental.com.ar\/info\/?p=59175"},"modified":"2019-02-22T16:07:49","modified_gmt":"2019-02-22T19:07:49","slug":"nueva-delegacion-de-la-secretaria-de-ambiente-en-rio-colorado","status":"publish","type":"post","link":"https:\/\/patagoniambiental.com.ar\/info\/nueva-delegacion-de-la-secretaria-de-ambiente-en-rio-colorado\/","title":{"rendered":"Nueva\u00a0delegaci\u00f3n\u00a0de la Secretar\u00eda de Ambiente en\u00a0Rio Colorado"},"content":{"rendered":"<div id=\"id_5c7047bedd6de5d53275109\" class=\"text_exposed_root text_exposed\">R\u00edo Colorado.-Con el objetivo de poder atender las necesidades de una regi\u00f3n m\u00e1s de R\u00edo Negro, la Secretar\u00eda de Ambiente y Desarrollo Sustentable abrir\u00e1 pr\u00f3ximamente una delegaci\u00f3n en R\u00edo Colorado, que tendr\u00e1 alcance a todas las localidades del Valle Medio.<\/div>\n<div class=\"text_exposed_root text_exposed\">\n<p><!--more--><\/p>\n<p>La atenci\u00f3n estar\u00e1 a cargo de Gisel Etulain, quien hasta hace pocos d\u00edas se desempe\u00f1a<span class=\"text_exposed_show\">ba como secretaria de Ambiente del municipio la localidad.<br \/>\nLa oficina funcionar\u00e1 en el edificio del DPA, Moreno 695.<br \/>\nLa secretaria de Ambiente Dina Migani manifest\u00f3 que \u201cel objetivo es tener una puerta de entrada para recibir todos los tr\u00e1mites que los vecinos de la zona deben ingresar a la Secretar\u00eda, como as\u00ed tambi\u00e9n recibir denuncias y poder actuar r\u00e1pidamente frente a denuncia de situaciones ambientales, de tr\u00e1fico de fauna, de hallazgo de fauna silvestre, permisos de caza, etc.\u201d<br \/>\n\u201cTambi\u00e9n la idea es poder tener presencia y actuar \u00e1gilmente y sistem\u00e1ticamente en lo que tiene que ver a fiscalizaci\u00f3n y control en temas de miner\u00eda, hidrocarburos, gasoductos, oleoductos, gas, residuos y obras de infraestructura que requieran Estudios de impacto Ambiental\u201d, explic\u00f3 la funcionaria ambiental. \u201cTrabajar en forma conjunta con el municipio para el cuidado del ambiente en la zona noreste de la provincia\u201d, agreg\u00f3.<br \/>\nFinalmente, Migani agradeci\u00f3 al DPA por el espacio brindado para la instalaci\u00f3n de la oficina y al Intendente municipal por la predisposici\u00f3n para que dicha cartera logre este objetivo tan importante para la zona.<\/span><\/p>\n<\/div>\n<p>&nbsp;<\/p>\n<div id=\"fbPhotoSnowliftCTMButton\"><\/div>\n<div id=\"fbPhotoSnowliftProductMiniListHscroll\" class=\"fbCommerceProductMiniListHscroll\"><\/div>\n<div id=\"fbPhotoSnowliftProductTags\" class=\"fbPhotoProductTags\">Fuente: SA y DS de Rio Negro<\/div>\n<div id=\"fbPhotoSnowliftChainingPhotoHScroll\"><\/div>\n","protected":false},"excerpt":{"rendered":"<p>R\u00edo Colorado.-Con el objetivo de poder atender las necesidades de una regi\u00f3n m\u00e1s de R\u00edo Negro, la Secretar\u00eda de Ambiente [&hellip;]<\/p>\n","protected":false},"author":2,"featured_media":59176,"comment_status":"open","ping_status":"open","sticky":false,"template":"","format":"standard","meta":{"site-sidebar-layout":"default","site-content-layout":"","ast-site-content-layout":"default","site-content-style":"default","site-sidebar-style":"default","ast-global-header-display":"","ast-banner-title-visibility":"","ast-main-header-display":"","ast-hfb-above-header-display":"","ast-hfb-below-header-display":"","ast-hfb-mobile-header-display":"","site-post-title":"","ast-breadcrumbs-content":"","ast-featured-img":"","footer-sml-layout":"","ast-disable-related-posts":"","theme-transparent-header-meta":"","adv-header-id-meta":"","stick-header-meta":"","header-above-stick-meta":"","header-main-stick-meta":"","header-below-stick-meta":"","astra-migrate-meta-layouts":"default","ast-page-background-enabled":"default","ast-page-background-meta":{"desktop":{"background-color":"var(--ast-global-color-5)","background-image":"","background-repeat":"repeat","background-position":"center center","background-size":"auto","background-attachment":"scroll","background-type":"","background-media":"","overlay-type":"","overlay-color":"","overlay-opacity":"","overlay-gradient":""},"tablet":{"background-color":"","background-image":"","background-repeat":"repeat","background-position":"center center","background-size":"auto","background-attachment":"scroll","background-type":"","background-media":"","overlay-type":"","overlay-color":"","overlay-opacity":"","overlay-gradient":""},"mobile":{"background-color":"","background-image":"","background-repeat":"repeat","background-position":"center center","background-size":"auto","background-attachment":"scroll","background-type":"","background-media":"","overlay-type":"","overlay-color":"","overlay-opacity":"","overlay-gradient":""}},"ast-content-background-meta":{"desktop":{"background-color":"var(--ast-global-color-4)","background-image":"","background-repeat":"repeat","background-position":"center center","background-size":"auto","background-attachment":"scroll","background-type":"","background-media":"","overlay-type":"","overlay-color":"","overlay-opacity":"","overlay-gradient":""},"tablet":{"background-color":"var(--ast-global-color-4)","background-image":"","background-repeat":"repeat","background-position":"center center","background-size":"auto","background-attachment":"scroll","background-type":"","background-media":"","overlay-type":"","overlay-color":"","overlay-opacity":"","overlay-gradient":""},"mobile":{"background-color":"var(--ast-global-color-4)","background-image":"","background-repeat":"repeat","background-position":"center center","background-size":"auto","background-attachment":"scroll","background-type":"","background-media":"","overlay-type":"","overlay-color":"","overlay-opacity":"","overlay-gradient":""}},"footnotes":""},"categories":[1,13,14],"tags":[],"class_list":["post-59175","post","type-post","status-publish","format-standard","has-post-thumbnail","hentry","category-noticias","category-provinciales","category-rio-negro"],"yoast_head":"<!-- This site is optimized with the Yoast SEO Premium plugin v23.0 (Yoast SEO v27.4) - https:\/\/yoast.com\/product\/yoast-seo-premium-wordpress\/ -->\n<title>Nueva\u00a0delegaci\u00f3n\u00a0de la Secretar\u00eda de Ambiente en\u00a0Rio Colorado<\/title>\n<meta name=\"robots\" content=\"index, follow, max-snippet:-1, max-image-preview:large, max-video-preview:-1\" \/>\n<link rel=\"canonical\" href=\"https:\/\/patagoniambiental.com.ar\/info\/nueva-delegacion-de-la-secretaria-de-ambiente-en-rio-colorado\/\" \/>\n<meta property=\"og:locale\" content=\"es_ES\" \/>\n<meta property=\"og:type\" content=\"article\" \/>\n<meta property=\"og:title\" content=\"Nueva\u00a0delegaci\u00f3n\u00a0de la Secretar\u00eda de Ambiente en\u00a0Rio Colorado\" \/>\n<meta property=\"og:description\" content=\"R\u00edo Colorado.-Con el objetivo de poder atender las necesidades de una regi\u00f3n m\u00e1s de R\u00edo Negro, la Secretar\u00eda de Ambiente [&hellip;]\" \/>\n<meta property=\"og:url\" content=\"https:\/\/patagoniambiental.com.ar\/info\/nueva-delegacion-de-la-secretaria-de-ambiente-en-rio-colorado\/\" \/>\n<meta property=\"og:site_name\" content=\"Patagonia Ambiental\" \/>\n<meta property=\"article:publisher\" content=\"https:\/\/www.facebook.com\/patagonia.ambiental\" \/>\n<meta property=\"article:author\" content=\"https:\/\/www.facebook.com\/share\/1C1V8Gv9BX\/?mibextid=qi2Omg\" \/>\n<meta property=\"article:published_time\" content=\"2019-02-22T22:00:36+00:00\" \/>\n<meta property=\"og:image\" content=\"https:\/\/patagoniambiental.com.ar\/info\/wp-content\/uploads\/2019\/02\/52482049_2283979541923079_4666072021065531392_n.jpg\" \/>\n\t<meta property=\"og:image:width\" content=\"960\" \/>\n\t<meta property=\"og:image:height\" content=\"720\" \/>\n\t<meta property=\"og:image:type\" content=\"image\/jpeg\" \/>\n<meta name=\"author\" content=\"Patagonia Ambiental\" \/>\n<meta name=\"twitter:card\" content=\"summary_large_image\" \/>\n<meta name=\"twitter:creator\" content=\"@PatAmb\" \/>\n<meta name=\"twitter:site\" content=\"@PatAmb\" \/>\n<script type=\"application\/ld+json\" class=\"yoast-schema-graph\">{\"@context\":\"https:\\\/\\\/schema.org\",\"@graph\":[{\"@type\":\"Article\",\"@id\":\"https:\\\/\\\/patagoniambiental.com.ar\\\/info\\\/nueva-delegacion-de-la-secretaria-de-ambiente-en-rio-colorado\\\/#article\",\"isPartOf\":{\"@id\":\"https:\\\/\\\/patagoniambiental.com.ar\\\/info\\\/nueva-delegacion-de-la-secretaria-de-ambiente-en-rio-colorado\\\/\"},\"author\":{\"name\":\"Patagonia Ambiental\",\"@id\":\"https:\\\/\\\/patagoniambiental.com.ar\\\/info\\\/#\\\/schema\\\/person\\\/db12bff64bbcbf6a253710bf0ea37b5d\"},\"headline\":\"Nueva\u00a0delegaci\u00f3n\u00a0de la Secretar\u00eda de Ambiente en\u00a0Rio Colorado\",\"datePublished\":\"2019-02-22T22:00:36+00:00\",\"mainEntityOfPage\":{\"@id\":\"https:\\\/\\\/patagoniambiental.com.ar\\\/info\\\/nueva-delegacion-de-la-secretaria-de-ambiente-en-rio-colorado\\\/\"},\"wordCount\":274,\"commentCount\":0,\"publisher\":{\"@id\":\"https:\\\/\\\/patagoniambiental.com.ar\\\/info\\\/#organization\"},\"image\":{\"@id\":\"https:\\\/\\\/patagoniambiental.com.ar\\\/info\\\/nueva-delegacion-de-la-secretaria-de-ambiente-en-rio-colorado\\\/#primaryimage\"},\"thumbnailUrl\":\"https:\\\/\\\/patagoniambiental.com.ar\\\/info\\\/wp-content\\\/uploads\\\/2019\\\/02\\\/52482049_2283979541923079_4666072021065531392_n.jpg\",\"articleSection\":[\"Noticias\",\"Provinciales\",\"R\u00edo Negro\"],\"inLanguage\":\"es\",\"potentialAction\":[{\"@type\":\"CommentAction\",\"name\":\"Comment\",\"target\":[\"https:\\\/\\\/patagoniambiental.com.ar\\\/info\\\/nueva-delegacion-de-la-secretaria-de-ambiente-en-rio-colorado\\\/#respond\"]}]},{\"@type\":\"WebPage\",\"@id\":\"https:\\\/\\\/patagoniambiental.com.ar\\\/info\\\/nueva-delegacion-de-la-secretaria-de-ambiente-en-rio-colorado\\\/\",\"url\":\"https:\\\/\\\/patagoniambiental.com.ar\\\/info\\\/nueva-delegacion-de-la-secretaria-de-ambiente-en-rio-colorado\\\/\",\"name\":\"Nueva\u00a0delegaci\u00f3n\u00a0de la Secretar\u00eda de Ambiente en\u00a0Rio Colorado\",\"isPartOf\":{\"@id\":\"https:\\\/\\\/patagoniambiental.com.ar\\\/info\\\/#website\"},\"primaryImageOfPage\":{\"@id\":\"https:\\\/\\\/patagoniambiental.com.ar\\\/info\\\/nueva-delegacion-de-la-secretaria-de-ambiente-en-rio-colorado\\\/#primaryimage\"},\"image\":{\"@id\":\"https:\\\/\\\/patagoniambiental.com.ar\\\/info\\\/nueva-delegacion-de-la-secretaria-de-ambiente-en-rio-colorado\\\/#primaryimage\"},\"thumbnailUrl\":\"https:\\\/\\\/patagoniambiental.com.ar\\\/info\\\/wp-content\\\/uploads\\\/2019\\\/02\\\/52482049_2283979541923079_4666072021065531392_n.jpg\",\"datePublished\":\"2019-02-22T22:00:36+00:00\",\"breadcrumb\":{\"@id\":\"https:\\\/\\\/patagoniambiental.com.ar\\\/info\\\/nueva-delegacion-de-la-secretaria-de-ambiente-en-rio-colorado\\\/#breadcrumb\"},\"inLanguage\":\"es\",\"potentialAction\":[{\"@type\":\"ReadAction\",\"target\":[\"https:\\\/\\\/patagoniambiental.com.ar\\\/info\\\/nueva-delegacion-de-la-secretaria-de-ambiente-en-rio-colorado\\\/\"]}]},{\"@type\":\"ImageObject\",\"inLanguage\":\"es\",\"@id\":\"https:\\\/\\\/patagoniambiental.com.ar\\\/info\\\/nueva-delegacion-de-la-secretaria-de-ambiente-en-rio-colorado\\\/#primaryimage\",\"url\":\"https:\\\/\\\/patagoniambiental.com.ar\\\/info\\\/wp-content\\\/uploads\\\/2019\\\/02\\\/52482049_2283979541923079_4666072021065531392_n.jpg\",\"contentUrl\":\"https:\\\/\\\/patagoniambiental.com.ar\\\/info\\\/wp-content\\\/uploads\\\/2019\\\/02\\\/52482049_2283979541923079_4666072021065531392_n.jpg\",\"width\":800,\"height\":600},{\"@type\":\"BreadcrumbList\",\"@id\":\"https:\\\/\\\/patagoniambiental.com.ar\\\/info\\\/nueva-delegacion-de-la-secretaria-de-ambiente-en-rio-colorado\\\/#breadcrumb\",\"itemListElement\":[{\"@type\":\"ListItem\",\"position\":1,\"name\":\"Inicio\",\"item\":\"https:\\\/\\\/patagoniambiental.com.ar\\\/info\\\/\"},{\"@type\":\"ListItem\",\"position\":2,\"name\":\"Nueva\u00a0delegaci\u00f3n\u00a0de la Secretar\u00eda de Ambiente en\u00a0Rio Colorado\"}]},{\"@type\":\"WebSite\",\"@id\":\"https:\\\/\\\/patagoniambiental.com.ar\\\/info\\\/#website\",\"url\":\"https:\\\/\\\/patagoniambiental.com.ar\\\/info\\\/\",\"name\":\"Patagonia Ambiental\",\"description\":\"Monitoreo y an\u00e1lisis de la situaci\u00f3n geopol\u00edtica en el mundo y su implicancia en la Patagonia\",\"publisher\":{\"@id\":\"https:\\\/\\\/patagoniambiental.com.ar\\\/info\\\/#organization\"},\"potentialAction\":[{\"@type\":\"SearchAction\",\"target\":{\"@type\":\"EntryPoint\",\"urlTemplate\":\"https:\\\/\\\/patagoniambiental.com.ar\\\/info\\\/?s={search_term_string}\"},\"query-input\":{\"@type\":\"PropertyValueSpecification\",\"valueRequired\":true,\"valueName\":\"search_term_string\"}}],\"inLanguage\":\"es\"},{\"@type\":\"Organization\",\"@id\":\"https:\\\/\\\/patagoniambiental.com.ar\\\/info\\\/#organization\",\"name\":\"Patagonia Ambiental\",\"url\":\"https:\\\/\\\/patagoniambiental.com.ar\\\/info\\\/\",\"logo\":{\"@type\":\"ImageObject\",\"inLanguage\":\"es\",\"@id\":\"https:\\\/\\\/patagoniambiental.com.ar\\\/info\\\/#\\\/schema\\\/logo\\\/image\\\/\",\"url\":\"https:\\\/\\\/patagoniambiental.com.ar\\\/info\\\/wp-content\\\/uploads\\\/2025\\\/05\\\/LOGO-PATAGONIA-AMBIENTAL.png\",\"contentUrl\":\"https:\\\/\\\/patagoniambiental.com.ar\\\/info\\\/wp-content\\\/uploads\\\/2025\\\/05\\\/LOGO-PATAGONIA-AMBIENTAL.png\",\"width\":433,\"height\":250,\"caption\":\"Patagonia Ambiental\"},\"image\":{\"@id\":\"https:\\\/\\\/patagoniambiental.com.ar\\\/info\\\/#\\\/schema\\\/logo\\\/image\\\/\"},\"sameAs\":[\"https:\\\/\\\/www.facebook.com\\\/patagonia.ambiental\",\"https:\\\/\\\/x.com\\\/PatAmb\"]},{\"@type\":\"Person\",\"@id\":\"https:\\\/\\\/patagoniambiental.com.ar\\\/info\\\/#\\\/schema\\\/person\\\/db12bff64bbcbf6a253710bf0ea37b5d\",\"name\":\"Patagonia Ambiental\",\"description\":\"Andr\u00e9s Nievas T\u00e9cnico en manejo ambiental, consultor Ambiental y escritor para medios locales e internacionales sobre temas de geopolitica y medio ambiente.\",\"sameAs\":[\"http:\\\/\\\/www.patagoniambiental.com.ar\",\"https:\\\/\\\/www.facebook.com\\\/share\\\/1C1V8Gv9BX\\\/?mibextid=qi2Omg\",\"@patagoniambiental\",\"https:\\\/\\\/youtube.com\\\/@patagoniaambiental2023?si=BLt58t0wuXquxlYZ\"]}]}<\/script>\n<!-- \/ Yoast SEO Premium plugin. -->","yoast_head_json":{"title":"Nueva\u00a0delegaci\u00f3n\u00a0de la Secretar\u00eda de Ambiente en\u00a0Rio Colorado","robots":{"index":"index","follow":"follow","max-snippet":"max-snippet:-1","max-image-preview":"max-image-preview:large","max-video-preview":"max-video-preview:-1"},"canonical":"https:\/\/patagoniambiental.com.ar\/info\/nueva-delegacion-de-la-secretaria-de-ambiente-en-rio-colorado\/","og_locale":"es_ES","og_type":"article","og_title":"Nueva\u00a0delegaci\u00f3n\u00a0de la Secretar\u00eda de Ambiente en\u00a0Rio Colorado","og_description":"R\u00edo Colorado.-Con el objetivo de poder atender las necesidades de una regi\u00f3n m\u00e1s de R\u00edo Negro, la Secretar\u00eda de Ambiente [&hellip;]","og_url":"https:\/\/patagoniambiental.com.ar\/info\/nueva-delegacion-de-la-secretaria-de-ambiente-en-rio-colorado\/","og_site_name":"Patagonia Ambiental","article_publisher":"https:\/\/www.facebook.com\/patagonia.ambiental","article_author":"https:\/\/www.facebook.com\/share\/1C1V8Gv9BX\/?mibextid=qi2Omg","article_published_time":"2019-02-22T22:00:36+00:00","og_image":[{"width":960,"height":720,"url":"https:\/\/patagoniambiental.com.ar\/info\/wp-content\/uploads\/2019\/02\/52482049_2283979541923079_4666072021065531392_n.jpg","type":"image\/jpeg"}],"author":"Patagonia Ambiental","twitter_card":"summary_large_image","twitter_creator":"@PatAmb","twitter_site":"@PatAmb","schema":{"@context":"https:\/\/schema.org","@graph":[{"@type":"Article","@id":"https:\/\/patagoniambiental.com.ar\/info\/nueva-delegacion-de-la-secretaria-de-ambiente-en-rio-colorado\/#article","isPartOf":{"@id":"https:\/\/patagoniambiental.com.ar\/info\/nueva-delegacion-de-la-secretaria-de-ambiente-en-rio-colorado\/"},"author":{"name":"Patagonia Ambiental","@id":"https:\/\/patagoniambiental.com.ar\/info\/#\/schema\/person\/db12bff64bbcbf6a253710bf0ea37b5d"},"headline":"Nueva\u00a0delegaci\u00f3n\u00a0de la Secretar\u00eda de Ambiente en\u00a0Rio Colorado","datePublished":"2019-02-22T22:00:36+00:00","mainEntityOfPage":{"@id":"https:\/\/patagoniambiental.com.ar\/info\/nueva-delegacion-de-la-secretaria-de-ambiente-en-rio-colorado\/"},"wordCount":274,"commentCount":0,"publisher":{"@id":"https:\/\/patagoniambiental.com.ar\/info\/#organization"},"image":{"@id":"https:\/\/patagoniambiental.com.ar\/info\/nueva-delegacion-de-la-secretaria-de-ambiente-en-rio-colorado\/#primaryimage"},"thumbnailUrl":"https:\/\/patagoniambiental.com.ar\/info\/wp-content\/uploads\/2019\/02\/52482049_2283979541923079_4666072021065531392_n.jpg","articleSection":["Noticias","Provinciales","R\u00edo Negro"],"inLanguage":"es","potentialAction":[{"@type":"CommentAction","name":"Comment","target":["https:\/\/patagoniambiental.com.ar\/info\/nueva-delegacion-de-la-secretaria-de-ambiente-en-rio-colorado\/#respond"]}]},{"@type":"WebPage","@id":"https:\/\/patagoniambiental.com.ar\/info\/nueva-delegacion-de-la-secretaria-de-ambiente-en-rio-colorado\/","url":"https:\/\/patagoniambiental.com.ar\/info\/nueva-delegacion-de-la-secretaria-de-ambiente-en-rio-colorado\/","name":"Nueva\u00a0delegaci\u00f3n\u00a0de la Secretar\u00eda de Ambiente en\u00a0Rio Colorado","isPartOf":{"@id":"https:\/\/patagoniambiental.com.ar\/info\/#website"},"primaryImageOfPage":{"@id":"https:\/\/patagoniambiental.com.ar\/info\/nueva-delegacion-de-la-secretaria-de-ambiente-en-rio-colorado\/#primaryimage"},"image":{"@id":"https:\/\/patagoniambiental.com.ar\/info\/nueva-delegacion-de-la-secretaria-de-ambiente-en-rio-colorado\/#primaryimage"},"thumbnailUrl":"https:\/\/patagoniambiental.com.ar\/info\/wp-content\/uploads\/2019\/02\/52482049_2283979541923079_4666072021065531392_n.jpg","datePublished":"2019-02-22T22:00:36+00:00","breadcrumb":{"@id":"https:\/\/patagoniambiental.com.ar\/info\/nueva-delegacion-de-la-secretaria-de-ambiente-en-rio-colorado\/#breadcrumb"},"inLanguage":"es","potentialAction":[{"@type":"ReadAction","target":["https:\/\/patagoniambiental.com.ar\/info\/nueva-delegacion-de-la-secretaria-de-ambiente-en-rio-colorado\/"]}]},{"@type":"ImageObject","inLanguage":"es","@id":"https:\/\/patagoniambiental.com.ar\/info\/nueva-delegacion-de-la-secretaria-de-ambiente-en-rio-colorado\/#primaryimage","url":"https:\/\/patagoniambiental.com.ar\/info\/wp-content\/uploads\/2019\/02\/52482049_2283979541923079_4666072021065531392_n.jpg","contentUrl":"https:\/\/patagoniambiental.com.ar\/info\/wp-content\/uploads\/2019\/02\/52482049_2283979541923079_4666072021065531392_n.jpg","width":800,"height":600},{"@type":"BreadcrumbList","@id":"https:\/\/patagoniambiental.com.ar\/info\/nueva-delegacion-de-la-secretaria-de-ambiente-en-rio-colorado\/#breadcrumb","itemListElement":[{"@type":"ListItem","position":1,"name":"Inicio","item":"https:\/\/patagoniambiental.com.ar\/info\/"},{"@type":"ListItem","position":2,"name":"Nueva\u00a0delegaci\u00f3n\u00a0de la Secretar\u00eda de Ambiente en\u00a0Rio Colorado"}]},{"@type":"WebSite","@id":"https:\/\/patagoniambiental.com.ar\/info\/#website","url":"https:\/\/patagoniambiental.com.ar\/info\/","name":"Patagonia Ambiental","description":"Monitoreo y an\u00e1lisis de la situaci\u00f3n geopol\u00edtica en el mundo y su implicancia en la Patagonia","publisher":{"@id":"https:\/\/patagoniambiental.com.ar\/info\/#organization"},"potentialAction":[{"@type":"SearchAction","target":{"@type":"EntryPoint","urlTemplate":"https:\/\/patagoniambiental.com.ar\/info\/?s={search_term_string}"},"query-input":{"@type":"PropertyValueSpecification","valueRequired":true,"valueName":"search_term_string"}}],"inLanguage":"es"},{"@type":"Organization","@id":"https:\/\/patagoniambiental.com.ar\/info\/#organization","name":"Patagonia Ambiental","url":"https:\/\/patagoniambiental.com.ar\/info\/","logo":{"@type":"ImageObject","inLanguage":"es","@id":"https:\/\/patagoniambiental.com.ar\/info\/#\/schema\/logo\/image\/","url":"https:\/\/patagoniambiental.com.ar\/info\/wp-content\/uploads\/2025\/05\/LOGO-PATAGONIA-AMBIENTAL.png","contentUrl":"https:\/\/patagoniambiental.com.ar\/info\/wp-content\/uploads\/2025\/05\/LOGO-PATAGONIA-AMBIENTAL.png","width":433,"height":250,"caption":"Patagonia Ambiental"},"image":{"@id":"https:\/\/patagoniambiental.com.ar\/info\/#\/schema\/logo\/image\/"},"sameAs":["https:\/\/www.facebook.com\/patagonia.ambiental","https:\/\/x.com\/PatAmb"]},{"@type":"Person","@id":"https:\/\/patagoniambiental.com.ar\/info\/#\/schema\/person\/db12bff64bbcbf6a253710bf0ea37b5d","name":"Patagonia Ambiental","description":"Andr\u00e9s Nievas T\u00e9cnico en manejo ambiental, consultor Ambiental y escritor para medios locales e internacionales sobre temas de geopolitica y medio ambiente.","sameAs":["http:\/\/www.patagoniambiental.com.ar","https:\/\/www.facebook.com\/share\/1C1V8Gv9BX\/?mibextid=qi2Omg","@patagoniambiental","https:\/\/youtube.com\/@patagoniaambiental2023?si=BLt58t0wuXquxlYZ"]}]}},"_links":{"self":[{"href":"https:\/\/patagoniambiental.com.ar\/info\/wp-json\/wp\/v2\/posts\/59175","targetHints":{"allow":["GET"]}}],"collection":[{"href":"https:\/\/patagoniambiental.com.ar\/info\/wp-json\/wp\/v2\/posts"}],"about":[{"href":"https:\/\/patagoniambiental.com.ar\/info\/wp-json\/wp\/v2\/types\/post"}],"author":[{"embeddable":true,"href":"https:\/\/patagoniambiental.com.ar\/info\/wp-json\/wp\/v2\/users\/2"}],"replies":[{"embeddable":true,"href":"https:\/\/patagoniambiental.com.ar\/info\/wp-json\/wp\/v2\/comments?post=59175"}],"version-history":[{"count":0,"href":"https:\/\/patagoniambiental.com.ar\/info\/wp-json\/wp\/v2\/posts\/59175\/revisions"}],"wp:featuredmedia":[{"embeddable":true,"href":"https:\/\/patagoniambiental.com.ar\/info\/wp-json\/wp\/v2\/media\/59176"}],"wp:attachment":[{"href":"https:\/\/patagoniambiental.com.ar\/info\/wp-json\/wp\/v2\/media?parent=59175"}],"wp:term":[{"taxonomy":"category","embeddable":true,"href":"https:\/\/patagoniambiental.com.ar\/info\/wp-json\/wp\/v2\/categories?post=59175"},{"taxonomy":"post_tag","embeddable":true,"href":"https:\/\/patagoniambiental.com.ar\/info\/wp-json\/wp\/v2\/tags?post=59175"}],"curies":[{"name":"wp","href":"https:\/\/api.w.org\/{rel}","templated":true}]}}