{"id":59193,"date":"2019-02-25T19:00:36","date_gmt":"2019-02-25T22:00:36","guid":{"rendered":"http:\/\/patagoniambiental.com.ar\/info\/?p=59193"},"modified":"2019-02-25T10:21:54","modified_gmt":"2019-02-25T13:21:54","slug":"horne-pide-informes-a-la-fiscalia-de-estado-por-lago-escondido","status":"publish","type":"post","link":"https:\/\/patagoniambiental.com.ar\/info\/horne-pide-informes-a-la-fiscalia-de-estado-por-lago-escondido\/","title":{"rendered":"Horne pide informes a la Fiscal\u00eda de Estado por Lago Escondido"},"content":{"rendered":"<div dir=\"ltr\">\n<p class=\"x_MsoNormal\">La diputada Silvia Horne present\u00f3 un proyecto de resoluci\u00f3n en la C\u00e1mara de Diputados de la Naci\u00f3n en el que solicita informaci\u00f3n a la Fiscal\u00eda de Estado de R\u00edo Negro sobre \u201c<span lang=\"ES\">si ha comprobado el cumplimiento de la sentencia del Superior Tribunal de Justicia de la provincia de R\u00edo Negro, en resguardo del patrimonio del Estado, permitiendo el acceso libre al Lago Escondido\u201d.<\/span><\/p>\n<p><!--more--><\/p>\n<p class=\"x_MsoNormal\"><span lang=\"ES\">Tambi\u00e9n requiere al Procurador general de la provincia que informe \u201csi ante los hechos de p\u00fablico conocimiento de violencia f\u00edsica hacia la ciudadan\u00eda que intento acceder al lago escondido por los accesos p\u00fablicos, ha iniciado alguna medida tendiente a tomar conocimiento o ha intervenido en los inicios de las denuncias formalizadas\u201d.<\/span><\/p>\n<p class=\"x_MsoNormal\"><span lang=\"ES\">La diputada rionegrina del interbloque Red por Argentina, en los fundamentos del proyecto, se\u00f1ala que \u201cel lago Escondido es un para\u00edso natural ubicado en la zona cordillerana de la provincia de R\u00edo Negro, cerca del paraje El Foyel, a unos 110 kil\u00f3metros de Bariloche\u201d y que \u201ceste espejo de agua actualmente se encuentra rodeado por la estancia Hidden Lake, de 12 mil hect\u00e1reas, cercana a la ruta 40 y a unos 30 kil\u00f3metros de El Bols\u00f3n. Los propietarios (Lewis) compraron este campo a la familia Montero, a 287 pesos la hect\u00e1rea en el a\u00f1o 1996. El Lago Escondido es patrimonio de la provincia de R\u00edo Negro, y la escritura de la estancia establece claramente que no forma parte de la propiedad.\u00a0 Pero, en la pr\u00e1ctica, resulta inaccesible y funciona como si fuese privado\u201d.<\/span><\/p>\n<p class=\"x_MsoNormal\">Esta situaci\u00f3n ha motivado denuncias y reclamos en distintos \u00e1mbitos, tanto de vecinos como de distintos dirigentes, entre los que se destacan la propia Horne, la diputada nacional Mar\u00eda Emilia Soria y la senadora Magdalena Odarda. Precisamente este s\u00e1bado, desde las 10.30, est\u00e1 convocada una caminata hacia Lago Escondido, \u201cen defensa de la soberan\u00eda\u201d y \u201cpor una provincia sin privilegios\u201d, que ser\u00e1 encabezada por el candidato a gobernador por el Frente para la Victoria, su compa\u00f1era de f\u00f3rmula Magdalena Odarda, las diputadas Mar\u00eda Emilia Soria y Silvia Horne, vecinos, dirigentes y ciudadanos rionegrinos que adhieren a este reclamo.<\/p>\n<p class=\"x_MsoNormal\">La diputada Horne record\u00f3 que \u201c<span lang=\"ES\">existen dos accesos al lago, uno de ellos se encuentra a la costa occidental, se trata de un sendero monta\u00f1oso no apto para veh\u00edculos de dif\u00edcil acceso para la mayor\u00eda de la poblaci\u00f3n, de 34 km. Comienza en Chacra Warton, \u00faltimo sitio donde llegan los veh\u00edculos ubicado a 14 km del centro de El Bols\u00f3n, son 24 km hasta Los Laguitos, el \u00faltimo de los refugios. El tiempo que se tarda en realizar este trayecto, teniendo en cuenta las horas de descanso y\u00a0 que el camino solo puede hacerse a pie o a caballo, es de dos d\u00edas. De Los Laguitos al Lago Escondido hay 10 km m\u00e1s. El otro camino, es privado, se ubica a la costa oriental,\u00a0 de 18 km de ripio, en el km 1948 de la ruta nacional N\u00ba 40, a 33 km del centro de El Bols\u00f3n\u201d.<\/span><\/p>\n<p class=\"x_MsoNormal\"><span lang=\"ES\">\u201cDebido a que el sendero monta\u00f1oso, es un trayecto m\u00e1s largo y dif\u00edcil por los obst\u00e1culos propios del tipo de terreno, los ciudadanos se encuentran imposibilitados de llegar al lago. No pueden utilizar el camino privado, m\u00e1s corto y transitable, salvo si media una invitaci\u00f3n del Establecimiento Hidden Lake SA a esos efectos. Cercenado el derecho de las personas que pretenden pasar un d\u00eda a orillas de ese espejo de agua.\u00a0 Cuando se cerr\u00f3 su camino de acceso, pobladores de El Bols\u00f3n y de El Foyel, hicieron protestas p\u00fablicas, denuncias en defensa de los derechos de las costas libres, y contra la concentraci\u00f3n y extranjerizaci\u00f3n de la tierra\u201d, expres\u00f3 en su argumentaci\u00f3n.<\/span><\/p>\n<p class=\"x_MsoNormal\"><span lang=\"ES\">Tambi\u00e9n record\u00f3 que \u201cen el a\u00f1o 2005 se llev\u00f3 a cabo la presentaci\u00f3n de un recurso de amparo ante la Justicia rionegrina, \u201cODARDA MAR\u00cdA MAGDALENA Y OTROS C\/ VIAL RIONEGRINA S.E. Y OTROS S\/ MANDAMUS\u201d, expediente N\u00b0 20193\/05, con el fin de que se garantizara el libre acceso al Lago Escondido. Finalmente, y luego de las audiencias en las que los presentantes insistieron en la conformaci\u00f3n de un acceso p\u00fablico hacia el lago, el Superior Tribunal de Justicia en \u201cINCIDENTE DE EJECUCI\u00d3N DE SENTENCIA EN AUTOS: \u201cODARDA MAR\u00cdA MAGDALENA Y OTROS C\/VIAL RIONEGRINA SOCIEDAD DEL ESTADO Y OTROS S\/MANDAMUS\u201d, expediente N\u00ba 21690\/2006, con fecha 30 de julio del 2009 dict\u00f3 una resoluci\u00f3n en la que reconoci\u00f3 la demanda de los amparistas en donde plantearon, adem\u00e1s de la servidumbre ofrecida por la empresa y convenida con las autoridades provinciales, el acceso al Lago Escondido por el camino m\u00e1s corto y accesible que comienza en el Paraje Tacuif\u00ed,. Los jueces resolvieron en el fallo, fijar un plazo de ciento veinte (120) d\u00edas para que se cumpla con la se\u00f1alizaci\u00f3n y medidas de seguridad\u201d.\u00a0<\/span><\/p>\n<p class=\"x_MsoNormal\"><span lang=\"ES\">Destac\u00f3 que \u201cen el fallo es de trascendente importancia el voto del Vocal Dr. Hugo Sodero Nievas. En su voto, el Juez destac\u00f3 el car\u00e1cter de dominio p\u00fablico del Lago Escondido y\u00a0 su camino de acceso, textualmente dijo: \u201cEn la presente causa estamos resolviendo una cuesti\u00f3n que tiene su singularidad, atento a que estamos en presencia de bienes del dominio p\u00fablico, ya que tanto el Lago Escondido, como el camino de acceso al mismo entran en la categor\u00eda de bienes p\u00fablicos\u2026\u201d m\u00e1s adelante agreg\u00f3 \u201cVisto desde el \u00e1ngulo del Derecho Administrativo, reunimos en el presente caso todos los requisitos\u2026para la categorizaci\u00f3n de bienes del dominio p\u00fablico: El elemento subjetivo, se refiere a la titularidad del dominio\u2026 que corresponde al Estado provincial. El elemento objetivo, ser\u00eda\u2026 el objeto de dominio, o sea el Lago Escondido y el camino de acceso al mismo. La utilidad com\u00fan o uso de inter\u00e9s com\u00fan que marca la finalidad est\u00e1 claramente manifestada, en cuanto al derecho de recreaci\u00f3n y turismo\u201d.<\/span><\/p>\n<p class=\"x_MsoNormal\"><span lang=\"ES\">Concluy\u00f3 que \u201cel fallo del Superior Tribunal de Justicia de la Provincia de Rio Negro, busc\u00f3 garantizar el libre acceso al Lago Escondido. Pero en los hechos el mismo se incumpli\u00f3, en la actualidad el Gobierno Provincial y la empresa Hidden Lake S.A contin\u00faan dilatando su cumplimiento e impidiendo a los ciudadanos de todo el pa\u00eds el derecho de poder acceder a uno de los lagos m\u00e1s bellos e imponentes de la Patagonia Argentina\u201d.<\/span><\/p>\n<p>Fuente: Servicios Integrales de Comunicaci\u00f3n<\/p>\n<\/div>\n<p>&nbsp;<\/p>\n","protected":false},"excerpt":{"rendered":"<p>La diputada Silvia Horne present\u00f3 un proyecto de resoluci\u00f3n en la C\u00e1mara de Diputados de la Naci\u00f3n en el que [&hellip;]<\/p>\n","protected":false},"author":2,"featured_media":59194,"comment_status":"open","ping_status":"open","sticky":false,"template":"","format":"standard","meta":{"site-sidebar-layout":"default","site-content-layout":"","ast-site-content-layout":"default","site-content-style":"default","site-sidebar-style":"default","ast-global-header-display":"","ast-banner-title-visibility":"","ast-main-header-display":"","ast-hfb-above-header-display":"","ast-hfb-below-header-display":"","ast-hfb-mobile-header-display":"","site-post-title":"","ast-breadcrumbs-content":"","ast-featured-img":"","footer-sml-layout":"","ast-disable-related-posts":"","theme-transparent-header-meta":"","adv-header-id-meta":"","stick-header-meta":"","header-above-stick-meta":"","header-main-stick-meta":"","header-below-stick-meta":"","astra-migrate-meta-layouts":"default","ast-page-background-enabled":"default","ast-page-background-meta":{"desktop":{"background-color":"var(--ast-global-color-5)","background-image":"","background-repeat":"repeat","background-position":"center center","background-size":"auto","background-attachment":"scroll","background-type":"","background-media":"","overlay-type":"","overlay-color":"","overlay-opacity":"","overlay-gradient":""},"tablet":{"background-color":"","background-image":"","background-repeat":"repeat","background-position":"center center","background-size":"auto","background-attachment":"scroll","background-type":"","background-media":"","overlay-type":"","overlay-color":"","overlay-opacity":"","overlay-gradient":""},"mobile":{"background-color":"","background-image":"","background-repeat":"repeat","background-position":"center center","background-size":"auto","background-attachment":"scroll","background-type":"","background-media":"","overlay-type":"","overlay-color":"","overlay-opacity":"","overlay-gradient":""}},"ast-content-background-meta":{"desktop":{"background-color":"var(--ast-global-color-4)","background-image":"","background-repeat":"repeat","background-position":"center center","background-size":"auto","background-attachment":"scroll","background-type":"","background-media":"","overlay-type":"","overlay-color":"","overlay-opacity":"","overlay-gradient":""},"tablet":{"background-color":"var(--ast-global-color-4)","background-image":"","background-repeat":"repeat","background-position":"center center","background-size":"auto","background-attachment":"scroll","background-type":"","background-media":"","overlay-type":"","overlay-color":"","overlay-opacity":"","overlay-gradient":""},"mobile":{"background-color":"var(--ast-global-color-4)","background-image":"","background-repeat":"repeat","background-position":"center center","background-size":"auto","background-attachment":"scroll","background-type":"","background-media":"","overlay-type":"","overlay-color":"","overlay-opacity":"","overlay-gradient":""}},"footnotes":""},"categories":[1,13,14],"tags":[],"class_list":["post-59193","post","type-post","status-publish","format-standard","has-post-thumbnail","hentry","category-noticias","category-provinciales","category-rio-negro"],"yoast_head":"<!-- This site is optimized with the Yoast SEO Premium plugin v23.0 (Yoast SEO v27.4) - https:\/\/yoast.com\/product\/yoast-seo-premium-wordpress\/ -->\n<title>Horne pide informes a la Fiscal\u00eda de Estado por Lago Escondido<\/title>\n<meta name=\"robots\" content=\"index, follow, max-snippet:-1, max-image-preview:large, max-video-preview:-1\" \/>\n<link rel=\"canonical\" href=\"https:\/\/patagoniambiental.com.ar\/info\/horne-pide-informes-a-la-fiscalia-de-estado-por-lago-escondido\/\" \/>\n<meta property=\"og:locale\" content=\"es_ES\" \/>\n<meta property=\"og:type\" content=\"article\" \/>\n<meta property=\"og:title\" content=\"Horne pide informes a la Fiscal\u00eda de Estado por Lago Escondido\" \/>\n<meta property=\"og:description\" content=\"La diputada Silvia Horne present\u00f3 un proyecto de resoluci\u00f3n en la C\u00e1mara de Diputados de la Naci\u00f3n en el que [&hellip;]\" \/>\n<meta property=\"og:url\" content=\"https:\/\/patagoniambiental.com.ar\/info\/horne-pide-informes-a-la-fiscalia-de-estado-por-lago-escondido\/\" \/>\n<meta property=\"og:site_name\" content=\"Patagonia Ambiental\" \/>\n<meta property=\"article:publisher\" content=\"https:\/\/www.facebook.com\/patagonia.ambiental\" \/>\n<meta property=\"article:author\" content=\"https:\/\/www.facebook.com\/share\/1C1V8Gv9BX\/?mibextid=qi2Omg\" \/>\n<meta property=\"article:published_time\" content=\"2019-02-25T22:00:36+00:00\" \/>\n<meta property=\"og:image\" content=\"https:\/\/patagoniambiental.com.ar\/info\/wp-content\/uploads\/2019\/02\/thumbnail_Silvia-Horne.jpg\" \/>\n\t<meta property=\"og:image:width\" content=\"512\" \/>\n\t<meta property=\"og:image:height\" content=\"745\" \/>\n\t<meta property=\"og:image:type\" content=\"image\/jpeg\" \/>\n<meta name=\"author\" content=\"Patagonia Ambiental\" \/>\n<meta name=\"twitter:card\" content=\"summary_large_image\" \/>\n<meta name=\"twitter:creator\" content=\"@PatAmb\" \/>\n<meta name=\"twitter:site\" content=\"@PatAmb\" \/>\n<script type=\"application\/ld+json\" class=\"yoast-schema-graph\">{\"@context\":\"https:\\\/\\\/schema.org\",\"@graph\":[{\"@type\":\"Article\",\"@id\":\"https:\\\/\\\/patagoniambiental.com.ar\\\/info\\\/horne-pide-informes-a-la-fiscalia-de-estado-por-lago-escondido\\\/#article\",\"isPartOf\":{\"@id\":\"https:\\\/\\\/patagoniambiental.com.ar\\\/info\\\/horne-pide-informes-a-la-fiscalia-de-estado-por-lago-escondido\\\/\"},\"author\":{\"name\":\"Patagonia Ambiental\",\"@id\":\"https:\\\/\\\/patagoniambiental.com.ar\\\/info\\\/#\\\/schema\\\/person\\\/db12bff64bbcbf6a253710bf0ea37b5d\"},\"headline\":\"Horne pide informes a la Fiscal\u00eda de Estado por Lago Escondido\",\"datePublished\":\"2019-02-25T22:00:36+00:00\",\"mainEntityOfPage\":{\"@id\":\"https:\\\/\\\/patagoniambiental.com.ar\\\/info\\\/horne-pide-informes-a-la-fiscalia-de-estado-por-lago-escondido\\\/\"},\"wordCount\":1109,\"commentCount\":0,\"publisher\":{\"@id\":\"https:\\\/\\\/patagoniambiental.com.ar\\\/info\\\/#organization\"},\"image\":{\"@id\":\"https:\\\/\\\/patagoniambiental.com.ar\\\/info\\\/horne-pide-informes-a-la-fiscalia-de-estado-por-lago-escondido\\\/#primaryimage\"},\"thumbnailUrl\":\"https:\\\/\\\/patagoniambiental.com.ar\\\/info\\\/wp-content\\\/uploads\\\/2019\\\/02\\\/thumbnail_Silvia-Horne.jpg\",\"articleSection\":[\"Noticias\",\"Provinciales\",\"R\u00edo Negro\"],\"inLanguage\":\"es\",\"potentialAction\":[{\"@type\":\"CommentAction\",\"name\":\"Comment\",\"target\":[\"https:\\\/\\\/patagoniambiental.com.ar\\\/info\\\/horne-pide-informes-a-la-fiscalia-de-estado-por-lago-escondido\\\/#respond\"]}]},{\"@type\":\"WebPage\",\"@id\":\"https:\\\/\\\/patagoniambiental.com.ar\\\/info\\\/horne-pide-informes-a-la-fiscalia-de-estado-por-lago-escondido\\\/\",\"url\":\"https:\\\/\\\/patagoniambiental.com.ar\\\/info\\\/horne-pide-informes-a-la-fiscalia-de-estado-por-lago-escondido\\\/\",\"name\":\"Horne pide informes a la Fiscal\u00eda de Estado por Lago Escondido\",\"isPartOf\":{\"@id\":\"https:\\\/\\\/patagoniambiental.com.ar\\\/info\\\/#website\"},\"primaryImageOfPage\":{\"@id\":\"https:\\\/\\\/patagoniambiental.com.ar\\\/info\\\/horne-pide-informes-a-la-fiscalia-de-estado-por-lago-escondido\\\/#primaryimage\"},\"image\":{\"@id\":\"https:\\\/\\\/patagoniambiental.com.ar\\\/info\\\/horne-pide-informes-a-la-fiscalia-de-estado-por-lago-escondido\\\/#primaryimage\"},\"thumbnailUrl\":\"https:\\\/\\\/patagoniambiental.com.ar\\\/info\\\/wp-content\\\/uploads\\\/2019\\\/02\\\/thumbnail_Silvia-Horne.jpg\",\"datePublished\":\"2019-02-25T22:00:36+00:00\",\"breadcrumb\":{\"@id\":\"https:\\\/\\\/patagoniambiental.com.ar\\\/info\\\/horne-pide-informes-a-la-fiscalia-de-estado-por-lago-escondido\\\/#breadcrumb\"},\"inLanguage\":\"es\",\"potentialAction\":[{\"@type\":\"ReadAction\",\"target\":[\"https:\\\/\\\/patagoniambiental.com.ar\\\/info\\\/horne-pide-informes-a-la-fiscalia-de-estado-por-lago-escondido\\\/\"]}]},{\"@type\":\"ImageObject\",\"inLanguage\":\"es\",\"@id\":\"https:\\\/\\\/patagoniambiental.com.ar\\\/info\\\/horne-pide-informes-a-la-fiscalia-de-estado-por-lago-escondido\\\/#primaryimage\",\"url\":\"https:\\\/\\\/patagoniambiental.com.ar\\\/info\\\/wp-content\\\/uploads\\\/2019\\\/02\\\/thumbnail_Silvia-Horne.jpg\",\"contentUrl\":\"https:\\\/\\\/patagoniambiental.com.ar\\\/info\\\/wp-content\\\/uploads\\\/2019\\\/02\\\/thumbnail_Silvia-Horne.jpg\",\"width\":412,\"height\":600},{\"@type\":\"BreadcrumbList\",\"@id\":\"https:\\\/\\\/patagoniambiental.com.ar\\\/info\\\/horne-pide-informes-a-la-fiscalia-de-estado-por-lago-escondido\\\/#breadcrumb\",\"itemListElement\":[{\"@type\":\"ListItem\",\"position\":1,\"name\":\"Inicio\",\"item\":\"https:\\\/\\\/patagoniambiental.com.ar\\\/info\\\/\"},{\"@type\":\"ListItem\",\"position\":2,\"name\":\"Horne pide informes a la Fiscal\u00eda de Estado por Lago Escondido\"}]},{\"@type\":\"WebSite\",\"@id\":\"https:\\\/\\\/patagoniambiental.com.ar\\\/info\\\/#website\",\"url\":\"https:\\\/\\\/patagoniambiental.com.ar\\\/info\\\/\",\"name\":\"Patagonia Ambiental\",\"description\":\"Monitoreo y an\u00e1lisis de la situaci\u00f3n geopol\u00edtica en el mundo y su implicancia en la Patagonia\",\"publisher\":{\"@id\":\"https:\\\/\\\/patagoniambiental.com.ar\\\/info\\\/#organization\"},\"potentialAction\":[{\"@type\":\"SearchAction\",\"target\":{\"@type\":\"EntryPoint\",\"urlTemplate\":\"https:\\\/\\\/patagoniambiental.com.ar\\\/info\\\/?s={search_term_string}\"},\"query-input\":{\"@type\":\"PropertyValueSpecification\",\"valueRequired\":true,\"valueName\":\"search_term_string\"}}],\"inLanguage\":\"es\"},{\"@type\":\"Organization\",\"@id\":\"https:\\\/\\\/patagoniambiental.com.ar\\\/info\\\/#organization\",\"name\":\"Patagonia Ambiental\",\"url\":\"https:\\\/\\\/patagoniambiental.com.ar\\\/info\\\/\",\"logo\":{\"@type\":\"ImageObject\",\"inLanguage\":\"es\",\"@id\":\"https:\\\/\\\/patagoniambiental.com.ar\\\/info\\\/#\\\/schema\\\/logo\\\/image\\\/\",\"url\":\"https:\\\/\\\/patagoniambiental.com.ar\\\/info\\\/wp-content\\\/uploads\\\/2025\\\/05\\\/LOGO-PATAGONIA-AMBIENTAL.png\",\"contentUrl\":\"https:\\\/\\\/patagoniambiental.com.ar\\\/info\\\/wp-content\\\/uploads\\\/2025\\\/05\\\/LOGO-PATAGONIA-AMBIENTAL.png\",\"width\":433,\"height\":250,\"caption\":\"Patagonia Ambiental\"},\"image\":{\"@id\":\"https:\\\/\\\/patagoniambiental.com.ar\\\/info\\\/#\\\/schema\\\/logo\\\/image\\\/\"},\"sameAs\":[\"https:\\\/\\\/www.facebook.com\\\/patagonia.ambiental\",\"https:\\\/\\\/x.com\\\/PatAmb\"]},{\"@type\":\"Person\",\"@id\":\"https:\\\/\\\/patagoniambiental.com.ar\\\/info\\\/#\\\/schema\\\/person\\\/db12bff64bbcbf6a253710bf0ea37b5d\",\"name\":\"Patagonia Ambiental\",\"description\":\"Andr\u00e9s Nievas T\u00e9cnico en manejo ambiental, consultor Ambiental y escritor para medios locales e internacionales sobre temas de geopolitica y medio ambiente.\",\"sameAs\":[\"http:\\\/\\\/www.patagoniambiental.com.ar\",\"https:\\\/\\\/www.facebook.com\\\/share\\\/1C1V8Gv9BX\\\/?mibextid=qi2Omg\",\"@patagoniambiental\",\"https:\\\/\\\/youtube.com\\\/@patagoniaambiental2023?si=BLt58t0wuXquxlYZ\"]}]}<\/script>\n<!-- \/ Yoast SEO Premium plugin. -->","yoast_head_json":{"title":"Horne pide informes a la Fiscal\u00eda de Estado por Lago Escondido","robots":{"index":"index","follow":"follow","max-snippet":"max-snippet:-1","max-image-preview":"max-image-preview:large","max-video-preview":"max-video-preview:-1"},"canonical":"https:\/\/patagoniambiental.com.ar\/info\/horne-pide-informes-a-la-fiscalia-de-estado-por-lago-escondido\/","og_locale":"es_ES","og_type":"article","og_title":"Horne pide informes a la Fiscal\u00eda de Estado por Lago Escondido","og_description":"La diputada Silvia Horne present\u00f3 un proyecto de resoluci\u00f3n en la C\u00e1mara de Diputados de la Naci\u00f3n en el que [&hellip;]","og_url":"https:\/\/patagoniambiental.com.ar\/info\/horne-pide-informes-a-la-fiscalia-de-estado-por-lago-escondido\/","og_site_name":"Patagonia Ambiental","article_publisher":"https:\/\/www.facebook.com\/patagonia.ambiental","article_author":"https:\/\/www.facebook.com\/share\/1C1V8Gv9BX\/?mibextid=qi2Omg","article_published_time":"2019-02-25T22:00:36+00:00","og_image":[{"width":512,"height":745,"url":"https:\/\/patagoniambiental.com.ar\/info\/wp-content\/uploads\/2019\/02\/thumbnail_Silvia-Horne.jpg","type":"image\/jpeg"}],"author":"Patagonia Ambiental","twitter_card":"summary_large_image","twitter_creator":"@PatAmb","twitter_site":"@PatAmb","schema":{"@context":"https:\/\/schema.org","@graph":[{"@type":"Article","@id":"https:\/\/patagoniambiental.com.ar\/info\/horne-pide-informes-a-la-fiscalia-de-estado-por-lago-escondido\/#article","isPartOf":{"@id":"https:\/\/patagoniambiental.com.ar\/info\/horne-pide-informes-a-la-fiscalia-de-estado-por-lago-escondido\/"},"author":{"name":"Patagonia Ambiental","@id":"https:\/\/patagoniambiental.com.ar\/info\/#\/schema\/person\/db12bff64bbcbf6a253710bf0ea37b5d"},"headline":"Horne pide informes a la Fiscal\u00eda de Estado por Lago Escondido","datePublished":"2019-02-25T22:00:36+00:00","mainEntityOfPage":{"@id":"https:\/\/patagoniambiental.com.ar\/info\/horne-pide-informes-a-la-fiscalia-de-estado-por-lago-escondido\/"},"wordCount":1109,"commentCount":0,"publisher":{"@id":"https:\/\/patagoniambiental.com.ar\/info\/#organization"},"image":{"@id":"https:\/\/patagoniambiental.com.ar\/info\/horne-pide-informes-a-la-fiscalia-de-estado-por-lago-escondido\/#primaryimage"},"thumbnailUrl":"https:\/\/patagoniambiental.com.ar\/info\/wp-content\/uploads\/2019\/02\/thumbnail_Silvia-Horne.jpg","articleSection":["Noticias","Provinciales","R\u00edo Negro"],"inLanguage":"es","potentialAction":[{"@type":"CommentAction","name":"Comment","target":["https:\/\/patagoniambiental.com.ar\/info\/horne-pide-informes-a-la-fiscalia-de-estado-por-lago-escondido\/#respond"]}]},{"@type":"WebPage","@id":"https:\/\/patagoniambiental.com.ar\/info\/horne-pide-informes-a-la-fiscalia-de-estado-por-lago-escondido\/","url":"https:\/\/patagoniambiental.com.ar\/info\/horne-pide-informes-a-la-fiscalia-de-estado-por-lago-escondido\/","name":"Horne pide informes a la Fiscal\u00eda de Estado por Lago Escondido","isPartOf":{"@id":"https:\/\/patagoniambiental.com.ar\/info\/#website"},"primaryImageOfPage":{"@id":"https:\/\/patagoniambiental.com.ar\/info\/horne-pide-informes-a-la-fiscalia-de-estado-por-lago-escondido\/#primaryimage"},"image":{"@id":"https:\/\/patagoniambiental.com.ar\/info\/horne-pide-informes-a-la-fiscalia-de-estado-por-lago-escondido\/#primaryimage"},"thumbnailUrl":"https:\/\/patagoniambiental.com.ar\/info\/wp-content\/uploads\/2019\/02\/thumbnail_Silvia-Horne.jpg","datePublished":"2019-02-25T22:00:36+00:00","breadcrumb":{"@id":"https:\/\/patagoniambiental.com.ar\/info\/horne-pide-informes-a-la-fiscalia-de-estado-por-lago-escondido\/#breadcrumb"},"inLanguage":"es","potentialAction":[{"@type":"ReadAction","target":["https:\/\/patagoniambiental.com.ar\/info\/horne-pide-informes-a-la-fiscalia-de-estado-por-lago-escondido\/"]}]},{"@type":"ImageObject","inLanguage":"es","@id":"https:\/\/patagoniambiental.com.ar\/info\/horne-pide-informes-a-la-fiscalia-de-estado-por-lago-escondido\/#primaryimage","url":"https:\/\/patagoniambiental.com.ar\/info\/wp-content\/uploads\/2019\/02\/thumbnail_Silvia-Horne.jpg","contentUrl":"https:\/\/patagoniambiental.com.ar\/info\/wp-content\/uploads\/2019\/02\/thumbnail_Silvia-Horne.jpg","width":412,"height":600},{"@type":"BreadcrumbList","@id":"https:\/\/patagoniambiental.com.ar\/info\/horne-pide-informes-a-la-fiscalia-de-estado-por-lago-escondido\/#breadcrumb","itemListElement":[{"@type":"ListItem","position":1,"name":"Inicio","item":"https:\/\/patagoniambiental.com.ar\/info\/"},{"@type":"ListItem","position":2,"name":"Horne pide informes a la Fiscal\u00eda de Estado por Lago Escondido"}]},{"@type":"WebSite","@id":"https:\/\/patagoniambiental.com.ar\/info\/#website","url":"https:\/\/patagoniambiental.com.ar\/info\/","name":"Patagonia Ambiental","description":"Monitoreo y an\u00e1lisis de la situaci\u00f3n geopol\u00edtica en el mundo y su implicancia en la Patagonia","publisher":{"@id":"https:\/\/patagoniambiental.com.ar\/info\/#organization"},"potentialAction":[{"@type":"SearchAction","target":{"@type":"EntryPoint","urlTemplate":"https:\/\/patagoniambiental.com.ar\/info\/?s={search_term_string}"},"query-input":{"@type":"PropertyValueSpecification","valueRequired":true,"valueName":"search_term_string"}}],"inLanguage":"es"},{"@type":"Organization","@id":"https:\/\/patagoniambiental.com.ar\/info\/#organization","name":"Patagonia Ambiental","url":"https:\/\/patagoniambiental.com.ar\/info\/","logo":{"@type":"ImageObject","inLanguage":"es","@id":"https:\/\/patagoniambiental.com.ar\/info\/#\/schema\/logo\/image\/","url":"https:\/\/patagoniambiental.com.ar\/info\/wp-content\/uploads\/2025\/05\/LOGO-PATAGONIA-AMBIENTAL.png","contentUrl":"https:\/\/patagoniambiental.com.ar\/info\/wp-content\/uploads\/2025\/05\/LOGO-PATAGONIA-AMBIENTAL.png","width":433,"height":250,"caption":"Patagonia Ambiental"},"image":{"@id":"https:\/\/patagoniambiental.com.ar\/info\/#\/schema\/logo\/image\/"},"sameAs":["https:\/\/www.facebook.com\/patagonia.ambiental","https:\/\/x.com\/PatAmb"]},{"@type":"Person","@id":"https:\/\/patagoniambiental.com.ar\/info\/#\/schema\/person\/db12bff64bbcbf6a253710bf0ea37b5d","name":"Patagonia Ambiental","description":"Andr\u00e9s Nievas T\u00e9cnico en manejo ambiental, consultor Ambiental y escritor para medios locales e internacionales sobre temas de geopolitica y medio ambiente.","sameAs":["http:\/\/www.patagoniambiental.com.ar","https:\/\/www.facebook.com\/share\/1C1V8Gv9BX\/?mibextid=qi2Omg","@patagoniambiental","https:\/\/youtube.com\/@patagoniaambiental2023?si=BLt58t0wuXquxlYZ"]}]}},"_links":{"self":[{"href":"https:\/\/patagoniambiental.com.ar\/info\/wp-json\/wp\/v2\/posts\/59193","targetHints":{"allow":["GET"]}}],"collection":[{"href":"https:\/\/patagoniambiental.com.ar\/info\/wp-json\/wp\/v2\/posts"}],"about":[{"href":"https:\/\/patagoniambiental.com.ar\/info\/wp-json\/wp\/v2\/types\/post"}],"author":[{"embeddable":true,"href":"https:\/\/patagoniambiental.com.ar\/info\/wp-json\/wp\/v2\/users\/2"}],"replies":[{"embeddable":true,"href":"https:\/\/patagoniambiental.com.ar\/info\/wp-json\/wp\/v2\/comments?post=59193"}],"version-history":[{"count":0,"href":"https:\/\/patagoniambiental.com.ar\/info\/wp-json\/wp\/v2\/posts\/59193\/revisions"}],"wp:featuredmedia":[{"embeddable":true,"href":"https:\/\/patagoniambiental.com.ar\/info\/wp-json\/wp\/v2\/media\/59194"}],"wp:attachment":[{"href":"https:\/\/patagoniambiental.com.ar\/info\/wp-json\/wp\/v2\/media?parent=59193"}],"wp:term":[{"taxonomy":"category","embeddable":true,"href":"https:\/\/patagoniambiental.com.ar\/info\/wp-json\/wp\/v2\/categories?post=59193"},{"taxonomy":"post_tag","embeddable":true,"href":"https:\/\/patagoniambiental.com.ar\/info\/wp-json\/wp\/v2\/tags?post=59193"}],"curies":[{"name":"wp","href":"https:\/\/api.w.org\/{rel}","templated":true}]}}