{"id":59213,"date":"2019-02-26T09:00:53","date_gmt":"2019-02-26T12:00:53","guid":{"rendered":"http:\/\/patagoniambiental.com.ar\/info\/?p=59213"},"modified":"2019-02-25T13:45:32","modified_gmt":"2019-02-25T16:45:32","slug":"represas-dejaran-a-santa-cruz-regalias-por-unos-90-millones-de-dolares-al-ano","status":"publish","type":"post","link":"https:\/\/patagoniambiental.com.ar\/info\/represas-dejaran-a-santa-cruz-regalias-por-unos-90-millones-de-dolares-al-ano\/","title":{"rendered":"Represas dejar\u00e1n a Santa Cruz regal\u00edas por unos 90 millones de d\u00f3lares al a\u00f1o"},"content":{"rendered":"<div class=\"bajada\">Santa Cruz.-El monto es el correspondiente al 12 por ciento de unos 700 millones de d\u00f3lares anuales estimados por la energ\u00eda que producir\u00e1n para el pa\u00eds las represas en construcci\u00f3n en el r\u00edo Santa Cruz.<\/div>\n<div class=\"clear\"><\/div>\n<div class=\"entry themeform\">\n<div class=\"entry-inner\">\n<div class=\"heateorSssClear\"><!--more--><\/div>\n<p><img fetchpriority=\"high\" decoding=\"async\" class=\"alignnone size-full wp-image-100087062\" src=\"http:\/\/www.primeraedicion.com.ar\/wp-content\/uploads\/2019\/02\/condorcli.jpg\" sizes=\"(max-width: 1000px) 100vw, 1000px\" srcset=\"http:\/\/www.primeraedicion.com.ar\/wp-content\/uploads\/2019\/02\/condorcli.jpg 1000w, http:\/\/www.primeraedicion.com.ar\/wp-content\/uploads\/2019\/02\/condorcli-300x160.jpg 300w, http:\/\/www.primeraedicion.com.ar\/wp-content\/uploads\/2019\/02\/condorcli-768x409.jpg 768w\" alt=\"\" width=\"1000\" height=\"533\" \/><\/p>\n<p>\u201cA la provincia le corresponder\u00e1n unos 80 o 90 millones de d\u00f3lares por a\u00f1o, el 12 por ciento de unos 700 millones de d\u00f3lares anuales, cuando la obra est\u00e9 terminada, interconectada y generando energ\u00eda para el mercado mayorista del pa\u00eds\u201d, dijo en una recorrida de prensa Fernando Z\u00e1rate, director del proyecto por Integraci\u00f3n Energ\u00e9tica Argentina S.A. (Ieasa, ex Enarsa).<\/p>\n<p>La obra perteneciente al Estado nacional, una vez en producci\u00f3n hacia mediados de 2024,\u00a0<strong>\u201cvender\u00e1 la energ\u00eda al mercado mayorista, una parte de los fondos quedar\u00e1 para la operaci\u00f3n de largo plazo de las centrales hidroel\u00e9ctricas, y otra parte a un fondo nacional energ\u00e9tico de reinversiones en energ\u00eda\u201d,<\/strong>\u00a0explic\u00f3.<\/p>\n<p>Durante la recorrida tambi\u00e9n se inform\u00f3 que equipos permanentes de arqueolog\u00eda trabajan en el pol\u00edgono de las obras realizar\u00e1n campa\u00f1as de rescate arqueol\u00f3gico en la zona que ser\u00e1 afectada por los embalses.<\/p>\n<p>Seg\u00fan inform\u00f3<strong>, \u201cse han encontrado f\u00f3siles, no de gran magnitud, como roedores\u201d.<\/strong><\/p>\n<p>\u201cEst\u00e1n en pleno desarrollo las investigaciones, pero s\u00ed hay zonas de inter\u00e9s detectadas, de hecho son las zonas que se hab\u00edan ya relevado para los estudios de impacto ambiental, s\u00f3lo que para los EIA uno releva pero no rescata material\u201d, explicaron los responsables de esta investigaci\u00f3n.<\/p>\n<p>Respecto de la cantidad de mujeres que trabajan en el emprendimiento, se indic\u00f3 que un 12 por ciento de 1.500 empleados son mujeres, en su mayor\u00eda dedicadas a la gesti\u00f3n ambiental, administraci\u00f3n y servicios, y s\u00f3lo tres conducen camiones, informaron fuentes de la contratista.<\/p>\n<div class=\"google-auto-placed ap_container\"><\/div>\n<p><strong>\u201cAhora vinieron todos los camiones fuera de ruta para C\u00f3ndor Cliff y tenemos tres chicas que conducen en distintos turnos de trabajo\u201d,<\/strong>\u00a0inform\u00f3 Claudia Quintana, directora del plan de gesti\u00f3n ambiental de la uni\u00f3n transitoria de empresa (UTE) Represas Patagonia en una recorrida de prensa que realiz\u00f3 T\u00e9lam.<\/p>\n<p>El plan a su cargo involucra programas de gesti\u00f3n de aguas, de residuos, control de derrames, muestreos y capacitaciones.<\/p>\n<p>\u201cEl porcentaje de mujeres en obra no es tan alto, por ah\u00ed el r\u00e9gimen de obra de 21 (d\u00edas de trabajo) por 7 (de descanso) no ayuda a que las mujeres se animen a tomar estos desaf\u00edos\u201d, reflexion\u00f3 la Licenciada en Gesti\u00f3n Ambiental, de 40 a\u00f1os, oriunda de la ciudad de R\u00edo Turbio.<\/p>\n<p>Y tambi\u00e9n advirti\u00f3, \u201c<strong>es un desaf\u00edo humano, estamos en el medio de la nada, a tres horas de una ciudad, vivir 21 d\u00edas en un campamento de obra, todo tiene su desaf\u00edo\u201d.<\/strong><\/p>\n<p>\u201cEn obras hab\u00eda estado, pero en campamentos es mi primera experiencia, antes audit\u00e9 el interconectado de La Esperanza a Pico Truncado, durante todo el desarrollo del proyecto, y gasoductos, para TGS y Transener\u201d, cont\u00f3 la gestora ambiental.<\/p>\n<p><strong>Frente a los argumentos de ambientalistas que rechazan las obras, la profesional explic\u00f3 \u201ctengo una visi\u00f3n poco ortodoxa, tampoco digo que hay que hacer por hacer, sino que hacer con controles, que es lo que estamos haciendo\u201d.<\/strong><\/p>\n<p>\u201cLos programas que desarrollamos ayudan a que el ambiente no se modifique de la forma que creen que va a suceder, no se va a modificar el lago (Argentino) por lo tanto no se va a afectar al Glaciar (Perito Moreno)\u201d, asegur\u00f3.<\/p>\n<p>Quintana inform\u00f3 adem\u00e1s que unos 80 empleados en las represas son de nacionalidad china, que tienen un r\u00e9gimen de seis meses de trabajo por uno de descanso en su pa\u00eds, y una cocina y horarios diferentes para su alimentaci\u00f3n.<\/p>\n<p><em>Fuente: Agencia de Noticias T\u00e9lam<\/em><\/p>\n<\/div>\n<\/div>\n<p>&nbsp;<\/p>\n","protected":false},"excerpt":{"rendered":"<p>Santa Cruz.-El monto es el correspondiente al 12 por ciento de unos 700 millones de d\u00f3lares anuales estimados por la [&hellip;]<\/p>\n","protected":false},"author":2,"featured_media":59214,"comment_status":"open","ping_status":"open","sticky":false,"template":"","format":"standard","meta":{"site-sidebar-layout":"default","site-content-layout":"","ast-site-content-layout":"default","site-content-style":"default","site-sidebar-style":"default","ast-global-header-display":"","ast-banner-title-visibility":"","ast-main-header-display":"","ast-hfb-above-header-display":"","ast-hfb-below-header-display":"","ast-hfb-mobile-header-display":"","site-post-title":"","ast-breadcrumbs-content":"","ast-featured-img":"","footer-sml-layout":"","ast-disable-related-posts":"","theme-transparent-header-meta":"","adv-header-id-meta":"","stick-header-meta":"","header-above-stick-meta":"","header-main-stick-meta":"","header-below-stick-meta":"","astra-migrate-meta-layouts":"default","ast-page-background-enabled":"default","ast-page-background-meta":{"desktop":{"background-color":"var(--ast-global-color-5)","background-image":"","background-repeat":"repeat","background-position":"center center","background-size":"auto","background-attachment":"scroll","background-type":"","background-media":"","overlay-type":"","overlay-color":"","overlay-opacity":"","overlay-gradient":""},"tablet":{"background-color":"","background-image":"","background-repeat":"repeat","background-position":"center center","background-size":"auto","background-attachment":"scroll","background-type":"","background-media":"","overlay-type":"","overlay-color":"","overlay-opacity":"","overlay-gradient":""},"mobile":{"background-color":"","background-image":"","background-repeat":"repeat","background-position":"center center","background-size":"auto","background-attachment":"scroll","background-type":"","background-media":"","overlay-type":"","overlay-color":"","overlay-opacity":"","overlay-gradient":""}},"ast-content-background-meta":{"desktop":{"background-color":"var(--ast-global-color-4)","background-image":"","background-repeat":"repeat","background-position":"center center","background-size":"auto","background-attachment":"scroll","background-type":"","background-media":"","overlay-type":"","overlay-color":"","overlay-opacity":"","overlay-gradient":""},"tablet":{"background-color":"var(--ast-global-color-4)","background-image":"","background-repeat":"repeat","background-position":"center center","background-size":"auto","background-attachment":"scroll","background-type":"","background-media":"","overlay-type":"","overlay-color":"","overlay-opacity":"","overlay-gradient":""},"mobile":{"background-color":"var(--ast-global-color-4)","background-image":"","background-repeat":"repeat","background-position":"center center","background-size":"auto","background-attachment":"scroll","background-type":"","background-media":"","overlay-type":"","overlay-color":"","overlay-opacity":"","overlay-gradient":""}},"footnotes":""},"categories":[1,13,20],"tags":[],"class_list":["post-59213","post","type-post","status-publish","format-standard","has-post-thumbnail","hentry","category-noticias","category-provinciales","category-santa-cruz"],"yoast_head":"<!-- This site is optimized with the Yoast SEO Premium plugin v23.0 (Yoast SEO v27.4) - https:\/\/yoast.com\/product\/yoast-seo-premium-wordpress\/ -->\n<title>Represas dejar\u00e1n a Santa Cruz regal\u00edas por unos 90 millones de d\u00f3lares al a\u00f1o<\/title>\n<meta name=\"robots\" content=\"index, follow, max-snippet:-1, max-image-preview:large, max-video-preview:-1\" \/>\n<link rel=\"canonical\" href=\"https:\/\/patagoniambiental.com.ar\/info\/represas-dejaran-a-santa-cruz-regalias-por-unos-90-millones-de-dolares-al-ano\/\" \/>\n<meta property=\"og:locale\" content=\"es_ES\" \/>\n<meta property=\"og:type\" content=\"article\" \/>\n<meta property=\"og:title\" content=\"Represas dejar\u00e1n a Santa Cruz regal\u00edas por unos 90 millones de d\u00f3lares al a\u00f1o\" \/>\n<meta property=\"og:description\" content=\"Santa Cruz.-El monto es el correspondiente al 12 por ciento de unos 700 millones de d\u00f3lares anuales estimados por la [&hellip;]\" \/>\n<meta property=\"og:url\" content=\"https:\/\/patagoniambiental.com.ar\/info\/represas-dejaran-a-santa-cruz-regalias-por-unos-90-millones-de-dolares-al-ano\/\" \/>\n<meta property=\"og:site_name\" content=\"Patagonia Ambiental\" \/>\n<meta property=\"article:publisher\" content=\"https:\/\/www.facebook.com\/patagonia.ambiental\" \/>\n<meta property=\"article:author\" content=\"https:\/\/www.facebook.com\/share\/1C1V8Gv9BX\/?mibextid=qi2Omg\" \/>\n<meta property=\"article:published_time\" content=\"2019-02-26T12:00:53+00:00\" \/>\n<meta property=\"og:image\" content=\"https:\/\/patagoniambiental.com.ar\/info\/wp-content\/uploads\/2019\/02\/condorcli.jpg\" \/>\n\t<meta property=\"og:image:width\" content=\"1000\" \/>\n\t<meta property=\"og:image:height\" content=\"533\" \/>\n\t<meta property=\"og:image:type\" content=\"image\/jpeg\" \/>\n<meta name=\"author\" content=\"Patagonia Ambiental\" \/>\n<meta name=\"twitter:card\" content=\"summary_large_image\" \/>\n<meta name=\"twitter:creator\" content=\"@PatAmb\" \/>\n<meta name=\"twitter:site\" content=\"@PatAmb\" \/>\n<script type=\"application\/ld+json\" class=\"yoast-schema-graph\">{\"@context\":\"https:\\\/\\\/schema.org\",\"@graph\":[{\"@type\":\"Article\",\"@id\":\"https:\\\/\\\/patagoniambiental.com.ar\\\/info\\\/represas-dejaran-a-santa-cruz-regalias-por-unos-90-millones-de-dolares-al-ano\\\/#article\",\"isPartOf\":{\"@id\":\"https:\\\/\\\/patagoniambiental.com.ar\\\/info\\\/represas-dejaran-a-santa-cruz-regalias-por-unos-90-millones-de-dolares-al-ano\\\/\"},\"author\":{\"name\":\"Patagonia Ambiental\",\"@id\":\"https:\\\/\\\/patagoniambiental.com.ar\\\/info\\\/#\\\/schema\\\/person\\\/db12bff64bbcbf6a253710bf0ea37b5d\"},\"headline\":\"Represas dejar\u00e1n a Santa Cruz regal\u00edas por unos 90 millones de d\u00f3lares al a\u00f1o\",\"datePublished\":\"2019-02-26T12:00:53+00:00\",\"mainEntityOfPage\":{\"@id\":\"https:\\\/\\\/patagoniambiental.com.ar\\\/info\\\/represas-dejaran-a-santa-cruz-regalias-por-unos-90-millones-de-dolares-al-ano\\\/\"},\"wordCount\":655,\"commentCount\":0,\"publisher\":{\"@id\":\"https:\\\/\\\/patagoniambiental.com.ar\\\/info\\\/#organization\"},\"image\":{\"@id\":\"https:\\\/\\\/patagoniambiental.com.ar\\\/info\\\/represas-dejaran-a-santa-cruz-regalias-por-unos-90-millones-de-dolares-al-ano\\\/#primaryimage\"},\"thumbnailUrl\":\"https:\\\/\\\/patagoniambiental.com.ar\\\/info\\\/wp-content\\\/uploads\\\/2019\\\/02\\\/condorcli.jpg\",\"articleSection\":[\"Noticias\",\"Provinciales\",\"Santa Cruz\"],\"inLanguage\":\"es\",\"potentialAction\":[{\"@type\":\"CommentAction\",\"name\":\"Comment\",\"target\":[\"https:\\\/\\\/patagoniambiental.com.ar\\\/info\\\/represas-dejaran-a-santa-cruz-regalias-por-unos-90-millones-de-dolares-al-ano\\\/#respond\"]}]},{\"@type\":\"WebPage\",\"@id\":\"https:\\\/\\\/patagoniambiental.com.ar\\\/info\\\/represas-dejaran-a-santa-cruz-regalias-por-unos-90-millones-de-dolares-al-ano\\\/\",\"url\":\"https:\\\/\\\/patagoniambiental.com.ar\\\/info\\\/represas-dejaran-a-santa-cruz-regalias-por-unos-90-millones-de-dolares-al-ano\\\/\",\"name\":\"Represas dejar\u00e1n a Santa Cruz regal\u00edas por unos 90 millones de d\u00f3lares al a\u00f1o\",\"isPartOf\":{\"@id\":\"https:\\\/\\\/patagoniambiental.com.ar\\\/info\\\/#website\"},\"primaryImageOfPage\":{\"@id\":\"https:\\\/\\\/patagoniambiental.com.ar\\\/info\\\/represas-dejaran-a-santa-cruz-regalias-por-unos-90-millones-de-dolares-al-ano\\\/#primaryimage\"},\"image\":{\"@id\":\"https:\\\/\\\/patagoniambiental.com.ar\\\/info\\\/represas-dejaran-a-santa-cruz-regalias-por-unos-90-millones-de-dolares-al-ano\\\/#primaryimage\"},\"thumbnailUrl\":\"https:\\\/\\\/patagoniambiental.com.ar\\\/info\\\/wp-content\\\/uploads\\\/2019\\\/02\\\/condorcli.jpg\",\"datePublished\":\"2019-02-26T12:00:53+00:00\",\"breadcrumb\":{\"@id\":\"https:\\\/\\\/patagoniambiental.com.ar\\\/info\\\/represas-dejaran-a-santa-cruz-regalias-por-unos-90-millones-de-dolares-al-ano\\\/#breadcrumb\"},\"inLanguage\":\"es\",\"potentialAction\":[{\"@type\":\"ReadAction\",\"target\":[\"https:\\\/\\\/patagoniambiental.com.ar\\\/info\\\/represas-dejaran-a-santa-cruz-regalias-por-unos-90-millones-de-dolares-al-ano\\\/\"]}]},{\"@type\":\"ImageObject\",\"inLanguage\":\"es\",\"@id\":\"https:\\\/\\\/patagoniambiental.com.ar\\\/info\\\/represas-dejaran-a-santa-cruz-regalias-por-unos-90-millones-de-dolares-al-ano\\\/#primaryimage\",\"url\":\"https:\\\/\\\/patagoniambiental.com.ar\\\/info\\\/wp-content\\\/uploads\\\/2019\\\/02\\\/condorcli.jpg\",\"contentUrl\":\"https:\\\/\\\/patagoniambiental.com.ar\\\/info\\\/wp-content\\\/uploads\\\/2019\\\/02\\\/condorcli.jpg\",\"width\":1000,\"height\":533},{\"@type\":\"BreadcrumbList\",\"@id\":\"https:\\\/\\\/patagoniambiental.com.ar\\\/info\\\/represas-dejaran-a-santa-cruz-regalias-por-unos-90-millones-de-dolares-al-ano\\\/#breadcrumb\",\"itemListElement\":[{\"@type\":\"ListItem\",\"position\":1,\"name\":\"Inicio\",\"item\":\"https:\\\/\\\/patagoniambiental.com.ar\\\/info\\\/\"},{\"@type\":\"ListItem\",\"position\":2,\"name\":\"Represas dejar\u00e1n a Santa Cruz regal\u00edas por unos 90 millones de d\u00f3lares al a\u00f1o\"}]},{\"@type\":\"WebSite\",\"@id\":\"https:\\\/\\\/patagoniambiental.com.ar\\\/info\\\/#website\",\"url\":\"https:\\\/\\\/patagoniambiental.com.ar\\\/info\\\/\",\"name\":\"Patagonia Ambiental\",\"description\":\"Monitoreo y an\u00e1lisis de la situaci\u00f3n geopol\u00edtica en el mundo y su implicancia en la Patagonia\",\"publisher\":{\"@id\":\"https:\\\/\\\/patagoniambiental.com.ar\\\/info\\\/#organization\"},\"potentialAction\":[{\"@type\":\"SearchAction\",\"target\":{\"@type\":\"EntryPoint\",\"urlTemplate\":\"https:\\\/\\\/patagoniambiental.com.ar\\\/info\\\/?s={search_term_string}\"},\"query-input\":{\"@type\":\"PropertyValueSpecification\",\"valueRequired\":true,\"valueName\":\"search_term_string\"}}],\"inLanguage\":\"es\"},{\"@type\":\"Organization\",\"@id\":\"https:\\\/\\\/patagoniambiental.com.ar\\\/info\\\/#organization\",\"name\":\"Patagonia Ambiental\",\"url\":\"https:\\\/\\\/patagoniambiental.com.ar\\\/info\\\/\",\"logo\":{\"@type\":\"ImageObject\",\"inLanguage\":\"es\",\"@id\":\"https:\\\/\\\/patagoniambiental.com.ar\\\/info\\\/#\\\/schema\\\/logo\\\/image\\\/\",\"url\":\"https:\\\/\\\/patagoniambiental.com.ar\\\/info\\\/wp-content\\\/uploads\\\/2025\\\/05\\\/LOGO-PATAGONIA-AMBIENTAL.png\",\"contentUrl\":\"https:\\\/\\\/patagoniambiental.com.ar\\\/info\\\/wp-content\\\/uploads\\\/2025\\\/05\\\/LOGO-PATAGONIA-AMBIENTAL.png\",\"width\":433,\"height\":250,\"caption\":\"Patagonia Ambiental\"},\"image\":{\"@id\":\"https:\\\/\\\/patagoniambiental.com.ar\\\/info\\\/#\\\/schema\\\/logo\\\/image\\\/\"},\"sameAs\":[\"https:\\\/\\\/www.facebook.com\\\/patagonia.ambiental\",\"https:\\\/\\\/x.com\\\/PatAmb\"]},{\"@type\":\"Person\",\"@id\":\"https:\\\/\\\/patagoniambiental.com.ar\\\/info\\\/#\\\/schema\\\/person\\\/db12bff64bbcbf6a253710bf0ea37b5d\",\"name\":\"Patagonia Ambiental\",\"description\":\"Andr\u00e9s Nievas T\u00e9cnico en manejo ambiental, consultor Ambiental y escritor para medios locales e internacionales sobre temas de geopolitica y medio ambiente.\",\"sameAs\":[\"http:\\\/\\\/www.patagoniambiental.com.ar\",\"https:\\\/\\\/www.facebook.com\\\/share\\\/1C1V8Gv9BX\\\/?mibextid=qi2Omg\",\"@patagoniambiental\",\"https:\\\/\\\/youtube.com\\\/@patagoniaambiental2023?si=BLt58t0wuXquxlYZ\"]}]}<\/script>\n<!-- \/ Yoast SEO Premium plugin. -->","yoast_head_json":{"title":"Represas dejar\u00e1n a Santa Cruz regal\u00edas por unos 90 millones de d\u00f3lares al a\u00f1o","robots":{"index":"index","follow":"follow","max-snippet":"max-snippet:-1","max-image-preview":"max-image-preview:large","max-video-preview":"max-video-preview:-1"},"canonical":"https:\/\/patagoniambiental.com.ar\/info\/represas-dejaran-a-santa-cruz-regalias-por-unos-90-millones-de-dolares-al-ano\/","og_locale":"es_ES","og_type":"article","og_title":"Represas dejar\u00e1n a Santa Cruz regal\u00edas por unos 90 millones de d\u00f3lares al a\u00f1o","og_description":"Santa Cruz.-El monto es el correspondiente al 12 por ciento de unos 700 millones de d\u00f3lares anuales estimados por la [&hellip;]","og_url":"https:\/\/patagoniambiental.com.ar\/info\/represas-dejaran-a-santa-cruz-regalias-por-unos-90-millones-de-dolares-al-ano\/","og_site_name":"Patagonia Ambiental","article_publisher":"https:\/\/www.facebook.com\/patagonia.ambiental","article_author":"https:\/\/www.facebook.com\/share\/1C1V8Gv9BX\/?mibextid=qi2Omg","article_published_time":"2019-02-26T12:00:53+00:00","og_image":[{"width":1000,"height":533,"url":"https:\/\/patagoniambiental.com.ar\/info\/wp-content\/uploads\/2019\/02\/condorcli.jpg","type":"image\/jpeg"}],"author":"Patagonia Ambiental","twitter_card":"summary_large_image","twitter_creator":"@PatAmb","twitter_site":"@PatAmb","schema":{"@context":"https:\/\/schema.org","@graph":[{"@type":"Article","@id":"https:\/\/patagoniambiental.com.ar\/info\/represas-dejaran-a-santa-cruz-regalias-por-unos-90-millones-de-dolares-al-ano\/#article","isPartOf":{"@id":"https:\/\/patagoniambiental.com.ar\/info\/represas-dejaran-a-santa-cruz-regalias-por-unos-90-millones-de-dolares-al-ano\/"},"author":{"name":"Patagonia Ambiental","@id":"https:\/\/patagoniambiental.com.ar\/info\/#\/schema\/person\/db12bff64bbcbf6a253710bf0ea37b5d"},"headline":"Represas dejar\u00e1n a Santa Cruz regal\u00edas por unos 90 millones de d\u00f3lares al a\u00f1o","datePublished":"2019-02-26T12:00:53+00:00","mainEntityOfPage":{"@id":"https:\/\/patagoniambiental.com.ar\/info\/represas-dejaran-a-santa-cruz-regalias-por-unos-90-millones-de-dolares-al-ano\/"},"wordCount":655,"commentCount":0,"publisher":{"@id":"https:\/\/patagoniambiental.com.ar\/info\/#organization"},"image":{"@id":"https:\/\/patagoniambiental.com.ar\/info\/represas-dejaran-a-santa-cruz-regalias-por-unos-90-millones-de-dolares-al-ano\/#primaryimage"},"thumbnailUrl":"https:\/\/patagoniambiental.com.ar\/info\/wp-content\/uploads\/2019\/02\/condorcli.jpg","articleSection":["Noticias","Provinciales","Santa Cruz"],"inLanguage":"es","potentialAction":[{"@type":"CommentAction","name":"Comment","target":["https:\/\/patagoniambiental.com.ar\/info\/represas-dejaran-a-santa-cruz-regalias-por-unos-90-millones-de-dolares-al-ano\/#respond"]}]},{"@type":"WebPage","@id":"https:\/\/patagoniambiental.com.ar\/info\/represas-dejaran-a-santa-cruz-regalias-por-unos-90-millones-de-dolares-al-ano\/","url":"https:\/\/patagoniambiental.com.ar\/info\/represas-dejaran-a-santa-cruz-regalias-por-unos-90-millones-de-dolares-al-ano\/","name":"Represas dejar\u00e1n a Santa Cruz regal\u00edas por unos 90 millones de d\u00f3lares al a\u00f1o","isPartOf":{"@id":"https:\/\/patagoniambiental.com.ar\/info\/#website"},"primaryImageOfPage":{"@id":"https:\/\/patagoniambiental.com.ar\/info\/represas-dejaran-a-santa-cruz-regalias-por-unos-90-millones-de-dolares-al-ano\/#primaryimage"},"image":{"@id":"https:\/\/patagoniambiental.com.ar\/info\/represas-dejaran-a-santa-cruz-regalias-por-unos-90-millones-de-dolares-al-ano\/#primaryimage"},"thumbnailUrl":"https:\/\/patagoniambiental.com.ar\/info\/wp-content\/uploads\/2019\/02\/condorcli.jpg","datePublished":"2019-02-26T12:00:53+00:00","breadcrumb":{"@id":"https:\/\/patagoniambiental.com.ar\/info\/represas-dejaran-a-santa-cruz-regalias-por-unos-90-millones-de-dolares-al-ano\/#breadcrumb"},"inLanguage":"es","potentialAction":[{"@type":"ReadAction","target":["https:\/\/patagoniambiental.com.ar\/info\/represas-dejaran-a-santa-cruz-regalias-por-unos-90-millones-de-dolares-al-ano\/"]}]},{"@type":"ImageObject","inLanguage":"es","@id":"https:\/\/patagoniambiental.com.ar\/info\/represas-dejaran-a-santa-cruz-regalias-por-unos-90-millones-de-dolares-al-ano\/#primaryimage","url":"https:\/\/patagoniambiental.com.ar\/info\/wp-content\/uploads\/2019\/02\/condorcli.jpg","contentUrl":"https:\/\/patagoniambiental.com.ar\/info\/wp-content\/uploads\/2019\/02\/condorcli.jpg","width":1000,"height":533},{"@type":"BreadcrumbList","@id":"https:\/\/patagoniambiental.com.ar\/info\/represas-dejaran-a-santa-cruz-regalias-por-unos-90-millones-de-dolares-al-ano\/#breadcrumb","itemListElement":[{"@type":"ListItem","position":1,"name":"Inicio","item":"https:\/\/patagoniambiental.com.ar\/info\/"},{"@type":"ListItem","position":2,"name":"Represas dejar\u00e1n a Santa Cruz regal\u00edas por unos 90 millones de d\u00f3lares al a\u00f1o"}]},{"@type":"WebSite","@id":"https:\/\/patagoniambiental.com.ar\/info\/#website","url":"https:\/\/patagoniambiental.com.ar\/info\/","name":"Patagonia Ambiental","description":"Monitoreo y an\u00e1lisis de la situaci\u00f3n geopol\u00edtica en el mundo y su implicancia en la Patagonia","publisher":{"@id":"https:\/\/patagoniambiental.com.ar\/info\/#organization"},"potentialAction":[{"@type":"SearchAction","target":{"@type":"EntryPoint","urlTemplate":"https:\/\/patagoniambiental.com.ar\/info\/?s={search_term_string}"},"query-input":{"@type":"PropertyValueSpecification","valueRequired":true,"valueName":"search_term_string"}}],"inLanguage":"es"},{"@type":"Organization","@id":"https:\/\/patagoniambiental.com.ar\/info\/#organization","name":"Patagonia Ambiental","url":"https:\/\/patagoniambiental.com.ar\/info\/","logo":{"@type":"ImageObject","inLanguage":"es","@id":"https:\/\/patagoniambiental.com.ar\/info\/#\/schema\/logo\/image\/","url":"https:\/\/patagoniambiental.com.ar\/info\/wp-content\/uploads\/2025\/05\/LOGO-PATAGONIA-AMBIENTAL.png","contentUrl":"https:\/\/patagoniambiental.com.ar\/info\/wp-content\/uploads\/2025\/05\/LOGO-PATAGONIA-AMBIENTAL.png","width":433,"height":250,"caption":"Patagonia Ambiental"},"image":{"@id":"https:\/\/patagoniambiental.com.ar\/info\/#\/schema\/logo\/image\/"},"sameAs":["https:\/\/www.facebook.com\/patagonia.ambiental","https:\/\/x.com\/PatAmb"]},{"@type":"Person","@id":"https:\/\/patagoniambiental.com.ar\/info\/#\/schema\/person\/db12bff64bbcbf6a253710bf0ea37b5d","name":"Patagonia Ambiental","description":"Andr\u00e9s Nievas T\u00e9cnico en manejo ambiental, consultor Ambiental y escritor para medios locales e internacionales sobre temas de geopolitica y medio ambiente.","sameAs":["http:\/\/www.patagoniambiental.com.ar","https:\/\/www.facebook.com\/share\/1C1V8Gv9BX\/?mibextid=qi2Omg","@patagoniambiental","https:\/\/youtube.com\/@patagoniaambiental2023?si=BLt58t0wuXquxlYZ"]}]}},"_links":{"self":[{"href":"https:\/\/patagoniambiental.com.ar\/info\/wp-json\/wp\/v2\/posts\/59213","targetHints":{"allow":["GET"]}}],"collection":[{"href":"https:\/\/patagoniambiental.com.ar\/info\/wp-json\/wp\/v2\/posts"}],"about":[{"href":"https:\/\/patagoniambiental.com.ar\/info\/wp-json\/wp\/v2\/types\/post"}],"author":[{"embeddable":true,"href":"https:\/\/patagoniambiental.com.ar\/info\/wp-json\/wp\/v2\/users\/2"}],"replies":[{"embeddable":true,"href":"https:\/\/patagoniambiental.com.ar\/info\/wp-json\/wp\/v2\/comments?post=59213"}],"version-history":[{"count":0,"href":"https:\/\/patagoniambiental.com.ar\/info\/wp-json\/wp\/v2\/posts\/59213\/revisions"}],"wp:featuredmedia":[{"embeddable":true,"href":"https:\/\/patagoniambiental.com.ar\/info\/wp-json\/wp\/v2\/media\/59214"}],"wp:attachment":[{"href":"https:\/\/patagoniambiental.com.ar\/info\/wp-json\/wp\/v2\/media?parent=59213"}],"wp:term":[{"taxonomy":"category","embeddable":true,"href":"https:\/\/patagoniambiental.com.ar\/info\/wp-json\/wp\/v2\/categories?post=59213"},{"taxonomy":"post_tag","embeddable":true,"href":"https:\/\/patagoniambiental.com.ar\/info\/wp-json\/wp\/v2\/tags?post=59213"}],"curies":[{"name":"wp","href":"https:\/\/api.w.org\/{rel}","templated":true}]}}