{"id":59222,"date":"2019-02-27T09:00:28","date_gmt":"2019-02-27T12:00:28","guid":{"rendered":"http:\/\/patagoniambiental.com.ar\/info\/?p=59222"},"modified":"2019-02-26T16:46:07","modified_gmt":"2019-02-26T19:46:07","slug":"dos-banderas-comunidad-impulsa-espacio-para-actividades-culturales","status":"publish","type":"post","link":"https:\/\/patagoniambiental.com.ar\/info\/dos-banderas-comunidad-impulsa-espacio-para-actividades-culturales\/","title":{"rendered":"DOS BANDERAS Comunidad impulsa espacio para actividades culturales"},"content":{"rendered":"<hgroup class=\"zona-titulo\">\n<h1 class=\"titular\"><strong class=\"bajada\" style=\"font-size: 16px;\">Ushuaia.-En un sector del Barrio Dos Banderas, en Ushuaia, integrantes del pueblo mapuche est\u00e1n construyendo una &#8216;ruca&#8217; que quieren transformar en centro cultural. <\/strong><\/h1>\n<h1><!--more--><\/h1>\n<h1 class=\"titular\"><strong class=\"bajada\" style=\"font-size: 16px;\">Dicen que la idea es que est\u00e9 abierta al conjunto de la comunidad y miembros de otras naciones ind\u00edgenas. Impulsar\u00e1n la declaraci\u00f3n del proyecto como de &#8216;inter\u00e9s municipal&#8217;. Ya cuentan con un pronunciamiento en ese sentido por parte de la Secretar\u00eda de Derechos Humanos.<\/strong><\/h1>\n<\/hgroup>\n<p>&nbsp;<\/p>\n<div class=\"row\">\n<div class=\"col-md-1 col-sticky\">\n<div class=\"inner-share-bar cf\">\n<div class=\"item\"><\/div>\n<div class=\"item\"><\/div>\n<div class=\"item visible-lg\"><\/div>\n<\/div>\n<\/div>\n<div class=\"col-md-11\">\n<div class=\"main-content-foto\">\n<div class=\"my-gallery main-gallery\" data-pswp-uid=\"1\">\n<figure>\n<div class=\"nfotos\">3 fotos<\/div>\n<p><a href=\"https:\/\/www.infofueguina.com\/u\/fotografias\/fotosnoticias\/2019\/2\/25\/52143.jpg\" data-size=\"1000x750\"><img decoding=\"async\" class=\"img-responsive\" src=\"https:\/\/www.infofueguina.com\/u\/fotografias\/m\/2019\/2\/25\/f800x450-52143_103589_31.jpg\" alt=\"Comunidad impulsa espacio para actividades culturales\" \/><\/a><\/figure>\n<\/div>\n<\/div>\n<div class=\"fecha-y-seccion\">\n<div class=\"fecha\"><\/div>\n<\/div>\n<div id=\"cuerpo-nota\" class=\"cuerpo-nota\">\n<p>Gabriel Colipi, integrante de la comunidad Pillan Mauisa, coment\u00f3 que \u00abla ruca mapuche es una iniciativa que surge hace unos nueve a\u00f1os atr\u00e1s, cuando yo me instal\u00e9 ac\u00e1, con la idea de armar una espacio cultural y ceremonial. Yo desarrollo la escultura y hab\u00edamos hecho es espacio con cuatro esculturas, pero hubo un incendio y se quem\u00f3 no solo la casa sino las cuatro esculturas y entonces todo qued\u00f3 ah\u00ed\u00bb, se\u00f1al\u00f3.<\/p>\n<p>&nbsp;<\/p>\n<p>Consultado sobre la comunidad mapuche en Tierra del Fuego, asegur\u00f3 que \u00abac\u00e1 hay muchos hermanos y hermanas mapuches esparcidos por Ushuaia, R\u00edo Grande y Tolhuin. Hay muchos, pero no hay una organizaci\u00f3n que los re\u00fana\u00bb. \u00abAc\u00e1 hay muchos mapuches, pero a veces parece que se tiene miedo a la discriminaci\u00f3n, pero no hay que tener miedo\u00bb, remarc\u00f3 la madre de Gabriel.<\/p>\n<p>&nbsp;<\/p>\n<p>Dicen que la iniciativa de construir la ruca apunta tambi\u00e9n a facilitar la reuni\u00f3n de la comunidad e incluso \u00aba otras comunidades, porque ac\u00e1 hay distintos pueblos. Aymaras, quechuas, coyas; entonces la idea es abrir el espacio tambi\u00e9n a la gente de otros pueblos. Que pueda venir la gente que quiera conocer la cultura mapuche y el conocimiento ancestral, no solamente el conocimiento cultural y ceremonial, sino de energ\u00eda, de vinculaci\u00f3n y sanaci\u00f3n\u00bb, remarc\u00f3 Colipi.<\/p>\n<p>&nbsp;<\/p>\n<p>En ese sentido elevar\u00e1n una solicitud a los concejales para que lo declare de inter\u00e9s \u00abporque ser\u00eda un paso m\u00e1s para avanzar hacia otras cosas\u00bb. En el lugar, a pesar que la ruca est\u00e1 en construcci\u00f3n todav\u00eda, se desarrollan peri\u00f3dicamente actividades \u00abpara mantener el lugar\u00bb. Ahora se espera que los concejales tomen el pedido para que la iniciativa se concrete, poder terminar el espacio y ponerlo a funcionar como lugar de encuentro, de difusi\u00f3n y realizaci\u00f3n de distinto tipo de actividades.<\/p>\n<p>&nbsp;<\/p>\n<p>Gabriel Colipi, integrante de la comunidad Pill\u00e1n Mahuiza, coment\u00f3 que \u00abla ruca mapuche es una iniciativa que surge hace unos nueve a\u00f1os atr\u00e1s, cuando yo me instal\u00e9 ac\u00e1, con la idea de armar una espacio cultural y ceremonial. Yo desarrollo la escultura y hab\u00edamos hecho es espacio con cuatro esculturas, pero hubo un incendio y se quem\u00f3 no solo la casa sino las cuatro esculturas y entonces todo qued\u00f3 ah\u00ed\u00bb.<\/p>\n<p>&nbsp;<\/p>\n<p>Gabriel cont\u00f3 tambi\u00e9n que dentro de la comunidad Pill\u00e1n Mahuiza se desempe\u00f1a como \u00abHuerquen, que es algo as\u00ed como viajero o portavoz, y en las ceremonias desarrollo la tarea de sargento que es quien se encarga de ordenar el fuego en la parte ceremonial. El lugar donde estamos se recuper\u00f3 en el a\u00f1o 1999, en Corcovados provincia de Chubut. Era una dependencia de la Comisar\u00eda en un espacio que fue usurpado por el estado argentino en el a\u00f1o\u00b439, por la polic\u00eda fronteriza creada exclusivamente para intervenir en esos espacios\u00bb, relat\u00f3.<\/p>\n<p>&nbsp;<\/p>\n<p>Contando que en esa \u00e9poca se realizaron \u00abdiferentes desalojos, entre ellos el de Nahuel Pan a 20 kil\u00f3metros de Esquel, y de ah\u00ed en m\u00e1s empezaron a desalojar comunidades mapuches y gauchos en toda esa regi\u00f3n. Hasta que en el a\u00f1o \u00b499 Moira Mill\u00e1n y otros hermanos mapuches de comunidades cercanas se acercan al espacio, un 24 de diciembre, y lo recuperan. Este a\u00f1o se cumplen 20 a\u00f1os, as\u00ed que ese d\u00eda vamos a estar ah\u00ed para recordarlo\u00bb, dijo refiri\u00e9ndose a la actividad que tienen programada.<\/p>\n<p>Fuente:\u00a0https:\/\/www.infofueguina.com\/tu-ciudad\/ushuaia\/2019\/2\/25\/comunidad-impulsa-espacio-para-actividades-culturales-36795.html<\/p>\n<\/div>\n<\/div>\n<\/div>\n","protected":false},"excerpt":{"rendered":"<p>Ushuaia.-En un sector del Barrio Dos Banderas, en Ushuaia, integrantes del pueblo mapuche est\u00e1n construyendo una &#8216;ruca&#8217; que quieren transformar [&hellip;]<\/p>\n","protected":false},"author":2,"featured_media":59223,"comment_status":"open","ping_status":"open","sticky":false,"template":"","format":"standard","meta":{"site-sidebar-layout":"default","site-content-layout":"","ast-site-content-layout":"default","site-content-style":"default","site-sidebar-style":"default","ast-global-header-display":"","ast-banner-title-visibility":"","ast-main-header-display":"","ast-hfb-above-header-display":"","ast-hfb-below-header-display":"","ast-hfb-mobile-header-display":"","site-post-title":"","ast-breadcrumbs-content":"","ast-featured-img":"","footer-sml-layout":"","ast-disable-related-posts":"","theme-transparent-header-meta":"","adv-header-id-meta":"","stick-header-meta":"","header-above-stick-meta":"","header-main-stick-meta":"","header-below-stick-meta":"","astra-migrate-meta-layouts":"default","ast-page-background-enabled":"default","ast-page-background-meta":{"desktop":{"background-color":"var(--ast-global-color-5)","background-image":"","background-repeat":"repeat","background-position":"center center","background-size":"auto","background-attachment":"scroll","background-type":"","background-media":"","overlay-type":"","overlay-color":"","overlay-opacity":"","overlay-gradient":""},"tablet":{"background-color":"","background-image":"","background-repeat":"repeat","background-position":"center center","background-size":"auto","background-attachment":"scroll","background-type":"","background-media":"","overlay-type":"","overlay-color":"","overlay-opacity":"","overlay-gradient":""},"mobile":{"background-color":"","background-image":"","background-repeat":"repeat","background-position":"center center","background-size":"auto","background-attachment":"scroll","background-type":"","background-media":"","overlay-type":"","overlay-color":"","overlay-opacity":"","overlay-gradient":""}},"ast-content-background-meta":{"desktop":{"background-color":"var(--ast-global-color-4)","background-image":"","background-repeat":"repeat","background-position":"center center","background-size":"auto","background-attachment":"scroll","background-type":"","background-media":"","overlay-type":"","overlay-color":"","overlay-opacity":"","overlay-gradient":""},"tablet":{"background-color":"var(--ast-global-color-4)","background-image":"","background-repeat":"repeat","background-position":"center center","background-size":"auto","background-attachment":"scroll","background-type":"","background-media":"","overlay-type":"","overlay-color":"","overlay-opacity":"","overlay-gradient":""},"mobile":{"background-color":"var(--ast-global-color-4)","background-image":"","background-repeat":"repeat","background-position":"center center","background-size":"auto","background-attachment":"scroll","background-type":"","background-media":"","overlay-type":"","overlay-color":"","overlay-opacity":"","overlay-gradient":""}},"footnotes":""},"categories":[11,1,13,10,25],"tags":[],"class_list":["post-59222","post","type-post","status-publish","format-standard","has-post-thumbnail","hentry","category-boletin","category-noticias","category-provinciales","category-rotador","category-tierra-del-fuego"],"yoast_head":"<!-- This site is optimized with the Yoast SEO Premium plugin v23.0 (Yoast SEO v27.4) - https:\/\/yoast.com\/product\/yoast-seo-premium-wordpress\/ -->\n<title>DOS BANDERAS Comunidad impulsa espacio para actividades culturales<\/title>\n<meta name=\"robots\" content=\"index, follow, max-snippet:-1, max-image-preview:large, max-video-preview:-1\" \/>\n<link rel=\"canonical\" href=\"https:\/\/patagoniambiental.com.ar\/info\/dos-banderas-comunidad-impulsa-espacio-para-actividades-culturales\/\" \/>\n<meta property=\"og:locale\" content=\"es_ES\" \/>\n<meta property=\"og:type\" content=\"article\" \/>\n<meta property=\"og:title\" content=\"DOS BANDERAS Comunidad impulsa espacio para actividades culturales\" \/>\n<meta property=\"og:description\" content=\"Ushuaia.-En un sector del Barrio Dos Banderas, en Ushuaia, integrantes del pueblo mapuche est\u00e1n construyendo una &#8216;ruca&#8217; que quieren transformar [&hellip;]\" \/>\n<meta property=\"og:url\" content=\"https:\/\/patagoniambiental.com.ar\/info\/dos-banderas-comunidad-impulsa-espacio-para-actividades-culturales\/\" \/>\n<meta property=\"og:site_name\" content=\"Patagonia Ambiental\" \/>\n<meta property=\"article:publisher\" content=\"https:\/\/www.facebook.com\/patagonia.ambiental\" \/>\n<meta property=\"article:author\" content=\"https:\/\/www.facebook.com\/share\/1C1V8Gv9BX\/?mibextid=qi2Omg\" \/>\n<meta property=\"article:published_time\" content=\"2019-02-27T12:00:28+00:00\" \/>\n<meta property=\"og:image\" content=\"https:\/\/patagoniambiental.com.ar\/info\/wp-content\/uploads\/2019\/02\/f800x450-52143_103589_31-1.jpg\" \/>\n\t<meta property=\"og:image:width\" content=\"800\" \/>\n\t<meta property=\"og:image:height\" content=\"450\" \/>\n\t<meta property=\"og:image:type\" content=\"image\/jpeg\" \/>\n<meta name=\"author\" content=\"Patagonia Ambiental\" \/>\n<meta name=\"twitter:card\" content=\"summary_large_image\" \/>\n<meta name=\"twitter:creator\" content=\"@PatAmb\" \/>\n<meta name=\"twitter:site\" content=\"@PatAmb\" \/>\n<script type=\"application\/ld+json\" class=\"yoast-schema-graph\">{\"@context\":\"https:\\\/\\\/schema.org\",\"@graph\":[{\"@type\":\"Article\",\"@id\":\"https:\\\/\\\/patagoniambiental.com.ar\\\/info\\\/dos-banderas-comunidad-impulsa-espacio-para-actividades-culturales\\\/#article\",\"isPartOf\":{\"@id\":\"https:\\\/\\\/patagoniambiental.com.ar\\\/info\\\/dos-banderas-comunidad-impulsa-espacio-para-actividades-culturales\\\/\"},\"author\":{\"name\":\"Patagonia Ambiental\",\"@id\":\"https:\\\/\\\/patagoniambiental.com.ar\\\/info\\\/#\\\/schema\\\/person\\\/db12bff64bbcbf6a253710bf0ea37b5d\"},\"headline\":\"DOS BANDERAS Comunidad impulsa espacio para actividades culturales\",\"datePublished\":\"2019-02-27T12:00:28+00:00\",\"mainEntityOfPage\":{\"@id\":\"https:\\\/\\\/patagoniambiental.com.ar\\\/info\\\/dos-banderas-comunidad-impulsa-espacio-para-actividades-culturales\\\/\"},\"wordCount\":671,\"commentCount\":0,\"publisher\":{\"@id\":\"https:\\\/\\\/patagoniambiental.com.ar\\\/info\\\/#organization\"},\"image\":{\"@id\":\"https:\\\/\\\/patagoniambiental.com.ar\\\/info\\\/dos-banderas-comunidad-impulsa-espacio-para-actividades-culturales\\\/#primaryimage\"},\"thumbnailUrl\":\"https:\\\/\\\/patagoniambiental.com.ar\\\/info\\\/wp-content\\\/uploads\\\/2019\\\/02\\\/f800x450-52143_103589_31-1.jpg\",\"articleSection\":[\"Bolet\u00edn\",\"Noticias\",\"Provinciales\",\"Rotador\",\"Tierra del Fuego\"],\"inLanguage\":\"es\",\"potentialAction\":[{\"@type\":\"CommentAction\",\"name\":\"Comment\",\"target\":[\"https:\\\/\\\/patagoniambiental.com.ar\\\/info\\\/dos-banderas-comunidad-impulsa-espacio-para-actividades-culturales\\\/#respond\"]}]},{\"@type\":\"WebPage\",\"@id\":\"https:\\\/\\\/patagoniambiental.com.ar\\\/info\\\/dos-banderas-comunidad-impulsa-espacio-para-actividades-culturales\\\/\",\"url\":\"https:\\\/\\\/patagoniambiental.com.ar\\\/info\\\/dos-banderas-comunidad-impulsa-espacio-para-actividades-culturales\\\/\",\"name\":\"DOS BANDERAS Comunidad impulsa espacio para actividades culturales\",\"isPartOf\":{\"@id\":\"https:\\\/\\\/patagoniambiental.com.ar\\\/info\\\/#website\"},\"primaryImageOfPage\":{\"@id\":\"https:\\\/\\\/patagoniambiental.com.ar\\\/info\\\/dos-banderas-comunidad-impulsa-espacio-para-actividades-culturales\\\/#primaryimage\"},\"image\":{\"@id\":\"https:\\\/\\\/patagoniambiental.com.ar\\\/info\\\/dos-banderas-comunidad-impulsa-espacio-para-actividades-culturales\\\/#primaryimage\"},\"thumbnailUrl\":\"https:\\\/\\\/patagoniambiental.com.ar\\\/info\\\/wp-content\\\/uploads\\\/2019\\\/02\\\/f800x450-52143_103589_31-1.jpg\",\"datePublished\":\"2019-02-27T12:00:28+00:00\",\"breadcrumb\":{\"@id\":\"https:\\\/\\\/patagoniambiental.com.ar\\\/info\\\/dos-banderas-comunidad-impulsa-espacio-para-actividades-culturales\\\/#breadcrumb\"},\"inLanguage\":\"es\",\"potentialAction\":[{\"@type\":\"ReadAction\",\"target\":[\"https:\\\/\\\/patagoniambiental.com.ar\\\/info\\\/dos-banderas-comunidad-impulsa-espacio-para-actividades-culturales\\\/\"]}]},{\"@type\":\"ImageObject\",\"inLanguage\":\"es\",\"@id\":\"https:\\\/\\\/patagoniambiental.com.ar\\\/info\\\/dos-banderas-comunidad-impulsa-espacio-para-actividades-culturales\\\/#primaryimage\",\"url\":\"https:\\\/\\\/patagoniambiental.com.ar\\\/info\\\/wp-content\\\/uploads\\\/2019\\\/02\\\/f800x450-52143_103589_31-1.jpg\",\"contentUrl\":\"https:\\\/\\\/patagoniambiental.com.ar\\\/info\\\/wp-content\\\/uploads\\\/2019\\\/02\\\/f800x450-52143_103589_31-1.jpg\",\"width\":800,\"height\":450},{\"@type\":\"BreadcrumbList\",\"@id\":\"https:\\\/\\\/patagoniambiental.com.ar\\\/info\\\/dos-banderas-comunidad-impulsa-espacio-para-actividades-culturales\\\/#breadcrumb\",\"itemListElement\":[{\"@type\":\"ListItem\",\"position\":1,\"name\":\"Inicio\",\"item\":\"https:\\\/\\\/patagoniambiental.com.ar\\\/info\\\/\"},{\"@type\":\"ListItem\",\"position\":2,\"name\":\"DOS BANDERAS Comunidad impulsa espacio para actividades culturales\"}]},{\"@type\":\"WebSite\",\"@id\":\"https:\\\/\\\/patagoniambiental.com.ar\\\/info\\\/#website\",\"url\":\"https:\\\/\\\/patagoniambiental.com.ar\\\/info\\\/\",\"name\":\"Patagonia Ambiental\",\"description\":\"Monitoreo y an\u00e1lisis de la situaci\u00f3n geopol\u00edtica en el mundo y su implicancia en la Patagonia\",\"publisher\":{\"@id\":\"https:\\\/\\\/patagoniambiental.com.ar\\\/info\\\/#organization\"},\"potentialAction\":[{\"@type\":\"SearchAction\",\"target\":{\"@type\":\"EntryPoint\",\"urlTemplate\":\"https:\\\/\\\/patagoniambiental.com.ar\\\/info\\\/?s={search_term_string}\"},\"query-input\":{\"@type\":\"PropertyValueSpecification\",\"valueRequired\":true,\"valueName\":\"search_term_string\"}}],\"inLanguage\":\"es\"},{\"@type\":\"Organization\",\"@id\":\"https:\\\/\\\/patagoniambiental.com.ar\\\/info\\\/#organization\",\"name\":\"Patagonia Ambiental\",\"url\":\"https:\\\/\\\/patagoniambiental.com.ar\\\/info\\\/\",\"logo\":{\"@type\":\"ImageObject\",\"inLanguage\":\"es\",\"@id\":\"https:\\\/\\\/patagoniambiental.com.ar\\\/info\\\/#\\\/schema\\\/logo\\\/image\\\/\",\"url\":\"https:\\\/\\\/patagoniambiental.com.ar\\\/info\\\/wp-content\\\/uploads\\\/2025\\\/05\\\/LOGO-PATAGONIA-AMBIENTAL.png\",\"contentUrl\":\"https:\\\/\\\/patagoniambiental.com.ar\\\/info\\\/wp-content\\\/uploads\\\/2025\\\/05\\\/LOGO-PATAGONIA-AMBIENTAL.png\",\"width\":433,\"height\":250,\"caption\":\"Patagonia Ambiental\"},\"image\":{\"@id\":\"https:\\\/\\\/patagoniambiental.com.ar\\\/info\\\/#\\\/schema\\\/logo\\\/image\\\/\"},\"sameAs\":[\"https:\\\/\\\/www.facebook.com\\\/patagonia.ambiental\",\"https:\\\/\\\/x.com\\\/PatAmb\"]},{\"@type\":\"Person\",\"@id\":\"https:\\\/\\\/patagoniambiental.com.ar\\\/info\\\/#\\\/schema\\\/person\\\/db12bff64bbcbf6a253710bf0ea37b5d\",\"name\":\"Patagonia Ambiental\",\"description\":\"Andr\u00e9s Nievas T\u00e9cnico en manejo ambiental, consultor Ambiental y escritor para medios locales e internacionales sobre temas de geopolitica y medio ambiente.\",\"sameAs\":[\"http:\\\/\\\/www.patagoniambiental.com.ar\",\"https:\\\/\\\/www.facebook.com\\\/share\\\/1C1V8Gv9BX\\\/?mibextid=qi2Omg\",\"@patagoniambiental\",\"https:\\\/\\\/youtube.com\\\/@patagoniaambiental2023?si=BLt58t0wuXquxlYZ\"]}]}<\/script>\n<!-- \/ Yoast SEO Premium plugin. -->","yoast_head_json":{"title":"DOS BANDERAS Comunidad impulsa espacio para actividades culturales","robots":{"index":"index","follow":"follow","max-snippet":"max-snippet:-1","max-image-preview":"max-image-preview:large","max-video-preview":"max-video-preview:-1"},"canonical":"https:\/\/patagoniambiental.com.ar\/info\/dos-banderas-comunidad-impulsa-espacio-para-actividades-culturales\/","og_locale":"es_ES","og_type":"article","og_title":"DOS BANDERAS Comunidad impulsa espacio para actividades culturales","og_description":"Ushuaia.-En un sector del Barrio Dos Banderas, en Ushuaia, integrantes del pueblo mapuche est\u00e1n construyendo una &#8216;ruca&#8217; que quieren transformar [&hellip;]","og_url":"https:\/\/patagoniambiental.com.ar\/info\/dos-banderas-comunidad-impulsa-espacio-para-actividades-culturales\/","og_site_name":"Patagonia Ambiental","article_publisher":"https:\/\/www.facebook.com\/patagonia.ambiental","article_author":"https:\/\/www.facebook.com\/share\/1C1V8Gv9BX\/?mibextid=qi2Omg","article_published_time":"2019-02-27T12:00:28+00:00","og_image":[{"width":800,"height":450,"url":"https:\/\/patagoniambiental.com.ar\/info\/wp-content\/uploads\/2019\/02\/f800x450-52143_103589_31-1.jpg","type":"image\/jpeg"}],"author":"Patagonia Ambiental","twitter_card":"summary_large_image","twitter_creator":"@PatAmb","twitter_site":"@PatAmb","schema":{"@context":"https:\/\/schema.org","@graph":[{"@type":"Article","@id":"https:\/\/patagoniambiental.com.ar\/info\/dos-banderas-comunidad-impulsa-espacio-para-actividades-culturales\/#article","isPartOf":{"@id":"https:\/\/patagoniambiental.com.ar\/info\/dos-banderas-comunidad-impulsa-espacio-para-actividades-culturales\/"},"author":{"name":"Patagonia Ambiental","@id":"https:\/\/patagoniambiental.com.ar\/info\/#\/schema\/person\/db12bff64bbcbf6a253710bf0ea37b5d"},"headline":"DOS BANDERAS Comunidad impulsa espacio para actividades culturales","datePublished":"2019-02-27T12:00:28+00:00","mainEntityOfPage":{"@id":"https:\/\/patagoniambiental.com.ar\/info\/dos-banderas-comunidad-impulsa-espacio-para-actividades-culturales\/"},"wordCount":671,"commentCount":0,"publisher":{"@id":"https:\/\/patagoniambiental.com.ar\/info\/#organization"},"image":{"@id":"https:\/\/patagoniambiental.com.ar\/info\/dos-banderas-comunidad-impulsa-espacio-para-actividades-culturales\/#primaryimage"},"thumbnailUrl":"https:\/\/patagoniambiental.com.ar\/info\/wp-content\/uploads\/2019\/02\/f800x450-52143_103589_31-1.jpg","articleSection":["Bolet\u00edn","Noticias","Provinciales","Rotador","Tierra del Fuego"],"inLanguage":"es","potentialAction":[{"@type":"CommentAction","name":"Comment","target":["https:\/\/patagoniambiental.com.ar\/info\/dos-banderas-comunidad-impulsa-espacio-para-actividades-culturales\/#respond"]}]},{"@type":"WebPage","@id":"https:\/\/patagoniambiental.com.ar\/info\/dos-banderas-comunidad-impulsa-espacio-para-actividades-culturales\/","url":"https:\/\/patagoniambiental.com.ar\/info\/dos-banderas-comunidad-impulsa-espacio-para-actividades-culturales\/","name":"DOS BANDERAS Comunidad impulsa espacio para actividades culturales","isPartOf":{"@id":"https:\/\/patagoniambiental.com.ar\/info\/#website"},"primaryImageOfPage":{"@id":"https:\/\/patagoniambiental.com.ar\/info\/dos-banderas-comunidad-impulsa-espacio-para-actividades-culturales\/#primaryimage"},"image":{"@id":"https:\/\/patagoniambiental.com.ar\/info\/dos-banderas-comunidad-impulsa-espacio-para-actividades-culturales\/#primaryimage"},"thumbnailUrl":"https:\/\/patagoniambiental.com.ar\/info\/wp-content\/uploads\/2019\/02\/f800x450-52143_103589_31-1.jpg","datePublished":"2019-02-27T12:00:28+00:00","breadcrumb":{"@id":"https:\/\/patagoniambiental.com.ar\/info\/dos-banderas-comunidad-impulsa-espacio-para-actividades-culturales\/#breadcrumb"},"inLanguage":"es","potentialAction":[{"@type":"ReadAction","target":["https:\/\/patagoniambiental.com.ar\/info\/dos-banderas-comunidad-impulsa-espacio-para-actividades-culturales\/"]}]},{"@type":"ImageObject","inLanguage":"es","@id":"https:\/\/patagoniambiental.com.ar\/info\/dos-banderas-comunidad-impulsa-espacio-para-actividades-culturales\/#primaryimage","url":"https:\/\/patagoniambiental.com.ar\/info\/wp-content\/uploads\/2019\/02\/f800x450-52143_103589_31-1.jpg","contentUrl":"https:\/\/patagoniambiental.com.ar\/info\/wp-content\/uploads\/2019\/02\/f800x450-52143_103589_31-1.jpg","width":800,"height":450},{"@type":"BreadcrumbList","@id":"https:\/\/patagoniambiental.com.ar\/info\/dos-banderas-comunidad-impulsa-espacio-para-actividades-culturales\/#breadcrumb","itemListElement":[{"@type":"ListItem","position":1,"name":"Inicio","item":"https:\/\/patagoniambiental.com.ar\/info\/"},{"@type":"ListItem","position":2,"name":"DOS BANDERAS Comunidad impulsa espacio para actividades culturales"}]},{"@type":"WebSite","@id":"https:\/\/patagoniambiental.com.ar\/info\/#website","url":"https:\/\/patagoniambiental.com.ar\/info\/","name":"Patagonia Ambiental","description":"Monitoreo y an\u00e1lisis de la situaci\u00f3n geopol\u00edtica en el mundo y su implicancia en la Patagonia","publisher":{"@id":"https:\/\/patagoniambiental.com.ar\/info\/#organization"},"potentialAction":[{"@type":"SearchAction","target":{"@type":"EntryPoint","urlTemplate":"https:\/\/patagoniambiental.com.ar\/info\/?s={search_term_string}"},"query-input":{"@type":"PropertyValueSpecification","valueRequired":true,"valueName":"search_term_string"}}],"inLanguage":"es"},{"@type":"Organization","@id":"https:\/\/patagoniambiental.com.ar\/info\/#organization","name":"Patagonia Ambiental","url":"https:\/\/patagoniambiental.com.ar\/info\/","logo":{"@type":"ImageObject","inLanguage":"es","@id":"https:\/\/patagoniambiental.com.ar\/info\/#\/schema\/logo\/image\/","url":"https:\/\/patagoniambiental.com.ar\/info\/wp-content\/uploads\/2025\/05\/LOGO-PATAGONIA-AMBIENTAL.png","contentUrl":"https:\/\/patagoniambiental.com.ar\/info\/wp-content\/uploads\/2025\/05\/LOGO-PATAGONIA-AMBIENTAL.png","width":433,"height":250,"caption":"Patagonia Ambiental"},"image":{"@id":"https:\/\/patagoniambiental.com.ar\/info\/#\/schema\/logo\/image\/"},"sameAs":["https:\/\/www.facebook.com\/patagonia.ambiental","https:\/\/x.com\/PatAmb"]},{"@type":"Person","@id":"https:\/\/patagoniambiental.com.ar\/info\/#\/schema\/person\/db12bff64bbcbf6a253710bf0ea37b5d","name":"Patagonia Ambiental","description":"Andr\u00e9s Nievas T\u00e9cnico en manejo ambiental, consultor Ambiental y escritor para medios locales e internacionales sobre temas de geopolitica y medio ambiente.","sameAs":["http:\/\/www.patagoniambiental.com.ar","https:\/\/www.facebook.com\/share\/1C1V8Gv9BX\/?mibextid=qi2Omg","@patagoniambiental","https:\/\/youtube.com\/@patagoniaambiental2023?si=BLt58t0wuXquxlYZ"]}]}},"_links":{"self":[{"href":"https:\/\/patagoniambiental.com.ar\/info\/wp-json\/wp\/v2\/posts\/59222","targetHints":{"allow":["GET"]}}],"collection":[{"href":"https:\/\/patagoniambiental.com.ar\/info\/wp-json\/wp\/v2\/posts"}],"about":[{"href":"https:\/\/patagoniambiental.com.ar\/info\/wp-json\/wp\/v2\/types\/post"}],"author":[{"embeddable":true,"href":"https:\/\/patagoniambiental.com.ar\/info\/wp-json\/wp\/v2\/users\/2"}],"replies":[{"embeddable":true,"href":"https:\/\/patagoniambiental.com.ar\/info\/wp-json\/wp\/v2\/comments?post=59222"}],"version-history":[{"count":0,"href":"https:\/\/patagoniambiental.com.ar\/info\/wp-json\/wp\/v2\/posts\/59222\/revisions"}],"wp:featuredmedia":[{"embeddable":true,"href":"https:\/\/patagoniambiental.com.ar\/info\/wp-json\/wp\/v2\/media\/59223"}],"wp:attachment":[{"href":"https:\/\/patagoniambiental.com.ar\/info\/wp-json\/wp\/v2\/media?parent=59222"}],"wp:term":[{"taxonomy":"category","embeddable":true,"href":"https:\/\/patagoniambiental.com.ar\/info\/wp-json\/wp\/v2\/categories?post=59222"},{"taxonomy":"post_tag","embeddable":true,"href":"https:\/\/patagoniambiental.com.ar\/info\/wp-json\/wp\/v2\/tags?post=59222"}],"curies":[{"name":"wp","href":"https:\/\/api.w.org\/{rel}","templated":true}]}}