{"id":59228,"date":"2019-02-26T19:00:00","date_gmt":"2019-02-26T22:00:00","guid":{"rendered":"http:\/\/patagoniambiental.com.ar\/info\/?p=59228"},"modified":"2019-02-26T10:21:46","modified_gmt":"2019-02-26T13:21:46","slug":"neuquen-estudiantes-desarrollaran-modulos-de-energias-limpias-para-espacios-publicos-de-la-provincia","status":"publish","type":"post","link":"https:\/\/patagoniambiental.com.ar\/info\/neuquen-estudiantes-desarrollaran-modulos-de-energias-limpias-para-espacios-publicos-de-la-provincia\/","title":{"rendered":"Neuqu\u00e9n: Estudiantes desarrollar\u00e1n m\u00f3dulos de energ\u00edas limpias para espacios p\u00fablicos de la provincia\u00a0"},"content":{"rendered":"<div class=\"td-post-header td-container\">\n<div class=\"td-post-header-holder sombra\">\n<header class=\"td-post-title\">\n<div class=\"td-module-meta-info\">Neuqu\u00e9n.-A trav\u00e9s de un convenio firmado por el CPE y ADI-NQN se construir\u00e1n m\u00f3dulos de generaci\u00f3n de energ\u00eda fotovoltaica y se implementar\u00e1 en el espacio p\u00fablico del Paseo de la Costa como programa piloto.<\/div>\n<div><\/div>\n<\/header>\n<\/div>\n<\/div>\n<p><!--more--><\/p>\n<div class=\"td-container\">\n<div class=\"td-pb-row\">\n<div class=\"td-pb-span8 td-main-content\" role=\"main\">\n<div class=\"td-ss-main-content\">\n<div class=\"td-post-content\">\n<p>Durante la ma\u00f1ana de ayer, la ministra de Educaci\u00f3n y titular del Consejo Provincial de Educaci\u00f3n (CPE), Cristina Storioni, junto al titular de la Agencia de Promoci\u00f3n y Desarrollo de Inversiones de Neuqu\u00e9n S.E.P. (ADI-NQN), Jos\u00e9 Brillo,\u00a0 firmaron un convenio de colaboraci\u00f3n para la formaci\u00f3n, desarrollo y funcionamiento de m\u00f3dulos de generaci\u00f3n de energ\u00eda fotovoltaica. Est\u00e1 orientado a alumnos de escuelas t\u00e9cnicas de la provincia en espacios de uso p\u00fablico y gratuito.<\/p>\n<figure id=\"attachment_128435\" class=\"wp-caption aligncenter\"><img fetchpriority=\"high\" decoding=\"async\" class=\"wp-image-128435 size-large\" src=\"https:\/\/www.neuqueninforma.gob.ar\/wp-content\/uploads\/2019\/02\/WEB-SEGUNDA_MG_7095-1024x506.jpg\" sizes=\"(max-width: 640px) 100vw, 640px\" srcset=\"https:\/\/www.neuqueninforma.gob.ar\/wp-content\/uploads\/2019\/02\/WEB-SEGUNDA_MG_7095-1024x506.jpg 1024w, https:\/\/www.neuqueninforma.gob.ar\/wp-content\/uploads\/2019\/02\/WEB-SEGUNDA_MG_7095-300x148.jpg 300w, https:\/\/www.neuqueninforma.gob.ar\/wp-content\/uploads\/2019\/02\/WEB-SEGUNDA_MG_7095-324x160.jpg 324w, https:\/\/www.neuqueninforma.gob.ar\/wp-content\/uploads\/2019\/02\/WEB-SEGUNDA_MG_7095-696x344.jpg 696w, https:\/\/www.neuqueninforma.gob.ar\/wp-content\/uploads\/2019\/02\/WEB-SEGUNDA_MG_7095-1068x528.jpg 1068w, https:\/\/www.neuqueninforma.gob.ar\/wp-content\/uploads\/2019\/02\/WEB-SEGUNDA_MG_7095-850x420.jpg 850w, https:\/\/www.neuqueninforma.gob.ar\/wp-content\/uploads\/2019\/02\/WEB-SEGUNDA_MG_7095-1320x652.jpg 1320w, https:\/\/www.neuqueninforma.gob.ar\/wp-content\/uploads\/2019\/02\/WEB-SEGUNDA_MG_7095.jpg 1403w\" alt=\"\" width=\"640\" height=\"316\" \/><figcaption class=\"wp-caption-text\">\u201cEste es el puntapi\u00e9 para nuevos proyectos en conjunto con ADI-NQN\u201d, coment\u00f3 Storioni.<\/figcaption><\/figure>\n<p>El convenio ofrece un curr\u00edculo t\u00e9cnico-acad\u00e9mico tendiente a brindar pr\u00e1cticas de formaci\u00f3n profesionalizantes no remunerativas como una alternativa a la energ\u00eda proveniente de los hidrocarburos, destinadas a cooperar con la construcci\u00f3n e instalaci\u00f3n m\u00f3dulos fotovoltaicos en el espacio p\u00fablico del Paseo de la Costa de la ciudad de Neuqu\u00e9n, como programa piloto y prueba.<\/p>\n<p>Dentro de los considerandos de la Resoluci\u00f3n N\u00b0 1773, el proyecto \u201cM\u00f3dulos Integrales Renovables\u201d prev\u00e9 la formaci\u00f3n de estudiantes en la construcci\u00f3n y puesta en marcha de equipos de generaci\u00f3n de energ\u00eda fotovoltaica. Para dicho fin, la ADI-NQN aportar\u00eda el equipamiento y la capacitaci\u00f3n necesaria para su desarrollo.<\/p>\n<p>La ministra de Educaci\u00f3n, Cristina Storioni, celebr\u00f3 la firma del acuerdo y se\u00f1al\u00f3 que \u201cestamos hoy concretando una decisi\u00f3n que tom\u00f3 el cuerpo colegiado del CPE en su conjunto y por unanimidad en el mes de diciembre pasado con el objetivo de ratificar un convenio ADI-NQN, en la persona de su titular, Jos\u00e9 Brillo\u201d.<\/p>\n<p>\u201cLa Resoluci\u00f3n N\u00b0 1773 fue firmada por los vocales que representan a los docentes y el vocal que representa a la comunidad, y que se haya aprobado por unanimidad significa \u2018una expresi\u00f3n contundente\u2019 para que se le d\u00e9 curso a estas experiencias\u201d, destac\u00f3 la ministra de Educaci\u00f3n y titular del CPE, Cristina Storioni.<\/p>\n<p>\u201cPoder trabajar en escuelas t\u00e9cnicas de la provincia directamente con nuestros estudiantes en la confecci\u00f3n de diferentes experiencias de transformaci\u00f3n energ\u00e9tica es de proyectar el futuro, por eso ya estamos comenzando con el cronograma de acciones para implementar en estos d\u00edas\u201d, dijo y agreg\u00f3 que \u201ceste es el puntapi\u00e9 para nuevos proyectos en conjunto con ADI-NQN.<\/p>\n<figure id=\"attachment_128436\" class=\"wp-caption aligncenter\"><img decoding=\"async\" class=\"wp-image-128436 size-large\" src=\"https:\/\/www.neuqueninforma.gob.ar\/wp-content\/uploads\/2019\/02\/WEB-TERCERA_MG_7099-1024x506.jpg\" sizes=\"(max-width: 640px) 100vw, 640px\" srcset=\"https:\/\/www.neuqueninforma.gob.ar\/wp-content\/uploads\/2019\/02\/WEB-TERCERA_MG_7099-1024x506.jpg 1024w, https:\/\/www.neuqueninforma.gob.ar\/wp-content\/uploads\/2019\/02\/WEB-TERCERA_MG_7099-300x148.jpg 300w, https:\/\/www.neuqueninforma.gob.ar\/wp-content\/uploads\/2019\/02\/WEB-TERCERA_MG_7099-324x160.jpg 324w, https:\/\/www.neuqueninforma.gob.ar\/wp-content\/uploads\/2019\/02\/WEB-TERCERA_MG_7099-696x344.jpg 696w, https:\/\/www.neuqueninforma.gob.ar\/wp-content\/uploads\/2019\/02\/WEB-TERCERA_MG_7099-1068x528.jpg 1068w, https:\/\/www.neuqueninforma.gob.ar\/wp-content\/uploads\/2019\/02\/WEB-TERCERA_MG_7099-850x420.jpg 850w, https:\/\/www.neuqueninforma.gob.ar\/wp-content\/uploads\/2019\/02\/WEB-TERCERA_MG_7099-1320x652.jpg 1320w, https:\/\/www.neuqueninforma.gob.ar\/wp-content\/uploads\/2019\/02\/WEB-TERCERA_MG_7099.jpg 1403w\" alt=\"\" width=\"640\" height=\"316\" \/><figcaption class=\"wp-caption-text\">La propuesta est\u00e1 orientada a alumnos de escuelas t\u00e9cnicas de la provincia en espacios de uso p\u00fablico y gratuito.<\/figcaption><\/figure>\n<p>Por su parte, el Presidente de ADI-NQN, Jos\u00e9 Brillo, se\u00f1al\u00f3 que \u201ceste convenio que hemos firmado no es menor, porque tiene que ver con energ\u00eda verde en el coraz\u00f3n de Vaca Muerta\u201d.<\/p>\n<p>Precis\u00f3 que \u201clas energ\u00edas renovables son el presente y el futuro de la provincia y es el \u00e1mbito educativo el que va a ir transmitiendo a la comunidad la importancia que tiene la transformaci\u00f3n hacia las energ\u00edas verdes\u201d y agreg\u00f3 que \u201cesto tiene un gran\u00a0 impulso de parte del gobernador Omar Guti\u00e9rrez que tiene su realizaci\u00f3n pr\u00e1ctica en este convenio\u201d.<\/p>\n<p>Por otra parte, indic\u00f3 que se \u201caprovechar\u00e1n todas las escuelas t\u00e9cnicas para impulsar estos desarrollos donde alumnos puedan construir los paneles e\u00f3licos y solares que sean necesarios, con el objetivo de proveer -en primer lugar- a nuestra provincia, y por supuesto con la legislaci\u00f3n que obliga a que el ocho por ciento de la energ\u00eda que consumamos en el pa\u00eds este a\u00f1o sea renovable. Agreg\u00f3 que al respecto, \u201cpara el a\u00f1o 2025 deberemos llegar al 20 por ciento, \u00f3sea que tenemos mucho trabajo por hacer\u201d.<\/p>\n<p>Brillo indic\u00f3 que el financiamiento del proyecto correr\u00eda por parte de la ADI-NQN,\u00a0 \u201cporque son trabajos que no requieren muchos fondos\u201d.<\/p>\n<p>Finalmente dijo que \u201cdesde ya este proyecto entusiasma a los chicos y tiene un incentivo natural, porque adem\u00e1s estas nuevas tecnolog\u00edas se implementar\u00e1n en espacios de encuentro, plazas, bicicendas, lugares muy concurridos por los chicos.<\/p>\n<p>Finalmente, Marcelo Jensen Vocal Nivel Secundario T\u00e9cnica y Superior del CPE (Consejo Provincial de Educaci\u00f3n), dijo que \u201cya se han seleccionado algunas escuelas que participar\u00e1n activamente del proyecto, como por ejemplo la EPET N\u00b0 3 en la especialidad energ\u00eda y vamos a empezar con una experiencia piloto en el Paseo de la Costa para luego implementarse en cada espacio p\u00fablico y escuelas del interior de la provincia\u201d.<\/p>\n<p>Participaron adem\u00e1s, Oscar Frassone Director Provincial Educaci\u00f3n T\u00e9cnica, Formaci\u00f3n Profesional y Centro Regional de Educaci\u00f3n Tecnol\u00f3gica (CeRET); entre otros funcionarios provinciales de Educaci\u00f3n y personal de la ADI-NQN.<\/p>\n<figure id=\"attachment_128434\" class=\"wp-caption aligncenter\"><img decoding=\"async\" class=\"wp-image-128434 size-large\" src=\"https:\/\/www.neuqueninforma.gob.ar\/wp-content\/uploads\/2019\/02\/WEB-CIERRE_MG_7143-1024x506.jpg\" sizes=\"(max-width: 640px) 100vw, 640px\" srcset=\"https:\/\/www.neuqueninforma.gob.ar\/wp-content\/uploads\/2019\/02\/WEB-CIERRE_MG_7143-1024x506.jpg 1024w, https:\/\/www.neuqueninforma.gob.ar\/wp-content\/uploads\/2019\/02\/WEB-CIERRE_MG_7143-300x148.jpg 300w, https:\/\/www.neuqueninforma.gob.ar\/wp-content\/uploads\/2019\/02\/WEB-CIERRE_MG_7143-324x160.jpg 324w, https:\/\/www.neuqueninforma.gob.ar\/wp-content\/uploads\/2019\/02\/WEB-CIERRE_MG_7143-696x344.jpg 696w, https:\/\/www.neuqueninforma.gob.ar\/wp-content\/uploads\/2019\/02\/WEB-CIERRE_MG_7143-1068x528.jpg 1068w, https:\/\/www.neuqueninforma.gob.ar\/wp-content\/uploads\/2019\/02\/WEB-CIERRE_MG_7143-850x420.jpg 850w, https:\/\/www.neuqueninforma.gob.ar\/wp-content\/uploads\/2019\/02\/WEB-CIERRE_MG_7143-1320x652.jpg 1320w, https:\/\/www.neuqueninforma.gob.ar\/wp-content\/uploads\/2019\/02\/WEB-CIERRE_MG_7143.jpg 1403w\" alt=\"\" width=\"640\" height=\"316\" \/><figcaption class=\"wp-caption-text\">Brillo indic\u00f3 que el financiamiento del proyecto correr\u00eda por parte de la ADI-NQN,\u00a0 \u201cporque son trabajos que no requieren muchos fondos\u201d.<br \/>\nFuente: Neuqu\u00e9n Informa<\/figcaption><\/figure>\n<\/div>\n<\/div>\n<\/div>\n<\/div>\n<\/div>\n","protected":false},"excerpt":{"rendered":"<p>Neuqu\u00e9n.-A trav\u00e9s de un convenio firmado por el CPE y ADI-NQN se construir\u00e1n m\u00f3dulos de generaci\u00f3n de energ\u00eda fotovoltaica y [&hellip;]<\/p>\n","protected":false},"author":2,"featured_media":59229,"comment_status":"open","ping_status":"open","sticky":false,"template":"","format":"standard","meta":{"site-sidebar-layout":"default","site-content-layout":"","ast-site-content-layout":"default","site-content-style":"default","site-sidebar-style":"default","ast-global-header-display":"","ast-banner-title-visibility":"","ast-main-header-display":"","ast-hfb-above-header-display":"","ast-hfb-below-header-display":"","ast-hfb-mobile-header-display":"","site-post-title":"","ast-breadcrumbs-content":"","ast-featured-img":"","footer-sml-layout":"","ast-disable-related-posts":"","theme-transparent-header-meta":"","adv-header-id-meta":"","stick-header-meta":"","header-above-stick-meta":"","header-main-stick-meta":"","header-below-stick-meta":"","astra-migrate-meta-layouts":"default","ast-page-background-enabled":"default","ast-page-background-meta":{"desktop":{"background-color":"var(--ast-global-color-5)","background-image":"","background-repeat":"repeat","background-position":"center center","background-size":"auto","background-attachment":"scroll","background-type":"","background-media":"","overlay-type":"","overlay-color":"","overlay-opacity":"","overlay-gradient":""},"tablet":{"background-color":"","background-image":"","background-repeat":"repeat","background-position":"center center","background-size":"auto","background-attachment":"scroll","background-type":"","background-media":"","overlay-type":"","overlay-color":"","overlay-opacity":"","overlay-gradient":""},"mobile":{"background-color":"","background-image":"","background-repeat":"repeat","background-position":"center center","background-size":"auto","background-attachment":"scroll","background-type":"","background-media":"","overlay-type":"","overlay-color":"","overlay-opacity":"","overlay-gradient":""}},"ast-content-background-meta":{"desktop":{"background-color":"var(--ast-global-color-4)","background-image":"","background-repeat":"repeat","background-position":"center center","background-size":"auto","background-attachment":"scroll","background-type":"","background-media":"","overlay-type":"","overlay-color":"","overlay-opacity":"","overlay-gradient":""},"tablet":{"background-color":"var(--ast-global-color-4)","background-image":"","background-repeat":"repeat","background-position":"center center","background-size":"auto","background-attachment":"scroll","background-type":"","background-media":"","overlay-type":"","overlay-color":"","overlay-opacity":"","overlay-gradient":""},"mobile":{"background-color":"var(--ast-global-color-4)","background-image":"","background-repeat":"repeat","background-position":"center center","background-size":"auto","background-attachment":"scroll","background-type":"","background-media":"","overlay-type":"","overlay-color":"","overlay-opacity":"","overlay-gradient":""}},"footnotes":""},"categories":[18,1,13],"tags":[],"class_list":["post-59228","post","type-post","status-publish","format-standard","has-post-thumbnail","hentry","category-neuquen","category-noticias","category-provinciales"],"yoast_head":"<!-- This site is optimized with the Yoast SEO Premium plugin v23.0 (Yoast SEO v27.4) - https:\/\/yoast.com\/product\/yoast-seo-premium-wordpress\/ -->\n<title>Neuqu\u00e9n: Estudiantes desarrollar\u00e1n m\u00f3dulos de energ\u00edas limpias para espacios p\u00fablicos de la provincia\u00a0<\/title>\n<meta name=\"robots\" content=\"index, follow, max-snippet:-1, max-image-preview:large, max-video-preview:-1\" \/>\n<link rel=\"canonical\" href=\"https:\/\/patagoniambiental.com.ar\/info\/neuquen-estudiantes-desarrollaran-modulos-de-energias-limpias-para-espacios-publicos-de-la-provincia\/\" \/>\n<meta property=\"og:locale\" content=\"es_ES\" \/>\n<meta property=\"og:type\" content=\"article\" \/>\n<meta property=\"og:title\" content=\"Neuqu\u00e9n: Estudiantes desarrollar\u00e1n m\u00f3dulos de energ\u00edas limpias para espacios p\u00fablicos de la provincia\u00a0\" \/>\n<meta property=\"og:description\" content=\"Neuqu\u00e9n.-A trav\u00e9s de un convenio firmado por el CPE y ADI-NQN se construir\u00e1n m\u00f3dulos de generaci\u00f3n de energ\u00eda fotovoltaica y [&hellip;]\" \/>\n<meta property=\"og:url\" content=\"https:\/\/patagoniambiental.com.ar\/info\/neuquen-estudiantes-desarrollaran-modulos-de-energias-limpias-para-espacios-publicos-de-la-provincia\/\" \/>\n<meta property=\"og:site_name\" content=\"Patagonia Ambiental\" \/>\n<meta property=\"article:publisher\" content=\"https:\/\/www.facebook.com\/patagonia.ambiental\" \/>\n<meta property=\"article:author\" content=\"https:\/\/www.facebook.com\/share\/1C1V8Gv9BX\/?mibextid=qi2Omg\" \/>\n<meta property=\"article:published_time\" content=\"2019-02-26T22:00:00+00:00\" \/>\n<meta property=\"og:image\" content=\"https:\/\/patagoniambiental.com.ar\/info\/wp-content\/uploads\/2019\/02\/WEB-SEGUNDA_MG_7095-696x344.jpg\" \/>\n\t<meta property=\"og:image:width\" content=\"696\" \/>\n\t<meta property=\"og:image:height\" content=\"344\" \/>\n\t<meta property=\"og:image:type\" content=\"image\/jpeg\" \/>\n<meta name=\"author\" content=\"Patagonia Ambiental\" \/>\n<meta name=\"twitter:card\" content=\"summary_large_image\" \/>\n<meta name=\"twitter:creator\" content=\"@PatAmb\" \/>\n<meta name=\"twitter:site\" content=\"@PatAmb\" \/>\n<script type=\"application\/ld+json\" class=\"yoast-schema-graph\">{\"@context\":\"https:\\\/\\\/schema.org\",\"@graph\":[{\"@type\":\"Article\",\"@id\":\"https:\\\/\\\/patagoniambiental.com.ar\\\/info\\\/neuquen-estudiantes-desarrollaran-modulos-de-energias-limpias-para-espacios-publicos-de-la-provincia\\\/#article\",\"isPartOf\":{\"@id\":\"https:\\\/\\\/patagoniambiental.com.ar\\\/info\\\/neuquen-estudiantes-desarrollaran-modulos-de-energias-limpias-para-espacios-publicos-de-la-provincia\\\/\"},\"author\":{\"name\":\"Patagonia Ambiental\",\"@id\":\"https:\\\/\\\/patagoniambiental.com.ar\\\/info\\\/#\\\/schema\\\/person\\\/db12bff64bbcbf6a253710bf0ea37b5d\"},\"headline\":\"Neuqu\u00e9n: Estudiantes desarrollar\u00e1n m\u00f3dulos de energ\u00edas limpias para espacios p\u00fablicos de la provincia\u00a0\",\"datePublished\":\"2019-02-26T22:00:00+00:00\",\"mainEntityOfPage\":{\"@id\":\"https:\\\/\\\/patagoniambiental.com.ar\\\/info\\\/neuquen-estudiantes-desarrollaran-modulos-de-energias-limpias-para-espacios-publicos-de-la-provincia\\\/\"},\"wordCount\":857,\"commentCount\":0,\"publisher\":{\"@id\":\"https:\\\/\\\/patagoniambiental.com.ar\\\/info\\\/#organization\"},\"image\":{\"@id\":\"https:\\\/\\\/patagoniambiental.com.ar\\\/info\\\/neuquen-estudiantes-desarrollaran-modulos-de-energias-limpias-para-espacios-publicos-de-la-provincia\\\/#primaryimage\"},\"thumbnailUrl\":\"https:\\\/\\\/patagoniambiental.com.ar\\\/info\\\/wp-content\\\/uploads\\\/2019\\\/02\\\/WEB-SEGUNDA_MG_7095-696x344.jpg\",\"articleSection\":[\"Neuqu\u00e9n\",\"Noticias\",\"Provinciales\"],\"inLanguage\":\"es\",\"potentialAction\":[{\"@type\":\"CommentAction\",\"name\":\"Comment\",\"target\":[\"https:\\\/\\\/patagoniambiental.com.ar\\\/info\\\/neuquen-estudiantes-desarrollaran-modulos-de-energias-limpias-para-espacios-publicos-de-la-provincia\\\/#respond\"]}]},{\"@type\":\"WebPage\",\"@id\":\"https:\\\/\\\/patagoniambiental.com.ar\\\/info\\\/neuquen-estudiantes-desarrollaran-modulos-de-energias-limpias-para-espacios-publicos-de-la-provincia\\\/\",\"url\":\"https:\\\/\\\/patagoniambiental.com.ar\\\/info\\\/neuquen-estudiantes-desarrollaran-modulos-de-energias-limpias-para-espacios-publicos-de-la-provincia\\\/\",\"name\":\"Neuqu\u00e9n: Estudiantes desarrollar\u00e1n m\u00f3dulos de energ\u00edas limpias para espacios p\u00fablicos de la provincia\u00a0\",\"isPartOf\":{\"@id\":\"https:\\\/\\\/patagoniambiental.com.ar\\\/info\\\/#website\"},\"primaryImageOfPage\":{\"@id\":\"https:\\\/\\\/patagoniambiental.com.ar\\\/info\\\/neuquen-estudiantes-desarrollaran-modulos-de-energias-limpias-para-espacios-publicos-de-la-provincia\\\/#primaryimage\"},\"image\":{\"@id\":\"https:\\\/\\\/patagoniambiental.com.ar\\\/info\\\/neuquen-estudiantes-desarrollaran-modulos-de-energias-limpias-para-espacios-publicos-de-la-provincia\\\/#primaryimage\"},\"thumbnailUrl\":\"https:\\\/\\\/patagoniambiental.com.ar\\\/info\\\/wp-content\\\/uploads\\\/2019\\\/02\\\/WEB-SEGUNDA_MG_7095-696x344.jpg\",\"datePublished\":\"2019-02-26T22:00:00+00:00\",\"breadcrumb\":{\"@id\":\"https:\\\/\\\/patagoniambiental.com.ar\\\/info\\\/neuquen-estudiantes-desarrollaran-modulos-de-energias-limpias-para-espacios-publicos-de-la-provincia\\\/#breadcrumb\"},\"inLanguage\":\"es\",\"potentialAction\":[{\"@type\":\"ReadAction\",\"target\":[\"https:\\\/\\\/patagoniambiental.com.ar\\\/info\\\/neuquen-estudiantes-desarrollaran-modulos-de-energias-limpias-para-espacios-publicos-de-la-provincia\\\/\"]}]},{\"@type\":\"ImageObject\",\"inLanguage\":\"es\",\"@id\":\"https:\\\/\\\/patagoniambiental.com.ar\\\/info\\\/neuquen-estudiantes-desarrollaran-modulos-de-energias-limpias-para-espacios-publicos-de-la-provincia\\\/#primaryimage\",\"url\":\"https:\\\/\\\/patagoniambiental.com.ar\\\/info\\\/wp-content\\\/uploads\\\/2019\\\/02\\\/WEB-SEGUNDA_MG_7095-696x344.jpg\",\"contentUrl\":\"https:\\\/\\\/patagoniambiental.com.ar\\\/info\\\/wp-content\\\/uploads\\\/2019\\\/02\\\/WEB-SEGUNDA_MG_7095-696x344.jpg\",\"width\":696,\"height\":344},{\"@type\":\"BreadcrumbList\",\"@id\":\"https:\\\/\\\/patagoniambiental.com.ar\\\/info\\\/neuquen-estudiantes-desarrollaran-modulos-de-energias-limpias-para-espacios-publicos-de-la-provincia\\\/#breadcrumb\",\"itemListElement\":[{\"@type\":\"ListItem\",\"position\":1,\"name\":\"Inicio\",\"item\":\"https:\\\/\\\/patagoniambiental.com.ar\\\/info\\\/\"},{\"@type\":\"ListItem\",\"position\":2,\"name\":\"Neuqu\u00e9n: Estudiantes desarrollar\u00e1n m\u00f3dulos de energ\u00edas limpias para espacios p\u00fablicos de la provincia\u00a0\"}]},{\"@type\":\"WebSite\",\"@id\":\"https:\\\/\\\/patagoniambiental.com.ar\\\/info\\\/#website\",\"url\":\"https:\\\/\\\/patagoniambiental.com.ar\\\/info\\\/\",\"name\":\"Patagonia Ambiental\",\"description\":\"Monitoreo y an\u00e1lisis de la situaci\u00f3n geopol\u00edtica en el mundo y su implicancia en la Patagonia\",\"publisher\":{\"@id\":\"https:\\\/\\\/patagoniambiental.com.ar\\\/info\\\/#organization\"},\"potentialAction\":[{\"@type\":\"SearchAction\",\"target\":{\"@type\":\"EntryPoint\",\"urlTemplate\":\"https:\\\/\\\/patagoniambiental.com.ar\\\/info\\\/?s={search_term_string}\"},\"query-input\":{\"@type\":\"PropertyValueSpecification\",\"valueRequired\":true,\"valueName\":\"search_term_string\"}}],\"inLanguage\":\"es\"},{\"@type\":\"Organization\",\"@id\":\"https:\\\/\\\/patagoniambiental.com.ar\\\/info\\\/#organization\",\"name\":\"Patagonia Ambiental\",\"url\":\"https:\\\/\\\/patagoniambiental.com.ar\\\/info\\\/\",\"logo\":{\"@type\":\"ImageObject\",\"inLanguage\":\"es\",\"@id\":\"https:\\\/\\\/patagoniambiental.com.ar\\\/info\\\/#\\\/schema\\\/logo\\\/image\\\/\",\"url\":\"https:\\\/\\\/patagoniambiental.com.ar\\\/info\\\/wp-content\\\/uploads\\\/2025\\\/05\\\/LOGO-PATAGONIA-AMBIENTAL.png\",\"contentUrl\":\"https:\\\/\\\/patagoniambiental.com.ar\\\/info\\\/wp-content\\\/uploads\\\/2025\\\/05\\\/LOGO-PATAGONIA-AMBIENTAL.png\",\"width\":433,\"height\":250,\"caption\":\"Patagonia Ambiental\"},\"image\":{\"@id\":\"https:\\\/\\\/patagoniambiental.com.ar\\\/info\\\/#\\\/schema\\\/logo\\\/image\\\/\"},\"sameAs\":[\"https:\\\/\\\/www.facebook.com\\\/patagonia.ambiental\",\"https:\\\/\\\/x.com\\\/PatAmb\"]},{\"@type\":\"Person\",\"@id\":\"https:\\\/\\\/patagoniambiental.com.ar\\\/info\\\/#\\\/schema\\\/person\\\/db12bff64bbcbf6a253710bf0ea37b5d\",\"name\":\"Patagonia Ambiental\",\"description\":\"Andr\u00e9s Nievas T\u00e9cnico en manejo ambiental, consultor Ambiental y escritor para medios locales e internacionales sobre temas de geopolitica y medio ambiente.\",\"sameAs\":[\"http:\\\/\\\/www.patagoniambiental.com.ar\",\"https:\\\/\\\/www.facebook.com\\\/share\\\/1C1V8Gv9BX\\\/?mibextid=qi2Omg\",\"@patagoniambiental\",\"https:\\\/\\\/youtube.com\\\/@patagoniaambiental2023?si=BLt58t0wuXquxlYZ\"]}]}<\/script>\n<!-- \/ Yoast SEO Premium plugin. -->","yoast_head_json":{"title":"Neuqu\u00e9n: Estudiantes desarrollar\u00e1n m\u00f3dulos de energ\u00edas limpias para espacios p\u00fablicos de la provincia\u00a0","robots":{"index":"index","follow":"follow","max-snippet":"max-snippet:-1","max-image-preview":"max-image-preview:large","max-video-preview":"max-video-preview:-1"},"canonical":"https:\/\/patagoniambiental.com.ar\/info\/neuquen-estudiantes-desarrollaran-modulos-de-energias-limpias-para-espacios-publicos-de-la-provincia\/","og_locale":"es_ES","og_type":"article","og_title":"Neuqu\u00e9n: Estudiantes desarrollar\u00e1n m\u00f3dulos de energ\u00edas limpias para espacios p\u00fablicos de la provincia\u00a0","og_description":"Neuqu\u00e9n.-A trav\u00e9s de un convenio firmado por el CPE y ADI-NQN se construir\u00e1n m\u00f3dulos de generaci\u00f3n de energ\u00eda fotovoltaica y [&hellip;]","og_url":"https:\/\/patagoniambiental.com.ar\/info\/neuquen-estudiantes-desarrollaran-modulos-de-energias-limpias-para-espacios-publicos-de-la-provincia\/","og_site_name":"Patagonia Ambiental","article_publisher":"https:\/\/www.facebook.com\/patagonia.ambiental","article_author":"https:\/\/www.facebook.com\/share\/1C1V8Gv9BX\/?mibextid=qi2Omg","article_published_time":"2019-02-26T22:00:00+00:00","og_image":[{"width":696,"height":344,"url":"https:\/\/patagoniambiental.com.ar\/info\/wp-content\/uploads\/2019\/02\/WEB-SEGUNDA_MG_7095-696x344.jpg","type":"image\/jpeg"}],"author":"Patagonia Ambiental","twitter_card":"summary_large_image","twitter_creator":"@PatAmb","twitter_site":"@PatAmb","schema":{"@context":"https:\/\/schema.org","@graph":[{"@type":"Article","@id":"https:\/\/patagoniambiental.com.ar\/info\/neuquen-estudiantes-desarrollaran-modulos-de-energias-limpias-para-espacios-publicos-de-la-provincia\/#article","isPartOf":{"@id":"https:\/\/patagoniambiental.com.ar\/info\/neuquen-estudiantes-desarrollaran-modulos-de-energias-limpias-para-espacios-publicos-de-la-provincia\/"},"author":{"name":"Patagonia Ambiental","@id":"https:\/\/patagoniambiental.com.ar\/info\/#\/schema\/person\/db12bff64bbcbf6a253710bf0ea37b5d"},"headline":"Neuqu\u00e9n: Estudiantes desarrollar\u00e1n m\u00f3dulos de energ\u00edas limpias para espacios p\u00fablicos de la provincia\u00a0","datePublished":"2019-02-26T22:00:00+00:00","mainEntityOfPage":{"@id":"https:\/\/patagoniambiental.com.ar\/info\/neuquen-estudiantes-desarrollaran-modulos-de-energias-limpias-para-espacios-publicos-de-la-provincia\/"},"wordCount":857,"commentCount":0,"publisher":{"@id":"https:\/\/patagoniambiental.com.ar\/info\/#organization"},"image":{"@id":"https:\/\/patagoniambiental.com.ar\/info\/neuquen-estudiantes-desarrollaran-modulos-de-energias-limpias-para-espacios-publicos-de-la-provincia\/#primaryimage"},"thumbnailUrl":"https:\/\/patagoniambiental.com.ar\/info\/wp-content\/uploads\/2019\/02\/WEB-SEGUNDA_MG_7095-696x344.jpg","articleSection":["Neuqu\u00e9n","Noticias","Provinciales"],"inLanguage":"es","potentialAction":[{"@type":"CommentAction","name":"Comment","target":["https:\/\/patagoniambiental.com.ar\/info\/neuquen-estudiantes-desarrollaran-modulos-de-energias-limpias-para-espacios-publicos-de-la-provincia\/#respond"]}]},{"@type":"WebPage","@id":"https:\/\/patagoniambiental.com.ar\/info\/neuquen-estudiantes-desarrollaran-modulos-de-energias-limpias-para-espacios-publicos-de-la-provincia\/","url":"https:\/\/patagoniambiental.com.ar\/info\/neuquen-estudiantes-desarrollaran-modulos-de-energias-limpias-para-espacios-publicos-de-la-provincia\/","name":"Neuqu\u00e9n: Estudiantes desarrollar\u00e1n m\u00f3dulos de energ\u00edas limpias para espacios p\u00fablicos de la provincia\u00a0","isPartOf":{"@id":"https:\/\/patagoniambiental.com.ar\/info\/#website"},"primaryImageOfPage":{"@id":"https:\/\/patagoniambiental.com.ar\/info\/neuquen-estudiantes-desarrollaran-modulos-de-energias-limpias-para-espacios-publicos-de-la-provincia\/#primaryimage"},"image":{"@id":"https:\/\/patagoniambiental.com.ar\/info\/neuquen-estudiantes-desarrollaran-modulos-de-energias-limpias-para-espacios-publicos-de-la-provincia\/#primaryimage"},"thumbnailUrl":"https:\/\/patagoniambiental.com.ar\/info\/wp-content\/uploads\/2019\/02\/WEB-SEGUNDA_MG_7095-696x344.jpg","datePublished":"2019-02-26T22:00:00+00:00","breadcrumb":{"@id":"https:\/\/patagoniambiental.com.ar\/info\/neuquen-estudiantes-desarrollaran-modulos-de-energias-limpias-para-espacios-publicos-de-la-provincia\/#breadcrumb"},"inLanguage":"es","potentialAction":[{"@type":"ReadAction","target":["https:\/\/patagoniambiental.com.ar\/info\/neuquen-estudiantes-desarrollaran-modulos-de-energias-limpias-para-espacios-publicos-de-la-provincia\/"]}]},{"@type":"ImageObject","inLanguage":"es","@id":"https:\/\/patagoniambiental.com.ar\/info\/neuquen-estudiantes-desarrollaran-modulos-de-energias-limpias-para-espacios-publicos-de-la-provincia\/#primaryimage","url":"https:\/\/patagoniambiental.com.ar\/info\/wp-content\/uploads\/2019\/02\/WEB-SEGUNDA_MG_7095-696x344.jpg","contentUrl":"https:\/\/patagoniambiental.com.ar\/info\/wp-content\/uploads\/2019\/02\/WEB-SEGUNDA_MG_7095-696x344.jpg","width":696,"height":344},{"@type":"BreadcrumbList","@id":"https:\/\/patagoniambiental.com.ar\/info\/neuquen-estudiantes-desarrollaran-modulos-de-energias-limpias-para-espacios-publicos-de-la-provincia\/#breadcrumb","itemListElement":[{"@type":"ListItem","position":1,"name":"Inicio","item":"https:\/\/patagoniambiental.com.ar\/info\/"},{"@type":"ListItem","position":2,"name":"Neuqu\u00e9n: Estudiantes desarrollar\u00e1n m\u00f3dulos de energ\u00edas limpias para espacios p\u00fablicos de la provincia\u00a0"}]},{"@type":"WebSite","@id":"https:\/\/patagoniambiental.com.ar\/info\/#website","url":"https:\/\/patagoniambiental.com.ar\/info\/","name":"Patagonia Ambiental","description":"Monitoreo y an\u00e1lisis de la situaci\u00f3n geopol\u00edtica en el mundo y su implicancia en la Patagonia","publisher":{"@id":"https:\/\/patagoniambiental.com.ar\/info\/#organization"},"potentialAction":[{"@type":"SearchAction","target":{"@type":"EntryPoint","urlTemplate":"https:\/\/patagoniambiental.com.ar\/info\/?s={search_term_string}"},"query-input":{"@type":"PropertyValueSpecification","valueRequired":true,"valueName":"search_term_string"}}],"inLanguage":"es"},{"@type":"Organization","@id":"https:\/\/patagoniambiental.com.ar\/info\/#organization","name":"Patagonia Ambiental","url":"https:\/\/patagoniambiental.com.ar\/info\/","logo":{"@type":"ImageObject","inLanguage":"es","@id":"https:\/\/patagoniambiental.com.ar\/info\/#\/schema\/logo\/image\/","url":"https:\/\/patagoniambiental.com.ar\/info\/wp-content\/uploads\/2025\/05\/LOGO-PATAGONIA-AMBIENTAL.png","contentUrl":"https:\/\/patagoniambiental.com.ar\/info\/wp-content\/uploads\/2025\/05\/LOGO-PATAGONIA-AMBIENTAL.png","width":433,"height":250,"caption":"Patagonia Ambiental"},"image":{"@id":"https:\/\/patagoniambiental.com.ar\/info\/#\/schema\/logo\/image\/"},"sameAs":["https:\/\/www.facebook.com\/patagonia.ambiental","https:\/\/x.com\/PatAmb"]},{"@type":"Person","@id":"https:\/\/patagoniambiental.com.ar\/info\/#\/schema\/person\/db12bff64bbcbf6a253710bf0ea37b5d","name":"Patagonia Ambiental","description":"Andr\u00e9s Nievas T\u00e9cnico en manejo ambiental, consultor Ambiental y escritor para medios locales e internacionales sobre temas de geopolitica y medio ambiente.","sameAs":["http:\/\/www.patagoniambiental.com.ar","https:\/\/www.facebook.com\/share\/1C1V8Gv9BX\/?mibextid=qi2Omg","@patagoniambiental","https:\/\/youtube.com\/@patagoniaambiental2023?si=BLt58t0wuXquxlYZ"]}]}},"_links":{"self":[{"href":"https:\/\/patagoniambiental.com.ar\/info\/wp-json\/wp\/v2\/posts\/59228","targetHints":{"allow":["GET"]}}],"collection":[{"href":"https:\/\/patagoniambiental.com.ar\/info\/wp-json\/wp\/v2\/posts"}],"about":[{"href":"https:\/\/patagoniambiental.com.ar\/info\/wp-json\/wp\/v2\/types\/post"}],"author":[{"embeddable":true,"href":"https:\/\/patagoniambiental.com.ar\/info\/wp-json\/wp\/v2\/users\/2"}],"replies":[{"embeddable":true,"href":"https:\/\/patagoniambiental.com.ar\/info\/wp-json\/wp\/v2\/comments?post=59228"}],"version-history":[{"count":0,"href":"https:\/\/patagoniambiental.com.ar\/info\/wp-json\/wp\/v2\/posts\/59228\/revisions"}],"wp:featuredmedia":[{"embeddable":true,"href":"https:\/\/patagoniambiental.com.ar\/info\/wp-json\/wp\/v2\/media\/59229"}],"wp:attachment":[{"href":"https:\/\/patagoniambiental.com.ar\/info\/wp-json\/wp\/v2\/media?parent=59228"}],"wp:term":[{"taxonomy":"category","embeddable":true,"href":"https:\/\/patagoniambiental.com.ar\/info\/wp-json\/wp\/v2\/categories?post=59228"},{"taxonomy":"post_tag","embeddable":true,"href":"https:\/\/patagoniambiental.com.ar\/info\/wp-json\/wp\/v2\/tags?post=59228"}],"curies":[{"name":"wp","href":"https:\/\/api.w.org\/{rel}","templated":true}]}}