{"id":59236,"date":"2019-02-28T09:00:58","date_gmt":"2019-02-28T12:00:58","guid":{"rendered":"http:\/\/patagoniambiental.com.ar\/info\/?p=59236"},"modified":"2019-02-26T11:23:59","modified_gmt":"2019-02-26T14:23:59","slug":"ambiente-recuerda-restricciones-de-usos-en-el-area-natural-protegida-bahia-de-san-antonio-anpbsa","status":"publish","type":"post","link":"https:\/\/patagoniambiental.com.ar\/info\/ambiente-recuerda-restricciones-de-usos-en-el-area-natural-protegida-bahia-de-san-antonio-anpbsa\/","title":{"rendered":"Ambiente\u00a0recuerda restricciones de usos en el \u00c1rea Natural Protegida Bah\u00eda De San Antonio\u00a0ANPBSA"},"content":{"rendered":"<div class=\"_4-u2 _4-u8\">\n<div class=\"permalinkPost\">\n<div class=\"_5pcb\" data-testid=\"newsFeedStream\">\n<div role=\"feed\">\n<div id=\"u_0_g\" class=\"_4-u2 mbm _4mrt _5jmm _5pat _5v3q _7cqq _4-u8\" data-ft=\"{&quot;mf_story_key&quot;:&quot;2286029441718089&quot;,&quot;top_level_post_id&quot;:&quot;2286029441718089&quot;,&quot;tl_objid&quot;:&quot;2286029441718089&quot;,&quot;content_owner_id_new&quot;:&quot;1391481857839523&quot;,&quot;throwback_story_fbid&quot;:&quot;2286029441718089&quot;,&quot;page_id&quot;:&quot;1391481857839523&quot;,&quot;photo_id&quot;:&quot;2286025931718440&quot;,&quot;story_location&quot;:9,&quot;story_attachment_style&quot;:&quot;photo&quot;,&quot;page_insights&quot;:{&quot;1391481857839523&quot;:{&quot;role&quot;:1,&quot;page_id&quot;:&quot;1391481857839523&quot;,&quot;post_context&quot;:{&quot;story_fbid&quot;:&quot;2286029441718089&quot;,&quot;publish_time&quot;:1551113906,&quot;story_name&quot;:&quot;EntStatusCreationStory&quot;,&quot;object_fbtype&quot;:266},&quot;actor_id&quot;:&quot;1391481857839523&quot;,&quot;psn&quot;:&quot;EntStatusCreationStory&quot;,&quot;sl&quot;:9,&quot;dm&quot;:{&quot;isShare&quot;:0,&quot;originalPostOwnerID&quot;:0},&quot;targets&quot;:[{&quot;page_id&quot;:&quot;1391481857839523&quot;,&quot;actor_id&quot;:&quot;1391481857839523&quot;,&quot;role&quot;:1,&quot;post_id&quot;:&quot;2286029441718089&quot;,&quot;share_id&quot;:0}]}},&quot;fbfeed_location&quot;:86}\" data-fte=\"1\" data-ftr=\"1\" data-xt=\"AZVmZbWyK80iAf4ROMBwWYWXwSUVXcb8Lwmol6aOFUHvnY5XYMYd2S9RkwVXKzo_1rV_R6_h5eRT4qnKpaEzQQyXRnAaKl-Wv0l2LGg4Ksejb5FSlApZUbVbmMC9SW0eE9bo3qCiEmIx9BwYV8k8nUM8v5sMD6pPIdaRl_NbMUiBw0r8iMhuAri7-AEsN_PpNQVH_cxRCtuqygfqlxcjCeA9HveWRwxOmD5GVdnpccdPXmMhCNJdWOc6KzzWv1sR9UodsLLkBacsUs13jM8pLXvUYw-5B5QOZyWT_2TSE6RjM6ZoXaEFKhMYMnmQiQl40yFhN5S_DyjTry5Blkt4wVt9PS1fL0dcXyAXa9iXKR8e-fY4Q8JSL2_3uMP3ei-aivkb0kNsU6RurbKjhlh5xZzatn8M-Vxj1o-_Wv_RqEVXBAGrM9N5ds-pYU6A8CKFqfammQCwzb7ezWp3g3mUIhsfIYarYrVULMv6U8sKMNVozmVyszLW0aXT_H6WUXdUn1m_65mZiGAOu7Ve5aUGAvwOV3l__UoISr3LQrHkx2eLtPJi1JmwWJQ-RkiU6PSyxMYTlnmrdY1Raft-o-1EUhcANFeWmfKWKLcmGrZc2uu_p5bv5xvb4Je4WTS_7rZ400Ot3Ke8lkp1K1cNv54R89yh9W_GkX333TEe_drxslxi4CLgCIh2rBr-TOR4PpGj2NhGsZCqwt0GwxLRh72ZX7QfrUN0UySKB1lXBYVD1rkCXCSx2lYjsdeXeTgBDxS-pVDbX7S8422DStyCZKQcgXyYoclg4nqILohKtJIB76ddftUDW1FhRraG-UE7UsqKnFz7jH1sETFyUtK4TtaaONV3rB6jT1b_GC5QGAQ2fjj1gXTZb8lm5RX96cMI1YqYbkyhiDhQg_04PDLcs4m3R61XmKIVqfV9jXzckTlYnMBDrVrakQfYo6F_G2s2eInxRNFVpxCLKb9GkQm1vgsItRmC\" data-xt-vimp=\"{&quot;pixel_in_percentage&quot;:1,&quot;duration_in_ms&quot;:1,&quot;subsequent_gap_in_ms&quot;:60000,&quot;log_initial_nonviewable&quot;:false,&quot;should_batch&quot;:true,&quot;require_horizontally_onscreen&quot;:false,&quot;encrypt_data_xt&quot;:true,&quot;signal_mode_for_ss&quot;:false,&quot;vital_mode_for_ss&quot;:false,&quot;should_not_delay_impression&quot;:true}\">\n<div id=\"u_0_v\" class=\"_3ccb\" data-ft=\"{&quot;tn&quot;:&quot;-R&quot;}\" data-gt=\"{&quot;type&quot;:&quot;click2canvas&quot;,&quot;fbsource&quot;:703,&quot;ref&quot;:&quot;nf_generic&quot;}\">\n<div class=\"_5pcr userContentWrapper\" data-ft=\"{&quot;tn&quot;:&quot;-R&quot;}\">\n<div class=\"_1dwg _1w_m _q7o\">\n<div class=\"_5pbx userContent _3576\" data-ft=\"{&quot;tn&quot;:&quot;K&quot;}\">\n<p>San Antonio.-Desde la Secretar\u00eda de Ambiente y Desarrollo Sustentable (SAyDS) se recuerda que el \u00c1rea Natural Protegida Bah\u00eda de San Antonio esta zonificada territorialmente bajo diferentes categor\u00edas de uso, las cuales est\u00e1n establecidas en su plan de manejo.<\/p>\n<p><!--more--><\/p>\n<p>Particularmente cuenta con varias \u201cZonas Intangibles\u201d entre la que se encuentra \u201cIsla de Los P\u00e1jaros\u201d, superficie natural poco alterada caracterizada por contener ambientes y recursos fr\u00e1giles, \u00fanicos o relevantes y que se encuentren en un buen estado de conservaci\u00f3n. Constituyen ambientes representativos de la biodiversidad nativa, cuyos ecosistemas, comunidades y recursos gen\u00e9ticos, deben ser resguardados exclusivamente para el estudio y la investigaci\u00f3n cient\u00edfica, por tal motivo se encuentra terminantemente prohibido el ingreso p\u00fablico a dicho sector.<br \/>\nDe acuerdo al plan de manejo el objetivo de estas \u00e1reas apuntan a proteger las colonias reproductivas y \u00e1reas de descanso de aves marinas y los procesos naturales sin perturbaci\u00f3n humana.<br \/>\nEn ellos se reproducen especies sensibles a la presencia humana como lo es el gaviot\u00edn sudamericano. Estas aves han sido y son afectadas por la presencia de personas principalmente en \u00e9poca reproductiva, a trav\u00e9s de la perturbaci\u00f3n de su comportamiento, ahuyentamiento y extracci\u00f3n de huevos, lo cual ha significado abandono de la nidada ya sea con huevos o pichones, dispersi\u00f3n de pichones, lo que incrementa la depredaci\u00f3n sobre los mismos, entre otros impactos.<\/p>\n<p>El \u00e1rea natural protegida Bah\u00eda de San Antonio est\u00e1 ubicada sobre el golfo San Mat\u00edas, en la provincia R\u00edo Negro, en la patagonia argentina. Fue creada en el a\u00f1o 1993 mediante la ley provincial N\u00b0 2670.<br \/>\nLa zona se extiende desde la Baliza San Mat\u00edas hacia el oeste hasta el paraje El S\u00f3tano incluyendo la totalidad de la Bah\u00eda de San Antonio y abarca el espacio comprendido entre la l\u00ednea de m\u00e1s baja marea hasta 50 metros por encima de la mayor pleamar.<\/p>\n<p>ZONAS INTANGIBLES<\/p>\n<p>Actividades Permitidas<\/p>\n<p>\u2022 La vigilancia, el control y el monitoreo por parte de la autoridad de aplicaci\u00f3n.<br \/>\n\u2022 La investigaci\u00f3n y el monitoreo ambiental de equipos que cuenten con el permiso pertinente de la autoridad de aplicaci\u00f3n, en cumplimiento de lo exigido para el desarrollo de estas actividades.<\/p>\n<p>Actividades No Permitidas<\/p>\n<p>\u2022 El ingreso por parte de personas no autorizadas.<br \/>\n\u2022 La circulaci\u00f3n de veh\u00edculos de cualquier tipo.<br \/>\n\u2022 La navegaci\u00f3n, excepto para tareas de control o investigaci\u00f3n debidamente autorizadas.<br \/>\n\u2022 Cualquier uso con fines econ\u00f3micos, extractivos, tur\u00edsticos y\/o recreativos. La extracci\u00f3n de huevos.<br \/>\n\u2022 La introducci\u00f3n de especies de flora y fauna ex\u00f3tica.<br \/>\n\u2022 La presencia de mascotas.<br \/>\n\u2022 El volcado de cualquier tipo de residuos.<br \/>\n\u2022 La construcci\u00f3n de cualquier estructura edilicia, salvo las estrictamente necesarias para el control y monitoreo.<br \/>\n\u2022 Cualquier modificaci\u00f3n o intervenci\u00f3n, que pueda alterar los procesos ecol\u00f3gicos naturales.<br \/>\n\u2022 Entre otros.<\/p>\n<\/div>\n<div class=\"_3x-2\" data-ft=\"{&quot;tn&quot;:&quot;H&quot;}\">\n<div data-ft=\"{&quot;tn&quot;:&quot;H&quot;}\">\n<div class=\"mtm\">\n<div>\n<div class=\"_5cq3 _1ktf\" data-ft=\"{&quot;tn&quot;:&quot;E&quot;}\">\n<div id=\"u_0_1v\" class=\"uiScaledImageContainer _4-ep\"><img fetchpriority=\"high\" decoding=\"async\" class=\"scaledImageFitWidth img\" src=\"https:\/\/scontent.faep16-2.fna.fbcdn.net\/v\/t1.0-0\/q85\/p526x296\/52696106_2286025938385106_615098651760394240_n.jpg?_nc_cat=109&amp;_nc_eui2=AeHQ-ap0iTN9TV-NpidDSPgjeHudhhdbSqJvG_2_uLxZOc7CRDMVUnk_Wj04bCKNFJUzx43mOGfO7hGsxEzyhXM2YIDWSJ_KGQBUcHXQ-ZHfIw&amp;_nc_ht=scontent.faep16-2.fna&amp;oh=aa63658f9899b37dcb04bebe0dd32633&amp;oe=5CE0472F\" alt=\"No hay descripci\u00f3n de la foto disponible.\" width=\"500\" height=\"354\" \/><\/div>\n<div>Fuente: SA y DS de Rio Negro<\/div>\n<\/div>\n<\/div>\n<\/div>\n<\/div>\n<\/div>\n<div><\/div>\n<\/div>\n<div>\n<form id=\"u_0_2d\" class=\"commentable_item\" action=\"https:\/\/www.facebook.com\/ajax\/ufi\/modify.php\" method=\"post\" data-ft=\"{&quot;tn&quot;:&quot;]&quot;}\">\n<div class=\"_sa_ _gsd _fgm _5vsi _192z _1sz4 _1i6z\">\n<div class=\"_37uu\"><\/div>\n<\/div>\n<div id=\"u_0_2c\" class=\"uiUfi UFIContainer _3-a6 _4eno _1blz _69ad _65_9 _5pc9 _5vsj _5v9k\"><\/div>\n<\/form>\n<\/div>\n<\/div>\n<\/div>\n<\/div>\n<\/div>\n<\/div>\n<\/div>\n<\/div>\n<p>&nbsp;<\/p>\n<div>\n<div id=\"PageComposerPagelet_\"><\/div>\n<div id=\"after_party_www_cards\" class=\"_2fyq\"><\/div>\n<div class=\"_5sem\"><\/div>\n<\/div>\n<div class=\"_4-u2 _4-u8\">\n<div class=\"_427x\">\n<div id=\"u_0_a\" class=\"_4-u2 mbm _4mrt _5jmm _5pat _5v3q _7cqq _4-u8\" data-ft=\"{&quot;mf_story_key&quot;:&quot;2286133828374317&quot;,&quot;top_level_post_id&quot;:&quot;2286133828374317&quot;,&quot;tl_objid&quot;:&quot;2286133828374317&quot;,&quot;content_owner_id_new&quot;:&quot;1391481857839523&quot;,&quot;throwback_story_fbid&quot;:&quot;2286133828374317&quot;,&quot;page_id&quot;:&quot;1391481857839523&quot;,&quot;photo_attachments_list&quot;:[&quot;2286133805040986&quot;,&quot;2286133798374320&quot;],&quot;story_location&quot;:9,&quot;story_attachment_style&quot;:&quot;album&quot;,&quot;page_insights&quot;:{&quot;1391481857839523&quot;:{&quot;role&quot;:1,&quot;page_id&quot;:&quot;1391481857839523&quot;,&quot;post_context&quot;:{&quot;story_fbid&quot;:&quot;2286133828374317&quot;,&quot;publish_time&quot;:1551126933,&quot;story_name&quot;:&quot;EntStatusCreationStory&quot;,&quot;object_fbtype&quot;:266},&quot;actor_id&quot;:&quot;1391481857839523&quot;,&quot;psn&quot;:&quot;EntStatusCreationStory&quot;,&quot;sl&quot;:9,&quot;dm&quot;:{&quot;isShare&quot;:0,&quot;originalPostOwnerID&quot;:0},&quot;targets&quot;:[{&quot;page_id&quot;:&quot;1391481857839523&quot;,&quot;actor_id&quot;:&quot;1391481857839523&quot;,&quot;role&quot;:1,&quot;post_id&quot;:&quot;2286133828374317&quot;,&quot;share_id&quot;:0}]}},&quot;fbfeed_location&quot;:36}\" data-fte=\"1\" data-ftr=\"1\" data-xt=\"AZUaKe2Od3REr3MBHuk1_qdtKiKoGRv0WIS8AlwYHdXKsSv8whCx1pQICujVnT1N4HmsRUBEIN8b1pxuDIO_8AV_HV0ljboigWO7mJXMODfKBGMfuDcZmQcrzzvLqJd2X0N_Mj-PKX6yEc__mR6T4t0PIl1fhKZv6qliKgJyHtCJXCVcaqgtrrqNbngf26YNdlsSLnRbbofADgAjs_y0WmsI76ruVYHBv1R-FBI4F2I1gZxS5VzHyMcTyYsU7Mqe0jZn5EC2AyVXkcUGAM8bt3GhHa3J_scv50rfU0M_6jaqJxXgLFlME8TaRDRZ8eb4yeow9NlRG-RxGr1asY_4UYUmZJgQqKuarG_aTYtOqiOBIO0ss2m-AdgC8CYXuDnN-YZXq0QK69l5NtPEj7Np35uPUoLSzJppjU7ndDWofj-Qqer1A9s0sDJi48xVTLYKd9zpFl6wtPDy5-Mrxl5QrHSUDuK9zt06xFgFNsnxMT0b6X6lM7Otq8mIFrmF_QBpSwPR3jcYeno0VqxFHxcQom7oKlPIe2wl898G4Udi_kcdVN6_lseLEjTDXgMnIGgCThrLtb0JTWmDayTBM7zxsaTp2JjVGZZDDmGSj0dWKto4muE0VJpVdWYrRuPy4ajsPVIBy80Xu1YQOzuKJ6_AHE-5JSoRFyPEuvumaUACB-R6WxvgQT9EKTl63mjKZF8hHxq4GR4VsyzMdjHqWisA9jjA3ekEMglKujgsliuECjsxvX0FyD5KoKvGbL5-mtU05wvfEMWISWtvBSEqjKqG-ryRRYHN-gA6ZDmIQXULC7awBw0Cj8JOWBIRBD5xJvzdqBOArNYFQkdAd16BjCV2dUw1tBSvTpUmqUjTafStoLV-gZCM_j6e8uZqOxdw7IJ1FE61XrFzGOw5t3BTDkp--fI2RsTcHgpI7EGRE8hw0v5SDwWosKVnNT-J32qMsdRHH2Lc6Ysiyu3ps6_hFPggm3zaEj25njezgWx2gCfjE6f21WQBRoO-C0heoPJvuNUGdFU\" data-xt-vimp=\"{&quot;pixel_in_percentage&quot;:1,&quot;duration_in_ms&quot;:1,&quot;subsequent_gap_in_ms&quot;:60000,&quot;log_initial_nonviewable&quot;:false,&quot;should_batch&quot;:true,&quot;require_horizontally_onscreen&quot;:false,&quot;encrypt_data_xt&quot;:true,&quot;signal_mode_for_ss&quot;:false,&quot;vital_mode_for_ss&quot;:false,&quot;should_not_delay_impression&quot;:true}\">\n<div id=\"u_0_1b\" class=\"_3ccb\" data-ft=\"{&quot;tn&quot;:&quot;-R&quot;}\" data-gt=\"{&quot;type&quot;:&quot;click2canvas&quot;,&quot;fbsource&quot;:703,&quot;ref&quot;:&quot;nf_generic&quot;}\">\n<div><\/div>\n<div><\/div>\n<div class=\"_5pcr userContentWrapper\" data-ft=\"{&quot;tn&quot;:&quot;-R&quot;}\">\n<div class=\"_1dwg _1w_m _q7o\">\n<div id=\"u_0_1e\" class=\"_4r_y\">\n<div id=\"u_0_1f\" class=\"_6a uiPopover _5pbi _cmw _b1e _1wbl\"><\/div>\n<\/div>\n<div>\n<div class=\"p_rlo2cw9xp e_rlo2czz34 clearfix\">\n<div class=\"clearfix o_rlo2cw8um\">\n<div class=\"_38vo\"><\/div>\n<div class=\"clearfix _42ef\">\n<div class=\"rfloat _ohf\"><\/div>\n<div class=\"s_rlo2cw8up\">\n<div>\n<div class=\"_6a _5u5j\">\n<div class=\"_6a _6b\"><\/div>\n<div class=\"_6a _5u5j _6b\"><\/div>\n<\/div>\n<\/div>\n<\/div>\n<\/div>\n<\/div>\n<\/div>\n<\/div>\n<\/div>\n<\/div>\n<\/div>\n<\/div>\n<\/div>\n<\/div>\n","protected":false},"excerpt":{"rendered":"<p>San Antonio.-Desde la Secretar\u00eda de Ambiente y Desarrollo Sustentable (SAyDS) se recuerda que el \u00c1rea Natural Protegida Bah\u00eda de San [&hellip;]<\/p>\n","protected":false},"author":2,"featured_media":59237,"comment_status":"open","ping_status":"open","sticky":false,"template":"","format":"standard","meta":{"site-sidebar-layout":"default","site-content-layout":"","ast-site-content-layout":"default","site-content-style":"default","site-sidebar-style":"default","ast-global-header-display":"","ast-banner-title-visibility":"","ast-main-header-display":"","ast-hfb-above-header-display":"","ast-hfb-below-header-display":"","ast-hfb-mobile-header-display":"","site-post-title":"","ast-breadcrumbs-content":"","ast-featured-img":"","footer-sml-layout":"","ast-disable-related-posts":"","theme-transparent-header-meta":"","adv-header-id-meta":"","stick-header-meta":"","header-above-stick-meta":"","header-main-stick-meta":"","header-below-stick-meta":"","astra-migrate-meta-layouts":"default","ast-page-background-enabled":"default","ast-page-background-meta":{"desktop":{"background-color":"var(--ast-global-color-5)","background-image":"","background-repeat":"repeat","background-position":"center center","background-size":"auto","background-attachment":"scroll","background-type":"","background-media":"","overlay-type":"","overlay-color":"","overlay-opacity":"","overlay-gradient":""},"tablet":{"background-color":"","background-image":"","background-repeat":"repeat","background-position":"center center","background-size":"auto","background-attachment":"scroll","background-type":"","background-media":"","overlay-type":"","overlay-color":"","overlay-opacity":"","overlay-gradient":""},"mobile":{"background-color":"","background-image":"","background-repeat":"repeat","background-position":"center center","background-size":"auto","background-attachment":"scroll","background-type":"","background-media":"","overlay-type":"","overlay-color":"","overlay-opacity":"","overlay-gradient":""}},"ast-content-background-meta":{"desktop":{"background-color":"var(--ast-global-color-4)","background-image":"","background-repeat":"repeat","background-position":"center center","background-size":"auto","background-attachment":"scroll","background-type":"","background-media":"","overlay-type":"","overlay-color":"","overlay-opacity":"","overlay-gradient":""},"tablet":{"background-color":"var(--ast-global-color-4)","background-image":"","background-repeat":"repeat","background-position":"center center","background-size":"auto","background-attachment":"scroll","background-type":"","background-media":"","overlay-type":"","overlay-color":"","overlay-opacity":"","overlay-gradient":""},"mobile":{"background-color":"var(--ast-global-color-4)","background-image":"","background-repeat":"repeat","background-position":"center center","background-size":"auto","background-attachment":"scroll","background-type":"","background-media":"","overlay-type":"","overlay-color":"","overlay-opacity":"","overlay-gradient":""}},"footnotes":""},"categories":[1,13,14],"tags":[],"class_list":["post-59236","post","type-post","status-publish","format-standard","has-post-thumbnail","hentry","category-noticias","category-provinciales","category-rio-negro"],"yoast_head":"<!-- This site is optimized with the Yoast SEO Premium plugin v23.0 (Yoast SEO v27.4) - https:\/\/yoast.com\/product\/yoast-seo-premium-wordpress\/ -->\n<title>Ambiente\u00a0recuerda restricciones de usos en el \u00c1rea Natural Protegida Bah\u00eda De San Antonio\u00a0ANPBSA<\/title>\n<meta name=\"robots\" content=\"index, follow, max-snippet:-1, max-image-preview:large, max-video-preview:-1\" \/>\n<link rel=\"canonical\" href=\"https:\/\/patagoniambiental.com.ar\/info\/ambiente-recuerda-restricciones-de-usos-en-el-area-natural-protegida-bahia-de-san-antonio-anpbsa\/\" \/>\n<meta property=\"og:locale\" content=\"es_ES\" \/>\n<meta property=\"og:type\" content=\"article\" \/>\n<meta property=\"og:title\" content=\"Ambiente\u00a0recuerda restricciones de usos en el \u00c1rea Natural Protegida Bah\u00eda De San Antonio\u00a0ANPBSA\" \/>\n<meta property=\"og:description\" content=\"San Antonio.-Desde la Secretar\u00eda de Ambiente y Desarrollo Sustentable (SAyDS) se recuerda que el \u00c1rea Natural Protegida Bah\u00eda de San [&hellip;]\" \/>\n<meta property=\"og:url\" content=\"https:\/\/patagoniambiental.com.ar\/info\/ambiente-recuerda-restricciones-de-usos-en-el-area-natural-protegida-bahia-de-san-antonio-anpbsa\/\" \/>\n<meta property=\"og:site_name\" content=\"Patagonia Ambiental\" \/>\n<meta property=\"article:publisher\" content=\"https:\/\/www.facebook.com\/patagonia.ambiental\" \/>\n<meta property=\"article:author\" content=\"https:\/\/www.facebook.com\/share\/1C1V8Gv9BX\/?mibextid=qi2Omg\" \/>\n<meta property=\"article:published_time\" content=\"2019-02-28T12:00:58+00:00\" \/>\n<meta property=\"og:image\" content=\"https:\/\/patagoniambiental.com.ar\/info\/wp-content\/uploads\/2019\/02\/52696106_2286025938385106_615098651760394240_n.jpg\" \/>\n\t<meta property=\"og:image:width\" content=\"526\" \/>\n\t<meta property=\"og:image:height\" content=\"372\" \/>\n\t<meta property=\"og:image:type\" content=\"image\/jpeg\" \/>\n<meta name=\"author\" content=\"Patagonia Ambiental\" \/>\n<meta name=\"twitter:card\" content=\"summary_large_image\" \/>\n<meta name=\"twitter:creator\" content=\"@PatAmb\" \/>\n<meta name=\"twitter:site\" content=\"@PatAmb\" \/>\n<script type=\"application\/ld+json\" class=\"yoast-schema-graph\">{\"@context\":\"https:\\\/\\\/schema.org\",\"@graph\":[{\"@type\":\"Article\",\"@id\":\"https:\\\/\\\/patagoniambiental.com.ar\\\/info\\\/ambiente-recuerda-restricciones-de-usos-en-el-area-natural-protegida-bahia-de-san-antonio-anpbsa\\\/#article\",\"isPartOf\":{\"@id\":\"https:\\\/\\\/patagoniambiental.com.ar\\\/info\\\/ambiente-recuerda-restricciones-de-usos-en-el-area-natural-protegida-bahia-de-san-antonio-anpbsa\\\/\"},\"author\":{\"name\":\"Patagonia Ambiental\",\"@id\":\"https:\\\/\\\/patagoniambiental.com.ar\\\/info\\\/#\\\/schema\\\/person\\\/db12bff64bbcbf6a253710bf0ea37b5d\"},\"headline\":\"Ambiente\u00a0recuerda restricciones de usos en el \u00c1rea Natural Protegida Bah\u00eda De San Antonio\u00a0ANPBSA\",\"datePublished\":\"2019-02-28T12:00:58+00:00\",\"mainEntityOfPage\":{\"@id\":\"https:\\\/\\\/patagoniambiental.com.ar\\\/info\\\/ambiente-recuerda-restricciones-de-usos-en-el-area-natural-protegida-bahia-de-san-antonio-anpbsa\\\/\"},\"wordCount\":505,\"commentCount\":0,\"publisher\":{\"@id\":\"https:\\\/\\\/patagoniambiental.com.ar\\\/info\\\/#organization\"},\"image\":{\"@id\":\"https:\\\/\\\/patagoniambiental.com.ar\\\/info\\\/ambiente-recuerda-restricciones-de-usos-en-el-area-natural-protegida-bahia-de-san-antonio-anpbsa\\\/#primaryimage\"},\"thumbnailUrl\":\"https:\\\/\\\/patagoniambiental.com.ar\\\/info\\\/wp-content\\\/uploads\\\/2019\\\/02\\\/52696106_2286025938385106_615098651760394240_n.jpg\",\"articleSection\":[\"Noticias\",\"Provinciales\",\"R\u00edo Negro\"],\"inLanguage\":\"es\",\"potentialAction\":[{\"@type\":\"CommentAction\",\"name\":\"Comment\",\"target\":[\"https:\\\/\\\/patagoniambiental.com.ar\\\/info\\\/ambiente-recuerda-restricciones-de-usos-en-el-area-natural-protegida-bahia-de-san-antonio-anpbsa\\\/#respond\"]}]},{\"@type\":\"WebPage\",\"@id\":\"https:\\\/\\\/patagoniambiental.com.ar\\\/info\\\/ambiente-recuerda-restricciones-de-usos-en-el-area-natural-protegida-bahia-de-san-antonio-anpbsa\\\/\",\"url\":\"https:\\\/\\\/patagoniambiental.com.ar\\\/info\\\/ambiente-recuerda-restricciones-de-usos-en-el-area-natural-protegida-bahia-de-san-antonio-anpbsa\\\/\",\"name\":\"Ambiente\u00a0recuerda restricciones de usos en el \u00c1rea Natural Protegida Bah\u00eda De San Antonio\u00a0ANPBSA\",\"isPartOf\":{\"@id\":\"https:\\\/\\\/patagoniambiental.com.ar\\\/info\\\/#website\"},\"primaryImageOfPage\":{\"@id\":\"https:\\\/\\\/patagoniambiental.com.ar\\\/info\\\/ambiente-recuerda-restricciones-de-usos-en-el-area-natural-protegida-bahia-de-san-antonio-anpbsa\\\/#primaryimage\"},\"image\":{\"@id\":\"https:\\\/\\\/patagoniambiental.com.ar\\\/info\\\/ambiente-recuerda-restricciones-de-usos-en-el-area-natural-protegida-bahia-de-san-antonio-anpbsa\\\/#primaryimage\"},\"thumbnailUrl\":\"https:\\\/\\\/patagoniambiental.com.ar\\\/info\\\/wp-content\\\/uploads\\\/2019\\\/02\\\/52696106_2286025938385106_615098651760394240_n.jpg\",\"datePublished\":\"2019-02-28T12:00:58+00:00\",\"breadcrumb\":{\"@id\":\"https:\\\/\\\/patagoniambiental.com.ar\\\/info\\\/ambiente-recuerda-restricciones-de-usos-en-el-area-natural-protegida-bahia-de-san-antonio-anpbsa\\\/#breadcrumb\"},\"inLanguage\":\"es\",\"potentialAction\":[{\"@type\":\"ReadAction\",\"target\":[\"https:\\\/\\\/patagoniambiental.com.ar\\\/info\\\/ambiente-recuerda-restricciones-de-usos-en-el-area-natural-protegida-bahia-de-san-antonio-anpbsa\\\/\"]}]},{\"@type\":\"ImageObject\",\"inLanguage\":\"es\",\"@id\":\"https:\\\/\\\/patagoniambiental.com.ar\\\/info\\\/ambiente-recuerda-restricciones-de-usos-en-el-area-natural-protegida-bahia-de-san-antonio-anpbsa\\\/#primaryimage\",\"url\":\"https:\\\/\\\/patagoniambiental.com.ar\\\/info\\\/wp-content\\\/uploads\\\/2019\\\/02\\\/52696106_2286025938385106_615098651760394240_n.jpg\",\"contentUrl\":\"https:\\\/\\\/patagoniambiental.com.ar\\\/info\\\/wp-content\\\/uploads\\\/2019\\\/02\\\/52696106_2286025938385106_615098651760394240_n.jpg\",\"width\":526,\"height\":372},{\"@type\":\"BreadcrumbList\",\"@id\":\"https:\\\/\\\/patagoniambiental.com.ar\\\/info\\\/ambiente-recuerda-restricciones-de-usos-en-el-area-natural-protegida-bahia-de-san-antonio-anpbsa\\\/#breadcrumb\",\"itemListElement\":[{\"@type\":\"ListItem\",\"position\":1,\"name\":\"Inicio\",\"item\":\"https:\\\/\\\/patagoniambiental.com.ar\\\/info\\\/\"},{\"@type\":\"ListItem\",\"position\":2,\"name\":\"Ambiente\u00a0recuerda restricciones de usos en el \u00c1rea Natural Protegida Bah\u00eda De San Antonio\u00a0ANPBSA\"}]},{\"@type\":\"WebSite\",\"@id\":\"https:\\\/\\\/patagoniambiental.com.ar\\\/info\\\/#website\",\"url\":\"https:\\\/\\\/patagoniambiental.com.ar\\\/info\\\/\",\"name\":\"Patagonia Ambiental\",\"description\":\"Monitoreo y an\u00e1lisis de la situaci\u00f3n geopol\u00edtica en el mundo y su implicancia en la Patagonia\",\"publisher\":{\"@id\":\"https:\\\/\\\/patagoniambiental.com.ar\\\/info\\\/#organization\"},\"potentialAction\":[{\"@type\":\"SearchAction\",\"target\":{\"@type\":\"EntryPoint\",\"urlTemplate\":\"https:\\\/\\\/patagoniambiental.com.ar\\\/info\\\/?s={search_term_string}\"},\"query-input\":{\"@type\":\"PropertyValueSpecification\",\"valueRequired\":true,\"valueName\":\"search_term_string\"}}],\"inLanguage\":\"es\"},{\"@type\":\"Organization\",\"@id\":\"https:\\\/\\\/patagoniambiental.com.ar\\\/info\\\/#organization\",\"name\":\"Patagonia Ambiental\",\"url\":\"https:\\\/\\\/patagoniambiental.com.ar\\\/info\\\/\",\"logo\":{\"@type\":\"ImageObject\",\"inLanguage\":\"es\",\"@id\":\"https:\\\/\\\/patagoniambiental.com.ar\\\/info\\\/#\\\/schema\\\/logo\\\/image\\\/\",\"url\":\"https:\\\/\\\/patagoniambiental.com.ar\\\/info\\\/wp-content\\\/uploads\\\/2025\\\/05\\\/LOGO-PATAGONIA-AMBIENTAL.png\",\"contentUrl\":\"https:\\\/\\\/patagoniambiental.com.ar\\\/info\\\/wp-content\\\/uploads\\\/2025\\\/05\\\/LOGO-PATAGONIA-AMBIENTAL.png\",\"width\":433,\"height\":250,\"caption\":\"Patagonia Ambiental\"},\"image\":{\"@id\":\"https:\\\/\\\/patagoniambiental.com.ar\\\/info\\\/#\\\/schema\\\/logo\\\/image\\\/\"},\"sameAs\":[\"https:\\\/\\\/www.facebook.com\\\/patagonia.ambiental\",\"https:\\\/\\\/x.com\\\/PatAmb\"]},{\"@type\":\"Person\",\"@id\":\"https:\\\/\\\/patagoniambiental.com.ar\\\/info\\\/#\\\/schema\\\/person\\\/db12bff64bbcbf6a253710bf0ea37b5d\",\"name\":\"Patagonia Ambiental\",\"description\":\"Andr\u00e9s Nievas T\u00e9cnico en manejo ambiental, consultor Ambiental y escritor para medios locales e internacionales sobre temas de geopolitica y medio ambiente.\",\"sameAs\":[\"http:\\\/\\\/www.patagoniambiental.com.ar\",\"https:\\\/\\\/www.facebook.com\\\/share\\\/1C1V8Gv9BX\\\/?mibextid=qi2Omg\",\"@patagoniambiental\",\"https:\\\/\\\/youtube.com\\\/@patagoniaambiental2023?si=BLt58t0wuXquxlYZ\"]}]}<\/script>\n<!-- \/ Yoast SEO Premium plugin. -->","yoast_head_json":{"title":"Ambiente\u00a0recuerda restricciones de usos en el \u00c1rea Natural Protegida Bah\u00eda De San Antonio\u00a0ANPBSA","robots":{"index":"index","follow":"follow","max-snippet":"max-snippet:-1","max-image-preview":"max-image-preview:large","max-video-preview":"max-video-preview:-1"},"canonical":"https:\/\/patagoniambiental.com.ar\/info\/ambiente-recuerda-restricciones-de-usos-en-el-area-natural-protegida-bahia-de-san-antonio-anpbsa\/","og_locale":"es_ES","og_type":"article","og_title":"Ambiente\u00a0recuerda restricciones de usos en el \u00c1rea Natural Protegida Bah\u00eda De San Antonio\u00a0ANPBSA","og_description":"San Antonio.-Desde la Secretar\u00eda de Ambiente y Desarrollo Sustentable (SAyDS) se recuerda que el \u00c1rea Natural Protegida Bah\u00eda de San [&hellip;]","og_url":"https:\/\/patagoniambiental.com.ar\/info\/ambiente-recuerda-restricciones-de-usos-en-el-area-natural-protegida-bahia-de-san-antonio-anpbsa\/","og_site_name":"Patagonia Ambiental","article_publisher":"https:\/\/www.facebook.com\/patagonia.ambiental","article_author":"https:\/\/www.facebook.com\/share\/1C1V8Gv9BX\/?mibextid=qi2Omg","article_published_time":"2019-02-28T12:00:58+00:00","og_image":[{"width":526,"height":372,"url":"https:\/\/patagoniambiental.com.ar\/info\/wp-content\/uploads\/2019\/02\/52696106_2286025938385106_615098651760394240_n.jpg","type":"image\/jpeg"}],"author":"Patagonia Ambiental","twitter_card":"summary_large_image","twitter_creator":"@PatAmb","twitter_site":"@PatAmb","schema":{"@context":"https:\/\/schema.org","@graph":[{"@type":"Article","@id":"https:\/\/patagoniambiental.com.ar\/info\/ambiente-recuerda-restricciones-de-usos-en-el-area-natural-protegida-bahia-de-san-antonio-anpbsa\/#article","isPartOf":{"@id":"https:\/\/patagoniambiental.com.ar\/info\/ambiente-recuerda-restricciones-de-usos-en-el-area-natural-protegida-bahia-de-san-antonio-anpbsa\/"},"author":{"name":"Patagonia Ambiental","@id":"https:\/\/patagoniambiental.com.ar\/info\/#\/schema\/person\/db12bff64bbcbf6a253710bf0ea37b5d"},"headline":"Ambiente\u00a0recuerda restricciones de usos en el \u00c1rea Natural Protegida Bah\u00eda De San Antonio\u00a0ANPBSA","datePublished":"2019-02-28T12:00:58+00:00","mainEntityOfPage":{"@id":"https:\/\/patagoniambiental.com.ar\/info\/ambiente-recuerda-restricciones-de-usos-en-el-area-natural-protegida-bahia-de-san-antonio-anpbsa\/"},"wordCount":505,"commentCount":0,"publisher":{"@id":"https:\/\/patagoniambiental.com.ar\/info\/#organization"},"image":{"@id":"https:\/\/patagoniambiental.com.ar\/info\/ambiente-recuerda-restricciones-de-usos-en-el-area-natural-protegida-bahia-de-san-antonio-anpbsa\/#primaryimage"},"thumbnailUrl":"https:\/\/patagoniambiental.com.ar\/info\/wp-content\/uploads\/2019\/02\/52696106_2286025938385106_615098651760394240_n.jpg","articleSection":["Noticias","Provinciales","R\u00edo Negro"],"inLanguage":"es","potentialAction":[{"@type":"CommentAction","name":"Comment","target":["https:\/\/patagoniambiental.com.ar\/info\/ambiente-recuerda-restricciones-de-usos-en-el-area-natural-protegida-bahia-de-san-antonio-anpbsa\/#respond"]}]},{"@type":"WebPage","@id":"https:\/\/patagoniambiental.com.ar\/info\/ambiente-recuerda-restricciones-de-usos-en-el-area-natural-protegida-bahia-de-san-antonio-anpbsa\/","url":"https:\/\/patagoniambiental.com.ar\/info\/ambiente-recuerda-restricciones-de-usos-en-el-area-natural-protegida-bahia-de-san-antonio-anpbsa\/","name":"Ambiente\u00a0recuerda restricciones de usos en el \u00c1rea Natural Protegida Bah\u00eda De San Antonio\u00a0ANPBSA","isPartOf":{"@id":"https:\/\/patagoniambiental.com.ar\/info\/#website"},"primaryImageOfPage":{"@id":"https:\/\/patagoniambiental.com.ar\/info\/ambiente-recuerda-restricciones-de-usos-en-el-area-natural-protegida-bahia-de-san-antonio-anpbsa\/#primaryimage"},"image":{"@id":"https:\/\/patagoniambiental.com.ar\/info\/ambiente-recuerda-restricciones-de-usos-en-el-area-natural-protegida-bahia-de-san-antonio-anpbsa\/#primaryimage"},"thumbnailUrl":"https:\/\/patagoniambiental.com.ar\/info\/wp-content\/uploads\/2019\/02\/52696106_2286025938385106_615098651760394240_n.jpg","datePublished":"2019-02-28T12:00:58+00:00","breadcrumb":{"@id":"https:\/\/patagoniambiental.com.ar\/info\/ambiente-recuerda-restricciones-de-usos-en-el-area-natural-protegida-bahia-de-san-antonio-anpbsa\/#breadcrumb"},"inLanguage":"es","potentialAction":[{"@type":"ReadAction","target":["https:\/\/patagoniambiental.com.ar\/info\/ambiente-recuerda-restricciones-de-usos-en-el-area-natural-protegida-bahia-de-san-antonio-anpbsa\/"]}]},{"@type":"ImageObject","inLanguage":"es","@id":"https:\/\/patagoniambiental.com.ar\/info\/ambiente-recuerda-restricciones-de-usos-en-el-area-natural-protegida-bahia-de-san-antonio-anpbsa\/#primaryimage","url":"https:\/\/patagoniambiental.com.ar\/info\/wp-content\/uploads\/2019\/02\/52696106_2286025938385106_615098651760394240_n.jpg","contentUrl":"https:\/\/patagoniambiental.com.ar\/info\/wp-content\/uploads\/2019\/02\/52696106_2286025938385106_615098651760394240_n.jpg","width":526,"height":372},{"@type":"BreadcrumbList","@id":"https:\/\/patagoniambiental.com.ar\/info\/ambiente-recuerda-restricciones-de-usos-en-el-area-natural-protegida-bahia-de-san-antonio-anpbsa\/#breadcrumb","itemListElement":[{"@type":"ListItem","position":1,"name":"Inicio","item":"https:\/\/patagoniambiental.com.ar\/info\/"},{"@type":"ListItem","position":2,"name":"Ambiente\u00a0recuerda restricciones de usos en el \u00c1rea Natural Protegida Bah\u00eda De San Antonio\u00a0ANPBSA"}]},{"@type":"WebSite","@id":"https:\/\/patagoniambiental.com.ar\/info\/#website","url":"https:\/\/patagoniambiental.com.ar\/info\/","name":"Patagonia Ambiental","description":"Monitoreo y an\u00e1lisis de la situaci\u00f3n geopol\u00edtica en el mundo y su implicancia en la Patagonia","publisher":{"@id":"https:\/\/patagoniambiental.com.ar\/info\/#organization"},"potentialAction":[{"@type":"SearchAction","target":{"@type":"EntryPoint","urlTemplate":"https:\/\/patagoniambiental.com.ar\/info\/?s={search_term_string}"},"query-input":{"@type":"PropertyValueSpecification","valueRequired":true,"valueName":"search_term_string"}}],"inLanguage":"es"},{"@type":"Organization","@id":"https:\/\/patagoniambiental.com.ar\/info\/#organization","name":"Patagonia Ambiental","url":"https:\/\/patagoniambiental.com.ar\/info\/","logo":{"@type":"ImageObject","inLanguage":"es","@id":"https:\/\/patagoniambiental.com.ar\/info\/#\/schema\/logo\/image\/","url":"https:\/\/patagoniambiental.com.ar\/info\/wp-content\/uploads\/2025\/05\/LOGO-PATAGONIA-AMBIENTAL.png","contentUrl":"https:\/\/patagoniambiental.com.ar\/info\/wp-content\/uploads\/2025\/05\/LOGO-PATAGONIA-AMBIENTAL.png","width":433,"height":250,"caption":"Patagonia Ambiental"},"image":{"@id":"https:\/\/patagoniambiental.com.ar\/info\/#\/schema\/logo\/image\/"},"sameAs":["https:\/\/www.facebook.com\/patagonia.ambiental","https:\/\/x.com\/PatAmb"]},{"@type":"Person","@id":"https:\/\/patagoniambiental.com.ar\/info\/#\/schema\/person\/db12bff64bbcbf6a253710bf0ea37b5d","name":"Patagonia Ambiental","description":"Andr\u00e9s Nievas T\u00e9cnico en manejo ambiental, consultor Ambiental y escritor para medios locales e internacionales sobre temas de geopolitica y medio ambiente.","sameAs":["http:\/\/www.patagoniambiental.com.ar","https:\/\/www.facebook.com\/share\/1C1V8Gv9BX\/?mibextid=qi2Omg","@patagoniambiental","https:\/\/youtube.com\/@patagoniaambiental2023?si=BLt58t0wuXquxlYZ"]}]}},"_links":{"self":[{"href":"https:\/\/patagoniambiental.com.ar\/info\/wp-json\/wp\/v2\/posts\/59236","targetHints":{"allow":["GET"]}}],"collection":[{"href":"https:\/\/patagoniambiental.com.ar\/info\/wp-json\/wp\/v2\/posts"}],"about":[{"href":"https:\/\/patagoniambiental.com.ar\/info\/wp-json\/wp\/v2\/types\/post"}],"author":[{"embeddable":true,"href":"https:\/\/patagoniambiental.com.ar\/info\/wp-json\/wp\/v2\/users\/2"}],"replies":[{"embeddable":true,"href":"https:\/\/patagoniambiental.com.ar\/info\/wp-json\/wp\/v2\/comments?post=59236"}],"version-history":[{"count":0,"href":"https:\/\/patagoniambiental.com.ar\/info\/wp-json\/wp\/v2\/posts\/59236\/revisions"}],"wp:featuredmedia":[{"embeddable":true,"href":"https:\/\/patagoniambiental.com.ar\/info\/wp-json\/wp\/v2\/media\/59237"}],"wp:attachment":[{"href":"https:\/\/patagoniambiental.com.ar\/info\/wp-json\/wp\/v2\/media?parent=59236"}],"wp:term":[{"taxonomy":"category","embeddable":true,"href":"https:\/\/patagoniambiental.com.ar\/info\/wp-json\/wp\/v2\/categories?post=59236"},{"taxonomy":"post_tag","embeddable":true,"href":"https:\/\/patagoniambiental.com.ar\/info\/wp-json\/wp\/v2\/tags?post=59236"}],"curies":[{"name":"wp","href":"https:\/\/api.w.org\/{rel}","templated":true}]}}