{"id":59259,"date":"2019-02-28T19:00:49","date_gmt":"2019-02-28T22:00:49","guid":{"rendered":"http:\/\/patagoniambiental.com.ar\/info\/?p=59259"},"modified":"2019-02-27T12:59:43","modified_gmt":"2019-02-27T15:59:43","slug":"envision-inicia-las-obras-del-parque-eolico-los-meandros-en-neuquen-se-inauguraria-en-febrero-de-2020","status":"publish","type":"post","link":"https:\/\/patagoniambiental.com.ar\/info\/envision-inicia-las-obras-del-parque-eolico-los-meandros-en-neuquen-se-inauguraria-en-febrero-de-2020\/","title":{"rendered":"Envision inicia las obras del parque e\u00f3lico \u201cLos Meandros\u201d en Neuqu\u00e9n: se inaugurar\u00eda en febrero de 2020"},"content":{"rendered":"<p>Neuqu\u00e9n.-Se trata del desarrollo de un Parque E\u00f3lico de 125 MW a 35 kms. de Cutral C\u00f3 y Plaza Huincul. Se pondr\u00e1 en marcha a principios del 2020.<\/p>\n<p><!--more--><\/p>\n<p><img decoding=\"async\" class=\"img-thumbnail post-single-image\" src=\"https:\/\/argentinaeolica.org.ar\/uploads\/blog\/1550776523.jpg\" alt=\"\" \/><\/p>\n<article class=\"post-content\">La \u00a0empresa China Envision, lanz\u00f3 ayer\u00a0 la construcci\u00f3n del primer parque e\u00f3lico de la Provincia del Neuqu\u00e9n, con la descripci\u00f3n del cronograma de trabajo del proyecto\u00a0 \u201cLos Meandros\u201c, \u00a0que se concreta tras la convocatoria para la radicaci\u00f3n de parques de Energ\u00edas Renovables en distintos puntos de la provincia, realizada oportunamente por la ADI-NQN.<\/p>\n<p>La obra que se ubicar\u00e1 a 35 kil\u00f3metros de Cutral C\u00f3 y Plaza Huincul. Ventus se ocupa de la ingenier\u00eda de propiedad y Milicic e Ingener de la construcci\u00f3n, generando 125 MW\u00a0 mediante 50 generadores de 2,5 MW , convirti\u00e9ndose en uno de los mayores Parques del pa\u00eds, con una inversi\u00f3n de\u00a0 180 millones de d\u00f3lares.<\/p>\n<p>La reuni\u00f3n de lanzamiento estuvo presidida por el intendente de Plaza Huincul,\u00a0<strong>Juan Carlos Gianattasio<\/strong>, el presidente de la Agencia de Desarrollo de Inversiones del Neuqu\u00e9n, ADI-NQN S.E.P, Ing.\u00a0<strong>Jos\u00e9 Brillo<\/strong>, el\u00a0 representante de la empresa Envision\u00a0 Javier Vazquez,\u00a0 participando adem\u00e1s\u00a0 el representante del Ministerio de Energ\u00eda Mauricio Ferraris, el Secretario General de la Gobernaci\u00f3n Leonel Dacharry y el Director de la ADI Carlos Pereyra .<\/p>\n<p>Estuvieron presentes tambi\u00e9n\u00a0 miembros de entidades empresariales\u00a0 de Plaza Huincul y Cutral C\u00f3,\u00a0 asociaciones intermedias, y representantes de empresas e instituciones de servicios ligadas al sector energ\u00e9tico.<\/p>\n<p>El Intendente de Plaza Huincul,\u00a0<strong>Juan Carlos Gianatassio<\/strong>, salud\u00f3 la iniciativa del grupo empresario de iniciar la construcci\u00f3n del proyecto y ponerlo en marcha en una a\u00f1o, anhelando que el mismo pueda potenciar la utilizaci\u00f3n de mano de obra local y de empresas de construcci\u00f3n y servicios del lugar, poniendo para ello a disposici\u00f3n la infraestructura existente en las \u00e1reas industriales de la ciudad.<\/p>\n<p>El representante de Envision,\u00a0<strong>Javier Vazquez,<\/strong>\u00a0record\u00f3 que la empresa\u00a0 es una de las m\u00e1s importantes del mundo, con la generaci\u00f3n de 14 mil MW instalados en parques e\u00f3licos en distintos pa\u00edses, destacando el impacto que este nuevo proyecto tendr\u00e1 en la econom\u00eda local, afirmando que se trabajar\u00e1 con el polo tecnol\u00f3gico que depende de los municipios de la comarca petrolera, adem\u00e1s de la posibilidad de conformar un cluster de empresas de servicios durante la construcci\u00f3n y operaci\u00f3n.<\/p>\n<p>Est\u00e1 previsto que esta obra pueda generar fuentes laborales para alrededor de 250 personas en el momento de mayor actividad, y que en febrero del a\u00f1o pr\u00f3ximo puedan ponerse en funcionamiento los aerogeneradores y la interconexi\u00f3n de la l\u00ednea el\u00e9ctrica, con que este Parque se va a vincular con el sistema interconectado nacional.<\/p>\n<p>Por su parte, el Presidente de ADI- NQN, Jos\u00e9 Brillo mencion\u00f3 la relevancia que este proyecto tiene para la provincia del Neuqu\u00e9n, \u00a0al que se suma el parque e\u00f3lico \u201c Vientos Neuquinos \u201c \u00a0ubicado a 40 Kms. de Pic\u00fan Leuf\u00fa, con una \u00a0potencia de 80 MW, que luego llegar\u00e1 a 100 MW, \u00a0\u00a0y que tiene el mismo cronograma de trabajo que el que hoy se puso en marcha en Los Meandros.<\/p>\n<p>Vientos Neuquinos inici\u00f3 actividades de estudios y trabajos sobre la localizaci\u00f3n de los aerogeneradores, con el objetivo de ingresarlos al pa\u00eds \u00a0a mediados de a\u00f1o, y ponerlos en marcha \u00a0en febrero del \u00a02020.<\/p>\n<p>Ambos Parques forman parte de la estrategia del Gobierno de la Provincia que dispuso \u00a0la desgravaci\u00f3n impositiva para\u00a0 facilitar la radicaci\u00f3n de empresas, seg\u00fan record\u00f3 Brillo. Tambi\u00e9n indic\u00f3 que \u201cestos proyectos tienen beneficios promocionales en ingresos brutos, sellos e impuestos inmobiliario, y uso de suelos en tierras fiscales o privadas autorizadas por distintas \u00e1reas del gobierno , ya habilitadas ambientalmente.<\/p>\n<p>Sostuvo que adem\u00e1s \u00a0forman parte de la estrategia del gobierno nacional del desarrollo de energ\u00edas renovables a \u00a0partir de las leyes vigentes, y de la decisi\u00f3n del gobernador Omar Guti\u00e9rrez de promover la radicaci\u00f3n \u00a0de proyectos de energ\u00edas limpias, como una actividad de fortalecimiento del sector energ\u00e9tico, \u00a0mas all\u00e1 de \u00a0la exploraci\u00f3n \u00a0y explotaci\u00f3n \u00a0de combustibles f\u00f3siles, visibilizados en Vaca Muerta<\/p>\n<p>El Presidente de la Agencia de Inversiones sostuvo adem\u00e1s que \u201cla radicaci\u00f3n\u00a0 de energ\u00edas renovables es importante para Neuqu\u00e9n, porque da la posibilidad de preservar el medio ambiente,\u00a0 y poder llegar a cumplir con la matriz energ\u00e9tica\u00a0 que establece un\u00a0 20 por ciento de energ\u00edas renovables en el 2025.\u201d<\/p>\n<p>Vale recordar que la agencia se destaca con el desarrollo de distintas energ\u00edas renovables, y que cuenta actualmente con siete parques e\u00f3licos , dos geot\u00e9rmicos en Copahue y Caviahue, el parque fotovoltaico\u00a0 El Alamito en el Norte neuquino, \u00a0y cuatro parques hidr\u00e1ulicos, \u00a0entre los que \u00a0se destaca el reciente llamado a licitaci\u00f3n nacional e internacional para la construcci\u00f3n de la microcentral multiprop\u00f3sito\u00a0 de Nahueve,\u00a0 en el norte de la provincia, \u00a0con apertura de sobres el 16 de abril.<\/p>\n<p>Todos estos proyectos re\u00fanen para la provincia alrededor de 900 MW y 1600 millones de d\u00f3lares de inversi\u00f3n \u00a0en el territorio provincial.<\/p>\n<p>Fuente:\u00a0<a href=\"https:\/\/www.runrunenergetico.com\/renovables\/\" target=\"_blank\" rel=\"noopener\">www.runrunenergetico.com<\/a><\/p>\n<\/article>\n","protected":false},"excerpt":{"rendered":"<p>Neuqu\u00e9n.-Se trata del desarrollo de un Parque E\u00f3lico de 125 MW a 35 kms. de Cutral C\u00f3 y Plaza Huincul. [&hellip;]<\/p>\n","protected":false},"author":2,"featured_media":59260,"comment_status":"open","ping_status":"open","sticky":false,"template":"","format":"standard","meta":{"site-sidebar-layout":"default","site-content-layout":"","ast-site-content-layout":"default","site-content-style":"default","site-sidebar-style":"default","ast-global-header-display":"","ast-banner-title-visibility":"","ast-main-header-display":"","ast-hfb-above-header-display":"","ast-hfb-below-header-display":"","ast-hfb-mobile-header-display":"","site-post-title":"","ast-breadcrumbs-content":"","ast-featured-img":"","footer-sml-layout":"","ast-disable-related-posts":"","theme-transparent-header-meta":"","adv-header-id-meta":"","stick-header-meta":"","header-above-stick-meta":"","header-main-stick-meta":"","header-below-stick-meta":"","astra-migrate-meta-layouts":"default","ast-page-background-enabled":"default","ast-page-background-meta":{"desktop":{"background-color":"var(--ast-global-color-5)","background-image":"","background-repeat":"repeat","background-position":"center center","background-size":"auto","background-attachment":"scroll","background-type":"","background-media":"","overlay-type":"","overlay-color":"","overlay-opacity":"","overlay-gradient":""},"tablet":{"background-color":"","background-image":"","background-repeat":"repeat","background-position":"center center","background-size":"auto","background-attachment":"scroll","background-type":"","background-media":"","overlay-type":"","overlay-color":"","overlay-opacity":"","overlay-gradient":""},"mobile":{"background-color":"","background-image":"","background-repeat":"repeat","background-position":"center center","background-size":"auto","background-attachment":"scroll","background-type":"","background-media":"","overlay-type":"","overlay-color":"","overlay-opacity":"","overlay-gradient":""}},"ast-content-background-meta":{"desktop":{"background-color":"var(--ast-global-color-4)","background-image":"","background-repeat":"repeat","background-position":"center center","background-size":"auto","background-attachment":"scroll","background-type":"","background-media":"","overlay-type":"","overlay-color":"","overlay-opacity":"","overlay-gradient":""},"tablet":{"background-color":"var(--ast-global-color-4)","background-image":"","background-repeat":"repeat","background-position":"center center","background-size":"auto","background-attachment":"scroll","background-type":"","background-media":"","overlay-type":"","overlay-color":"","overlay-opacity":"","overlay-gradient":""},"mobile":{"background-color":"var(--ast-global-color-4)","background-image":"","background-repeat":"repeat","background-position":"center center","background-size":"auto","background-attachment":"scroll","background-type":"","background-media":"","overlay-type":"","overlay-color":"","overlay-opacity":"","overlay-gradient":""}},"footnotes":""},"categories":[18,1,13],"tags":[],"class_list":["post-59259","post","type-post","status-publish","format-standard","has-post-thumbnail","hentry","category-neuquen","category-noticias","category-provinciales"],"yoast_head":"<!-- This site is optimized with the Yoast SEO Premium plugin v23.0 (Yoast SEO v27.4) - https:\/\/yoast.com\/product\/yoast-seo-premium-wordpress\/ -->\n<title>Envision inicia las obras del parque e\u00f3lico \u201cLos Meandros\u201d en Neuqu\u00e9n: se inaugurar\u00eda en febrero de 2020<\/title>\n<meta name=\"robots\" content=\"index, follow, max-snippet:-1, max-image-preview:large, max-video-preview:-1\" \/>\n<link rel=\"canonical\" href=\"https:\/\/patagoniambiental.com.ar\/info\/envision-inicia-las-obras-del-parque-eolico-los-meandros-en-neuquen-se-inauguraria-en-febrero-de-2020\/\" \/>\n<meta property=\"og:locale\" content=\"es_ES\" \/>\n<meta property=\"og:type\" content=\"article\" \/>\n<meta property=\"og:title\" content=\"Envision inicia las obras del parque e\u00f3lico \u201cLos Meandros\u201d en Neuqu\u00e9n: se inaugurar\u00eda en febrero de 2020\" \/>\n<meta property=\"og:description\" content=\"Neuqu\u00e9n.-Se trata del desarrollo de un Parque E\u00f3lico de 125 MW a 35 kms. de Cutral C\u00f3 y Plaza Huincul. [&hellip;]\" \/>\n<meta property=\"og:url\" content=\"https:\/\/patagoniambiental.com.ar\/info\/envision-inicia-las-obras-del-parque-eolico-los-meandros-en-neuquen-se-inauguraria-en-febrero-de-2020\/\" \/>\n<meta property=\"og:site_name\" content=\"Patagonia Ambiental\" \/>\n<meta property=\"article:publisher\" content=\"https:\/\/www.facebook.com\/patagonia.ambiental\" \/>\n<meta property=\"article:author\" content=\"https:\/\/www.facebook.com\/share\/1C1V8Gv9BX\/?mibextid=qi2Omg\" \/>\n<meta property=\"article:published_time\" content=\"2019-02-28T22:00:49+00:00\" \/>\n<meta property=\"og:image\" content=\"https:\/\/patagoniambiental.com.ar\/info\/wp-content\/uploads\/2019\/02\/1550776523.jpg\" \/>\n\t<meta property=\"og:image:width\" content=\"750\" \/>\n\t<meta property=\"og:image:height\" content=\"375\" \/>\n\t<meta property=\"og:image:type\" content=\"image\/jpeg\" \/>\n<meta name=\"author\" content=\"Patagonia Ambiental\" \/>\n<meta name=\"twitter:card\" content=\"summary_large_image\" \/>\n<meta name=\"twitter:creator\" content=\"@PatAmb\" \/>\n<meta name=\"twitter:site\" content=\"@PatAmb\" \/>\n<script type=\"application\/ld+json\" class=\"yoast-schema-graph\">{\"@context\":\"https:\\\/\\\/schema.org\",\"@graph\":[{\"@type\":\"Article\",\"@id\":\"https:\\\/\\\/patagoniambiental.com.ar\\\/info\\\/envision-inicia-las-obras-del-parque-eolico-los-meandros-en-neuquen-se-inauguraria-en-febrero-de-2020\\\/#article\",\"isPartOf\":{\"@id\":\"https:\\\/\\\/patagoniambiental.com.ar\\\/info\\\/envision-inicia-las-obras-del-parque-eolico-los-meandros-en-neuquen-se-inauguraria-en-febrero-de-2020\\\/\"},\"author\":{\"name\":\"Patagonia Ambiental\",\"@id\":\"https:\\\/\\\/patagoniambiental.com.ar\\\/info\\\/#\\\/schema\\\/person\\\/db12bff64bbcbf6a253710bf0ea37b5d\"},\"headline\":\"Envision inicia las obras del parque e\u00f3lico \u201cLos Meandros\u201d en Neuqu\u00e9n: se inaugurar\u00eda en febrero de 2020\",\"datePublished\":\"2019-02-28T22:00:49+00:00\",\"mainEntityOfPage\":{\"@id\":\"https:\\\/\\\/patagoniambiental.com.ar\\\/info\\\/envision-inicia-las-obras-del-parque-eolico-los-meandros-en-neuquen-se-inauguraria-en-febrero-de-2020\\\/\"},\"wordCount\":877,\"commentCount\":0,\"publisher\":{\"@id\":\"https:\\\/\\\/patagoniambiental.com.ar\\\/info\\\/#organization\"},\"image\":{\"@id\":\"https:\\\/\\\/patagoniambiental.com.ar\\\/info\\\/envision-inicia-las-obras-del-parque-eolico-los-meandros-en-neuquen-se-inauguraria-en-febrero-de-2020\\\/#primaryimage\"},\"thumbnailUrl\":\"https:\\\/\\\/patagoniambiental.com.ar\\\/info\\\/wp-content\\\/uploads\\\/2019\\\/02\\\/1550776523.jpg\",\"articleSection\":[\"Neuqu\u00e9n\",\"Noticias\",\"Provinciales\"],\"inLanguage\":\"es\",\"potentialAction\":[{\"@type\":\"CommentAction\",\"name\":\"Comment\",\"target\":[\"https:\\\/\\\/patagoniambiental.com.ar\\\/info\\\/envision-inicia-las-obras-del-parque-eolico-los-meandros-en-neuquen-se-inauguraria-en-febrero-de-2020\\\/#respond\"]}]},{\"@type\":\"WebPage\",\"@id\":\"https:\\\/\\\/patagoniambiental.com.ar\\\/info\\\/envision-inicia-las-obras-del-parque-eolico-los-meandros-en-neuquen-se-inauguraria-en-febrero-de-2020\\\/\",\"url\":\"https:\\\/\\\/patagoniambiental.com.ar\\\/info\\\/envision-inicia-las-obras-del-parque-eolico-los-meandros-en-neuquen-se-inauguraria-en-febrero-de-2020\\\/\",\"name\":\"Envision inicia las obras del parque e\u00f3lico \u201cLos Meandros\u201d en Neuqu\u00e9n: se inaugurar\u00eda en febrero de 2020\",\"isPartOf\":{\"@id\":\"https:\\\/\\\/patagoniambiental.com.ar\\\/info\\\/#website\"},\"primaryImageOfPage\":{\"@id\":\"https:\\\/\\\/patagoniambiental.com.ar\\\/info\\\/envision-inicia-las-obras-del-parque-eolico-los-meandros-en-neuquen-se-inauguraria-en-febrero-de-2020\\\/#primaryimage\"},\"image\":{\"@id\":\"https:\\\/\\\/patagoniambiental.com.ar\\\/info\\\/envision-inicia-las-obras-del-parque-eolico-los-meandros-en-neuquen-se-inauguraria-en-febrero-de-2020\\\/#primaryimage\"},\"thumbnailUrl\":\"https:\\\/\\\/patagoniambiental.com.ar\\\/info\\\/wp-content\\\/uploads\\\/2019\\\/02\\\/1550776523.jpg\",\"datePublished\":\"2019-02-28T22:00:49+00:00\",\"breadcrumb\":{\"@id\":\"https:\\\/\\\/patagoniambiental.com.ar\\\/info\\\/envision-inicia-las-obras-del-parque-eolico-los-meandros-en-neuquen-se-inauguraria-en-febrero-de-2020\\\/#breadcrumb\"},\"inLanguage\":\"es\",\"potentialAction\":[{\"@type\":\"ReadAction\",\"target\":[\"https:\\\/\\\/patagoniambiental.com.ar\\\/info\\\/envision-inicia-las-obras-del-parque-eolico-los-meandros-en-neuquen-se-inauguraria-en-febrero-de-2020\\\/\"]}]},{\"@type\":\"ImageObject\",\"inLanguage\":\"es\",\"@id\":\"https:\\\/\\\/patagoniambiental.com.ar\\\/info\\\/envision-inicia-las-obras-del-parque-eolico-los-meandros-en-neuquen-se-inauguraria-en-febrero-de-2020\\\/#primaryimage\",\"url\":\"https:\\\/\\\/patagoniambiental.com.ar\\\/info\\\/wp-content\\\/uploads\\\/2019\\\/02\\\/1550776523.jpg\",\"contentUrl\":\"https:\\\/\\\/patagoniambiental.com.ar\\\/info\\\/wp-content\\\/uploads\\\/2019\\\/02\\\/1550776523.jpg\",\"width\":750,\"height\":375},{\"@type\":\"BreadcrumbList\",\"@id\":\"https:\\\/\\\/patagoniambiental.com.ar\\\/info\\\/envision-inicia-las-obras-del-parque-eolico-los-meandros-en-neuquen-se-inauguraria-en-febrero-de-2020\\\/#breadcrumb\",\"itemListElement\":[{\"@type\":\"ListItem\",\"position\":1,\"name\":\"Inicio\",\"item\":\"https:\\\/\\\/patagoniambiental.com.ar\\\/info\\\/\"},{\"@type\":\"ListItem\",\"position\":2,\"name\":\"Envision inicia las obras del parque e\u00f3lico \u201cLos Meandros\u201d en Neuqu\u00e9n: se inaugurar\u00eda en febrero de 2020\"}]},{\"@type\":\"WebSite\",\"@id\":\"https:\\\/\\\/patagoniambiental.com.ar\\\/info\\\/#website\",\"url\":\"https:\\\/\\\/patagoniambiental.com.ar\\\/info\\\/\",\"name\":\"Patagonia Ambiental\",\"description\":\"Monitoreo y an\u00e1lisis de la situaci\u00f3n geopol\u00edtica en el mundo y su implicancia en la Patagonia\",\"publisher\":{\"@id\":\"https:\\\/\\\/patagoniambiental.com.ar\\\/info\\\/#organization\"},\"potentialAction\":[{\"@type\":\"SearchAction\",\"target\":{\"@type\":\"EntryPoint\",\"urlTemplate\":\"https:\\\/\\\/patagoniambiental.com.ar\\\/info\\\/?s={search_term_string}\"},\"query-input\":{\"@type\":\"PropertyValueSpecification\",\"valueRequired\":true,\"valueName\":\"search_term_string\"}}],\"inLanguage\":\"es\"},{\"@type\":\"Organization\",\"@id\":\"https:\\\/\\\/patagoniambiental.com.ar\\\/info\\\/#organization\",\"name\":\"Patagonia Ambiental\",\"url\":\"https:\\\/\\\/patagoniambiental.com.ar\\\/info\\\/\",\"logo\":{\"@type\":\"ImageObject\",\"inLanguage\":\"es\",\"@id\":\"https:\\\/\\\/patagoniambiental.com.ar\\\/info\\\/#\\\/schema\\\/logo\\\/image\\\/\",\"url\":\"https:\\\/\\\/patagoniambiental.com.ar\\\/info\\\/wp-content\\\/uploads\\\/2025\\\/05\\\/LOGO-PATAGONIA-AMBIENTAL.png\",\"contentUrl\":\"https:\\\/\\\/patagoniambiental.com.ar\\\/info\\\/wp-content\\\/uploads\\\/2025\\\/05\\\/LOGO-PATAGONIA-AMBIENTAL.png\",\"width\":433,\"height\":250,\"caption\":\"Patagonia Ambiental\"},\"image\":{\"@id\":\"https:\\\/\\\/patagoniambiental.com.ar\\\/info\\\/#\\\/schema\\\/logo\\\/image\\\/\"},\"sameAs\":[\"https:\\\/\\\/www.facebook.com\\\/patagonia.ambiental\",\"https:\\\/\\\/x.com\\\/PatAmb\"]},{\"@type\":\"Person\",\"@id\":\"https:\\\/\\\/patagoniambiental.com.ar\\\/info\\\/#\\\/schema\\\/person\\\/db12bff64bbcbf6a253710bf0ea37b5d\",\"name\":\"Patagonia Ambiental\",\"description\":\"Andr\u00e9s Nievas T\u00e9cnico en manejo ambiental, consultor Ambiental y escritor para medios locales e internacionales sobre temas de geopolitica y medio ambiente.\",\"sameAs\":[\"http:\\\/\\\/www.patagoniambiental.com.ar\",\"https:\\\/\\\/www.facebook.com\\\/share\\\/1C1V8Gv9BX\\\/?mibextid=qi2Omg\",\"@patagoniambiental\",\"https:\\\/\\\/youtube.com\\\/@patagoniaambiental2023?si=BLt58t0wuXquxlYZ\"]}]}<\/script>\n<!-- \/ Yoast SEO Premium plugin. -->","yoast_head_json":{"title":"Envision inicia las obras del parque e\u00f3lico \u201cLos Meandros\u201d en Neuqu\u00e9n: se inaugurar\u00eda en febrero de 2020","robots":{"index":"index","follow":"follow","max-snippet":"max-snippet:-1","max-image-preview":"max-image-preview:large","max-video-preview":"max-video-preview:-1"},"canonical":"https:\/\/patagoniambiental.com.ar\/info\/envision-inicia-las-obras-del-parque-eolico-los-meandros-en-neuquen-se-inauguraria-en-febrero-de-2020\/","og_locale":"es_ES","og_type":"article","og_title":"Envision inicia las obras del parque e\u00f3lico \u201cLos Meandros\u201d en Neuqu\u00e9n: se inaugurar\u00eda en febrero de 2020","og_description":"Neuqu\u00e9n.-Se trata del desarrollo de un Parque E\u00f3lico de 125 MW a 35 kms. de Cutral C\u00f3 y Plaza Huincul. [&hellip;]","og_url":"https:\/\/patagoniambiental.com.ar\/info\/envision-inicia-las-obras-del-parque-eolico-los-meandros-en-neuquen-se-inauguraria-en-febrero-de-2020\/","og_site_name":"Patagonia Ambiental","article_publisher":"https:\/\/www.facebook.com\/patagonia.ambiental","article_author":"https:\/\/www.facebook.com\/share\/1C1V8Gv9BX\/?mibextid=qi2Omg","article_published_time":"2019-02-28T22:00:49+00:00","og_image":[{"width":750,"height":375,"url":"https:\/\/patagoniambiental.com.ar\/info\/wp-content\/uploads\/2019\/02\/1550776523.jpg","type":"image\/jpeg"}],"author":"Patagonia Ambiental","twitter_card":"summary_large_image","twitter_creator":"@PatAmb","twitter_site":"@PatAmb","schema":{"@context":"https:\/\/schema.org","@graph":[{"@type":"Article","@id":"https:\/\/patagoniambiental.com.ar\/info\/envision-inicia-las-obras-del-parque-eolico-los-meandros-en-neuquen-se-inauguraria-en-febrero-de-2020\/#article","isPartOf":{"@id":"https:\/\/patagoniambiental.com.ar\/info\/envision-inicia-las-obras-del-parque-eolico-los-meandros-en-neuquen-se-inauguraria-en-febrero-de-2020\/"},"author":{"name":"Patagonia Ambiental","@id":"https:\/\/patagoniambiental.com.ar\/info\/#\/schema\/person\/db12bff64bbcbf6a253710bf0ea37b5d"},"headline":"Envision inicia las obras del parque e\u00f3lico \u201cLos Meandros\u201d en Neuqu\u00e9n: se inaugurar\u00eda en febrero de 2020","datePublished":"2019-02-28T22:00:49+00:00","mainEntityOfPage":{"@id":"https:\/\/patagoniambiental.com.ar\/info\/envision-inicia-las-obras-del-parque-eolico-los-meandros-en-neuquen-se-inauguraria-en-febrero-de-2020\/"},"wordCount":877,"commentCount":0,"publisher":{"@id":"https:\/\/patagoniambiental.com.ar\/info\/#organization"},"image":{"@id":"https:\/\/patagoniambiental.com.ar\/info\/envision-inicia-las-obras-del-parque-eolico-los-meandros-en-neuquen-se-inauguraria-en-febrero-de-2020\/#primaryimage"},"thumbnailUrl":"https:\/\/patagoniambiental.com.ar\/info\/wp-content\/uploads\/2019\/02\/1550776523.jpg","articleSection":["Neuqu\u00e9n","Noticias","Provinciales"],"inLanguage":"es","potentialAction":[{"@type":"CommentAction","name":"Comment","target":["https:\/\/patagoniambiental.com.ar\/info\/envision-inicia-las-obras-del-parque-eolico-los-meandros-en-neuquen-se-inauguraria-en-febrero-de-2020\/#respond"]}]},{"@type":"WebPage","@id":"https:\/\/patagoniambiental.com.ar\/info\/envision-inicia-las-obras-del-parque-eolico-los-meandros-en-neuquen-se-inauguraria-en-febrero-de-2020\/","url":"https:\/\/patagoniambiental.com.ar\/info\/envision-inicia-las-obras-del-parque-eolico-los-meandros-en-neuquen-se-inauguraria-en-febrero-de-2020\/","name":"Envision inicia las obras del parque e\u00f3lico \u201cLos Meandros\u201d en Neuqu\u00e9n: se inaugurar\u00eda en febrero de 2020","isPartOf":{"@id":"https:\/\/patagoniambiental.com.ar\/info\/#website"},"primaryImageOfPage":{"@id":"https:\/\/patagoniambiental.com.ar\/info\/envision-inicia-las-obras-del-parque-eolico-los-meandros-en-neuquen-se-inauguraria-en-febrero-de-2020\/#primaryimage"},"image":{"@id":"https:\/\/patagoniambiental.com.ar\/info\/envision-inicia-las-obras-del-parque-eolico-los-meandros-en-neuquen-se-inauguraria-en-febrero-de-2020\/#primaryimage"},"thumbnailUrl":"https:\/\/patagoniambiental.com.ar\/info\/wp-content\/uploads\/2019\/02\/1550776523.jpg","datePublished":"2019-02-28T22:00:49+00:00","breadcrumb":{"@id":"https:\/\/patagoniambiental.com.ar\/info\/envision-inicia-las-obras-del-parque-eolico-los-meandros-en-neuquen-se-inauguraria-en-febrero-de-2020\/#breadcrumb"},"inLanguage":"es","potentialAction":[{"@type":"ReadAction","target":["https:\/\/patagoniambiental.com.ar\/info\/envision-inicia-las-obras-del-parque-eolico-los-meandros-en-neuquen-se-inauguraria-en-febrero-de-2020\/"]}]},{"@type":"ImageObject","inLanguage":"es","@id":"https:\/\/patagoniambiental.com.ar\/info\/envision-inicia-las-obras-del-parque-eolico-los-meandros-en-neuquen-se-inauguraria-en-febrero-de-2020\/#primaryimage","url":"https:\/\/patagoniambiental.com.ar\/info\/wp-content\/uploads\/2019\/02\/1550776523.jpg","contentUrl":"https:\/\/patagoniambiental.com.ar\/info\/wp-content\/uploads\/2019\/02\/1550776523.jpg","width":750,"height":375},{"@type":"BreadcrumbList","@id":"https:\/\/patagoniambiental.com.ar\/info\/envision-inicia-las-obras-del-parque-eolico-los-meandros-en-neuquen-se-inauguraria-en-febrero-de-2020\/#breadcrumb","itemListElement":[{"@type":"ListItem","position":1,"name":"Inicio","item":"https:\/\/patagoniambiental.com.ar\/info\/"},{"@type":"ListItem","position":2,"name":"Envision inicia las obras del parque e\u00f3lico \u201cLos Meandros\u201d en Neuqu\u00e9n: se inaugurar\u00eda en febrero de 2020"}]},{"@type":"WebSite","@id":"https:\/\/patagoniambiental.com.ar\/info\/#website","url":"https:\/\/patagoniambiental.com.ar\/info\/","name":"Patagonia Ambiental","description":"Monitoreo y an\u00e1lisis de la situaci\u00f3n geopol\u00edtica en el mundo y su implicancia en la Patagonia","publisher":{"@id":"https:\/\/patagoniambiental.com.ar\/info\/#organization"},"potentialAction":[{"@type":"SearchAction","target":{"@type":"EntryPoint","urlTemplate":"https:\/\/patagoniambiental.com.ar\/info\/?s={search_term_string}"},"query-input":{"@type":"PropertyValueSpecification","valueRequired":true,"valueName":"search_term_string"}}],"inLanguage":"es"},{"@type":"Organization","@id":"https:\/\/patagoniambiental.com.ar\/info\/#organization","name":"Patagonia Ambiental","url":"https:\/\/patagoniambiental.com.ar\/info\/","logo":{"@type":"ImageObject","inLanguage":"es","@id":"https:\/\/patagoniambiental.com.ar\/info\/#\/schema\/logo\/image\/","url":"https:\/\/patagoniambiental.com.ar\/info\/wp-content\/uploads\/2025\/05\/LOGO-PATAGONIA-AMBIENTAL.png","contentUrl":"https:\/\/patagoniambiental.com.ar\/info\/wp-content\/uploads\/2025\/05\/LOGO-PATAGONIA-AMBIENTAL.png","width":433,"height":250,"caption":"Patagonia Ambiental"},"image":{"@id":"https:\/\/patagoniambiental.com.ar\/info\/#\/schema\/logo\/image\/"},"sameAs":["https:\/\/www.facebook.com\/patagonia.ambiental","https:\/\/x.com\/PatAmb"]},{"@type":"Person","@id":"https:\/\/patagoniambiental.com.ar\/info\/#\/schema\/person\/db12bff64bbcbf6a253710bf0ea37b5d","name":"Patagonia Ambiental","description":"Andr\u00e9s Nievas T\u00e9cnico en manejo ambiental, consultor Ambiental y escritor para medios locales e internacionales sobre temas de geopolitica y medio ambiente.","sameAs":["http:\/\/www.patagoniambiental.com.ar","https:\/\/www.facebook.com\/share\/1C1V8Gv9BX\/?mibextid=qi2Omg","@patagoniambiental","https:\/\/youtube.com\/@patagoniaambiental2023?si=BLt58t0wuXquxlYZ"]}]}},"_links":{"self":[{"href":"https:\/\/patagoniambiental.com.ar\/info\/wp-json\/wp\/v2\/posts\/59259","targetHints":{"allow":["GET"]}}],"collection":[{"href":"https:\/\/patagoniambiental.com.ar\/info\/wp-json\/wp\/v2\/posts"}],"about":[{"href":"https:\/\/patagoniambiental.com.ar\/info\/wp-json\/wp\/v2\/types\/post"}],"author":[{"embeddable":true,"href":"https:\/\/patagoniambiental.com.ar\/info\/wp-json\/wp\/v2\/users\/2"}],"replies":[{"embeddable":true,"href":"https:\/\/patagoniambiental.com.ar\/info\/wp-json\/wp\/v2\/comments?post=59259"}],"version-history":[{"count":0,"href":"https:\/\/patagoniambiental.com.ar\/info\/wp-json\/wp\/v2\/posts\/59259\/revisions"}],"wp:featuredmedia":[{"embeddable":true,"href":"https:\/\/patagoniambiental.com.ar\/info\/wp-json\/wp\/v2\/media\/59260"}],"wp:attachment":[{"href":"https:\/\/patagoniambiental.com.ar\/info\/wp-json\/wp\/v2\/media?parent=59259"}],"wp:term":[{"taxonomy":"category","embeddable":true,"href":"https:\/\/patagoniambiental.com.ar\/info\/wp-json\/wp\/v2\/categories?post=59259"},{"taxonomy":"post_tag","embeddable":true,"href":"https:\/\/patagoniambiental.com.ar\/info\/wp-json\/wp\/v2\/tags?post=59259"}],"curies":[{"name":"wp","href":"https:\/\/api.w.org\/{rel}","templated":true}]}}