{"id":59262,"date":"2019-02-27T09:00:26","date_gmt":"2019-02-27T12:00:26","guid":{"rendered":"http:\/\/patagoniambiental.com.ar\/info\/?p=59262"},"modified":"2019-02-26T16:44:10","modified_gmt":"2019-02-26T19:44:10","slug":"expertos-cuestionan-las-condiciones-para-acceder-a-prorroga-de-construccion-de-proyectos-eolicos","status":"publish","type":"post","link":"https:\/\/patagoniambiental.com.ar\/info\/expertos-cuestionan-las-condiciones-para-acceder-a-prorroga-de-construccion-de-proyectos-eolicos\/","title":{"rendered":"Expertos cuestionan las condiciones para acceder a pr\u00f3rroga de construcci\u00f3n de Proyectos E\u00f3licos"},"content":{"rendered":"<p>Florencia Ortiz, abogada especializada en derecho energ\u00e9tico, analiz\u00f3 en una entrevista para Energ\u00eda Estrat\u00e9gica la reciente medida adoptada por la Secretar\u00eda de Energ\u00eda que habilita a prorrogar la construcci\u00f3n de los proyectos de energ\u00edas limpias que resultaron adjudicados en 2017 &#8211; Ronda 2 del Programa RenovAr &#8211; por el plazo m\u00e1ximo de 365 d\u00edas, a cambio de compensar al Estado eligiendo dos de las tres opciones disponibles: elevar al 30% el contenido de industria nacional; reducir el tiempo de contrato o bajar el precio.<\/p>\n<p><!--more--><\/p>\n<p><img decoding=\"async\" class=\"img-thumbnail post-single-image\" src=\"https:\/\/argentinaeolica.org.ar\/uploads\/blog\/1550776429.jpg\" alt=\"\" \/><\/p>\n<article class=\"post-content\"><strong>\u00bfEs necesario extender el plazo de construcci\u00f3n de los proyectos de renovables?\u00a0<\/strong><\/p>\n<p>Entendemos como principio que los plazos de ejecuci\u00f3n de los proyectos deben ser razonables, siempre. Plazos razonables se traducen en precios razonables. Esto es un principio econ\u00f3mico, ya que de no ser as\u00ed implica un riesgo y eso ajusta el precio. El aumento de las tasas de inter\u00e9s efectuada por la Reserva Federal de los Estados Unidos durante 2017 y 2018 afect\u00f3 a todos los mercados emergentes y puntualmente a la Argentina, por lo que es fundamental que exista una extensi\u00f3n de plazo para los proyectos afectados. \u00a0Argentina necesita energ\u00eda limpia, competitiva (a menor costo por MWh que la que importa o genera con energ\u00edas convencionales) e inversiones en distintas regiones para generar empleo sustentable a largo plazo.<\/p>\n<p><strong>\u00bfY de las licitaciones anteriores tambi\u00e9n?<\/strong><\/p>\n<p>En el caso puntual de RenovAR 2 hubo circunstancias macroecon\u00f3micas, motivadas tanto por factores internos como externos que afectaron especialmente a los proyectos en un momento de alta vulnerabilidad, como es la etapa de cierre del financiamiento. Creo que las circunstancias de 2018 son innegables y que hay que sincerarse para poder avanzar. En relaci\u00f3n a rondas anteriores o rondas futuras, el principio debiera ser el mismo. Obviamente tienen que existir circunstancias objetivas que justifiquen una extensi\u00f3n de plazos, ya que de lo contrario se afecta a la seguridad jur\u00eddica.<\/p>\n<p><strong>\u00bfQu\u00e9 mecanismos debiera determinar el Gobierno para compensar el tiempo perdido?\u00a0<\/strong><\/p>\n<p>En la medida que existan circunstancias objetivas y sist\u00e9micas que justifiquen una extensi\u00f3n del plazo, entiendo que no hay nada para compensar.\u00a0La pr\u00f3rroga no puede presentarse como una penalizaci\u00f3n, sino como un reconocimiento de un cambio de circunstancias. Por otro lado, si no fuera real el cambio de circunstancias, no ser\u00eda razonable otorgar la pr\u00f3rroga.<\/p>\n<p>La mayor\u00eda de los proyectos sufrieron atrasos debido a las dificultades para lograr el cierre financiero por causa del contexto macro mencionado. Resulta fundamental reconocer esta situaci\u00f3n y actuar para defender la inversi\u00f3n y los proyectos, para defender RenovAR.<\/p>\n<p>Tal vez se podr\u00eda analizar un sistema bajo el cual si el atraso mejor\u00f3 la TIR de los proyectos, se puedan ofrecer una parte de esa mejora en concepto de devoluci\u00f3n al consumidor, pero s\u00f3lo una vez terminado el repago de los cr\u00e9ditos necesarios para construir los proyectos.<\/p>\n<p>Por otro lado, en algunos casos podr\u00eda ser razonable exigir mayores garant\u00edas de cumplimiento contra el otorgamiento de la pr\u00f3rroga, ya que asegurar\u00eda una penalidad al que no cumple y otorgar\u00eda tranquilidad a quienes s\u00ed cumplen, sin impactar directamente en los flujos futuros del proyecto, que garantizan su financiabilidad.<\/p>\n<p><strong>\u00bfEs l\u00f3gico solicitar mayor integraci\u00f3n de contenido local?\u00a0<\/strong><\/p>\n<p>Eventualmente, vemos como factible exigir una mayor integraci\u00f3n de contenido local, ya que en definitiva esto es algo que los promotores de los proyectos podr\u00edan rearmar, siempre que sea razonable la exigencia. A su vez, la baja del tipo de cambio ofrece, tal vez, mejoras para integrar localmente mayor cantidad de componentes.<\/p>\n<p><strong>\u00bfY una baja del precio?<\/strong><\/p>\n<p>No vemos factible tocar el precio que licit\u00f3 el proyecto, sobre todo durante los primeros 8 o 10 a\u00f1os de operaci\u00f3n comercial, porque esto puede terminar de destruir la capacidad del proyecto de obtener el cierre financiero. En otros mercados, se tiene en cuenta tambi\u00e9n si hubo mejoras tecnol\u00f3gicas al aparecer en el mercado alg\u00fan producto nuevo que otorga mayor capacidad de generaci\u00f3n el\u00e9ctrica, y se pide que esa mejora (en caso de existir) se comparta tambi\u00e9n con el sistema.<\/p>\n<p><strong>\u00bfEs posible compensar reduciendo el plazo de los contratos?<\/strong><\/p>\n<p>Al igual que con el precio, tampoco vemos factible que se ajuste el plazo. Bajar los plazos de los contratos, impacta directamente en la TIR de los proyectos y por ende en su financiabilidad.<\/p>\n<p><strong>\u00bfC\u00f3mo impactan estas medidas?<\/strong><\/p>\n<p>La publicaci\u00f3n de una resoluci\u00f3n otorgando una pr\u00f3rroga generalizada a los proyectos de RenovAR 2 viene siendo esperada por el mercado. El c\u00f3mo va a impactar esta medida va a estar directamente relacionado con los t\u00e9rminos y condiciones de la pr\u00f3rroga.<\/p>\n<p>Si para acceder a la pr\u00f3rroga se bajan los precios y plazos de los proyectos, va a resultar dif\u00edcil que un proyecto que ya se encuentra atrasado, que tal vez no haya logrado obtener el cierre financiero debido a las incertidumbres ex\u00f3genas del inversor y de los entes financiadores, pueda convencer a los bancos de su viabilidad.<\/p>\n<p>En definitiva, esperamos que la pr\u00f3rroga permita la ejecuci\u00f3n exitosa de los proyectos de la Ronda 2, consolidando el mercado de las energ\u00edas limpias en Argentina.<\/p>\n<p><a href=\"http:\/\/www.energiaestrategica.com\/por-las-dificultades-para-cerrar-financiamiento-el-gobierno-permite-extender-plazo-de-construccion-de-las-centrales-de-energias-renovables-pero-a-cambio-de-nuevas-compensaciones\/\">Ver nota relacionada:\u00a0El Gobierno ofrece compensaciones para extender plazo de construcci\u00f3n de los proyectos de energ\u00edas renovables afectados por la corrida financiera<\/a><\/p>\n<p>Fuente:\u00a0<a href=\"http:\/\/www.energiaestrategica.com\/energias-renovables-expertos-cuestionan-las-condiciones-para-acceder-a-prorroga-de-construccion\/\" target=\"_blank\" rel=\"noopener\">www.energiaestrategica.com<\/a><\/p>\n<\/article>\n","protected":false},"excerpt":{"rendered":"<p>Florencia Ortiz, abogada especializada en derecho energ\u00e9tico, analiz\u00f3 en una entrevista para Energ\u00eda Estrat\u00e9gica la reciente medida adoptada por la [&hellip;]<\/p>\n","protected":false},"author":2,"featured_media":59263,"comment_status":"open","ping_status":"open","sticky":false,"template":"","format":"standard","meta":{"site-sidebar-layout":"default","site-content-layout":"","ast-site-content-layout":"default","site-content-style":"default","site-sidebar-style":"default","ast-global-header-display":"","ast-banner-title-visibility":"","ast-main-header-display":"","ast-hfb-above-header-display":"","ast-hfb-below-header-display":"","ast-hfb-mobile-header-display":"","site-post-title":"","ast-breadcrumbs-content":"","ast-featured-img":"","footer-sml-layout":"","ast-disable-related-posts":"","theme-transparent-header-meta":"","adv-header-id-meta":"","stick-header-meta":"","header-above-stick-meta":"","header-main-stick-meta":"","header-below-stick-meta":"","astra-migrate-meta-layouts":"default","ast-page-background-enabled":"default","ast-page-background-meta":{"desktop":{"background-color":"var(--ast-global-color-5)","background-image":"","background-repeat":"repeat","background-position":"center center","background-size":"auto","background-attachment":"scroll","background-type":"","background-media":"","overlay-type":"","overlay-color":"","overlay-opacity":"","overlay-gradient":""},"tablet":{"background-color":"","background-image":"","background-repeat":"repeat","background-position":"center center","background-size":"auto","background-attachment":"scroll","background-type":"","background-media":"","overlay-type":"","overlay-color":"","overlay-opacity":"","overlay-gradient":""},"mobile":{"background-color":"","background-image":"","background-repeat":"repeat","background-position":"center center","background-size":"auto","background-attachment":"scroll","background-type":"","background-media":"","overlay-type":"","overlay-color":"","overlay-opacity":"","overlay-gradient":""}},"ast-content-background-meta":{"desktop":{"background-color":"var(--ast-global-color-4)","background-image":"","background-repeat":"repeat","background-position":"center center","background-size":"auto","background-attachment":"scroll","background-type":"","background-media":"","overlay-type":"","overlay-color":"","overlay-opacity":"","overlay-gradient":""},"tablet":{"background-color":"var(--ast-global-color-4)","background-image":"","background-repeat":"repeat","background-position":"center center","background-size":"auto","background-attachment":"scroll","background-type":"","background-media":"","overlay-type":"","overlay-color":"","overlay-opacity":"","overlay-gradient":""},"mobile":{"background-color":"var(--ast-global-color-4)","background-image":"","background-repeat":"repeat","background-position":"center center","background-size":"auto","background-attachment":"scroll","background-type":"","background-media":"","overlay-type":"","overlay-color":"","overlay-opacity":"","overlay-gradient":""}},"footnotes":""},"categories":[51,1],"tags":[],"class_list":["post-59262","post","type-post","status-publish","format-standard","has-post-thumbnail","hentry","category-entrevistas","category-noticias"],"yoast_head":"<!-- This site is optimized with the Yoast SEO Premium plugin v23.0 (Yoast SEO v27.4) - https:\/\/yoast.com\/product\/yoast-seo-premium-wordpress\/ -->\n<title>Expertos cuestionan las condiciones para acceder a pr\u00f3rroga de construcci\u00f3n de Proyectos E\u00f3licos<\/title>\n<meta name=\"robots\" content=\"index, follow, max-snippet:-1, max-image-preview:large, max-video-preview:-1\" \/>\n<link rel=\"canonical\" href=\"https:\/\/patagoniambiental.com.ar\/info\/expertos-cuestionan-las-condiciones-para-acceder-a-prorroga-de-construccion-de-proyectos-eolicos\/\" \/>\n<meta property=\"og:locale\" content=\"es_ES\" \/>\n<meta property=\"og:type\" content=\"article\" \/>\n<meta property=\"og:title\" content=\"Expertos cuestionan las condiciones para acceder a pr\u00f3rroga de construcci\u00f3n de Proyectos E\u00f3licos\" \/>\n<meta property=\"og:description\" content=\"Florencia Ortiz, abogada especializada en derecho energ\u00e9tico, analiz\u00f3 en una entrevista para Energ\u00eda Estrat\u00e9gica la reciente medida adoptada por la [&hellip;]\" \/>\n<meta property=\"og:url\" content=\"https:\/\/patagoniambiental.com.ar\/info\/expertos-cuestionan-las-condiciones-para-acceder-a-prorroga-de-construccion-de-proyectos-eolicos\/\" \/>\n<meta property=\"og:site_name\" content=\"Patagonia Ambiental\" \/>\n<meta property=\"article:publisher\" content=\"https:\/\/www.facebook.com\/patagonia.ambiental\" \/>\n<meta property=\"article:author\" content=\"https:\/\/www.facebook.com\/share\/1C1V8Gv9BX\/?mibextid=qi2Omg\" \/>\n<meta property=\"article:published_time\" content=\"2019-02-27T12:00:26+00:00\" \/>\n<meta property=\"og:image\" content=\"https:\/\/patagoniambiental.com.ar\/info\/wp-content\/uploads\/2019\/02\/1550776429.jpg\" \/>\n\t<meta property=\"og:image:width\" content=\"750\" \/>\n\t<meta property=\"og:image:height\" content=\"385\" \/>\n\t<meta property=\"og:image:type\" content=\"image\/jpeg\" \/>\n<meta name=\"author\" content=\"Patagonia Ambiental\" \/>\n<meta name=\"twitter:card\" content=\"summary_large_image\" \/>\n<meta name=\"twitter:creator\" content=\"@PatAmb\" \/>\n<meta name=\"twitter:site\" content=\"@PatAmb\" \/>\n<script type=\"application\/ld+json\" class=\"yoast-schema-graph\">{\"@context\":\"https:\\\/\\\/schema.org\",\"@graph\":[{\"@type\":\"Article\",\"@id\":\"https:\\\/\\\/patagoniambiental.com.ar\\\/info\\\/expertos-cuestionan-las-condiciones-para-acceder-a-prorroga-de-construccion-de-proyectos-eolicos\\\/#article\",\"isPartOf\":{\"@id\":\"https:\\\/\\\/patagoniambiental.com.ar\\\/info\\\/expertos-cuestionan-las-condiciones-para-acceder-a-prorroga-de-construccion-de-proyectos-eolicos\\\/\"},\"author\":{\"name\":\"Patagonia Ambiental\",\"@id\":\"https:\\\/\\\/patagoniambiental.com.ar\\\/info\\\/#\\\/schema\\\/person\\\/db12bff64bbcbf6a253710bf0ea37b5d\"},\"headline\":\"Expertos cuestionan las condiciones para acceder a pr\u00f3rroga de construcci\u00f3n de Proyectos E\u00f3licos\",\"datePublished\":\"2019-02-27T12:00:26+00:00\",\"mainEntityOfPage\":{\"@id\":\"https:\\\/\\\/patagoniambiental.com.ar\\\/info\\\/expertos-cuestionan-las-condiciones-para-acceder-a-prorroga-de-construccion-de-proyectos-eolicos\\\/\"},\"wordCount\":926,\"commentCount\":0,\"publisher\":{\"@id\":\"https:\\\/\\\/patagoniambiental.com.ar\\\/info\\\/#organization\"},\"image\":{\"@id\":\"https:\\\/\\\/patagoniambiental.com.ar\\\/info\\\/expertos-cuestionan-las-condiciones-para-acceder-a-prorroga-de-construccion-de-proyectos-eolicos\\\/#primaryimage\"},\"thumbnailUrl\":\"https:\\\/\\\/patagoniambiental.com.ar\\\/info\\\/wp-content\\\/uploads\\\/2019\\\/02\\\/1550776429.jpg\",\"articleSection\":[\"Entrevistas\",\"Noticias\"],\"inLanguage\":\"es\",\"potentialAction\":[{\"@type\":\"CommentAction\",\"name\":\"Comment\",\"target\":[\"https:\\\/\\\/patagoniambiental.com.ar\\\/info\\\/expertos-cuestionan-las-condiciones-para-acceder-a-prorroga-de-construccion-de-proyectos-eolicos\\\/#respond\"]}]},{\"@type\":\"WebPage\",\"@id\":\"https:\\\/\\\/patagoniambiental.com.ar\\\/info\\\/expertos-cuestionan-las-condiciones-para-acceder-a-prorroga-de-construccion-de-proyectos-eolicos\\\/\",\"url\":\"https:\\\/\\\/patagoniambiental.com.ar\\\/info\\\/expertos-cuestionan-las-condiciones-para-acceder-a-prorroga-de-construccion-de-proyectos-eolicos\\\/\",\"name\":\"Expertos cuestionan las condiciones para acceder a pr\u00f3rroga de construcci\u00f3n de Proyectos E\u00f3licos\",\"isPartOf\":{\"@id\":\"https:\\\/\\\/patagoniambiental.com.ar\\\/info\\\/#website\"},\"primaryImageOfPage\":{\"@id\":\"https:\\\/\\\/patagoniambiental.com.ar\\\/info\\\/expertos-cuestionan-las-condiciones-para-acceder-a-prorroga-de-construccion-de-proyectos-eolicos\\\/#primaryimage\"},\"image\":{\"@id\":\"https:\\\/\\\/patagoniambiental.com.ar\\\/info\\\/expertos-cuestionan-las-condiciones-para-acceder-a-prorroga-de-construccion-de-proyectos-eolicos\\\/#primaryimage\"},\"thumbnailUrl\":\"https:\\\/\\\/patagoniambiental.com.ar\\\/info\\\/wp-content\\\/uploads\\\/2019\\\/02\\\/1550776429.jpg\",\"datePublished\":\"2019-02-27T12:00:26+00:00\",\"breadcrumb\":{\"@id\":\"https:\\\/\\\/patagoniambiental.com.ar\\\/info\\\/expertos-cuestionan-las-condiciones-para-acceder-a-prorroga-de-construccion-de-proyectos-eolicos\\\/#breadcrumb\"},\"inLanguage\":\"es\",\"potentialAction\":[{\"@type\":\"ReadAction\",\"target\":[\"https:\\\/\\\/patagoniambiental.com.ar\\\/info\\\/expertos-cuestionan-las-condiciones-para-acceder-a-prorroga-de-construccion-de-proyectos-eolicos\\\/\"]}]},{\"@type\":\"ImageObject\",\"inLanguage\":\"es\",\"@id\":\"https:\\\/\\\/patagoniambiental.com.ar\\\/info\\\/expertos-cuestionan-las-condiciones-para-acceder-a-prorroga-de-construccion-de-proyectos-eolicos\\\/#primaryimage\",\"url\":\"https:\\\/\\\/patagoniambiental.com.ar\\\/info\\\/wp-content\\\/uploads\\\/2019\\\/02\\\/1550776429.jpg\",\"contentUrl\":\"https:\\\/\\\/patagoniambiental.com.ar\\\/info\\\/wp-content\\\/uploads\\\/2019\\\/02\\\/1550776429.jpg\",\"width\":750,\"height\":385},{\"@type\":\"BreadcrumbList\",\"@id\":\"https:\\\/\\\/patagoniambiental.com.ar\\\/info\\\/expertos-cuestionan-las-condiciones-para-acceder-a-prorroga-de-construccion-de-proyectos-eolicos\\\/#breadcrumb\",\"itemListElement\":[{\"@type\":\"ListItem\",\"position\":1,\"name\":\"Inicio\",\"item\":\"https:\\\/\\\/patagoniambiental.com.ar\\\/info\\\/\"},{\"@type\":\"ListItem\",\"position\":2,\"name\":\"Expertos cuestionan las condiciones para acceder a pr\u00f3rroga de construcci\u00f3n de Proyectos E\u00f3licos\"}]},{\"@type\":\"WebSite\",\"@id\":\"https:\\\/\\\/patagoniambiental.com.ar\\\/info\\\/#website\",\"url\":\"https:\\\/\\\/patagoniambiental.com.ar\\\/info\\\/\",\"name\":\"Patagonia Ambiental\",\"description\":\"Monitoreo y an\u00e1lisis de la situaci\u00f3n geopol\u00edtica en el mundo y su implicancia en la Patagonia\",\"publisher\":{\"@id\":\"https:\\\/\\\/patagoniambiental.com.ar\\\/info\\\/#organization\"},\"potentialAction\":[{\"@type\":\"SearchAction\",\"target\":{\"@type\":\"EntryPoint\",\"urlTemplate\":\"https:\\\/\\\/patagoniambiental.com.ar\\\/info\\\/?s={search_term_string}\"},\"query-input\":{\"@type\":\"PropertyValueSpecification\",\"valueRequired\":true,\"valueName\":\"search_term_string\"}}],\"inLanguage\":\"es\"},{\"@type\":\"Organization\",\"@id\":\"https:\\\/\\\/patagoniambiental.com.ar\\\/info\\\/#organization\",\"name\":\"Patagonia Ambiental\",\"url\":\"https:\\\/\\\/patagoniambiental.com.ar\\\/info\\\/\",\"logo\":{\"@type\":\"ImageObject\",\"inLanguage\":\"es\",\"@id\":\"https:\\\/\\\/patagoniambiental.com.ar\\\/info\\\/#\\\/schema\\\/logo\\\/image\\\/\",\"url\":\"https:\\\/\\\/patagoniambiental.com.ar\\\/info\\\/wp-content\\\/uploads\\\/2025\\\/05\\\/LOGO-PATAGONIA-AMBIENTAL.png\",\"contentUrl\":\"https:\\\/\\\/patagoniambiental.com.ar\\\/info\\\/wp-content\\\/uploads\\\/2025\\\/05\\\/LOGO-PATAGONIA-AMBIENTAL.png\",\"width\":433,\"height\":250,\"caption\":\"Patagonia Ambiental\"},\"image\":{\"@id\":\"https:\\\/\\\/patagoniambiental.com.ar\\\/info\\\/#\\\/schema\\\/logo\\\/image\\\/\"},\"sameAs\":[\"https:\\\/\\\/www.facebook.com\\\/patagonia.ambiental\",\"https:\\\/\\\/x.com\\\/PatAmb\"]},{\"@type\":\"Person\",\"@id\":\"https:\\\/\\\/patagoniambiental.com.ar\\\/info\\\/#\\\/schema\\\/person\\\/db12bff64bbcbf6a253710bf0ea37b5d\",\"name\":\"Patagonia Ambiental\",\"description\":\"Andr\u00e9s Nievas T\u00e9cnico en manejo ambiental, consultor Ambiental y escritor para medios locales e internacionales sobre temas de geopolitica y medio ambiente.\",\"sameAs\":[\"http:\\\/\\\/www.patagoniambiental.com.ar\",\"https:\\\/\\\/www.facebook.com\\\/share\\\/1C1V8Gv9BX\\\/?mibextid=qi2Omg\",\"@patagoniambiental\",\"https:\\\/\\\/youtube.com\\\/@patagoniaambiental2023?si=BLt58t0wuXquxlYZ\"]}]}<\/script>\n<!-- \/ Yoast SEO Premium plugin. -->","yoast_head_json":{"title":"Expertos cuestionan las condiciones para acceder a pr\u00f3rroga de construcci\u00f3n de Proyectos E\u00f3licos","robots":{"index":"index","follow":"follow","max-snippet":"max-snippet:-1","max-image-preview":"max-image-preview:large","max-video-preview":"max-video-preview:-1"},"canonical":"https:\/\/patagoniambiental.com.ar\/info\/expertos-cuestionan-las-condiciones-para-acceder-a-prorroga-de-construccion-de-proyectos-eolicos\/","og_locale":"es_ES","og_type":"article","og_title":"Expertos cuestionan las condiciones para acceder a pr\u00f3rroga de construcci\u00f3n de Proyectos E\u00f3licos","og_description":"Florencia Ortiz, abogada especializada en derecho energ\u00e9tico, analiz\u00f3 en una entrevista para Energ\u00eda Estrat\u00e9gica la reciente medida adoptada por la [&hellip;]","og_url":"https:\/\/patagoniambiental.com.ar\/info\/expertos-cuestionan-las-condiciones-para-acceder-a-prorroga-de-construccion-de-proyectos-eolicos\/","og_site_name":"Patagonia Ambiental","article_publisher":"https:\/\/www.facebook.com\/patagonia.ambiental","article_author":"https:\/\/www.facebook.com\/share\/1C1V8Gv9BX\/?mibextid=qi2Omg","article_published_time":"2019-02-27T12:00:26+00:00","og_image":[{"width":750,"height":385,"url":"https:\/\/patagoniambiental.com.ar\/info\/wp-content\/uploads\/2019\/02\/1550776429.jpg","type":"image\/jpeg"}],"author":"Patagonia Ambiental","twitter_card":"summary_large_image","twitter_creator":"@PatAmb","twitter_site":"@PatAmb","schema":{"@context":"https:\/\/schema.org","@graph":[{"@type":"Article","@id":"https:\/\/patagoniambiental.com.ar\/info\/expertos-cuestionan-las-condiciones-para-acceder-a-prorroga-de-construccion-de-proyectos-eolicos\/#article","isPartOf":{"@id":"https:\/\/patagoniambiental.com.ar\/info\/expertos-cuestionan-las-condiciones-para-acceder-a-prorroga-de-construccion-de-proyectos-eolicos\/"},"author":{"name":"Patagonia Ambiental","@id":"https:\/\/patagoniambiental.com.ar\/info\/#\/schema\/person\/db12bff64bbcbf6a253710bf0ea37b5d"},"headline":"Expertos cuestionan las condiciones para acceder a pr\u00f3rroga de construcci\u00f3n de Proyectos E\u00f3licos","datePublished":"2019-02-27T12:00:26+00:00","mainEntityOfPage":{"@id":"https:\/\/patagoniambiental.com.ar\/info\/expertos-cuestionan-las-condiciones-para-acceder-a-prorroga-de-construccion-de-proyectos-eolicos\/"},"wordCount":926,"commentCount":0,"publisher":{"@id":"https:\/\/patagoniambiental.com.ar\/info\/#organization"},"image":{"@id":"https:\/\/patagoniambiental.com.ar\/info\/expertos-cuestionan-las-condiciones-para-acceder-a-prorroga-de-construccion-de-proyectos-eolicos\/#primaryimage"},"thumbnailUrl":"https:\/\/patagoniambiental.com.ar\/info\/wp-content\/uploads\/2019\/02\/1550776429.jpg","articleSection":["Entrevistas","Noticias"],"inLanguage":"es","potentialAction":[{"@type":"CommentAction","name":"Comment","target":["https:\/\/patagoniambiental.com.ar\/info\/expertos-cuestionan-las-condiciones-para-acceder-a-prorroga-de-construccion-de-proyectos-eolicos\/#respond"]}]},{"@type":"WebPage","@id":"https:\/\/patagoniambiental.com.ar\/info\/expertos-cuestionan-las-condiciones-para-acceder-a-prorroga-de-construccion-de-proyectos-eolicos\/","url":"https:\/\/patagoniambiental.com.ar\/info\/expertos-cuestionan-las-condiciones-para-acceder-a-prorroga-de-construccion-de-proyectos-eolicos\/","name":"Expertos cuestionan las condiciones para acceder a pr\u00f3rroga de construcci\u00f3n de Proyectos E\u00f3licos","isPartOf":{"@id":"https:\/\/patagoniambiental.com.ar\/info\/#website"},"primaryImageOfPage":{"@id":"https:\/\/patagoniambiental.com.ar\/info\/expertos-cuestionan-las-condiciones-para-acceder-a-prorroga-de-construccion-de-proyectos-eolicos\/#primaryimage"},"image":{"@id":"https:\/\/patagoniambiental.com.ar\/info\/expertos-cuestionan-las-condiciones-para-acceder-a-prorroga-de-construccion-de-proyectos-eolicos\/#primaryimage"},"thumbnailUrl":"https:\/\/patagoniambiental.com.ar\/info\/wp-content\/uploads\/2019\/02\/1550776429.jpg","datePublished":"2019-02-27T12:00:26+00:00","breadcrumb":{"@id":"https:\/\/patagoniambiental.com.ar\/info\/expertos-cuestionan-las-condiciones-para-acceder-a-prorroga-de-construccion-de-proyectos-eolicos\/#breadcrumb"},"inLanguage":"es","potentialAction":[{"@type":"ReadAction","target":["https:\/\/patagoniambiental.com.ar\/info\/expertos-cuestionan-las-condiciones-para-acceder-a-prorroga-de-construccion-de-proyectos-eolicos\/"]}]},{"@type":"ImageObject","inLanguage":"es","@id":"https:\/\/patagoniambiental.com.ar\/info\/expertos-cuestionan-las-condiciones-para-acceder-a-prorroga-de-construccion-de-proyectos-eolicos\/#primaryimage","url":"https:\/\/patagoniambiental.com.ar\/info\/wp-content\/uploads\/2019\/02\/1550776429.jpg","contentUrl":"https:\/\/patagoniambiental.com.ar\/info\/wp-content\/uploads\/2019\/02\/1550776429.jpg","width":750,"height":385},{"@type":"BreadcrumbList","@id":"https:\/\/patagoniambiental.com.ar\/info\/expertos-cuestionan-las-condiciones-para-acceder-a-prorroga-de-construccion-de-proyectos-eolicos\/#breadcrumb","itemListElement":[{"@type":"ListItem","position":1,"name":"Inicio","item":"https:\/\/patagoniambiental.com.ar\/info\/"},{"@type":"ListItem","position":2,"name":"Expertos cuestionan las condiciones para acceder a pr\u00f3rroga de construcci\u00f3n de Proyectos E\u00f3licos"}]},{"@type":"WebSite","@id":"https:\/\/patagoniambiental.com.ar\/info\/#website","url":"https:\/\/patagoniambiental.com.ar\/info\/","name":"Patagonia Ambiental","description":"Monitoreo y an\u00e1lisis de la situaci\u00f3n geopol\u00edtica en el mundo y su implicancia en la Patagonia","publisher":{"@id":"https:\/\/patagoniambiental.com.ar\/info\/#organization"},"potentialAction":[{"@type":"SearchAction","target":{"@type":"EntryPoint","urlTemplate":"https:\/\/patagoniambiental.com.ar\/info\/?s={search_term_string}"},"query-input":{"@type":"PropertyValueSpecification","valueRequired":true,"valueName":"search_term_string"}}],"inLanguage":"es"},{"@type":"Organization","@id":"https:\/\/patagoniambiental.com.ar\/info\/#organization","name":"Patagonia Ambiental","url":"https:\/\/patagoniambiental.com.ar\/info\/","logo":{"@type":"ImageObject","inLanguage":"es","@id":"https:\/\/patagoniambiental.com.ar\/info\/#\/schema\/logo\/image\/","url":"https:\/\/patagoniambiental.com.ar\/info\/wp-content\/uploads\/2025\/05\/LOGO-PATAGONIA-AMBIENTAL.png","contentUrl":"https:\/\/patagoniambiental.com.ar\/info\/wp-content\/uploads\/2025\/05\/LOGO-PATAGONIA-AMBIENTAL.png","width":433,"height":250,"caption":"Patagonia Ambiental"},"image":{"@id":"https:\/\/patagoniambiental.com.ar\/info\/#\/schema\/logo\/image\/"},"sameAs":["https:\/\/www.facebook.com\/patagonia.ambiental","https:\/\/x.com\/PatAmb"]},{"@type":"Person","@id":"https:\/\/patagoniambiental.com.ar\/info\/#\/schema\/person\/db12bff64bbcbf6a253710bf0ea37b5d","name":"Patagonia Ambiental","description":"Andr\u00e9s Nievas T\u00e9cnico en manejo ambiental, consultor Ambiental y escritor para medios locales e internacionales sobre temas de geopolitica y medio ambiente.","sameAs":["http:\/\/www.patagoniambiental.com.ar","https:\/\/www.facebook.com\/share\/1C1V8Gv9BX\/?mibextid=qi2Omg","@patagoniambiental","https:\/\/youtube.com\/@patagoniaambiental2023?si=BLt58t0wuXquxlYZ"]}]}},"_links":{"self":[{"href":"https:\/\/patagoniambiental.com.ar\/info\/wp-json\/wp\/v2\/posts\/59262","targetHints":{"allow":["GET"]}}],"collection":[{"href":"https:\/\/patagoniambiental.com.ar\/info\/wp-json\/wp\/v2\/posts"}],"about":[{"href":"https:\/\/patagoniambiental.com.ar\/info\/wp-json\/wp\/v2\/types\/post"}],"author":[{"embeddable":true,"href":"https:\/\/patagoniambiental.com.ar\/info\/wp-json\/wp\/v2\/users\/2"}],"replies":[{"embeddable":true,"href":"https:\/\/patagoniambiental.com.ar\/info\/wp-json\/wp\/v2\/comments?post=59262"}],"version-history":[{"count":0,"href":"https:\/\/patagoniambiental.com.ar\/info\/wp-json\/wp\/v2\/posts\/59262\/revisions"}],"wp:featuredmedia":[{"embeddable":true,"href":"https:\/\/patagoniambiental.com.ar\/info\/wp-json\/wp\/v2\/media\/59263"}],"wp:attachment":[{"href":"https:\/\/patagoniambiental.com.ar\/info\/wp-json\/wp\/v2\/media?parent=59262"}],"wp:term":[{"taxonomy":"category","embeddable":true,"href":"https:\/\/patagoniambiental.com.ar\/info\/wp-json\/wp\/v2\/categories?post=59262"},{"taxonomy":"post_tag","embeddable":true,"href":"https:\/\/patagoniambiental.com.ar\/info\/wp-json\/wp\/v2\/tags?post=59262"}],"curies":[{"name":"wp","href":"https:\/\/api.w.org\/{rel}","templated":true}]}}