{"id":59313,"date":"2019-03-01T09:00:55","date_gmt":"2019-03-01T12:00:55","guid":{"rendered":"http:\/\/patagoniambiental.com.ar\/info\/?p=59313"},"modified":"2019-02-27T13:44:32","modified_gmt":"2019-02-27T16:44:32","slug":"viii-curso-internacional-de-posgrado-de-evaluacion-ambiental-estrategica-y-ordenamiento-territorial","status":"publish","type":"post","link":"https:\/\/patagoniambiental.com.ar\/info\/viii-curso-internacional-de-posgrado-de-evaluacion-ambiental-estrategica-y-ordenamiento-territorial\/","title":{"rendered":"VIII Curso Internacional de Posgrado de Evaluaci\u00f3n Ambiental Estrat\u00e9gica y Ordenamiento Territorial"},"content":{"rendered":"<div class=\"gs\">\n<div class=\"\">\n<div id=\":pq\" class=\"ii gt\">\n<div id=\":pp\" class=\"a3s aXjCH \">\n<div dir=\"ltr\">\n<div class=\"gmail_quote\">\n<p dir=\"ltr\"><span style=\"font-family: Calibri, serif;\"><span style=\"font-size: small;\"><span style=\"color: #000000;\"><span style=\"font-family: Arial, serif;\"><span style=\"font-size: medium;\"><span lang=\"es-AR\">La Fundaci\u00f3n de Estudios Avanzados de Buenos Aires (FUNDABAIRES) llevara a cabo el\u00a0<\/span><\/span><\/span><\/span><\/span><\/span><span style=\"font-family: Calibri, serif;\"><span style=\"font-size: small;\"><span style=\"color: #000000;\"><span style=\"font-family: Arial, serif;\"><span lang=\"es-AR\">VIII Curso Internacional de Posgrado de Evaluaci\u00f3n Ambiental Estrat\u00e9gica y Ordenamiento Territorial. El mismo ser\u00e1\u00a0<\/span><\/span><\/span><\/span><\/span><span style=\"font-family: Calibri, serif;\"><span style=\"font-size: small;\"><span style=\"color: #000000;\"><span style=\"font-family: Arial, serif;\"><span lang=\"es-AR\">bimestral a distancia del 12 de marzo al 3 de mayo de 2019.<\/span><\/span><\/span><\/span><\/span><\/p>\n<p align=\"center\"><!--more--><\/p>\n<p class=\"m_4804627625276399226m_-5096004865901288339gmail-western\"><span style=\"font-family: Calibri, serif;\"><span style=\"font-size: small;\"><span style=\"color: #000000;\"><span style=\"font-family: Arial, serif;\"><span lang=\"es-AR\"><b>DIRIGIDO A<\/b><\/span><\/span><\/span><span style=\"color: #000000;\"><span style=\"font-family: Arial, serif;\"><span lang=\"es-AR\">: graduados universitarios (carreras de 4 o m\u00e1s a\u00f1os) interesados en una capacitaci\u00f3n, especializaci\u00f3n o perfeccionamiento en metodolog\u00eda y pr\u00e1ctica de la Evaluaci\u00f3n Ambiental Estrat\u00e9gica y el Ordenamiento Territorial a nivel internacional con un enfoque interdisciplinario (ciencias b\u00e1sicas, aplicadas, sociales y humanas).<\/span><\/span><\/span><\/span><\/span><\/p>\n<p class=\"m_4804627625276399226m_-5096004865901288339gmail-western\"><span style=\"font-family: Calibri, serif;\"><span style=\"font-size: small;\"><span style=\"color: #000000;\"><span style=\"font-family: Arial, serif;\"><span lang=\"es-AR\"><b>OBJETIVOS:<\/b><\/span><\/span><\/span><span style=\"color: #000000;\"><span style=\"font-family: Arial, serif;\"><span lang=\"es-AR\">\u00a0se espera que a la finalizaci\u00f3n del curso, los participantes est\u00e9n en condiciones de elaborar profesionalmente un estudio de Evaluaci\u00f3n Ambiental Estrat\u00e9gica de pol\u00edticas, planes o programas y.\/o de\u00a0<\/span><\/span><\/span><span style=\"font-family: Arial, serif;\"><span lang=\"es-AR\">Ordenamiento Territorial de un espacio urbano o rural determinado.<\/span><\/span><\/span><\/span><\/p>\n<p class=\"m_4804627625276399226m_-5096004865901288339gmail-western\"><span style=\"font-family: Calibri, serif;\"><span style=\"font-size: small;\"><span style=\"color: #000000;\"><span style=\"font-family: Arial, serif;\"><span lang=\"es-AR\"><b>EQUIPO DOCENTE:<\/b><\/span><\/span><\/span><span style=\"color: #000000;\"><span style=\"font-family: Arial, serif;\"><span lang=\"es-AR\">\u00a0FAZIO Horacio (Univ. de Bs. As.; FUNDABAIRES); G\u00d3MEZ OREA Domingo (Univ. Polit\u00e9cnica Madrid); G\u00d3MEZ VILLARINO Mar\u00eda Teresa (Univ. Polit\u00e9cnica de Madrid); G\u00d3MEZ VILLARINO Alejandro (Univ. Polit\u00e9cnica de Madrid); RODR\u00cdGUEZ Carlos A. (Univ. Nacional del Nordeste, Arg.).<\/span><\/span><\/span><span style=\"font-family: Arial, serif;\"><span lang=\"es-AR\"><br \/>\n<\/span><\/span><span style=\"color: #000000;\"><span style=\"font-family: Arial, serif;\"><span lang=\"es-AR\"><b><br \/>\nPROGRAMA SINT\u00c9TICO:\u00a0<\/b><\/span><\/span><\/span><span style=\"font-family: Arial, serif;\"><span lang=\"es-AR\">Econom\u00eda y generaciones futuras: de la EIA a la EAE y el OT; Condiciones legales e institucionales para la aplicaci\u00f3n de la EAE; Introducci\u00f3n a la metodolog\u00eda de la EAE; Principios, criterios y referencias para la integraci\u00f3n ambiental; Estudio y diagn\u00f3stico ambiental; Formulaci\u00f3n del Estudio ambiental estrat\u00e9gico (EsAE), primer nivel; Formulaci\u00f3n del Estudio ambiental estrat\u00e9gico (EsAE), segundo nivel; T\u00e9cnicas disponibles para aplicar la metodolog\u00eda; Caso de estudio de EAE; Marco conceptual del Ordenamiento Territorial (OT); Instrumentos del OT; Metodolog\u00eda general para elaborar un plan de OT; An\u00e1lisis y diagn\u00f3stico del sistema territorial; Planificaci\u00f3n territorial: Imagen objetivo y medidas para avanzar hacia ella; Gesti\u00f3n territorial; Caso de estudio de OT.<\/span><\/span><\/span><\/span><\/p>\n<p class=\"m_4804627625276399226m_-5096004865901288339gmail-western\"><span style=\"font-family: Calibri, serif;\"><span style=\"font-size: small;\"><span style=\"color: #000000;\"><span style=\"font-family: Arial, serif;\"><span lang=\"es-AR\"><b>METODOLOG\u00cdA:<\/b><\/span><\/span><\/span><span style=\"color: #000000;\"><span style=\"font-family: Arial, serif;\"><span lang=\"es-AR\">\u00a0El Curso se dicta por Internet, ingresando a nuestro Campus Virtual donde se publicar\u00e1n las 2 clases semanales los martes y viernes a las 8 horas de Argentina (GMT -3), quedando disponibles las 24 horas.<\/span><\/span><\/span><span style=\"font-family: Arial, serif;\"><span lang=\"es-AR\"><\/p>\n<p><\/span><\/span><span style=\"color: #000000;\"><span style=\"font-family: Arial, serif;\"><span lang=\"es-AR\"><b>CERTIFICACI\u00d3N Y EVALUACI\u00d3N:\u00a0<\/b><\/span><\/span><\/span><span style=\"color: #000000;\"><span style=\"font-family: Arial, serif;\"><span lang=\"es-AR\">Para acceder a la certificaci\u00f3n del curso los participantes deber\u00e1n presentar para su evaluaci\u00f3n los res\u00famenes de las clases y resolver un caso pr\u00e1ctico de EAEyOT.<\/span><\/span><\/span><span style=\"font-family: Arial, serif;\"><span lang=\"es-AR\"><br \/>\n<\/span><\/span><span style=\"color: #000000;\"><span style=\"font-family: Arial, serif;\"><span lang=\"es-AR\"><b><br \/>\nCARGA HORARIA:<\/b><\/span><\/span><\/span><span style=\"color: #000000;\"><span style=\"font-family: Arial, serif;\"><span lang=\"es-AR\">\u00a090 horas de dedicaci\u00f3n, acreditables en maestr\u00edas y doctorados.<\/span><\/span><\/span><\/span><\/span><\/p>\n<p class=\"m_4804627625276399226m_-5096004865901288339gmail-western\"><span style=\"font-family: Calibri, serif;\"><span style=\"font-size: small;\"><span style=\"color: #000000;\"><span style=\"font-family: Arial, serif;\"><span lang=\"es-AR\"><b>CONVENIOS DE FUNDABAIRES:\u00a0<\/b><\/span><\/span><\/span><span style=\"color: #000000;\"><span style=\"font-family: Arial, serif;\"><span lang=\"es-AR\">Istituto di Studi Politici, Economici e Sociali (EURISPES) y Federazione Italiana Agricoltura Biologica e Biodinamica (FEDERBIO), Roma, Italia. Programa de las Naciones Unidas para el Medio Ambiente (PNUMA\/UNEP).\u00a0<\/span><\/span><\/span><span style=\"font-family: Arial, serif;\"><span lang=\"es-AR\">Revista Cient\u00edfica Internacional Monfrag\u00fce Desarrollo Resiliente (<\/span><\/span><span style=\"font-family: Arial, serif;\"><span lang=\"es-AR\">Universidad de Extremadura, Universidad de Lisboa y Universidad Nacional Aut\u00f3noma de M\u00e9xico)<\/span><\/span><span style=\"font-family: Arial, serif;\"><span lang=\"es-AR\">.<\/span><\/span><\/span><\/span><\/p>\n<p class=\"m_4804627625276399226m_-5096004865901288339gmail-western\"><span style=\"font-family: Calibri, serif;\"><span style=\"font-size: small;\"><span style=\"font-family: Arial, serif;\"><span lang=\"es-AR\"><b>MEDIAS BECAS<\/b><\/span><\/span><span style=\"font-family: Arial, serif;\"><span lang=\"es-AR\">: disponibles para becarios de doctorado del CONICET de Argentina o similares de otros pa\u00edses.<\/span><\/span><\/span><\/span><\/p>\n<p class=\"m_4804627625276399226m_-5096004865901288339gmail-western\"><span style=\"font-family: Calibri, serif;\"><span style=\"font-size: small;\"><span style=\"color: #000000;\"><span style=\"font-family: Arial, serif;\"><span lang=\"es-AR\"><b>COSTO:<\/b><\/span><\/span><\/span><span style=\"color: #000000;\"><span style=\"font-family: Arial, serif;\"><span lang=\"es-AR\">\u00a0Argentina: $6.500; otros pa\u00edses: 300 d\u00f3lares.<\/span><\/span><\/span><\/span><\/span><\/p>\n<p class=\"m_4804627625276399226m_-5096004865901288339gmail-western\"><span style=\"font-family: Calibri, serif;\"><span style=\"font-size: small;\"><span style=\"color: #000000;\"><span style=\"font-family: Arial, serif;\"><span lang=\"es-AR\"><b>PROGRAMA ANAL\u00cdTICO Y DETALLES DEL CURSO:\u00a0<a href=\"http:\/\/fundabaires.org\/\" target=\"_blank\" rel=\"noopener\" data-saferedirecturl=\"https:\/\/www.google.com\/url?q=http:\/\/fundabaires.org&amp;source=gmail&amp;ust=1551361388156000&amp;usg=AFQjCNEO5HzNFfJ9ZuGbrQZqXsoaEISRFA\">fundabaires.org<\/a><\/b><\/span><\/span><\/span><\/span><\/span><\/p>\n<p class=\"m_4804627625276399226m_-5096004865901288339gmail-western\"><span style=\"color: #000000;\"><span style=\"font-family: Calibri, serif;\"><span style=\"font-size: small;\"><span style=\"font-family: Arial, serif;\"><span lang=\"es-AR\"><b>INSCRIPCI\u00d3N Y CONSULTAS:\u00a0<a href=\"mailto:ambiente@fundabaires.org\" target=\"_blank\" rel=\"noopener\">ambiente@fundabaires.org<\/a><\/b><\/span><\/span><\/span><\/span><\/span><\/p>\n<p class=\"m_4804627625276399226m_-5096004865901288339gmail-western\">\n<div class=\"yj6qo\"><\/div>\n<div class=\"adL\"><\/div>\n<div class=\"adL\"><\/div>\n<\/div>\n<\/div>\n<div class=\"adL\"><\/div>\n<\/div>\n<\/div>\n<div class=\"hi\"><\/div>\n<\/div>\n<\/div>\n<p>&nbsp;<\/p>\n","protected":false},"excerpt":{"rendered":"<p>La Fundaci\u00f3n de Estudios Avanzados de Buenos Aires (FUNDABAIRES) llevara a cabo el\u00a0VIII Curso Internacional de Posgrado de Evaluaci\u00f3n Ambiental [&hellip;]<\/p>\n","protected":false},"author":2,"featured_media":40917,"comment_status":"open","ping_status":"open","sticky":false,"template":"","format":"standard","meta":{"site-sidebar-layout":"default","site-content-layout":"","ast-site-content-layout":"default","site-content-style":"default","site-sidebar-style":"default","ast-global-header-display":"","ast-banner-title-visibility":"","ast-main-header-display":"","ast-hfb-above-header-display":"","ast-hfb-below-header-display":"","ast-hfb-mobile-header-display":"","site-post-title":"","ast-breadcrumbs-content":"","ast-featured-img":"","footer-sml-layout":"","ast-disable-related-posts":"","theme-transparent-header-meta":"","adv-header-id-meta":"","stick-header-meta":"","header-above-stick-meta":"","header-main-stick-meta":"","header-below-stick-meta":"","astra-migrate-meta-layouts":"default","ast-page-background-enabled":"default","ast-page-background-meta":{"desktop":{"background-color":"var(--ast-global-color-5)","background-image":"","background-repeat":"repeat","background-position":"center center","background-size":"auto","background-attachment":"scroll","background-type":"","background-media":"","overlay-type":"","overlay-color":"","overlay-opacity":"","overlay-gradient":""},"tablet":{"background-color":"","background-image":"","background-repeat":"repeat","background-position":"center center","background-size":"auto","background-attachment":"scroll","background-type":"","background-media":"","overlay-type":"","overlay-color":"","overlay-opacity":"","overlay-gradient":""},"mobile":{"background-color":"","background-image":"","background-repeat":"repeat","background-position":"center center","background-size":"auto","background-attachment":"scroll","background-type":"","background-media":"","overlay-type":"","overlay-color":"","overlay-opacity":"","overlay-gradient":""}},"ast-content-background-meta":{"desktop":{"background-color":"var(--ast-global-color-4)","background-image":"","background-repeat":"repeat","background-position":"center center","background-size":"auto","background-attachment":"scroll","background-type":"","background-media":"","overlay-type":"","overlay-color":"","overlay-opacity":"","overlay-gradient":""},"tablet":{"background-color":"var(--ast-global-color-4)","background-image":"","background-repeat":"repeat","background-position":"center center","background-size":"auto","background-attachment":"scroll","background-type":"","background-media":"","overlay-type":"","overlay-color":"","overlay-opacity":"","overlay-gradient":""},"mobile":{"background-color":"var(--ast-global-color-4)","background-image":"","background-repeat":"repeat","background-position":"center center","background-size":"auto","background-attachment":"scroll","background-type":"","background-media":"","overlay-type":"","overlay-color":"","overlay-opacity":"","overlay-gradient":""}},"footnotes":""},"categories":[12,1],"tags":[],"class_list":["post-59313","post","type-post","status-publish","format-standard","has-post-thumbnail","hentry","category-agenda-ambiental","category-noticias"],"yoast_head":"<!-- This site is optimized with the Yoast SEO Premium plugin v23.0 (Yoast SEO v27.4) - https:\/\/yoast.com\/product\/yoast-seo-premium-wordpress\/ -->\n<title>VIII Curso Internacional de Posgrado de Evaluaci\u00f3n Ambiental Estrat\u00e9gica y Ordenamiento Territorial<\/title>\n<meta name=\"robots\" content=\"index, follow, max-snippet:-1, max-image-preview:large, max-video-preview:-1\" \/>\n<link rel=\"canonical\" href=\"https:\/\/patagoniambiental.com.ar\/info\/viii-curso-internacional-de-posgrado-de-evaluacion-ambiental-estrategica-y-ordenamiento-territorial\/\" \/>\n<meta property=\"og:locale\" content=\"es_ES\" \/>\n<meta property=\"og:type\" content=\"article\" \/>\n<meta property=\"og:title\" content=\"VIII Curso Internacional de Posgrado de Evaluaci\u00f3n Ambiental Estrat\u00e9gica y Ordenamiento Territorial\" \/>\n<meta property=\"og:description\" content=\"La Fundaci\u00f3n de Estudios Avanzados de Buenos Aires (FUNDABAIRES) llevara a cabo el\u00a0VIII Curso Internacional de Posgrado de Evaluaci\u00f3n Ambiental [&hellip;]\" \/>\n<meta property=\"og:url\" content=\"https:\/\/patagoniambiental.com.ar\/info\/viii-curso-internacional-de-posgrado-de-evaluacion-ambiental-estrategica-y-ordenamiento-territorial\/\" \/>\n<meta property=\"og:site_name\" content=\"Patagonia Ambiental\" \/>\n<meta property=\"article:publisher\" content=\"https:\/\/www.facebook.com\/patagonia.ambiental\" \/>\n<meta property=\"article:author\" content=\"https:\/\/www.facebook.com\/share\/1C1V8Gv9BX\/?mibextid=qi2Omg\" \/>\n<meta property=\"article:published_time\" content=\"2019-03-01T12:00:55+00:00\" \/>\n<meta property=\"og:image\" content=\"https:\/\/patagoniambiental.com.ar\/info\/wp-content\/uploads\/2018\/01\/Naci\u00f3n-aprob\u00f3-el-Ordenamiento-Territorial-de-los-Bosques-Nativos-de-la-provincia.jpg\" \/>\n\t<meta property=\"og:image:width\" content=\"500\" \/>\n\t<meta property=\"og:image:height\" content=\"300\" \/>\n\t<meta property=\"og:image:type\" content=\"image\/jpeg\" \/>\n<meta name=\"author\" content=\"Patagonia Ambiental\" \/>\n<meta name=\"twitter:card\" content=\"summary_large_image\" \/>\n<meta name=\"twitter:creator\" content=\"@PatAmb\" \/>\n<meta name=\"twitter:site\" content=\"@PatAmb\" \/>\n<script type=\"application\/ld+json\" class=\"yoast-schema-graph\">{\"@context\":\"https:\\\/\\\/schema.org\",\"@graph\":[{\"@type\":\"Article\",\"@id\":\"https:\\\/\\\/patagoniambiental.com.ar\\\/info\\\/viii-curso-internacional-de-posgrado-de-evaluacion-ambiental-estrategica-y-ordenamiento-territorial\\\/#article\",\"isPartOf\":{\"@id\":\"https:\\\/\\\/patagoniambiental.com.ar\\\/info\\\/viii-curso-internacional-de-posgrado-de-evaluacion-ambiental-estrategica-y-ordenamiento-territorial\\\/\"},\"author\":{\"name\":\"Patagonia Ambiental\",\"@id\":\"https:\\\/\\\/patagoniambiental.com.ar\\\/info\\\/#\\\/schema\\\/person\\\/db12bff64bbcbf6a253710bf0ea37b5d\"},\"headline\":\"VIII Curso Internacional de Posgrado de Evaluaci\u00f3n Ambiental Estrat\u00e9gica y Ordenamiento Territorial\",\"datePublished\":\"2019-03-01T12:00:55+00:00\",\"mainEntityOfPage\":{\"@id\":\"https:\\\/\\\/patagoniambiental.com.ar\\\/info\\\/viii-curso-internacional-de-posgrado-de-evaluacion-ambiental-estrategica-y-ordenamiento-territorial\\\/\"},\"wordCount\":504,\"commentCount\":0,\"publisher\":{\"@id\":\"https:\\\/\\\/patagoniambiental.com.ar\\\/info\\\/#organization\"},\"image\":{\"@id\":\"https:\\\/\\\/patagoniambiental.com.ar\\\/info\\\/viii-curso-internacional-de-posgrado-de-evaluacion-ambiental-estrategica-y-ordenamiento-territorial\\\/#primaryimage\"},\"thumbnailUrl\":\"https:\\\/\\\/patagoniambiental.com.ar\\\/info\\\/wp-content\\\/uploads\\\/2018\\\/01\\\/Naci\u00f3n-aprob\u00f3-el-Ordenamiento-Territorial-de-los-Bosques-Nativos-de-la-provincia.jpg\",\"articleSection\":[\"Agenda Ambiental\",\"Noticias\"],\"inLanguage\":\"es\",\"potentialAction\":[{\"@type\":\"CommentAction\",\"name\":\"Comment\",\"target\":[\"https:\\\/\\\/patagoniambiental.com.ar\\\/info\\\/viii-curso-internacional-de-posgrado-de-evaluacion-ambiental-estrategica-y-ordenamiento-territorial\\\/#respond\"]}]},{\"@type\":\"WebPage\",\"@id\":\"https:\\\/\\\/patagoniambiental.com.ar\\\/info\\\/viii-curso-internacional-de-posgrado-de-evaluacion-ambiental-estrategica-y-ordenamiento-territorial\\\/\",\"url\":\"https:\\\/\\\/patagoniambiental.com.ar\\\/info\\\/viii-curso-internacional-de-posgrado-de-evaluacion-ambiental-estrategica-y-ordenamiento-territorial\\\/\",\"name\":\"VIII Curso Internacional de Posgrado de Evaluaci\u00f3n Ambiental Estrat\u00e9gica y Ordenamiento Territorial\",\"isPartOf\":{\"@id\":\"https:\\\/\\\/patagoniambiental.com.ar\\\/info\\\/#website\"},\"primaryImageOfPage\":{\"@id\":\"https:\\\/\\\/patagoniambiental.com.ar\\\/info\\\/viii-curso-internacional-de-posgrado-de-evaluacion-ambiental-estrategica-y-ordenamiento-territorial\\\/#primaryimage\"},\"image\":{\"@id\":\"https:\\\/\\\/patagoniambiental.com.ar\\\/info\\\/viii-curso-internacional-de-posgrado-de-evaluacion-ambiental-estrategica-y-ordenamiento-territorial\\\/#primaryimage\"},\"thumbnailUrl\":\"https:\\\/\\\/patagoniambiental.com.ar\\\/info\\\/wp-content\\\/uploads\\\/2018\\\/01\\\/Naci\u00f3n-aprob\u00f3-el-Ordenamiento-Territorial-de-los-Bosques-Nativos-de-la-provincia.jpg\",\"datePublished\":\"2019-03-01T12:00:55+00:00\",\"breadcrumb\":{\"@id\":\"https:\\\/\\\/patagoniambiental.com.ar\\\/info\\\/viii-curso-internacional-de-posgrado-de-evaluacion-ambiental-estrategica-y-ordenamiento-territorial\\\/#breadcrumb\"},\"inLanguage\":\"es\",\"potentialAction\":[{\"@type\":\"ReadAction\",\"target\":[\"https:\\\/\\\/patagoniambiental.com.ar\\\/info\\\/viii-curso-internacional-de-posgrado-de-evaluacion-ambiental-estrategica-y-ordenamiento-territorial\\\/\"]}]},{\"@type\":\"ImageObject\",\"inLanguage\":\"es\",\"@id\":\"https:\\\/\\\/patagoniambiental.com.ar\\\/info\\\/viii-curso-internacional-de-posgrado-de-evaluacion-ambiental-estrategica-y-ordenamiento-territorial\\\/#primaryimage\",\"url\":\"https:\\\/\\\/patagoniambiental.com.ar\\\/info\\\/wp-content\\\/uploads\\\/2018\\\/01\\\/Naci\u00f3n-aprob\u00f3-el-Ordenamiento-Territorial-de-los-Bosques-Nativos-de-la-provincia.jpg\",\"contentUrl\":\"https:\\\/\\\/patagoniambiental.com.ar\\\/info\\\/wp-content\\\/uploads\\\/2018\\\/01\\\/Naci\u00f3n-aprob\u00f3-el-Ordenamiento-Territorial-de-los-Bosques-Nativos-de-la-provincia.jpg\",\"width\":500,\"height\":300,\"caption\":\"http:\\\/\\\/3.bp.blogspot.com\\\/-SRGyHrrv4ms\\\/UUeNbKP43_I\\\/AAAAAAAAdCs\\\/hcKT4IFRhVk\\\/s1600\\\/Naci%C3%B3n+aprob%C3%B3+el+Ordenamiento+Territorial+de+los+Bosques+Nativos+de+la+provincia.jpg\"},{\"@type\":\"BreadcrumbList\",\"@id\":\"https:\\\/\\\/patagoniambiental.com.ar\\\/info\\\/viii-curso-internacional-de-posgrado-de-evaluacion-ambiental-estrategica-y-ordenamiento-territorial\\\/#breadcrumb\",\"itemListElement\":[{\"@type\":\"ListItem\",\"position\":1,\"name\":\"Inicio\",\"item\":\"https:\\\/\\\/patagoniambiental.com.ar\\\/info\\\/\"},{\"@type\":\"ListItem\",\"position\":2,\"name\":\"VIII Curso Internacional de Posgrado de Evaluaci\u00f3n Ambiental Estrat\u00e9gica y Ordenamiento Territorial\"}]},{\"@type\":\"WebSite\",\"@id\":\"https:\\\/\\\/patagoniambiental.com.ar\\\/info\\\/#website\",\"url\":\"https:\\\/\\\/patagoniambiental.com.ar\\\/info\\\/\",\"name\":\"Patagonia Ambiental\",\"description\":\"Monitoreo y an\u00e1lisis de la situaci\u00f3n geopol\u00edtica en el mundo y su implicancia en la Patagonia\",\"publisher\":{\"@id\":\"https:\\\/\\\/patagoniambiental.com.ar\\\/info\\\/#organization\"},\"potentialAction\":[{\"@type\":\"SearchAction\",\"target\":{\"@type\":\"EntryPoint\",\"urlTemplate\":\"https:\\\/\\\/patagoniambiental.com.ar\\\/info\\\/?s={search_term_string}\"},\"query-input\":{\"@type\":\"PropertyValueSpecification\",\"valueRequired\":true,\"valueName\":\"search_term_string\"}}],\"inLanguage\":\"es\"},{\"@type\":\"Organization\",\"@id\":\"https:\\\/\\\/patagoniambiental.com.ar\\\/info\\\/#organization\",\"name\":\"Patagonia Ambiental\",\"url\":\"https:\\\/\\\/patagoniambiental.com.ar\\\/info\\\/\",\"logo\":{\"@type\":\"ImageObject\",\"inLanguage\":\"es\",\"@id\":\"https:\\\/\\\/patagoniambiental.com.ar\\\/info\\\/#\\\/schema\\\/logo\\\/image\\\/\",\"url\":\"https:\\\/\\\/patagoniambiental.com.ar\\\/info\\\/wp-content\\\/uploads\\\/2025\\\/05\\\/LOGO-PATAGONIA-AMBIENTAL.png\",\"contentUrl\":\"https:\\\/\\\/patagoniambiental.com.ar\\\/info\\\/wp-content\\\/uploads\\\/2025\\\/05\\\/LOGO-PATAGONIA-AMBIENTAL.png\",\"width\":433,\"height\":250,\"caption\":\"Patagonia Ambiental\"},\"image\":{\"@id\":\"https:\\\/\\\/patagoniambiental.com.ar\\\/info\\\/#\\\/schema\\\/logo\\\/image\\\/\"},\"sameAs\":[\"https:\\\/\\\/www.facebook.com\\\/patagonia.ambiental\",\"https:\\\/\\\/x.com\\\/PatAmb\"]},{\"@type\":\"Person\",\"@id\":\"https:\\\/\\\/patagoniambiental.com.ar\\\/info\\\/#\\\/schema\\\/person\\\/db12bff64bbcbf6a253710bf0ea37b5d\",\"name\":\"Patagonia Ambiental\",\"description\":\"Andr\u00e9s Nievas T\u00e9cnico en manejo ambiental, consultor Ambiental y escritor para medios locales e internacionales sobre temas de geopolitica y medio ambiente.\",\"sameAs\":[\"http:\\\/\\\/www.patagoniambiental.com.ar\",\"https:\\\/\\\/www.facebook.com\\\/share\\\/1C1V8Gv9BX\\\/?mibextid=qi2Omg\",\"@patagoniambiental\",\"https:\\\/\\\/youtube.com\\\/@patagoniaambiental2023?si=BLt58t0wuXquxlYZ\"]}]}<\/script>\n<!-- \/ Yoast SEO Premium plugin. -->","yoast_head_json":{"title":"VIII Curso Internacional de Posgrado de Evaluaci\u00f3n Ambiental Estrat\u00e9gica y Ordenamiento Territorial","robots":{"index":"index","follow":"follow","max-snippet":"max-snippet:-1","max-image-preview":"max-image-preview:large","max-video-preview":"max-video-preview:-1"},"canonical":"https:\/\/patagoniambiental.com.ar\/info\/viii-curso-internacional-de-posgrado-de-evaluacion-ambiental-estrategica-y-ordenamiento-territorial\/","og_locale":"es_ES","og_type":"article","og_title":"VIII Curso Internacional de Posgrado de Evaluaci\u00f3n Ambiental Estrat\u00e9gica y Ordenamiento Territorial","og_description":"La Fundaci\u00f3n de Estudios Avanzados de Buenos Aires (FUNDABAIRES) llevara a cabo el\u00a0VIII Curso Internacional de Posgrado de Evaluaci\u00f3n Ambiental [&hellip;]","og_url":"https:\/\/patagoniambiental.com.ar\/info\/viii-curso-internacional-de-posgrado-de-evaluacion-ambiental-estrategica-y-ordenamiento-territorial\/","og_site_name":"Patagonia Ambiental","article_publisher":"https:\/\/www.facebook.com\/patagonia.ambiental","article_author":"https:\/\/www.facebook.com\/share\/1C1V8Gv9BX\/?mibextid=qi2Omg","article_published_time":"2019-03-01T12:00:55+00:00","og_image":[{"width":500,"height":300,"url":"https:\/\/patagoniambiental.com.ar\/info\/wp-content\/uploads\/2018\/01\/Naci\u00f3n-aprob\u00f3-el-Ordenamiento-Territorial-de-los-Bosques-Nativos-de-la-provincia.jpg","type":"image\/jpeg"}],"author":"Patagonia Ambiental","twitter_card":"summary_large_image","twitter_creator":"@PatAmb","twitter_site":"@PatAmb","schema":{"@context":"https:\/\/schema.org","@graph":[{"@type":"Article","@id":"https:\/\/patagoniambiental.com.ar\/info\/viii-curso-internacional-de-posgrado-de-evaluacion-ambiental-estrategica-y-ordenamiento-territorial\/#article","isPartOf":{"@id":"https:\/\/patagoniambiental.com.ar\/info\/viii-curso-internacional-de-posgrado-de-evaluacion-ambiental-estrategica-y-ordenamiento-territorial\/"},"author":{"name":"Patagonia Ambiental","@id":"https:\/\/patagoniambiental.com.ar\/info\/#\/schema\/person\/db12bff64bbcbf6a253710bf0ea37b5d"},"headline":"VIII Curso Internacional de Posgrado de Evaluaci\u00f3n Ambiental Estrat\u00e9gica y Ordenamiento Territorial","datePublished":"2019-03-01T12:00:55+00:00","mainEntityOfPage":{"@id":"https:\/\/patagoniambiental.com.ar\/info\/viii-curso-internacional-de-posgrado-de-evaluacion-ambiental-estrategica-y-ordenamiento-territorial\/"},"wordCount":504,"commentCount":0,"publisher":{"@id":"https:\/\/patagoniambiental.com.ar\/info\/#organization"},"image":{"@id":"https:\/\/patagoniambiental.com.ar\/info\/viii-curso-internacional-de-posgrado-de-evaluacion-ambiental-estrategica-y-ordenamiento-territorial\/#primaryimage"},"thumbnailUrl":"https:\/\/patagoniambiental.com.ar\/info\/wp-content\/uploads\/2018\/01\/Naci\u00f3n-aprob\u00f3-el-Ordenamiento-Territorial-de-los-Bosques-Nativos-de-la-provincia.jpg","articleSection":["Agenda Ambiental","Noticias"],"inLanguage":"es","potentialAction":[{"@type":"CommentAction","name":"Comment","target":["https:\/\/patagoniambiental.com.ar\/info\/viii-curso-internacional-de-posgrado-de-evaluacion-ambiental-estrategica-y-ordenamiento-territorial\/#respond"]}]},{"@type":"WebPage","@id":"https:\/\/patagoniambiental.com.ar\/info\/viii-curso-internacional-de-posgrado-de-evaluacion-ambiental-estrategica-y-ordenamiento-territorial\/","url":"https:\/\/patagoniambiental.com.ar\/info\/viii-curso-internacional-de-posgrado-de-evaluacion-ambiental-estrategica-y-ordenamiento-territorial\/","name":"VIII Curso Internacional de Posgrado de Evaluaci\u00f3n Ambiental Estrat\u00e9gica y Ordenamiento Territorial","isPartOf":{"@id":"https:\/\/patagoniambiental.com.ar\/info\/#website"},"primaryImageOfPage":{"@id":"https:\/\/patagoniambiental.com.ar\/info\/viii-curso-internacional-de-posgrado-de-evaluacion-ambiental-estrategica-y-ordenamiento-territorial\/#primaryimage"},"image":{"@id":"https:\/\/patagoniambiental.com.ar\/info\/viii-curso-internacional-de-posgrado-de-evaluacion-ambiental-estrategica-y-ordenamiento-territorial\/#primaryimage"},"thumbnailUrl":"https:\/\/patagoniambiental.com.ar\/info\/wp-content\/uploads\/2018\/01\/Naci\u00f3n-aprob\u00f3-el-Ordenamiento-Territorial-de-los-Bosques-Nativos-de-la-provincia.jpg","datePublished":"2019-03-01T12:00:55+00:00","breadcrumb":{"@id":"https:\/\/patagoniambiental.com.ar\/info\/viii-curso-internacional-de-posgrado-de-evaluacion-ambiental-estrategica-y-ordenamiento-territorial\/#breadcrumb"},"inLanguage":"es","potentialAction":[{"@type":"ReadAction","target":["https:\/\/patagoniambiental.com.ar\/info\/viii-curso-internacional-de-posgrado-de-evaluacion-ambiental-estrategica-y-ordenamiento-territorial\/"]}]},{"@type":"ImageObject","inLanguage":"es","@id":"https:\/\/patagoniambiental.com.ar\/info\/viii-curso-internacional-de-posgrado-de-evaluacion-ambiental-estrategica-y-ordenamiento-territorial\/#primaryimage","url":"https:\/\/patagoniambiental.com.ar\/info\/wp-content\/uploads\/2018\/01\/Naci\u00f3n-aprob\u00f3-el-Ordenamiento-Territorial-de-los-Bosques-Nativos-de-la-provincia.jpg","contentUrl":"https:\/\/patagoniambiental.com.ar\/info\/wp-content\/uploads\/2018\/01\/Naci\u00f3n-aprob\u00f3-el-Ordenamiento-Territorial-de-los-Bosques-Nativos-de-la-provincia.jpg","width":500,"height":300,"caption":"http:\/\/3.bp.blogspot.com\/-SRGyHrrv4ms\/UUeNbKP43_I\/AAAAAAAAdCs\/hcKT4IFRhVk\/s1600\/Naci%C3%B3n+aprob%C3%B3+el+Ordenamiento+Territorial+de+los+Bosques+Nativos+de+la+provincia.jpg"},{"@type":"BreadcrumbList","@id":"https:\/\/patagoniambiental.com.ar\/info\/viii-curso-internacional-de-posgrado-de-evaluacion-ambiental-estrategica-y-ordenamiento-territorial\/#breadcrumb","itemListElement":[{"@type":"ListItem","position":1,"name":"Inicio","item":"https:\/\/patagoniambiental.com.ar\/info\/"},{"@type":"ListItem","position":2,"name":"VIII Curso Internacional de Posgrado de Evaluaci\u00f3n Ambiental Estrat\u00e9gica y Ordenamiento Territorial"}]},{"@type":"WebSite","@id":"https:\/\/patagoniambiental.com.ar\/info\/#website","url":"https:\/\/patagoniambiental.com.ar\/info\/","name":"Patagonia Ambiental","description":"Monitoreo y an\u00e1lisis de la situaci\u00f3n geopol\u00edtica en el mundo y su implicancia en la Patagonia","publisher":{"@id":"https:\/\/patagoniambiental.com.ar\/info\/#organization"},"potentialAction":[{"@type":"SearchAction","target":{"@type":"EntryPoint","urlTemplate":"https:\/\/patagoniambiental.com.ar\/info\/?s={search_term_string}"},"query-input":{"@type":"PropertyValueSpecification","valueRequired":true,"valueName":"search_term_string"}}],"inLanguage":"es"},{"@type":"Organization","@id":"https:\/\/patagoniambiental.com.ar\/info\/#organization","name":"Patagonia Ambiental","url":"https:\/\/patagoniambiental.com.ar\/info\/","logo":{"@type":"ImageObject","inLanguage":"es","@id":"https:\/\/patagoniambiental.com.ar\/info\/#\/schema\/logo\/image\/","url":"https:\/\/patagoniambiental.com.ar\/info\/wp-content\/uploads\/2025\/05\/LOGO-PATAGONIA-AMBIENTAL.png","contentUrl":"https:\/\/patagoniambiental.com.ar\/info\/wp-content\/uploads\/2025\/05\/LOGO-PATAGONIA-AMBIENTAL.png","width":433,"height":250,"caption":"Patagonia Ambiental"},"image":{"@id":"https:\/\/patagoniambiental.com.ar\/info\/#\/schema\/logo\/image\/"},"sameAs":["https:\/\/www.facebook.com\/patagonia.ambiental","https:\/\/x.com\/PatAmb"]},{"@type":"Person","@id":"https:\/\/patagoniambiental.com.ar\/info\/#\/schema\/person\/db12bff64bbcbf6a253710bf0ea37b5d","name":"Patagonia Ambiental","description":"Andr\u00e9s Nievas T\u00e9cnico en manejo ambiental, consultor Ambiental y escritor para medios locales e internacionales sobre temas de geopolitica y medio ambiente.","sameAs":["http:\/\/www.patagoniambiental.com.ar","https:\/\/www.facebook.com\/share\/1C1V8Gv9BX\/?mibextid=qi2Omg","@patagoniambiental","https:\/\/youtube.com\/@patagoniaambiental2023?si=BLt58t0wuXquxlYZ"]}]}},"_links":{"self":[{"href":"https:\/\/patagoniambiental.com.ar\/info\/wp-json\/wp\/v2\/posts\/59313","targetHints":{"allow":["GET"]}}],"collection":[{"href":"https:\/\/patagoniambiental.com.ar\/info\/wp-json\/wp\/v2\/posts"}],"about":[{"href":"https:\/\/patagoniambiental.com.ar\/info\/wp-json\/wp\/v2\/types\/post"}],"author":[{"embeddable":true,"href":"https:\/\/patagoniambiental.com.ar\/info\/wp-json\/wp\/v2\/users\/2"}],"replies":[{"embeddable":true,"href":"https:\/\/patagoniambiental.com.ar\/info\/wp-json\/wp\/v2\/comments?post=59313"}],"version-history":[{"count":0,"href":"https:\/\/patagoniambiental.com.ar\/info\/wp-json\/wp\/v2\/posts\/59313\/revisions"}],"wp:featuredmedia":[{"embeddable":true,"href":"https:\/\/patagoniambiental.com.ar\/info\/wp-json\/wp\/v2\/media\/40917"}],"wp:attachment":[{"href":"https:\/\/patagoniambiental.com.ar\/info\/wp-json\/wp\/v2\/media?parent=59313"}],"wp:term":[{"taxonomy":"category","embeddable":true,"href":"https:\/\/patagoniambiental.com.ar\/info\/wp-json\/wp\/v2\/categories?post=59313"},{"taxonomy":"post_tag","embeddable":true,"href":"https:\/\/patagoniambiental.com.ar\/info\/wp-json\/wp\/v2\/tags?post=59313"}],"curies":[{"name":"wp","href":"https:\/\/api.w.org\/{rel}","templated":true}]}}