{"id":59346,"date":"2019-03-04T09:00:01","date_gmt":"2019-03-04T12:00:01","guid":{"rendered":"http:\/\/patagoniambiental.com.ar\/info\/?p=59346"},"modified":"2019-03-02T12:23:36","modified_gmt":"2019-03-02T15:23:36","slug":"vestas-expande-los-aerogeneradores-de-4-mw-para-clima-extremo","status":"publish","type":"post","link":"https:\/\/patagoniambiental.com.ar\/info\/vestas-expande-los-aerogeneradores-de-4-mw-para-clima-extremo\/","title":{"rendered":"Vestas expande los aerogeneradores de 4 MW para clima extremo"},"content":{"rendered":"<p>Como parte de sus esfuerzos por ofrecer soluciones innovadoras de energ\u00eda e\u00f3lica para satisfacer las necesidades de los parques e\u00f3licos de los clientes, Vestas presenta los aerogeneradores V136-4.2 MW Clima extremo.<\/p>\n<p><!--more--><\/p>\n<p>Esta nueva variante de la potente y probada plataforma de 4 MW ofrece la m\u00e1xima producci\u00f3n de energ\u00eda e\u00f3lica en velocidades de viento bajas a medias, al tiempo que est\u00e1 dise\u00f1ada para manejar condiciones clim\u00e1ticas extremas que anteriormente han sido dif\u00edciles de aprovechar.<\/p>\n<p><img decoding=\"async\" class=\"img-thumbnail post-single-image\" src=\"https:\/\/argentinaeolica.org.ar\/uploads\/blog\/1551448238.jpg\" alt=\"\" \/><\/p>\n<article class=\"post-content\">El aerogenerador V136-4.2 MW se present\u00f3 en la Japan Wind Expo 2019 para resaltar la idoneidad espec\u00edfica de la turbina para muchos sitios de proyectos expuestos a un clima severo en Jap\u00f3n y Asia. La nueva variante tambi\u00e9n es aplicable a otros mercados con condiciones similares en todo el mundo, como el sur de China, el Caribe y el Reino Unido, tanto para sitios en tierra como en alta mar.<\/p>\n<p>Basada directamente en la popular turbina V136-4.2 MW, la variante Clima extremo presenta optimizaciones de dise\u00f1o que incluyen una pala reforzada y un cubo reforzado. La nueva variante es capaz de soportar velocidades de viento extremas de 53 m \/ s (que exceden la velocidad de viento extrema IEC clase I) y r\u00e1fagas de viento extremas de hasta 74-78 m \/ s. La variante tambi\u00e9n est\u00e1 dise\u00f1ada para soportar eventos de frecuencia por encima de la media e intensidad de rayos asociados con los tifones, como los que se ven en Jap\u00f3n.<\/p>\n<p>El V136-4.2 MW Extreme Climate tambi\u00e9n es muy adecuado para \u00e1reas con poca capacidad de red, gracias al moderno convertidor de Vestas que ofrece capacidades avanzadas de potencia activa y reactiva.<\/p>\n<p>\u201cCon la introducci\u00f3n de V136-4.2 MW Extreme Climate, Vestas est\u00e1 conectando nuestra tecnolog\u00eda probada con soluciones personalizadas para ayudar a los clientes a desbloquear sitios de viento bajo a medio con alta turbulencia\u201d, dijo Thomas Korzeniewski, vicepresidente de estrategia de productos de Vestas. \u201cEl rotor m\u00e1s grande ofrece una producci\u00f3n de energ\u00eda mejorada, con la resistencia y la versatilidad necesarias para manejar las r\u00e1fagas de viento extremas y la alta turbulencia\u201d.<\/p>\n<p>\u201cLa experiencia global de Vestas y la amplia gama de ofertas l\u00edderes en la industria significa que podemos ofrecer soluciones de energ\u00eda sostenible personalizadas para satisfacer las necesidades de mercados espec\u00edficos como Jap\u00f3n\u201d, dijo Clive Turton, presidente de Vestas Asia Pacific. \u201cEstamos construyendo sobre la confiabilidad de la plataforma de 4MW de Vestas para ampliar su aplicabilidad a condiciones de viento y clima diversas y desafiantes\u201d.<\/p>\n<p>Listo para cumplir con las condiciones clim\u00e1ticas extremas y los requisitos del mercado, el V136-4.2 MW Extreme Climate aprovecha la amplia gama de opciones y soluciones de turbinas de Vestas, que incluyen soluciones de torres espec\u00edficas para sitios como las torres de acero de gran di\u00e1metro, soluciones de transporte para sitios desafiantes, certificado de tipo completo para aplicabilidad global, as\u00ed como soluciones espec\u00edficas para proyectos como Vestas Cold Climate Solutions y High Wind Operation (HWO).<\/p>\n<p>Desde su introducci\u00f3n en 2010, la plataforma Vestas 4 MW ha construido un legado poderoso donde las innovaciones en curso han resultado en un aumento de hasta un 56 por ciento en la producci\u00f3n de energ\u00eda. El completo programa de pruebas de Vestas combinado con m\u00e1s de 7.000 aerogeneradores o 23 GW instalados en 44 pa\u00edses en todo el mundo significa que la plataforma ha demostrado su valor en condiciones muy diversas. La producci\u00f3n en serie se espera para mediados de 2021 y la entrega a finales de ese a\u00f1o.<\/p>\n<p>Fuente:\u00a0<a href=\"https:\/\/www.evwind.com\/2019\/02\/28\/vestas-expande-los-aerogeneradores-de-energia-eolica-de-4-mw-para-desbloquear-sitios-con-clima-extremo\/\" target=\"_blank\" rel=\"noopener\">REVE<\/a><\/p>\n<\/article>\n","protected":false},"excerpt":{"rendered":"<p>Como parte de sus esfuerzos por ofrecer soluciones innovadoras de energ\u00eda e\u00f3lica para satisfacer las necesidades de los parques e\u00f3licos [&hellip;]<\/p>\n","protected":false},"author":2,"featured_media":59347,"comment_status":"open","ping_status":"open","sticky":false,"template":"","format":"standard","meta":{"site-sidebar-layout":"default","site-content-layout":"","ast-site-content-layout":"default","site-content-style":"default","site-sidebar-style":"default","ast-global-header-display":"","ast-banner-title-visibility":"","ast-main-header-display":"","ast-hfb-above-header-display":"","ast-hfb-below-header-display":"","ast-hfb-mobile-header-display":"","site-post-title":"","ast-breadcrumbs-content":"","ast-featured-img":"","footer-sml-layout":"","ast-disable-related-posts":"","theme-transparent-header-meta":"","adv-header-id-meta":"","stick-header-meta":"","header-above-stick-meta":"","header-main-stick-meta":"","header-below-stick-meta":"","astra-migrate-meta-layouts":"default","ast-page-background-enabled":"default","ast-page-background-meta":{"desktop":{"background-color":"var(--ast-global-color-5)","background-image":"","background-repeat":"repeat","background-position":"center center","background-size":"auto","background-attachment":"scroll","background-type":"","background-media":"","overlay-type":"","overlay-color":"","overlay-opacity":"","overlay-gradient":""},"tablet":{"background-color":"","background-image":"","background-repeat":"repeat","background-position":"center center","background-size":"auto","background-attachment":"scroll","background-type":"","background-media":"","overlay-type":"","overlay-color":"","overlay-opacity":"","overlay-gradient":""},"mobile":{"background-color":"","background-image":"","background-repeat":"repeat","background-position":"center center","background-size":"auto","background-attachment":"scroll","background-type":"","background-media":"","overlay-type":"","overlay-color":"","overlay-opacity":"","overlay-gradient":""}},"ast-content-background-meta":{"desktop":{"background-color":"var(--ast-global-color-4)","background-image":"","background-repeat":"repeat","background-position":"center center","background-size":"auto","background-attachment":"scroll","background-type":"","background-media":"","overlay-type":"","overlay-color":"","overlay-opacity":"","overlay-gradient":""},"tablet":{"background-color":"var(--ast-global-color-4)","background-image":"","background-repeat":"repeat","background-position":"center center","background-size":"auto","background-attachment":"scroll","background-type":"","background-media":"","overlay-type":"","overlay-color":"","overlay-opacity":"","overlay-gradient":""},"mobile":{"background-color":"var(--ast-global-color-4)","background-image":"","background-repeat":"repeat","background-position":"center center","background-size":"auto","background-attachment":"scroll","background-type":"","background-media":"","overlay-type":"","overlay-color":"","overlay-opacity":"","overlay-gradient":""}},"footnotes":""},"categories":[11,23,1],"tags":[],"class_list":["post-59346","post","type-post","status-publish","format-standard","has-post-thumbnail","hentry","category-boletin","category-internacionales","category-noticias"],"yoast_head":"<!-- This site is optimized with the Yoast SEO Premium plugin v23.0 (Yoast SEO v27.5) - https:\/\/yoast.com\/product\/yoast-seo-premium-wordpress\/ -->\n<title>Vestas expande los aerogeneradores de 4 MW para clima extremo<\/title>\n<meta name=\"robots\" content=\"index, follow, max-snippet:-1, max-image-preview:large, max-video-preview:-1\" \/>\n<link rel=\"canonical\" href=\"https:\/\/patagoniambiental.com.ar\/info\/vestas-expande-los-aerogeneradores-de-4-mw-para-clima-extremo\/\" \/>\n<meta property=\"og:locale\" content=\"es_ES\" \/>\n<meta property=\"og:type\" content=\"article\" \/>\n<meta property=\"og:title\" content=\"Vestas expande los aerogeneradores de 4 MW para clima extremo\" \/>\n<meta property=\"og:description\" content=\"Como parte de sus esfuerzos por ofrecer soluciones innovadoras de energ\u00eda e\u00f3lica para satisfacer las necesidades de los parques e\u00f3licos [&hellip;]\" \/>\n<meta property=\"og:url\" content=\"https:\/\/patagoniambiental.com.ar\/info\/vestas-expande-los-aerogeneradores-de-4-mw-para-clima-extremo\/\" \/>\n<meta property=\"og:site_name\" content=\"Patagonia Ambiental\" \/>\n<meta property=\"article:publisher\" content=\"https:\/\/www.facebook.com\/patagonia.ambiental\" \/>\n<meta property=\"article:author\" content=\"https:\/\/www.facebook.com\/share\/1C1V8Gv9BX\/?mibextid=qi2Omg\" \/>\n<meta property=\"article:published_time\" content=\"2019-03-04T12:00:01+00:00\" \/>\n<meta property=\"og:image\" content=\"https:\/\/patagoniambiental.com.ar\/info\/wp-content\/uploads\/2019\/03\/1551448238-1.jpg\" \/>\n\t<meta property=\"og:image:width\" content=\"750\" \/>\n\t<meta property=\"og:image:height\" content=\"369\" \/>\n\t<meta property=\"og:image:type\" content=\"image\/jpeg\" \/>\n<meta name=\"author\" content=\"Patagonia Ambiental\" \/>\n<meta name=\"twitter:card\" content=\"summary_large_image\" \/>\n<meta name=\"twitter:creator\" content=\"@PatAmb\" \/>\n<meta name=\"twitter:site\" content=\"@PatAmb\" \/>\n<script type=\"application\/ld+json\" class=\"yoast-schema-graph\">{\"@context\":\"https:\\\/\\\/schema.org\",\"@graph\":[{\"@type\":\"Article\",\"@id\":\"https:\\\/\\\/patagoniambiental.com.ar\\\/info\\\/vestas-expande-los-aerogeneradores-de-4-mw-para-clima-extremo\\\/#article\",\"isPartOf\":{\"@id\":\"https:\\\/\\\/patagoniambiental.com.ar\\\/info\\\/vestas-expande-los-aerogeneradores-de-4-mw-para-clima-extremo\\\/\"},\"author\":{\"name\":\"Patagonia Ambiental\",\"@id\":\"https:\\\/\\\/patagoniambiental.com.ar\\\/info\\\/#\\\/schema\\\/person\\\/db12bff64bbcbf6a253710bf0ea37b5d\"},\"headline\":\"Vestas expande los aerogeneradores de 4 MW para clima extremo\",\"datePublished\":\"2019-03-04T12:00:01+00:00\",\"mainEntityOfPage\":{\"@id\":\"https:\\\/\\\/patagoniambiental.com.ar\\\/info\\\/vestas-expande-los-aerogeneradores-de-4-mw-para-clima-extremo\\\/\"},\"wordCount\":614,\"commentCount\":0,\"publisher\":{\"@id\":\"https:\\\/\\\/patagoniambiental.com.ar\\\/info\\\/#organization\"},\"image\":{\"@id\":\"https:\\\/\\\/patagoniambiental.com.ar\\\/info\\\/vestas-expande-los-aerogeneradores-de-4-mw-para-clima-extremo\\\/#primaryimage\"},\"thumbnailUrl\":\"https:\\\/\\\/patagoniambiental.com.ar\\\/info\\\/wp-content\\\/uploads\\\/2019\\\/03\\\/1551448238-1.jpg\",\"articleSection\":[\"Bolet\u00edn\",\"Internacionales\",\"Noticias\"],\"inLanguage\":\"es\",\"potentialAction\":[{\"@type\":\"CommentAction\",\"name\":\"Comment\",\"target\":[\"https:\\\/\\\/patagoniambiental.com.ar\\\/info\\\/vestas-expande-los-aerogeneradores-de-4-mw-para-clima-extremo\\\/#respond\"]}]},{\"@type\":\"WebPage\",\"@id\":\"https:\\\/\\\/patagoniambiental.com.ar\\\/info\\\/vestas-expande-los-aerogeneradores-de-4-mw-para-clima-extremo\\\/\",\"url\":\"https:\\\/\\\/patagoniambiental.com.ar\\\/info\\\/vestas-expande-los-aerogeneradores-de-4-mw-para-clima-extremo\\\/\",\"name\":\"Vestas expande los aerogeneradores de 4 MW para clima extremo\",\"isPartOf\":{\"@id\":\"https:\\\/\\\/patagoniambiental.com.ar\\\/info\\\/#website\"},\"primaryImageOfPage\":{\"@id\":\"https:\\\/\\\/patagoniambiental.com.ar\\\/info\\\/vestas-expande-los-aerogeneradores-de-4-mw-para-clima-extremo\\\/#primaryimage\"},\"image\":{\"@id\":\"https:\\\/\\\/patagoniambiental.com.ar\\\/info\\\/vestas-expande-los-aerogeneradores-de-4-mw-para-clima-extremo\\\/#primaryimage\"},\"thumbnailUrl\":\"https:\\\/\\\/patagoniambiental.com.ar\\\/info\\\/wp-content\\\/uploads\\\/2019\\\/03\\\/1551448238-1.jpg\",\"datePublished\":\"2019-03-04T12:00:01+00:00\",\"breadcrumb\":{\"@id\":\"https:\\\/\\\/patagoniambiental.com.ar\\\/info\\\/vestas-expande-los-aerogeneradores-de-4-mw-para-clima-extremo\\\/#breadcrumb\"},\"inLanguage\":\"es\",\"potentialAction\":[{\"@type\":\"ReadAction\",\"target\":[\"https:\\\/\\\/patagoniambiental.com.ar\\\/info\\\/vestas-expande-los-aerogeneradores-de-4-mw-para-clima-extremo\\\/\"]}]},{\"@type\":\"ImageObject\",\"inLanguage\":\"es\",\"@id\":\"https:\\\/\\\/patagoniambiental.com.ar\\\/info\\\/vestas-expande-los-aerogeneradores-de-4-mw-para-clima-extremo\\\/#primaryimage\",\"url\":\"https:\\\/\\\/patagoniambiental.com.ar\\\/info\\\/wp-content\\\/uploads\\\/2019\\\/03\\\/1551448238-1.jpg\",\"contentUrl\":\"https:\\\/\\\/patagoniambiental.com.ar\\\/info\\\/wp-content\\\/uploads\\\/2019\\\/03\\\/1551448238-1.jpg\",\"width\":750,\"height\":369},{\"@type\":\"BreadcrumbList\",\"@id\":\"https:\\\/\\\/patagoniambiental.com.ar\\\/info\\\/vestas-expande-los-aerogeneradores-de-4-mw-para-clima-extremo\\\/#breadcrumb\",\"itemListElement\":[{\"@type\":\"ListItem\",\"position\":1,\"name\":\"Inicio\",\"item\":\"https:\\\/\\\/patagoniambiental.com.ar\\\/info\\\/\"},{\"@type\":\"ListItem\",\"position\":2,\"name\":\"Vestas expande los aerogeneradores de 4 MW para clima extremo\"}]},{\"@type\":\"WebSite\",\"@id\":\"https:\\\/\\\/patagoniambiental.com.ar\\\/info\\\/#website\",\"url\":\"https:\\\/\\\/patagoniambiental.com.ar\\\/info\\\/\",\"name\":\"Patagonia Ambiental\",\"description\":\"Monitoreo y an\u00e1lisis de la situaci\u00f3n geopol\u00edtica en el mundo y su implicancia en la Patagonia\",\"publisher\":{\"@id\":\"https:\\\/\\\/patagoniambiental.com.ar\\\/info\\\/#organization\"},\"potentialAction\":[{\"@type\":\"SearchAction\",\"target\":{\"@type\":\"EntryPoint\",\"urlTemplate\":\"https:\\\/\\\/patagoniambiental.com.ar\\\/info\\\/?s={search_term_string}\"},\"query-input\":{\"@type\":\"PropertyValueSpecification\",\"valueRequired\":true,\"valueName\":\"search_term_string\"}}],\"inLanguage\":\"es\"},{\"@type\":\"Organization\",\"@id\":\"https:\\\/\\\/patagoniambiental.com.ar\\\/info\\\/#organization\",\"name\":\"Patagonia Ambiental\",\"url\":\"https:\\\/\\\/patagoniambiental.com.ar\\\/info\\\/\",\"logo\":{\"@type\":\"ImageObject\",\"inLanguage\":\"es\",\"@id\":\"https:\\\/\\\/patagoniambiental.com.ar\\\/info\\\/#\\\/schema\\\/logo\\\/image\\\/\",\"url\":\"https:\\\/\\\/patagoniambiental.com.ar\\\/info\\\/wp-content\\\/uploads\\\/2025\\\/05\\\/LOGO-PATAGONIA-AMBIENTAL.png\",\"contentUrl\":\"https:\\\/\\\/patagoniambiental.com.ar\\\/info\\\/wp-content\\\/uploads\\\/2025\\\/05\\\/LOGO-PATAGONIA-AMBIENTAL.png\",\"width\":433,\"height\":250,\"caption\":\"Patagonia Ambiental\"},\"image\":{\"@id\":\"https:\\\/\\\/patagoniambiental.com.ar\\\/info\\\/#\\\/schema\\\/logo\\\/image\\\/\"},\"sameAs\":[\"https:\\\/\\\/www.facebook.com\\\/patagonia.ambiental\",\"https:\\\/\\\/x.com\\\/PatAmb\"]},{\"@type\":\"Person\",\"@id\":\"https:\\\/\\\/patagoniambiental.com.ar\\\/info\\\/#\\\/schema\\\/person\\\/db12bff64bbcbf6a253710bf0ea37b5d\",\"name\":\"Patagonia Ambiental\",\"description\":\"Andr\u00e9s Nievas T\u00e9cnico en manejo ambiental, consultor Ambiental y escritor para medios locales e internacionales sobre temas de geopolitica y medio ambiente.\",\"sameAs\":[\"http:\\\/\\\/www.patagoniambiental.com.ar\",\"https:\\\/\\\/www.facebook.com\\\/share\\\/1C1V8Gv9BX\\\/?mibextid=qi2Omg\",\"@patagoniambiental\",\"https:\\\/\\\/youtube.com\\\/@patagoniaambiental2023?si=BLt58t0wuXquxlYZ\"]}]}<\/script>\n<!-- \/ Yoast SEO Premium plugin. -->","yoast_head_json":{"title":"Vestas expande los aerogeneradores de 4 MW para clima extremo","robots":{"index":"index","follow":"follow","max-snippet":"max-snippet:-1","max-image-preview":"max-image-preview:large","max-video-preview":"max-video-preview:-1"},"canonical":"https:\/\/patagoniambiental.com.ar\/info\/vestas-expande-los-aerogeneradores-de-4-mw-para-clima-extremo\/","og_locale":"es_ES","og_type":"article","og_title":"Vestas expande los aerogeneradores de 4 MW para clima extremo","og_description":"Como parte de sus esfuerzos por ofrecer soluciones innovadoras de energ\u00eda e\u00f3lica para satisfacer las necesidades de los parques e\u00f3licos [&hellip;]","og_url":"https:\/\/patagoniambiental.com.ar\/info\/vestas-expande-los-aerogeneradores-de-4-mw-para-clima-extremo\/","og_site_name":"Patagonia Ambiental","article_publisher":"https:\/\/www.facebook.com\/patagonia.ambiental","article_author":"https:\/\/www.facebook.com\/share\/1C1V8Gv9BX\/?mibextid=qi2Omg","article_published_time":"2019-03-04T12:00:01+00:00","og_image":[{"width":750,"height":369,"url":"https:\/\/patagoniambiental.com.ar\/info\/wp-content\/uploads\/2019\/03\/1551448238-1.jpg","type":"image\/jpeg"}],"author":"Patagonia Ambiental","twitter_card":"summary_large_image","twitter_creator":"@PatAmb","twitter_site":"@PatAmb","schema":{"@context":"https:\/\/schema.org","@graph":[{"@type":"Article","@id":"https:\/\/patagoniambiental.com.ar\/info\/vestas-expande-los-aerogeneradores-de-4-mw-para-clima-extremo\/#article","isPartOf":{"@id":"https:\/\/patagoniambiental.com.ar\/info\/vestas-expande-los-aerogeneradores-de-4-mw-para-clima-extremo\/"},"author":{"name":"Patagonia Ambiental","@id":"https:\/\/patagoniambiental.com.ar\/info\/#\/schema\/person\/db12bff64bbcbf6a253710bf0ea37b5d"},"headline":"Vestas expande los aerogeneradores de 4 MW para clima extremo","datePublished":"2019-03-04T12:00:01+00:00","mainEntityOfPage":{"@id":"https:\/\/patagoniambiental.com.ar\/info\/vestas-expande-los-aerogeneradores-de-4-mw-para-clima-extremo\/"},"wordCount":614,"commentCount":0,"publisher":{"@id":"https:\/\/patagoniambiental.com.ar\/info\/#organization"},"image":{"@id":"https:\/\/patagoniambiental.com.ar\/info\/vestas-expande-los-aerogeneradores-de-4-mw-para-clima-extremo\/#primaryimage"},"thumbnailUrl":"https:\/\/patagoniambiental.com.ar\/info\/wp-content\/uploads\/2019\/03\/1551448238-1.jpg","articleSection":["Bolet\u00edn","Internacionales","Noticias"],"inLanguage":"es","potentialAction":[{"@type":"CommentAction","name":"Comment","target":["https:\/\/patagoniambiental.com.ar\/info\/vestas-expande-los-aerogeneradores-de-4-mw-para-clima-extremo\/#respond"]}]},{"@type":"WebPage","@id":"https:\/\/patagoniambiental.com.ar\/info\/vestas-expande-los-aerogeneradores-de-4-mw-para-clima-extremo\/","url":"https:\/\/patagoniambiental.com.ar\/info\/vestas-expande-los-aerogeneradores-de-4-mw-para-clima-extremo\/","name":"Vestas expande los aerogeneradores de 4 MW para clima extremo","isPartOf":{"@id":"https:\/\/patagoniambiental.com.ar\/info\/#website"},"primaryImageOfPage":{"@id":"https:\/\/patagoniambiental.com.ar\/info\/vestas-expande-los-aerogeneradores-de-4-mw-para-clima-extremo\/#primaryimage"},"image":{"@id":"https:\/\/patagoniambiental.com.ar\/info\/vestas-expande-los-aerogeneradores-de-4-mw-para-clima-extremo\/#primaryimage"},"thumbnailUrl":"https:\/\/patagoniambiental.com.ar\/info\/wp-content\/uploads\/2019\/03\/1551448238-1.jpg","datePublished":"2019-03-04T12:00:01+00:00","breadcrumb":{"@id":"https:\/\/patagoniambiental.com.ar\/info\/vestas-expande-los-aerogeneradores-de-4-mw-para-clima-extremo\/#breadcrumb"},"inLanguage":"es","potentialAction":[{"@type":"ReadAction","target":["https:\/\/patagoniambiental.com.ar\/info\/vestas-expande-los-aerogeneradores-de-4-mw-para-clima-extremo\/"]}]},{"@type":"ImageObject","inLanguage":"es","@id":"https:\/\/patagoniambiental.com.ar\/info\/vestas-expande-los-aerogeneradores-de-4-mw-para-clima-extremo\/#primaryimage","url":"https:\/\/patagoniambiental.com.ar\/info\/wp-content\/uploads\/2019\/03\/1551448238-1.jpg","contentUrl":"https:\/\/patagoniambiental.com.ar\/info\/wp-content\/uploads\/2019\/03\/1551448238-1.jpg","width":750,"height":369},{"@type":"BreadcrumbList","@id":"https:\/\/patagoniambiental.com.ar\/info\/vestas-expande-los-aerogeneradores-de-4-mw-para-clima-extremo\/#breadcrumb","itemListElement":[{"@type":"ListItem","position":1,"name":"Inicio","item":"https:\/\/patagoniambiental.com.ar\/info\/"},{"@type":"ListItem","position":2,"name":"Vestas expande los aerogeneradores de 4 MW para clima extremo"}]},{"@type":"WebSite","@id":"https:\/\/patagoniambiental.com.ar\/info\/#website","url":"https:\/\/patagoniambiental.com.ar\/info\/","name":"Patagonia Ambiental","description":"Monitoreo y an\u00e1lisis de la situaci\u00f3n geopol\u00edtica en el mundo y su implicancia en la Patagonia","publisher":{"@id":"https:\/\/patagoniambiental.com.ar\/info\/#organization"},"potentialAction":[{"@type":"SearchAction","target":{"@type":"EntryPoint","urlTemplate":"https:\/\/patagoniambiental.com.ar\/info\/?s={search_term_string}"},"query-input":{"@type":"PropertyValueSpecification","valueRequired":true,"valueName":"search_term_string"}}],"inLanguage":"es"},{"@type":"Organization","@id":"https:\/\/patagoniambiental.com.ar\/info\/#organization","name":"Patagonia Ambiental","url":"https:\/\/patagoniambiental.com.ar\/info\/","logo":{"@type":"ImageObject","inLanguage":"es","@id":"https:\/\/patagoniambiental.com.ar\/info\/#\/schema\/logo\/image\/","url":"https:\/\/patagoniambiental.com.ar\/info\/wp-content\/uploads\/2025\/05\/LOGO-PATAGONIA-AMBIENTAL.png","contentUrl":"https:\/\/patagoniambiental.com.ar\/info\/wp-content\/uploads\/2025\/05\/LOGO-PATAGONIA-AMBIENTAL.png","width":433,"height":250,"caption":"Patagonia Ambiental"},"image":{"@id":"https:\/\/patagoniambiental.com.ar\/info\/#\/schema\/logo\/image\/"},"sameAs":["https:\/\/www.facebook.com\/patagonia.ambiental","https:\/\/x.com\/PatAmb"]},{"@type":"Person","@id":"https:\/\/patagoniambiental.com.ar\/info\/#\/schema\/person\/db12bff64bbcbf6a253710bf0ea37b5d","name":"Patagonia Ambiental","description":"Andr\u00e9s Nievas T\u00e9cnico en manejo ambiental, consultor Ambiental y escritor para medios locales e internacionales sobre temas de geopolitica y medio ambiente.","sameAs":["http:\/\/www.patagoniambiental.com.ar","https:\/\/www.facebook.com\/share\/1C1V8Gv9BX\/?mibextid=qi2Omg","@patagoniambiental","https:\/\/youtube.com\/@patagoniaambiental2023?si=BLt58t0wuXquxlYZ"]}]}},"_links":{"self":[{"href":"https:\/\/patagoniambiental.com.ar\/info\/wp-json\/wp\/v2\/posts\/59346","targetHints":{"allow":["GET"]}}],"collection":[{"href":"https:\/\/patagoniambiental.com.ar\/info\/wp-json\/wp\/v2\/posts"}],"about":[{"href":"https:\/\/patagoniambiental.com.ar\/info\/wp-json\/wp\/v2\/types\/post"}],"author":[{"embeddable":true,"href":"https:\/\/patagoniambiental.com.ar\/info\/wp-json\/wp\/v2\/users\/2"}],"replies":[{"embeddable":true,"href":"https:\/\/patagoniambiental.com.ar\/info\/wp-json\/wp\/v2\/comments?post=59346"}],"version-history":[{"count":0,"href":"https:\/\/patagoniambiental.com.ar\/info\/wp-json\/wp\/v2\/posts\/59346\/revisions"}],"wp:featuredmedia":[{"embeddable":true,"href":"https:\/\/patagoniambiental.com.ar\/info\/wp-json\/wp\/v2\/media\/59347"}],"wp:attachment":[{"href":"https:\/\/patagoniambiental.com.ar\/info\/wp-json\/wp\/v2\/media?parent=59346"}],"wp:term":[{"taxonomy":"category","embeddable":true,"href":"https:\/\/patagoniambiental.com.ar\/info\/wp-json\/wp\/v2\/categories?post=59346"},{"taxonomy":"post_tag","embeddable":true,"href":"https:\/\/patagoniambiental.com.ar\/info\/wp-json\/wp\/v2\/tags?post=59346"}],"curies":[{"name":"wp","href":"https:\/\/api.w.org\/{rel}","templated":true}]}}