{"id":59349,"date":"2019-03-02T09:00:44","date_gmt":"2019-03-02T12:00:44","guid":{"rendered":"http:\/\/patagoniambiental.com.ar\/info\/?p=59349"},"modified":"2019-03-02T12:17:31","modified_gmt":"2019-03-02T15:17:31","slug":"rionegro-participo-de-eleccion-de-las-nuevas-autoridades-del-cofema","status":"publish","type":"post","link":"https:\/\/patagoniambiental.com.ar\/info\/rionegro-participo-de-eleccion-de-las-nuevas-autoridades-del-cofema\/","title":{"rendered":"R\u00edoNegro particip\u00f3 de elecci\u00f3n de las nuevas autoridades del COFEMA"},"content":{"rendered":"<p>CABA.-En el marco de la Asamblea Ordinaria N\u00b0 90 del Consejo Federal de Medio Ambiente (COFEMA), que se realiz\u00f3 el mi\u00e9rcoles 27 de febrero en Capital Federal, Ministros y autoridades de Ambiente de las 23 provincias y la Ciudad Aut\u00f3noma de Buenos Aires (CABA) eligieron las nuevas autoridades para ejercer el mandato 2019.<\/p>\n<p><!--more--><\/p>\n<p>Durante la jornada tambi\u00e9n se definieron los representantes regionales y las comisiones de trabajo, donde R\u00edo Negro luego de tres a\u00f1os consecutivos de presidir la Comisi\u00f3n de Educaci\u00f3n Ambiental fue elegida como alterna, cediendo la presidencia a San Luis. Adem\u00e1s se estableci\u00f3 la agenda de este a\u00f1o.<\/p>\n<p><img fetchpriority=\"high\" decoding=\"async\" class=\"size-medium wp-image-59350 alignleft\" src=\"https:\/\/patagoniambiental.com.ar\/info\/wp-content\/uploads\/2019\/03\/53142897_2288485738139126_2016489116861988864_n-600x450.jpg\" alt=\"\" width=\"600\" height=\"450\" \/><\/p>\n<p>La asamblea fue presidida por el secretario de Gobierno de Ambiente y Desarrollo Sostenible de la Naci\u00f3n, Sergio Bergman.<\/p>\n<p>Luego de algunas postulaciones fueron elegidos para los cargos de presidente y vicepresidente la f\u00f3rmula constituida por Mar\u00eda In\u00e9s Zigar\u00e1n, actual ministra de Ambiente de Jujuy, y Santiago Azulay Cordero, secretario de Ambiente de La Rioja.<\/p>\n<p>A su vez, la secretaria de Ambiente de la provincia, Dina Migani, particip\u00f3 de una reuni\u00f3n convocada por la Secretar\u00eda de Gobierno de Ambiente y Desarrollo Sostenible, quienes en cumplimiento de la normativa vigente en materia de fauna silvestre y en su car\u00e1cter de autoridad administrativa y cient\u00edfica de la Convenci\u00f3n sobre el Comercio Internacional de Especies Amenazadas de Fauna y Flora Silvestres (CITES), han elaborado una propuesta para el manejo sostenible del Guanaco, basada en los resultados alcanzados por la aplicaci\u00f3n del Plan Nacional de Manejo del Guanaco, aprobado en 2006 y los resultados obtenidos en la Prueba Piloto desarrollada durante 2018 en la Provincia de Santa Cruz.<\/p>\n<p>Consejo Federal de Medio Ambiente<\/p>\n<p>El nucleamiento ambiental de Argentina (COFEMA) fue creado en 1990 en la ciudad de La Rioja. Es un organismo federal que aborda las problem\u00e1ticas y soluciones del ambiente, formulando una pol\u00edtica ambiental integral, tanto en lo preventivo como en el aspecto correctivo.<\/p>\n<p>Se encarga de coordinar estrategias y programas de gestiones regionales y nacionales formula pol\u00edticas de conservaci\u00f3n de los recursos del medio ambiente y promueve la planificaci\u00f3n del crecimiento y desarrollo econ\u00f3mico con equidad social en armon\u00eda con el medio ambiente.<\/p>\n<p>Entre sus funciones m\u00e1s destacadas, difunde la noci\u00f3n de que la responsabilidad de preservar el ambiente debe ser compartida por comunidad y estado y promueve el ordenamiento administrativo para la estrategia y gesti\u00f3n ambiental en la naci\u00f3n, provincias y municipios as\u00ed como gestiona el financiamiento internacional de proyectos ambientales.<\/p>\n<p>Fuente: SA y DS de Rio Negro<\/p>\n","protected":false},"excerpt":{"rendered":"<p>CABA.-En el marco de la Asamblea Ordinaria N\u00b0 90 del Consejo Federal de Medio Ambiente (COFEMA), que se realiz\u00f3 el [&hellip;]<\/p>\n","protected":false},"author":2,"featured_media":59351,"comment_status":"open","ping_status":"open","sticky":false,"template":"","format":"standard","meta":{"site-sidebar-layout":"default","site-content-layout":"","ast-site-content-layout":"default","site-content-style":"default","site-sidebar-style":"default","ast-global-header-display":"","ast-banner-title-visibility":"","ast-main-header-display":"","ast-hfb-above-header-display":"","ast-hfb-below-header-display":"","ast-hfb-mobile-header-display":"","site-post-title":"","ast-breadcrumbs-content":"","ast-featured-img":"","footer-sml-layout":"","ast-disable-related-posts":"","theme-transparent-header-meta":"","adv-header-id-meta":"","stick-header-meta":"","header-above-stick-meta":"","header-main-stick-meta":"","header-below-stick-meta":"","astra-migrate-meta-layouts":"default","ast-page-background-enabled":"default","ast-page-background-meta":{"desktop":{"background-color":"var(--ast-global-color-5)","background-image":"","background-repeat":"repeat","background-position":"center center","background-size":"auto","background-attachment":"scroll","background-type":"","background-media":"","overlay-type":"","overlay-color":"","overlay-opacity":"","overlay-gradient":""},"tablet":{"background-color":"","background-image":"","background-repeat":"repeat","background-position":"center center","background-size":"auto","background-attachment":"scroll","background-type":"","background-media":"","overlay-type":"","overlay-color":"","overlay-opacity":"","overlay-gradient":""},"mobile":{"background-color":"","background-image":"","background-repeat":"repeat","background-position":"center center","background-size":"auto","background-attachment":"scroll","background-type":"","background-media":"","overlay-type":"","overlay-color":"","overlay-opacity":"","overlay-gradient":""}},"ast-content-background-meta":{"desktop":{"background-color":"var(--ast-global-color-4)","background-image":"","background-repeat":"repeat","background-position":"center center","background-size":"auto","background-attachment":"scroll","background-type":"","background-media":"","overlay-type":"","overlay-color":"","overlay-opacity":"","overlay-gradient":""},"tablet":{"background-color":"var(--ast-global-color-4)","background-image":"","background-repeat":"repeat","background-position":"center center","background-size":"auto","background-attachment":"scroll","background-type":"","background-media":"","overlay-type":"","overlay-color":"","overlay-opacity":"","overlay-gradient":""},"mobile":{"background-color":"var(--ast-global-color-4)","background-image":"","background-repeat":"repeat","background-position":"center center","background-size":"auto","background-attachment":"scroll","background-type":"","background-media":"","overlay-type":"","overlay-color":"","overlay-opacity":"","overlay-gradient":""}},"footnotes":""},"categories":[1,13,14],"tags":[],"class_list":["post-59349","post","type-post","status-publish","format-standard","has-post-thumbnail","hentry","category-noticias","category-provinciales","category-rio-negro"],"yoast_head":"<!-- This site is optimized with the Yoast SEO Premium plugin v23.0 (Yoast SEO v27.4) - https:\/\/yoast.com\/product\/yoast-seo-premium-wordpress\/ -->\n<title>R\u00edoNegro particip\u00f3 de elecci\u00f3n de las nuevas autoridades del COFEMA<\/title>\n<meta name=\"robots\" content=\"index, follow, max-snippet:-1, max-image-preview:large, max-video-preview:-1\" \/>\n<link rel=\"canonical\" href=\"https:\/\/patagoniambiental.com.ar\/info\/rionegro-participo-de-eleccion-de-las-nuevas-autoridades-del-cofema\/\" \/>\n<meta property=\"og:locale\" content=\"es_ES\" \/>\n<meta property=\"og:type\" content=\"article\" \/>\n<meta property=\"og:title\" content=\"R\u00edoNegro particip\u00f3 de elecci\u00f3n de las nuevas autoridades del COFEMA\" \/>\n<meta property=\"og:description\" content=\"CABA.-En el marco de la Asamblea Ordinaria N\u00b0 90 del Consejo Federal de Medio Ambiente (COFEMA), que se realiz\u00f3 el [&hellip;]\" \/>\n<meta property=\"og:url\" content=\"https:\/\/patagoniambiental.com.ar\/info\/rionegro-participo-de-eleccion-de-las-nuevas-autoridades-del-cofema\/\" \/>\n<meta property=\"og:site_name\" content=\"Patagonia Ambiental\" \/>\n<meta property=\"article:publisher\" content=\"https:\/\/www.facebook.com\/patagonia.ambiental\" \/>\n<meta property=\"article:author\" content=\"https:\/\/www.facebook.com\/share\/1C1V8Gv9BX\/?mibextid=qi2Omg\" \/>\n<meta property=\"article:published_time\" content=\"2019-03-02T12:00:44+00:00\" \/>\n<meta property=\"article:modified_time\" content=\"2019-03-02T15:17:31+00:00\" \/>\n<meta property=\"og:image\" content=\"https:\/\/patagoniambiental.com.ar\/info\/wp-content\/uploads\/2019\/03\/53150270_2288485728139127_1704135206488768512_n.jpg\" \/>\n\t<meta property=\"og:image:width\" content=\"960\" \/>\n\t<meta property=\"og:image:height\" content=\"720\" \/>\n\t<meta property=\"og:image:type\" content=\"image\/jpeg\" \/>\n<meta name=\"author\" content=\"Patagonia Ambiental\" \/>\n<meta name=\"twitter:card\" content=\"summary_large_image\" \/>\n<meta name=\"twitter:creator\" content=\"@PatAmb\" \/>\n<meta name=\"twitter:site\" content=\"@PatAmb\" \/>\n<script type=\"application\/ld+json\" class=\"yoast-schema-graph\">{\"@context\":\"https:\\\/\\\/schema.org\",\"@graph\":[{\"@type\":\"Article\",\"@id\":\"https:\\\/\\\/patagoniambiental.com.ar\\\/info\\\/rionegro-participo-de-eleccion-de-las-nuevas-autoridades-del-cofema\\\/#article\",\"isPartOf\":{\"@id\":\"https:\\\/\\\/patagoniambiental.com.ar\\\/info\\\/rionegro-participo-de-eleccion-de-las-nuevas-autoridades-del-cofema\\\/\"},\"author\":{\"name\":\"Patagonia Ambiental\",\"@id\":\"https:\\\/\\\/patagoniambiental.com.ar\\\/info\\\/#\\\/schema\\\/person\\\/db12bff64bbcbf6a253710bf0ea37b5d\"},\"headline\":\"R\u00edoNegro particip\u00f3 de elecci\u00f3n de las nuevas autoridades del COFEMA\",\"datePublished\":\"2019-03-02T12:00:44+00:00\",\"dateModified\":\"2019-03-02T15:17:31+00:00\",\"mainEntityOfPage\":{\"@id\":\"https:\\\/\\\/patagoniambiental.com.ar\\\/info\\\/rionegro-participo-de-eleccion-de-las-nuevas-autoridades-del-cofema\\\/\"},\"wordCount\":444,\"commentCount\":0,\"publisher\":{\"@id\":\"https:\\\/\\\/patagoniambiental.com.ar\\\/info\\\/#organization\"},\"image\":{\"@id\":\"https:\\\/\\\/patagoniambiental.com.ar\\\/info\\\/rionegro-participo-de-eleccion-de-las-nuevas-autoridades-del-cofema\\\/#primaryimage\"},\"thumbnailUrl\":\"https:\\\/\\\/patagoniambiental.com.ar\\\/info\\\/wp-content\\\/uploads\\\/2019\\\/03\\\/53150270_2288485728139127_1704135206488768512_n.jpg\",\"articleSection\":[\"Noticias\",\"Provinciales\",\"R\u00edo Negro\"],\"inLanguage\":\"es\",\"potentialAction\":[{\"@type\":\"CommentAction\",\"name\":\"Comment\",\"target\":[\"https:\\\/\\\/patagoniambiental.com.ar\\\/info\\\/rionegro-participo-de-eleccion-de-las-nuevas-autoridades-del-cofema\\\/#respond\"]}]},{\"@type\":\"WebPage\",\"@id\":\"https:\\\/\\\/patagoniambiental.com.ar\\\/info\\\/rionegro-participo-de-eleccion-de-las-nuevas-autoridades-del-cofema\\\/\",\"url\":\"https:\\\/\\\/patagoniambiental.com.ar\\\/info\\\/rionegro-participo-de-eleccion-de-las-nuevas-autoridades-del-cofema\\\/\",\"name\":\"R\u00edoNegro particip\u00f3 de elecci\u00f3n de las nuevas autoridades del COFEMA\",\"isPartOf\":{\"@id\":\"https:\\\/\\\/patagoniambiental.com.ar\\\/info\\\/#website\"},\"primaryImageOfPage\":{\"@id\":\"https:\\\/\\\/patagoniambiental.com.ar\\\/info\\\/rionegro-participo-de-eleccion-de-las-nuevas-autoridades-del-cofema\\\/#primaryimage\"},\"image\":{\"@id\":\"https:\\\/\\\/patagoniambiental.com.ar\\\/info\\\/rionegro-participo-de-eleccion-de-las-nuevas-autoridades-del-cofema\\\/#primaryimage\"},\"thumbnailUrl\":\"https:\\\/\\\/patagoniambiental.com.ar\\\/info\\\/wp-content\\\/uploads\\\/2019\\\/03\\\/53150270_2288485728139127_1704135206488768512_n.jpg\",\"datePublished\":\"2019-03-02T12:00:44+00:00\",\"dateModified\":\"2019-03-02T15:17:31+00:00\",\"breadcrumb\":{\"@id\":\"https:\\\/\\\/patagoniambiental.com.ar\\\/info\\\/rionegro-participo-de-eleccion-de-las-nuevas-autoridades-del-cofema\\\/#breadcrumb\"},\"inLanguage\":\"es\",\"potentialAction\":[{\"@type\":\"ReadAction\",\"target\":[\"https:\\\/\\\/patagoniambiental.com.ar\\\/info\\\/rionegro-participo-de-eleccion-de-las-nuevas-autoridades-del-cofema\\\/\"]}]},{\"@type\":\"ImageObject\",\"inLanguage\":\"es\",\"@id\":\"https:\\\/\\\/patagoniambiental.com.ar\\\/info\\\/rionegro-participo-de-eleccion-de-las-nuevas-autoridades-del-cofema\\\/#primaryimage\",\"url\":\"https:\\\/\\\/patagoniambiental.com.ar\\\/info\\\/wp-content\\\/uploads\\\/2019\\\/03\\\/53150270_2288485728139127_1704135206488768512_n.jpg\",\"contentUrl\":\"https:\\\/\\\/patagoniambiental.com.ar\\\/info\\\/wp-content\\\/uploads\\\/2019\\\/03\\\/53150270_2288485728139127_1704135206488768512_n.jpg\",\"width\":800,\"height\":600},{\"@type\":\"BreadcrumbList\",\"@id\":\"https:\\\/\\\/patagoniambiental.com.ar\\\/info\\\/rionegro-participo-de-eleccion-de-las-nuevas-autoridades-del-cofema\\\/#breadcrumb\",\"itemListElement\":[{\"@type\":\"ListItem\",\"position\":1,\"name\":\"Inicio\",\"item\":\"https:\\\/\\\/patagoniambiental.com.ar\\\/info\\\/\"},{\"@type\":\"ListItem\",\"position\":2,\"name\":\"R\u00edoNegro particip\u00f3 de elecci\u00f3n de las nuevas autoridades del COFEMA\"}]},{\"@type\":\"WebSite\",\"@id\":\"https:\\\/\\\/patagoniambiental.com.ar\\\/info\\\/#website\",\"url\":\"https:\\\/\\\/patagoniambiental.com.ar\\\/info\\\/\",\"name\":\"Patagonia Ambiental\",\"description\":\"Monitoreo y an\u00e1lisis de la situaci\u00f3n geopol\u00edtica en el mundo y su implicancia en la Patagonia\",\"publisher\":{\"@id\":\"https:\\\/\\\/patagoniambiental.com.ar\\\/info\\\/#organization\"},\"potentialAction\":[{\"@type\":\"SearchAction\",\"target\":{\"@type\":\"EntryPoint\",\"urlTemplate\":\"https:\\\/\\\/patagoniambiental.com.ar\\\/info\\\/?s={search_term_string}\"},\"query-input\":{\"@type\":\"PropertyValueSpecification\",\"valueRequired\":true,\"valueName\":\"search_term_string\"}}],\"inLanguage\":\"es\"},{\"@type\":\"Organization\",\"@id\":\"https:\\\/\\\/patagoniambiental.com.ar\\\/info\\\/#organization\",\"name\":\"Patagonia Ambiental\",\"url\":\"https:\\\/\\\/patagoniambiental.com.ar\\\/info\\\/\",\"logo\":{\"@type\":\"ImageObject\",\"inLanguage\":\"es\",\"@id\":\"https:\\\/\\\/patagoniambiental.com.ar\\\/info\\\/#\\\/schema\\\/logo\\\/image\\\/\",\"url\":\"https:\\\/\\\/patagoniambiental.com.ar\\\/info\\\/wp-content\\\/uploads\\\/2025\\\/05\\\/LOGO-PATAGONIA-AMBIENTAL.png\",\"contentUrl\":\"https:\\\/\\\/patagoniambiental.com.ar\\\/info\\\/wp-content\\\/uploads\\\/2025\\\/05\\\/LOGO-PATAGONIA-AMBIENTAL.png\",\"width\":433,\"height\":250,\"caption\":\"Patagonia Ambiental\"},\"image\":{\"@id\":\"https:\\\/\\\/patagoniambiental.com.ar\\\/info\\\/#\\\/schema\\\/logo\\\/image\\\/\"},\"sameAs\":[\"https:\\\/\\\/www.facebook.com\\\/patagonia.ambiental\",\"https:\\\/\\\/x.com\\\/PatAmb\"]},{\"@type\":\"Person\",\"@id\":\"https:\\\/\\\/patagoniambiental.com.ar\\\/info\\\/#\\\/schema\\\/person\\\/db12bff64bbcbf6a253710bf0ea37b5d\",\"name\":\"Patagonia Ambiental\",\"description\":\"Andr\u00e9s Nievas T\u00e9cnico en manejo ambiental, consultor Ambiental y escritor para medios locales e internacionales sobre temas de geopolitica y medio ambiente.\",\"sameAs\":[\"http:\\\/\\\/www.patagoniambiental.com.ar\",\"https:\\\/\\\/www.facebook.com\\\/share\\\/1C1V8Gv9BX\\\/?mibextid=qi2Omg\",\"@patagoniambiental\",\"https:\\\/\\\/youtube.com\\\/@patagoniaambiental2023?si=BLt58t0wuXquxlYZ\"]}]}<\/script>\n<!-- \/ Yoast SEO Premium plugin. -->","yoast_head_json":{"title":"R\u00edoNegro particip\u00f3 de elecci\u00f3n de las nuevas autoridades del COFEMA","robots":{"index":"index","follow":"follow","max-snippet":"max-snippet:-1","max-image-preview":"max-image-preview:large","max-video-preview":"max-video-preview:-1"},"canonical":"https:\/\/patagoniambiental.com.ar\/info\/rionegro-participo-de-eleccion-de-las-nuevas-autoridades-del-cofema\/","og_locale":"es_ES","og_type":"article","og_title":"R\u00edoNegro particip\u00f3 de elecci\u00f3n de las nuevas autoridades del COFEMA","og_description":"CABA.-En el marco de la Asamblea Ordinaria N\u00b0 90 del Consejo Federal de Medio Ambiente (COFEMA), que se realiz\u00f3 el [&hellip;]","og_url":"https:\/\/patagoniambiental.com.ar\/info\/rionegro-participo-de-eleccion-de-las-nuevas-autoridades-del-cofema\/","og_site_name":"Patagonia Ambiental","article_publisher":"https:\/\/www.facebook.com\/patagonia.ambiental","article_author":"https:\/\/www.facebook.com\/share\/1C1V8Gv9BX\/?mibextid=qi2Omg","article_published_time":"2019-03-02T12:00:44+00:00","article_modified_time":"2019-03-02T15:17:31+00:00","og_image":[{"width":960,"height":720,"url":"https:\/\/patagoniambiental.com.ar\/info\/wp-content\/uploads\/2019\/03\/53150270_2288485728139127_1704135206488768512_n.jpg","type":"image\/jpeg"}],"author":"Patagonia Ambiental","twitter_card":"summary_large_image","twitter_creator":"@PatAmb","twitter_site":"@PatAmb","schema":{"@context":"https:\/\/schema.org","@graph":[{"@type":"Article","@id":"https:\/\/patagoniambiental.com.ar\/info\/rionegro-participo-de-eleccion-de-las-nuevas-autoridades-del-cofema\/#article","isPartOf":{"@id":"https:\/\/patagoniambiental.com.ar\/info\/rionegro-participo-de-eleccion-de-las-nuevas-autoridades-del-cofema\/"},"author":{"name":"Patagonia Ambiental","@id":"https:\/\/patagoniambiental.com.ar\/info\/#\/schema\/person\/db12bff64bbcbf6a253710bf0ea37b5d"},"headline":"R\u00edoNegro particip\u00f3 de elecci\u00f3n de las nuevas autoridades del COFEMA","datePublished":"2019-03-02T12:00:44+00:00","dateModified":"2019-03-02T15:17:31+00:00","mainEntityOfPage":{"@id":"https:\/\/patagoniambiental.com.ar\/info\/rionegro-participo-de-eleccion-de-las-nuevas-autoridades-del-cofema\/"},"wordCount":444,"commentCount":0,"publisher":{"@id":"https:\/\/patagoniambiental.com.ar\/info\/#organization"},"image":{"@id":"https:\/\/patagoniambiental.com.ar\/info\/rionegro-participo-de-eleccion-de-las-nuevas-autoridades-del-cofema\/#primaryimage"},"thumbnailUrl":"https:\/\/patagoniambiental.com.ar\/info\/wp-content\/uploads\/2019\/03\/53150270_2288485728139127_1704135206488768512_n.jpg","articleSection":["Noticias","Provinciales","R\u00edo Negro"],"inLanguage":"es","potentialAction":[{"@type":"CommentAction","name":"Comment","target":["https:\/\/patagoniambiental.com.ar\/info\/rionegro-participo-de-eleccion-de-las-nuevas-autoridades-del-cofema\/#respond"]}]},{"@type":"WebPage","@id":"https:\/\/patagoniambiental.com.ar\/info\/rionegro-participo-de-eleccion-de-las-nuevas-autoridades-del-cofema\/","url":"https:\/\/patagoniambiental.com.ar\/info\/rionegro-participo-de-eleccion-de-las-nuevas-autoridades-del-cofema\/","name":"R\u00edoNegro particip\u00f3 de elecci\u00f3n de las nuevas autoridades del COFEMA","isPartOf":{"@id":"https:\/\/patagoniambiental.com.ar\/info\/#website"},"primaryImageOfPage":{"@id":"https:\/\/patagoniambiental.com.ar\/info\/rionegro-participo-de-eleccion-de-las-nuevas-autoridades-del-cofema\/#primaryimage"},"image":{"@id":"https:\/\/patagoniambiental.com.ar\/info\/rionegro-participo-de-eleccion-de-las-nuevas-autoridades-del-cofema\/#primaryimage"},"thumbnailUrl":"https:\/\/patagoniambiental.com.ar\/info\/wp-content\/uploads\/2019\/03\/53150270_2288485728139127_1704135206488768512_n.jpg","datePublished":"2019-03-02T12:00:44+00:00","dateModified":"2019-03-02T15:17:31+00:00","breadcrumb":{"@id":"https:\/\/patagoniambiental.com.ar\/info\/rionegro-participo-de-eleccion-de-las-nuevas-autoridades-del-cofema\/#breadcrumb"},"inLanguage":"es","potentialAction":[{"@type":"ReadAction","target":["https:\/\/patagoniambiental.com.ar\/info\/rionegro-participo-de-eleccion-de-las-nuevas-autoridades-del-cofema\/"]}]},{"@type":"ImageObject","inLanguage":"es","@id":"https:\/\/patagoniambiental.com.ar\/info\/rionegro-participo-de-eleccion-de-las-nuevas-autoridades-del-cofema\/#primaryimage","url":"https:\/\/patagoniambiental.com.ar\/info\/wp-content\/uploads\/2019\/03\/53150270_2288485728139127_1704135206488768512_n.jpg","contentUrl":"https:\/\/patagoniambiental.com.ar\/info\/wp-content\/uploads\/2019\/03\/53150270_2288485728139127_1704135206488768512_n.jpg","width":800,"height":600},{"@type":"BreadcrumbList","@id":"https:\/\/patagoniambiental.com.ar\/info\/rionegro-participo-de-eleccion-de-las-nuevas-autoridades-del-cofema\/#breadcrumb","itemListElement":[{"@type":"ListItem","position":1,"name":"Inicio","item":"https:\/\/patagoniambiental.com.ar\/info\/"},{"@type":"ListItem","position":2,"name":"R\u00edoNegro particip\u00f3 de elecci\u00f3n de las nuevas autoridades del COFEMA"}]},{"@type":"WebSite","@id":"https:\/\/patagoniambiental.com.ar\/info\/#website","url":"https:\/\/patagoniambiental.com.ar\/info\/","name":"Patagonia Ambiental","description":"Monitoreo y an\u00e1lisis de la situaci\u00f3n geopol\u00edtica en el mundo y su implicancia en la Patagonia","publisher":{"@id":"https:\/\/patagoniambiental.com.ar\/info\/#organization"},"potentialAction":[{"@type":"SearchAction","target":{"@type":"EntryPoint","urlTemplate":"https:\/\/patagoniambiental.com.ar\/info\/?s={search_term_string}"},"query-input":{"@type":"PropertyValueSpecification","valueRequired":true,"valueName":"search_term_string"}}],"inLanguage":"es"},{"@type":"Organization","@id":"https:\/\/patagoniambiental.com.ar\/info\/#organization","name":"Patagonia Ambiental","url":"https:\/\/patagoniambiental.com.ar\/info\/","logo":{"@type":"ImageObject","inLanguage":"es","@id":"https:\/\/patagoniambiental.com.ar\/info\/#\/schema\/logo\/image\/","url":"https:\/\/patagoniambiental.com.ar\/info\/wp-content\/uploads\/2025\/05\/LOGO-PATAGONIA-AMBIENTAL.png","contentUrl":"https:\/\/patagoniambiental.com.ar\/info\/wp-content\/uploads\/2025\/05\/LOGO-PATAGONIA-AMBIENTAL.png","width":433,"height":250,"caption":"Patagonia Ambiental"},"image":{"@id":"https:\/\/patagoniambiental.com.ar\/info\/#\/schema\/logo\/image\/"},"sameAs":["https:\/\/www.facebook.com\/patagonia.ambiental","https:\/\/x.com\/PatAmb"]},{"@type":"Person","@id":"https:\/\/patagoniambiental.com.ar\/info\/#\/schema\/person\/db12bff64bbcbf6a253710bf0ea37b5d","name":"Patagonia Ambiental","description":"Andr\u00e9s Nievas T\u00e9cnico en manejo ambiental, consultor Ambiental y escritor para medios locales e internacionales sobre temas de geopolitica y medio ambiente.","sameAs":["http:\/\/www.patagoniambiental.com.ar","https:\/\/www.facebook.com\/share\/1C1V8Gv9BX\/?mibextid=qi2Omg","@patagoniambiental","https:\/\/youtube.com\/@patagoniaambiental2023?si=BLt58t0wuXquxlYZ"]}]}},"_links":{"self":[{"href":"https:\/\/patagoniambiental.com.ar\/info\/wp-json\/wp\/v2\/posts\/59349","targetHints":{"allow":["GET"]}}],"collection":[{"href":"https:\/\/patagoniambiental.com.ar\/info\/wp-json\/wp\/v2\/posts"}],"about":[{"href":"https:\/\/patagoniambiental.com.ar\/info\/wp-json\/wp\/v2\/types\/post"}],"author":[{"embeddable":true,"href":"https:\/\/patagoniambiental.com.ar\/info\/wp-json\/wp\/v2\/users\/2"}],"replies":[{"embeddable":true,"href":"https:\/\/patagoniambiental.com.ar\/info\/wp-json\/wp\/v2\/comments?post=59349"}],"version-history":[{"count":0,"href":"https:\/\/patagoniambiental.com.ar\/info\/wp-json\/wp\/v2\/posts\/59349\/revisions"}],"wp:featuredmedia":[{"embeddable":true,"href":"https:\/\/patagoniambiental.com.ar\/info\/wp-json\/wp\/v2\/media\/59351"}],"wp:attachment":[{"href":"https:\/\/patagoniambiental.com.ar\/info\/wp-json\/wp\/v2\/media?parent=59349"}],"wp:term":[{"taxonomy":"category","embeddable":true,"href":"https:\/\/patagoniambiental.com.ar\/info\/wp-json\/wp\/v2\/categories?post=59349"},{"taxonomy":"post_tag","embeddable":true,"href":"https:\/\/patagoniambiental.com.ar\/info\/wp-json\/wp\/v2\/tags?post=59349"}],"curies":[{"name":"wp","href":"https:\/\/api.w.org\/{rel}","templated":true}]}}