{"id":59356,"date":"2019-03-04T09:00:20","date_gmt":"2019-03-04T12:00:20","guid":{"rendered":"http:\/\/patagoniambiental.com.ar\/info\/?p=59356"},"modified":"2019-03-02T12:29:51","modified_gmt":"2019-03-02T15:29:51","slug":"cada-vez-somos-mas-por-malvinas","status":"publish","type":"post","link":"https:\/\/patagoniambiental.com.ar\/info\/cada-vez-somos-mas-por-malvinas\/","title":{"rendered":"CADA VEZ SOMOS M\u00c1S POR MALVINAS\u00a0"},"content":{"rendered":"<div class=\"_1dwg _1w_m _q7o\">\n<div id=\"js_7v\" class=\"_5pbx userContent _3576\" data-ft=\"{&quot;tn&quot;:&quot;K&quot;}\">\n<div id=\"id_5c7aa080776c14d90507705\" class=\"text_exposed_root text_exposed\">\n<p>Tierra del Fuego, AIAS.-Presentamos la Ley ante los excombatientes que representan todas las provincias argentinas, en la Confederaci\u00f3n Argentina de Combatientes y recibimos el apoyo de todos, para la presentaci\u00f3n de la Ley en el Congreso.<\/p>\n<p><!--more--><\/p>\n<p>Cada vez somos m\u00e1s, y continuamos con nuestro pedido de soberan\u00eda por las islas ocupadas ilegalmente. Sumate con tu firma para que seamos muchos m\u00e1s y compart\u00ed el link para llegar a cada rinc\u00f3n de la Argentina<span class=\"_5mfr\"><span class=\"_6qdm\">\ud83d\udc68\u200d\ud83d\udc69\u200d\ud83d\udc67\u200d\ud83d\udc66<\/span><\/span><span class=\"_5mfr\"><span class=\"_6qdm\">\ud83e\udd1d<\/span><\/span><\/p>\n<div class=\"text_exposed_show\">\u00a0<a href=\"https:\/\/l.facebook.com\/l.php?u=http%3A%2F%2Fchange.org%2Fleymalvinas%3Ffbclid%3DIwAR3FhyH06x-0fSylNCTlELLMVHk6XQoPuKDyGs_xXRl0-FtAMyMu8HTztfw&amp;h=AT0rfiTRplywd6Ry_gsFKsJA8MXKgkRCZhaQmeZ_KPPlZLkfzdmNABJqUivh7TqrHer2l2W8ets0yXNzxAwt7Gr9008kenSPz_HjHHoYh62wGNFSWenT-0fdATvCYy7En9fn_Q8yh2b0mFSafSjz_wKjlSvseZUaEQ__ey9_cSM817BfvuUVjvKVPhCOIOkMkUxwwJVaiNfEFSRynF8EXWif19IvEJ0M0Xcb9dndnM3Oo45ZdmwpCw92v1CfJnspfxux3AIWXKwfV67WDGSKe9pZgTerHi3b8NFhPO3lO8vlVVyDRqp3WSJGFwCmnw2OXRO8D5DLogZlmD1bDFlblR_wjk1X6djqYyqfHMAY6oCEMqKpgOC0TvJUXB6uy1F2W6fgwzxGifQbJ1QhFCcOoI7rxMs4ESddQfSM3MRK2W6_uZOJ9RTwSG0lozRKLJqe4kghE2aLxBJ1Ui2LDvfp3hTxYGvalavF77Xj4BeiKI1DvOQAwdj0m-mAyPD7uaUAdxDJML8T2X_CrBy0P06wvHuVKhIJWSiA4Ypje9iUDhukX2k0rhPtaD6-aom9IxvrsJtiajj0UXSrlBCz7nJ612F2UHeDX1U0gia2gAAa-o4Uz32n1t-GB-AS9wx7aElRoXL0\" target=\"_blank\" rel=\"noopener nofollow\" data-ft=\"{&quot;tn&quot;:&quot;-U&quot;}\" data-lynx-mode=\"async\">change.org\/leymalvinas<\/a><\/div>\n<\/div>\n<\/div>\n<div class=\"_3x-2\" data-ft=\"{&quot;tn&quot;:&quot;H&quot;}\">\n<div data-ft=\"{&quot;tn&quot;:&quot;H&quot;}\">\n<div class=\"mtm\">\n<div>\n<div class=\"_5cq3 _1ktf\" data-ft=\"{&quot;tn&quot;:&quot;E&quot;}\">\n<div id=\"u_14_d\" class=\"uiScaledImageContainer _4-ep\"><img fetchpriority=\"high\" decoding=\"async\" class=\"scaledImageFitHeight img\" src=\"https:\/\/scontent.faep1-1.fna.fbcdn.net\/v\/t1.0-0\/p526x296\/52833103_2167031610045864_3500585104302931968_n.jpg?_nc_cat=102&amp;_nc_eui2=AeEAasYeUHwNHT546-VCTiPMbILdURy6gXhVKVbJY2CJ_oMzW-S0UDtNuJPqw2lQVcucc6YepPo3VmQ6VUCBWZsfMdYW192RMVvOam3NwodMTg&amp;_nc_ht=scontent.faep1-1.fna&amp;oh=0d34eee30029b6f85609d1dde806151b&amp;oe=5CE267E0\" alt=\"La imagen puede contener: 27 personas, personas sonriendo, personas sentadas e interior\" width=\"501\" height=\"375\" \/><\/div>\n<\/div>\n<\/div>\n<\/div>\n<\/div>\n<\/div>\n<div><\/div>\n<\/div>\n<p>&nbsp;<\/p>\n<div>\n<form id=\"u_14_s\" class=\"commentable_item\" action=\"https:\/\/www.facebook.com\/ajax\/ufi\/modify.php\" method=\"post\" data-ft=\"{&quot;tn&quot;:&quot;]&quot;}\">\n<div class=\"_sa_ _gsd _fgm _5vsi _192z _1sz4 _1i6z\">\n<div class=\"_37uu\">\n<div class=\"_57w\">\n<div class=\"_3399 _1f6t _4_dr _20h5\">\n<div class=\"_524d\">\n<div class=\"_ipn clearfix _-5d\">\n<div class=\"_ipo\">\n<div class=\"_36_q\">Fuente. Gobierno de Tierra del Fuego, AIAS.-<\/div>\n<\/div>\n<div class=\"_1vaq\">\n<div class=\"_ipp\">\n<div class=\"_3t53 _4ar- _ipn\"><\/div>\n<\/div>\n<\/div>\n<\/div>\n<\/div>\n<\/div>\n<\/div>\n<\/div>\n<\/div>\n<\/form>\n<\/div>\n","protected":false},"excerpt":{"rendered":"<p>Tierra del Fuego, AIAS.-Presentamos la Ley ante los excombatientes que representan todas las provincias argentinas, en la Confederaci\u00f3n Argentina de [&hellip;]<\/p>\n","protected":false},"author":2,"featured_media":59357,"comment_status":"open","ping_status":"open","sticky":false,"template":"","format":"standard","meta":{"site-sidebar-layout":"default","site-content-layout":"","ast-site-content-layout":"default","site-content-style":"default","site-sidebar-style":"default","ast-global-header-display":"","ast-banner-title-visibility":"","ast-main-header-display":"","ast-hfb-above-header-display":"","ast-hfb-below-header-display":"","ast-hfb-mobile-header-display":"","site-post-title":"","ast-breadcrumbs-content":"","ast-featured-img":"","footer-sml-layout":"","ast-disable-related-posts":"","theme-transparent-header-meta":"","adv-header-id-meta":"","stick-header-meta":"","header-above-stick-meta":"","header-main-stick-meta":"","header-below-stick-meta":"","astra-migrate-meta-layouts":"default","ast-page-background-enabled":"default","ast-page-background-meta":{"desktop":{"background-color":"var(--ast-global-color-5)","background-image":"","background-repeat":"repeat","background-position":"center center","background-size":"auto","background-attachment":"scroll","background-type":"","background-media":"","overlay-type":"","overlay-color":"","overlay-opacity":"","overlay-gradient":""},"tablet":{"background-color":"","background-image":"","background-repeat":"repeat","background-position":"center center","background-size":"auto","background-attachment":"scroll","background-type":"","background-media":"","overlay-type":"","overlay-color":"","overlay-opacity":"","overlay-gradient":""},"mobile":{"background-color":"","background-image":"","background-repeat":"repeat","background-position":"center center","background-size":"auto","background-attachment":"scroll","background-type":"","background-media":"","overlay-type":"","overlay-color":"","overlay-opacity":"","overlay-gradient":""}},"ast-content-background-meta":{"desktop":{"background-color":"var(--ast-global-color-4)","background-image":"","background-repeat":"repeat","background-position":"center center","background-size":"auto","background-attachment":"scroll","background-type":"","background-media":"","overlay-type":"","overlay-color":"","overlay-opacity":"","overlay-gradient":""},"tablet":{"background-color":"var(--ast-global-color-4)","background-image":"","background-repeat":"repeat","background-position":"center center","background-size":"auto","background-attachment":"scroll","background-type":"","background-media":"","overlay-type":"","overlay-color":"","overlay-opacity":"","overlay-gradient":""},"mobile":{"background-color":"var(--ast-global-color-4)","background-image":"","background-repeat":"repeat","background-position":"center center","background-size":"auto","background-attachment":"scroll","background-type":"","background-media":"","overlay-type":"","overlay-color":"","overlay-opacity":"","overlay-gradient":""}},"footnotes":""},"categories":[1,13,25],"tags":[],"class_list":["post-59356","post","type-post","status-publish","format-standard","has-post-thumbnail","hentry","category-noticias","category-provinciales","category-tierra-del-fuego"],"yoast_head":"<!-- This site is optimized with the Yoast SEO Premium plugin v23.0 (Yoast SEO v27.4) - https:\/\/yoast.com\/product\/yoast-seo-premium-wordpress\/ -->\n<title>CADA VEZ SOMOS M\u00c1S POR MALVINAS\u00a0<\/title>\n<meta name=\"robots\" content=\"index, follow, max-snippet:-1, max-image-preview:large, max-video-preview:-1\" \/>\n<link rel=\"canonical\" href=\"https:\/\/patagoniambiental.com.ar\/info\/cada-vez-somos-mas-por-malvinas\/\" \/>\n<meta property=\"og:locale\" content=\"es_ES\" \/>\n<meta property=\"og:type\" content=\"article\" \/>\n<meta property=\"og:title\" content=\"CADA VEZ SOMOS M\u00c1S POR MALVINAS\u00a0\" \/>\n<meta property=\"og:description\" content=\"Tierra del Fuego, AIAS.-Presentamos la Ley ante los excombatientes que representan todas las provincias argentinas, en la Confederaci\u00f3n Argentina de [&hellip;]\" \/>\n<meta property=\"og:url\" content=\"https:\/\/patagoniambiental.com.ar\/info\/cada-vez-somos-mas-por-malvinas\/\" \/>\n<meta property=\"og:site_name\" content=\"Patagonia Ambiental\" \/>\n<meta property=\"article:publisher\" content=\"https:\/\/www.facebook.com\/patagonia.ambiental\" \/>\n<meta property=\"article:author\" content=\"https:\/\/www.facebook.com\/share\/1C1V8Gv9BX\/?mibextid=qi2Omg\" \/>\n<meta property=\"article:published_time\" content=\"2019-03-04T12:00:20+00:00\" \/>\n<meta property=\"og:image\" content=\"https:\/\/patagoniambiental.com.ar\/info\/wp-content\/uploads\/2019\/03\/52833103_2167031610045864_3500585104302931968_n.jpg\" \/>\n\t<meta property=\"og:image:width\" content=\"526\" \/>\n\t<meta property=\"og:image:height\" content=\"394\" \/>\n\t<meta property=\"og:image:type\" content=\"image\/jpeg\" \/>\n<meta name=\"author\" content=\"Patagonia Ambiental\" \/>\n<meta name=\"twitter:card\" content=\"summary_large_image\" \/>\n<meta name=\"twitter:creator\" content=\"@PatAmb\" \/>\n<meta name=\"twitter:site\" content=\"@PatAmb\" \/>\n<script type=\"application\/ld+json\" class=\"yoast-schema-graph\">{\"@context\":\"https:\\\/\\\/schema.org\",\"@graph\":[{\"@type\":\"Article\",\"@id\":\"https:\\\/\\\/patagoniambiental.com.ar\\\/info\\\/cada-vez-somos-mas-por-malvinas\\\/#article\",\"isPartOf\":{\"@id\":\"https:\\\/\\\/patagoniambiental.com.ar\\\/info\\\/cada-vez-somos-mas-por-malvinas\\\/\"},\"author\":{\"name\":\"Patagonia Ambiental\",\"@id\":\"https:\\\/\\\/patagoniambiental.com.ar\\\/info\\\/#\\\/schema\\\/person\\\/db12bff64bbcbf6a253710bf0ea37b5d\"},\"headline\":\"CADA VEZ SOMOS M\u00c1S POR MALVINAS\u00a0\",\"datePublished\":\"2019-03-04T12:00:20+00:00\",\"mainEntityOfPage\":{\"@id\":\"https:\\\/\\\/patagoniambiental.com.ar\\\/info\\\/cada-vez-somos-mas-por-malvinas\\\/\"},\"wordCount\":98,\"commentCount\":0,\"publisher\":{\"@id\":\"https:\\\/\\\/patagoniambiental.com.ar\\\/info\\\/#organization\"},\"image\":{\"@id\":\"https:\\\/\\\/patagoniambiental.com.ar\\\/info\\\/cada-vez-somos-mas-por-malvinas\\\/#primaryimage\"},\"thumbnailUrl\":\"https:\\\/\\\/patagoniambiental.com.ar\\\/info\\\/wp-content\\\/uploads\\\/2019\\\/03\\\/52833103_2167031610045864_3500585104302931968_n.jpg\",\"articleSection\":[\"Noticias\",\"Provinciales\",\"Tierra del Fuego\"],\"inLanguage\":\"es\",\"potentialAction\":[{\"@type\":\"CommentAction\",\"name\":\"Comment\",\"target\":[\"https:\\\/\\\/patagoniambiental.com.ar\\\/info\\\/cada-vez-somos-mas-por-malvinas\\\/#respond\"]}]},{\"@type\":\"WebPage\",\"@id\":\"https:\\\/\\\/patagoniambiental.com.ar\\\/info\\\/cada-vez-somos-mas-por-malvinas\\\/\",\"url\":\"https:\\\/\\\/patagoniambiental.com.ar\\\/info\\\/cada-vez-somos-mas-por-malvinas\\\/\",\"name\":\"CADA VEZ SOMOS M\u00c1S POR MALVINAS\u00a0\",\"isPartOf\":{\"@id\":\"https:\\\/\\\/patagoniambiental.com.ar\\\/info\\\/#website\"},\"primaryImageOfPage\":{\"@id\":\"https:\\\/\\\/patagoniambiental.com.ar\\\/info\\\/cada-vez-somos-mas-por-malvinas\\\/#primaryimage\"},\"image\":{\"@id\":\"https:\\\/\\\/patagoniambiental.com.ar\\\/info\\\/cada-vez-somos-mas-por-malvinas\\\/#primaryimage\"},\"thumbnailUrl\":\"https:\\\/\\\/patagoniambiental.com.ar\\\/info\\\/wp-content\\\/uploads\\\/2019\\\/03\\\/52833103_2167031610045864_3500585104302931968_n.jpg\",\"datePublished\":\"2019-03-04T12:00:20+00:00\",\"breadcrumb\":{\"@id\":\"https:\\\/\\\/patagoniambiental.com.ar\\\/info\\\/cada-vez-somos-mas-por-malvinas\\\/#breadcrumb\"},\"inLanguage\":\"es\",\"potentialAction\":[{\"@type\":\"ReadAction\",\"target\":[\"https:\\\/\\\/patagoniambiental.com.ar\\\/info\\\/cada-vez-somos-mas-por-malvinas\\\/\"]}]},{\"@type\":\"ImageObject\",\"inLanguage\":\"es\",\"@id\":\"https:\\\/\\\/patagoniambiental.com.ar\\\/info\\\/cada-vez-somos-mas-por-malvinas\\\/#primaryimage\",\"url\":\"https:\\\/\\\/patagoniambiental.com.ar\\\/info\\\/wp-content\\\/uploads\\\/2019\\\/03\\\/52833103_2167031610045864_3500585104302931968_n.jpg\",\"contentUrl\":\"https:\\\/\\\/patagoniambiental.com.ar\\\/info\\\/wp-content\\\/uploads\\\/2019\\\/03\\\/52833103_2167031610045864_3500585104302931968_n.jpg\",\"width\":526,\"height\":394},{\"@type\":\"BreadcrumbList\",\"@id\":\"https:\\\/\\\/patagoniambiental.com.ar\\\/info\\\/cada-vez-somos-mas-por-malvinas\\\/#breadcrumb\",\"itemListElement\":[{\"@type\":\"ListItem\",\"position\":1,\"name\":\"Inicio\",\"item\":\"https:\\\/\\\/patagoniambiental.com.ar\\\/info\\\/\"},{\"@type\":\"ListItem\",\"position\":2,\"name\":\"CADA VEZ SOMOS M\u00c1S POR MALVINAS\u00a0\"}]},{\"@type\":\"WebSite\",\"@id\":\"https:\\\/\\\/patagoniambiental.com.ar\\\/info\\\/#website\",\"url\":\"https:\\\/\\\/patagoniambiental.com.ar\\\/info\\\/\",\"name\":\"Patagonia Ambiental\",\"description\":\"Monitoreo y an\u00e1lisis de la situaci\u00f3n geopol\u00edtica en el mundo y su implicancia en la Patagonia\",\"publisher\":{\"@id\":\"https:\\\/\\\/patagoniambiental.com.ar\\\/info\\\/#organization\"},\"potentialAction\":[{\"@type\":\"SearchAction\",\"target\":{\"@type\":\"EntryPoint\",\"urlTemplate\":\"https:\\\/\\\/patagoniambiental.com.ar\\\/info\\\/?s={search_term_string}\"},\"query-input\":{\"@type\":\"PropertyValueSpecification\",\"valueRequired\":true,\"valueName\":\"search_term_string\"}}],\"inLanguage\":\"es\"},{\"@type\":\"Organization\",\"@id\":\"https:\\\/\\\/patagoniambiental.com.ar\\\/info\\\/#organization\",\"name\":\"Patagonia Ambiental\",\"url\":\"https:\\\/\\\/patagoniambiental.com.ar\\\/info\\\/\",\"logo\":{\"@type\":\"ImageObject\",\"inLanguage\":\"es\",\"@id\":\"https:\\\/\\\/patagoniambiental.com.ar\\\/info\\\/#\\\/schema\\\/logo\\\/image\\\/\",\"url\":\"https:\\\/\\\/patagoniambiental.com.ar\\\/info\\\/wp-content\\\/uploads\\\/2025\\\/05\\\/LOGO-PATAGONIA-AMBIENTAL.png\",\"contentUrl\":\"https:\\\/\\\/patagoniambiental.com.ar\\\/info\\\/wp-content\\\/uploads\\\/2025\\\/05\\\/LOGO-PATAGONIA-AMBIENTAL.png\",\"width\":433,\"height\":250,\"caption\":\"Patagonia Ambiental\"},\"image\":{\"@id\":\"https:\\\/\\\/patagoniambiental.com.ar\\\/info\\\/#\\\/schema\\\/logo\\\/image\\\/\"},\"sameAs\":[\"https:\\\/\\\/www.facebook.com\\\/patagonia.ambiental\",\"https:\\\/\\\/x.com\\\/PatAmb\"]},{\"@type\":\"Person\",\"@id\":\"https:\\\/\\\/patagoniambiental.com.ar\\\/info\\\/#\\\/schema\\\/person\\\/db12bff64bbcbf6a253710bf0ea37b5d\",\"name\":\"Patagonia Ambiental\",\"description\":\"Andr\u00e9s Nievas T\u00e9cnico en manejo ambiental, consultor Ambiental y escritor para medios locales e internacionales sobre temas de geopolitica y medio ambiente.\",\"sameAs\":[\"http:\\\/\\\/www.patagoniambiental.com.ar\",\"https:\\\/\\\/www.facebook.com\\\/share\\\/1C1V8Gv9BX\\\/?mibextid=qi2Omg\",\"@patagoniambiental\",\"https:\\\/\\\/youtube.com\\\/@patagoniaambiental2023?si=BLt58t0wuXquxlYZ\"]}]}<\/script>\n<!-- \/ Yoast SEO Premium plugin. -->","yoast_head_json":{"title":"CADA VEZ SOMOS M\u00c1S POR MALVINAS\u00a0","robots":{"index":"index","follow":"follow","max-snippet":"max-snippet:-1","max-image-preview":"max-image-preview:large","max-video-preview":"max-video-preview:-1"},"canonical":"https:\/\/patagoniambiental.com.ar\/info\/cada-vez-somos-mas-por-malvinas\/","og_locale":"es_ES","og_type":"article","og_title":"CADA VEZ SOMOS M\u00c1S POR MALVINAS\u00a0","og_description":"Tierra del Fuego, AIAS.-Presentamos la Ley ante los excombatientes que representan todas las provincias argentinas, en la Confederaci\u00f3n Argentina de [&hellip;]","og_url":"https:\/\/patagoniambiental.com.ar\/info\/cada-vez-somos-mas-por-malvinas\/","og_site_name":"Patagonia Ambiental","article_publisher":"https:\/\/www.facebook.com\/patagonia.ambiental","article_author":"https:\/\/www.facebook.com\/share\/1C1V8Gv9BX\/?mibextid=qi2Omg","article_published_time":"2019-03-04T12:00:20+00:00","og_image":[{"width":526,"height":394,"url":"https:\/\/patagoniambiental.com.ar\/info\/wp-content\/uploads\/2019\/03\/52833103_2167031610045864_3500585104302931968_n.jpg","type":"image\/jpeg"}],"author":"Patagonia Ambiental","twitter_card":"summary_large_image","twitter_creator":"@PatAmb","twitter_site":"@PatAmb","schema":{"@context":"https:\/\/schema.org","@graph":[{"@type":"Article","@id":"https:\/\/patagoniambiental.com.ar\/info\/cada-vez-somos-mas-por-malvinas\/#article","isPartOf":{"@id":"https:\/\/patagoniambiental.com.ar\/info\/cada-vez-somos-mas-por-malvinas\/"},"author":{"name":"Patagonia Ambiental","@id":"https:\/\/patagoniambiental.com.ar\/info\/#\/schema\/person\/db12bff64bbcbf6a253710bf0ea37b5d"},"headline":"CADA VEZ SOMOS M\u00c1S POR MALVINAS\u00a0","datePublished":"2019-03-04T12:00:20+00:00","mainEntityOfPage":{"@id":"https:\/\/patagoniambiental.com.ar\/info\/cada-vez-somos-mas-por-malvinas\/"},"wordCount":98,"commentCount":0,"publisher":{"@id":"https:\/\/patagoniambiental.com.ar\/info\/#organization"},"image":{"@id":"https:\/\/patagoniambiental.com.ar\/info\/cada-vez-somos-mas-por-malvinas\/#primaryimage"},"thumbnailUrl":"https:\/\/patagoniambiental.com.ar\/info\/wp-content\/uploads\/2019\/03\/52833103_2167031610045864_3500585104302931968_n.jpg","articleSection":["Noticias","Provinciales","Tierra del Fuego"],"inLanguage":"es","potentialAction":[{"@type":"CommentAction","name":"Comment","target":["https:\/\/patagoniambiental.com.ar\/info\/cada-vez-somos-mas-por-malvinas\/#respond"]}]},{"@type":"WebPage","@id":"https:\/\/patagoniambiental.com.ar\/info\/cada-vez-somos-mas-por-malvinas\/","url":"https:\/\/patagoniambiental.com.ar\/info\/cada-vez-somos-mas-por-malvinas\/","name":"CADA VEZ SOMOS M\u00c1S POR MALVINAS\u00a0","isPartOf":{"@id":"https:\/\/patagoniambiental.com.ar\/info\/#website"},"primaryImageOfPage":{"@id":"https:\/\/patagoniambiental.com.ar\/info\/cada-vez-somos-mas-por-malvinas\/#primaryimage"},"image":{"@id":"https:\/\/patagoniambiental.com.ar\/info\/cada-vez-somos-mas-por-malvinas\/#primaryimage"},"thumbnailUrl":"https:\/\/patagoniambiental.com.ar\/info\/wp-content\/uploads\/2019\/03\/52833103_2167031610045864_3500585104302931968_n.jpg","datePublished":"2019-03-04T12:00:20+00:00","breadcrumb":{"@id":"https:\/\/patagoniambiental.com.ar\/info\/cada-vez-somos-mas-por-malvinas\/#breadcrumb"},"inLanguage":"es","potentialAction":[{"@type":"ReadAction","target":["https:\/\/patagoniambiental.com.ar\/info\/cada-vez-somos-mas-por-malvinas\/"]}]},{"@type":"ImageObject","inLanguage":"es","@id":"https:\/\/patagoniambiental.com.ar\/info\/cada-vez-somos-mas-por-malvinas\/#primaryimage","url":"https:\/\/patagoniambiental.com.ar\/info\/wp-content\/uploads\/2019\/03\/52833103_2167031610045864_3500585104302931968_n.jpg","contentUrl":"https:\/\/patagoniambiental.com.ar\/info\/wp-content\/uploads\/2019\/03\/52833103_2167031610045864_3500585104302931968_n.jpg","width":526,"height":394},{"@type":"BreadcrumbList","@id":"https:\/\/patagoniambiental.com.ar\/info\/cada-vez-somos-mas-por-malvinas\/#breadcrumb","itemListElement":[{"@type":"ListItem","position":1,"name":"Inicio","item":"https:\/\/patagoniambiental.com.ar\/info\/"},{"@type":"ListItem","position":2,"name":"CADA VEZ SOMOS M\u00c1S POR MALVINAS\u00a0"}]},{"@type":"WebSite","@id":"https:\/\/patagoniambiental.com.ar\/info\/#website","url":"https:\/\/patagoniambiental.com.ar\/info\/","name":"Patagonia Ambiental","description":"Monitoreo y an\u00e1lisis de la situaci\u00f3n geopol\u00edtica en el mundo y su implicancia en la Patagonia","publisher":{"@id":"https:\/\/patagoniambiental.com.ar\/info\/#organization"},"potentialAction":[{"@type":"SearchAction","target":{"@type":"EntryPoint","urlTemplate":"https:\/\/patagoniambiental.com.ar\/info\/?s={search_term_string}"},"query-input":{"@type":"PropertyValueSpecification","valueRequired":true,"valueName":"search_term_string"}}],"inLanguage":"es"},{"@type":"Organization","@id":"https:\/\/patagoniambiental.com.ar\/info\/#organization","name":"Patagonia Ambiental","url":"https:\/\/patagoniambiental.com.ar\/info\/","logo":{"@type":"ImageObject","inLanguage":"es","@id":"https:\/\/patagoniambiental.com.ar\/info\/#\/schema\/logo\/image\/","url":"https:\/\/patagoniambiental.com.ar\/info\/wp-content\/uploads\/2025\/05\/LOGO-PATAGONIA-AMBIENTAL.png","contentUrl":"https:\/\/patagoniambiental.com.ar\/info\/wp-content\/uploads\/2025\/05\/LOGO-PATAGONIA-AMBIENTAL.png","width":433,"height":250,"caption":"Patagonia Ambiental"},"image":{"@id":"https:\/\/patagoniambiental.com.ar\/info\/#\/schema\/logo\/image\/"},"sameAs":["https:\/\/www.facebook.com\/patagonia.ambiental","https:\/\/x.com\/PatAmb"]},{"@type":"Person","@id":"https:\/\/patagoniambiental.com.ar\/info\/#\/schema\/person\/db12bff64bbcbf6a253710bf0ea37b5d","name":"Patagonia Ambiental","description":"Andr\u00e9s Nievas T\u00e9cnico en manejo ambiental, consultor Ambiental y escritor para medios locales e internacionales sobre temas de geopolitica y medio ambiente.","sameAs":["http:\/\/www.patagoniambiental.com.ar","https:\/\/www.facebook.com\/share\/1C1V8Gv9BX\/?mibextid=qi2Omg","@patagoniambiental","https:\/\/youtube.com\/@patagoniaambiental2023?si=BLt58t0wuXquxlYZ"]}]}},"_links":{"self":[{"href":"https:\/\/patagoniambiental.com.ar\/info\/wp-json\/wp\/v2\/posts\/59356","targetHints":{"allow":["GET"]}}],"collection":[{"href":"https:\/\/patagoniambiental.com.ar\/info\/wp-json\/wp\/v2\/posts"}],"about":[{"href":"https:\/\/patagoniambiental.com.ar\/info\/wp-json\/wp\/v2\/types\/post"}],"author":[{"embeddable":true,"href":"https:\/\/patagoniambiental.com.ar\/info\/wp-json\/wp\/v2\/users\/2"}],"replies":[{"embeddable":true,"href":"https:\/\/patagoniambiental.com.ar\/info\/wp-json\/wp\/v2\/comments?post=59356"}],"version-history":[{"count":0,"href":"https:\/\/patagoniambiental.com.ar\/info\/wp-json\/wp\/v2\/posts\/59356\/revisions"}],"wp:featuredmedia":[{"embeddable":true,"href":"https:\/\/patagoniambiental.com.ar\/info\/wp-json\/wp\/v2\/media\/59357"}],"wp:attachment":[{"href":"https:\/\/patagoniambiental.com.ar\/info\/wp-json\/wp\/v2\/media?parent=59356"}],"wp:term":[{"taxonomy":"category","embeddable":true,"href":"https:\/\/patagoniambiental.com.ar\/info\/wp-json\/wp\/v2\/categories?post=59356"},{"taxonomy":"post_tag","embeddable":true,"href":"https:\/\/patagoniambiental.com.ar\/info\/wp-json\/wp\/v2\/tags?post=59356"}],"curies":[{"name":"wp","href":"https:\/\/api.w.org\/{rel}","templated":true}]}}