{"id":59359,"date":"2019-03-05T09:00:53","date_gmt":"2019-03-05T12:00:53","guid":{"rendered":"http:\/\/patagoniambiental.com.ar\/info\/?p=59359"},"modified":"2019-03-05T09:30:21","modified_gmt":"2019-03-05T12:30:21","slug":"las-lajas-se-perfila-como-un-nuevo-polo-paleontologico","status":"publish","type":"post","link":"https:\/\/patagoniambiental.com.ar\/info\/las-lajas-se-perfila-como-un-nuevo-polo-paleontologico\/","title":{"rendered":"Las Lajas se perfila como un nuevo polo paleontol\u00f3gico"},"content":{"rendered":"<article id=\"article-post\" class=\"cat-rojo\">\n<header>\n<div class=\"row\">\n<div class=\"col-xs-12\">\n<p class=\"title\">Las Lajas.-Es a partir del descubrimiento del Pilmatueia faundezi. El dinosaurio herb\u00edvoro vivi\u00f3 en la zona hace unos 135 millones de a\u00f1os<\/p>\n<p><!--more--><\/p>\n<\/div>\n<\/div>\n<\/header>\n<div class=\"head-image thumb-wrap relative\">\n<div id=\"content-gallery\">\n<div id=\"fotogaleria-Object_3184_1797\" class=\"gallery\">\n<div class=\"col2\">\n<div class=\"image itemGallery classid554159\"><a title=\"\" href=\"https:\/\/media.lmneuquen.com\/adjuntos\/195\/imagenes\/003\/509\/0003509081.jpg\"><img fetchpriority=\"high\" decoding=\"async\" title=\"Las Lajas se perfila como un nuevo polo paleontol\u00f3gico\" src=\"https:\/\/media.lmneuquen.com\/adjuntos\/195\/imagenes\/003\/509\/0003509081.jpg\" alt=\"Las Lajas se perfila como un nuevo polo paleontol\u00f3gico\" width=\"770\" height=\"433\" \/><\/a><\/p>\n<div class=\"gallery-header\"><\/div>\n<\/div>\n<\/div>\n<div class=\"clearfix\"><\/div>\n<\/div>\n<\/div>\n<\/div>\n<div class=\"cuerpo\">\n<p><strong>POR FABIAN CARES \/ Especial<\/strong><\/p>\n<p>Apenas a un pu\u00f1ado de kil\u00f3metros de esta localidad ribere\u00f1a, un grupo de hombres y mujeres recortan sus siluetas en medio de una geograf\u00eda inh\u00f3spita hurgando con distintas herramientas entre la tierra y las piedras buscando vestigios de eras pasadas.<\/p>\n<\/div>\n<\/article>\n<p>&nbsp;<\/p>\n<p><!--more--><\/p>\n<div class=\"banner banner-floated clearfix\">\n<div class=\"banner-multiple-wrapper-3\">\n<div id=\"eplAdDivrichmedia01\"><iframe id=\"ifrc16bb0f8e2d862ab_af77e31bb44c6c7f\" src=\"about:blank\" name=\"ifrc16bb0f8e2d862ab_af77e31bb44c6c7f\" width=\"0px\" height=\"0px\" frameborder=\"0\" scrolling=\"no\" data-mce-fragment=\"1\"><\/iframe><\/p>\n<div id=\"divVideoExpandido\"><\/div>\n<\/div>\n<\/div>\n<\/div>\n<article id=\"article-post\" class=\"cat-rojo\">\n<div class=\"cuerpo\">\n<p>En el fondo del yacimiento un grupo de carpas y un tr\u00e1iler dan cuenta de que all\u00ed pasan sus d\u00edas estos exploradores de un mundo desconocido con el af\u00e1n de traer el pasado al presente con los tan ansiados restos paleontol\u00f3gicos.<\/p>\n<\/div>\n<\/article>\n<article id=\"article-post\" class=\"cat-rojo\">\n<div class=\"cuerpo\">\n<p>Estos trabajos y paisajes de pel\u00edcula se registraron d\u00edas atr\u00e1s en el paraje Pilmatue, ubicado a 9 km de esta localidad. All\u00ed por d\u00e9cimo a\u00f1o consecutivo una gran cantidad de profesionales de distintas partes del mundo trabaj\u00f3 en la excavaci\u00f3n y rescate de restos de\u00a0<a class=\"agrupador\" href=\"http:\/\/www.lmneuquen.com\/dinosaurios-a8173\" rel=\"8173\">dinosaurios<\/a>. Las rocas que afloran en este lugar son de la formaci\u00f3n Mulichinco y desde sus entra\u00f1as emergieron ejemplares muy interesantes de los cuales el a\u00f1o pasado ya se dio a conocer de manera oficial a uno. Se trata del Pilmatueia faundezi, un dinosaurio herb\u00edvoro que proviene de esas rocas y cuya antig\u00fcedad fue determinada unos 135 millones de a\u00f1os, seg\u00fan estudios cient\u00edficos.<\/p>\n<p>El trabajo que se realiz\u00f3 en este lugar se encuentra enmarcado en un proyecto internacional en donde hay participaci\u00f3n de especialistas en la materia provenientes de Espa\u00f1a, como el doctor Francisco Ortega. Tambi\u00e9n llegaron profesionales de China a trav\u00e9s de un convenio que se firm\u00f3 entre el museo de la provincia de Henan con el museo de Plaza Huincul. Adem\u00e1s, particip\u00f3 una voluntaria de Canad\u00e1 que ha integrado varias veces esta campa\u00f1a junto con otros colegas de la Universidad de Edmonton, y despu\u00e9s estudiantes de doctorados y graduados tanto de la Universidad de R\u00edo Negro como del Museo Carmen Funes de Plaza Huincul.<\/p>\n<div id=\"554158-Libre-721352442_wrap\" class=\"embed_cont type_imagen\">\n<div id=\"554158-Libre-721352442_content\" class=\"embed_content\"><img decoding=\"async\" id=\"554158-Libre-721352442_embed\" src=\"https:\/\/media.lmneuquen.com\/adjuntos\/195\/imagenes\/003\/509\/0003509070.jpg?0000-00-00-00-00-00\" alt=\"\" longdesc=\"https:\/\/media.lmneuquen.com\/adjuntos\/195\/imagenes\/003\/509\/0003509070.jpg?0000-00-00-00-00-00\" \/><\/div>\n<\/div>\n<p><strong>T\u00e9cnica<\/strong><\/p>\n<p>Respecto de los trabajos de excavaciones paleontol\u00f3gicas, Rodolfo Coria explic\u00f3: \u201cTenemos que excavar trincheras alrededor de los huesos que encontramos como para poder protegerlos con una c\u00e1psula de vendas enyesadas y que permite el traslado de los restos al museo para empezar su preparaci\u00f3n y tambi\u00e9n mucho despeje de superficies de suelo como para poder ver mejor determinados estratos geol\u00f3gicos que nos est\u00e1n interesando particularmente\u201d.<\/p>\n<p>Explic\u00f3 que se trata de dos niveles que han preservado bioturbaciones, es decir, actividad biol\u00f3gica en el sustrato que qued\u00f3 registrada a trav\u00e9s de marcas, por ejemplo por la acci\u00f3n de invertebrados que han ido excavando peque\u00f1os t\u00faneles en el barro. \u201cTambi\u00e9n rastros de animales m\u00e1s grandes que pueden ser dinosaurios en donde se han preservado sus huellas. El trabajo es intenso por el volumen del terreno y de suelo que hay que mover\u201d, indic\u00f3.<\/p>\n<p><strong>Patrimonio<\/strong><\/p>\n<p>Respecto de lo que lograron colectar a lo largo de la presente campa\u00f1a, Coria se\u00f1al\u00f3: \u201cTodo el material que se rescata en esta localidad forma parte del patrimonio paleontol\u00f3gico del museo local. Siempre llevamos material para depositar en ese lugar y para que quede en exposici\u00f3n, y hay otros materiales que los trasladamos al museo Carmen Funes para su trabajo y preparaci\u00f3n en el laboratorio y estudio por parte de paleont\u00f3logos hasta que el museo de Las Lajas instrumente tanto un laboratorio paleontol\u00f3gico como de profesionales a cargo de este tema. Pero ya hay varias cosas que est\u00e1n en el museo y muestras de esta campa\u00f1a ya las trasladamos al museo para que sean expuestas\u201d.<\/p>\n<div id=\"554191-Libre-1818821616_wrap\" class=\"embed_cont type_imagen\">\n<div id=\"554191-Libre-1818821616_content\" class=\"embed_content\"><img decoding=\"async\" id=\"554191-Libre-1818821616_embed\" src=\"https:\/\/media.lmneuquen.com\/adjuntos\/195\/imagenes\/003\/509\/0003509501.jpg?0000-00-00-00-00-00\" alt=\"\" longdesc=\"https:\/\/media.lmneuquen.com\/adjuntos\/195\/imagenes\/003\/509\/0003509501.jpg?0000-00-00-00-00-00\" \/><\/div>\n<\/div>\n<p><strong>Riqueza<\/strong><\/p>\n<p>Consultado respecto del posicionamiento de Las Lajas en el mundo de la paleontolog\u00eda con estos importantes hallazgos registrados, Coria se\u00f1al\u00f3 que la localidad de Pilmatue y estas rocas de la formaci\u00f3n Mulichinco \u201cson uno de los yacimientos con huesos de dinosaurios m\u00e1s interesantes y novedosos del pa\u00eds\u201d. \u201cLas formas de dinosaurios que estamos edificando son in\u00e9ditas y desconocidas en cualquier otra parte del mundo y la concentraci\u00f3n de materiales f\u00f3siles de distintos grupos de dinosaurios en el mismo estrato en una misma localidad es muy raro en el pa\u00eds, as\u00ed que Pilmatue es una localidad \u00fanica en este sentido\u201d, sostuvo. Tambi\u00e9n remarc\u00f3 que en estos diez a\u00f1os de trabajo los resultados alcanzados han sido m\u00e1s que satisfactorios.<\/p>\n<p>Coria destac\u00f3 el apoyo recibido por la Municipalidad durante esos diez a\u00f1os de trabajo cient\u00edfico, teniendo en cuenta que se trata de \u201cun municipio peque\u00f1o con recursos limitados\u201d. \u201cNo obstante, nunca nos ha privado de apoyo log\u00edstico\u201d, resalt\u00f3 el especialista.<\/p>\n<div id=\"embed70_wrap\" class=\"embed_cont type_freetext\">\n<div id=\"embed70_content\" class=\"embed_content\">\n<div id=\"embed70_embed\"><iframe src=\"https:\/\/www.youtube.com\/embed\/nNhBz3uyXYQ\" width=\"100%\" height=\"315\" frameborder=\"0\" allowfullscreen=\"allowfullscreen\" data-mce-fragment=\"1\"><\/iframe><\/div>\n<\/div>\n<\/div>\n<h3>&#8211;&gt; El animal m\u00e1s antiguo de todo el per\u00edodo cret\u00e1cico<\/h3>\n<p>Es el dinosaurio m\u00e1s antiguo del Cret\u00e1cico del Neuqu\u00e9n, hallado en Las Lajas en el 2016. El hallazgo representa una nueva especie de dinosaurio saur\u00f3podo (cuadr\u00fapedo y herb\u00edvoro) del Cret\u00e1cico inferior de la cuenca neuquina y uno de los dinosaurios m\u00e1s antiguos de Am\u00e9rica del Sur. Se trata de una nueva especie de saur\u00f3podo dicreosaurido, nombrada Pilmatueia faundezi.<\/p>\n<p>Su nombre Pilmatueia se refiere a la localidad de Pilmatue, donde se recolectaron los f\u00f3siles, mientras que faundezi es en reconocimiento a Ram\u00f3n Fa\u00fandez, encargado del Museo Municipal de Las Lajas y responsable del hallazgo de las primeras v\u00e9rtebras.<\/p>\n<p>Este nuevo dinosaurio presenta las caracter\u00edsticas generales de un saur\u00f3podo (gran tama\u00f1o, cuadr\u00fapedo y herb\u00edvoro), y med\u00eda aproximadamente 15 metros de largo.<\/p>\n<p>El anuncio de este descubrimiento se hizo el a\u00f1o pasado en conferencia de prensa realizada en la ciudad de Neuqu\u00e9n. Una r\u00e9plica en tama\u00f1o real del dinosaurio Pilmatueia faundezi lleg\u00f3 hace unos d\u00edas para quedarse en el flamante Museo Paleontol\u00f3gico de Las Lajas, que fue inaugurado durante la tarde de ayer, con la presencia de autoridades encabezadas por el intendente a cargo, Fabi\u00e1n Becerra, y de vecinos.<\/p>\n<p>La r\u00e9plica del dinosaurio y todos los restos f\u00f3siles que se exhibir\u00e1n en el museo prometen convertirse en uno de los mayores atractivos tur\u00edsticos de la localidad.<\/p>\n<div id=\"554157-Libre-1648470270_wrap\" class=\"embed_cont type_imagen\">\n<div id=\"554157-Libre-1648470270_content\" class=\"embed_content\"><img decoding=\"async\" id=\"554157-Libre-1648470270_embed\" src=\"https:\/\/media.lmneuquen.com\/adjuntos\/195\/imagenes\/003\/509\/0003509059.jpg?0000-00-00-00-00-00\" alt=\"\" longdesc=\"https:\/\/media.lmneuquen.com\/adjuntos\/195\/imagenes\/003\/509\/0003509059.jpg?0000-00-00-00-00-00\" \/><\/div>\n<\/div>\n<h3>&#8211;&gt; Queda mucho por descubrir<\/h3>\n<p>El intendente a cargo del municipio local, Fabi\u00e1n Becerra, visit\u00f3 el yacimiento Pilmatue y se integr\u00f3 al grupo de profesionales que llev\u00f3 adelante la campa\u00f1a paleontol\u00f3gica. All\u00ed les manifest\u00f3 su admiraci\u00f3n y agradecimiento por la gran tarea que llevan a cabo desde hace tantos a\u00f1os.<\/p>\n<p>\u201cLas Lajas a trav\u00e9s del trabajo de ustedes le abre la ventana al mundo de la paleontolog\u00eda y nos posiciona de la mejor manera, porque los hallazgos son \u00fanicos y eso nos enaltece como pueblo y a la riqueza de nuestro suelo y nos asegura el desarrollo de nuevas propuestas cient\u00edficas y en especial en materia de promoci\u00f3n tur\u00edstica\u201d, les dijo. Agreg\u00f3 que \u201ceste yacimiento de Pilmatue tiene una enorme riqueza todav\u00eda por descubrir, de manera que desde el estado municipal la apoyatura para estos trabajos cient\u00edficos seguir\u00e1 en pie y m\u00e1s vigente que nunca porque es algo que construye y contribuye al engrandecimiento de nuestra querida localidad\u201d, finaliz\u00f3 Becerra.<\/p>\n<\/div>\n<div class=\"poll-nota\">\n<p class=\"section-title\">Fuente: la Ma\u00f1ana Neuqu\u00e9n<\/p>\n<\/div>\n<\/article>\n","protected":false},"excerpt":{"rendered":"<p>Las Lajas.-Es a partir del descubrimiento del Pilmatueia faundezi. El dinosaurio herb\u00edvoro vivi\u00f3 en la zona hace unos 135 millones [&hellip;]<\/p>\n","protected":false},"author":2,"featured_media":59360,"comment_status":"open","ping_status":"open","sticky":false,"template":"","format":"standard","meta":{"site-sidebar-layout":"default","site-content-layout":"","ast-site-content-layout":"default","site-content-style":"default","site-sidebar-style":"default","ast-global-header-display":"","ast-banner-title-visibility":"","ast-main-header-display":"","ast-hfb-above-header-display":"","ast-hfb-below-header-display":"","ast-hfb-mobile-header-display":"","site-post-title":"","ast-breadcrumbs-content":"","ast-featured-img":"","footer-sml-layout":"","ast-disable-related-posts":"","theme-transparent-header-meta":"","adv-header-id-meta":"","stick-header-meta":"","header-above-stick-meta":"","header-main-stick-meta":"","header-below-stick-meta":"","astra-migrate-meta-layouts":"default","ast-page-background-enabled":"default","ast-page-background-meta":{"desktop":{"background-color":"var(--ast-global-color-5)","background-image":"","background-repeat":"repeat","background-position":"center center","background-size":"auto","background-attachment":"scroll","background-type":"","background-media":"","overlay-type":"","overlay-color":"","overlay-opacity":"","overlay-gradient":""},"tablet":{"background-color":"","background-image":"","background-repeat":"repeat","background-position":"center center","background-size":"auto","background-attachment":"scroll","background-type":"","background-media":"","overlay-type":"","overlay-color":"","overlay-opacity":"","overlay-gradient":""},"mobile":{"background-color":"","background-image":"","background-repeat":"repeat","background-position":"center center","background-size":"auto","background-attachment":"scroll","background-type":"","background-media":"","overlay-type":"","overlay-color":"","overlay-opacity":"","overlay-gradient":""}},"ast-content-background-meta":{"desktop":{"background-color":"var(--ast-global-color-4)","background-image":"","background-repeat":"repeat","background-position":"center center","background-size":"auto","background-attachment":"scroll","background-type":"","background-media":"","overlay-type":"","overlay-color":"","overlay-opacity":"","overlay-gradient":""},"tablet":{"background-color":"var(--ast-global-color-4)","background-image":"","background-repeat":"repeat","background-position":"center center","background-size":"auto","background-attachment":"scroll","background-type":"","background-media":"","overlay-type":"","overlay-color":"","overlay-opacity":"","overlay-gradient":""},"mobile":{"background-color":"var(--ast-global-color-4)","background-image":"","background-repeat":"repeat","background-position":"center center","background-size":"auto","background-attachment":"scroll","background-type":"","background-media":"","overlay-type":"","overlay-color":"","overlay-opacity":"","overlay-gradient":""}},"footnotes":""},"categories":[11,18,1,13,10],"tags":[],"class_list":["post-59359","post","type-post","status-publish","format-standard","has-post-thumbnail","hentry","category-boletin","category-neuquen","category-noticias","category-provinciales","category-rotador"],"yoast_head":"<!-- This site is optimized with the Yoast SEO Premium plugin v23.0 (Yoast SEO v27.5) - https:\/\/yoast.com\/product\/yoast-seo-premium-wordpress\/ -->\n<title>Las Lajas se perfila como un nuevo polo paleontol\u00f3gico<\/title>\n<meta name=\"robots\" content=\"index, follow, max-snippet:-1, max-image-preview:large, max-video-preview:-1\" \/>\n<link rel=\"canonical\" href=\"https:\/\/patagoniambiental.com.ar\/info\/las-lajas-se-perfila-como-un-nuevo-polo-paleontologico\/\" \/>\n<meta property=\"og:locale\" content=\"es_ES\" \/>\n<meta property=\"og:type\" content=\"article\" \/>\n<meta property=\"og:title\" content=\"Las Lajas se perfila como un nuevo polo paleontol\u00f3gico\" \/>\n<meta property=\"og:description\" content=\"Las Lajas.-Es a partir del descubrimiento del Pilmatueia faundezi. El dinosaurio herb\u00edvoro vivi\u00f3 en la zona hace unos 135 millones [&hellip;]\" \/>\n<meta property=\"og:url\" content=\"https:\/\/patagoniambiental.com.ar\/info\/las-lajas-se-perfila-como-un-nuevo-polo-paleontologico\/\" \/>\n<meta property=\"og:site_name\" content=\"Patagonia Ambiental\" \/>\n<meta property=\"article:publisher\" content=\"https:\/\/www.facebook.com\/patagonia.ambiental\" \/>\n<meta property=\"article:author\" content=\"https:\/\/www.facebook.com\/share\/1C1V8Gv9BX\/?mibextid=qi2Omg\" \/>\n<meta property=\"article:published_time\" content=\"2019-03-05T12:00:53+00:00\" \/>\n<meta property=\"article:modified_time\" content=\"2019-03-05T12:30:21+00:00\" \/>\n<meta property=\"og:image\" content=\"https:\/\/patagoniambiental.com.ar\/info\/wp-content\/uploads\/2019\/03\/0003509081.jpg\" \/>\n\t<meta property=\"og:image:width\" content=\"770\" \/>\n\t<meta property=\"og:image:height\" content=\"433\" \/>\n\t<meta property=\"og:image:type\" content=\"image\/jpeg\" \/>\n<meta name=\"author\" content=\"Patagonia Ambiental\" \/>\n<meta name=\"twitter:card\" content=\"summary_large_image\" \/>\n<meta name=\"twitter:creator\" content=\"@PatAmb\" \/>\n<meta name=\"twitter:site\" content=\"@PatAmb\" \/>\n<script type=\"application\/ld+json\" class=\"yoast-schema-graph\">{\"@context\":\"https:\\\/\\\/schema.org\",\"@graph\":[{\"@type\":\"Article\",\"@id\":\"https:\\\/\\\/patagoniambiental.com.ar\\\/info\\\/las-lajas-se-perfila-como-un-nuevo-polo-paleontologico\\\/#article\",\"isPartOf\":{\"@id\":\"https:\\\/\\\/patagoniambiental.com.ar\\\/info\\\/las-lajas-se-perfila-como-un-nuevo-polo-paleontologico\\\/\"},\"author\":{\"name\":\"Patagonia Ambiental\",\"@id\":\"https:\\\/\\\/patagoniambiental.com.ar\\\/info\\\/#\\\/schema\\\/person\\\/db12bff64bbcbf6a253710bf0ea37b5d\"},\"headline\":\"Las Lajas se perfila como un nuevo polo paleontol\u00f3gico\",\"datePublished\":\"2019-03-05T12:00:53+00:00\",\"dateModified\":\"2019-03-05T12:30:21+00:00\",\"mainEntityOfPage\":{\"@id\":\"https:\\\/\\\/patagoniambiental.com.ar\\\/info\\\/las-lajas-se-perfila-como-un-nuevo-polo-paleontologico\\\/\"},\"wordCount\":1250,\"commentCount\":0,\"publisher\":{\"@id\":\"https:\\\/\\\/patagoniambiental.com.ar\\\/info\\\/#organization\"},\"image\":{\"@id\":\"https:\\\/\\\/patagoniambiental.com.ar\\\/info\\\/las-lajas-se-perfila-como-un-nuevo-polo-paleontologico\\\/#primaryimage\"},\"thumbnailUrl\":\"https:\\\/\\\/patagoniambiental.com.ar\\\/info\\\/wp-content\\\/uploads\\\/2019\\\/03\\\/0003509081.jpg\",\"articleSection\":[\"Bolet\u00edn\",\"Neuqu\u00e9n\",\"Noticias\",\"Provinciales\",\"Rotador\"],\"inLanguage\":\"es\",\"potentialAction\":[{\"@type\":\"CommentAction\",\"name\":\"Comment\",\"target\":[\"https:\\\/\\\/patagoniambiental.com.ar\\\/info\\\/las-lajas-se-perfila-como-un-nuevo-polo-paleontologico\\\/#respond\"]}]},{\"@type\":\"WebPage\",\"@id\":\"https:\\\/\\\/patagoniambiental.com.ar\\\/info\\\/las-lajas-se-perfila-como-un-nuevo-polo-paleontologico\\\/\",\"url\":\"https:\\\/\\\/patagoniambiental.com.ar\\\/info\\\/las-lajas-se-perfila-como-un-nuevo-polo-paleontologico\\\/\",\"name\":\"Las Lajas se perfila como un nuevo polo paleontol\u00f3gico\",\"isPartOf\":{\"@id\":\"https:\\\/\\\/patagoniambiental.com.ar\\\/info\\\/#website\"},\"primaryImageOfPage\":{\"@id\":\"https:\\\/\\\/patagoniambiental.com.ar\\\/info\\\/las-lajas-se-perfila-como-un-nuevo-polo-paleontologico\\\/#primaryimage\"},\"image\":{\"@id\":\"https:\\\/\\\/patagoniambiental.com.ar\\\/info\\\/las-lajas-se-perfila-como-un-nuevo-polo-paleontologico\\\/#primaryimage\"},\"thumbnailUrl\":\"https:\\\/\\\/patagoniambiental.com.ar\\\/info\\\/wp-content\\\/uploads\\\/2019\\\/03\\\/0003509081.jpg\",\"datePublished\":\"2019-03-05T12:00:53+00:00\",\"dateModified\":\"2019-03-05T12:30:21+00:00\",\"breadcrumb\":{\"@id\":\"https:\\\/\\\/patagoniambiental.com.ar\\\/info\\\/las-lajas-se-perfila-como-un-nuevo-polo-paleontologico\\\/#breadcrumb\"},\"inLanguage\":\"es\",\"potentialAction\":[{\"@type\":\"ReadAction\",\"target\":[\"https:\\\/\\\/patagoniambiental.com.ar\\\/info\\\/las-lajas-se-perfila-como-un-nuevo-polo-paleontologico\\\/\"]}]},{\"@type\":\"ImageObject\",\"inLanguage\":\"es\",\"@id\":\"https:\\\/\\\/patagoniambiental.com.ar\\\/info\\\/las-lajas-se-perfila-como-un-nuevo-polo-paleontologico\\\/#primaryimage\",\"url\":\"https:\\\/\\\/patagoniambiental.com.ar\\\/info\\\/wp-content\\\/uploads\\\/2019\\\/03\\\/0003509081.jpg\",\"contentUrl\":\"https:\\\/\\\/patagoniambiental.com.ar\\\/info\\\/wp-content\\\/uploads\\\/2019\\\/03\\\/0003509081.jpg\",\"width\":770,\"height\":433},{\"@type\":\"BreadcrumbList\",\"@id\":\"https:\\\/\\\/patagoniambiental.com.ar\\\/info\\\/las-lajas-se-perfila-como-un-nuevo-polo-paleontologico\\\/#breadcrumb\",\"itemListElement\":[{\"@type\":\"ListItem\",\"position\":1,\"name\":\"Inicio\",\"item\":\"https:\\\/\\\/patagoniambiental.com.ar\\\/info\\\/\"},{\"@type\":\"ListItem\",\"position\":2,\"name\":\"Las Lajas se perfila como un nuevo polo paleontol\u00f3gico\"}]},{\"@type\":\"WebSite\",\"@id\":\"https:\\\/\\\/patagoniambiental.com.ar\\\/info\\\/#website\",\"url\":\"https:\\\/\\\/patagoniambiental.com.ar\\\/info\\\/\",\"name\":\"Patagonia Ambiental\",\"description\":\"Monitoreo y an\u00e1lisis de la situaci\u00f3n geopol\u00edtica en el mundo y su implicancia en la Patagonia\",\"publisher\":{\"@id\":\"https:\\\/\\\/patagoniambiental.com.ar\\\/info\\\/#organization\"},\"potentialAction\":[{\"@type\":\"SearchAction\",\"target\":{\"@type\":\"EntryPoint\",\"urlTemplate\":\"https:\\\/\\\/patagoniambiental.com.ar\\\/info\\\/?s={search_term_string}\"},\"query-input\":{\"@type\":\"PropertyValueSpecification\",\"valueRequired\":true,\"valueName\":\"search_term_string\"}}],\"inLanguage\":\"es\"},{\"@type\":\"Organization\",\"@id\":\"https:\\\/\\\/patagoniambiental.com.ar\\\/info\\\/#organization\",\"name\":\"Patagonia Ambiental\",\"url\":\"https:\\\/\\\/patagoniambiental.com.ar\\\/info\\\/\",\"logo\":{\"@type\":\"ImageObject\",\"inLanguage\":\"es\",\"@id\":\"https:\\\/\\\/patagoniambiental.com.ar\\\/info\\\/#\\\/schema\\\/logo\\\/image\\\/\",\"url\":\"https:\\\/\\\/patagoniambiental.com.ar\\\/info\\\/wp-content\\\/uploads\\\/2025\\\/05\\\/LOGO-PATAGONIA-AMBIENTAL.png\",\"contentUrl\":\"https:\\\/\\\/patagoniambiental.com.ar\\\/info\\\/wp-content\\\/uploads\\\/2025\\\/05\\\/LOGO-PATAGONIA-AMBIENTAL.png\",\"width\":433,\"height\":250,\"caption\":\"Patagonia Ambiental\"},\"image\":{\"@id\":\"https:\\\/\\\/patagoniambiental.com.ar\\\/info\\\/#\\\/schema\\\/logo\\\/image\\\/\"},\"sameAs\":[\"https:\\\/\\\/www.facebook.com\\\/patagonia.ambiental\",\"https:\\\/\\\/x.com\\\/PatAmb\"]},{\"@type\":\"Person\",\"@id\":\"https:\\\/\\\/patagoniambiental.com.ar\\\/info\\\/#\\\/schema\\\/person\\\/db12bff64bbcbf6a253710bf0ea37b5d\",\"name\":\"Patagonia Ambiental\",\"description\":\"Andr\u00e9s Nievas T\u00e9cnico en manejo ambiental, consultor Ambiental y escritor para medios locales e internacionales sobre temas de geopolitica y medio ambiente.\",\"sameAs\":[\"http:\\\/\\\/www.patagoniambiental.com.ar\",\"https:\\\/\\\/www.facebook.com\\\/share\\\/1C1V8Gv9BX\\\/?mibextid=qi2Omg\",\"@patagoniambiental\",\"https:\\\/\\\/youtube.com\\\/@patagoniaambiental2023?si=BLt58t0wuXquxlYZ\"]}]}<\/script>\n<!-- \/ Yoast SEO Premium plugin. -->","yoast_head_json":{"title":"Las Lajas se perfila como un nuevo polo paleontol\u00f3gico","robots":{"index":"index","follow":"follow","max-snippet":"max-snippet:-1","max-image-preview":"max-image-preview:large","max-video-preview":"max-video-preview:-1"},"canonical":"https:\/\/patagoniambiental.com.ar\/info\/las-lajas-se-perfila-como-un-nuevo-polo-paleontologico\/","og_locale":"es_ES","og_type":"article","og_title":"Las Lajas se perfila como un nuevo polo paleontol\u00f3gico","og_description":"Las Lajas.-Es a partir del descubrimiento del Pilmatueia faundezi. El dinosaurio herb\u00edvoro vivi\u00f3 en la zona hace unos 135 millones [&hellip;]","og_url":"https:\/\/patagoniambiental.com.ar\/info\/las-lajas-se-perfila-como-un-nuevo-polo-paleontologico\/","og_site_name":"Patagonia Ambiental","article_publisher":"https:\/\/www.facebook.com\/patagonia.ambiental","article_author":"https:\/\/www.facebook.com\/share\/1C1V8Gv9BX\/?mibextid=qi2Omg","article_published_time":"2019-03-05T12:00:53+00:00","article_modified_time":"2019-03-05T12:30:21+00:00","og_image":[{"width":770,"height":433,"url":"https:\/\/patagoniambiental.com.ar\/info\/wp-content\/uploads\/2019\/03\/0003509081.jpg","type":"image\/jpeg"}],"author":"Patagonia Ambiental","twitter_card":"summary_large_image","twitter_creator":"@PatAmb","twitter_site":"@PatAmb","schema":{"@context":"https:\/\/schema.org","@graph":[{"@type":"Article","@id":"https:\/\/patagoniambiental.com.ar\/info\/las-lajas-se-perfila-como-un-nuevo-polo-paleontologico\/#article","isPartOf":{"@id":"https:\/\/patagoniambiental.com.ar\/info\/las-lajas-se-perfila-como-un-nuevo-polo-paleontologico\/"},"author":{"name":"Patagonia Ambiental","@id":"https:\/\/patagoniambiental.com.ar\/info\/#\/schema\/person\/db12bff64bbcbf6a253710bf0ea37b5d"},"headline":"Las Lajas se perfila como un nuevo polo paleontol\u00f3gico","datePublished":"2019-03-05T12:00:53+00:00","dateModified":"2019-03-05T12:30:21+00:00","mainEntityOfPage":{"@id":"https:\/\/patagoniambiental.com.ar\/info\/las-lajas-se-perfila-como-un-nuevo-polo-paleontologico\/"},"wordCount":1250,"commentCount":0,"publisher":{"@id":"https:\/\/patagoniambiental.com.ar\/info\/#organization"},"image":{"@id":"https:\/\/patagoniambiental.com.ar\/info\/las-lajas-se-perfila-como-un-nuevo-polo-paleontologico\/#primaryimage"},"thumbnailUrl":"https:\/\/patagoniambiental.com.ar\/info\/wp-content\/uploads\/2019\/03\/0003509081.jpg","articleSection":["Bolet\u00edn","Neuqu\u00e9n","Noticias","Provinciales","Rotador"],"inLanguage":"es","potentialAction":[{"@type":"CommentAction","name":"Comment","target":["https:\/\/patagoniambiental.com.ar\/info\/las-lajas-se-perfila-como-un-nuevo-polo-paleontologico\/#respond"]}]},{"@type":"WebPage","@id":"https:\/\/patagoniambiental.com.ar\/info\/las-lajas-se-perfila-como-un-nuevo-polo-paleontologico\/","url":"https:\/\/patagoniambiental.com.ar\/info\/las-lajas-se-perfila-como-un-nuevo-polo-paleontologico\/","name":"Las Lajas se perfila como un nuevo polo paleontol\u00f3gico","isPartOf":{"@id":"https:\/\/patagoniambiental.com.ar\/info\/#website"},"primaryImageOfPage":{"@id":"https:\/\/patagoniambiental.com.ar\/info\/las-lajas-se-perfila-como-un-nuevo-polo-paleontologico\/#primaryimage"},"image":{"@id":"https:\/\/patagoniambiental.com.ar\/info\/las-lajas-se-perfila-como-un-nuevo-polo-paleontologico\/#primaryimage"},"thumbnailUrl":"https:\/\/patagoniambiental.com.ar\/info\/wp-content\/uploads\/2019\/03\/0003509081.jpg","datePublished":"2019-03-05T12:00:53+00:00","dateModified":"2019-03-05T12:30:21+00:00","breadcrumb":{"@id":"https:\/\/patagoniambiental.com.ar\/info\/las-lajas-se-perfila-como-un-nuevo-polo-paleontologico\/#breadcrumb"},"inLanguage":"es","potentialAction":[{"@type":"ReadAction","target":["https:\/\/patagoniambiental.com.ar\/info\/las-lajas-se-perfila-como-un-nuevo-polo-paleontologico\/"]}]},{"@type":"ImageObject","inLanguage":"es","@id":"https:\/\/patagoniambiental.com.ar\/info\/las-lajas-se-perfila-como-un-nuevo-polo-paleontologico\/#primaryimage","url":"https:\/\/patagoniambiental.com.ar\/info\/wp-content\/uploads\/2019\/03\/0003509081.jpg","contentUrl":"https:\/\/patagoniambiental.com.ar\/info\/wp-content\/uploads\/2019\/03\/0003509081.jpg","width":770,"height":433},{"@type":"BreadcrumbList","@id":"https:\/\/patagoniambiental.com.ar\/info\/las-lajas-se-perfila-como-un-nuevo-polo-paleontologico\/#breadcrumb","itemListElement":[{"@type":"ListItem","position":1,"name":"Inicio","item":"https:\/\/patagoniambiental.com.ar\/info\/"},{"@type":"ListItem","position":2,"name":"Las Lajas se perfila como un nuevo polo paleontol\u00f3gico"}]},{"@type":"WebSite","@id":"https:\/\/patagoniambiental.com.ar\/info\/#website","url":"https:\/\/patagoniambiental.com.ar\/info\/","name":"Patagonia Ambiental","description":"Monitoreo y an\u00e1lisis de la situaci\u00f3n geopol\u00edtica en el mundo y su implicancia en la Patagonia","publisher":{"@id":"https:\/\/patagoniambiental.com.ar\/info\/#organization"},"potentialAction":[{"@type":"SearchAction","target":{"@type":"EntryPoint","urlTemplate":"https:\/\/patagoniambiental.com.ar\/info\/?s={search_term_string}"},"query-input":{"@type":"PropertyValueSpecification","valueRequired":true,"valueName":"search_term_string"}}],"inLanguage":"es"},{"@type":"Organization","@id":"https:\/\/patagoniambiental.com.ar\/info\/#organization","name":"Patagonia Ambiental","url":"https:\/\/patagoniambiental.com.ar\/info\/","logo":{"@type":"ImageObject","inLanguage":"es","@id":"https:\/\/patagoniambiental.com.ar\/info\/#\/schema\/logo\/image\/","url":"https:\/\/patagoniambiental.com.ar\/info\/wp-content\/uploads\/2025\/05\/LOGO-PATAGONIA-AMBIENTAL.png","contentUrl":"https:\/\/patagoniambiental.com.ar\/info\/wp-content\/uploads\/2025\/05\/LOGO-PATAGONIA-AMBIENTAL.png","width":433,"height":250,"caption":"Patagonia Ambiental"},"image":{"@id":"https:\/\/patagoniambiental.com.ar\/info\/#\/schema\/logo\/image\/"},"sameAs":["https:\/\/www.facebook.com\/patagonia.ambiental","https:\/\/x.com\/PatAmb"]},{"@type":"Person","@id":"https:\/\/patagoniambiental.com.ar\/info\/#\/schema\/person\/db12bff64bbcbf6a253710bf0ea37b5d","name":"Patagonia Ambiental","description":"Andr\u00e9s Nievas T\u00e9cnico en manejo ambiental, consultor Ambiental y escritor para medios locales e internacionales sobre temas de geopolitica y medio ambiente.","sameAs":["http:\/\/www.patagoniambiental.com.ar","https:\/\/www.facebook.com\/share\/1C1V8Gv9BX\/?mibextid=qi2Omg","@patagoniambiental","https:\/\/youtube.com\/@patagoniaambiental2023?si=BLt58t0wuXquxlYZ"]}]}},"_links":{"self":[{"href":"https:\/\/patagoniambiental.com.ar\/info\/wp-json\/wp\/v2\/posts\/59359","targetHints":{"allow":["GET"]}}],"collection":[{"href":"https:\/\/patagoniambiental.com.ar\/info\/wp-json\/wp\/v2\/posts"}],"about":[{"href":"https:\/\/patagoniambiental.com.ar\/info\/wp-json\/wp\/v2\/types\/post"}],"author":[{"embeddable":true,"href":"https:\/\/patagoniambiental.com.ar\/info\/wp-json\/wp\/v2\/users\/2"}],"replies":[{"embeddable":true,"href":"https:\/\/patagoniambiental.com.ar\/info\/wp-json\/wp\/v2\/comments?post=59359"}],"version-history":[{"count":0,"href":"https:\/\/patagoniambiental.com.ar\/info\/wp-json\/wp\/v2\/posts\/59359\/revisions"}],"wp:featuredmedia":[{"embeddable":true,"href":"https:\/\/patagoniambiental.com.ar\/info\/wp-json\/wp\/v2\/media\/59360"}],"wp:attachment":[{"href":"https:\/\/patagoniambiental.com.ar\/info\/wp-json\/wp\/v2\/media?parent=59359"}],"wp:term":[{"taxonomy":"category","embeddable":true,"href":"https:\/\/patagoniambiental.com.ar\/info\/wp-json\/wp\/v2\/categories?post=59359"},{"taxonomy":"post_tag","embeddable":true,"href":"https:\/\/patagoniambiental.com.ar\/info\/wp-json\/wp\/v2\/tags?post=59359"}],"curies":[{"name":"wp","href":"https:\/\/api.w.org\/{rel}","templated":true}]}}