{"id":59362,"date":"2019-03-05T09:00:13","date_gmt":"2019-03-05T12:00:13","guid":{"rendered":"http:\/\/patagoniambiental.com.ar\/info\/?p=59362"},"modified":"2019-03-05T09:35:08","modified_gmt":"2019-03-05T12:35:08","slug":"el-peligro-de-circular-por-las-rutas-con-los-camiones-del-fracking","status":"publish","type":"post","link":"https:\/\/patagoniambiental.com.ar\/info\/el-peligro-de-circular-por-las-rutas-con-los-camiones-del-fracking\/","title":{"rendered":"El peligro de circular por las rutas con los \u201ccamiones del fr\u00e1cking\u201d"},"content":{"rendered":"<p>Catriel (C25N) Son decenas de camiones (batea) que circulan d\u00eda a d\u00eda por la ruta 151 en territorio Pampeano y Rionegrino. Llevan una carga de hasta 55 toneladas. Las arenas especiales se utilizan en la actividad petrolera en extracci\u00f3n no convencional (Fracking).<\/p>\n<p><!--more--><\/p>\n<p>&nbsp;<\/p>\n<div><img fetchpriority=\"high\" decoding=\"async\" class=\"x_webfeedsFeaturedVisual x_wp-post-image\" title=\"Catriel25Noticias.com camiones-arenas-especiales El peligro de circular por las rutas con los &quot;camiones del fr\u00e1cking&quot; Destacadas NACIONALES   \" src=\"https:\/\/catriel25noticias.com\/wp-content\/uploads\/2019\/03\/camiones-arenas-especiales.jpg\" alt=\"Catriel25Noticias.com camiones-arenas-especiales El peligro de circular por las rutas con los &quot;camiones del fr\u00e1cking&quot; Destacadas NACIONALES    \" width=\"719\" height=\"604\" data-imagetype=\"External\" \/><br \/>\nLuego del accidente protagonizado por uno de estos veh\u00edculos a pocos kil\u00f3metros de Catriel, este medio pudo saber que al menos doscientos camiones similares se desplazan cada d\u00eda por las rutas del pa\u00eds, desde Ibicuy (Entre R\u00edos) a A\u00f1elo (Nqn). Algo parecido, pero en menor escala, \u00a0ocurre desde el sur (Trelew \u2013 A\u00f1elo), en Chubut se produce el 20 por ciento de este tipo de arenas, el 80 % lo provee Entre R\u00edos.<\/p>\n<p><img decoding=\"async\" class=\"x_alignnone x_wp-image-85089 x_size-full\" title=\"Catriel25Noticias.com ruta-151-rota1 El peligro de circular por las rutas con los &quot;camiones del fr\u00e1cking&quot; Destacadas NACIONALES   \" src=\"https:\/\/catriel25noticias.com\/wp-content\/uploads\/2019\/03\/ruta-151-rota1.jpg\" alt=\"Catriel25Noticias.com ruta-151-rota1 El peligro de circular por las rutas con los &quot;camiones del fr\u00e1cking&quot; Destacadas NACIONALES    \" width=\"720\" height=\"960\" data-imagetype=\"External\" \/>Los choferes deben recorrer una distancia de 1.272 kms, lo que implica estar unas 15 horas al volante, pr\u00e1cticamente sin descanso y sin relevo, lo que hace que sea una actividad altamente riesgosa, no s\u00f3lo para los camioneros, sino para los automovilistas que se desplazan por las rutas donde transitan estos pesados veh\u00edculos. Generalmente se desplazan en convoy de 4 a 5 unidades, acompa\u00f1\u00e1ndose mutuamente.<\/p>\n<p><img decoding=\"async\" class=\"x_alignnone x_size-full x_wp-image-85091\" title=\"Catriel25Noticias.com ruta-151-puelen El peligro de circular por las rutas con los &quot;camiones del fr\u00e1cking&quot; Destacadas NACIONALES   \" src=\"https:\/\/catriel25noticias.com\/wp-content\/uploads\/2019\/03\/ruta-151-puelen.jpg\" alt=\"Catriel25Noticias.com ruta-151-puelen El peligro de circular por las rutas con los &quot;camiones del fr\u00e1cking&quot; Destacadas NACIONALES    \" width=\"700\" height=\"420\" data-imagetype=\"External\" \/><\/p>\n<p>La ruta 151 sufre las consecuencias del peso de estos veh\u00edculos, prueba de ello son las marcas y ondulaciones que se pueden ver en distintos sectores, principalmente en zona de subidas. Quienes m\u00e1s sufren\u00a0 el deterioro de la cinta asf\u00e1ltica son los veh\u00edculos m\u00e1s chicos, ya que ello produce inestabilidad y a veces con consecuencias severas.<\/p>\n<p>Algunos camiones, los m\u00e1s tradicionales transportan hasta 30 toneladas, aunque desde hace un tiempo ya se han modificado las bateas y la carga llega hasta 55 toneladas, esto redundar\u00e1 en mayor deterioro del pavimento por donde se movilicen estas \u201cmoles\u201d.<\/p>\n<p>Una de las soluciones a largo plazo, ser\u00eda el tren Bah\u00eda Blanca \u2013 A\u00f1elo (en proyecto avanzado). Las arenas especiales viajar\u00edan en este caso, desde Entre R\u00edos a Bah\u00eda Blanca y luego en tren hasta Neuqu\u00e9n.<\/p>\n<p><img loading=\"lazy\" decoding=\"async\" class=\"x_alignnone x_wp-image-85092 x_size-full\" title=\"Catriel25Noticias.com ruta-151-reclamos El peligro de circular por las rutas con los &quot;camiones del fr\u00e1cking&quot; Destacadas NACIONALES   \" src=\"https:\/\/catriel25noticias.com\/wp-content\/uploads\/2019\/03\/ruta-151-reclamos.jpg\" alt=\"Catriel25Noticias.com ruta-151-reclamos El peligro de circular por las rutas con los &quot;camiones del fr\u00e1cking&quot; Destacadas NACIONALES    \" width=\"476\" height=\"386\" data-imagetype=\"External\" \/><\/p>\n<p>Sobre la ruta 151, hubo m\u00faltiples reclamos, hasta ahora con muy pocas respuestas. S\u00f3lo presupuesto para su reparaci\u00f3n en los tramos m\u00e1s deteriorados. De continuar este tr\u00e1fico tan intenso, en muy poco tiempo la cinta asf\u00e1ltica colapsar\u00e1 indefectiblemente, los accidentes se multiplicar\u00e1n y la ruta seguir\u00e1 cobr\u00e1ndose vidas.<\/p>\n<p><img loading=\"lazy\" decoding=\"async\" class=\"x_alignnone x_size-full x_wp-image-85090\" title=\"Catriel25Noticias.com ruta-151-rota2 El peligro de circular por las rutas con los &quot;camiones del fr\u00e1cking&quot; Destacadas NACIONALES   \" src=\"https:\/\/catriel25noticias.com\/wp-content\/uploads\/2019\/03\/ruta-151-rota2.jpg\" alt=\"Catriel25Noticias.com ruta-151-rota2 El peligro de circular por las rutas con los &quot;camiones del fr\u00e1cking&quot; Destacadas NACIONALES    \" width=\"720\" height=\"960\" data-imagetype=\"External\" \/><\/p>\n<p><img loading=\"lazy\" decoding=\"async\" class=\"x_alignnone x_size-full x_wp-image-85088\" title=\"Catriel25Noticias.com ruta-151-rota El peligro de circular por las rutas con los &quot;camiones del fr\u00e1cking&quot; Destacadas NACIONALES   \" src=\"https:\/\/catriel25noticias.com\/wp-content\/uploads\/2019\/03\/ruta-151-rota.jpg\" alt=\"Catriel25Noticias.com ruta-151-rota El peligro de circular por las rutas con los &quot;camiones del fr\u00e1cking&quot; Destacadas NACIONALES    \" width=\"720\" height=\"960\" data-imagetype=\"External\" \/><\/p>\n<p>COMO SE UTILIZAN LAS ARENAS EN EL PETROLEO?<\/p>\n<p>La fractura hidr\u00e1ulica, tambi\u00e9n denominada fracking, es una t\u00e9cnica de extracci\u00f3n de hidrocarburos consistente en la realizaci\u00f3n de perforaciones para luego introducir a presi\u00f3n qu\u00edmicos, arena y millones de litros de agua. El compuesto agrieta las rocas subterr\u00e1neas y, cuando el l\u00edquido se escurre, la arena mantiene abiertas las grietas y los fluidos brotan a la superficie de manera continua.<\/p>\n<p>El \u00fanico tipo de arena apta para esta t\u00e9cnica es la que se extrae en Entre R\u00edos y Chubut. La fractura de cada pozo insume unas 500 toneladas y, si Vaca Muerta alcanza el desarrollo planificado, va a necesitar alrededor de 8 millones de toneladas por a\u00f1o. Con esos datos, la magnitud y el potencial de la extracci\u00f3n y comercializaci\u00f3n de la arena que abunda en la provincia de Entre R\u00edos, denominada \u201cel nuevo oro\u201d, es dif\u00edcil de dimensionar.<\/p>\n<p><img loading=\"lazy\" decoding=\"async\" class=\"x_alignnone x_wp-image-84939 x_size-full\" title=\"Catriel25Noticias.com IMG-20190224-WA0033 El peligro de circular por las rutas con los &quot;camiones del fr\u00e1cking&quot; Destacadas NACIONALES   \" src=\"https:\/\/catriel25noticias.com\/wp-content\/uploads\/2019\/02\/IMG-20190224-WA0033.jpg\" alt=\"Catriel25Noticias.com IMG-20190224-WA0033 El peligro de circular por las rutas con los &quot;camiones del fr\u00e1cking&quot; Destacadas NACIONALES    \" width=\"750\" height=\"407\" data-imagetype=\"External\" \/><\/p>\n<p>Fuente:\u00a0https:\/\/catriel25noticias.com\/el-peligro-de-circular-por-las-rutas-con-los-camiones-del-fracking\/?utm_source=feedburner&amp;utm_medium=email&amp;utm_campaign=Feed%3A+catriel25n+%28Catriel+25+Noticias.+Diario+de+Catriel%2C+Rio+Negro%29<\/p>\n<\/div>\n","protected":false},"excerpt":{"rendered":"<p>Catriel (C25N) Son decenas de camiones (batea) que circulan d\u00eda a d\u00eda por la ruta 151 en territorio Pampeano y [&hellip;]<\/p>\n","protected":false},"author":2,"featured_media":59363,"comment_status":"open","ping_status":"open","sticky":false,"template":"","format":"standard","meta":{"site-sidebar-layout":"default","site-content-layout":"","ast-site-content-layout":"default","site-content-style":"default","site-sidebar-style":"default","ast-global-header-display":"","ast-banner-title-visibility":"","ast-main-header-display":"","ast-hfb-above-header-display":"","ast-hfb-below-header-display":"","ast-hfb-mobile-header-display":"","site-post-title":"","ast-breadcrumbs-content":"","ast-featured-img":"","footer-sml-layout":"","ast-disable-related-posts":"","theme-transparent-header-meta":"","adv-header-id-meta":"","stick-header-meta":"","header-above-stick-meta":"","header-main-stick-meta":"","header-below-stick-meta":"","astra-migrate-meta-layouts":"default","ast-page-background-enabled":"default","ast-page-background-meta":{"desktop":{"background-color":"var(--ast-global-color-5)","background-image":"","background-repeat":"repeat","background-position":"center center","background-size":"auto","background-attachment":"scroll","background-type":"","background-media":"","overlay-type":"","overlay-color":"","overlay-opacity":"","overlay-gradient":""},"tablet":{"background-color":"","background-image":"","background-repeat":"repeat","background-position":"center center","background-size":"auto","background-attachment":"scroll","background-type":"","background-media":"","overlay-type":"","overlay-color":"","overlay-opacity":"","overlay-gradient":""},"mobile":{"background-color":"","background-image":"","background-repeat":"repeat","background-position":"center center","background-size":"auto","background-attachment":"scroll","background-type":"","background-media":"","overlay-type":"","overlay-color":"","overlay-opacity":"","overlay-gradient":""}},"ast-content-background-meta":{"desktop":{"background-color":"var(--ast-global-color-4)","background-image":"","background-repeat":"repeat","background-position":"center center","background-size":"auto","background-attachment":"scroll","background-type":"","background-media":"","overlay-type":"","overlay-color":"","overlay-opacity":"","overlay-gradient":""},"tablet":{"background-color":"var(--ast-global-color-4)","background-image":"","background-repeat":"repeat","background-position":"center center","background-size":"auto","background-attachment":"scroll","background-type":"","background-media":"","overlay-type":"","overlay-color":"","overlay-opacity":"","overlay-gradient":""},"mobile":{"background-color":"var(--ast-global-color-4)","background-image":"","background-repeat":"repeat","background-position":"center center","background-size":"auto","background-attachment":"scroll","background-type":"","background-media":"","overlay-type":"","overlay-color":"","overlay-opacity":"","overlay-gradient":""}},"footnotes":""},"categories":[1,13,14],"tags":[],"class_list":["post-59362","post","type-post","status-publish","format-standard","has-post-thumbnail","hentry","category-noticias","category-provinciales","category-rio-negro"],"yoast_head":"<!-- This site is optimized with the Yoast SEO Premium plugin v23.0 (Yoast SEO v27.4) - https:\/\/yoast.com\/product\/yoast-seo-premium-wordpress\/ -->\n<title>El peligro de circular por las rutas con los \u201ccamiones del fr\u00e1cking\u201d<\/title>\n<meta name=\"robots\" content=\"index, follow, max-snippet:-1, max-image-preview:large, max-video-preview:-1\" \/>\n<link rel=\"canonical\" href=\"https:\/\/patagoniambiental.com.ar\/info\/el-peligro-de-circular-por-las-rutas-con-los-camiones-del-fracking\/\" \/>\n<meta property=\"og:locale\" content=\"es_ES\" \/>\n<meta property=\"og:type\" content=\"article\" \/>\n<meta property=\"og:title\" content=\"El peligro de circular por las rutas con los \u201ccamiones del fr\u00e1cking\u201d\" \/>\n<meta property=\"og:description\" content=\"Catriel (C25N) Son decenas de camiones (batea) que circulan d\u00eda a d\u00eda por la ruta 151 en territorio Pampeano y [&hellip;]\" \/>\n<meta property=\"og:url\" content=\"https:\/\/patagoniambiental.com.ar\/info\/el-peligro-de-circular-por-las-rutas-con-los-camiones-del-fracking\/\" \/>\n<meta property=\"og:site_name\" content=\"Patagonia Ambiental\" \/>\n<meta property=\"article:publisher\" content=\"https:\/\/www.facebook.com\/patagonia.ambiental\" \/>\n<meta property=\"article:author\" content=\"https:\/\/www.facebook.com\/share\/1C1V8Gv9BX\/?mibextid=qi2Omg\" \/>\n<meta property=\"article:published_time\" content=\"2019-03-05T12:00:13+00:00\" \/>\n<meta property=\"article:modified_time\" content=\"2019-03-05T12:35:08+00:00\" \/>\n<meta property=\"og:image\" content=\"https:\/\/patagoniambiental.com.ar\/info\/wp-content\/uploads\/2019\/03\/camiones-arenas-especiales.jpg\" \/>\n\t<meta property=\"og:image:width\" content=\"719\" \/>\n\t<meta property=\"og:image:height\" content=\"604\" \/>\n\t<meta property=\"og:image:type\" content=\"image\/jpeg\" \/>\n<meta name=\"author\" content=\"Patagonia Ambiental\" \/>\n<meta name=\"twitter:card\" content=\"summary_large_image\" \/>\n<meta name=\"twitter:creator\" content=\"@PatAmb\" \/>\n<meta name=\"twitter:site\" content=\"@PatAmb\" \/>\n<script type=\"application\/ld+json\" class=\"yoast-schema-graph\">{\"@context\":\"https:\\\/\\\/schema.org\",\"@graph\":[{\"@type\":\"Article\",\"@id\":\"https:\\\/\\\/patagoniambiental.com.ar\\\/info\\\/el-peligro-de-circular-por-las-rutas-con-los-camiones-del-fracking\\\/#article\",\"isPartOf\":{\"@id\":\"https:\\\/\\\/patagoniambiental.com.ar\\\/info\\\/el-peligro-de-circular-por-las-rutas-con-los-camiones-del-fracking\\\/\"},\"author\":{\"name\":\"Patagonia Ambiental\",\"@id\":\"https:\\\/\\\/patagoniambiental.com.ar\\\/info\\\/#\\\/schema\\\/person\\\/db12bff64bbcbf6a253710bf0ea37b5d\"},\"headline\":\"El peligro de circular por las rutas con los \u201ccamiones del fr\u00e1cking\u201d\",\"datePublished\":\"2019-03-05T12:00:13+00:00\",\"dateModified\":\"2019-03-05T12:35:08+00:00\",\"mainEntityOfPage\":{\"@id\":\"https:\\\/\\\/patagoniambiental.com.ar\\\/info\\\/el-peligro-de-circular-por-las-rutas-con-los-camiones-del-fracking\\\/\"},\"wordCount\":585,\"commentCount\":0,\"publisher\":{\"@id\":\"https:\\\/\\\/patagoniambiental.com.ar\\\/info\\\/#organization\"},\"image\":{\"@id\":\"https:\\\/\\\/patagoniambiental.com.ar\\\/info\\\/el-peligro-de-circular-por-las-rutas-con-los-camiones-del-fracking\\\/#primaryimage\"},\"thumbnailUrl\":\"https:\\\/\\\/patagoniambiental.com.ar\\\/info\\\/wp-content\\\/uploads\\\/2019\\\/03\\\/camiones-arenas-especiales.jpg\",\"articleSection\":[\"Noticias\",\"Provinciales\",\"R\u00edo Negro\"],\"inLanguage\":\"es\",\"potentialAction\":[{\"@type\":\"CommentAction\",\"name\":\"Comment\",\"target\":[\"https:\\\/\\\/patagoniambiental.com.ar\\\/info\\\/el-peligro-de-circular-por-las-rutas-con-los-camiones-del-fracking\\\/#respond\"]}]},{\"@type\":\"WebPage\",\"@id\":\"https:\\\/\\\/patagoniambiental.com.ar\\\/info\\\/el-peligro-de-circular-por-las-rutas-con-los-camiones-del-fracking\\\/\",\"url\":\"https:\\\/\\\/patagoniambiental.com.ar\\\/info\\\/el-peligro-de-circular-por-las-rutas-con-los-camiones-del-fracking\\\/\",\"name\":\"El peligro de circular por las rutas con los \u201ccamiones del fr\u00e1cking\u201d\",\"isPartOf\":{\"@id\":\"https:\\\/\\\/patagoniambiental.com.ar\\\/info\\\/#website\"},\"primaryImageOfPage\":{\"@id\":\"https:\\\/\\\/patagoniambiental.com.ar\\\/info\\\/el-peligro-de-circular-por-las-rutas-con-los-camiones-del-fracking\\\/#primaryimage\"},\"image\":{\"@id\":\"https:\\\/\\\/patagoniambiental.com.ar\\\/info\\\/el-peligro-de-circular-por-las-rutas-con-los-camiones-del-fracking\\\/#primaryimage\"},\"thumbnailUrl\":\"https:\\\/\\\/patagoniambiental.com.ar\\\/info\\\/wp-content\\\/uploads\\\/2019\\\/03\\\/camiones-arenas-especiales.jpg\",\"datePublished\":\"2019-03-05T12:00:13+00:00\",\"dateModified\":\"2019-03-05T12:35:08+00:00\",\"breadcrumb\":{\"@id\":\"https:\\\/\\\/patagoniambiental.com.ar\\\/info\\\/el-peligro-de-circular-por-las-rutas-con-los-camiones-del-fracking\\\/#breadcrumb\"},\"inLanguage\":\"es\",\"potentialAction\":[{\"@type\":\"ReadAction\",\"target\":[\"https:\\\/\\\/patagoniambiental.com.ar\\\/info\\\/el-peligro-de-circular-por-las-rutas-con-los-camiones-del-fracking\\\/\"]}]},{\"@type\":\"ImageObject\",\"inLanguage\":\"es\",\"@id\":\"https:\\\/\\\/patagoniambiental.com.ar\\\/info\\\/el-peligro-de-circular-por-las-rutas-con-los-camiones-del-fracking\\\/#primaryimage\",\"url\":\"https:\\\/\\\/patagoniambiental.com.ar\\\/info\\\/wp-content\\\/uploads\\\/2019\\\/03\\\/camiones-arenas-especiales.jpg\",\"contentUrl\":\"https:\\\/\\\/patagoniambiental.com.ar\\\/info\\\/wp-content\\\/uploads\\\/2019\\\/03\\\/camiones-arenas-especiales.jpg\",\"width\":714,\"height\":600},{\"@type\":\"BreadcrumbList\",\"@id\":\"https:\\\/\\\/patagoniambiental.com.ar\\\/info\\\/el-peligro-de-circular-por-las-rutas-con-los-camiones-del-fracking\\\/#breadcrumb\",\"itemListElement\":[{\"@type\":\"ListItem\",\"position\":1,\"name\":\"Inicio\",\"item\":\"https:\\\/\\\/patagoniambiental.com.ar\\\/info\\\/\"},{\"@type\":\"ListItem\",\"position\":2,\"name\":\"El peligro de circular por las rutas con los \u201ccamiones del fr\u00e1cking\u201d\"}]},{\"@type\":\"WebSite\",\"@id\":\"https:\\\/\\\/patagoniambiental.com.ar\\\/info\\\/#website\",\"url\":\"https:\\\/\\\/patagoniambiental.com.ar\\\/info\\\/\",\"name\":\"Patagonia Ambiental\",\"description\":\"Monitoreo y an\u00e1lisis de la situaci\u00f3n geopol\u00edtica en el mundo y su implicancia en la Patagonia\",\"publisher\":{\"@id\":\"https:\\\/\\\/patagoniambiental.com.ar\\\/info\\\/#organization\"},\"potentialAction\":[{\"@type\":\"SearchAction\",\"target\":{\"@type\":\"EntryPoint\",\"urlTemplate\":\"https:\\\/\\\/patagoniambiental.com.ar\\\/info\\\/?s={search_term_string}\"},\"query-input\":{\"@type\":\"PropertyValueSpecification\",\"valueRequired\":true,\"valueName\":\"search_term_string\"}}],\"inLanguage\":\"es\"},{\"@type\":\"Organization\",\"@id\":\"https:\\\/\\\/patagoniambiental.com.ar\\\/info\\\/#organization\",\"name\":\"Patagonia Ambiental\",\"url\":\"https:\\\/\\\/patagoniambiental.com.ar\\\/info\\\/\",\"logo\":{\"@type\":\"ImageObject\",\"inLanguage\":\"es\",\"@id\":\"https:\\\/\\\/patagoniambiental.com.ar\\\/info\\\/#\\\/schema\\\/logo\\\/image\\\/\",\"url\":\"https:\\\/\\\/patagoniambiental.com.ar\\\/info\\\/wp-content\\\/uploads\\\/2025\\\/05\\\/LOGO-PATAGONIA-AMBIENTAL.png\",\"contentUrl\":\"https:\\\/\\\/patagoniambiental.com.ar\\\/info\\\/wp-content\\\/uploads\\\/2025\\\/05\\\/LOGO-PATAGONIA-AMBIENTAL.png\",\"width\":433,\"height\":250,\"caption\":\"Patagonia Ambiental\"},\"image\":{\"@id\":\"https:\\\/\\\/patagoniambiental.com.ar\\\/info\\\/#\\\/schema\\\/logo\\\/image\\\/\"},\"sameAs\":[\"https:\\\/\\\/www.facebook.com\\\/patagonia.ambiental\",\"https:\\\/\\\/x.com\\\/PatAmb\"]},{\"@type\":\"Person\",\"@id\":\"https:\\\/\\\/patagoniambiental.com.ar\\\/info\\\/#\\\/schema\\\/person\\\/db12bff64bbcbf6a253710bf0ea37b5d\",\"name\":\"Patagonia Ambiental\",\"description\":\"Andr\u00e9s Nievas T\u00e9cnico en manejo ambiental, consultor Ambiental y escritor para medios locales e internacionales sobre temas de geopolitica y medio ambiente.\",\"sameAs\":[\"http:\\\/\\\/www.patagoniambiental.com.ar\",\"https:\\\/\\\/www.facebook.com\\\/share\\\/1C1V8Gv9BX\\\/?mibextid=qi2Omg\",\"@patagoniambiental\",\"https:\\\/\\\/youtube.com\\\/@patagoniaambiental2023?si=BLt58t0wuXquxlYZ\"]}]}<\/script>\n<!-- \/ Yoast SEO Premium plugin. -->","yoast_head_json":{"title":"El peligro de circular por las rutas con los \u201ccamiones del fr\u00e1cking\u201d","robots":{"index":"index","follow":"follow","max-snippet":"max-snippet:-1","max-image-preview":"max-image-preview:large","max-video-preview":"max-video-preview:-1"},"canonical":"https:\/\/patagoniambiental.com.ar\/info\/el-peligro-de-circular-por-las-rutas-con-los-camiones-del-fracking\/","og_locale":"es_ES","og_type":"article","og_title":"El peligro de circular por las rutas con los \u201ccamiones del fr\u00e1cking\u201d","og_description":"Catriel (C25N) Son decenas de camiones (batea) que circulan d\u00eda a d\u00eda por la ruta 151 en territorio Pampeano y [&hellip;]","og_url":"https:\/\/patagoniambiental.com.ar\/info\/el-peligro-de-circular-por-las-rutas-con-los-camiones-del-fracking\/","og_site_name":"Patagonia Ambiental","article_publisher":"https:\/\/www.facebook.com\/patagonia.ambiental","article_author":"https:\/\/www.facebook.com\/share\/1C1V8Gv9BX\/?mibextid=qi2Omg","article_published_time":"2019-03-05T12:00:13+00:00","article_modified_time":"2019-03-05T12:35:08+00:00","og_image":[{"width":719,"height":604,"url":"https:\/\/patagoniambiental.com.ar\/info\/wp-content\/uploads\/2019\/03\/camiones-arenas-especiales.jpg","type":"image\/jpeg"}],"author":"Patagonia Ambiental","twitter_card":"summary_large_image","twitter_creator":"@PatAmb","twitter_site":"@PatAmb","schema":{"@context":"https:\/\/schema.org","@graph":[{"@type":"Article","@id":"https:\/\/patagoniambiental.com.ar\/info\/el-peligro-de-circular-por-las-rutas-con-los-camiones-del-fracking\/#article","isPartOf":{"@id":"https:\/\/patagoniambiental.com.ar\/info\/el-peligro-de-circular-por-las-rutas-con-los-camiones-del-fracking\/"},"author":{"name":"Patagonia Ambiental","@id":"https:\/\/patagoniambiental.com.ar\/info\/#\/schema\/person\/db12bff64bbcbf6a253710bf0ea37b5d"},"headline":"El peligro de circular por las rutas con los \u201ccamiones del fr\u00e1cking\u201d","datePublished":"2019-03-05T12:00:13+00:00","dateModified":"2019-03-05T12:35:08+00:00","mainEntityOfPage":{"@id":"https:\/\/patagoniambiental.com.ar\/info\/el-peligro-de-circular-por-las-rutas-con-los-camiones-del-fracking\/"},"wordCount":585,"commentCount":0,"publisher":{"@id":"https:\/\/patagoniambiental.com.ar\/info\/#organization"},"image":{"@id":"https:\/\/patagoniambiental.com.ar\/info\/el-peligro-de-circular-por-las-rutas-con-los-camiones-del-fracking\/#primaryimage"},"thumbnailUrl":"https:\/\/patagoniambiental.com.ar\/info\/wp-content\/uploads\/2019\/03\/camiones-arenas-especiales.jpg","articleSection":["Noticias","Provinciales","R\u00edo Negro"],"inLanguage":"es","potentialAction":[{"@type":"CommentAction","name":"Comment","target":["https:\/\/patagoniambiental.com.ar\/info\/el-peligro-de-circular-por-las-rutas-con-los-camiones-del-fracking\/#respond"]}]},{"@type":"WebPage","@id":"https:\/\/patagoniambiental.com.ar\/info\/el-peligro-de-circular-por-las-rutas-con-los-camiones-del-fracking\/","url":"https:\/\/patagoniambiental.com.ar\/info\/el-peligro-de-circular-por-las-rutas-con-los-camiones-del-fracking\/","name":"El peligro de circular por las rutas con los \u201ccamiones del fr\u00e1cking\u201d","isPartOf":{"@id":"https:\/\/patagoniambiental.com.ar\/info\/#website"},"primaryImageOfPage":{"@id":"https:\/\/patagoniambiental.com.ar\/info\/el-peligro-de-circular-por-las-rutas-con-los-camiones-del-fracking\/#primaryimage"},"image":{"@id":"https:\/\/patagoniambiental.com.ar\/info\/el-peligro-de-circular-por-las-rutas-con-los-camiones-del-fracking\/#primaryimage"},"thumbnailUrl":"https:\/\/patagoniambiental.com.ar\/info\/wp-content\/uploads\/2019\/03\/camiones-arenas-especiales.jpg","datePublished":"2019-03-05T12:00:13+00:00","dateModified":"2019-03-05T12:35:08+00:00","breadcrumb":{"@id":"https:\/\/patagoniambiental.com.ar\/info\/el-peligro-de-circular-por-las-rutas-con-los-camiones-del-fracking\/#breadcrumb"},"inLanguage":"es","potentialAction":[{"@type":"ReadAction","target":["https:\/\/patagoniambiental.com.ar\/info\/el-peligro-de-circular-por-las-rutas-con-los-camiones-del-fracking\/"]}]},{"@type":"ImageObject","inLanguage":"es","@id":"https:\/\/patagoniambiental.com.ar\/info\/el-peligro-de-circular-por-las-rutas-con-los-camiones-del-fracking\/#primaryimage","url":"https:\/\/patagoniambiental.com.ar\/info\/wp-content\/uploads\/2019\/03\/camiones-arenas-especiales.jpg","contentUrl":"https:\/\/patagoniambiental.com.ar\/info\/wp-content\/uploads\/2019\/03\/camiones-arenas-especiales.jpg","width":714,"height":600},{"@type":"BreadcrumbList","@id":"https:\/\/patagoniambiental.com.ar\/info\/el-peligro-de-circular-por-las-rutas-con-los-camiones-del-fracking\/#breadcrumb","itemListElement":[{"@type":"ListItem","position":1,"name":"Inicio","item":"https:\/\/patagoniambiental.com.ar\/info\/"},{"@type":"ListItem","position":2,"name":"El peligro de circular por las rutas con los \u201ccamiones del fr\u00e1cking\u201d"}]},{"@type":"WebSite","@id":"https:\/\/patagoniambiental.com.ar\/info\/#website","url":"https:\/\/patagoniambiental.com.ar\/info\/","name":"Patagonia Ambiental","description":"Monitoreo y an\u00e1lisis de la situaci\u00f3n geopol\u00edtica en el mundo y su implicancia en la Patagonia","publisher":{"@id":"https:\/\/patagoniambiental.com.ar\/info\/#organization"},"potentialAction":[{"@type":"SearchAction","target":{"@type":"EntryPoint","urlTemplate":"https:\/\/patagoniambiental.com.ar\/info\/?s={search_term_string}"},"query-input":{"@type":"PropertyValueSpecification","valueRequired":true,"valueName":"search_term_string"}}],"inLanguage":"es"},{"@type":"Organization","@id":"https:\/\/patagoniambiental.com.ar\/info\/#organization","name":"Patagonia Ambiental","url":"https:\/\/patagoniambiental.com.ar\/info\/","logo":{"@type":"ImageObject","inLanguage":"es","@id":"https:\/\/patagoniambiental.com.ar\/info\/#\/schema\/logo\/image\/","url":"https:\/\/patagoniambiental.com.ar\/info\/wp-content\/uploads\/2025\/05\/LOGO-PATAGONIA-AMBIENTAL.png","contentUrl":"https:\/\/patagoniambiental.com.ar\/info\/wp-content\/uploads\/2025\/05\/LOGO-PATAGONIA-AMBIENTAL.png","width":433,"height":250,"caption":"Patagonia Ambiental"},"image":{"@id":"https:\/\/patagoniambiental.com.ar\/info\/#\/schema\/logo\/image\/"},"sameAs":["https:\/\/www.facebook.com\/patagonia.ambiental","https:\/\/x.com\/PatAmb"]},{"@type":"Person","@id":"https:\/\/patagoniambiental.com.ar\/info\/#\/schema\/person\/db12bff64bbcbf6a253710bf0ea37b5d","name":"Patagonia Ambiental","description":"Andr\u00e9s Nievas T\u00e9cnico en manejo ambiental, consultor Ambiental y escritor para medios locales e internacionales sobre temas de geopolitica y medio ambiente.","sameAs":["http:\/\/www.patagoniambiental.com.ar","https:\/\/www.facebook.com\/share\/1C1V8Gv9BX\/?mibextid=qi2Omg","@patagoniambiental","https:\/\/youtube.com\/@patagoniaambiental2023?si=BLt58t0wuXquxlYZ"]}]}},"_links":{"self":[{"href":"https:\/\/patagoniambiental.com.ar\/info\/wp-json\/wp\/v2\/posts\/59362","targetHints":{"allow":["GET"]}}],"collection":[{"href":"https:\/\/patagoniambiental.com.ar\/info\/wp-json\/wp\/v2\/posts"}],"about":[{"href":"https:\/\/patagoniambiental.com.ar\/info\/wp-json\/wp\/v2\/types\/post"}],"author":[{"embeddable":true,"href":"https:\/\/patagoniambiental.com.ar\/info\/wp-json\/wp\/v2\/users\/2"}],"replies":[{"embeddable":true,"href":"https:\/\/patagoniambiental.com.ar\/info\/wp-json\/wp\/v2\/comments?post=59362"}],"version-history":[{"count":0,"href":"https:\/\/patagoniambiental.com.ar\/info\/wp-json\/wp\/v2\/posts\/59362\/revisions"}],"wp:featuredmedia":[{"embeddable":true,"href":"https:\/\/patagoniambiental.com.ar\/info\/wp-json\/wp\/v2\/media\/59363"}],"wp:attachment":[{"href":"https:\/\/patagoniambiental.com.ar\/info\/wp-json\/wp\/v2\/media?parent=59362"}],"wp:term":[{"taxonomy":"category","embeddable":true,"href":"https:\/\/patagoniambiental.com.ar\/info\/wp-json\/wp\/v2\/categories?post=59362"},{"taxonomy":"post_tag","embeddable":true,"href":"https:\/\/patagoniambiental.com.ar\/info\/wp-json\/wp\/v2\/tags?post=59362"}],"curies":[{"name":"wp","href":"https:\/\/api.w.org\/{rel}","templated":true}]}}